{"id":1046,"date":"2026-05-08T18:22:39","date_gmt":"2026-05-08T18:22:39","guid":{"rendered":"https:\/\/malatyareport.com.tr\/?p=1046"},"modified":"2026-05-09T05:50:21","modified_gmt":"2026-05-09T05:50:21","slug":"malatya-belediye-eliyle-bilincli-batiriliyor","status":"publish","type":"post","link":"https:\/\/malatyareport.com.tr\/index.php\/2026\/05\/08\/malatya-belediye-eliyle-bilincli-batiriliyor\/","title":{"rendered":"MALATYA BELED\u0130YE EL\u0130YLE B\u0130L\u0130N\u00c7L\u0130 BATIRILIYOR!"},"content":{"rendered":"\n<figure class=\"wp-block-image size-full\"><img data-recalc-dims=\"1\" loading=\"lazy\" decoding=\"async\" width=\"793\" height=\"891\" src=\"https:\/\/i0.wp.com\/malatyareport.com.tr\/wp-content\/uploads\/2026\/05\/BF6AEDBB-AB61-40FC-9B43-8788767D53AE.jpeg?resize=793%2C891&#038;ssl=1\" alt=\"\" class=\"wp-image-1047\" srcset=\"https:\/\/i0.wp.com\/malatyareport.com.tr\/wp-content\/uploads\/2026\/05\/BF6AEDBB-AB61-40FC-9B43-8788767D53AE.jpeg?w=793&amp;ssl=1 793w, https:\/\/i0.wp.com\/malatyareport.com.tr\/wp-content\/uploads\/2026\/05\/BF6AEDBB-AB61-40FC-9B43-8788767D53AE.jpeg?resize=267%2C300&amp;ssl=1 267w, https:\/\/i0.wp.com\/malatyareport.com.tr\/wp-content\/uploads\/2026\/05\/BF6AEDBB-AB61-40FC-9B43-8788767D53AE.jpeg?resize=768%2C863&amp;ssl=1 768w\" sizes=\"auto, (max-width: 793px) 100vw, 793px\" \/><\/figure>\n\n\n\n<p class=\"wp-block-paragraph\">En ba\u015f\u0131ndan beri&nbsp;<strong>Sami Er<\/strong>\u2019in belediyecili\u011fi bilmedi\u011fini, yapamad\u0131\u011f\u0131n\u0131 ve yapamayaca\u011f\u0131n\u0131 bu k\u00f6\u015feden defalarca yazd\u0131k \u00e7izdik.&nbsp;<\/p>\n\n\n\n<p class=\"wp-block-paragraph\">Tabi biz bunlar\u0131 dile getirirken kimi ki\u015file\u015ftiriyorsun dedi, kimisi marjinal ilan etti kimli\u011fimizi, kimisi de ne s\u00f6ylemeye \u00e7al\u0131\u015ft\u0131\u011f\u0131m\u0131za kulak kabartt\u0131, anlamaya \u00e7al\u0131\u015ft\u0131.&nbsp;<\/p>\n\n\n\n<p class=\"wp-block-paragraph\">Her \u015fey apa\u00e7\u0131k g\u00f6r\u00fcn\u00fcyor.. Bir t\u00fcrl\u00fc organize olamayan bir belediye anlay\u0131\u015f\u0131 var ortada. <strong>Esenlik<\/strong>\u2019in halini anlatamaya gerek var m\u0131? <strong>Mota\u015f<\/strong> i\u00e7ler ac\u0131s\u0131. <strong>Maski<\/strong>\u2019den zaten umudu kestik. Tarumar halde. Belediye bir t\u00fcrl\u00fc i\u015f yapacak ekip kuramad\u0131. Bak kurdum diye iddia etti\u011fi ekibini de y\u00f6netemedi\u011fini yine s\u00fcre\u00e7ler i\u00e7erisinde g\u00f6rd\u00fck, dile getirdik.&nbsp;<\/p>\n\n\n\n<p class=\"wp-block-paragraph\">Er ve ekibinin asla Malatya gibi bir derdi yok. Vallahi, billahi yok. \u00dcstelik sanki \u015fehri bat\u0131rmaya, bitirmeye, mezatlarda a\u00e7\u0131k art\u0131r\u0131mla satmaya yemin etmi\u015f\u00e7esine bir tav\u0131r tak\u0131nm\u0131\u015f gidiyorlar. Nas\u0131l olsa se\u00e7imden sonra \u00e7ekip gidece\u011fiz, \u0130stanbul bizi beklesin. Bavulumuz hemen kap\u0131 arkas\u0131nda haz\u0131r, zaten iktidara s\u0131rt\u0131m\u0131z\u0131 yaslad\u0131\u011f\u0131m\u0131zdan yarg\u0131lanmam\u0131zda m\u00fcmk\u00fcn de\u011fil. O y\u00fczden har vurup harman savuruyorlar.&nbsp;<\/p>\n\n\n\n<p class=\"wp-block-paragraph\">Yesinler i\u00e7sinler, yats\u0131nlar kalks\u0131nlar \u00c7evre ve \u015eehircilk Bakan\u0131 <strong>Murat Kurum<\/strong>\u2019a dua etsinler. O Toki\u2019ler yap\u0131ld\u0131 da yapt\u0131k ettik diye rakamlarla hava at\u0131p durumu kotar\u0131yorlar \u015fimdilik .&nbsp;<\/p>\n\n\n\n<p class=\"wp-block-paragraph\">Bir de Vali beye\u2026 H\u0131z\u0131r gibi yeti\u015fti dersek daha do\u011fru bir tabir olur. Bunlar\u0131n m\u00fcdahale edebilece\u011fi her yere rutu\u015flar yaparak belediyenin ayakta kalmas\u0131n\u0131 sa\u011flad\u0131 Vali bey.&nbsp;<\/p>\n\n\n\n<p class=\"wp-block-paragraph\">A\u015fa\u011f\u0131da verece\u011fim tabloyu l\u00fctfen \u00e7ok iyi okuyun. Ne yapt\u0131klar\u0131n\u0131 g\u00f6r\u00fcn. Hepsi belgelidir. Okuduktan sonra sadece insan olan vicdan ta\u015f\u0131yanlar kendine \u015fu soruyu sorabilir: \u201c<strong>Bu kadar\u0131 da \u00e7ok fazla de\u011fil mi?\u201d <\/strong>diye.\u00a0<\/p>\n\n\n\n<p class=\"wp-block-paragraph\">Biz <strong>Sami Er<\/strong>\u2019in d\u00fc\u015fman\u0131 falan de\u011filiz: \u015fu rakamlara bakarsan\u0131z ne demek istedi\u011fimizi anlayacaks\u0131n\u0131z. Malatya\u2019da resmen bir talan var. \u015eehri aralar\u0131na alm\u0131\u015f, istedikleri gibi yiyip  da\u011f\u0131t\u0131yorlar.&nbsp;<\/p>\n\n\n\n<p class=\"wp-block-paragraph\"><strong><em>1-Malatya B\u00fcy\u00fck\u015fehir Belediyesinin bankalara olan 6 milyar TL kredi borcu \u00f6denmedi\u011finden 8 milyar TL de faiz eklenerek 14 milyar TL\u2019ye ula\u015fm\u0131\u015f. Bor\u00e7 hep ertelenip duruyor. Selahattin G\u00fcrkan d\u00f6neminde B\u00fcy\u00fck\u015fehir Belediyesinin banka borcu 3.5 milyar iken, Sami Er bu borcu 14 milyar TL\u2019ye \u00e7\u0131kartt\u0131. Selahattin G\u00fcrkan d\u00f6neminde B\u00fcy\u00fck\u015fehir Belediyesinin genel toplam borcu 17 milyar 80 milyon 45 bin TL iken \u015fuanda toplam bor\u00e7 28 milyar 456 bin TL oldu.&nbsp;<\/em><\/strong><\/p>\n\n\n\n<p class=\"wp-block-paragraph\"><strong><em>2-2025 y\u0131l\u0131nda Malatya B\u00fcy\u00fck\u015fehir Destek Hizmetler Dairesi 687 milyon 803 bin 530,29 TL harcam\u0131\u015f. Kime hangi ihaleler verilmi\u015f a\u00e7\u0131klamakta bir sak\u0131nca var mi acaba? Asla. A\u00e7\u0131klarlar m\u0131 hi\u00e7?<\/em><\/strong><\/p>\n\n\n\n<p class=\"wp-block-paragraph\"><strong><em>3-2025 y\u0131l\u0131nda Malatya B\u00fcy\u00fck\u015fehir Belediyesi \u00d6zel Kalem M\u00fcd\u00fcrl\u00fc\u011f\u00fc&nbsp;&nbsp;1 milyon 604 bin 593,04 TL harcam\u0131\u015f. Ba\u015fkan Beyin yaveri sizce ne kadar harcam\u0131\u015ft\u0131r?<\/em><\/strong><\/p>\n\n\n\n<p class=\"wp-block-paragraph\"><strong>4-<em>2025 y\u0131l\u0131nda; Bas\u0131n Yay\u0131n Dairesi Ba\u015fkanl\u0131\u011f\u0131 31 milyon 112 bin 273,39 TL harcama yapm\u0131\u015f. Hangi gazetecilere ka\u00e7 lira para verilmi\u015f m\u00fcmk\u00fcnse bunu da a\u00e7\u0131klar m\u0131s\u0131n\u0131z Sami Efendi?<\/em><\/strong><\/p>\n\n\n\n<p class=\"wp-block-paragraph\"><strong><em>5-Malatya B\u00fcy\u00fck\u015fehir Belediyesi Zab\u0131ta Daire Ba\u015fkanl\u0131\u011f\u0131 3 milyon 240 bin 364,38 TL harcam\u0131\u015f. Bu paran\u0131n i\u00e7erisinde 172 bin TL \u00c7akar cezas\u0131 \u00f6demesi var m\u0131 yok mu? M\u00fcmk\u00fcnse\u2026<\/em><\/strong><\/p>\n\n\n\n<p class=\"wp-block-paragraph\"><strong><em>6-2025 y\u0131l\u0131nda; \u0130nsan Kaynaklar\u0131 Dairesi Ba\u015fkanl\u0131\u011f\u0131 3 milyar 233 milyon 203 bin 123,84 TL harcama yapm\u0131\u015f. Bu harcamalar\u0131n i\u00e7erisinde Erdal Akku\u015f\u2019un harcamalar\u0131 var m\u0131&nbsp;&nbsp;yok mu diye sorsak ay\u0131p etmi\u015f olur muyuz acaba?&nbsp;<\/em><\/strong><\/p>\n\n\n\n<p class=\"wp-block-paragraph\"><strong><em>7-Yol ve Altyap\u0131 Dairesi Ba\u015fkan\u0131 Ahmet Suat Soylu, 1 milyar 715 milyon 606 bin 973,12 TL\u2019lik yapt\u0131\u011f\u0131 harcamalar\u0131n faturas\u0131n\u0131 ve ihalelerin kimlere verildi\u011fini a\u00e7\u0131kla dersek marjinal olur muyu<\/em><\/strong>z?&nbsp;<\/p>\n\n\n\n<p class=\"wp-block-paragraph\"><strong><em>8- \u015eu me\u015fhur gizemli k\u00fct\u00fcphaneniz, s\u00f6zle\u015fmeye g\u00f6re 18 \u015eubat\u2019ta bitmi\u015f olacakt\u0131. \u0130\u015f art\u0131\u015f\u0131yla birlikte s\u00fcre uzat\u0131m\u0131 da verdiler ama yine de bitmesi laz\u0131m. Ayr\u0131ca ihale tarihinden \u00f6nce ba\u015flad\u0131. K\u00fct\u00fcphane 350 milyon TL\u2019yi ge\u00e7ti. Bu paralar kime gitti? O da muallakta tabiki. \u00d6nceki yaz\u0131lar\u0131m da belgesini dahi payla\u015ft\u0131m. <a href=\"https:\/\/malatyareport.com.tr\/index.php\/2026\/03\/03\/ihale-mi-ihale-et-mi-ihanetmi\/\">Konya B\u00fcy\u00fck\u015fehir s\u0131f\u0131rdan bir ka\u00e7 kat\u0131 b\u00fcy\u00fckl\u00fc\u011f\u00fcnde<\/a> k\u00fct\u00fcphaneyi 161 milyona yaparken bina i\u00e7inde alana nas\u0131l 350 milyar g\u00f6md\u00fcn\u00fcz? Hi\u00e7 mi vicdan\u0131n\u0131z s\u0131zlamad\u0131? Bu para nereye aktar\u0131ld\u0131 ger\u00e7ekten? Kime pe\u015fke\u015f \u00e7ekildi?&nbsp;<\/em><\/strong><\/p>\n\n\n\n<p class=\"wp-block-paragraph\"><strong><em>9-Fen \u0130\u015fleri Daire Ba\u015fkan\u0131 Fatih Do\u011fan, harcanan 803 milyon 602 bin 851,79 TL i\u00e7in tek tek kamuoyuna bilgi verebilirler mi? Sanmam.&nbsp;<\/em><\/strong><\/p>\n\n\n\n<p class=\"wp-block-paragraph\"><strong><em>10-Ula\u015f\u0131m Hizmetleri Daire Ba\u015fkan\u0131 Bekir G\u00f6khan Karata\u015f Efendi oda oda gezip dedikodu yapaca\u011f\u0131n\u0131za, harcad\u0131\u011f\u0131n\u0131z 920 milyon 891 bin 209,84 TL i\u00e7erisinde elinize y\u00fcz\u00fcne bula\u015ft\u0131rd\u0131\u011f\u0131n\u0131z ula\u015f\u0131m projelerinden tramvay projesi de var m\u0131?<\/em><\/strong><\/p>\n\n\n\n<p class=\"wp-block-paragraph\"><strong><em>11-Park Bah\u00e7eler Daire Ba\u015fkan\u0131 \u0130smail \u00d6zbey, \u00e7ok sevdi\u011fin amcano\u011flu Darende\u2019de sen burada ne i\u015f yap\u0131yorsunuz? 97 milyon 944 bin 773,38 TL harcama yapm\u0131\u015fs\u0131n. \u0130stanbul\u2019dan hangi firmadan hangi cins g\u00fcl hangi \u0131rk laleler ald\u0131n diye sormu\u015f olsak?<\/em><\/strong><\/p>\n\n\n\n<p class=\"wp-block-paragraph\"><strong><em>12-K\u00fclt\u00fcr\u00fcn k\u00fclt\u00fcrs\u00fcz daire ba\u015fkan\u0131 Konya\u2019daki Y\u0131ld\u0131r\u0131m\u2019\u0131n yaveri S\u00fcha Hotar, 17 milyon 13 bin TL k\u00fclt\u00fcr alan\u0131nda ne i\u015f yapt\u0131n, hadi a\u00e7\u0131kla g\u00f6relim?<\/em><\/strong><\/p>\n\n\n\n<p class=\"wp-block-paragraph\"><strong><em>13-Gen\u00e7lik Spor Daire Ba\u015fkan\u0131 z\u0131p z\u0131p makam sevdal\u0131s\u0131 M\u00fckremin Ya\u011fbasan, 19 milyon 303 bin 163,69 TL tutar\u0131ndaki harcama ile hangi i\u015f yapt\u0131n?<\/em><\/strong><\/p>\n\n\n\n<p class=\"wp-block-paragraph\"><strong><em>14-Sa\u011fl\u0131k \u0130\u015fleri Daire Ba\u015fkan\u0131 Hatice Bulut, neden \u015fube m\u00fcd\u00fcr\u00fcn seninle \u00e7al\u0131\u015fmak istemedi. 75 milyon 234 bin 941,06 TL harcamay\u0131 nerelere yapt\u0131n? Diyetisyen de\u011fil doktor \u00e7al\u0131\u015ft\u0131r sanane personelin kilosundan, ya\u011flar\u0131ndan, diyetinden?<\/em><\/strong><\/p>\n\n\n\n<p class=\"wp-block-paragraph\"><strong><em>15-Afet \u0130\u015flerinin afet i\u015finden anlamayan daire ba\u015fkan\u0131 kimyager Hamza, hayat\u0131nda hi\u00e7 ilk yard\u0131m m\u00fcdahalesi yapt\u0131n m\u0131, hi\u00e7 afet e\u011fitiminden ge\u00e7tin mi? Rezil olmadan 2014-2019 y\u0131llar\u0131 aras\u0131nda yapt\u0131\u011f\u0131n K\u00fclt\u00fcr Tesisleri \u015eube M\u00fcd\u00fcrl\u00fc\u011f\u00fc g\u00f6revine geri d\u00f6n bence. Yoksa 14 milyon 11 bin TL b\u00fct\u00e7eyi nereye harcayaca\u011f\u0131n\u0131 bilmedi\u011fini a\u00e7\u0131kla?<\/em><\/strong><\/p>\n\n\n\n<p class=\"wp-block-paragraph\">Rakamlar ortada. Daha \u00e7ok var. Yaz\u0131lar\u0131m\u0131n uzun oldu\u011fundan \u015fikayet eden dostlar\u0131m\u0131 daha fazla \u00fczmek ve yormak istemem. Maalesef Malatya bir talan alt\u0131nda! \u00d6yle de\u011fil mi? Bilin\u00e7li olarak \u015fehir bat\u0131r\u0131l\u0131yor. Neden b\u00f6yle yap\u0131ld\u0131\u011f\u0131n\u0131 bilemiyoruz. \u015eimdi var\u0131n cevab\u0131n\u0131 siz verin.&nbsp;<\/p>\n","protected":false},"excerpt":{"rendered":"<p>En ba\u015f\u0131ndan beri&nbsp;Sami Er\u2019in belediyecili\u011fi bilmedi\u011fini, yapamad\u0131\u011f\u0131n\u0131 ve yapamayaca\u011f\u0131n\u0131 bu k\u00f6\u015feden defalarca yazd\u0131k \u00e7izdik.&nbsp; Tabi biz bunlar\u0131 dile getirirken kimi ki\u015file\u015ftiriyorsun dedi, kimisi marjinal ilan&#8230;<\/p>\n<div class=\"more-link-wrapper\"><a class=\"more-link\" href=\"https:\/\/malatyareport.com.tr\/index.php\/2026\/05\/08\/malatya-belediye-eliyle-bilincli-batiriliyor\/\">Devam\u0131n\u0131 okuyun<span class=\"screen-reader-text\">MALATYA BELED\u0130YE EL\u0130YLE B\u0130L\u0130N\u00c7L\u0130 BATIRILIYOR!<\/span><\/a><\/div>\n","protected":false},"author":1,"featured_media":0,"comment_status":"open","ping_status":"open","sticky":false,"template":"","format":"standard","meta":{"_jetpack_memberships_contains_paid_content":false,"footnotes":""},"categories":[5],"tags":[],"class_list":["post-1046","post","type-post","status-publish","format-standard","hentry","category-kose-yazilari","entry"],"yoast_head":"<!-- This site is optimized with the Yoast SEO plugin v28.2 - https:\/\/yoast.com\/product\/yoast-seo-wordpress\/ -->\n<title>MALATYA BELED\u0130YE EL\u0130YLE B\u0130L\u0130N\u00c7L\u0130 BATIRILIYOR! - Malatya Report<\/title>\n<meta name=\"robots\" content=\"index, follow, max-snippet:-1, max-image-preview:large, max-video-preview:-1\" \/>\n<link rel=\"canonical\" href=\"https:\/\/malatyareport.com.tr\/index.php\/2026\/05\/08\/malatya-belediye-eliyle-bilincli-batiriliyor\/\" \/>\n<meta property=\"og:locale\" content=\"tr_TR\" \/>\n<meta property=\"og:type\" content=\"article\" \/>\n<meta property=\"og:title\" content=\"MALATYA BELED\u0130YE EL\u0130YLE B\u0130L\u0130N\u00c7L\u0130 BATIRILIYOR! - Malatya Report\" \/>\n<meta property=\"og:description\" content=\"En ba\u015f\u0131ndan beri&nbsp;Sami Er\u2019in belediyecili\u011fi bilmedi\u011fini, yapamad\u0131\u011f\u0131n\u0131 ve yapamayaca\u011f\u0131n\u0131 bu k\u00f6\u015feden defalarca yazd\u0131k \u00e7izdik.&nbsp; Tabi biz bunlar\u0131 dile getirirken kimi ki\u015file\u015ftiriyorsun dedi, kimisi marjinal ilan&#8230;\" \/>\n<meta property=\"og:url\" content=\"https:\/\/malatyareport.com.tr\/index.php\/2026\/05\/08\/malatya-belediye-eliyle-bilincli-batiriliyor\/\" \/>\n<meta property=\"og:site_name\" content=\"Malatya Report\" \/>\n<meta property=\"article:author\" content=\"https:\/\/www.facebook.com\/timurince\" \/>\n<meta property=\"article:published_time\" content=\"2026-05-08T18:22:39+00:00\" \/>\n<meta property=\"article:modified_time\" content=\"2026-05-09T05:50:21+00:00\" \/>\n<meta property=\"og:image\" content=\"https:\/\/malatyareport.com.tr\/wp-content\/uploads\/2026\/05\/BF6AEDBB-AB61-40FC-9B43-8788767D53AE.jpeg\" \/>\n<meta name=\"author\" content=\"Timur \u0130nce\" \/>\n<meta name=\"twitter:card\" content=\"summary_large_image\" \/>\n<meta name=\"twitter:creator\" content=\"@timurince11\" \/>\n<meta name=\"twitter:label1\" content=\"Yazan:\" \/>\n\t<meta name=\"twitter:data1\" content=\"Timur \u0130nce\" \/>\n\t<meta name=\"twitter:label2\" content=\"Tahmini okuma s\u00fcresi\" \/>\n\t<meta name=\"twitter:data2\" content=\"6 dakika\" \/>\n<script type=\"application\/ld+json\" class=\"yoast-schema-graph\">{\"@context\":\"https:\\\/\\\/schema.org\",\"@graph\":[{\"@type\":\"Article\",\"@id\":\"https:\\\/\\\/malatyareport.com.tr\\\/index.php\\\/2026\\\/05\\\/08\\\/malatya-belediye-eliyle-bilincli-batiriliyor\\\/#article\",\"isPartOf\":{\"@id\":\"https:\\\/\\\/malatyareport.com.tr\\\/index.php\\\/2026\\\/05\\\/08\\\/malatya-belediye-eliyle-bilincli-batiriliyor\\\/\"},\"author\":{\"name\":\"Timur \u0130nce\",\"@id\":\"https:\\\/\\\/malatyareport.com.tr\\\/#\\\/schema\\\/person\\\/93146d94af76b792b58ac78050cc6da7\"},\"headline\":\"MALATYA BELED\u0130YE EL\u0130YLE B\u0130L\u0130N\u00c7L\u0130 BATIRILIYOR!\",\"datePublished\":\"2026-05-08T18:22:39+00:00\",\"dateModified\":\"2026-05-09T05:50:21+00:00\",\"mainEntityOfPage\":{\"@id\":\"https:\\\/\\\/malatyareport.com.tr\\\/index.php\\\/2026\\\/05\\\/08\\\/malatya-belediye-eliyle-bilincli-batiriliyor\\\/\"},\"wordCount\":1092,\"commentCount\":6,\"image\":{\"@id\":\"https:\\\/\\\/malatyareport.com.tr\\\/index.php\\\/2026\\\/05\\\/08\\\/malatya-belediye-eliyle-bilincli-batiriliyor\\\/#primaryimage\"},\"thumbnailUrl\":\"https:\\\/\\\/malatyareport.com.tr\\\/wp-content\\\/uploads\\\/2026\\\/05\\\/BF6AEDBB-AB61-40FC-9B43-8788767D53AE.jpeg\",\"articleSection\":[\"K\u00f6\u015fe Yaz\u0131lar\u0131\"],\"inLanguage\":\"tr\",\"potentialAction\":[{\"@type\":\"CommentAction\",\"name\":\"Comment\",\"target\":[\"https:\\\/\\\/malatyareport.com.tr\\\/index.php\\\/2026\\\/05\\\/08\\\/malatya-belediye-eliyle-bilincli-batiriliyor\\\/#respond\"]}]},{\"@type\":\"WebPage\",\"@id\":\"https:\\\/\\\/malatyareport.com.tr\\\/index.php\\\/2026\\\/05\\\/08\\\/malatya-belediye-eliyle-bilincli-batiriliyor\\\/\",\"url\":\"https:\\\/\\\/malatyareport.com.tr\\\/index.php\\\/2026\\\/05\\\/08\\\/malatya-belediye-eliyle-bilincli-batiriliyor\\\/\",\"name\":\"MALATYA BELED\u0130YE EL\u0130YLE B\u0130L\u0130N\u00c7L\u0130 BATIRILIYOR! - Malatya Report\",\"isPartOf\":{\"@id\":\"https:\\\/\\\/malatyareport.com.tr\\\/#website\"},\"primaryImageOfPage\":{\"@id\":\"https:\\\/\\\/malatyareport.com.tr\\\/index.php\\\/2026\\\/05\\\/08\\\/malatya-belediye-eliyle-bilincli-batiriliyor\\\/#primaryimage\"},\"image\":{\"@id\":\"https:\\\/\\\/malatyareport.com.tr\\\/index.php\\\/2026\\\/05\\\/08\\\/malatya-belediye-eliyle-bilincli-batiriliyor\\\/#primaryimage\"},\"thumbnailUrl\":\"https:\\\/\\\/malatyareport.com.tr\\\/wp-content\\\/uploads\\\/2026\\\/05\\\/BF6AEDBB-AB61-40FC-9B43-8788767D53AE.jpeg\",\"datePublished\":\"2026-05-08T18:22:39+00:00\",\"dateModified\":\"2026-05-09T05:50:21+00:00\",\"author\":{\"@id\":\"https:\\\/\\\/malatyareport.com.tr\\\/#\\\/schema\\\/person\\\/93146d94af76b792b58ac78050cc6da7\"},\"breadcrumb\":{\"@id\":\"https:\\\/\\\/malatyareport.com.tr\\\/index.php\\\/2026\\\/05\\\/08\\\/malatya-belediye-eliyle-bilincli-batiriliyor\\\/#breadcrumb\"},\"inLanguage\":\"tr\",\"potentialAction\":[{\"@type\":\"ReadAction\",\"target\":[\"https:\\\/\\\/malatyareport.com.tr\\\/index.php\\\/2026\\\/05\\\/08\\\/malatya-belediye-eliyle-bilincli-batiriliyor\\\/\"]}]},{\"@type\":\"ImageObject\",\"inLanguage\":\"tr\",\"@id\":\"https:\\\/\\\/malatyareport.com.tr\\\/index.php\\\/2026\\\/05\\\/08\\\/malatya-belediye-eliyle-bilincli-batiriliyor\\\/#primaryimage\",\"url\":\"https:\\\/\\\/i0.wp.com\\\/malatyareport.com.tr\\\/wp-content\\\/uploads\\\/2026\\\/05\\\/BF6AEDBB-AB61-40FC-9B43-8788767D53AE.jpeg?fit=793%2C891&ssl=1\",\"contentUrl\":\"https:\\\/\\\/i0.wp.com\\\/malatyareport.com.tr\\\/wp-content\\\/uploads\\\/2026\\\/05\\\/BF6AEDBB-AB61-40FC-9B43-8788767D53AE.jpeg?fit=793%2C891&ssl=1\",\"width\":793,\"height\":891},{\"@type\":\"BreadcrumbList\",\"@id\":\"https:\\\/\\\/malatyareport.com.tr\\\/index.php\\\/2026\\\/05\\\/08\\\/malatya-belediye-eliyle-bilincli-batiriliyor\\\/#breadcrumb\",\"itemListElement\":[{\"@type\":\"ListItem\",\"position\":1,\"name\":\"Anasayfa\",\"item\":\"https:\\\/\\\/malatyareport.com.tr\\\/\"},{\"@type\":\"ListItem\",\"position\":2,\"name\":\"MALATYA BELED\u0130YE EL\u0130YLE B\u0130L\u0130N\u00c7L\u0130 BATIRILIYOR!\"}]},{\"@type\":\"WebSite\",\"@id\":\"https:\\\/\\\/malatyareport.com.tr\\\/#website\",\"url\":\"https:\\\/\\\/malatyareport.com.tr\\\/\",\"name\":\"Malatya Report\",\"description\":\"\",\"potentialAction\":[{\"@type\":\"SearchAction\",\"target\":{\"@type\":\"EntryPoint\",\"urlTemplate\":\"https:\\\/\\\/malatyareport.com.tr\\\/?s={search_term_string}\"},\"query-input\":{\"@type\":\"PropertyValueSpecification\",\"valueRequired\":true,\"valueName\":\"search_term_string\"}}],\"inLanguage\":\"tr\"},{\"@type\":\"Person\",\"@id\":\"https:\\\/\\\/malatyareport.com.tr\\\/#\\\/schema\\\/person\\\/93146d94af76b792b58ac78050cc6da7\",\"name\":\"Timur \u0130nce\",\"image\":{\"@type\":\"ImageObject\",\"inLanguage\":\"tr\",\"@id\":\"https:\\\/\\\/secure.gravatar.com\\\/avatar\\\/e5ce118bd86e5549ff544e7c5b614da198ecaa7f8e9398b55d27ae1f117511d8?s=96&d=mm&r=g\",\"url\":\"https:\\\/\\\/secure.gravatar.com\\\/avatar\\\/e5ce118bd86e5549ff544e7c5b614da198ecaa7f8e9398b55d27ae1f117511d8?s=96&d=mm&r=g\",\"contentUrl\":\"https:\\\/\\\/secure.gravatar.com\\\/avatar\\\/e5ce118bd86e5549ff544e7c5b614da198ecaa7f8e9398b55d27ae1f117511d8?s=96&d=mm&r=g\",\"caption\":\"Timur \u0130nce\"},\"description\":\"Zaman\u0131n ruhunda bir damla m\u00fcrekkep olmay\u0131 isterdim. Bir damla m\u00fcrekkep bir ulusun kaderini yazmaya yeterlidir.\",\"sameAs\":[\"https:\\\/\\\/malatyareport.com.tr\",\"https:\\\/\\\/www.facebook.com\\\/timurince\",\"@timur_ince_t5_\",\"https:\\\/\\\/x.com\\\/@timurince11\"],\"url\":\"https:\\\/\\\/malatyareport.com.tr\\\/index.php\\\/author\\\/admin_6i9yniox\\\/\"}]}<\/script>\n<!-- \/ Yoast SEO plugin. -->","yoast_head_json":{"title":"MALATYA BELED\u0130YE EL\u0130YLE B\u0130L\u0130N\u00c7L\u0130 BATIRILIYOR! - Malatya Report","robots":{"index":"index","follow":"follow","max-snippet":"max-snippet:-1","max-image-preview":"max-image-preview:large","max-video-preview":"max-video-preview:-1"},"canonical":"https:\/\/malatyareport.com.tr\/index.php\/2026\/05\/08\/malatya-belediye-eliyle-bilincli-batiriliyor\/","og_locale":"tr_TR","og_type":"article","og_title":"MALATYA BELED\u0130YE EL\u0130YLE B\u0130L\u0130N\u00c7L\u0130 BATIRILIYOR! - Malatya Report","og_description":"En ba\u015f\u0131ndan beri&nbsp;Sami Er\u2019in belediyecili\u011fi bilmedi\u011fini, yapamad\u0131\u011f\u0131n\u0131 ve yapamayaca\u011f\u0131n\u0131 bu k\u00f6\u015feden defalarca yazd\u0131k \u00e7izdik.&nbsp; Tabi biz bunlar\u0131 dile getirirken kimi ki\u015file\u015ftiriyorsun dedi, kimisi marjinal ilan&#8230;","og_url":"https:\/\/malatyareport.com.tr\/index.php\/2026\/05\/08\/malatya-belediye-eliyle-bilincli-batiriliyor\/","og_site_name":"Malatya Report","article_author":"https:\/\/www.facebook.com\/timurince","article_published_time":"2026-05-08T18:22:39+00:00","article_modified_time":"2026-05-09T05:50:21+00:00","og_image":[{"url":"https:\/\/malatyareport.com.tr\/wp-content\/uploads\/2026\/05\/BF6AEDBB-AB61-40FC-9B43-8788767D53AE.jpeg","type":"","width":"","height":""}],"author":"Timur \u0130nce","twitter_card":"summary_large_image","twitter_creator":"@timurince11","twitter_misc":{"Yazan:":"Timur \u0130nce","Tahmini okuma s\u00fcresi":"6 dakika"},"schema":{"@context":"https:\/\/schema.org","@graph":[{"@type":"Article","@id":"https:\/\/malatyareport.com.tr\/index.php\/2026\/05\/08\/malatya-belediye-eliyle-bilincli-batiriliyor\/#article","isPartOf":{"@id":"https:\/\/malatyareport.com.tr\/index.php\/2026\/05\/08\/malatya-belediye-eliyle-bilincli-batiriliyor\/"},"author":{"name":"Timur \u0130nce","@id":"https:\/\/malatyareport.com.tr\/#\/schema\/person\/93146d94af76b792b58ac78050cc6da7"},"headline":"MALATYA BELED\u0130YE EL\u0130YLE B\u0130L\u0130N\u00c7L\u0130 BATIRILIYOR!","datePublished":"2026-05-08T18:22:39+00:00","dateModified":"2026-05-09T05:50:21+00:00","mainEntityOfPage":{"@id":"https:\/\/malatyareport.com.tr\/index.php\/2026\/05\/08\/malatya-belediye-eliyle-bilincli-batiriliyor\/"},"wordCount":1092,"commentCount":6,"image":{"@id":"https:\/\/malatyareport.com.tr\/index.php\/2026\/05\/08\/malatya-belediye-eliyle-bilincli-batiriliyor\/#primaryimage"},"thumbnailUrl":"https:\/\/malatyareport.com.tr\/wp-content\/uploads\/2026\/05\/BF6AEDBB-AB61-40FC-9B43-8788767D53AE.jpeg","articleSection":["K\u00f6\u015fe Yaz\u0131lar\u0131"],"inLanguage":"tr","potentialAction":[{"@type":"CommentAction","name":"Comment","target":["https:\/\/malatyareport.com.tr\/index.php\/2026\/05\/08\/malatya-belediye-eliyle-bilincli-batiriliyor\/#respond"]}]},{"@type":"WebPage","@id":"https:\/\/malatyareport.com.tr\/index.php\/2026\/05\/08\/malatya-belediye-eliyle-bilincli-batiriliyor\/","url":"https:\/\/malatyareport.com.tr\/index.php\/2026\/05\/08\/malatya-belediye-eliyle-bilincli-batiriliyor\/","name":"MALATYA BELED\u0130YE EL\u0130YLE B\u0130L\u0130N\u00c7L\u0130 BATIRILIYOR! - Malatya Report","isPartOf":{"@id":"https:\/\/malatyareport.com.tr\/#website"},"primaryImageOfPage":{"@id":"https:\/\/malatyareport.com.tr\/index.php\/2026\/05\/08\/malatya-belediye-eliyle-bilincli-batiriliyor\/#primaryimage"},"image":{"@id":"https:\/\/malatyareport.com.tr\/index.php\/2026\/05\/08\/malatya-belediye-eliyle-bilincli-batiriliyor\/#primaryimage"},"thumbnailUrl":"https:\/\/malatyareport.com.tr\/wp-content\/uploads\/2026\/05\/BF6AEDBB-AB61-40FC-9B43-8788767D53AE.jpeg","datePublished":"2026-05-08T18:22:39+00:00","dateModified":"2026-05-09T05:50:21+00:00","author":{"@id":"https:\/\/malatyareport.com.tr\/#\/schema\/person\/93146d94af76b792b58ac78050cc6da7"},"breadcrumb":{"@id":"https:\/\/malatyareport.com.tr\/index.php\/2026\/05\/08\/malatya-belediye-eliyle-bilincli-batiriliyor\/#breadcrumb"},"inLanguage":"tr","potentialAction":[{"@type":"ReadAction","target":["https:\/\/malatyareport.com.tr\/index.php\/2026\/05\/08\/malatya-belediye-eliyle-bilincli-batiriliyor\/"]}]},{"@type":"ImageObject","inLanguage":"tr","@id":"https:\/\/malatyareport.com.tr\/index.php\/2026\/05\/08\/malatya-belediye-eliyle-bilincli-batiriliyor\/#primaryimage","url":"https:\/\/i0.wp.com\/malatyareport.com.tr\/wp-content\/uploads\/2026\/05\/BF6AEDBB-AB61-40FC-9B43-8788767D53AE.jpeg?fit=793%2C891&ssl=1","contentUrl":"https:\/\/i0.wp.com\/malatyareport.com.tr\/wp-content\/uploads\/2026\/05\/BF6AEDBB-AB61-40FC-9B43-8788767D53AE.jpeg?fit=793%2C891&ssl=1","width":793,"height":891},{"@type":"BreadcrumbList","@id":"https:\/\/malatyareport.com.tr\/index.php\/2026\/05\/08\/malatya-belediye-eliyle-bilincli-batiriliyor\/#breadcrumb","itemListElement":[{"@type":"ListItem","position":1,"name":"Anasayfa","item":"https:\/\/malatyareport.com.tr\/"},{"@type":"ListItem","position":2,"name":"MALATYA BELED\u0130YE EL\u0130YLE B\u0130L\u0130N\u00c7L\u0130 BATIRILIYOR!"}]},{"@type":"WebSite","@id":"https:\/\/malatyareport.com.tr\/#website","url":"https:\/\/malatyareport.com.tr\/","name":"Malatya Report","description":"","potentialAction":[{"@type":"SearchAction","target":{"@type":"EntryPoint","urlTemplate":"https:\/\/malatyareport.com.tr\/?s={search_term_string}"},"query-input":{"@type":"PropertyValueSpecification","valueRequired":true,"valueName":"search_term_string"}}],"inLanguage":"tr"},{"@type":"Person","@id":"https:\/\/malatyareport.com.tr\/#\/schema\/person\/93146d94af76b792b58ac78050cc6da7","name":"Timur \u0130nce","image":{"@type":"ImageObject","inLanguage":"tr","@id":"https:\/\/secure.gravatar.com\/avatar\/e5ce118bd86e5549ff544e7c5b614da198ecaa7f8e9398b55d27ae1f117511d8?s=96&d=mm&r=g","url":"https:\/\/secure.gravatar.com\/avatar\/e5ce118bd86e5549ff544e7c5b614da198ecaa7f8e9398b55d27ae1f117511d8?s=96&d=mm&r=g","contentUrl":"https:\/\/secure.gravatar.com\/avatar\/e5ce118bd86e5549ff544e7c5b614da198ecaa7f8e9398b55d27ae1f117511d8?s=96&d=mm&r=g","caption":"Timur \u0130nce"},"description":"Zaman\u0131n ruhunda bir damla m\u00fcrekkep olmay\u0131 isterdim. Bir damla m\u00fcrekkep bir ulusun kaderini yazmaya yeterlidir.","sameAs":["https:\/\/malatyareport.com.tr","https:\/\/www.facebook.com\/timurince","@timur_ince_t5_","https:\/\/x.com\/@timurince11"],"url":"https:\/\/malatyareport.com.tr\/index.php\/author\/admin_6i9yniox\/"}]}},"jetpack_featured_media_url":"","jetpack_sharing_enabled":true,"_links":{"self":[{"href":"https:\/\/malatyareport.com.tr\/index.php\/wp-json\/wp\/v2\/posts\/1046","targetHints":{"allow":["GET"]}}],"collection":[{"href":"https:\/\/malatyareport.com.tr\/index.php\/wp-json\/wp\/v2\/posts"}],"about":[{"href":"https:\/\/malatyareport.com.tr\/index.php\/wp-json\/wp\/v2\/types\/post"}],"author":[{"embeddable":true,"href":"https:\/\/malatyareport.com.tr\/index.php\/wp-json\/wp\/v2\/users\/1"}],"replies":[{"embeddable":true,"href":"https:\/\/malatyareport.com.tr\/index.php\/wp-json\/wp\/v2\/comments?post=1046"}],"version-history":[{"count":6,"href":"https:\/\/malatyareport.com.tr\/index.php\/wp-json\/wp\/v2\/posts\/1046\/revisions"}],"predecessor-version":[{"id":1056,"href":"https:\/\/malatyareport.com.tr\/index.php\/wp-json\/wp\/v2\/posts\/1046\/revisions\/1056"}],"wp:attachment":[{"href":"https:\/\/malatyareport.com.tr\/index.php\/wp-json\/wp\/v2\/media?parent=1046"}],"wp:term":[{"taxonomy":"category","embeddable":true,"href":"https:\/\/malatyareport.com.tr\/index.php\/wp-json\/wp\/v2\/categories?post=1046"},{"taxonomy":"post_tag","embeddable":true,"href":"https:\/\/malatyareport.com.tr\/index.php\/wp-json\/wp\/v2\/tags?post=1046"}],"curies":[{"name":"wp","href":"https:\/\/api.w.org\/{rel}","templated":true}]}}