{"id":1059,"date":"2026-05-14T17:39:19","date_gmt":"2026-05-14T17:39:19","guid":{"rendered":"https:\/\/malatyareport.com.tr\/?p=1059"},"modified":"2026-05-15T03:31:08","modified_gmt":"2026-05-15T03:31:08","slug":"ilk-fire","status":"publish","type":"post","link":"https:\/\/malatyareport.com.tr\/index.php\/2026\/05\/14\/ilk-fire\/","title":{"rendered":"\u0130LK F\u0130RE\u2026"},"content":{"rendered":"\n<figure class=\"wp-block-image size-full\"><img data-recalc-dims=\"1\" loading=\"lazy\" decoding=\"async\" width=\"791\" height=\"889\" src=\"https:\/\/i0.wp.com\/malatyareport.com.tr\/wp-content\/uploads\/2026\/05\/69A70ED5-41C2-410A-ABCC-9F3D7CA2CEB9.jpeg?resize=791%2C889&#038;ssl=1\" alt=\"\" class=\"wp-image-1060\" srcset=\"https:\/\/i0.wp.com\/malatyareport.com.tr\/wp-content\/uploads\/2026\/05\/69A70ED5-41C2-410A-ABCC-9F3D7CA2CEB9.jpeg?w=791&amp;ssl=1 791w, https:\/\/i0.wp.com\/malatyareport.com.tr\/wp-content\/uploads\/2026\/05\/69A70ED5-41C2-410A-ABCC-9F3D7CA2CEB9.jpeg?resize=267%2C300&amp;ssl=1 267w, https:\/\/i0.wp.com\/malatyareport.com.tr\/wp-content\/uploads\/2026\/05\/69A70ED5-41C2-410A-ABCC-9F3D7CA2CEB9.jpeg?resize=768%2C863&amp;ssl=1 768w\" sizes=\"auto, (max-width: 791px) 100vw, 791px\" \/><\/figure>\n\n\n\n<p class=\"wp-block-paragraph\">Ge\u00e7en 1 May\u0131s tarihinde bir yaz\u0131 kaleme alm\u0131\u015ft\u0131k. \u201c<a href=\"https:\/\/malatyareport.com.tr\/index.php\/2026\/05\/01\/tavugun-cucugunu-guzun-sayarlar-2\/\"><strong>Tavu\u011fun c\u00fcc\u00fc\u011f\u00fcn\u00fc g\u00fcz\u00fcn sayarlar<\/strong><\/a>\u201d ba\u015fl\u0131kl\u0131 bir yaz\u0131yd\u0131. Hesaplar, planlar, beklentilere bakmay\u0131n, i\u015fin sonunda g\u00f6receksiniz demi\u015ftik. Tabiki siz yine de g\u00fcz\u00fc bekleyin. Kim kalm\u0131\u015f kim gitmi\u015f as\u0131l o g\u00fcn ortaya \u00e7\u0131kar.&nbsp;&nbsp;<\/p>\n\n\n\n<p class=\"wp-block-paragraph\">Daha \u00e7ok Malatya siyasetinde siyasi bir hareketlili\u011fin var olaca\u011f\u0131n\u0131, baz\u0131 de\u011fi\u015fimlerin meydana gelece\u011fine y\u00f6nelik genel ge\u00e7er olmayan konular\u0131 kaps\u0131yordu.&nbsp;<\/p>\n\n\n\n<p class=\"wp-block-paragraph\">Yaz\u0131 i\u00e7eri\u011finde ismi ge\u00e7enlerden ilk file <strong>MHP<\/strong>\u2019den geldi. Malatya il ba\u015fkan\u0131 <strong>G\u00f6khan G\u00f6k<\/strong> MHP Te\u015fkilat \u0130\u015flerinden Sorumlu Genel Ba\u015fkan Yard\u0131mc\u0131s\u0131 <strong>Semih Yal\u00e7\u0131n<\/strong>\u2019\u0131n atm\u0131\u015f oldu\u011fu <strong>X<\/strong> payla\u015f\u0131m\u0131nda g\u00f6revine son verildi\u011fini a\u00e7\u0131klad\u0131.&nbsp;<\/p>\n\n\n\n<p class=\"wp-block-paragraph\">G\u00f6k\u2019\u00fcn g\u00f6revine son verilmesi hakk\u0131nda farkl\u0131 spek\u00fclasyonlar kamuoyunda s\u00f6z edilse de, s\u00fcrecin il\u00e7e de\u011fi\u015fimlerine uzanaca\u011f\u0131n\u0131, fakat 2 ay sonunda yeni bir kongreye gidilece\u011fi hakk\u0131nda baz\u0131 net bilgiler de mevcut elbet.&nbsp;<\/p>\n\n\n\n<p class=\"wp-block-paragraph\">Yaz\u0131 sath\u0131nda de\u011fi\u015fim r\u00fczgar\u0131n\u0131n bayramdan sonra bir tarihe i\u015faret g\u00f6stermi\u015ftik.&nbsp;<\/p>\n\n\n\n<p class=\"wp-block-paragraph\"><strong>Ak parti, MHP ve Anahtar parti\u2026<\/strong><\/p>\n\n\n\n<p class=\"wp-block-paragraph\">Bu \u00fc\u00e7 partiye dikkat \u00e7ekmek istiyorum:<\/p>\n\n\n\n<p class=\"wp-block-paragraph\">Malatya\u2019da kritik diyebilece\u011fimiz de\u011fi\u015fim r\u00fczgar\u0131n\u0131n esmek \u00fczere oldu\u011fu bir d\u00f6ng\u00fcde yer ald\u0131\u011f\u0131m\u0131z\u0131 hat\u0131rlatmak isterim.&nbsp;<\/p>\n\n\n\n<p class=\"wp-block-paragraph\">\u00d6zellikle Malatya Ak Parti\u2019de bir hantalla\u015fma oldu\u011fu a\u00e7\u0131k\u00e7a bilinen ba\u015fl\u0131klar aras\u0131nda. \u015eehirdeki siyaset noksanl\u0131\u011f\u0131 genel merkez taraf\u0131ndan not edilmi\u015f durumda. Parti i\u00e7i kavgalar\u0131n, \u00e7at\u0131\u015fmalar\u0131n, \u00e7eki\u015fmelerin art\u0131k ayuka \u00e7\u0131kt\u0131\u011f\u0131n\u0131 hatta <strong>Ankara<\/strong> koridorlar\u0131na kadar uzand\u0131\u011f\u0131 yine g\u00f6zden ka\u00e7mayan ayr\u0131nt\u0131lar aras\u0131ndad\u0131r. Bas\u0131na da yans\u0131yan \u00f6n Say\u0131\u015ftay raporlar\u0131 Malatya\u2019da i\u015flerin iyi gitmedi\u011finin kanaatini artt\u0131rd\u0131. <strong>Me\u015fale<\/strong>\u2019nin <strong>M\u0130T<\/strong> raporlar\u0131na girdi\u011fini, vatanda\u015f\u0131n duydu\u011fu rahats\u0131zl\u0131kla birlikte yukar\u0131ya a\u00e7\u0131k\u00e7a bildirilerek; genel merkez taraf\u0131ndan dikkat \u00e7ekildi\u011fi&nbsp;&nbsp;halihaz\u0131r bilgiler aras\u0131ndad\u0131r.&nbsp;<\/p>\n\n\n\n<p class=\"wp-block-paragraph\">Olas\u0131 bir -bask\u0131n- ve -erken- se\u00e7imlerde Ak Parti kalelerinden say\u0131lan Malatya\u2019da i\u015fleri ray\u0131na koymak istiyor. Mevcut isimler tek tek yeniden dizayn edilecek. Milletvekilleri yeni \u00fcltimatomlar y\u00fcklenecek. Kad\u0131n kollar\u0131 g\u00f6zlem alt\u0131nda.  \u0130l ba\u015fkanl\u0131\u011f\u0131 makam\u0131 ile belediye ba\u015fkanl\u0131\u011f\u0131 aras\u0131nda ya\u015fanan koordinasyon hatalar\u0131n\u0131 d\u00fczenlemek ve i\u00e7 \u00e7at\u0131\u015fmalar\u0131 sona erdirilmesi talebi a\u011f\u0131r basmaktad\u0131r. O y\u00fczden il ba\u015fkan\u0131 ile belediye ba\u015fkan\u0131 aras\u0131nda bir se\u00e7enek masaya yat\u0131r\u0131lma olas\u0131l\u0131\u011f\u0131 \u00e7ok y\u00fcksek. Bakal\u0131m ilk fire hangi makamdan gelecektir?&nbsp;<\/p>\n\n\n\n<p class=\"wp-block-paragraph\">Ayr\u0131ca baz\u0131 kaynaklar\u0131m B\u00fcy\u00fck\u015fehir Belediye ba\u015fkan\u0131 Sami Er\u2019in performans\u0131n\u0131n risk oran\u0131n bir hayli alt\u0131nda d\u00fc\u015f\u00fckl\u00fc\u011f\u00fcn\u00fc tolere edecek imkanlar\u0131m kalmad\u0131\u011f\u0131 parti y\u00f6netimi taraf\u0131ndan alt\u0131n\u0131n kal\u0131nca \u00e7izildi\u011fini iletmektedirler.&nbsp;<\/p>\n\n\n\n<p class=\"wp-block-paragraph\"><strong>Anahtar Parti\u2019ye gelirsek:<\/strong><\/p>\n\n\n\n<p class=\"wp-block-paragraph\">\u0130l ba\u015fkan\u0131 <strong>Erdo\u011fan Zelyurt\u2019<\/strong>un il ba\u015fkanl\u0131\u011f\u0131 g\u00f6revi uzun s\u00fcreden beri tart\u0131\u015f\u0131l\u0131r hale gelmi\u015fti. Bas\u0131na yans\u0131yan sansansiy\u0131nel haberler Parti genel ba\u015fkan\u0131 <strong>Yavuz A\u011f\u0131ralio\u011flu<\/strong>\u2019nu rahats\u0131z etti\u011fi ve Malatya\u2019da meydana gelen hatalar silsilesi nedeniyle yeni bir y\u00f6netim talebi do\u011furdu\u011funu g\u00fcndemine ald\u0131klar\u0131 bilinmekte.&nbsp;<\/p>\n\n\n\n<p class=\"wp-block-paragraph\">Dolay\u0131s\u0131yla Anahtar Parti yetkilileri <strong>Elif<\/strong> (\u2026) isminde bir ki\u015fiyi ara\u015ft\u0131rd\u0131klar\u0131 bilgisi elimize ge\u00e7ti. Muhtemelen yeni il ba\u015fkan\u0131 i\u00e7in isim aray\u0131\u015f\u0131nda olduklar\u0131n\u0131 s\u00f6ylememiz m\u00fcmk\u00fcn. Zelyurt isminin her an il ba\u015fkanl\u0131\u011f\u0131ndan \u00e7ekilecek olmas\u0131 parti taraf\u0131ndan de\u011ferlendirilme a\u015famas\u0131nda.&nbsp;<\/p>\n\n\n\n<p class=\"wp-block-paragraph\"><strong>Ve MHP\u2026<\/strong><\/p>\n\n\n\n<p class=\"wp-block-paragraph\">Malatya\u2019da <strong>Fendo\u011flu<\/strong> etkisi kendini g\u00f6stermeye devam ediyor. G\u00f6revden al\u0131nan G\u00f6k\u2019\u00fcn Fendo\u011flu insiyatifiyle ger\u00e7ekle\u015fti\u011fi y\u00fcksek sesle konu\u015fulmakta art\u0131k. \u0130ddia \u015fudur ki <strong>G\u00f6k<\/strong> Ak Partili <strong>Sami Er <\/strong>g\u00fcd\u00fcm\u00fcnde hareket etti\u011fi yada gere\u011finden fazla siyasi i\u00e7li d\u0131\u015fl\u0131l\u0131k gitmesi gerekti\u011finin \u00f6n\u00fcn\u00fc a\u00e7t\u0131 veya h\u0131zland\u0131rd\u0131. Yerine atanan <strong>Turgay \u015eeng\u00f6n\u00fcl<\/strong> ocak k\u00fclt\u00fcr\u00fcnden gelen bir isim. MHP kodlar\u0131na olduk\u00e7a sahip tam bir demir yumruk.\u00a0\u00a0Ald\u0131\u011f\u0131m\u0131z bilgiler do\u011frultusunda baz\u0131 il\u00e7e ba\u015fkanlar\u0131n\u0131n da de\u011fi\u015fece\u011fi g\u00fcndemdeki yerini koruyor. Anla\u015f\u0131lan \u015fu ki MHP se\u00e7ime yenilenmi\u015f kadrolar\u0131yla, daha da g\u00fc\u00e7lenmi\u015f ve haz\u0131rl\u0131k yapm\u0131\u015f \u015fekilde girmek istiyor. Onun i\u00e7in taze kan aray\u0131\u015f\u0131 artaca\u011f\u0131 \u00f6n\u00fcm\u00fczdeki g\u00fcnlerde daha da netle\u015fecektir.\u00a0<\/p>\n\n\n\n<p class=\"wp-block-paragraph\">\u015eehriniz Malatya\u2019da \u015fu s\u0131ralar a\u00e7\u0131k\u00e7as\u0131 siyaset fokurduyor. Her ne kadar dipten gelen fay k\u0131r\u0131lmalar\u0131 soka\u011fa yans\u0131m\u0131\u015f say\u0131lmasa da kapal\u0131 kap\u0131lar arkas\u0131nda i\u00e7 hesapla\u015fmalar, pazarl\u0131klar, farkl\u0131 isimler ola\u011fan \u015fekilde konu\u015fuluyor, tart\u0131\u015f\u0131l\u0131yor. CHP\u2019de de i\u015fler istenildi\u011fi gibi gitmiyor. Onun i\u00e7in ba\u015fka bir yaz\u0131m\u0131z\u0131 CHP\u2019ye ay\u0131raca\u011f\u0131z. Yeniden Refah\u2019tan s\u00f6z etmeye hi\u00e7 gerek yok. Kendini Malatya\u2019da tamamen fesih etmi\u015f veya ask\u0131ya alm\u0131\u015f diyebiliriz. \u015eu \u015fartlarda hi\u00e7 bir \u00e7al\u0131\u015fmalar\u0131 yer almamaktad\u0131r. \u00d6n\u00fcm\u00fczde ki g\u00fcnler, bayramdan sonra baz\u0131 isimlere bayram olabilir. Baz\u0131lar\u0131na da yas diyelim.&nbsp;<\/p>\n\n\n\n<p class=\"wp-block-paragraph\"><\/p>\n","protected":false},"excerpt":{"rendered":"<p>Ge\u00e7en 1 May\u0131s tarihinde bir yaz\u0131 kaleme alm\u0131\u015ft\u0131k. \u201cTavu\u011fun c\u00fcc\u00fc\u011f\u00fcn\u00fc g\u00fcz\u00fcn sayarlar\u201d ba\u015fl\u0131kl\u0131 bir yaz\u0131yd\u0131. Hesaplar, planlar, beklentilere bakmay\u0131n, i\u015fin sonunda g\u00f6receksiniz demi\u015ftik. Tabiki siz&#8230;<\/p>\n<div class=\"more-link-wrapper\"><a class=\"more-link\" href=\"https:\/\/malatyareport.com.tr\/index.php\/2026\/05\/14\/ilk-fire\/\">Devam\u0131n\u0131 okuyun<span class=\"screen-reader-text\">\u0130LK F\u0130RE\u2026<\/span><\/a><\/div>\n","protected":false},"author":1,"featured_media":0,"comment_status":"open","ping_status":"open","sticky":false,"template":"","format":"standard","meta":{"_jetpack_memberships_contains_paid_content":false,"footnotes":""},"categories":[5],"tags":[],"class_list":["post-1059","post","type-post","status-publish","format-standard","hentry","category-kose-yazilari","entry"],"yoast_head":"<!-- This site is optimized with the Yoast SEO plugin v28.2 - https:\/\/yoast.com\/product\/yoast-seo-wordpress\/ -->\n<title>\u0130LK F\u0130RE\u2026 - Malatya Report<\/title>\n<meta name=\"robots\" content=\"index, follow, max-snippet:-1, max-image-preview:large, max-video-preview:-1\" \/>\n<link rel=\"canonical\" href=\"https:\/\/malatyareport.com.tr\/index.php\/2026\/05\/14\/ilk-fire\/\" \/>\n<meta property=\"og:locale\" content=\"tr_TR\" \/>\n<meta property=\"og:type\" content=\"article\" \/>\n<meta property=\"og:title\" content=\"\u0130LK F\u0130RE\u2026 - Malatya Report\" \/>\n<meta property=\"og:description\" content=\"Ge\u00e7en 1 May\u0131s tarihinde bir yaz\u0131 kaleme alm\u0131\u015ft\u0131k. \u201cTavu\u011fun c\u00fcc\u00fc\u011f\u00fcn\u00fc g\u00fcz\u00fcn sayarlar\u201d ba\u015fl\u0131kl\u0131 bir yaz\u0131yd\u0131. Hesaplar, planlar, beklentilere bakmay\u0131n, i\u015fin sonunda g\u00f6receksiniz demi\u015ftik. Tabiki siz&#8230;\" \/>\n<meta property=\"og:url\" content=\"https:\/\/malatyareport.com.tr\/index.php\/2026\/05\/14\/ilk-fire\/\" \/>\n<meta property=\"og:site_name\" content=\"Malatya Report\" \/>\n<meta property=\"article:author\" content=\"https:\/\/www.facebook.com\/timurince\" \/>\n<meta property=\"article:published_time\" content=\"2026-05-14T17:39:19+00:00\" \/>\n<meta property=\"article:modified_time\" content=\"2026-05-15T03:31:08+00:00\" \/>\n<meta property=\"og:image\" content=\"https:\/\/malatyareport.com.tr\/wp-content\/uploads\/2026\/05\/69A70ED5-41C2-410A-ABCC-9F3D7CA2CEB9.jpeg\" \/>\n<meta name=\"author\" content=\"Timur \u0130nce\" \/>\n<meta name=\"twitter:card\" content=\"summary_large_image\" \/>\n<meta name=\"twitter:creator\" content=\"@timurince11\" \/>\n<meta name=\"twitter:label1\" content=\"Yazan:\" \/>\n\t<meta name=\"twitter:data1\" content=\"Timur \u0130nce\" \/>\n\t<meta name=\"twitter:label2\" content=\"Tahmini okuma s\u00fcresi\" \/>\n\t<meta name=\"twitter:data2\" content=\"4 dakika\" \/>\n<script type=\"application\/ld+json\" class=\"yoast-schema-graph\">{\"@context\":\"https:\\\/\\\/schema.org\",\"@graph\":[{\"@type\":\"Article\",\"@id\":\"https:\\\/\\\/malatyareport.com.tr\\\/index.php\\\/2026\\\/05\\\/14\\\/ilk-fire\\\/#article\",\"isPartOf\":{\"@id\":\"https:\\\/\\\/malatyareport.com.tr\\\/index.php\\\/2026\\\/05\\\/14\\\/ilk-fire\\\/\"},\"author\":{\"name\":\"Timur \u0130nce\",\"@id\":\"https:\\\/\\\/malatyareport.com.tr\\\/#\\\/schema\\\/person\\\/93146d94af76b792b58ac78050cc6da7\"},\"headline\":\"\u0130LK F\u0130RE\u2026\",\"datePublished\":\"2026-05-14T17:39:19+00:00\",\"dateModified\":\"2026-05-15T03:31:08+00:00\",\"mainEntityOfPage\":{\"@id\":\"https:\\\/\\\/malatyareport.com.tr\\\/index.php\\\/2026\\\/05\\\/14\\\/ilk-fire\\\/\"},\"wordCount\":903,\"commentCount\":2,\"image\":{\"@id\":\"https:\\\/\\\/malatyareport.com.tr\\\/index.php\\\/2026\\\/05\\\/14\\\/ilk-fire\\\/#primaryimage\"},\"thumbnailUrl\":\"https:\\\/\\\/malatyareport.com.tr\\\/wp-content\\\/uploads\\\/2026\\\/05\\\/69A70ED5-41C2-410A-ABCC-9F3D7CA2CEB9.jpeg\",\"articleSection\":[\"K\u00f6\u015fe Yaz\u0131lar\u0131\"],\"inLanguage\":\"tr\",\"potentialAction\":[{\"@type\":\"CommentAction\",\"name\":\"Comment\",\"target\":[\"https:\\\/\\\/malatyareport.com.tr\\\/index.php\\\/2026\\\/05\\\/14\\\/ilk-fire\\\/#respond\"]}]},{\"@type\":\"WebPage\",\"@id\":\"https:\\\/\\\/malatyareport.com.tr\\\/index.php\\\/2026\\\/05\\\/14\\\/ilk-fire\\\/\",\"url\":\"https:\\\/\\\/malatyareport.com.tr\\\/index.php\\\/2026\\\/05\\\/14\\\/ilk-fire\\\/\",\"name\":\"\u0130LK F\u0130RE\u2026 - Malatya Report\",\"isPartOf\":{\"@id\":\"https:\\\/\\\/malatyareport.com.tr\\\/#website\"},\"primaryImageOfPage\":{\"@id\":\"https:\\\/\\\/malatyareport.com.tr\\\/index.php\\\/2026\\\/05\\\/14\\\/ilk-fire\\\/#primaryimage\"},\"image\":{\"@id\":\"https:\\\/\\\/malatyareport.com.tr\\\/index.php\\\/2026\\\/05\\\/14\\\/ilk-fire\\\/#primaryimage\"},\"thumbnailUrl\":\"https:\\\/\\\/malatyareport.com.tr\\\/wp-content\\\/uploads\\\/2026\\\/05\\\/69A70ED5-41C2-410A-ABCC-9F3D7CA2CEB9.jpeg\",\"datePublished\":\"2026-05-14T17:39:19+00:00\",\"dateModified\":\"2026-05-15T03:31:08+00:00\",\"author\":{\"@id\":\"https:\\\/\\\/malatyareport.com.tr\\\/#\\\/schema\\\/person\\\/93146d94af76b792b58ac78050cc6da7\"},\"breadcrumb\":{\"@id\":\"https:\\\/\\\/malatyareport.com.tr\\\/index.php\\\/2026\\\/05\\\/14\\\/ilk-fire\\\/#breadcrumb\"},\"inLanguage\":\"tr\",\"potentialAction\":[{\"@type\":\"ReadAction\",\"target\":[\"https:\\\/\\\/malatyareport.com.tr\\\/index.php\\\/2026\\\/05\\\/14\\\/ilk-fire\\\/\"]}]},{\"@type\":\"ImageObject\",\"inLanguage\":\"tr\",\"@id\":\"https:\\\/\\\/malatyareport.com.tr\\\/index.php\\\/2026\\\/05\\\/14\\\/ilk-fire\\\/#primaryimage\",\"url\":\"https:\\\/\\\/i0.wp.com\\\/malatyareport.com.tr\\\/wp-content\\\/uploads\\\/2026\\\/05\\\/69A70ED5-41C2-410A-ABCC-9F3D7CA2CEB9.jpeg?fit=791%2C889&ssl=1\",\"contentUrl\":\"https:\\\/\\\/i0.wp.com\\\/malatyareport.com.tr\\\/wp-content\\\/uploads\\\/2026\\\/05\\\/69A70ED5-41C2-410A-ABCC-9F3D7CA2CEB9.jpeg?fit=791%2C889&ssl=1\",\"width\":791,\"height\":889},{\"@type\":\"BreadcrumbList\",\"@id\":\"https:\\\/\\\/malatyareport.com.tr\\\/index.php\\\/2026\\\/05\\\/14\\\/ilk-fire\\\/#breadcrumb\",\"itemListElement\":[{\"@type\":\"ListItem\",\"position\":1,\"name\":\"Anasayfa\",\"item\":\"https:\\\/\\\/malatyareport.com.tr\\\/\"},{\"@type\":\"ListItem\",\"position\":2,\"name\":\"\u0130LK F\u0130RE\u2026\"}]},{\"@type\":\"WebSite\",\"@id\":\"https:\\\/\\\/malatyareport.com.tr\\\/#website\",\"url\":\"https:\\\/\\\/malatyareport.com.tr\\\/\",\"name\":\"Malatya Report\",\"description\":\"\",\"potentialAction\":[{\"@type\":\"SearchAction\",\"target\":{\"@type\":\"EntryPoint\",\"urlTemplate\":\"https:\\\/\\\/malatyareport.com.tr\\\/?s={search_term_string}\"},\"query-input\":{\"@type\":\"PropertyValueSpecification\",\"valueRequired\":true,\"valueName\":\"search_term_string\"}}],\"inLanguage\":\"tr\"},{\"@type\":\"Person\",\"@id\":\"https:\\\/\\\/malatyareport.com.tr\\\/#\\\/schema\\\/person\\\/93146d94af76b792b58ac78050cc6da7\",\"name\":\"Timur \u0130nce\",\"image\":{\"@type\":\"ImageObject\",\"inLanguage\":\"tr\",\"@id\":\"https:\\\/\\\/secure.gravatar.com\\\/avatar\\\/e5ce118bd86e5549ff544e7c5b614da198ecaa7f8e9398b55d27ae1f117511d8?s=96&d=mm&r=g\",\"url\":\"https:\\\/\\\/secure.gravatar.com\\\/avatar\\\/e5ce118bd86e5549ff544e7c5b614da198ecaa7f8e9398b55d27ae1f117511d8?s=96&d=mm&r=g\",\"contentUrl\":\"https:\\\/\\\/secure.gravatar.com\\\/avatar\\\/e5ce118bd86e5549ff544e7c5b614da198ecaa7f8e9398b55d27ae1f117511d8?s=96&d=mm&r=g\",\"caption\":\"Timur \u0130nce\"},\"description\":\"Zaman\u0131n ruhunda bir damla m\u00fcrekkep olmay\u0131 isterdim. Bir damla m\u00fcrekkep bir ulusun kaderini yazmaya yeterlidir.\",\"sameAs\":[\"https:\\\/\\\/malatyareport.com.tr\",\"https:\\\/\\\/www.facebook.com\\\/timurince\",\"@timur_ince_t5_\",\"https:\\\/\\\/x.com\\\/@timurince11\"],\"url\":\"https:\\\/\\\/malatyareport.com.tr\\\/index.php\\\/author\\\/admin_6i9yniox\\\/\"}]}<\/script>\n<!-- \/ Yoast SEO plugin. -->","yoast_head_json":{"title":"\u0130LK F\u0130RE\u2026 - Malatya Report","robots":{"index":"index","follow":"follow","max-snippet":"max-snippet:-1","max-image-preview":"max-image-preview:large","max-video-preview":"max-video-preview:-1"},"canonical":"https:\/\/malatyareport.com.tr\/index.php\/2026\/05\/14\/ilk-fire\/","og_locale":"tr_TR","og_type":"article","og_title":"\u0130LK F\u0130RE\u2026 - Malatya Report","og_description":"Ge\u00e7en 1 May\u0131s tarihinde bir yaz\u0131 kaleme alm\u0131\u015ft\u0131k. \u201cTavu\u011fun c\u00fcc\u00fc\u011f\u00fcn\u00fc g\u00fcz\u00fcn sayarlar\u201d ba\u015fl\u0131kl\u0131 bir yaz\u0131yd\u0131. Hesaplar, planlar, beklentilere bakmay\u0131n, i\u015fin sonunda g\u00f6receksiniz demi\u015ftik. Tabiki siz&#8230;","og_url":"https:\/\/malatyareport.com.tr\/index.php\/2026\/05\/14\/ilk-fire\/","og_site_name":"Malatya Report","article_author":"https:\/\/www.facebook.com\/timurince","article_published_time":"2026-05-14T17:39:19+00:00","article_modified_time":"2026-05-15T03:31:08+00:00","og_image":[{"url":"https:\/\/malatyareport.com.tr\/wp-content\/uploads\/2026\/05\/69A70ED5-41C2-410A-ABCC-9F3D7CA2CEB9.jpeg","type":"","width":"","height":""}],"author":"Timur \u0130nce","twitter_card":"summary_large_image","twitter_creator":"@timurince11","twitter_misc":{"Yazan:":"Timur \u0130nce","Tahmini okuma s\u00fcresi":"4 dakika"},"schema":{"@context":"https:\/\/schema.org","@graph":[{"@type":"Article","@id":"https:\/\/malatyareport.com.tr\/index.php\/2026\/05\/14\/ilk-fire\/#article","isPartOf":{"@id":"https:\/\/malatyareport.com.tr\/index.php\/2026\/05\/14\/ilk-fire\/"},"author":{"name":"Timur \u0130nce","@id":"https:\/\/malatyareport.com.tr\/#\/schema\/person\/93146d94af76b792b58ac78050cc6da7"},"headline":"\u0130LK F\u0130RE\u2026","datePublished":"2026-05-14T17:39:19+00:00","dateModified":"2026-05-15T03:31:08+00:00","mainEntityOfPage":{"@id":"https:\/\/malatyareport.com.tr\/index.php\/2026\/05\/14\/ilk-fire\/"},"wordCount":903,"commentCount":2,"image":{"@id":"https:\/\/malatyareport.com.tr\/index.php\/2026\/05\/14\/ilk-fire\/#primaryimage"},"thumbnailUrl":"https:\/\/malatyareport.com.tr\/wp-content\/uploads\/2026\/05\/69A70ED5-41C2-410A-ABCC-9F3D7CA2CEB9.jpeg","articleSection":["K\u00f6\u015fe Yaz\u0131lar\u0131"],"inLanguage":"tr","potentialAction":[{"@type":"CommentAction","name":"Comment","target":["https:\/\/malatyareport.com.tr\/index.php\/2026\/05\/14\/ilk-fire\/#respond"]}]},{"@type":"WebPage","@id":"https:\/\/malatyareport.com.tr\/index.php\/2026\/05\/14\/ilk-fire\/","url":"https:\/\/malatyareport.com.tr\/index.php\/2026\/05\/14\/ilk-fire\/","name":"\u0130LK F\u0130RE\u2026 - Malatya Report","isPartOf":{"@id":"https:\/\/malatyareport.com.tr\/#website"},"primaryImageOfPage":{"@id":"https:\/\/malatyareport.com.tr\/index.php\/2026\/05\/14\/ilk-fire\/#primaryimage"},"image":{"@id":"https:\/\/malatyareport.com.tr\/index.php\/2026\/05\/14\/ilk-fire\/#primaryimage"},"thumbnailUrl":"https:\/\/malatyareport.com.tr\/wp-content\/uploads\/2026\/05\/69A70ED5-41C2-410A-ABCC-9F3D7CA2CEB9.jpeg","datePublished":"2026-05-14T17:39:19+00:00","dateModified":"2026-05-15T03:31:08+00:00","author":{"@id":"https:\/\/malatyareport.com.tr\/#\/schema\/person\/93146d94af76b792b58ac78050cc6da7"},"breadcrumb":{"@id":"https:\/\/malatyareport.com.tr\/index.php\/2026\/05\/14\/ilk-fire\/#breadcrumb"},"inLanguage":"tr","potentialAction":[{"@type":"ReadAction","target":["https:\/\/malatyareport.com.tr\/index.php\/2026\/05\/14\/ilk-fire\/"]}]},{"@type":"ImageObject","inLanguage":"tr","@id":"https:\/\/malatyareport.com.tr\/index.php\/2026\/05\/14\/ilk-fire\/#primaryimage","url":"https:\/\/i0.wp.com\/malatyareport.com.tr\/wp-content\/uploads\/2026\/05\/69A70ED5-41C2-410A-ABCC-9F3D7CA2CEB9.jpeg?fit=791%2C889&ssl=1","contentUrl":"https:\/\/i0.wp.com\/malatyareport.com.tr\/wp-content\/uploads\/2026\/05\/69A70ED5-41C2-410A-ABCC-9F3D7CA2CEB9.jpeg?fit=791%2C889&ssl=1","width":791,"height":889},{"@type":"BreadcrumbList","@id":"https:\/\/malatyareport.com.tr\/index.php\/2026\/05\/14\/ilk-fire\/#breadcrumb","itemListElement":[{"@type":"ListItem","position":1,"name":"Anasayfa","item":"https:\/\/malatyareport.com.tr\/"},{"@type":"ListItem","position":2,"name":"\u0130LK F\u0130RE\u2026"}]},{"@type":"WebSite","@id":"https:\/\/malatyareport.com.tr\/#website","url":"https:\/\/malatyareport.com.tr\/","name":"Malatya Report","description":"","potentialAction":[{"@type":"SearchAction","target":{"@type":"EntryPoint","urlTemplate":"https:\/\/malatyareport.com.tr\/?s={search_term_string}"},"query-input":{"@type":"PropertyValueSpecification","valueRequired":true,"valueName":"search_term_string"}}],"inLanguage":"tr"},{"@type":"Person","@id":"https:\/\/malatyareport.com.tr\/#\/schema\/person\/93146d94af76b792b58ac78050cc6da7","name":"Timur \u0130nce","image":{"@type":"ImageObject","inLanguage":"tr","@id":"https:\/\/secure.gravatar.com\/avatar\/e5ce118bd86e5549ff544e7c5b614da198ecaa7f8e9398b55d27ae1f117511d8?s=96&d=mm&r=g","url":"https:\/\/secure.gravatar.com\/avatar\/e5ce118bd86e5549ff544e7c5b614da198ecaa7f8e9398b55d27ae1f117511d8?s=96&d=mm&r=g","contentUrl":"https:\/\/secure.gravatar.com\/avatar\/e5ce118bd86e5549ff544e7c5b614da198ecaa7f8e9398b55d27ae1f117511d8?s=96&d=mm&r=g","caption":"Timur \u0130nce"},"description":"Zaman\u0131n ruhunda bir damla m\u00fcrekkep olmay\u0131 isterdim. Bir damla m\u00fcrekkep bir ulusun kaderini yazmaya yeterlidir.","sameAs":["https:\/\/malatyareport.com.tr","https:\/\/www.facebook.com\/timurince","@timur_ince_t5_","https:\/\/x.com\/@timurince11"],"url":"https:\/\/malatyareport.com.tr\/index.php\/author\/admin_6i9yniox\/"}]}},"jetpack_featured_media_url":"","jetpack_sharing_enabled":true,"_links":{"self":[{"href":"https:\/\/malatyareport.com.tr\/index.php\/wp-json\/wp\/v2\/posts\/1059","targetHints":{"allow":["GET"]}}],"collection":[{"href":"https:\/\/malatyareport.com.tr\/index.php\/wp-json\/wp\/v2\/posts"}],"about":[{"href":"https:\/\/malatyareport.com.tr\/index.php\/wp-json\/wp\/v2\/types\/post"}],"author":[{"embeddable":true,"href":"https:\/\/malatyareport.com.tr\/index.php\/wp-json\/wp\/v2\/users\/1"}],"replies":[{"embeddable":true,"href":"https:\/\/malatyareport.com.tr\/index.php\/wp-json\/wp\/v2\/comments?post=1059"}],"version-history":[{"count":5,"href":"https:\/\/malatyareport.com.tr\/index.php\/wp-json\/wp\/v2\/posts\/1059\/revisions"}],"predecessor-version":[{"id":1069,"href":"https:\/\/malatyareport.com.tr\/index.php\/wp-json\/wp\/v2\/posts\/1059\/revisions\/1069"}],"wp:attachment":[{"href":"https:\/\/malatyareport.com.tr\/index.php\/wp-json\/wp\/v2\/media?parent=1059"}],"wp:term":[{"taxonomy":"category","embeddable":true,"href":"https:\/\/malatyareport.com.tr\/index.php\/wp-json\/wp\/v2\/categories?post=1059"},{"taxonomy":"post_tag","embeddable":true,"href":"https:\/\/malatyareport.com.tr\/index.php\/wp-json\/wp\/v2\/tags?post=1059"}],"curies":[{"name":"wp","href":"https:\/\/api.w.org\/{rel}","templated":true}]}}