{"id":107,"date":"2025-05-16T16:34:49","date_gmt":"2025-05-16T16:34:49","guid":{"rendered":"https:\/\/malatyareport.com.tr\/?p=107"},"modified":"2025-05-17T03:55:02","modified_gmt":"2025-05-17T03:55:02","slug":"aslinda-en-buyuk-sorunumuz-kimlik-sorunu","status":"publish","type":"post","link":"https:\/\/malatyareport.com.tr\/index.php\/2025\/05\/16\/aslinda-en-buyuk-sorunumuz-kimlik-sorunu\/","title":{"rendered":"ASLINDA EN B\u00dcY\u00dcK SORUNUMUZ \u2018K\u0130ML\u0130K\u2019 SORUNU"},"content":{"rendered":"\n<figure class=\"wp-block-image size-full\"><img data-recalc-dims=\"1\" loading=\"lazy\" decoding=\"async\" width=\"600\" height=\"337\" src=\"https:\/\/i0.wp.com\/malatyareport.com.tr\/wp-content\/uploads\/2025\/05\/7993FB91-4D50-48FD-90B8-D73030F0ACAE.jpeg?resize=600%2C337&#038;ssl=1\" alt=\"\" class=\"wp-image-109\" srcset=\"https:\/\/i0.wp.com\/malatyareport.com.tr\/wp-content\/uploads\/2025\/05\/7993FB91-4D50-48FD-90B8-D73030F0ACAE.jpeg?w=600&amp;ssl=1 600w, https:\/\/i0.wp.com\/malatyareport.com.tr\/wp-content\/uploads\/2025\/05\/7993FB91-4D50-48FD-90B8-D73030F0ACAE.jpeg?resize=300%2C169&amp;ssl=1 300w\" sizes=\"auto, (max-width: 600px) 100vw, 600px\" \/><\/figure>\n\n\n\n<p class=\"wp-block-paragraph\"><strong>Tevfik Ahmet \u00d6za<\/strong>l 2023 Cumhurba\u015fkan\u0131 se\u00e7imlerinde aday olmak i\u00e7in kendi partisinden istifa etti. Her aday\u0131n yeteri imza toplama s\u00fcrecinde bizim bir Malatya\u2019l\u0131 hem\u015feri de \u0130stanbul\u2019da ki imza merkezine ba\u015fvuruyor. Her aday i\u00e7in bir memur ve bilgisayar tanzim edilmi\u015f tabi. Ahmet \u00f6zal\u2019\u0131n imzalar\u0131n\u0131 toplayan memur ki\u015fi bizim imza vermeye giden hem\u015feriyi ayakta kar\u015f\u0131l\u0131yor, sayg\u0131 g\u00f6steriyor. \u201c<em>Ho\u015f geldiniz, g\u00f6z\u00fcm\u00fcz yollarda kald\u0131, nerdesiniz\u2026<\/em>\u201d \u015feklinde yar\u0131 alayc\u0131 yar\u0131 ciddi bir serenat d\u00fczenliyor orda. \u00c7\u00fcnk\u00fc sabahtan beri imza vermeye gelen tek ki\u015fidir.&nbsp;<\/p>\n\n\n\n<p class=\"wp-block-paragraph\">\u0130mza kay\u0131t etmekten sorumlu memur, ki kendisi de Ahmet \u00d6zal\u2019a imza verdi\u011fini bertmi\u015f. \u015eunu s\u00f6yl\u00fcyor devam\u0131nda: \u201cyahu Malatyal\u0131lar \u00f6ld\u00fc m\u00fc, neden hem\u015ferilerine <em>sahip \u00e7\u0131km\u0131yorlar? Bunlar b\u00f6yle de\u011fildi. Koca Esenler Malatyal\u0131lardan olu\u015fuyor ama bir Allah\u0131m kulu imzaya gelmedi.\u201d Memur da Gazi Antep\u2019li. Ardahan-Kars-I\u011fd\u0131r halk\u0131 sabahtan beri kuyruk olu\u015fturmu\u015f <strong>Sinan O\u011fa<\/strong>n i\u00e7in oy verme yar\u0131\u015f\u0131na girmi\u015fler. Benim masaya kimsenin ba\u015fvurmamas\u0131 zoruma gitti\u201d<\/em> diyor.&nbsp;<\/p>\n\n\n\n<p class=\"wp-block-paragraph\">Sonu\u00e7ta Ahmet \u00d6zal \u00fclke geneli <strong>1544<\/strong> imza toplayabildi.&nbsp;<\/p>\n\n\n\n<p class=\"wp-block-paragraph\"><strong><mark style=\"background-color:rgba(0, 0, 0, 0)\" class=\"has-inline-color has-vivid-cyan-blue-color\">Kolektif Ak\u0131l Nas\u0131l Kayboldu?<\/mark><\/strong><\/p>\n\n\n\n<p class=\"wp-block-paragraph\">Malatya her konuda duyars\u0131zla\u015ft\u0131, kolektif ak\u0131l kayboldu. \u0130konik milliyet\u00e7ilik (<em>partili anlam\u0131nda de\u011fil<\/em>) vasf\u0131, vicdanl\u0131 bir toplum, sofistike bak\u0131\u015f a\u00e7\u0131s\u0131, i\u00e7ten ho\u015fg\u00f6r\u00fc, de\u011ferlere hassasiyet, olaylar\u0131 okuma-de\u011ferlendirme kabiliyeti&nbsp;ve elbet toplumla-y\u00f6neticiler aras\u0131nda derin u\u00e7urumun varl\u0131\u011f\u0131n\u0131 bu minvalde anlatmaya hacet yok.<\/p>\n\n\n\n<p class=\"wp-block-paragraph\">\u201c<em>Kaz gelecek yerden tavuk esirgenme<\/em>z\u201d atas\u00f6z\u00fcn\u00fc bir daha hat\u0131rlarsak; t\u00fcm bu veriler e\u015fli\u011finde Malatya i\u00e7in kaz gelecek bir yer de kalmad\u0131 san\u0131r\u0131m. Yapayaln\u0131z, kimliksiz, varo\u015f, i\u00e7i bo\u015falt\u0131lm\u0131\u015f bir Anadolu kasabas\u0131 tekd\u00fczeli\u011fine sapland\u0131 kald\u0131.\u00a0<\/p>\n\n\n\n<p class=\"wp-block-paragraph\"><strong><mark style=\"background-color:rgba(0, 0, 0, 0)\" class=\"has-inline-color has-vivid-cyan-blue-color\">Y\u0131kama Ya\u011flama \u0130\u015fleri<\/mark><\/strong><\/p>\n\n\n\n<p class=\"wp-block-paragraph\">Son olarak Ziraat odas\u0131 koordinat\u00f6r\u00fcn\u00fcn Cumhurba\u015fkan\u0131 ile g\u00f6r\u00fc\u015fmesi g\u00f6sterdi ki i\u015fimiz ya\u011flama paklamaya kalm\u0131\u015f ve i\u00e7inden ge\u00e7ti\u011fimiz t\u00fcrb\u00fclans\u0131n umars\u0131zl\u0131\u011f\u0131, yetkiliyim diye ge\u00e7inenlerin asl\u0131nda Malatya ile uzaktan yak\u0131ndan organik bir ba\u011f kuramamas\u0131 ve bu \u00e7\u00fcr\u00fcm\u00fc\u015fl\u00fck kar\u015f\u0131s\u0131nda toplumun ac\u0131yla cezaland\u0131r\u0131lmas\u0131n\u0131 \u00f6ng\u00f6rebilmek i\u00e7in cevab\u0131n\u0131 arayaca\u011f\u0131m\u0131z \u00e7ok \u00f6nemli &#8211;<strong>bir<\/strong>&#8211; soru ile y\u00fczle\u015ftirece\u011fim sizleri:&nbsp;<\/p>\n\n\n\n<p class=\"wp-block-paragraph\"><strong><em>Malatya\u2019n\u0131n as\u0131l birlik, b\u00fct\u00fcnl\u00fck, sosyolojik kimli\u011fine ne oldu?<\/em><\/strong><\/p>\n\n\n\n<p class=\"wp-block-paragraph\"><strong><em>Veyahut fark\u0131nda olmadan, o aile gelene\u011finden gelen kadim \u00f6zelliklerimizi nas\u0131l ve neden kaybettik?<\/em><\/strong><\/p>\n\n\n\n<p class=\"wp-block-paragraph\"><mark style=\"background-color:rgba(0, 0, 0, 0)\" class=\"has-inline-color has-vivid-cyan-blue-color\"><strong>Karadeniz Lobisi<\/strong>:<\/mark><\/p>\n\n\n\n<p class=\"wp-block-paragraph\">En yak\u0131n \u00f6rnek Karadeniz hemen \u015furada, \u00fcstelik lobi halinde hareket eden Karadenizliler; bir ili-b\u00f6lgeyi bo\u015fverin t\u00fcm Karadeniz sahili boyunca tek ses, tek v\u00fccut, tek ama\u00e7la hareket etmeleri ve bunu da T\u00fcrkiye ambiyans\u0131nda elde ettikleri mevki, makam, ba\u015far\u0131larla \u00f6l\u00e7\u00fctlendirmek \u00f6rne\u011fi t\u00fcm g\u00fcc\u00fcyle kar\u015f\u0131m\u0131zda durdu\u011funu kabul ediyoruz de\u011fil mi?<\/p>\n\n\n\n<p class=\"wp-block-paragraph\">Konu elbette <strong>Ahmet \u00d6za<\/strong>l de\u011fil, asl\u0131nda biraz derine inersek merhum baba <strong>\u00d6zal<\/strong>\u2019\u0131n \u015fehrin prestijine katt\u0131\u011f\u0131 de\u011ferler silsilesi bir yana dursun; o baban\u0131n hatr\u0131na evlad\u0131n\u0131 sahiplenme, samimiyet g\u00f6sterme, hem\u015fericilik yapmak, bu topraklara ait aidiyetler konusunda g\u00f6sterece\u011fimiz reaksiyon toplumun ana kimli\u011fi hakk\u0131nda mesajlar verecekti. Fakat ciddi bir yozla\u015fma i\u00e7erisindeyiz. Ne istedi\u011fimizi bilmiyoruz. Ne olursa olsun yine \u0130mzan\u0131 ver, zaten <strong>100 bin<\/strong> imza gelmeyecektir. Gelse bile mevcut rakipleri kar\u015f\u0131s\u0131nda hi\u00e7 bir \u015fans\u0131n\u0131n olmad\u0131\u011f\u0131 da ayan beyan. Burda ki maksat; Malatya gibi tarihsel formda siyasette her d\u00f6nem ciddi \u015fekilde y\u00f6n vermi\u015f bir ilin ortaya koyaca\u011f\u0131 tav\u0131rd\u0131r. Bug\u00fcn o tav\u0131r kayboldu. Kli\u015fele\u015fti. Hezeyanlarla \u00f6r\u00fcl\u00fc salt bir misyona d\u00f6n\u00fc\u015ft\u00fc.&nbsp;<\/p>\n\n\n\n<p class=\"wp-block-paragraph\">Ankara\u2019da \u00f6nemli bir mevkide bulunan, ara ara g\u00f6r\u00fc\u015ft\u00fc\u011f\u00fcm\u00fcz bir hem\u015ferimizin anlatt\u0131klar\u0131 ise can yak\u0131c\u0131 t\u00fcrdendi. \u201c<em>Ankara\u2019da herhangi bir makamda bulunan hem\u015ferilerimiz var, kimli\u011fini sakl\u0131yorlar. Olurda Malatyal\u0131lar\u0131n i\u015fleri d\u00fc\u015ferse u\u011fra\u015famay\u0131z diyorlarm\u0131\u015f<\/em>.\u201d<\/p>\n\n\n\n<p class=\"wp-block-paragraph\"><strong><mark style=\"background-color:rgba(0, 0, 0, 0)\" class=\"has-inline-color has-vivid-cyan-blue-color\">Ahmet \u00d6zal m\u0131 Sinan Ogan m\u0131?<\/mark><\/strong><\/p>\n\n\n\n<p class=\"wp-block-paragraph\">Ha \u015fimdi diyeceksinizki <strong>Ahmet \u00d6zal <\/strong>siyasete yetersiz ve babas\u0131n\u0131n evlad\u0131 olma yolunda \u00e7ok fazla bir \u015fey g\u00f6steremedi. Peki <strong>Sinan Ogan <\/strong>ne yapm\u0131\u015ft\u0131r, hangi \u00f6zelli\u011fi ile toplum tan\u0131r onu, kabul g\u00f6r\u00fcr, tarif edilir vs ba\u015fl\u0131klar\u0131 \u00e7o\u011faltabiliriz. Mukabilinde <strong>26 Mart 2023 <\/strong>g\u00fcn\u00fc <strong>100 bin<\/strong> imzay\u0131 tamamlad\u0131\u011f\u0131n\u0131 tarihe not d\u00fc\u015felim. <strong>Kars<\/strong> familyas\u0131ndan gelen <strong>Ardahan-a\u011fd\u0131r<\/strong>l\u0131lar <strong>Malatyal\u0131lar<\/strong> gibi d\u00fc\u015f\u00fcnmedi. Kendinden olan siyaset\u00e7iye var g\u00fcc\u00fcyle y\u00fcklenip sahip \u00e7\u0131kt\u0131lar.\u00a0<\/p>\n\n\n\n<p class=\"wp-block-paragraph\"><strong><mark style=\"background-color:rgba(0, 0, 0, 0)\" class=\"has-inline-color has-vivid-cyan-blue-color\">Di\u011fer bir cevap:<\/mark><\/strong><\/p>\n\n\n\n<p class=\"wp-block-paragraph\">O halde yukar\u0131da sordu\u011fumuz sorunun cevap niteli\u011finde ba\u015fka bir husus daha var: geri tarafta yereldeki yetkililerin belirledi\u011fi siyasi anekdotlar\u0131n sadece &#8211;<strong>\u00e7\u0131karlar\u0131<\/strong>&#8211; do\u011frultusunda ele almalar\u0131-yakla\u015f\u0131m g\u00f6stermeleridir. Bak\u0131yoruz k\u00fcflenmeye maruz kalm\u0131\u015f \u015fehir sistemsel hikayesi kar\u015f\u0131s\u0131nda kimsenin \u00fcstlendi\u011fi yap\u0131c\u0131 ve tayin edici rol yok. Her \u015fey rant ve \u00e7\u0131kar etraf\u0131nda bi\u00e7imleniyor. B\u00f6yle olunca toplumun siyasete burun k\u0131v\u0131rmas\u0131, g\u00fcven duymamas\u0131, ilgi alaka ba\u011flar\u0131n\u0131 kesmesi son derece do\u011fal bir i\u015fleyi\u015f haline geliyor.\u00a0<\/p>\n\n\n\n<p class=\"wp-block-paragraph\">Malatya \u015fehir siyaseti bu nedenle iktidardan ald\u0131\u011f\u0131 deste\u011fe ra\u011fmen kendi b\u00f6lgesel ana akt\u00f6rlerini \u00fcretememesi ile orant\u0131l\u0131 veriler havuzu kar\u015f\u0131m\u0131za \u00e7\u0131kar\u0131yor. \u015eu an dahi (-) eksilerde patinaj \u00e7ekmesini yine bu b\u00fct\u00fcnl\u00fck \u00fczerinden ele almal\u0131y\u0131z. hem fikri hem zikri anlamda ayr\u0131\u015fmas\u0131 \u00f6te yandan umutsuz, tarafs\u0131z, ilkesiz, fikir \u00fcretemeyen, do\u011fruya do\u011fru-yanl\u0131\u015fa yanl\u0131\u015f diyemeyen k\u0131s\u0131r bir ruh iklime ta\u015f\u0131d\u0131.&nbsp;<\/p>\n\n\n\n<p class=\"wp-block-paragraph\"><strong><em>Bu \u00e7abas\u0131z-yozla\u015fm\u0131\u015f-sahiplenme duygular\u0131ndan ar\u0131nm\u0131\u015f yeni ve anlams\u0131z kimli\u011fimizin \u00fclke gelece\u011finde var olmaya  y\u00f6nelik g\u00fcc\u00fcm\u00fcze \u201cra\u011fmen\u201d yok saymay\u0131 \u0131srarla s\u00fcrd\u00fcrmek gibi ba\u015fka bir huyumuzda mevcut.&nbsp;<\/em><\/strong><\/p>\n\n\n\n<p class=\"wp-block-paragraph\"><strong><mark style=\"background-color:rgba(0, 0, 0, 0)\" class=\"has-inline-color has-vivid-cyan-blue-color\">Sorun B\u00fcy\u00fcyecek<\/mark><\/strong><\/p>\n\n\n\n<p class=\"wp-block-paragraph\">\u015eayet b\u00f6yle giderse T\u00fcrkiye siyasetinde hi\u00e7 bir s\u00f6z hak\u0131m\u0131z\u0131n kalmad\u0131\u011f\u0131 gibi gelecekte de Malatya\u2019y\u0131 yeniden markala\u015ft\u0131racak, belli bir kademeye ta\u015f\u0131yacak \u00f6zg\u00fcveni elde etmeyi akl\u0131m\u0131za dahi getirmeyece\u011fiz.&nbsp;<\/p>\n\n\n\n<p class=\"wp-block-paragraph\">\u201c<em>Hep birlikte\u201d <\/em>projesi o kadar dikkat ve itina g\u00f6steren bir ba\u015fl\u0131k ki sahiplenmedi\u011fimiz taktirde problem elimizde olmadan git gide b\u00fcy\u00fcyecek. Siyas\u00ee rekabet g\u00fcndemi, devletin al\u00ee menfaatlerinin de, beka hissiyat\u0131n\u0131n da g\u00f6lgesinde ilerleme g\u00f6stereyemeyece\u011fiz kesin demektir. Bakan <strong>Murat Kurum<\/strong> ne zamana kadar sahiplik edecek bize? Bu topraklar\u0131n ba\u011fr\u0131ndan \u00e7\u0131km\u0131\u015f, kay\u0131s\u0131n\u0131n eme\u011fini bilecek, insan\u0131n\u0131n psikojisinden anlayacak, Malatya\u2019n\u0131n sorunlar\u0131yla b\u00fcy\u00fcm\u00fc\u015f bir isim yeti\u015fmedik\u00e7e eldekiler de zaman i\u00e7inde heba olaca\u011f\u0131 ku\u015fkusuz.&nbsp;<\/p>\n\n\n\n<p class=\"wp-block-paragraph\"><strong><mark style=\"background-color:rgba(0, 0, 0, 0)\" class=\"has-inline-color has-vivid-cyan-blue-color\">Mecburen Birbirimize Sahip \u00c7\u0131kaca\u011f\u0131z<\/mark><\/strong><\/p>\n\n\n\n<p class=\"wp-block-paragraph\">Az kafas\u0131 \u00e7al\u0131\u015fan ne s\u00f6ylemeye \u00e7al\u0131\u015ft\u0131m\u0131 bilir, umrunda olmayan zaten ha \u201c<em>sivrinle saz ha davul zurna az!\u201d <\/em> Her de\u011ferimize mecburen sahip \u00e7\u0131kaca\u011f\u0131z. Arkam\u0131z\u0131 \u00f6n\u00fcm\u00fcz\u00fc iyi kollayaca\u011f\u0131z. \u00c7\u00fcnk\u00fc g\u00fc\u00e7 sahipleri b\u00f6yle bariz bir zaaf\u0131m\u0131z\u0131 iyi de\u011ferlendirmeyi bizden \u00e7ok iyi d\u00fc\u015f\u00fcnebilir.&nbsp;&nbsp;B\u00f6yle kimlik bunal\u0131m\u0131 ya\u015fayan -apolitik- bir kitleyi \u00f6n\u00fcne gelen farkl\u0131 kullanmak isteyece\u011fi bir s\u00fcre\u00e7 bizleri bekleyebilir. Belkide bir \u015feyleri daha iyi \u00f6\u011frenmeliyiz. <\/p>\n","protected":false},"excerpt":{"rendered":"<p>Tevfik Ahmet \u00d6zal 2023 Cumhurba\u015fkan\u0131 se\u00e7imlerinde aday olmak i\u00e7in kendi partisinden istifa etti. Her aday\u0131n yeteri imza toplama s\u00fcrecinde bizim bir Malatya\u2019l\u0131 hem\u015feri de \u0130stanbul\u2019da&#8230;<\/p>\n<div class=\"more-link-wrapper\"><a class=\"more-link\" href=\"https:\/\/malatyareport.com.tr\/index.php\/2025\/05\/16\/aslinda-en-buyuk-sorunumuz-kimlik-sorunu\/\">Devam\u0131n\u0131 okuyun<span class=\"screen-reader-text\">ASLINDA EN B\u00dcY\u00dcK SORUNUMUZ \u2018K\u0130ML\u0130K\u2019 SORUNU<\/span><\/a><\/div>\n","protected":false},"author":1,"featured_media":0,"comment_status":"open","ping_status":"open","sticky":false,"template":"","format":"standard","meta":{"_jetpack_memberships_contains_paid_content":false,"footnotes":""},"categories":[5],"tags":[8],"class_list":["post-107","post","type-post","status-publish","format-standard","hentry","category-kose-yazilari","tag-malatya-siyaset-timurince","entry"],"yoast_head":"<!-- This site is optimized with the Yoast SEO plugin v28.2 - https:\/\/yoast.com\/product\/yoast-seo-wordpress\/ -->\n<title>ASLINDA EN B\u00dcY\u00dcK SORUNUMUZ \u2018K\u0130ML\u0130K\u2019 SORUNU - Malatya Report<\/title>\n<meta name=\"robots\" content=\"index, follow, max-snippet:-1, max-image-preview:large, max-video-preview:-1\" \/>\n<link rel=\"canonical\" href=\"https:\/\/malatyareport.com.tr\/index.php\/2025\/05\/16\/aslinda-en-buyuk-sorunumuz-kimlik-sorunu\/\" \/>\n<meta property=\"og:locale\" content=\"tr_TR\" \/>\n<meta property=\"og:type\" content=\"article\" \/>\n<meta property=\"og:title\" content=\"ASLINDA EN B\u00dcY\u00dcK SORUNUMUZ \u2018K\u0130ML\u0130K\u2019 SORUNU - Malatya Report\" \/>\n<meta property=\"og:description\" content=\"Tevfik Ahmet \u00d6zal 2023 Cumhurba\u015fkan\u0131 se\u00e7imlerinde aday olmak i\u00e7in kendi partisinden istifa etti. Her aday\u0131n yeteri imza toplama s\u00fcrecinde bizim bir Malatya\u2019l\u0131 hem\u015feri de \u0130stanbul\u2019da&#8230;\" \/>\n<meta property=\"og:url\" content=\"https:\/\/malatyareport.com.tr\/index.php\/2025\/05\/16\/aslinda-en-buyuk-sorunumuz-kimlik-sorunu\/\" \/>\n<meta property=\"og:site_name\" content=\"Malatya Report\" \/>\n<meta property=\"article:author\" content=\"https:\/\/www.facebook.com\/timurince\" \/>\n<meta property=\"article:published_time\" content=\"2025-05-16T16:34:49+00:00\" \/>\n<meta property=\"article:modified_time\" content=\"2025-05-17T03:55:02+00:00\" \/>\n<meta property=\"og:image\" content=\"https:\/\/malatyareport.com.tr\/wp-content\/uploads\/2025\/05\/7993FB91-4D50-48FD-90B8-D73030F0ACAE.jpeg\" \/>\n<meta name=\"author\" content=\"Timur \u0130nce\" \/>\n<meta name=\"twitter:card\" content=\"summary_large_image\" \/>\n<meta name=\"twitter:creator\" content=\"@timurince11\" \/>\n<meta name=\"twitter:label1\" content=\"Yazan:\" \/>\n\t<meta name=\"twitter:data1\" content=\"Timur \u0130nce\" \/>\n\t<meta name=\"twitter:label2\" content=\"Tahmini okuma s\u00fcresi\" \/>\n\t<meta name=\"twitter:data2\" content=\"6 dakika\" \/>\n<script type=\"application\/ld+json\" class=\"yoast-schema-graph\">{\"@context\":\"https:\\\/\\\/schema.org\",\"@graph\":[{\"@type\":\"Article\",\"@id\":\"https:\\\/\\\/malatyareport.com.tr\\\/index.php\\\/2025\\\/05\\\/16\\\/aslinda-en-buyuk-sorunumuz-kimlik-sorunu\\\/#article\",\"isPartOf\":{\"@id\":\"https:\\\/\\\/malatyareport.com.tr\\\/index.php\\\/2025\\\/05\\\/16\\\/aslinda-en-buyuk-sorunumuz-kimlik-sorunu\\\/\"},\"author\":{\"name\":\"Timur \u0130nce\",\"@id\":\"https:\\\/\\\/malatyareport.com.tr\\\/#\\\/schema\\\/person\\\/93146d94af76b792b58ac78050cc6da7\"},\"headline\":\"ASLINDA EN B\u00dcY\u00dcK SORUNUMUZ \u2018K\u0130ML\u0130K\u2019 SORUNU\",\"datePublished\":\"2025-05-16T16:34:49+00:00\",\"dateModified\":\"2025-05-17T03:55:02+00:00\",\"mainEntityOfPage\":{\"@id\":\"https:\\\/\\\/malatyareport.com.tr\\\/index.php\\\/2025\\\/05\\\/16\\\/aslinda-en-buyuk-sorunumuz-kimlik-sorunu\\\/\"},\"wordCount\":1226,\"commentCount\":2,\"image\":{\"@id\":\"https:\\\/\\\/malatyareport.com.tr\\\/index.php\\\/2025\\\/05\\\/16\\\/aslinda-en-buyuk-sorunumuz-kimlik-sorunu\\\/#primaryimage\"},\"thumbnailUrl\":\"https:\\\/\\\/malatyareport.com.tr\\\/wp-content\\\/uploads\\\/2025\\\/05\\\/7993FB91-4D50-48FD-90B8-D73030F0ACAE.jpeg\",\"keywords\":[\"#malatya #siyaset #timurince\"],\"articleSection\":[\"K\u00f6\u015fe Yaz\u0131lar\u0131\"],\"inLanguage\":\"tr\",\"potentialAction\":[{\"@type\":\"CommentAction\",\"name\":\"Comment\",\"target\":[\"https:\\\/\\\/malatyareport.com.tr\\\/index.php\\\/2025\\\/05\\\/16\\\/aslinda-en-buyuk-sorunumuz-kimlik-sorunu\\\/#respond\"]}]},{\"@type\":\"WebPage\",\"@id\":\"https:\\\/\\\/malatyareport.com.tr\\\/index.php\\\/2025\\\/05\\\/16\\\/aslinda-en-buyuk-sorunumuz-kimlik-sorunu\\\/\",\"url\":\"https:\\\/\\\/malatyareport.com.tr\\\/index.php\\\/2025\\\/05\\\/16\\\/aslinda-en-buyuk-sorunumuz-kimlik-sorunu\\\/\",\"name\":\"ASLINDA EN B\u00dcY\u00dcK SORUNUMUZ \u2018K\u0130ML\u0130K\u2019 SORUNU - Malatya Report\",\"isPartOf\":{\"@id\":\"https:\\\/\\\/malatyareport.com.tr\\\/#website\"},\"primaryImageOfPage\":{\"@id\":\"https:\\\/\\\/malatyareport.com.tr\\\/index.php\\\/2025\\\/05\\\/16\\\/aslinda-en-buyuk-sorunumuz-kimlik-sorunu\\\/#primaryimage\"},\"image\":{\"@id\":\"https:\\\/\\\/malatyareport.com.tr\\\/index.php\\\/2025\\\/05\\\/16\\\/aslinda-en-buyuk-sorunumuz-kimlik-sorunu\\\/#primaryimage\"},\"thumbnailUrl\":\"https:\\\/\\\/malatyareport.com.tr\\\/wp-content\\\/uploads\\\/2025\\\/05\\\/7993FB91-4D50-48FD-90B8-D73030F0ACAE.jpeg\",\"datePublished\":\"2025-05-16T16:34:49+00:00\",\"dateModified\":\"2025-05-17T03:55:02+00:00\",\"author\":{\"@id\":\"https:\\\/\\\/malatyareport.com.tr\\\/#\\\/schema\\\/person\\\/93146d94af76b792b58ac78050cc6da7\"},\"breadcrumb\":{\"@id\":\"https:\\\/\\\/malatyareport.com.tr\\\/index.php\\\/2025\\\/05\\\/16\\\/aslinda-en-buyuk-sorunumuz-kimlik-sorunu\\\/#breadcrumb\"},\"inLanguage\":\"tr\",\"potentialAction\":[{\"@type\":\"ReadAction\",\"target\":[\"https:\\\/\\\/malatyareport.com.tr\\\/index.php\\\/2025\\\/05\\\/16\\\/aslinda-en-buyuk-sorunumuz-kimlik-sorunu\\\/\"]}]},{\"@type\":\"ImageObject\",\"inLanguage\":\"tr\",\"@id\":\"https:\\\/\\\/malatyareport.com.tr\\\/index.php\\\/2025\\\/05\\\/16\\\/aslinda-en-buyuk-sorunumuz-kimlik-sorunu\\\/#primaryimage\",\"url\":\"https:\\\/\\\/i0.wp.com\\\/malatyareport.com.tr\\\/wp-content\\\/uploads\\\/2025\\\/05\\\/7993FB91-4D50-48FD-90B8-D73030F0ACAE.jpeg?fit=600%2C337&ssl=1\",\"contentUrl\":\"https:\\\/\\\/i0.wp.com\\\/malatyareport.com.tr\\\/wp-content\\\/uploads\\\/2025\\\/05\\\/7993FB91-4D50-48FD-90B8-D73030F0ACAE.jpeg?fit=600%2C337&ssl=1\",\"width\":600,\"height\":337},{\"@type\":\"BreadcrumbList\",\"@id\":\"https:\\\/\\\/malatyareport.com.tr\\\/index.php\\\/2025\\\/05\\\/16\\\/aslinda-en-buyuk-sorunumuz-kimlik-sorunu\\\/#breadcrumb\",\"itemListElement\":[{\"@type\":\"ListItem\",\"position\":1,\"name\":\"Anasayfa\",\"item\":\"https:\\\/\\\/malatyareport.com.tr\\\/\"},{\"@type\":\"ListItem\",\"position\":2,\"name\":\"ASLINDA EN B\u00dcY\u00dcK SORUNUMUZ \u2018K\u0130ML\u0130K\u2019 SORUNU\"}]},{\"@type\":\"WebSite\",\"@id\":\"https:\\\/\\\/malatyareport.com.tr\\\/#website\",\"url\":\"https:\\\/\\\/malatyareport.com.tr\\\/\",\"name\":\"Malatya Report\",\"description\":\"\",\"potentialAction\":[{\"@type\":\"SearchAction\",\"target\":{\"@type\":\"EntryPoint\",\"urlTemplate\":\"https:\\\/\\\/malatyareport.com.tr\\\/?s={search_term_string}\"},\"query-input\":{\"@type\":\"PropertyValueSpecification\",\"valueRequired\":true,\"valueName\":\"search_term_string\"}}],\"inLanguage\":\"tr\"},{\"@type\":\"Person\",\"@id\":\"https:\\\/\\\/malatyareport.com.tr\\\/#\\\/schema\\\/person\\\/93146d94af76b792b58ac78050cc6da7\",\"name\":\"Timur \u0130nce\",\"image\":{\"@type\":\"ImageObject\",\"inLanguage\":\"tr\",\"@id\":\"https:\\\/\\\/secure.gravatar.com\\\/avatar\\\/e5ce118bd86e5549ff544e7c5b614da198ecaa7f8e9398b55d27ae1f117511d8?s=96&d=mm&r=g\",\"url\":\"https:\\\/\\\/secure.gravatar.com\\\/avatar\\\/e5ce118bd86e5549ff544e7c5b614da198ecaa7f8e9398b55d27ae1f117511d8?s=96&d=mm&r=g\",\"contentUrl\":\"https:\\\/\\\/secure.gravatar.com\\\/avatar\\\/e5ce118bd86e5549ff544e7c5b614da198ecaa7f8e9398b55d27ae1f117511d8?s=96&d=mm&r=g\",\"caption\":\"Timur \u0130nce\"},\"description\":\"Zaman\u0131n ruhunda bir damla m\u00fcrekkep olmay\u0131 isterdim. Bir damla m\u00fcrekkep bir ulusun kaderini yazmaya yeterlidir.\",\"sameAs\":[\"https:\\\/\\\/malatyareport.com.tr\",\"https:\\\/\\\/www.facebook.com\\\/timurince\",\"@timur_ince_t5_\",\"https:\\\/\\\/x.com\\\/@timurince11\"],\"url\":\"https:\\\/\\\/malatyareport.com.tr\\\/index.php\\\/author\\\/admin_6i9yniox\\\/\"}]}<\/script>\n<!-- \/ Yoast SEO plugin. -->","yoast_head_json":{"title":"ASLINDA EN B\u00dcY\u00dcK SORUNUMUZ \u2018K\u0130ML\u0130K\u2019 SORUNU - Malatya Report","robots":{"index":"index","follow":"follow","max-snippet":"max-snippet:-1","max-image-preview":"max-image-preview:large","max-video-preview":"max-video-preview:-1"},"canonical":"https:\/\/malatyareport.com.tr\/index.php\/2025\/05\/16\/aslinda-en-buyuk-sorunumuz-kimlik-sorunu\/","og_locale":"tr_TR","og_type":"article","og_title":"ASLINDA EN B\u00dcY\u00dcK SORUNUMUZ \u2018K\u0130ML\u0130K\u2019 SORUNU - Malatya Report","og_description":"Tevfik Ahmet \u00d6zal 2023 Cumhurba\u015fkan\u0131 se\u00e7imlerinde aday olmak i\u00e7in kendi partisinden istifa etti. Her aday\u0131n yeteri imza toplama s\u00fcrecinde bizim bir Malatya\u2019l\u0131 hem\u015feri de \u0130stanbul\u2019da&#8230;","og_url":"https:\/\/malatyareport.com.tr\/index.php\/2025\/05\/16\/aslinda-en-buyuk-sorunumuz-kimlik-sorunu\/","og_site_name":"Malatya Report","article_author":"https:\/\/www.facebook.com\/timurince","article_published_time":"2025-05-16T16:34:49+00:00","article_modified_time":"2025-05-17T03:55:02+00:00","og_image":[{"url":"https:\/\/malatyareport.com.tr\/wp-content\/uploads\/2025\/05\/7993FB91-4D50-48FD-90B8-D73030F0ACAE.jpeg","type":"","width":"","height":""}],"author":"Timur \u0130nce","twitter_card":"summary_large_image","twitter_creator":"@timurince11","twitter_misc":{"Yazan:":"Timur \u0130nce","Tahmini okuma s\u00fcresi":"6 dakika"},"schema":{"@context":"https:\/\/schema.org","@graph":[{"@type":"Article","@id":"https:\/\/malatyareport.com.tr\/index.php\/2025\/05\/16\/aslinda-en-buyuk-sorunumuz-kimlik-sorunu\/#article","isPartOf":{"@id":"https:\/\/malatyareport.com.tr\/index.php\/2025\/05\/16\/aslinda-en-buyuk-sorunumuz-kimlik-sorunu\/"},"author":{"name":"Timur \u0130nce","@id":"https:\/\/malatyareport.com.tr\/#\/schema\/person\/93146d94af76b792b58ac78050cc6da7"},"headline":"ASLINDA EN B\u00dcY\u00dcK SORUNUMUZ \u2018K\u0130ML\u0130K\u2019 SORUNU","datePublished":"2025-05-16T16:34:49+00:00","dateModified":"2025-05-17T03:55:02+00:00","mainEntityOfPage":{"@id":"https:\/\/malatyareport.com.tr\/index.php\/2025\/05\/16\/aslinda-en-buyuk-sorunumuz-kimlik-sorunu\/"},"wordCount":1226,"commentCount":2,"image":{"@id":"https:\/\/malatyareport.com.tr\/index.php\/2025\/05\/16\/aslinda-en-buyuk-sorunumuz-kimlik-sorunu\/#primaryimage"},"thumbnailUrl":"https:\/\/malatyareport.com.tr\/wp-content\/uploads\/2025\/05\/7993FB91-4D50-48FD-90B8-D73030F0ACAE.jpeg","keywords":["#malatya #siyaset #timurince"],"articleSection":["K\u00f6\u015fe Yaz\u0131lar\u0131"],"inLanguage":"tr","potentialAction":[{"@type":"CommentAction","name":"Comment","target":["https:\/\/malatyareport.com.tr\/index.php\/2025\/05\/16\/aslinda-en-buyuk-sorunumuz-kimlik-sorunu\/#respond"]}]},{"@type":"WebPage","@id":"https:\/\/malatyareport.com.tr\/index.php\/2025\/05\/16\/aslinda-en-buyuk-sorunumuz-kimlik-sorunu\/","url":"https:\/\/malatyareport.com.tr\/index.php\/2025\/05\/16\/aslinda-en-buyuk-sorunumuz-kimlik-sorunu\/","name":"ASLINDA EN B\u00dcY\u00dcK SORUNUMUZ \u2018K\u0130ML\u0130K\u2019 SORUNU - Malatya Report","isPartOf":{"@id":"https:\/\/malatyareport.com.tr\/#website"},"primaryImageOfPage":{"@id":"https:\/\/malatyareport.com.tr\/index.php\/2025\/05\/16\/aslinda-en-buyuk-sorunumuz-kimlik-sorunu\/#primaryimage"},"image":{"@id":"https:\/\/malatyareport.com.tr\/index.php\/2025\/05\/16\/aslinda-en-buyuk-sorunumuz-kimlik-sorunu\/#primaryimage"},"thumbnailUrl":"https:\/\/malatyareport.com.tr\/wp-content\/uploads\/2025\/05\/7993FB91-4D50-48FD-90B8-D73030F0ACAE.jpeg","datePublished":"2025-05-16T16:34:49+00:00","dateModified":"2025-05-17T03:55:02+00:00","author":{"@id":"https:\/\/malatyareport.com.tr\/#\/schema\/person\/93146d94af76b792b58ac78050cc6da7"},"breadcrumb":{"@id":"https:\/\/malatyareport.com.tr\/index.php\/2025\/05\/16\/aslinda-en-buyuk-sorunumuz-kimlik-sorunu\/#breadcrumb"},"inLanguage":"tr","potentialAction":[{"@type":"ReadAction","target":["https:\/\/malatyareport.com.tr\/index.php\/2025\/05\/16\/aslinda-en-buyuk-sorunumuz-kimlik-sorunu\/"]}]},{"@type":"ImageObject","inLanguage":"tr","@id":"https:\/\/malatyareport.com.tr\/index.php\/2025\/05\/16\/aslinda-en-buyuk-sorunumuz-kimlik-sorunu\/#primaryimage","url":"https:\/\/i0.wp.com\/malatyareport.com.tr\/wp-content\/uploads\/2025\/05\/7993FB91-4D50-48FD-90B8-D73030F0ACAE.jpeg?fit=600%2C337&ssl=1","contentUrl":"https:\/\/i0.wp.com\/malatyareport.com.tr\/wp-content\/uploads\/2025\/05\/7993FB91-4D50-48FD-90B8-D73030F0ACAE.jpeg?fit=600%2C337&ssl=1","width":600,"height":337},{"@type":"BreadcrumbList","@id":"https:\/\/malatyareport.com.tr\/index.php\/2025\/05\/16\/aslinda-en-buyuk-sorunumuz-kimlik-sorunu\/#breadcrumb","itemListElement":[{"@type":"ListItem","position":1,"name":"Anasayfa","item":"https:\/\/malatyareport.com.tr\/"},{"@type":"ListItem","position":2,"name":"ASLINDA EN B\u00dcY\u00dcK SORUNUMUZ \u2018K\u0130ML\u0130K\u2019 SORUNU"}]},{"@type":"WebSite","@id":"https:\/\/malatyareport.com.tr\/#website","url":"https:\/\/malatyareport.com.tr\/","name":"Malatya Report","description":"","potentialAction":[{"@type":"SearchAction","target":{"@type":"EntryPoint","urlTemplate":"https:\/\/malatyareport.com.tr\/?s={search_term_string}"},"query-input":{"@type":"PropertyValueSpecification","valueRequired":true,"valueName":"search_term_string"}}],"inLanguage":"tr"},{"@type":"Person","@id":"https:\/\/malatyareport.com.tr\/#\/schema\/person\/93146d94af76b792b58ac78050cc6da7","name":"Timur \u0130nce","image":{"@type":"ImageObject","inLanguage":"tr","@id":"https:\/\/secure.gravatar.com\/avatar\/e5ce118bd86e5549ff544e7c5b614da198ecaa7f8e9398b55d27ae1f117511d8?s=96&d=mm&r=g","url":"https:\/\/secure.gravatar.com\/avatar\/e5ce118bd86e5549ff544e7c5b614da198ecaa7f8e9398b55d27ae1f117511d8?s=96&d=mm&r=g","contentUrl":"https:\/\/secure.gravatar.com\/avatar\/e5ce118bd86e5549ff544e7c5b614da198ecaa7f8e9398b55d27ae1f117511d8?s=96&d=mm&r=g","caption":"Timur \u0130nce"},"description":"Zaman\u0131n ruhunda bir damla m\u00fcrekkep olmay\u0131 isterdim. Bir damla m\u00fcrekkep bir ulusun kaderini yazmaya yeterlidir.","sameAs":["https:\/\/malatyareport.com.tr","https:\/\/www.facebook.com\/timurince","@timur_ince_t5_","https:\/\/x.com\/@timurince11"],"url":"https:\/\/malatyareport.com.tr\/index.php\/author\/admin_6i9yniox\/"}]}},"jetpack_featured_media_url":"","jetpack_sharing_enabled":true,"_links":{"self":[{"href":"https:\/\/malatyareport.com.tr\/index.php\/wp-json\/wp\/v2\/posts\/107","targetHints":{"allow":["GET"]}}],"collection":[{"href":"https:\/\/malatyareport.com.tr\/index.php\/wp-json\/wp\/v2\/posts"}],"about":[{"href":"https:\/\/malatyareport.com.tr\/index.php\/wp-json\/wp\/v2\/types\/post"}],"author":[{"embeddable":true,"href":"https:\/\/malatyareport.com.tr\/index.php\/wp-json\/wp\/v2\/users\/1"}],"replies":[{"embeddable":true,"href":"https:\/\/malatyareport.com.tr\/index.php\/wp-json\/wp\/v2\/comments?post=107"}],"version-history":[{"count":11,"href":"https:\/\/malatyareport.com.tr\/index.php\/wp-json\/wp\/v2\/posts\/107\/revisions"}],"predecessor-version":[{"id":127,"href":"https:\/\/malatyareport.com.tr\/index.php\/wp-json\/wp\/v2\/posts\/107\/revisions\/127"}],"wp:attachment":[{"href":"https:\/\/malatyareport.com.tr\/index.php\/wp-json\/wp\/v2\/media?parent=107"}],"wp:term":[{"taxonomy":"category","embeddable":true,"href":"https:\/\/malatyareport.com.tr\/index.php\/wp-json\/wp\/v2\/categories?post=107"},{"taxonomy":"post_tag","embeddable":true,"href":"https:\/\/malatyareport.com.tr\/index.php\/wp-json\/wp\/v2\/tags?post=107"}],"curies":[{"name":"wp","href":"https:\/\/api.w.org\/{rel}","templated":true}]}}