{"id":1071,"date":"2026-05-16T18:54:32","date_gmt":"2026-05-16T18:54:32","guid":{"rendered":"https:\/\/malatyareport.com.tr\/?p=1071"},"modified":"2026-05-17T07:18:47","modified_gmt":"2026-05-17T07:18:47","slug":"agbaba-imparatorlugu-cokerse-malatya-ak-parti-de-gider","status":"publish","type":"post","link":"https:\/\/malatyareport.com.tr\/index.php\/2026\/05\/16\/agbaba-imparatorlugu-cokerse-malatya-ak-parti-de-gider\/","title":{"rendered":"A\u011eBABA \u0130MPARATORLU\u011eU \u00c7\u00d6KERSE MALATYA AK PART\u0130 DE G\u0130DER\u00a0"},"content":{"rendered":"\n<figure class=\"wp-block-image size-full\"><img data-recalc-dims=\"1\" loading=\"lazy\" decoding=\"async\" width=\"801\" height=\"884\" src=\"https:\/\/i0.wp.com\/malatyareport.com.tr\/wp-content\/uploads\/2026\/05\/F310C215-932F-462C-9BCB-B520C8094956.jpeg?resize=801%2C884&#038;ssl=1\" alt=\"\" class=\"wp-image-1072\" srcset=\"https:\/\/i0.wp.com\/malatyareport.com.tr\/wp-content\/uploads\/2026\/05\/F310C215-932F-462C-9BCB-B520C8094956.jpeg?w=801&amp;ssl=1 801w, https:\/\/i0.wp.com\/malatyareport.com.tr\/wp-content\/uploads\/2026\/05\/F310C215-932F-462C-9BCB-B520C8094956.jpeg?resize=272%2C300&amp;ssl=1 272w, https:\/\/i0.wp.com\/malatyareport.com.tr\/wp-content\/uploads\/2026\/05\/F310C215-932F-462C-9BCB-B520C8094956.jpeg?resize=768%2C848&amp;ssl=1 768w\" sizes=\"auto, (max-width: 801px) 100vw, 801px\" \/><\/figure>\n\n\n\n<p class=\"wp-block-paragraph\">Bir tarih\u00e7i olarak tarihi iyi okumam\u0131z gerekiyor. <strong>Osmanl\u0131, Timur, Roma, \u00c7arl\u0131k Rusya<\/strong>  imparatorluklar\u0131n\u0131n \u00e7\u00f6k\u00fc\u015f sebepleri elimize \u00f6nemli veriler verir.&nbsp;<\/p>\n\n\n\n<p class=\"wp-block-paragraph\"><strong>Veli A\u011fbaba\u2019<\/strong>da Malatya\u2019da ba\u015flayan, Ankara\u2019da etkili siyasi ve ticari imparatorlu\u011fu g\u00f6zlemdi\u011fimiz kadar\u0131yla devlet sisteminin radar\u0131na tak\u0131ld\u0131. Sadece radara d\u00fc\u015fmedi bir operasyon i\u00e7in d\u00fc\u011fmeye dahi bas\u0131ld\u0131\u011f\u0131 apa\u00e7\u0131k ortada.&nbsp;<\/p>\n\n\n\n<p class=\"wp-block-paragraph\"><strong>Muhittin B\u00f6cek<\/strong>\u2019in o\u011flu, <strong>G\u00f6khan B\u00f6cek<\/strong>\u2019in ifade metninde yer alan \u201c<strong>1 milyon Euro<\/strong>\u201d ba\u015fl\u0131\u011f\u0131 \u00fczerinden olu\u015fturulan operasyon dosyas\u0131 Veli A\u011fbaba imparatorlu\u011funun sonunun ba\u015flang\u0131c\u0131 m\u0131?\u2026<\/p>\n\n\n\n<p class=\"wp-block-paragraph\">Evet, s\u00f6z\u00fc ge\u00e7en miktar b\u00fcy\u00fck bir oran fakat siyaset ve siyasiler  a\u00e7\u0131s\u0131ndan \u00e7erez paras\u0131 bir mebla\u011f . <\/p>\n\n\n\n<p class=\"wp-block-paragraph\">\u00d6zelikle iktidara yak\u0131n medyada bolca yer verilen, asl\u0131nda Chp genel ba\u015fkan\u0131 \u00d6zg\u00fcr \u00d6zel hedefte gibi g\u00f6r\u00fclen operasyonda \u0131skalad\u0131\u011f\u0131m\u0131z hayati bir b\u00f6l\u00fcm var. Operasyon \u00d6ze\u2019e de\u011fil direk A\u011fbaba \u015fahs\u0131n\u0131 muhatap ald\u0131\u011f\u0131 g\u00f6zle g\u00f6r\u00fcl\u00fcr bi\u00e7imde a\u00e7\u0131k.&nbsp;<\/p>\n\n\n\n<p class=\"wp-block-paragraph\"><strong>Nede olsa devlet her zaman 18 ya\u015f\u0131ndad\u0131r<\/strong>.&nbsp;<\/p>\n\n\n\n<p class=\"wp-block-paragraph\">As\u0131l soru A\u011fbaba siyaseti ertelenir veya di\u011fer <strong>Chp<\/strong> belediye ba\u015fkanlar\u0131 gibi tasfiye s\u00fcrecine gidilirse Malatya\u2019da olu\u015facak etki ve tepki istikrars\u0131zl\u0131\u011f\u0131 Ak Partilileri de e\u015f zamanl\u0131 olarak etkiyece\u011fidir\u2026<\/p>\n\n\n\n<p class=\"wp-block-paragraph\">Nas\u0131l m\u0131? Anlatal\u0131m hemen.&nbsp;<\/p>\n\n\n\n<p class=\"wp-block-paragraph\">Halk\u0131n y\u0131llardan beri en \u00e7ok kafas\u0131n\u0131 kar\u0131\u015ft\u0131ran, anlam vermekte zorland\u0131\u011f\u0131, bir sebep bulamad\u0131\u011f\u0131; o cevab\u0131 olmayan soru b\u00f6l\u00fcm\u00fcn de tam olarak buradan bizimde sormam\u0131z icab ediyor. Bug\u00fcne de\u011fin (<em>ki uzun bir zamandan beridir\u2026)<\/em> neden hi\u00e7 bir Ak Partili; muhalif ve rakip CHP partili tek bir milletvekiline en k\u00fc\u00e7\u00fck bir muhalefet, kar\u015f\u0131t sunum g\u00f6stermedi\u011fi \u00fczerine kurulu geni\u015f bir m\u00fclahazareyi kaps\u0131yor.&nbsp;<\/p>\n\n\n\n<p class=\"wp-block-paragraph\">Cevab\u0131 \u00e7ok a\u00e7\u0131k; Malatya\u2019da Ak Partililer A\u011fbaba\u2019y\u0131 b\u0131rak\u0131n ele\u015ftirmeyi, kar\u015f\u0131la\u015ft\u0131klar\u0131 zaman \u00f6n\u00fcnde ceket dahi iliklerler. \u00c7\u00fcnk\u00fc A\u011fbaba Malatya\u2019da ger\u00e7ek bir imparatordur. Kat\u0131l\u0131rs\u0131n\u0131z kat\u0131lmazs\u0131n\u0131z o ayr\u0131 bir konu. Ak partililerin A\u011fbaba\u2019ya muhalefet yapmamalar\u0131 sayg\u0131dan \u00f6te bir \u015fey: Ak Partililerle daha \u00e7ok ticari dirsek temas\u0131 i\u00e7inde olmas\u0131yla alakal\u0131.&nbsp;<\/p>\n\n\n\n<p class=\"wp-block-paragraph\">Hep birlikte y\u00f6nettikleri \u015fehirde; siyasi, ideolojik, g\u00f6r\u00fc\u015f kal\u0131plar\u0131 bir yana koyulur, ticaret, pasla\u015fma, ortak al\u0131nan kararlar hakeza y\u00fcr\u00fcrl\u00fc\u011fe girer. Daha \u00e7ok A\u011fbaba\u2019n\u0131n kontrol etti\u011fi ticari aks Ak Partililere da\u011f\u0131t\u0131l\u0131r.&nbsp;<\/p>\n\n\n\n<p class=\"wp-block-paragraph\">Yani Malatya\u2019da siyaset susar, para konu\u015fmu\u015ftur her zaman.&nbsp;<\/p>\n\n\n\n<p class=\"wp-block-paragraph\">Sadece 2 \u00f6rnek vermek gerekirse; \u0130l y\u00f6netimi ikinci adam\u0131 <strong>Naci \u015eavata\u2019<\/strong>n\u0131n o\u011flu <strong>\u00d6mer \u015eavata<\/strong> A\u011fbaba ile y\u0131llardan beri ticari ili\u015fki i\u00e7erisinde. Baba Ak parti \u0130l y\u00f6netiminin ikinci adam\u0131 iken o\u011ful Chp ile para i\u015fleri tutar.&nbsp;<\/p>\n\n\n\n<p class=\"wp-block-paragraph\">Ak Parti Gen\u00e7lik kollar\u0131 ba\u015fkan\u0131, <strong>MKYK<\/strong> \u00fcyesi <strong>Sinan \u00d6zh\u00fcsrev<\/strong> <strong>PENTEKS<\/strong> tekstil A\u015e\u2019de&nbsp;&nbsp;<strong>20<\/strong> y\u0131ldan beri A\u011fbaba ile ciddi bir ortakl\u0131klar\u0131 s\u00f6z konusu.&nbsp;<\/p>\n\n\n\n<p class=\"wp-block-paragraph\">Ve ba\u015fka \u00f6rnekleri \u00e7o\u011faltabiliriz.&nbsp;<\/p>\n\n\n\n<p class=\"wp-block-paragraph\">Sadece o kadar de\u011fil. A\u011fbaba <strong>TSO<\/strong>\u2019yu da ihmal etmemi\u015f. TSO\u2019da y\u00f6netim kurulu ba\u015fkan yard\u0131mc\u0131s\u0131 <strong>Basri \u0130lhan<\/strong> yine A\u011fbaba taraf\u0131ndan <strong>TSO<\/strong>\u2019ya yerle\u015ftirilen bir isim. <strong>TSO<\/strong> ba\u015fkan\u0131 <strong>O\u011fuzhan Ata Sad\u0131ko\u011flu<\/strong> yeni d\u00f6nemde milletvekili olmak talebinden sonra \u0130lhan yerine TSO ba\u015f\u0131na ge\u00e7mesi plan\u0131 dola\u015f\u0131mda.&nbsp;<\/p>\n\n\n\n<p class=\"wp-block-paragraph\">Mevcut ve ge\u00e7mi\u015f d\u00f6nemlerde Ak Partili di\u011fer isimler hi\u00e7 bir zaman A\u011fbaba ile kar\u015f\u0131 kar\u015f\u0131ya gelmek istememelerinin arkas\u0131nda hep bu para-pul, ticari reaksiyonlar yer alm\u0131\u015ft\u0131r.&nbsp;<\/p>\n\n\n\n<p class=\"wp-block-paragraph\">Siz Malatya\u2019da hi\u00e7 bir Ak Partilinin Chp vekili A\u011fbaba\u2019ya kar\u015f\u0131 bir siyasi refleks g\u00f6sterdi\u011fini g\u00f6rd\u00fcn\u00fcz m\u00fc ger\u00e7ekten. Hay\u0131r, olmaz. Elaz\u0131\u011f\u2019da olur, Diyarbak\u0131r\u2019da, di\u011fer illerde olur ama Malatya\u2019da imkan\u0131 yok.&nbsp;<\/p>\n\n\n\n<p class=\"wp-block-paragraph\">O y\u00fczden A\u011fbaba giderse tek ba\u015f\u0131na gitmez. Malatya ikinci bir <strong>6 \u015eubat<\/strong> ger\u00e7ekle\u015fir. Beraberinde bir \u00e7ok Ak Partili\u2019yi de dibe do\u011fru s\u00fcr\u00fckleyece\u011fi ku\u015fkusuz. En ba\u015f\u0131ndan \u00d6zh\u00fcsrev\u2019leri.&nbsp;<\/p>\n\n\n\n<p class=\"wp-block-paragraph\">Zincirin haklar\u0131n\u0131 birle\u015ftirdi\u011fimizde A\u011fbaba\u2019ya yap\u0131lan operasyon yerelde baz\u0131 Ak Partilileri etkileyece\u011fi i\u00e7in ask\u0131ya da al\u0131nma ihtimali \u00e7ok y\u00fcksek.&nbsp;<\/p>\n\n\n\n<p class=\"wp-block-paragraph\">Ha Ak Parti genel merkez benim adamlar\u0131md\u0131r, ezdirmem der, sadece A\u011fbaba\u2019ya hedef tahtas\u0131na koyarsa, yerelde ki Ak Partilileri g\u00f6rmezden gelirse o zaman i\u015f ba\u015fka. Ona bir \u015fey diyemeyiz.&nbsp;<\/p>\n\n\n\n<p class=\"wp-block-paragraph\">O y\u00fczden \u201c<strong>1 milyon Euro\u201d<\/strong> \u00fczerinden A\u011fbaba\u2019ya kar\u015f\u0131 d\u00fc\u011fmeye bas\u0131lmas\u0131n\u0131n alt\u0131nda yatan bir di\u011fer etken; A\u011fbaba\u2019n\u0131n ayr\u0131ca Chp i\u00e7inde \u00f6ne \u00e7\u0131kma hamlesini pasifize etmeye y\u00f6nelikte okuyabiliriz. A\u011fbaba\u2019n\u0131n bir ta\u015fra siyaset\u00e7inin \u00f6tesine ge\u00e7me etkisini k\u0131rmak, h\u0131z\u0131n\u0131 durdurmakt\u0131r. \u00d6zellikle \u00f6n\u00fcm\u00fczdeki g\u00fcnlerde bunun sonu\u00e7lar\u0131n\u0131 net g\u00f6rece\u011fiz.&nbsp;<\/p>\n\n\n\n<p class=\"wp-block-paragraph\"><strong>U\u015fak<\/strong> Belediye ba\u015fkan\u0131 <strong>\u00d6zkan Yal\u0131m<\/strong>\u2019a ait otelinde kaset ar\u015fivi hen\u00fcz a\u00e7\u0131lmad\u0131. <strong>300<\/strong> ve \u00fczeri CHP\u2019li isimden s\u00f6z ediliyor. Anlayaca\u011f\u0131n\u0131z Pandora kutusuna hen\u00fcz dokunulmu\u015f de\u011fil. A\u011fbaba operasyonu geni\u015fletilirse Yal\u0131m oteli ile ilgili bir giri\u015f-\u00e7\u0131k\u0131\u015f\u0131 dahi varsa a\u00e7\u0131k\u00e7as\u0131 A\u011fbaba tamamen tasfiye edilmekten kurtulamaz.&nbsp;&nbsp;<\/p>\n\n\n\n<p class=\"wp-block-paragraph\">Kald\u0131 ki A\u011fbaba\u2019n\u0131n da Malatya\u2019da oteli var. Benzer su\u00e7lar Malatya\u2019da ki A\u011fbaba oteline aktar\u0131l\u0131rsa e\u011fer sorunsall\u0131\u011f\u0131n boyutu siyasi olmaktan \u00e7\u0131kar ve \u00e7ok ba\u015fka bir alanlara s\u0131\u00e7rar gider.&nbsp;<\/p>\n\n\n\n<p class=\"wp-block-paragraph\">\u015eahsen ben A\u011fbaba su\u00e7ludur demiyorum. Ama devlet bir kere d\u00fc\u011fmeye bast\u0131 diyebiliyorum. Bunu g\u00f6rmemek i\u00e7in kahin olmaya gerek yok. CHP\u2019de neredeyse 2\u2019ci adam konumuna y\u00fckselmi\u015f hem\u015ferimiz mv. A\u011fbaba\u2019n\u0131n siyasi kariyerini ilgilendiren geli\u015fmeleri \u00e7ok yak\u0131ndan izliyorum, izlemeliyiz. \u00d6n\u00fcm\u00fczdeki bir ve ikinci haftalar kritiktir diyebilece\u011fimiz s\u00fcreci kaps\u0131yor. Dosya a\u00e7\u0131l\u0131r, geni\u015fletilerek, detayland\u0131r\u0131l\u0131rsa, ba\u015fka para hareketleri ile birle\u015ftirilir, yurt i\u00e7i ve yurt d\u0131\u015f\u0131 ba\u011flant\u0131lar\u0131na uzan\u0131r, didiklenirlerse A\u011fbaba imparatorlu\u011funun \u00e7\u00f6k\u00fc\u015f\u00fc ka\u00e7\u0131n\u0131lmaz olaca\u011f\u0131 ku\u015fkusuz.&nbsp;<\/p>\n\n\n\n<p class=\"wp-block-paragraph\">A\u011fbaba Malatya\u2019da ger\u00e7ekten sevilen bir isim. Siyasi stratejisin de hatalar\u0131 olmad\u0131 m\u0131 hi\u00e7? Oldu elbette. Tek adam kalmak rol\u00fcnden vazge\u00e7medi hi\u00e7 bir zaman. Tek adam rol\u00fcnden vazge\u00e7seydi e\u011fer Malatya\u2019da 3 vekil \u00e7\u0131karabilirdi Chp. Adam ak\u0131ll\u0131 bir aday\u0131 Ye\u015filyurt\u2019a koysayd\u0131. Ye\u015filyurt il\u00e7esini de al\u0131rlard\u0131. \u0130stemedi, olmad\u0131.&nbsp;<\/p>\n\n\n\n<p class=\"wp-block-paragraph\">Son olarak as\u0131l \u00f6l\u00fcmc\u00fcl suale yer verelim biraz. Chp genel ba\u015fkan\u0131 <strong>\u00d6zg\u00fcr \u00d6zel<\/strong>\u2019in A\u011fbaba\u2019ya kar\u015f\u0131 tutumu nedir, ne kadard\u0131r? A\u011fababay\u0131 g\u00f6zden mi \u00e7\u0131kard\u0131 \u00d6zel? Kemal K\u0131l\u0131\u00e7taro\u011flu\u2019na kar\u015f\u0131 \u00d6zel\u2019in saf\u0131nda yer alan A\u011fbaba\u2019y\u0131 Ak Parti\u2019ye mi vermeye haz\u0131rlan\u0131yor yoksa? En \u00f6nemlisi \u015fayet verirse kar\u015f\u0131l\u0131\u011f\u0131nda ne alacak? Ortada kodlar\u0131n\u0131 bilmedi\u011fimiz bir pazarl\u0131k m\u0131 var? Malum siyaset \u00e7ok vefas\u0131z bir sekt\u00f6r.\u00a0<\/p>\n\n\n\n<p class=\"wp-block-paragraph\">Yoksa Ak parti devlet eliyle Chp partisinin en temel unsurlar\u0131ndan birini hedef mercine koymas\u0131 \u015fu \u015fartlarda makul g\u00f6r\u00fcnm\u00fcyor.&nbsp;<\/p>\n\n\n\n<p class=\"wp-block-paragraph\">Sorular\u0131 ters orant\u0131da ele al\u0131rsak; <strong>\u00d6zg\u00fcr \u00d6zel<\/strong> e\u011fer A\u011fbaba giderse s\u0131ran\u0131n kendine gelece\u011fini bilece\u011finden A\u011fbaba\u2019y\u0131 vermemek i\u00e7in t\u00fcm siyasi g\u00fcc\u00fcn\u00fc meydana boca eder mi? \u0130ki taraf\u0131 keskin bir b\u0131\u00e7ak. \u0130\u015fte cevaplar\u0131 \u00f6n\u00fcm\u00fczdeki 2 hafta da gizli. Bekleyip g\u00f6rece\u011fiz. Ama her ko\u015fulda devlet A\u011fbabay\u0131 en zay\u0131f bir noktadan yakalad\u0131. A\u011fbaba tersten esen f\u0131rt\u0131nay\u0131 savurmay\u0131 ba\u015far\u0131rsa da kimse art\u0131k A\u011fbaba\u2019y\u0131 tutamaz.\u00a0Hele de Malatya\u2019da\u2026<\/p>\n","protected":false},"excerpt":{"rendered":"<p>Bir tarih\u00e7i olarak tarihi iyi okumam\u0131z gerekiyor. Osmanl\u0131, Timur, Roma, \u00c7arl\u0131k Rusya imparatorluklar\u0131n\u0131n \u00e7\u00f6k\u00fc\u015f sebepleri elimize \u00f6nemli veriler verir.&nbsp; Veli A\u011fbaba\u2019da Malatya\u2019da ba\u015flayan, Ankara\u2019da etkili&#8230;<\/p>\n<div class=\"more-link-wrapper\"><a class=\"more-link\" href=\"https:\/\/malatyareport.com.tr\/index.php\/2026\/05\/16\/agbaba-imparatorlugu-cokerse-malatya-ak-parti-de-gider\/\">Devam\u0131n\u0131 okuyun<span class=\"screen-reader-text\">A\u011eBABA \u0130MPARATORLU\u011eU \u00c7\u00d6KERSE MALATYA AK PART\u0130 DE G\u0130DER\u00a0<\/span><\/a><\/div>\n","protected":false},"author":1,"featured_media":0,"comment_status":"open","ping_status":"open","sticky":false,"template":"","format":"standard","meta":{"_jetpack_memberships_contains_paid_content":false,"footnotes":""},"categories":[5],"tags":[],"class_list":["post-1071","post","type-post","status-publish","format-standard","hentry","category-kose-yazilari","entry"],"yoast_head":"<!-- This site is optimized with the Yoast SEO plugin v28.2 - https:\/\/yoast.com\/product\/yoast-seo-wordpress\/ -->\n<title>A\u011eBABA \u0130MPARATORLU\u011eU \u00c7\u00d6KERSE MALATYA AK PART\u0130 DE G\u0130DER\u00a0 - Malatya Report<\/title>\n<meta name=\"robots\" content=\"index, follow, max-snippet:-1, max-image-preview:large, max-video-preview:-1\" \/>\n<link rel=\"canonical\" href=\"https:\/\/malatyareport.com.tr\/index.php\/2026\/05\/16\/agbaba-imparatorlugu-cokerse-malatya-ak-parti-de-gider\/\" \/>\n<meta property=\"og:locale\" content=\"tr_TR\" \/>\n<meta property=\"og:type\" content=\"article\" \/>\n<meta property=\"og:title\" content=\"A\u011eBABA \u0130MPARATORLU\u011eU \u00c7\u00d6KERSE MALATYA AK PART\u0130 DE G\u0130DER\u00a0 - Malatya Report\" \/>\n<meta property=\"og:description\" content=\"Bir tarih\u00e7i olarak tarihi iyi okumam\u0131z gerekiyor. Osmanl\u0131, Timur, Roma, \u00c7arl\u0131k Rusya imparatorluklar\u0131n\u0131n \u00e7\u00f6k\u00fc\u015f sebepleri elimize \u00f6nemli veriler verir.&nbsp; Veli A\u011fbaba\u2019da Malatya\u2019da ba\u015flayan, Ankara\u2019da etkili&#8230;\" \/>\n<meta property=\"og:url\" content=\"https:\/\/malatyareport.com.tr\/index.php\/2026\/05\/16\/agbaba-imparatorlugu-cokerse-malatya-ak-parti-de-gider\/\" \/>\n<meta property=\"og:site_name\" content=\"Malatya Report\" \/>\n<meta property=\"article:author\" content=\"https:\/\/www.facebook.com\/timurince\" \/>\n<meta property=\"article:published_time\" content=\"2026-05-16T18:54:32+00:00\" \/>\n<meta property=\"article:modified_time\" content=\"2026-05-17T07:18:47+00:00\" \/>\n<meta property=\"og:image\" content=\"https:\/\/malatyareport.com.tr\/wp-content\/uploads\/2026\/05\/F310C215-932F-462C-9BCB-B520C8094956.jpeg\" \/>\n<meta name=\"author\" content=\"Timur \u0130nce\" \/>\n<meta name=\"twitter:card\" content=\"summary_large_image\" \/>\n<meta name=\"twitter:creator\" content=\"@timurince11\" \/>\n<meta name=\"twitter:label1\" content=\"Yazan:\" \/>\n\t<meta name=\"twitter:data1\" content=\"Timur \u0130nce\" \/>\n\t<meta name=\"twitter:label2\" content=\"Tahmini okuma s\u00fcresi\" \/>\n\t<meta name=\"twitter:data2\" content=\"6 dakika\" \/>\n<script type=\"application\/ld+json\" class=\"yoast-schema-graph\">{\"@context\":\"https:\\\/\\\/schema.org\",\"@graph\":[{\"@type\":\"Article\",\"@id\":\"https:\\\/\\\/malatyareport.com.tr\\\/index.php\\\/2026\\\/05\\\/16\\\/agbaba-imparatorlugu-cokerse-malatya-ak-parti-de-gider\\\/#article\",\"isPartOf\":{\"@id\":\"https:\\\/\\\/malatyareport.com.tr\\\/index.php\\\/2026\\\/05\\\/16\\\/agbaba-imparatorlugu-cokerse-malatya-ak-parti-de-gider\\\/\"},\"author\":{\"name\":\"Timur \u0130nce\",\"@id\":\"https:\\\/\\\/malatyareport.com.tr\\\/#\\\/schema\\\/person\\\/93146d94af76b792b58ac78050cc6da7\"},\"headline\":\"A\u011eBABA \u0130MPARATORLU\u011eU \u00c7\u00d6KERSE MALATYA AK PART\u0130 DE G\u0130DER\u00a0\",\"datePublished\":\"2026-05-16T18:54:32+00:00\",\"dateModified\":\"2026-05-17T07:18:47+00:00\",\"mainEntityOfPage\":{\"@id\":\"https:\\\/\\\/malatyareport.com.tr\\\/index.php\\\/2026\\\/05\\\/16\\\/agbaba-imparatorlugu-cokerse-malatya-ak-parti-de-gider\\\/\"},\"wordCount\":1329,\"commentCount\":8,\"image\":{\"@id\":\"https:\\\/\\\/malatyareport.com.tr\\\/index.php\\\/2026\\\/05\\\/16\\\/agbaba-imparatorlugu-cokerse-malatya-ak-parti-de-gider\\\/#primaryimage\"},\"thumbnailUrl\":\"https:\\\/\\\/malatyareport.com.tr\\\/wp-content\\\/uploads\\\/2026\\\/05\\\/F310C215-932F-462C-9BCB-B520C8094956.jpeg\",\"articleSection\":[\"K\u00f6\u015fe Yaz\u0131lar\u0131\"],\"inLanguage\":\"tr\",\"potentialAction\":[{\"@type\":\"CommentAction\",\"name\":\"Comment\",\"target\":[\"https:\\\/\\\/malatyareport.com.tr\\\/index.php\\\/2026\\\/05\\\/16\\\/agbaba-imparatorlugu-cokerse-malatya-ak-parti-de-gider\\\/#respond\"]}]},{\"@type\":\"WebPage\",\"@id\":\"https:\\\/\\\/malatyareport.com.tr\\\/index.php\\\/2026\\\/05\\\/16\\\/agbaba-imparatorlugu-cokerse-malatya-ak-parti-de-gider\\\/\",\"url\":\"https:\\\/\\\/malatyareport.com.tr\\\/index.php\\\/2026\\\/05\\\/16\\\/agbaba-imparatorlugu-cokerse-malatya-ak-parti-de-gider\\\/\",\"name\":\"A\u011eBABA \u0130MPARATORLU\u011eU \u00c7\u00d6KERSE MALATYA AK PART\u0130 DE G\u0130DER\u00a0 - Malatya Report\",\"isPartOf\":{\"@id\":\"https:\\\/\\\/malatyareport.com.tr\\\/#website\"},\"primaryImageOfPage\":{\"@id\":\"https:\\\/\\\/malatyareport.com.tr\\\/index.php\\\/2026\\\/05\\\/16\\\/agbaba-imparatorlugu-cokerse-malatya-ak-parti-de-gider\\\/#primaryimage\"},\"image\":{\"@id\":\"https:\\\/\\\/malatyareport.com.tr\\\/index.php\\\/2026\\\/05\\\/16\\\/agbaba-imparatorlugu-cokerse-malatya-ak-parti-de-gider\\\/#primaryimage\"},\"thumbnailUrl\":\"https:\\\/\\\/malatyareport.com.tr\\\/wp-content\\\/uploads\\\/2026\\\/05\\\/F310C215-932F-462C-9BCB-B520C8094956.jpeg\",\"datePublished\":\"2026-05-16T18:54:32+00:00\",\"dateModified\":\"2026-05-17T07:18:47+00:00\",\"author\":{\"@id\":\"https:\\\/\\\/malatyareport.com.tr\\\/#\\\/schema\\\/person\\\/93146d94af76b792b58ac78050cc6da7\"},\"breadcrumb\":{\"@id\":\"https:\\\/\\\/malatyareport.com.tr\\\/index.php\\\/2026\\\/05\\\/16\\\/agbaba-imparatorlugu-cokerse-malatya-ak-parti-de-gider\\\/#breadcrumb\"},\"inLanguage\":\"tr\",\"potentialAction\":[{\"@type\":\"ReadAction\",\"target\":[\"https:\\\/\\\/malatyareport.com.tr\\\/index.php\\\/2026\\\/05\\\/16\\\/agbaba-imparatorlugu-cokerse-malatya-ak-parti-de-gider\\\/\"]}]},{\"@type\":\"ImageObject\",\"inLanguage\":\"tr\",\"@id\":\"https:\\\/\\\/malatyareport.com.tr\\\/index.php\\\/2026\\\/05\\\/16\\\/agbaba-imparatorlugu-cokerse-malatya-ak-parti-de-gider\\\/#primaryimage\",\"url\":\"https:\\\/\\\/i0.wp.com\\\/malatyareport.com.tr\\\/wp-content\\\/uploads\\\/2026\\\/05\\\/F310C215-932F-462C-9BCB-B520C8094956.jpeg?fit=801%2C884&ssl=1\",\"contentUrl\":\"https:\\\/\\\/i0.wp.com\\\/malatyareport.com.tr\\\/wp-content\\\/uploads\\\/2026\\\/05\\\/F310C215-932F-462C-9BCB-B520C8094956.jpeg?fit=801%2C884&ssl=1\",\"width\":801,\"height\":884},{\"@type\":\"BreadcrumbList\",\"@id\":\"https:\\\/\\\/malatyareport.com.tr\\\/index.php\\\/2026\\\/05\\\/16\\\/agbaba-imparatorlugu-cokerse-malatya-ak-parti-de-gider\\\/#breadcrumb\",\"itemListElement\":[{\"@type\":\"ListItem\",\"position\":1,\"name\":\"Anasayfa\",\"item\":\"https:\\\/\\\/malatyareport.com.tr\\\/\"},{\"@type\":\"ListItem\",\"position\":2,\"name\":\"A\u011eBABA \u0130MPARATORLU\u011eU \u00c7\u00d6KERSE MALATYA AK PART\u0130 DE G\u0130DER\u00a0\"}]},{\"@type\":\"WebSite\",\"@id\":\"https:\\\/\\\/malatyareport.com.tr\\\/#website\",\"url\":\"https:\\\/\\\/malatyareport.com.tr\\\/\",\"name\":\"Malatya Report\",\"description\":\"\",\"potentialAction\":[{\"@type\":\"SearchAction\",\"target\":{\"@type\":\"EntryPoint\",\"urlTemplate\":\"https:\\\/\\\/malatyareport.com.tr\\\/?s={search_term_string}\"},\"query-input\":{\"@type\":\"PropertyValueSpecification\",\"valueRequired\":true,\"valueName\":\"search_term_string\"}}],\"inLanguage\":\"tr\"},{\"@type\":\"Person\",\"@id\":\"https:\\\/\\\/malatyareport.com.tr\\\/#\\\/schema\\\/person\\\/93146d94af76b792b58ac78050cc6da7\",\"name\":\"Timur \u0130nce\",\"image\":{\"@type\":\"ImageObject\",\"inLanguage\":\"tr\",\"@id\":\"https:\\\/\\\/secure.gravatar.com\\\/avatar\\\/e5ce118bd86e5549ff544e7c5b614da198ecaa7f8e9398b55d27ae1f117511d8?s=96&d=mm&r=g\",\"url\":\"https:\\\/\\\/secure.gravatar.com\\\/avatar\\\/e5ce118bd86e5549ff544e7c5b614da198ecaa7f8e9398b55d27ae1f117511d8?s=96&d=mm&r=g\",\"contentUrl\":\"https:\\\/\\\/secure.gravatar.com\\\/avatar\\\/e5ce118bd86e5549ff544e7c5b614da198ecaa7f8e9398b55d27ae1f117511d8?s=96&d=mm&r=g\",\"caption\":\"Timur \u0130nce\"},\"description\":\"Zaman\u0131n ruhunda bir damla m\u00fcrekkep olmay\u0131 isterdim. Bir damla m\u00fcrekkep bir ulusun kaderini yazmaya yeterlidir.\",\"sameAs\":[\"https:\\\/\\\/malatyareport.com.tr\",\"https:\\\/\\\/www.facebook.com\\\/timurince\",\"@timur_ince_t5_\",\"https:\\\/\\\/x.com\\\/@timurince11\"],\"url\":\"https:\\\/\\\/malatyareport.com.tr\\\/index.php\\\/author\\\/admin_6i9yniox\\\/\"}]}<\/script>\n<!-- \/ Yoast SEO plugin. -->","yoast_head_json":{"title":"A\u011eBABA \u0130MPARATORLU\u011eU \u00c7\u00d6KERSE MALATYA AK PART\u0130 DE G\u0130DER\u00a0 - Malatya Report","robots":{"index":"index","follow":"follow","max-snippet":"max-snippet:-1","max-image-preview":"max-image-preview:large","max-video-preview":"max-video-preview:-1"},"canonical":"https:\/\/malatyareport.com.tr\/index.php\/2026\/05\/16\/agbaba-imparatorlugu-cokerse-malatya-ak-parti-de-gider\/","og_locale":"tr_TR","og_type":"article","og_title":"A\u011eBABA \u0130MPARATORLU\u011eU \u00c7\u00d6KERSE MALATYA AK PART\u0130 DE G\u0130DER\u00a0 - Malatya Report","og_description":"Bir tarih\u00e7i olarak tarihi iyi okumam\u0131z gerekiyor. Osmanl\u0131, Timur, Roma, \u00c7arl\u0131k Rusya imparatorluklar\u0131n\u0131n \u00e7\u00f6k\u00fc\u015f sebepleri elimize \u00f6nemli veriler verir.&nbsp; Veli A\u011fbaba\u2019da Malatya\u2019da ba\u015flayan, Ankara\u2019da etkili&#8230;","og_url":"https:\/\/malatyareport.com.tr\/index.php\/2026\/05\/16\/agbaba-imparatorlugu-cokerse-malatya-ak-parti-de-gider\/","og_site_name":"Malatya Report","article_author":"https:\/\/www.facebook.com\/timurince","article_published_time":"2026-05-16T18:54:32+00:00","article_modified_time":"2026-05-17T07:18:47+00:00","og_image":[{"url":"https:\/\/malatyareport.com.tr\/wp-content\/uploads\/2026\/05\/F310C215-932F-462C-9BCB-B520C8094956.jpeg","type":"","width":"","height":""}],"author":"Timur \u0130nce","twitter_card":"summary_large_image","twitter_creator":"@timurince11","twitter_misc":{"Yazan:":"Timur \u0130nce","Tahmini okuma s\u00fcresi":"6 dakika"},"schema":{"@context":"https:\/\/schema.org","@graph":[{"@type":"Article","@id":"https:\/\/malatyareport.com.tr\/index.php\/2026\/05\/16\/agbaba-imparatorlugu-cokerse-malatya-ak-parti-de-gider\/#article","isPartOf":{"@id":"https:\/\/malatyareport.com.tr\/index.php\/2026\/05\/16\/agbaba-imparatorlugu-cokerse-malatya-ak-parti-de-gider\/"},"author":{"name":"Timur \u0130nce","@id":"https:\/\/malatyareport.com.tr\/#\/schema\/person\/93146d94af76b792b58ac78050cc6da7"},"headline":"A\u011eBABA \u0130MPARATORLU\u011eU \u00c7\u00d6KERSE MALATYA AK PART\u0130 DE G\u0130DER\u00a0","datePublished":"2026-05-16T18:54:32+00:00","dateModified":"2026-05-17T07:18:47+00:00","mainEntityOfPage":{"@id":"https:\/\/malatyareport.com.tr\/index.php\/2026\/05\/16\/agbaba-imparatorlugu-cokerse-malatya-ak-parti-de-gider\/"},"wordCount":1329,"commentCount":8,"image":{"@id":"https:\/\/malatyareport.com.tr\/index.php\/2026\/05\/16\/agbaba-imparatorlugu-cokerse-malatya-ak-parti-de-gider\/#primaryimage"},"thumbnailUrl":"https:\/\/malatyareport.com.tr\/wp-content\/uploads\/2026\/05\/F310C215-932F-462C-9BCB-B520C8094956.jpeg","articleSection":["K\u00f6\u015fe Yaz\u0131lar\u0131"],"inLanguage":"tr","potentialAction":[{"@type":"CommentAction","name":"Comment","target":["https:\/\/malatyareport.com.tr\/index.php\/2026\/05\/16\/agbaba-imparatorlugu-cokerse-malatya-ak-parti-de-gider\/#respond"]}]},{"@type":"WebPage","@id":"https:\/\/malatyareport.com.tr\/index.php\/2026\/05\/16\/agbaba-imparatorlugu-cokerse-malatya-ak-parti-de-gider\/","url":"https:\/\/malatyareport.com.tr\/index.php\/2026\/05\/16\/agbaba-imparatorlugu-cokerse-malatya-ak-parti-de-gider\/","name":"A\u011eBABA \u0130MPARATORLU\u011eU \u00c7\u00d6KERSE MALATYA AK PART\u0130 DE G\u0130DER\u00a0 - Malatya Report","isPartOf":{"@id":"https:\/\/malatyareport.com.tr\/#website"},"primaryImageOfPage":{"@id":"https:\/\/malatyareport.com.tr\/index.php\/2026\/05\/16\/agbaba-imparatorlugu-cokerse-malatya-ak-parti-de-gider\/#primaryimage"},"image":{"@id":"https:\/\/malatyareport.com.tr\/index.php\/2026\/05\/16\/agbaba-imparatorlugu-cokerse-malatya-ak-parti-de-gider\/#primaryimage"},"thumbnailUrl":"https:\/\/malatyareport.com.tr\/wp-content\/uploads\/2026\/05\/F310C215-932F-462C-9BCB-B520C8094956.jpeg","datePublished":"2026-05-16T18:54:32+00:00","dateModified":"2026-05-17T07:18:47+00:00","author":{"@id":"https:\/\/malatyareport.com.tr\/#\/schema\/person\/93146d94af76b792b58ac78050cc6da7"},"breadcrumb":{"@id":"https:\/\/malatyareport.com.tr\/index.php\/2026\/05\/16\/agbaba-imparatorlugu-cokerse-malatya-ak-parti-de-gider\/#breadcrumb"},"inLanguage":"tr","potentialAction":[{"@type":"ReadAction","target":["https:\/\/malatyareport.com.tr\/index.php\/2026\/05\/16\/agbaba-imparatorlugu-cokerse-malatya-ak-parti-de-gider\/"]}]},{"@type":"ImageObject","inLanguage":"tr","@id":"https:\/\/malatyareport.com.tr\/index.php\/2026\/05\/16\/agbaba-imparatorlugu-cokerse-malatya-ak-parti-de-gider\/#primaryimage","url":"https:\/\/i0.wp.com\/malatyareport.com.tr\/wp-content\/uploads\/2026\/05\/F310C215-932F-462C-9BCB-B520C8094956.jpeg?fit=801%2C884&ssl=1","contentUrl":"https:\/\/i0.wp.com\/malatyareport.com.tr\/wp-content\/uploads\/2026\/05\/F310C215-932F-462C-9BCB-B520C8094956.jpeg?fit=801%2C884&ssl=1","width":801,"height":884},{"@type":"BreadcrumbList","@id":"https:\/\/malatyareport.com.tr\/index.php\/2026\/05\/16\/agbaba-imparatorlugu-cokerse-malatya-ak-parti-de-gider\/#breadcrumb","itemListElement":[{"@type":"ListItem","position":1,"name":"Anasayfa","item":"https:\/\/malatyareport.com.tr\/"},{"@type":"ListItem","position":2,"name":"A\u011eBABA \u0130MPARATORLU\u011eU \u00c7\u00d6KERSE MALATYA AK PART\u0130 DE G\u0130DER\u00a0"}]},{"@type":"WebSite","@id":"https:\/\/malatyareport.com.tr\/#website","url":"https:\/\/malatyareport.com.tr\/","name":"Malatya Report","description":"","potentialAction":[{"@type":"SearchAction","target":{"@type":"EntryPoint","urlTemplate":"https:\/\/malatyareport.com.tr\/?s={search_term_string}"},"query-input":{"@type":"PropertyValueSpecification","valueRequired":true,"valueName":"search_term_string"}}],"inLanguage":"tr"},{"@type":"Person","@id":"https:\/\/malatyareport.com.tr\/#\/schema\/person\/93146d94af76b792b58ac78050cc6da7","name":"Timur \u0130nce","image":{"@type":"ImageObject","inLanguage":"tr","@id":"https:\/\/secure.gravatar.com\/avatar\/e5ce118bd86e5549ff544e7c5b614da198ecaa7f8e9398b55d27ae1f117511d8?s=96&d=mm&r=g","url":"https:\/\/secure.gravatar.com\/avatar\/e5ce118bd86e5549ff544e7c5b614da198ecaa7f8e9398b55d27ae1f117511d8?s=96&d=mm&r=g","contentUrl":"https:\/\/secure.gravatar.com\/avatar\/e5ce118bd86e5549ff544e7c5b614da198ecaa7f8e9398b55d27ae1f117511d8?s=96&d=mm&r=g","caption":"Timur \u0130nce"},"description":"Zaman\u0131n ruhunda bir damla m\u00fcrekkep olmay\u0131 isterdim. Bir damla m\u00fcrekkep bir ulusun kaderini yazmaya yeterlidir.","sameAs":["https:\/\/malatyareport.com.tr","https:\/\/www.facebook.com\/timurince","@timur_ince_t5_","https:\/\/x.com\/@timurince11"],"url":"https:\/\/malatyareport.com.tr\/index.php\/author\/admin_6i9yniox\/"}]}},"jetpack_featured_media_url":"","jetpack_sharing_enabled":true,"_links":{"self":[{"href":"https:\/\/malatyareport.com.tr\/index.php\/wp-json\/wp\/v2\/posts\/1071","targetHints":{"allow":["GET"]}}],"collection":[{"href":"https:\/\/malatyareport.com.tr\/index.php\/wp-json\/wp\/v2\/posts"}],"about":[{"href":"https:\/\/malatyareport.com.tr\/index.php\/wp-json\/wp\/v2\/types\/post"}],"author":[{"embeddable":true,"href":"https:\/\/malatyareport.com.tr\/index.php\/wp-json\/wp\/v2\/users\/1"}],"replies":[{"embeddable":true,"href":"https:\/\/malatyareport.com.tr\/index.php\/wp-json\/wp\/v2\/comments?post=1071"}],"version-history":[{"count":6,"href":"https:\/\/malatyareport.com.tr\/index.php\/wp-json\/wp\/v2\/posts\/1071\/revisions"}],"predecessor-version":[{"id":1082,"href":"https:\/\/malatyareport.com.tr\/index.php\/wp-json\/wp\/v2\/posts\/1071\/revisions\/1082"}],"wp:attachment":[{"href":"https:\/\/malatyareport.com.tr\/index.php\/wp-json\/wp\/v2\/media?parent=1071"}],"wp:term":[{"taxonomy":"category","embeddable":true,"href":"https:\/\/malatyareport.com.tr\/index.php\/wp-json\/wp\/v2\/categories?post=1071"},{"taxonomy":"post_tag","embeddable":true,"href":"https:\/\/malatyareport.com.tr\/index.php\/wp-json\/wp\/v2\/tags?post=1071"}],"curies":[{"name":"wp","href":"https:\/\/api.w.org\/{rel}","templated":true}]}}