{"id":1087,"date":"2026-05-20T04:17:48","date_gmt":"2026-05-20T04:17:48","guid":{"rendered":"https:\/\/malatyareport.com.tr\/?p=1087"},"modified":"2026-05-20T04:17:51","modified_gmt":"2026-05-20T04:17:51","slug":"hizli-tren-secim-yatirimi-mi","status":"publish","type":"post","link":"https:\/\/malatyareport.com.tr\/index.php\/2026\/05\/20\/hizli-tren-secim-yatirimi-mi\/","title":{"rendered":"H\u0131zl\u0131 Tren Se\u00e7im Yat\u0131r\u0131m\u0131 m\u0131?"},"content":{"rendered":"\n<figure class=\"wp-block-image size-full\"><img data-recalc-dims=\"1\" loading=\"lazy\" decoding=\"async\" width=\"800\" height=\"895\" src=\"https:\/\/i0.wp.com\/malatyareport.com.tr\/wp-content\/uploads\/2026\/05\/54808A48-8E60-451C-89F5-F934FC252DC3.jpeg?resize=800%2C895&#038;ssl=1\" alt=\"\" class=\"wp-image-1088\" srcset=\"https:\/\/i0.wp.com\/malatyareport.com.tr\/wp-content\/uploads\/2026\/05\/54808A48-8E60-451C-89F5-F934FC252DC3.jpeg?w=800&amp;ssl=1 800w, https:\/\/i0.wp.com\/malatyareport.com.tr\/wp-content\/uploads\/2026\/05\/54808A48-8E60-451C-89F5-F934FC252DC3.jpeg?resize=268%2C300&amp;ssl=1 268w, https:\/\/i0.wp.com\/malatyareport.com.tr\/wp-content\/uploads\/2026\/05\/54808A48-8E60-451C-89F5-F934FC252DC3.jpeg?resize=768%2C859&amp;ssl=1 768w\" sizes=\"auto, (max-width: 800px) 100vw, 800px\" \/><\/figure>\n\n\n\n<p class=\"wp-block-paragraph\">\u201c<strong><em>Evla, hikaye odur ki; bizim Posk\u0131ran k\u00f6y\u00fcnde her y\u0131l&nbsp;&nbsp;kaymakama hediye olsun diye bir teneke tereya\u011f\u0131 g\u00f6t\u00fcr\u00fcp verirlermi\u015f. Ge\u00e7en y\u0131llar i\u00e7erisinde k\u00f6yl\u00fc usanm\u0131\u015f, her y\u0131l bir teneke tereya\u011f\u0131n\u0131 biriktiremez olmu\u015flar. Yeter demi\u015fler art\u0131k, biz neden her y\u0131l ya\u011f\u0131 kaymakama veriyoruz ki. Vermeyelim. Tereya\u011f\u0131 k\u00fclfetinden kurtulmak i\u00e7in bir ki\u015fiyi g\u00f6revlendirirler, o ki\u015fi kaymakama \u00e7\u0131kacak, tereya\u011f\u0131n\u0131 getirmeyeceklerini iletecektir. Adam \u00e7\u0131km\u0131\u015f gitmi\u015f. Tam tersine o g\u00fcn de kaymakam sinirli. Tereya\u011f\u0131n\u0131 getirmeyece\u011fini bildirecek ki\u015fi kaymakam\u0131 agresif g\u00f6r\u00fcnce sorar kaymakam bey tereya\u011f\u0131n\u0131z\u0131 nas\u0131l istersin, eritelim mi normal mi getirelim der. Kaymakam da bir h\u0131\u015f\u0131mla sorar hangisi daha iyi, k\u00f6yl\u00fc ki\u015fi ba\u015f\u0131n\u0131 e\u011ferek eritilmi\u015f daha iyi olur efendim, hem lezzetlidir der. Tamam o zaman eritin de getirin der.&nbsp;<\/em><\/strong><strong>\u201c<\/strong><\/p>\n\n\n\n<p class=\"wp-block-paragraph\">Her y\u0131l bir teneke g\u00f6t\u00fcren k\u00f6yl\u00fc bundan b\u00f6yle 3 tenekeye tabi k\u0131l\u0131n\u0131r. \u00c7\u00fcnk\u00fc bir teneke eritilmi\u015f ya\u011f elde etmek i\u00e7in 3 teneke ham tereya\u011f\u0131na ihtiya\u00e7 vard\u0131r.&nbsp;<\/p>\n\n\n\n<p class=\"wp-block-paragraph\">Ondan beri biz halk aras\u0131nda, bir olay\u0131n ba\u015f\u0131 sonu belli de\u011filse&nbsp;&nbsp;\u201c<strong>Posk\u0131ran ya\u011f\u0131na d\u00f6n\u00fc\u015ft\u00fc<\/strong>\u201d&nbsp;&nbsp;deriz aram\u0131zda.&nbsp;<\/p>\n\n\n\n<p class=\"wp-block-paragraph\">Benzer bir mesele de, belki de olay\u0131n asl\u0131d\u0131r-bilinmez ama&nbsp;<strong>Nasrettin Hoca<\/strong>&nbsp;ile&nbsp;<strong>Timur<\/strong>&nbsp;aras\u0131ndan s\u00fcregelen fil hikayesinden tan\u0131r\u0131z.&nbsp;<\/p>\n\n\n\n<p class=\"wp-block-paragraph\">Malatya h\u0131zl\u0131 tren meselesi de \u201c<strong>Posk\u0131ran ya\u011f\u0131na\u201d<\/strong>&nbsp;d\u00f6n\u00fc\u015ft\u00fc.&nbsp;<\/p>\n\n\n\n<p class=\"wp-block-paragraph\">Sivas hatt\u0131n\u0131 beklerken Narl\u0131 hatt\u0131 \u201c<strong>pat<\/strong>\u201d diye yeni bir m\u00fcjde olarak d\u00fc\u015ft\u00fc \u00f6n\u00fcm\u00fcze. Mv Abdurahman Babacan twitinde: \u201c<strong>Malatya\u2013Narl\u0131 H\u0131zl\u0131 Tren Hatt\u0131 ve Malatya \u015eehir \u0130\u00e7i Banliy\u00f6 Hatt\u0131&#8217;n\u0131n ihalesi yap\u0131ld\u0131.\u201d<\/strong>&nbsp;diye a\u00e7\u0131klamas\u0131 geldi.&nbsp;<\/p>\n\n\n\n<p class=\"wp-block-paragraph\">Biz bu \u201c<strong>ihale yap\u0131ld\u0131<\/strong>\u201d masallar\u0131n\u0131 \u00e7ok iyi biliyoruz. Sonras\u0131 bir ka\u00e7 se\u00e7im boyunca tepe tepe kullan\u0131lan dolgu malzemesine d\u00f6n\u00fc\u015f\u00fcr. L\u00fctfen bize daha somut projelerle gelin dersek ay\u0131p etmi\u015f olur muyuz?<\/p>\n\n\n\n<p class=\"wp-block-paragraph\">Tam tam\u0131na&nbsp;<strong>25<\/strong>&nbsp;y\u0131l oldu Kuzey \u00e7evre yolunu bitiremeyenlerin verdi\u011fi m\u00fcjdeye inanmak i\u00e7imizden gelmiyor nedense.&nbsp;<\/p>\n\n\n\n<p class=\"wp-block-paragraph\">Kuzey \u00e7evre yolu&nbsp;<strong>25<\/strong>&nbsp;y\u0131lda bitmedi\u011fine g\u00f6re, ortalama bir&nbsp;<strong>10<\/strong>&nbsp;y\u0131l daha eklemi\u015f olsak bitmesi i\u00e7in, Narl\u0131 h\u0131zl\u0131 tren hatt\u0131n\u0131n bitmesini de anlayaca\u011f\u0131n\u0131z bizim jenerasyon g\u00f6remeyecek.&nbsp;<strong>100<\/strong>&nbsp;y\u0131l\u0131 bulur heralde.&nbsp;<\/p>\n\n\n\n<p class=\"wp-block-paragraph\"><strong>2011<\/strong>&nbsp;y\u0131ll\u0131nda trafi\u011fe a\u00e7\u0131lan Beylerderesi k\u00f6pr\u00fcs\u00fcn\u00fcn hali ortada. Yan\u0131na yenisi yap\u0131lacak deniliyor.&nbsp;<strong>15<\/strong>&nbsp;ya\u015f\u0131nda k\u00f6pr\u00fc i\u015fe yaramaz hale gelmi\u015f. S\u00fcr\u00fcc\u00fcler z\u0131playarak bitiriyor k\u00f6pr\u00fcy\u00fc. Tekrar ihale, yeni bir m\u00fctehaite rant, siyasiler aslan pay\u0131n\u0131 alacak derken, bir ka\u00e7 y\u0131l sonra olmad\u0131 ba\u015ftan bir daha. \u00d6yle mi?&nbsp;<\/p>\n\n\n\n<p class=\"wp-block-paragraph\">Merhum&nbsp;<strong>\u0130brahim Erkal<\/strong>\u2019in bir par\u00e7as\u0131nda ge\u00e7ti\u011fi gibi \u201c<strong>ge\u00e7 onu de\u011fi\u015ftir, olmad\u0131 ba\u015ftan bir daha., ge\u00e7 onu de\u011fi\u015ftir<\/strong>!\u201d&nbsp;<\/p>\n\n\n\n<p class=\"wp-block-paragraph\">Sistem art\u0131k b\u00f6yle kurgulanm\u0131\u015f. Yapt\u0131klar\u0131 bir m\u00fcddet sonra \u00e7\u00f6p olacak, yerine-yan\u0131na&nbsp;<strong>10-15&nbsp;<\/strong>y\u0131l i\u00e7inde yenisi yap\u0131lacak. B\u00f6ylece yak\u0131n-ortak sermayeler desteklermi\u015f, b\u00fcy\u00fct\u00fclm\u00fc\u015f, ayakta tutulmu\u015f olacak kan\u0131s\u0131.&nbsp;<\/p>\n\n\n\n<p class=\"wp-block-paragraph\"><strong>2014<\/strong>\u2019te P\u00fct\u00fcrge\u2019de hizmete a\u00e7\u0131lan yeni devlet hastanesi de ayn\u0131 minvalde.&nbsp;<strong>6<\/strong>&nbsp;<strong>\u015fubat<\/strong>&nbsp;depreminde pert oldu. Neden bu yap\u0131lar denetlenmiyor, deprem \u00fclkesi oldu\u011fumuz bilindi\u011fi halde yeni binalar hangi ama\u00e7la nas\u0131l in\u015fa ediliyor sorusu? \u015eu an P\u00fct\u00fcrge\u2019ye yeni bir hastane daha yap\u0131lmakta. Olan halk\u0131n paras\u0131na oluyor her zaman oldu\u011fu gibi. \u00c7a\u011f\u0131r karde\u015fim eski M\u00fctehait firmay\u0131, kes cezas\u0131n\u0131. Sorunlu m\u00fchendis, mimar\u0131 bul, hesab\u0131n\u0131 sor bakal\u0131m bir daha oluyor mu? Olmaz. \u00c7\u00fcnk\u00fc herkesin biriyle bir ortakl\u0131\u011f\u0131 yada ba\u011flant\u0131s\u0131 var. En iyisi g\u00f6rmezden gelinerek s\u0131f\u0131rdan yapmak.&nbsp;<\/p>\n\n\n\n<p class=\"wp-block-paragraph\">Sonra halk\u0131n diline pelesenkle\u015fmi\u015f \u201c<strong>Devletin paras\u0131 deniz yemeyen keriz!\u201d&nbsp;<\/strong>denilmesine k\u0131zmamak gerek<\/p>\n\n\n\n<p class=\"wp-block-paragraph\">En iyisi m\u00fcjdeler vermek, gerisine bakar\u0131z biz.&nbsp;&nbsp;<\/p>\n\n\n\n<p class=\"wp-block-paragraph\">\u015eahsen benim&nbsp;<strong>200<\/strong>&nbsp;metrelik k\u00f6y yolumu yapamayan \/ belki de muhalif oldu\u011fum iddia edilerek yapmayan sistem h\u0131zl\u0131 tren falan yapamaz. Yapsa da kuzey \u00e7evre yolu, P\u00fct\u00fcrge devlet hastanesi, Beylerderesi k\u00f6pr\u00fcs\u00fcnden farks\u0131z olmayacak.&nbsp;<\/p>\n\n\n\n<p class=\"wp-block-paragraph\"><strong>Abdurahman Babacan<\/strong>\u2019\u0131n twiti \u00fczerine&nbsp;<strong>Narl\u0131<\/strong>&nbsp;tren hatt\u0131nda \u00e7al\u0131\u015fan bir tan\u0131d\u0131\u011fa ula\u015ft\u0131m. Dedi\u011fi aynen \u015fu: \u201c<strong>bu normal bir banliyo hatt\u0131, h\u0131zl\u0131 trenle hem alakas\u0131 yok hem de uygun de\u011fil. Asla \u00f6yle bir \u015fey yok!<\/strong>\u201d Yani koca bir yalan. Balon.&nbsp;<\/p>\n\n\n\n<p class=\"wp-block-paragraph\">\u015eimdi yine hikayemize d\u00f6nelim. \u201c<strong>Posk\u0131ran ya\u011f\u0131\u201d<\/strong>&nbsp;meselesine., Fii tarihlerinde ya\u015fanm\u0131\u015f olaylar g\u00fcn\u00fcmiz siyasi entrikalar\u0131 yan\u0131nda ne kadar masum kal\u0131yor de\u011fil mi? G\u00fcn\u00fcmiz konjukturel hamleler tamamen siyasi gelecek g\u00f6zetilerek ortaya at\u0131l\u0131yor. Halk\u0131n gelece\u011fi yerine siyasi partilerin se\u00e7im propagandas\u0131 ama\u00e7l\u0131 kullan\u0131l\u0131yor. \u0130nsanlar\u0131n, kitlelerin gelece\u011fi ad\u0131na siyasi varyasyonlar\u0131n \u00e7\u0131karlar\u0131 korumuyor. \u00c7ok daha marjinal, radikal a\u00e7\u0131klamalardan \u00e7ekinilmiyor o y\u00fczden.&nbsp;<\/p>\n\n\n\n<p class=\"wp-block-paragraph\">\u015eehrin dinamikleri, rasyonel iddialar, elle tutulur projeler, planlama, toplumsal verilere duyulan tepki ve ger\u00e7ek sorumluluk toptan rafa kald\u0131r\u0131lm\u0131\u015f spesifik anekdotlardan ibaret kal\u0131yor sadece.&nbsp;<\/p>\n\n\n\n<p class=\"wp-block-paragraph\">Haliyle Sn Babacan\u2019n\u0131n payla\u015f\u0131m\u0131 yak\u0131n bir tarihte olas\u0131 bir se\u00e7im \u00f6ncesi&nbsp;&nbsp;iyi hesaplanm\u0131\u015f, fena bir sand\u0131k yat\u0131r\u0131m say\u0131lmaz m\u0131?&nbsp;<\/p>\n\n\n\n<p class=\"wp-block-paragraph\">Yine her \u015fey \u201c<strong>Pozk\u0131ran ya\u011f\u0131na<\/strong>\u201d d\u00f6nd\u00fc kald\u0131&nbsp;&nbsp;dersek daha yerinde bir tan\u0131mlama olur. O g\u00fcn\u00fcn adamlar\u0131 art\u0131 iki teneke ya\u011f ile durum vasiyeti kurtarm\u0131\u015flar ama bizim \u00f6yle bir ihtimal de yok. Kala kald\u0131k d\u0131m d\u0131zlak bo\u015f m\u00fcjdelerle ortal\u0131kta.&nbsp;<\/p>\n","protected":false},"excerpt":{"rendered":"<p>\u201cEvla, hikaye odur ki; bizim Posk\u0131ran k\u00f6y\u00fcnde her y\u0131l&nbsp;&nbsp;kaymakama hediye olsun diye bir teneke tereya\u011f\u0131 g\u00f6t\u00fcr\u00fcp verirlermi\u015f. Ge\u00e7en y\u0131llar i\u00e7erisinde k\u00f6yl\u00fc usanm\u0131\u015f, her y\u0131l bir&#8230;<\/p>\n<div class=\"more-link-wrapper\"><a class=\"more-link\" href=\"https:\/\/malatyareport.com.tr\/index.php\/2026\/05\/20\/hizli-tren-secim-yatirimi-mi\/\">Devam\u0131n\u0131 okuyun<span class=\"screen-reader-text\">H\u0131zl\u0131 Tren Se\u00e7im Yat\u0131r\u0131m\u0131 m\u0131?<\/span><\/a><\/div>\n","protected":false},"author":1,"featured_media":0,"comment_status":"open","ping_status":"open","sticky":false,"template":"","format":"standard","meta":{"_jetpack_memberships_contains_paid_content":false,"footnotes":""},"categories":[5],"tags":[8],"class_list":["post-1087","post","type-post","status-publish","format-standard","hentry","category-kose-yazilari","tag-malatya-siyaset-timurince","entry"],"yoast_head":"<!-- This site is optimized with the Yoast SEO plugin v28.2 - https:\/\/yoast.com\/product\/yoast-seo-wordpress\/ -->\n<title>H\u0131zl\u0131 Tren Se\u00e7im Yat\u0131r\u0131m\u0131 m\u0131? - Malatya Report<\/title>\n<meta name=\"robots\" content=\"index, follow, max-snippet:-1, max-image-preview:large, max-video-preview:-1\" \/>\n<link rel=\"canonical\" href=\"https:\/\/malatyareport.com.tr\/index.php\/2026\/05\/20\/hizli-tren-secim-yatirimi-mi\/\" \/>\n<meta property=\"og:locale\" content=\"tr_TR\" \/>\n<meta property=\"og:type\" content=\"article\" \/>\n<meta property=\"og:title\" content=\"H\u0131zl\u0131 Tren Se\u00e7im Yat\u0131r\u0131m\u0131 m\u0131? - Malatya Report\" \/>\n<meta property=\"og:description\" content=\"\u201cEvla, hikaye odur ki; bizim Posk\u0131ran k\u00f6y\u00fcnde her y\u0131l&nbsp;&nbsp;kaymakama hediye olsun diye bir teneke tereya\u011f\u0131 g\u00f6t\u00fcr\u00fcp verirlermi\u015f. Ge\u00e7en y\u0131llar i\u00e7erisinde k\u00f6yl\u00fc usanm\u0131\u015f, her y\u0131l bir&#8230;\" \/>\n<meta property=\"og:url\" content=\"https:\/\/malatyareport.com.tr\/index.php\/2026\/05\/20\/hizli-tren-secim-yatirimi-mi\/\" \/>\n<meta property=\"og:site_name\" content=\"Malatya Report\" \/>\n<meta property=\"article:author\" content=\"https:\/\/www.facebook.com\/timurince\" \/>\n<meta property=\"article:published_time\" content=\"2026-05-20T04:17:48+00:00\" \/>\n<meta property=\"article:modified_time\" content=\"2026-05-20T04:17:51+00:00\" \/>\n<meta property=\"og:image\" content=\"https:\/\/malatyareport.com.tr\/wp-content\/uploads\/2026\/05\/54808A48-8E60-451C-89F5-F934FC252DC3.jpeg\" \/>\n<meta name=\"author\" content=\"Timur \u0130nce\" \/>\n<meta name=\"twitter:card\" content=\"summary_large_image\" \/>\n<meta name=\"twitter:creator\" content=\"@timurince11\" \/>\n<meta name=\"twitter:label1\" content=\"Yazan:\" \/>\n\t<meta name=\"twitter:data1\" content=\"Timur \u0130nce\" \/>\n\t<meta name=\"twitter:label2\" content=\"Tahmini okuma s\u00fcresi\" \/>\n\t<meta name=\"twitter:data2\" content=\"5 dakika\" \/>\n<script type=\"application\/ld+json\" class=\"yoast-schema-graph\">{\"@context\":\"https:\\\/\\\/schema.org\",\"@graph\":[{\"@type\":\"Article\",\"@id\":\"https:\\\/\\\/malatyareport.com.tr\\\/index.php\\\/2026\\\/05\\\/20\\\/hizli-tren-secim-yatirimi-mi\\\/#article\",\"isPartOf\":{\"@id\":\"https:\\\/\\\/malatyareport.com.tr\\\/index.php\\\/2026\\\/05\\\/20\\\/hizli-tren-secim-yatirimi-mi\\\/\"},\"author\":{\"name\":\"Timur \u0130nce\",\"@id\":\"https:\\\/\\\/malatyareport.com.tr\\\/#\\\/schema\\\/person\\\/93146d94af76b792b58ac78050cc6da7\"},\"headline\":\"H\u0131zl\u0131 Tren Se\u00e7im Yat\u0131r\u0131m\u0131 m\u0131?\",\"datePublished\":\"2026-05-20T04:17:48+00:00\",\"dateModified\":\"2026-05-20T04:17:51+00:00\",\"mainEntityOfPage\":{\"@id\":\"https:\\\/\\\/malatyareport.com.tr\\\/index.php\\\/2026\\\/05\\\/20\\\/hizli-tren-secim-yatirimi-mi\\\/\"},\"wordCount\":989,\"commentCount\":0,\"image\":{\"@id\":\"https:\\\/\\\/malatyareport.com.tr\\\/index.php\\\/2026\\\/05\\\/20\\\/hizli-tren-secim-yatirimi-mi\\\/#primaryimage\"},\"thumbnailUrl\":\"https:\\\/\\\/malatyareport.com.tr\\\/wp-content\\\/uploads\\\/2026\\\/05\\\/54808A48-8E60-451C-89F5-F934FC252DC3.jpeg\",\"keywords\":[\"#malatya #siyaset #timurince\"],\"articleSection\":[\"K\u00f6\u015fe Yaz\u0131lar\u0131\"],\"inLanguage\":\"tr\",\"potentialAction\":[{\"@type\":\"CommentAction\",\"name\":\"Comment\",\"target\":[\"https:\\\/\\\/malatyareport.com.tr\\\/index.php\\\/2026\\\/05\\\/20\\\/hizli-tren-secim-yatirimi-mi\\\/#respond\"]}]},{\"@type\":\"WebPage\",\"@id\":\"https:\\\/\\\/malatyareport.com.tr\\\/index.php\\\/2026\\\/05\\\/20\\\/hizli-tren-secim-yatirimi-mi\\\/\",\"url\":\"https:\\\/\\\/malatyareport.com.tr\\\/index.php\\\/2026\\\/05\\\/20\\\/hizli-tren-secim-yatirimi-mi\\\/\",\"name\":\"H\u0131zl\u0131 Tren Se\u00e7im Yat\u0131r\u0131m\u0131 m\u0131? - Malatya Report\",\"isPartOf\":{\"@id\":\"https:\\\/\\\/malatyareport.com.tr\\\/#website\"},\"primaryImageOfPage\":{\"@id\":\"https:\\\/\\\/malatyareport.com.tr\\\/index.php\\\/2026\\\/05\\\/20\\\/hizli-tren-secim-yatirimi-mi\\\/#primaryimage\"},\"image\":{\"@id\":\"https:\\\/\\\/malatyareport.com.tr\\\/index.php\\\/2026\\\/05\\\/20\\\/hizli-tren-secim-yatirimi-mi\\\/#primaryimage\"},\"thumbnailUrl\":\"https:\\\/\\\/malatyareport.com.tr\\\/wp-content\\\/uploads\\\/2026\\\/05\\\/54808A48-8E60-451C-89F5-F934FC252DC3.jpeg\",\"datePublished\":\"2026-05-20T04:17:48+00:00\",\"dateModified\":\"2026-05-20T04:17:51+00:00\",\"author\":{\"@id\":\"https:\\\/\\\/malatyareport.com.tr\\\/#\\\/schema\\\/person\\\/93146d94af76b792b58ac78050cc6da7\"},\"breadcrumb\":{\"@id\":\"https:\\\/\\\/malatyareport.com.tr\\\/index.php\\\/2026\\\/05\\\/20\\\/hizli-tren-secim-yatirimi-mi\\\/#breadcrumb\"},\"inLanguage\":\"tr\",\"potentialAction\":[{\"@type\":\"ReadAction\",\"target\":[\"https:\\\/\\\/malatyareport.com.tr\\\/index.php\\\/2026\\\/05\\\/20\\\/hizli-tren-secim-yatirimi-mi\\\/\"]}]},{\"@type\":\"ImageObject\",\"inLanguage\":\"tr\",\"@id\":\"https:\\\/\\\/malatyareport.com.tr\\\/index.php\\\/2026\\\/05\\\/20\\\/hizli-tren-secim-yatirimi-mi\\\/#primaryimage\",\"url\":\"https:\\\/\\\/i0.wp.com\\\/malatyareport.com.tr\\\/wp-content\\\/uploads\\\/2026\\\/05\\\/54808A48-8E60-451C-89F5-F934FC252DC3.jpeg?fit=800%2C895&ssl=1\",\"contentUrl\":\"https:\\\/\\\/i0.wp.com\\\/malatyareport.com.tr\\\/wp-content\\\/uploads\\\/2026\\\/05\\\/54808A48-8E60-451C-89F5-F934FC252DC3.jpeg?fit=800%2C895&ssl=1\",\"width\":800,\"height\":895},{\"@type\":\"BreadcrumbList\",\"@id\":\"https:\\\/\\\/malatyareport.com.tr\\\/index.php\\\/2026\\\/05\\\/20\\\/hizli-tren-secim-yatirimi-mi\\\/#breadcrumb\",\"itemListElement\":[{\"@type\":\"ListItem\",\"position\":1,\"name\":\"Anasayfa\",\"item\":\"https:\\\/\\\/malatyareport.com.tr\\\/\"},{\"@type\":\"ListItem\",\"position\":2,\"name\":\"H\u0131zl\u0131 Tren Se\u00e7im Yat\u0131r\u0131m\u0131 m\u0131?\"}]},{\"@type\":\"WebSite\",\"@id\":\"https:\\\/\\\/malatyareport.com.tr\\\/#website\",\"url\":\"https:\\\/\\\/malatyareport.com.tr\\\/\",\"name\":\"Malatya Report\",\"description\":\"\",\"potentialAction\":[{\"@type\":\"SearchAction\",\"target\":{\"@type\":\"EntryPoint\",\"urlTemplate\":\"https:\\\/\\\/malatyareport.com.tr\\\/?s={search_term_string}\"},\"query-input\":{\"@type\":\"PropertyValueSpecification\",\"valueRequired\":true,\"valueName\":\"search_term_string\"}}],\"inLanguage\":\"tr\"},{\"@type\":\"Person\",\"@id\":\"https:\\\/\\\/malatyareport.com.tr\\\/#\\\/schema\\\/person\\\/93146d94af76b792b58ac78050cc6da7\",\"name\":\"Timur \u0130nce\",\"image\":{\"@type\":\"ImageObject\",\"inLanguage\":\"tr\",\"@id\":\"https:\\\/\\\/secure.gravatar.com\\\/avatar\\\/e5ce118bd86e5549ff544e7c5b614da198ecaa7f8e9398b55d27ae1f117511d8?s=96&d=mm&r=g\",\"url\":\"https:\\\/\\\/secure.gravatar.com\\\/avatar\\\/e5ce118bd86e5549ff544e7c5b614da198ecaa7f8e9398b55d27ae1f117511d8?s=96&d=mm&r=g\",\"contentUrl\":\"https:\\\/\\\/secure.gravatar.com\\\/avatar\\\/e5ce118bd86e5549ff544e7c5b614da198ecaa7f8e9398b55d27ae1f117511d8?s=96&d=mm&r=g\",\"caption\":\"Timur \u0130nce\"},\"description\":\"Zaman\u0131n ruhunda bir damla m\u00fcrekkep olmay\u0131 isterdim. Bir damla m\u00fcrekkep bir ulusun kaderini yazmaya yeterlidir.\",\"sameAs\":[\"https:\\\/\\\/malatyareport.com.tr\",\"https:\\\/\\\/www.facebook.com\\\/timurince\",\"@timur_ince_t5_\",\"https:\\\/\\\/x.com\\\/@timurince11\"],\"url\":\"https:\\\/\\\/malatyareport.com.tr\\\/index.php\\\/author\\\/admin_6i9yniox\\\/\"}]}<\/script>\n<!-- \/ Yoast SEO plugin. -->","yoast_head_json":{"title":"H\u0131zl\u0131 Tren Se\u00e7im Yat\u0131r\u0131m\u0131 m\u0131? - Malatya Report","robots":{"index":"index","follow":"follow","max-snippet":"max-snippet:-1","max-image-preview":"max-image-preview:large","max-video-preview":"max-video-preview:-1"},"canonical":"https:\/\/malatyareport.com.tr\/index.php\/2026\/05\/20\/hizli-tren-secim-yatirimi-mi\/","og_locale":"tr_TR","og_type":"article","og_title":"H\u0131zl\u0131 Tren Se\u00e7im Yat\u0131r\u0131m\u0131 m\u0131? - Malatya Report","og_description":"\u201cEvla, hikaye odur ki; bizim Posk\u0131ran k\u00f6y\u00fcnde her y\u0131l&nbsp;&nbsp;kaymakama hediye olsun diye bir teneke tereya\u011f\u0131 g\u00f6t\u00fcr\u00fcp verirlermi\u015f. Ge\u00e7en y\u0131llar i\u00e7erisinde k\u00f6yl\u00fc usanm\u0131\u015f, her y\u0131l bir&#8230;","og_url":"https:\/\/malatyareport.com.tr\/index.php\/2026\/05\/20\/hizli-tren-secim-yatirimi-mi\/","og_site_name":"Malatya Report","article_author":"https:\/\/www.facebook.com\/timurince","article_published_time":"2026-05-20T04:17:48+00:00","article_modified_time":"2026-05-20T04:17:51+00:00","og_image":[{"url":"https:\/\/malatyareport.com.tr\/wp-content\/uploads\/2026\/05\/54808A48-8E60-451C-89F5-F934FC252DC3.jpeg","type":"","width":"","height":""}],"author":"Timur \u0130nce","twitter_card":"summary_large_image","twitter_creator":"@timurince11","twitter_misc":{"Yazan:":"Timur \u0130nce","Tahmini okuma s\u00fcresi":"5 dakika"},"schema":{"@context":"https:\/\/schema.org","@graph":[{"@type":"Article","@id":"https:\/\/malatyareport.com.tr\/index.php\/2026\/05\/20\/hizli-tren-secim-yatirimi-mi\/#article","isPartOf":{"@id":"https:\/\/malatyareport.com.tr\/index.php\/2026\/05\/20\/hizli-tren-secim-yatirimi-mi\/"},"author":{"name":"Timur \u0130nce","@id":"https:\/\/malatyareport.com.tr\/#\/schema\/person\/93146d94af76b792b58ac78050cc6da7"},"headline":"H\u0131zl\u0131 Tren Se\u00e7im Yat\u0131r\u0131m\u0131 m\u0131?","datePublished":"2026-05-20T04:17:48+00:00","dateModified":"2026-05-20T04:17:51+00:00","mainEntityOfPage":{"@id":"https:\/\/malatyareport.com.tr\/index.php\/2026\/05\/20\/hizli-tren-secim-yatirimi-mi\/"},"wordCount":989,"commentCount":0,"image":{"@id":"https:\/\/malatyareport.com.tr\/index.php\/2026\/05\/20\/hizli-tren-secim-yatirimi-mi\/#primaryimage"},"thumbnailUrl":"https:\/\/malatyareport.com.tr\/wp-content\/uploads\/2026\/05\/54808A48-8E60-451C-89F5-F934FC252DC3.jpeg","keywords":["#malatya #siyaset #timurince"],"articleSection":["K\u00f6\u015fe Yaz\u0131lar\u0131"],"inLanguage":"tr","potentialAction":[{"@type":"CommentAction","name":"Comment","target":["https:\/\/malatyareport.com.tr\/index.php\/2026\/05\/20\/hizli-tren-secim-yatirimi-mi\/#respond"]}]},{"@type":"WebPage","@id":"https:\/\/malatyareport.com.tr\/index.php\/2026\/05\/20\/hizli-tren-secim-yatirimi-mi\/","url":"https:\/\/malatyareport.com.tr\/index.php\/2026\/05\/20\/hizli-tren-secim-yatirimi-mi\/","name":"H\u0131zl\u0131 Tren Se\u00e7im Yat\u0131r\u0131m\u0131 m\u0131? - Malatya Report","isPartOf":{"@id":"https:\/\/malatyareport.com.tr\/#website"},"primaryImageOfPage":{"@id":"https:\/\/malatyareport.com.tr\/index.php\/2026\/05\/20\/hizli-tren-secim-yatirimi-mi\/#primaryimage"},"image":{"@id":"https:\/\/malatyareport.com.tr\/index.php\/2026\/05\/20\/hizli-tren-secim-yatirimi-mi\/#primaryimage"},"thumbnailUrl":"https:\/\/malatyareport.com.tr\/wp-content\/uploads\/2026\/05\/54808A48-8E60-451C-89F5-F934FC252DC3.jpeg","datePublished":"2026-05-20T04:17:48+00:00","dateModified":"2026-05-20T04:17:51+00:00","author":{"@id":"https:\/\/malatyareport.com.tr\/#\/schema\/person\/93146d94af76b792b58ac78050cc6da7"},"breadcrumb":{"@id":"https:\/\/malatyareport.com.tr\/index.php\/2026\/05\/20\/hizli-tren-secim-yatirimi-mi\/#breadcrumb"},"inLanguage":"tr","potentialAction":[{"@type":"ReadAction","target":["https:\/\/malatyareport.com.tr\/index.php\/2026\/05\/20\/hizli-tren-secim-yatirimi-mi\/"]}]},{"@type":"ImageObject","inLanguage":"tr","@id":"https:\/\/malatyareport.com.tr\/index.php\/2026\/05\/20\/hizli-tren-secim-yatirimi-mi\/#primaryimage","url":"https:\/\/i0.wp.com\/malatyareport.com.tr\/wp-content\/uploads\/2026\/05\/54808A48-8E60-451C-89F5-F934FC252DC3.jpeg?fit=800%2C895&ssl=1","contentUrl":"https:\/\/i0.wp.com\/malatyareport.com.tr\/wp-content\/uploads\/2026\/05\/54808A48-8E60-451C-89F5-F934FC252DC3.jpeg?fit=800%2C895&ssl=1","width":800,"height":895},{"@type":"BreadcrumbList","@id":"https:\/\/malatyareport.com.tr\/index.php\/2026\/05\/20\/hizli-tren-secim-yatirimi-mi\/#breadcrumb","itemListElement":[{"@type":"ListItem","position":1,"name":"Anasayfa","item":"https:\/\/malatyareport.com.tr\/"},{"@type":"ListItem","position":2,"name":"H\u0131zl\u0131 Tren Se\u00e7im Yat\u0131r\u0131m\u0131 m\u0131?"}]},{"@type":"WebSite","@id":"https:\/\/malatyareport.com.tr\/#website","url":"https:\/\/malatyareport.com.tr\/","name":"Malatya Report","description":"","potentialAction":[{"@type":"SearchAction","target":{"@type":"EntryPoint","urlTemplate":"https:\/\/malatyareport.com.tr\/?s={search_term_string}"},"query-input":{"@type":"PropertyValueSpecification","valueRequired":true,"valueName":"search_term_string"}}],"inLanguage":"tr"},{"@type":"Person","@id":"https:\/\/malatyareport.com.tr\/#\/schema\/person\/93146d94af76b792b58ac78050cc6da7","name":"Timur \u0130nce","image":{"@type":"ImageObject","inLanguage":"tr","@id":"https:\/\/secure.gravatar.com\/avatar\/e5ce118bd86e5549ff544e7c5b614da198ecaa7f8e9398b55d27ae1f117511d8?s=96&d=mm&r=g","url":"https:\/\/secure.gravatar.com\/avatar\/e5ce118bd86e5549ff544e7c5b614da198ecaa7f8e9398b55d27ae1f117511d8?s=96&d=mm&r=g","contentUrl":"https:\/\/secure.gravatar.com\/avatar\/e5ce118bd86e5549ff544e7c5b614da198ecaa7f8e9398b55d27ae1f117511d8?s=96&d=mm&r=g","caption":"Timur \u0130nce"},"description":"Zaman\u0131n ruhunda bir damla m\u00fcrekkep olmay\u0131 isterdim. Bir damla m\u00fcrekkep bir ulusun kaderini yazmaya yeterlidir.","sameAs":["https:\/\/malatyareport.com.tr","https:\/\/www.facebook.com\/timurince","@timur_ince_t5_","https:\/\/x.com\/@timurince11"],"url":"https:\/\/malatyareport.com.tr\/index.php\/author\/admin_6i9yniox\/"}]}},"jetpack_featured_media_url":"","jetpack_sharing_enabled":true,"_links":{"self":[{"href":"https:\/\/malatyareport.com.tr\/index.php\/wp-json\/wp\/v2\/posts\/1087","targetHints":{"allow":["GET"]}}],"collection":[{"href":"https:\/\/malatyareport.com.tr\/index.php\/wp-json\/wp\/v2\/posts"}],"about":[{"href":"https:\/\/malatyareport.com.tr\/index.php\/wp-json\/wp\/v2\/types\/post"}],"author":[{"embeddable":true,"href":"https:\/\/malatyareport.com.tr\/index.php\/wp-json\/wp\/v2\/users\/1"}],"replies":[{"embeddable":true,"href":"https:\/\/malatyareport.com.tr\/index.php\/wp-json\/wp\/v2\/comments?post=1087"}],"version-history":[{"count":1,"href":"https:\/\/malatyareport.com.tr\/index.php\/wp-json\/wp\/v2\/posts\/1087\/revisions"}],"predecessor-version":[{"id":1089,"href":"https:\/\/malatyareport.com.tr\/index.php\/wp-json\/wp\/v2\/posts\/1087\/revisions\/1089"}],"wp:attachment":[{"href":"https:\/\/malatyareport.com.tr\/index.php\/wp-json\/wp\/v2\/media?parent=1087"}],"wp:term":[{"taxonomy":"category","embeddable":true,"href":"https:\/\/malatyareport.com.tr\/index.php\/wp-json\/wp\/v2\/categories?post=1087"},{"taxonomy":"post_tag","embeddable":true,"href":"https:\/\/malatyareport.com.tr\/index.php\/wp-json\/wp\/v2\/tags?post=1087"}],"curies":[{"name":"wp","href":"https:\/\/api.w.org\/{rel}","templated":true}]}}