{"id":1112,"date":"2026-06-03T04:54:56","date_gmt":"2026-06-03T04:54:56","guid":{"rendered":"https:\/\/malatyareport.com.tr\/?p=1112"},"modified":"2026-06-03T04:54:59","modified_gmt":"2026-06-03T04:54:59","slug":"bundan-sonra-ne-olacak","status":"publish","type":"post","link":"https:\/\/malatyareport.com.tr\/index.php\/2026\/06\/03\/bundan-sonra-ne-olacak\/","title":{"rendered":"BUNDAN SONRA NE OLACAK?"},"content":{"rendered":"\n<figure class=\"wp-block-image size-full\"><img data-recalc-dims=\"1\" loading=\"lazy\" decoding=\"async\" width=\"797\" height=\"882\" src=\"https:\/\/i0.wp.com\/malatyareport.com.tr\/wp-content\/uploads\/2026\/06\/0D54A125-7CCC-4EEB-A3B5-D98DB32C7BFB.jpeg?resize=797%2C882&#038;ssl=1\" alt=\"\" class=\"wp-image-1113\" srcset=\"https:\/\/i0.wp.com\/malatyareport.com.tr\/wp-content\/uploads\/2026\/06\/0D54A125-7CCC-4EEB-A3B5-D98DB32C7BFB.jpeg?w=797&amp;ssl=1 797w, https:\/\/i0.wp.com\/malatyareport.com.tr\/wp-content\/uploads\/2026\/06\/0D54A125-7CCC-4EEB-A3B5-D98DB32C7BFB.jpeg?resize=271%2C300&amp;ssl=1 271w, https:\/\/i0.wp.com\/malatyareport.com.tr\/wp-content\/uploads\/2026\/06\/0D54A125-7CCC-4EEB-A3B5-D98DB32C7BFB.jpeg?resize=768%2C850&amp;ssl=1 768w\" sizes=\"auto, (max-width: 797px) 100vw, 797px\" \/><\/figure>\n\n\n\n<p class=\"wp-block-paragraph\">Bu yaz\u0131y\u0131 d\u00fcz bir mant\u0131kla, hi\u00e7 bir derinlik ve edebiyat cazibesi katmadan, bilakis kendi duygu d\u00fc\u015f\u00fcncelerime vicdani \u00e7er\u00e7eveden g\u00f6zlemlediklerimi, g\u00f6rd\u00fcklerim, bana ula\u015fan serzeni\u015fler, toplumun dip taban\u0131ndan birikmi\u015f talepler do\u011frultusunda kaleme al\u0131yorum.&nbsp;<\/p>\n\n\n\n<p class=\"wp-block-paragraph\">Ba\u015fl\u0131kta sordu\u011fum sorunun cevab\u0131na gelince, \u00e7ok uzatmadan her \u015fey \u00e7ok a\u00e7\u0131k de\u011fil mi? Art\u0131k hi\u00e7 bir \u015fey olmayacak. \u00c7\u00fcnk\u00fc umudumuzu kestik. Siyasetten bir m\u00fcddet beklemeyi b\u0131rakt\u0131k.&nbsp;<\/p>\n\n\n\n<p class=\"wp-block-paragraph\">\u00c7oktan bir se\u00e7im havas\u0131na girdi\u011fimiz \u015fu g\u00fcnlerde siyasilerin koltuk payla\u015fma arifesinde ne olabilir ki?&nbsp;<\/p>\n\n\n\n<p class=\"wp-block-paragraph\">Siyasetin halkla aras\u0131nda diyarlar, u\u00e7urumlar, uzun menziller koydu\u011funu tekrarlamam\u0131n bilmem ne \u00f6nemi var! Nas\u0131l olsa siyaset yapman\u0131n standartlar\u0131 belli \u00fclkemizde. L\u00fcks ara\u00e7lar, parti destekli paralarla bir konvoy, fakir fukaran\u0131n kap\u0131lar\u0131nda bitti\u011fimizde kuzu kuzu oyunu vermekten ba\u015fka \u00e7areleri yok diye g\u00f6rd\u00fckleri o kaderine terk edilmi\u015f, mazlum, yitik halk\u0131n hikayesi?<\/p>\n\n\n\n<p class=\"wp-block-paragraph\">Sonras\u0131n\u0131 anam\u0131z\u0131n ak s\u00fct\u00fc gibi ezberlemi\u015fiz. Dibine kadar Ankara sevinsin, birde alt\u0131ma bir AUD\u0130 A8 Long ald\u0131k m\u0131, Ramazan ay\u0131nda bir iki iftar sofras\u0131nda kadraj, bir \u00e7ocu\u011fu kucaklarken g\u00f6r\u00fcnt\u00fc, arada \u00e7\u0131kar bir iki slogan da patlat\u0131ld\u0131 m\u0131 be\u015f y\u0131l\u0131n hat\u0131r\u0131 ba\u015f g\u00f6z \u00fcst\u00fcne.&nbsp;<\/p>\n\n\n\n<p class=\"wp-block-paragraph\">Vatanda\u015f halen siyaseti ve siyast\u00e7iyi devlet b\u00fcy\u00fc\u011f\u00fc olarak g\u00f6rme e\u011filimlerinden dolay\u0131 \u00f6nlerinde ilik ilikleme, el pen\u00e7e diz divan ruh hali, ne diyece\u011fini bilmeme paradoksu i\u00e7inde iken kar\u015f\u0131s\u0131nda yine de pek m\u00fctmain olmam\u0131\u015f tuhaf bir y\u00fcz ifadesiyle \u201caz kald\u0131\u201d modundan bekleyen, periyodik zenginli\u011fine 10, 100 kat daha zenginlik katmaya haz\u0131rlanan kurttan habersiz bir halk ger\u00e7e\u011fi.&nbsp;<\/p>\n\n\n\n<p class=\"wp-block-paragraph\">Heralde siyaset\u00e7ilerin en b\u00fcy\u00fck aptall\u0131\u011f\u0131, i\u015fi yok gidip milletin derdinin pe\u015finde ko\u015fmak olsun. .&nbsp;<\/p>\n\n\n\n<p class=\"wp-block-paragraph\">Hele se\u00e7im \u00f6ncesi kli\u015fele\u015fmi\u015f s\u00f6z kal\u0131plar\u0131 hepsi siyasetin ve paran\u0131n sa\u011flad\u0131\u011f\u0131 bir kudretle devreye girer ki sormay\u0131n -\u201cYapaca\u011f\u0131z-edece\u011fiz-olaca\u011f\u0131z\u2019la\u201d s\u00fcslenmi\u015f s\u00f6z dizilimleri\u2026 -ca\u011f\u0131z -ce\u011fiz, -co\u011fuz\u2019le biten laf kal\u0131plar\u0131 y\u0131llardan beri nas\u0131l i\u015fe yarad\u0131ysa yine yarayacak konforu, rahatl\u0131\u011f\u0131\u2026<\/p>\n\n\n\n<p class=\"wp-block-paragraph\">Vaatler, \u00f6zge\u00e7mi\u015fe boca edilmi\u015f tuhaf yabanc\u0131 men\u015feli diploma isimleri, devam\u0131nda d\u00fcnyay\u0131 dize getirmi\u015f kadar bilgi-beceri, yine bilindik kurtar\u0131c\u0131 dili, diksiyonerler taraf\u0131ndan haz\u0131rlanm\u0131\u015f mimikler, ezberlenmi\u015f bir ka\u00e7 kritik c\u00fcmle ve pahal\u0131 foto\u011fraf makineler ile \u00e7ekilmi\u015f g\u00f6z\u00fcm\u00fcz i\u00e7ine sokulan posterler, pankartlar.&nbsp;<\/p>\n\n\n\n<p class=\"wp-block-paragraph\">Nas\u0131l olsa hedef belli. Bir se\u00e7ilelim, Ankara\u2019ya hele bir kapa\u011f\u0131 atal\u0131m gerisi \u00e7orap s\u00f6k\u00fc\u011f\u00fc gibi kendili\u011finden zaten gelir inan\u0131\u015f\u0131. Ondan sonra rantlar, paralar, yeni ihaleler, pastadan payda\u015f olmalar, devletin sa\u011flad\u0131\u011f\u0131 ultra l\u00fcks imkanlar vs. Ne halk\u0131, ne hizmeti, ne vatanda\u015f\u0131.&nbsp;<\/p>\n\n\n\n<p class=\"wp-block-paragraph\">B\u0131rak\u0131n Allah a\u015fk\u0131na, siz gidin onu bizim k\u00fcllah\u0131maza anlat\u0131n.&nbsp;<\/p>\n\n\n\n<p class=\"wp-block-paragraph\">Onlar se\u00e7imden \u00f6nce ve sonra diye ikiye ayr\u0131l\u0131r.&nbsp;<\/p>\n\n\n\n<p class=\"wp-block-paragraph\">\u00d6ncesini de biliyoruz sonras\u0131n\u0131 da.&nbsp;<\/p>\n\n\n\n<p class=\"wp-block-paragraph\">T\u00fcrkiye batm\u0131\u015f-bitmi\u015f, ekonomi yerlerde s\u00fcr\u00fcn\u00fcyor, halk zamlardan illallah etmi\u015f, fakir fukaran\u0131n can\u0131 burnunda m\u0131, banka kredilerini \u00f6deyemeyen, faturalar\u0131n bir b\u00fckl\u00fcm b\u0131rakt\u0131\u011f\u0131 babalar, k\u00f6yl\u00fc-\u00fcretici zorda, emekli i\u015f\u00e7i parampar\u00e7a i\u015fte bunlar hi\u00e7 biri siyasi yetkiliyi ve siyaseti ba\u011flamaz.&nbsp;<\/p>\n\n\n\n<p class=\"wp-block-paragraph\">Siyaseti ne ba\u011flar biliyor musunuz?&nbsp;&nbsp;Siyaseten gelecek g\u00fc\u00e7 klikleri, m\u00fcthi\u015f servetler, ye k\u00fcrk\u00fcm ye d\u00f6nemi ba\u011flar sadece.&nbsp;&nbsp;<\/p>\n\n\n\n<p class=\"wp-block-paragraph\">Bak\u0131yorum da; son analizlerime g\u00f6re ilimiz Malatya\u2019da yeni d\u00f6nemde s\u0131rf en az 50 ki\u015fi kadar \u015fimdiden milletvekilli\u011fine can\u015f\u0131rah bir \u015fekilde haz\u0131rlanmak i\u00e7in d\u00fc\u011fmeye basm\u0131\u015f g\u00f6r\u00fcn\u00fcyor. Haz\u0131rlanmak kelimesi masum bir terim. Ba\u011flant\u0131lar, etraf\u0131n\u0131 t\u0131rpanlama, yak\u0131n g\u00f6rd\u00fckleri \u00fcstlerden medet eyleme, mevkiler a\u015f\u0131nd\u0131r\u0131lmaya ba\u015fland\u0131 \u00e7oktan.&nbsp;<\/p>\n\n\n\n<p class=\"wp-block-paragraph\">Sorsan halka hizmet i\u00e7in gelmek istiyoruz diyecekler. Canlar\u0131m benim, demek halk ha? Kal\u0131b\u0131m\u0131 \u00fczerine basar\u0131m. Gidin sorun. Ka\u00e7 aday var ise hepsi ba\u015ftan sona ayn\u0131 telefuzlar\u0131 tak\u0131r tak\u0131r sayacaklard\u0131r. Ama onlar halk derken siz servet olarak anlay\u0131n.&nbsp;<\/p>\n\n\n\n<p class=\"wp-block-paragraph\">Hele kesenin a\u011fz\u0131 bir a\u00e7\u0131l\u0131r ki, kar\u015f\u0131l\u0131\u011f\u0131n\u0131 fazlas\u0131yla alaca\u011f\u0131ndan o kadar eminler milyonlar \u00e7erez paras\u0131na d\u00f6n\u00fc\u015f\u00fcr bir anda.&nbsp;<\/p>\n\n\n\n<p class=\"wp-block-paragraph\">Namuslu, halen az da olsa \u015feref ta\u015f\u0131yan, ekme\u011fini al\u0131n terinden \u00e7\u0131karan insanlara soruyorum: sizce neden vekil olmak istiyorlar acaba diye sorsam cevab\u0131n\u0131 hepimiz biliyoruz de\u011fil mi?&nbsp;<\/p>\n\n\n\n<p class=\"wp-block-paragraph\">\u00c7\u00fcnk\u00fc siyaset e\u015fittir para. E\u015fittir g\u00fc\u00e7, ihti\u015fam, imkan, h\u00fckmetmek, l\u00fcks, \u015fatafat.&nbsp;&nbsp;&nbsp;Ba\u015fka bir amac\u0131 olmaz, olamaz. Ben art\u0131k bundan o kadar emin oldum ki hatta yemin dahi i\u00e7meye haz\u0131r\u0131m. O y\u00fczden siyasetin konumu da yeri de belli. Halk\u0131m\u0131z\u0131n da durdu\u011fu yer de belli. Siyaset \u00f6yle zehirli bir yemek ki yiyen masadan kalkmak istemiyor bir daha. Bak\u0131n siyasilere kimisi \u015fimdiden koltu\u011funu koruma kramplar\u0131n\u0131 ya\u015f\u0131yor, kimi son d\u00f6nemim bari belediye ba\u015fkanl\u0131\u011f\u0131n\u0131 kapa\u011f\u0131 atarsam yeme de yan\u0131nda yat derdinde, kimi Ankara\u2019dan i\u00e7i dolu bol s\u0131f\u0131rl\u0131 vaatlerle yeni bir koltu\u011fu kapma heyecan\u0131nda.&nbsp;<\/p>\n\n\n\n<p class=\"wp-block-paragraph\">Yaz\u0131lar\u0131m\u0131 her seferinde ortalama 800-1000 ki\u015fi kadar okuyucuya ula\u015f\u0131yor.&nbsp;&nbsp;Galiba hep bilindik ayn\u0131 okuyucu kesimi. Yani ne dersek diyelim hi\u00e7 bir \u015fey de\u011fi\u015fmeyece\u011fini de biliyoruz. Malatya \u015fehrini belki bilmezsiniz ama b\u00f6yle de\u011fildi. B\u00f6yle olmamal\u0131yd\u0131. Bu kadar \u00e7aresiz, d\u00fczensiz, ba\u015f\u0131 bo\u015f kalmamal\u0131yd\u0131. Kendine bir \u00e7eki d\u00fczen vermesi, bir silkelenmesi gerekiyor ama nas\u0131l onun da bir cevab\u0131 yok. Tek bildi\u011fim bu h\u0131rs, parag\u00f6zl\u00fck, siyaseti daha da zengin olmak aparat\u0131 olarak kullanmak isteyen sefiller y\u00fcz\u00fcnden bu millete yaz\u0131k oldu\u011fu.&nbsp;<\/p>\n\n\n\n<p class=\"wp-block-paragraph\">T\u00fcrkiye Birle\u015fmi\u015f Milletler ve T\u00dc\u0130K verilerine g\u00f6re ya\u015f ortalamas\u0131 2026 y\u0131ll\u0131nda 34,9 olarak \u00f6l\u00e7\u00fclmektedir. Hadi Allah size torpil ge\u00e7ti 70-80\u2019i g\u00f6rd\u00fcn\u00fcz diyelim. Sonras\u0131 yine musalla ta\u015f\u0131. Gelin bunca vebal almayal\u0131m, gerek yok. Hak, adalet az biraz da Allah inanc\u0131n\u0131 da ekleyelim ve \u00f6yle hareket edelim. Fakir fukaray\u0131, da\u011f\u0131n ba\u015f\u0131nda hayalleri olan \u00e7ocuklar\u0131n oldu\u011funu, ekme\u011fi i\u00e7in birilerinin nas\u0131l sava\u015f verdi\u011fini de d\u00fc\u015f\u00fcnelim derim. Sadece diyorum.&nbsp;&nbsp;Yine de siz bilirsiniz.&nbsp;<\/p>\n","protected":false},"excerpt":{"rendered":"<p>Bu yaz\u0131y\u0131 d\u00fcz bir mant\u0131kla, hi\u00e7 bir derinlik ve edebiyat cazibesi katmadan, bilakis kendi duygu d\u00fc\u015f\u00fcncelerime vicdani \u00e7er\u00e7eveden g\u00f6zlemlediklerimi, g\u00f6rd\u00fcklerim, bana ula\u015fan serzeni\u015fler, toplumun dip&#8230;<\/p>\n<div class=\"more-link-wrapper\"><a class=\"more-link\" href=\"https:\/\/malatyareport.com.tr\/index.php\/2026\/06\/03\/bundan-sonra-ne-olacak\/\">Devam\u0131n\u0131 okuyun<span class=\"screen-reader-text\">BUNDAN SONRA NE OLACAK?<\/span><\/a><\/div>\n","protected":false},"author":1,"featured_media":0,"comment_status":"open","ping_status":"open","sticky":false,"template":"","format":"standard","meta":{"_jetpack_memberships_contains_paid_content":false,"footnotes":""},"categories":[5],"tags":[],"class_list":["post-1112","post","type-post","status-publish","format-standard","hentry","category-kose-yazilari","entry"],"yoast_head":"<!-- This site is optimized with the Yoast SEO plugin v28.2 - https:\/\/yoast.com\/product\/yoast-seo-wordpress\/ -->\n<title>BUNDAN SONRA NE OLACAK? - Malatya Report<\/title>\n<meta name=\"robots\" content=\"index, follow, max-snippet:-1, max-image-preview:large, max-video-preview:-1\" \/>\n<link rel=\"canonical\" href=\"https:\/\/malatyareport.com.tr\/index.php\/2026\/06\/03\/bundan-sonra-ne-olacak\/\" \/>\n<meta property=\"og:locale\" content=\"tr_TR\" \/>\n<meta property=\"og:type\" content=\"article\" \/>\n<meta property=\"og:title\" content=\"BUNDAN SONRA NE OLACAK? - Malatya Report\" \/>\n<meta property=\"og:description\" content=\"Bu yaz\u0131y\u0131 d\u00fcz bir mant\u0131kla, hi\u00e7 bir derinlik ve edebiyat cazibesi katmadan, bilakis kendi duygu d\u00fc\u015f\u00fcncelerime vicdani \u00e7er\u00e7eveden g\u00f6zlemlediklerimi, g\u00f6rd\u00fcklerim, bana ula\u015fan serzeni\u015fler, toplumun dip&#8230;\" \/>\n<meta property=\"og:url\" content=\"https:\/\/malatyareport.com.tr\/index.php\/2026\/06\/03\/bundan-sonra-ne-olacak\/\" \/>\n<meta property=\"og:site_name\" content=\"Malatya Report\" \/>\n<meta property=\"article:author\" content=\"https:\/\/www.facebook.com\/timurince\" \/>\n<meta property=\"article:published_time\" content=\"2026-06-03T04:54:56+00:00\" \/>\n<meta property=\"article:modified_time\" content=\"2026-06-03T04:54:59+00:00\" \/>\n<meta property=\"og:image\" content=\"https:\/\/malatyareport.com.tr\/wp-content\/uploads\/2026\/06\/0D54A125-7CCC-4EEB-A3B5-D98DB32C7BFB.jpeg\" \/>\n<meta name=\"author\" content=\"Timur \u0130nce\" \/>\n<meta name=\"twitter:card\" content=\"summary_large_image\" \/>\n<meta name=\"twitter:creator\" content=\"@timurince11\" \/>\n<meta name=\"twitter:label1\" content=\"Yazan:\" \/>\n\t<meta name=\"twitter:data1\" content=\"Timur \u0130nce\" \/>\n\t<meta name=\"twitter:label2\" content=\"Tahmini okuma s\u00fcresi\" \/>\n\t<meta name=\"twitter:data2\" content=\"5 dakika\" \/>\n<script type=\"application\/ld+json\" class=\"yoast-schema-graph\">{\"@context\":\"https:\\\/\\\/schema.org\",\"@graph\":[{\"@type\":\"Article\",\"@id\":\"https:\\\/\\\/malatyareport.com.tr\\\/index.php\\\/2026\\\/06\\\/03\\\/bundan-sonra-ne-olacak\\\/#article\",\"isPartOf\":{\"@id\":\"https:\\\/\\\/malatyareport.com.tr\\\/index.php\\\/2026\\\/06\\\/03\\\/bundan-sonra-ne-olacak\\\/\"},\"author\":{\"name\":\"Timur \u0130nce\",\"@id\":\"https:\\\/\\\/malatyareport.com.tr\\\/#\\\/schema\\\/person\\\/93146d94af76b792b58ac78050cc6da7\"},\"headline\":\"BUNDAN SONRA NE OLACAK?\",\"datePublished\":\"2026-06-03T04:54:56+00:00\",\"dateModified\":\"2026-06-03T04:54:59+00:00\",\"mainEntityOfPage\":{\"@id\":\"https:\\\/\\\/malatyareport.com.tr\\\/index.php\\\/2026\\\/06\\\/03\\\/bundan-sonra-ne-olacak\\\/\"},\"wordCount\":1092,\"commentCount\":0,\"image\":{\"@id\":\"https:\\\/\\\/malatyareport.com.tr\\\/index.php\\\/2026\\\/06\\\/03\\\/bundan-sonra-ne-olacak\\\/#primaryimage\"},\"thumbnailUrl\":\"https:\\\/\\\/malatyareport.com.tr\\\/wp-content\\\/uploads\\\/2026\\\/06\\\/0D54A125-7CCC-4EEB-A3B5-D98DB32C7BFB.jpeg\",\"articleSection\":[\"K\u00f6\u015fe Yaz\u0131lar\u0131\"],\"inLanguage\":\"tr\",\"potentialAction\":[{\"@type\":\"CommentAction\",\"name\":\"Comment\",\"target\":[\"https:\\\/\\\/malatyareport.com.tr\\\/index.php\\\/2026\\\/06\\\/03\\\/bundan-sonra-ne-olacak\\\/#respond\"]}]},{\"@type\":\"WebPage\",\"@id\":\"https:\\\/\\\/malatyareport.com.tr\\\/index.php\\\/2026\\\/06\\\/03\\\/bundan-sonra-ne-olacak\\\/\",\"url\":\"https:\\\/\\\/malatyareport.com.tr\\\/index.php\\\/2026\\\/06\\\/03\\\/bundan-sonra-ne-olacak\\\/\",\"name\":\"BUNDAN SONRA NE OLACAK? - Malatya Report\",\"isPartOf\":{\"@id\":\"https:\\\/\\\/malatyareport.com.tr\\\/#website\"},\"primaryImageOfPage\":{\"@id\":\"https:\\\/\\\/malatyareport.com.tr\\\/index.php\\\/2026\\\/06\\\/03\\\/bundan-sonra-ne-olacak\\\/#primaryimage\"},\"image\":{\"@id\":\"https:\\\/\\\/malatyareport.com.tr\\\/index.php\\\/2026\\\/06\\\/03\\\/bundan-sonra-ne-olacak\\\/#primaryimage\"},\"thumbnailUrl\":\"https:\\\/\\\/malatyareport.com.tr\\\/wp-content\\\/uploads\\\/2026\\\/06\\\/0D54A125-7CCC-4EEB-A3B5-D98DB32C7BFB.jpeg\",\"datePublished\":\"2026-06-03T04:54:56+00:00\",\"dateModified\":\"2026-06-03T04:54:59+00:00\",\"author\":{\"@id\":\"https:\\\/\\\/malatyareport.com.tr\\\/#\\\/schema\\\/person\\\/93146d94af76b792b58ac78050cc6da7\"},\"breadcrumb\":{\"@id\":\"https:\\\/\\\/malatyareport.com.tr\\\/index.php\\\/2026\\\/06\\\/03\\\/bundan-sonra-ne-olacak\\\/#breadcrumb\"},\"inLanguage\":\"tr\",\"potentialAction\":[{\"@type\":\"ReadAction\",\"target\":[\"https:\\\/\\\/malatyareport.com.tr\\\/index.php\\\/2026\\\/06\\\/03\\\/bundan-sonra-ne-olacak\\\/\"]}]},{\"@type\":\"ImageObject\",\"inLanguage\":\"tr\",\"@id\":\"https:\\\/\\\/malatyareport.com.tr\\\/index.php\\\/2026\\\/06\\\/03\\\/bundan-sonra-ne-olacak\\\/#primaryimage\",\"url\":\"https:\\\/\\\/i0.wp.com\\\/malatyareport.com.tr\\\/wp-content\\\/uploads\\\/2026\\\/06\\\/0D54A125-7CCC-4EEB-A3B5-D98DB32C7BFB.jpeg?fit=797%2C882&ssl=1\",\"contentUrl\":\"https:\\\/\\\/i0.wp.com\\\/malatyareport.com.tr\\\/wp-content\\\/uploads\\\/2026\\\/06\\\/0D54A125-7CCC-4EEB-A3B5-D98DB32C7BFB.jpeg?fit=797%2C882&ssl=1\",\"width\":797,\"height\":882},{\"@type\":\"BreadcrumbList\",\"@id\":\"https:\\\/\\\/malatyareport.com.tr\\\/index.php\\\/2026\\\/06\\\/03\\\/bundan-sonra-ne-olacak\\\/#breadcrumb\",\"itemListElement\":[{\"@type\":\"ListItem\",\"position\":1,\"name\":\"Anasayfa\",\"item\":\"https:\\\/\\\/malatyareport.com.tr\\\/\"},{\"@type\":\"ListItem\",\"position\":2,\"name\":\"BUNDAN SONRA NE OLACAK?\"}]},{\"@type\":\"WebSite\",\"@id\":\"https:\\\/\\\/malatyareport.com.tr\\\/#website\",\"url\":\"https:\\\/\\\/malatyareport.com.tr\\\/\",\"name\":\"Malatya Report\",\"description\":\"\",\"potentialAction\":[{\"@type\":\"SearchAction\",\"target\":{\"@type\":\"EntryPoint\",\"urlTemplate\":\"https:\\\/\\\/malatyareport.com.tr\\\/?s={search_term_string}\"},\"query-input\":{\"@type\":\"PropertyValueSpecification\",\"valueRequired\":true,\"valueName\":\"search_term_string\"}}],\"inLanguage\":\"tr\"},{\"@type\":\"Person\",\"@id\":\"https:\\\/\\\/malatyareport.com.tr\\\/#\\\/schema\\\/person\\\/93146d94af76b792b58ac78050cc6da7\",\"name\":\"Timur \u0130nce\",\"image\":{\"@type\":\"ImageObject\",\"inLanguage\":\"tr\",\"@id\":\"https:\\\/\\\/secure.gravatar.com\\\/avatar\\\/e5ce118bd86e5549ff544e7c5b614da198ecaa7f8e9398b55d27ae1f117511d8?s=96&d=mm&r=g\",\"url\":\"https:\\\/\\\/secure.gravatar.com\\\/avatar\\\/e5ce118bd86e5549ff544e7c5b614da198ecaa7f8e9398b55d27ae1f117511d8?s=96&d=mm&r=g\",\"contentUrl\":\"https:\\\/\\\/secure.gravatar.com\\\/avatar\\\/e5ce118bd86e5549ff544e7c5b614da198ecaa7f8e9398b55d27ae1f117511d8?s=96&d=mm&r=g\",\"caption\":\"Timur \u0130nce\"},\"description\":\"Zaman\u0131n ruhunda bir damla m\u00fcrekkep olmay\u0131 isterdim. Bir damla m\u00fcrekkep bir ulusun kaderini yazmaya yeterlidir.\",\"sameAs\":[\"https:\\\/\\\/malatyareport.com.tr\",\"https:\\\/\\\/www.facebook.com\\\/timurince\",\"@timur_ince_t5_\",\"https:\\\/\\\/x.com\\\/@timurince11\"],\"url\":\"https:\\\/\\\/malatyareport.com.tr\\\/index.php\\\/author\\\/admin_6i9yniox\\\/\"}]}<\/script>\n<!-- \/ Yoast SEO plugin. -->","yoast_head_json":{"title":"BUNDAN SONRA NE OLACAK? - Malatya Report","robots":{"index":"index","follow":"follow","max-snippet":"max-snippet:-1","max-image-preview":"max-image-preview:large","max-video-preview":"max-video-preview:-1"},"canonical":"https:\/\/malatyareport.com.tr\/index.php\/2026\/06\/03\/bundan-sonra-ne-olacak\/","og_locale":"tr_TR","og_type":"article","og_title":"BUNDAN SONRA NE OLACAK? - Malatya Report","og_description":"Bu yaz\u0131y\u0131 d\u00fcz bir mant\u0131kla, hi\u00e7 bir derinlik ve edebiyat cazibesi katmadan, bilakis kendi duygu d\u00fc\u015f\u00fcncelerime vicdani \u00e7er\u00e7eveden g\u00f6zlemlediklerimi, g\u00f6rd\u00fcklerim, bana ula\u015fan serzeni\u015fler, toplumun dip&#8230;","og_url":"https:\/\/malatyareport.com.tr\/index.php\/2026\/06\/03\/bundan-sonra-ne-olacak\/","og_site_name":"Malatya Report","article_author":"https:\/\/www.facebook.com\/timurince","article_published_time":"2026-06-03T04:54:56+00:00","article_modified_time":"2026-06-03T04:54:59+00:00","og_image":[{"url":"https:\/\/malatyareport.com.tr\/wp-content\/uploads\/2026\/06\/0D54A125-7CCC-4EEB-A3B5-D98DB32C7BFB.jpeg","type":"","width":"","height":""}],"author":"Timur \u0130nce","twitter_card":"summary_large_image","twitter_creator":"@timurince11","twitter_misc":{"Yazan:":"Timur \u0130nce","Tahmini okuma s\u00fcresi":"5 dakika"},"schema":{"@context":"https:\/\/schema.org","@graph":[{"@type":"Article","@id":"https:\/\/malatyareport.com.tr\/index.php\/2026\/06\/03\/bundan-sonra-ne-olacak\/#article","isPartOf":{"@id":"https:\/\/malatyareport.com.tr\/index.php\/2026\/06\/03\/bundan-sonra-ne-olacak\/"},"author":{"name":"Timur \u0130nce","@id":"https:\/\/malatyareport.com.tr\/#\/schema\/person\/93146d94af76b792b58ac78050cc6da7"},"headline":"BUNDAN SONRA NE OLACAK?","datePublished":"2026-06-03T04:54:56+00:00","dateModified":"2026-06-03T04:54:59+00:00","mainEntityOfPage":{"@id":"https:\/\/malatyareport.com.tr\/index.php\/2026\/06\/03\/bundan-sonra-ne-olacak\/"},"wordCount":1092,"commentCount":0,"image":{"@id":"https:\/\/malatyareport.com.tr\/index.php\/2026\/06\/03\/bundan-sonra-ne-olacak\/#primaryimage"},"thumbnailUrl":"https:\/\/malatyareport.com.tr\/wp-content\/uploads\/2026\/06\/0D54A125-7CCC-4EEB-A3B5-D98DB32C7BFB.jpeg","articleSection":["K\u00f6\u015fe Yaz\u0131lar\u0131"],"inLanguage":"tr","potentialAction":[{"@type":"CommentAction","name":"Comment","target":["https:\/\/malatyareport.com.tr\/index.php\/2026\/06\/03\/bundan-sonra-ne-olacak\/#respond"]}]},{"@type":"WebPage","@id":"https:\/\/malatyareport.com.tr\/index.php\/2026\/06\/03\/bundan-sonra-ne-olacak\/","url":"https:\/\/malatyareport.com.tr\/index.php\/2026\/06\/03\/bundan-sonra-ne-olacak\/","name":"BUNDAN SONRA NE OLACAK? - Malatya Report","isPartOf":{"@id":"https:\/\/malatyareport.com.tr\/#website"},"primaryImageOfPage":{"@id":"https:\/\/malatyareport.com.tr\/index.php\/2026\/06\/03\/bundan-sonra-ne-olacak\/#primaryimage"},"image":{"@id":"https:\/\/malatyareport.com.tr\/index.php\/2026\/06\/03\/bundan-sonra-ne-olacak\/#primaryimage"},"thumbnailUrl":"https:\/\/malatyareport.com.tr\/wp-content\/uploads\/2026\/06\/0D54A125-7CCC-4EEB-A3B5-D98DB32C7BFB.jpeg","datePublished":"2026-06-03T04:54:56+00:00","dateModified":"2026-06-03T04:54:59+00:00","author":{"@id":"https:\/\/malatyareport.com.tr\/#\/schema\/person\/93146d94af76b792b58ac78050cc6da7"},"breadcrumb":{"@id":"https:\/\/malatyareport.com.tr\/index.php\/2026\/06\/03\/bundan-sonra-ne-olacak\/#breadcrumb"},"inLanguage":"tr","potentialAction":[{"@type":"ReadAction","target":["https:\/\/malatyareport.com.tr\/index.php\/2026\/06\/03\/bundan-sonra-ne-olacak\/"]}]},{"@type":"ImageObject","inLanguage":"tr","@id":"https:\/\/malatyareport.com.tr\/index.php\/2026\/06\/03\/bundan-sonra-ne-olacak\/#primaryimage","url":"https:\/\/i0.wp.com\/malatyareport.com.tr\/wp-content\/uploads\/2026\/06\/0D54A125-7CCC-4EEB-A3B5-D98DB32C7BFB.jpeg?fit=797%2C882&ssl=1","contentUrl":"https:\/\/i0.wp.com\/malatyareport.com.tr\/wp-content\/uploads\/2026\/06\/0D54A125-7CCC-4EEB-A3B5-D98DB32C7BFB.jpeg?fit=797%2C882&ssl=1","width":797,"height":882},{"@type":"BreadcrumbList","@id":"https:\/\/malatyareport.com.tr\/index.php\/2026\/06\/03\/bundan-sonra-ne-olacak\/#breadcrumb","itemListElement":[{"@type":"ListItem","position":1,"name":"Anasayfa","item":"https:\/\/malatyareport.com.tr\/"},{"@type":"ListItem","position":2,"name":"BUNDAN SONRA NE OLACAK?"}]},{"@type":"WebSite","@id":"https:\/\/malatyareport.com.tr\/#website","url":"https:\/\/malatyareport.com.tr\/","name":"Malatya Report","description":"","potentialAction":[{"@type":"SearchAction","target":{"@type":"EntryPoint","urlTemplate":"https:\/\/malatyareport.com.tr\/?s={search_term_string}"},"query-input":{"@type":"PropertyValueSpecification","valueRequired":true,"valueName":"search_term_string"}}],"inLanguage":"tr"},{"@type":"Person","@id":"https:\/\/malatyareport.com.tr\/#\/schema\/person\/93146d94af76b792b58ac78050cc6da7","name":"Timur \u0130nce","image":{"@type":"ImageObject","inLanguage":"tr","@id":"https:\/\/secure.gravatar.com\/avatar\/e5ce118bd86e5549ff544e7c5b614da198ecaa7f8e9398b55d27ae1f117511d8?s=96&d=mm&r=g","url":"https:\/\/secure.gravatar.com\/avatar\/e5ce118bd86e5549ff544e7c5b614da198ecaa7f8e9398b55d27ae1f117511d8?s=96&d=mm&r=g","contentUrl":"https:\/\/secure.gravatar.com\/avatar\/e5ce118bd86e5549ff544e7c5b614da198ecaa7f8e9398b55d27ae1f117511d8?s=96&d=mm&r=g","caption":"Timur \u0130nce"},"description":"Zaman\u0131n ruhunda bir damla m\u00fcrekkep olmay\u0131 isterdim. Bir damla m\u00fcrekkep bir ulusun kaderini yazmaya yeterlidir.","sameAs":["https:\/\/malatyareport.com.tr","https:\/\/www.facebook.com\/timurince","@timur_ince_t5_","https:\/\/x.com\/@timurince11"],"url":"https:\/\/malatyareport.com.tr\/index.php\/author\/admin_6i9yniox\/"}]}},"jetpack_featured_media_url":"","jetpack_sharing_enabled":true,"_links":{"self":[{"href":"https:\/\/malatyareport.com.tr\/index.php\/wp-json\/wp\/v2\/posts\/1112","targetHints":{"allow":["GET"]}}],"collection":[{"href":"https:\/\/malatyareport.com.tr\/index.php\/wp-json\/wp\/v2\/posts"}],"about":[{"href":"https:\/\/malatyareport.com.tr\/index.php\/wp-json\/wp\/v2\/types\/post"}],"author":[{"embeddable":true,"href":"https:\/\/malatyareport.com.tr\/index.php\/wp-json\/wp\/v2\/users\/1"}],"replies":[{"embeddable":true,"href":"https:\/\/malatyareport.com.tr\/index.php\/wp-json\/wp\/v2\/comments?post=1112"}],"version-history":[{"count":1,"href":"https:\/\/malatyareport.com.tr\/index.php\/wp-json\/wp\/v2\/posts\/1112\/revisions"}],"predecessor-version":[{"id":1114,"href":"https:\/\/malatyareport.com.tr\/index.php\/wp-json\/wp\/v2\/posts\/1112\/revisions\/1114"}],"wp:attachment":[{"href":"https:\/\/malatyareport.com.tr\/index.php\/wp-json\/wp\/v2\/media?parent=1112"}],"wp:term":[{"taxonomy":"category","embeddable":true,"href":"https:\/\/malatyareport.com.tr\/index.php\/wp-json\/wp\/v2\/categories?post=1112"},{"taxonomy":"post_tag","embeddable":true,"href":"https:\/\/malatyareport.com.tr\/index.php\/wp-json\/wp\/v2\/tags?post=1112"}],"curies":[{"name":"wp","href":"https:\/\/api.w.org\/{rel}","templated":true}]}}