{"id":1157,"date":"2026-06-22T04:06:56","date_gmt":"2026-06-22T04:06:56","guid":{"rendered":"https:\/\/malatyareport.com.tr\/?p=1157"},"modified":"2026-06-22T04:06:58","modified_gmt":"2026-06-22T04:06:58","slug":"kilictaroglu-yerinde-olmak","status":"publish","type":"post","link":"https:\/\/malatyareport.com.tr\/index.php\/2026\/06\/22\/kilictaroglu-yerinde-olmak\/","title":{"rendered":"K\u0131l\u0131\u00e7taro\u011flu Yerinde Olmak"},"content":{"rendered":"\n<figure class=\"wp-block-image size-full\"><img data-recalc-dims=\"1\" loading=\"lazy\" decoding=\"async\" width=\"808\" height=\"888\" src=\"https:\/\/i0.wp.com\/malatyareport.com.tr\/wp-content\/uploads\/2026\/06\/38CB7DA6-2E70-4280-A296-91A055637482.jpeg?resize=808%2C888&#038;ssl=1\" alt=\"\" class=\"wp-image-1158\" srcset=\"https:\/\/i0.wp.com\/malatyareport.com.tr\/wp-content\/uploads\/2026\/06\/38CB7DA6-2E70-4280-A296-91A055637482.jpeg?w=808&amp;ssl=1 808w, https:\/\/i0.wp.com\/malatyareport.com.tr\/wp-content\/uploads\/2026\/06\/38CB7DA6-2E70-4280-A296-91A055637482.jpeg?resize=273%2C300&amp;ssl=1 273w, https:\/\/i0.wp.com\/malatyareport.com.tr\/wp-content\/uploads\/2026\/06\/38CB7DA6-2E70-4280-A296-91A055637482.jpeg?resize=768%2C844&amp;ssl=1 768w\" sizes=\"auto, (max-width: 808px) 100vw, 808px\" \/><\/figure>\n\n\n\n<p class=\"wp-block-paragraph\">Bir yandan 100 y\u0131l \u00f6nce Atat\u00fcrk\u2019\u00fcn kurmu\u015f bulundu\u011fu; kodlar\u0131 g\u00fc\u00e7l\u00fc, 6 ok\u2019devlet\u00e7i bir yap\u0131lanmaya sahip siyasi parti\u2026<\/p>\n\n\n\n<p class=\"wp-block-paragraph\">Di\u011fer yandan \u201c<strong>Mutlak-Butlan<\/strong>\u201d karar\u0131 sonras\u0131 para\u015f\u00fctle inerek&nbsp;&nbsp;partiyi ele ge\u00e7irmi\u015f bir Kemal&nbsp;<strong>K\u0131l\u0131\u00e7taro\u011flu<\/strong>&nbsp;zafer hikayesi duruyor kar\u015f\u0131m\u0131zda.&nbsp;<\/p>\n\n\n\n<p class=\"wp-block-paragraph\">K\u0131l\u0131\u00e7taro\u011flu&nbsp;<strong>78<\/strong>&nbsp;ya\u015f\u0131nda, Anadolu\u2019da bu ya\u015fta bir insana \u201cununu elemi\u015f, ele\u011fini asm\u0131\u015f\u201d yani k\u0131saca \u201c<strong>ya\u015fl\u0131<\/strong>\u201d muamelesi tabi g\u00f6sterilir.&nbsp;&nbsp;<\/p>\n\n\n\n<p class=\"wp-block-paragraph\">Her ne kadar say\u0131 olarak kabul etmese de ard\u0131nda b\u0131rakt\u0131\u011f\u0131&nbsp;<strong>13<\/strong>&nbsp;se\u00e7im yenilgisi var.&nbsp;<\/p>\n\n\n\n<p class=\"wp-block-paragraph\">Kazand\u0131\u011f\u0131 se\u00e7im say\u0131s\u0131 ise:&nbsp;<strong>s\u0131f\u0131r<\/strong>.&nbsp;<\/p>\n\n\n\n<p class=\"wp-block-paragraph\">Bu ya\u015fta r\u00f6tarl\u0131 olarak tekrar \u00fclkeye hizmet etmeye kalk\u0131\u015fmas\u0131 ve geri tarafta saray taraf\u0131ndan desteklendi\u011fi idda eden b\u00fcy\u00fck oranda taraftar \u00e7o\u011funlu\u011fu K\u0131l\u0131\u00e7taro\u011flu imaj\u0131n\u0131 bask\u0131l\u0131yor.&nbsp;<\/p>\n\n\n\n<p class=\"wp-block-paragraph\">En son&nbsp;<strong>S\u00f6zc\u00fc Tv\u2019<\/strong>de&nbsp;<strong>3<\/strong>&nbsp;gazeteci taraf\u0131ndan soru bombard\u0131man\u0131na tutulmas\u0131 g\u00fcndeme d\u00fc\u015ft\u00fc. Program g\u00fcn\u00fcnden itibaren sosyal medyan\u0131n her yerinde adete yerden ot biter gibi K\u0131l\u0131\u00e7taro\u011flu mix\u2019leri f\u0131\u015fk\u0131r\u0131yor.&nbsp;<\/p>\n\n\n\n<p class=\"wp-block-paragraph\">Kritik b\u00f6l\u00fcmlerden al\u0131nt\u0131 yap\u0131lm\u0131\u015f kesitler farkl\u0131 mecralar taraf\u0131ndan peyderpey servis edilmektedir.&nbsp;<\/p>\n\n\n\n<p class=\"wp-block-paragraph\">Do\u011frusu K\u0131l\u0131\u00e7taro\u011flu yerinde olmak istemezdi her kimse.&nbsp;<\/p>\n\n\n\n<p class=\"wp-block-paragraph\"><strong>Nedeni a\u00e7\u0131k!<\/strong><\/p>\n\n\n\n<p class=\"wp-block-paragraph\">Ya\u015f\u0131na ba\u015f\u0131na g\u00f6re b\u00f6ylesine a\u011f\u0131r bir k\u00fclfete soyunmas\u0131 alt\u0131ndan kalkabilir mi sorusunu sormak gerekir.&nbsp;<strong>Ak Parti<\/strong>&nbsp;gibi olduk\u00e7a geli\u015fmi\u015f, \u00fclkenin en k\u0131lcal&nbsp;&nbsp;damarlar\u0131na kadar uzanmay\u0131 bilen bir siyasi varyasyon kar\u015f\u0131s\u0131nda halen bir \u015fans\u0131 oldu\u011funu iddia etmesi \u00e7ok \u00fctopik bir durum.&nbsp;<\/p>\n\n\n\n<p class=\"wp-block-paragraph\">Siyasetin illegille\u015fti\u011fi, yarg\u0131n\u0131n elinin siyasi bir gizli el olarak uzand\u0131\u011f\u0131 daha \u00e7ok&nbsp;<strong>CHP<\/strong>\u2019yi se\u00e7im \u00f6ncesi dizayn etmek operasyonu olarak okuyan geni\u015f bir kitleye ra\u011fmen \u0131srarla koltu\u011fa hakimiyeti b\u00fcy\u00fck tart\u0131\u015fmalar ba\u015flatm\u0131\u015f g\u00f6r\u00fcn\u00fcyor.&nbsp;<\/p>\n\n\n\n<p class=\"wp-block-paragraph\">Elbette bu kitlenin hakl\u0131 yanlar\u0131n\u0131 g\u00f6zard\u0131 edemeyiz. Kemik&nbsp;<strong>CHP<\/strong>\u2019lilerin savundu\u011fu ortak g\u00f6r\u00fc\u015f K\u0131l\u0131\u00e7taro\u011flu\u2019nun etik olamayan,&nbsp;&nbsp;abs\u00fcrt bir siyasi geli\u015fme olarak nitelendirmeleri.&nbsp;<\/p>\n\n\n\n<p class=\"wp-block-paragraph\">\u00d6te yandan bu ya\u015fta bir insan\u0131n yapaca\u011f\u0131 siyasi manevralar\u0131n kalitesini umutsuz bir vaka olarak not edebilece\u011fimizi g\u00f6steren ciddi emareler var \u00e7evremizde.&nbsp;<\/p>\n\n\n\n<p class=\"wp-block-paragraph\">Mesela&nbsp;<strong>76<\/strong>&nbsp;ya\u015f\u0131nda ki bir tan\u0131d\u0131\u011f\u0131n\u0131n bankadan paras\u0131n\u0131 \u00e7ekmek isterken bankamati\u011fin kart\u0131n\u0131 geri vermedi\u011fi, yetkili banka memurlar\u0131na ba\u015fvurdu\u011funda ise art\u0131k &#8211;<strong>i\u015flem yapamaz-<\/strong>&nbsp;ya\u015f\u0131n\u0131n doldu\u011funu bildirmeleri ile ya\u015f haddini g\u00f6z \u00f6n\u00fcnde bulundurmak gerekmez mi?&nbsp;<\/p>\n\n\n\n<p class=\"wp-block-paragraph\">Sokakta ki s\u0131radan vatanda\u015fa uygulanan ya\u015f s\u0131n\u0131rlamas\u0131 siyasi kimlik olunca de\u011fi\u015fim g\u00f6stermesi demokratik, hukuk \u00fclkesinde tan\u0131mlayabilmek m\u00fcmk\u00fcn de\u011fil.&nbsp;<\/p>\n\n\n\n<p class=\"wp-block-paragraph\">Yine ayn\u0131 ya\u015flarda bir vatanda\u015f Noter i\u015flemi yapmaya kalk\u0131\u015ft\u0131\u011f\u0131nda iki \u015fahit istemeleri rutin bir mevzuat. Fakat&nbsp;<strong>K\u0131l\u0131\u00e7taro\u011flu<\/strong>&nbsp;ya\u015f\u0131nda biri i\u00e7in benzer bir h\u00fckme rastmaya\u015f\u0131m\u0131z, \u00fcstelik bir \u00fclkenin,&nbsp;<strong>80<\/strong>&nbsp;milyon insan\u0131n gelece\u011fi \u00fczerinde tahakk\u00fcm olu\u015fturmas\u0131 sorunsall\u0131k olu\u015fturmuyor.&nbsp;<\/p>\n\n\n\n<p class=\"wp-block-paragraph\">Siyaset\u00e7inin ya\u015f\u0131 olmaz diyebilirsiniz. Hakl\u0131s\u0131n\u0131z belkide. Bana sorarsan\u0131z&nbsp;<strong>60<\/strong>&nbsp;ya\u015f sonras\u0131 siyasi yasak getirilmeli. Malumdur ki&nbsp;<strong>insan anatomisi hep ayn\u0131 kalm\u0131yor.&nbsp;&nbsp;\u0130lerleyen ya\u015flarda fiziki de\u011fi\u015fiklikler, ak\u0131l-davran\u0131\u015f sa\u011fl\u0131\u011f\u0131nda performans eksiklikleri, ruhsal \u00e7\u00f6k\u00fc\u015f belirginlikleri ile \u00e7\u00f6z\u00fcm-kontrol odakl\u0131 davran\u0131\u015flarda bozukluklar&nbsp;<\/strong>hepsi a\u00e7\u0131k a\u00e7\u0131k t\u0131p literat\u00fcrlerince desteklenmektedir.&nbsp;<\/p>\n\n\n\n<p class=\"wp-block-paragraph\">Sokakta ki vatanda\u015fa&nbsp;<strong>75<\/strong>&nbsp;ya\u015f\u0131nda \u201c<strong>ak\u0131l sa\u011fl\u0131\u011f\u0131n bozuk<\/strong>\u201d muamelesi yapan sistem, 80 ya\u015f\u0131na merdiven dayam\u0131\u015f birine \u00fclkenin gelece\u011fine y\u00f6n vermeden nas\u0131l m\u00fcsamaha g\u00f6sterebilir?&nbsp;<\/p>\n\n\n\n<p class=\"wp-block-paragraph\">O halde K\u0131l\u0131\u00e7taro\u011flu\u2019nun ya\u015f\u0131na g\u00f6re boyundan b\u00fcy\u00fck bir i\u015fe kalk\u0131\u015ft\u0131 diyoruz burada. Alt\u0131ndan kalkabilir mi y\u00f6n\u00fcnde kamuoyunca ciddi teredd\u00fctler birikmeye ba\u015flad\u0131. En az\u0131ndan&nbsp;<strong>CHP<\/strong>\u2019ye g\u00f6n\u00fcl vermi\u015flerin bu y\u00fczden kafas\u0131 \u00e7ok kar\u0131\u015f\u0131k.&nbsp;<\/p>\n\n\n\n<p class=\"wp-block-paragraph\"><strong>Kafa kar\u0131\u015f\u0131kl\u0131\u011f\u0131n birinci nedeni<\/strong>; se\u00e7im sath\u0131na girildi\u011fi bir d\u00f6nemde K\u0131l\u0131\u00e7taro\u011flu\u2019nun adeta bir oyun bozan olarak ortaya \u00e7\u0131kmas\u0131\u2026&nbsp;<strong>\u0130kinci neden ise;<\/strong>&nbsp;t\u00fcm \u015fartlar\u0131n partinin lehine geli\u015fti\u011fi bir d\u00f6nemde olumlu tepkiyi da\u011f\u0131tmas\u0131.&nbsp;<\/p>\n\n\n\n<p class=\"wp-block-paragraph\">K\u0131l\u0131\u00e7taro\u011flu\u2019da en bariz ve hakl\u0131 gerek\u00e7e olarak Chp partisinde meydana gelen yolsuzluklar,&nbsp;<strong>mutlak-butlan\u2019<\/strong>a neden olan parayla delegelerin y\u00f6nlendirilmesi, para transferleri ve \u201c<strong>ar\u0131nma<\/strong>\u201d gibi t\u00fcm gelecek siyasi kariyerini \u00fczerine oturttu\u011fu, partide temiz yeni bir gelecek in\u015fa etmeye ba\u011flay\u0131c\u0131 maddelerle \u00f6nce ki siyasi metaforunu da g\u00fcncellemesi.&nbsp;<\/p>\n\n\n\n<p class=\"wp-block-paragraph\">K\u0131l\u0131\u00e7taro\u011flu \u201c<strong>ar\u0131nma<\/strong>\u201d reaksiyonu \u015fu an elinde tuttu\u011fu en yegane koz. Partide ba\u015flatt\u0131\u011f\u0131 \u201c<strong>temiz eller operasyonu<\/strong>\u201d sonras\u0131&nbsp;<strong>Malatya&nbsp;<\/strong>milletvekili V<strong>eli A\u011fbaba\u2019n\u0131n<\/strong>&nbsp;da aralar\u0131nda oldu\u011fu&nbsp;<strong>9<\/strong>&nbsp;ki\u015fiyi derhal ihra\u00e7 ettmesiyle sonu\u00e7land\u0131. Ba\u015flatt\u0131\u011f\u0131 operasyon yeni i\u00e7 dizayn\u2019\u0131n ilk dalgas\u0131 olarak okunuyor. Her ne kadar sokakta tam anlam\u0131yla kar\u015f\u0131l\u0131k bulmasa da devam\u0131n\u0131n gelece\u011fi y\u00f6n\u00fcnde.&nbsp;<\/p>\n\n\n\n<p class=\"wp-block-paragraph\">Zor ve \u00e7etrefilli bir s\u00fcre\u00e7 bekliyor K\u0131l\u0131\u00e7taro\u011flu\u2019nu. B\u00f6l\u00fcnme noktas\u0131nda partiyi konsolide edebilir mi? Mutlak-Butlan sonras\u0131 olu\u015fan kar\u015f\u0131t tepkiyi dindirebilir mi? Kafalarda birikmi\u015f sorular\u0131n hepsini cevaplaya bilir mi? Se\u00e7ime yak\u0131n rotas\u0131ndan \u00e7\u0131km\u0131\u015f bir CHP\u2019yi ray\u0131na koyabilir mi? \u00d6zg\u00fcr \u00d6zel ve ekibine kar\u015f\u0131 kurultaya gidecek mi? Vs.&nbsp;<\/p>\n\n\n\n<p class=\"wp-block-paragraph\">Hele de&nbsp;<strong>S\u00f6zc\u00fc Tv<\/strong>\u2019de gazetecilerin sordu\u011fu sert sorularla y\u00fczle\u015fmesi, olu\u015fturdu\u011fu kar\u015f\u0131t cevaplara bak\u0131l\u0131rsa K\u0131l\u0131\u00e7taro\u011flu\u2019nun hikayesi ikinci kez ba\u015flamadan bitmek noktas\u0131nda. \u00d6yle ki bug\u00fcne de\u011fin var olan siyasi karizmas\u0131n\u0131 heba etmekle kar\u015f\u0131 kar\u015f\u0131ya oldu\u011fu bir ivmede oldu\u011funu s\u00f6ylememiz laz\u0131m.&nbsp;<\/p>\n\n\n\n<p class=\"wp-block-paragraph\">O y\u00fczden K\u0131l\u0131\u00e7taro\u011flu yerinde olmak siyasilerinde tasvip edece\u011fi bir \u00e7\u0131k\u0131\u015f de\u011fil. Saray taraf\u0131nda komut veriliyor gibi \u00e7ok hazin tabela \u00fczerine ap\u0131\u015f\u0131p kalm\u0131\u015fken, CHP\u2019yi yeni, g\u00fc\u00e7l\u00fc bir r\u00fcyaya haz\u0131rlamak bilakis zor de\u011fil, hatta imkans\u0131z g\u00f6r\u00fcn\u00fcyor.&nbsp;<\/p>\n","protected":false},"excerpt":{"rendered":"<p>Bir yandan 100 y\u0131l \u00f6nce Atat\u00fcrk\u2019\u00fcn kurmu\u015f bulundu\u011fu; kodlar\u0131 g\u00fc\u00e7l\u00fc, 6 ok\u2019devlet\u00e7i bir yap\u0131lanmaya sahip siyasi parti\u2026 Di\u011fer yandan \u201cMutlak-Butlan\u201d karar\u0131 sonras\u0131 para\u015f\u00fctle inerek&nbsp;&nbsp;partiyi ele&#8230;<\/p>\n<div class=\"more-link-wrapper\"><a class=\"more-link\" href=\"https:\/\/malatyareport.com.tr\/index.php\/2026\/06\/22\/kilictaroglu-yerinde-olmak\/\">Devam\u0131n\u0131 okuyun<span class=\"screen-reader-text\">K\u0131l\u0131\u00e7taro\u011flu Yerinde Olmak<\/span><\/a><\/div>\n","protected":false},"author":1,"featured_media":0,"comment_status":"open","ping_status":"open","sticky":false,"template":"","format":"standard","meta":{"_jetpack_memberships_contains_paid_content":false,"footnotes":""},"categories":[5],"tags":[],"class_list":["post-1157","post","type-post","status-publish","format-standard","hentry","category-kose-yazilari","entry"],"yoast_head":"<!-- This site is optimized with the Yoast SEO plugin v28.2 - https:\/\/yoast.com\/product\/yoast-seo-wordpress\/ -->\n<title>K\u0131l\u0131\u00e7taro\u011flu Yerinde Olmak - Malatya Report<\/title>\n<meta name=\"robots\" content=\"index, follow, max-snippet:-1, max-image-preview:large, max-video-preview:-1\" \/>\n<link rel=\"canonical\" href=\"https:\/\/malatyareport.com.tr\/index.php\/2026\/06\/22\/kilictaroglu-yerinde-olmak\/\" \/>\n<meta property=\"og:locale\" content=\"tr_TR\" \/>\n<meta property=\"og:type\" content=\"article\" \/>\n<meta property=\"og:title\" content=\"K\u0131l\u0131\u00e7taro\u011flu Yerinde Olmak - Malatya Report\" \/>\n<meta property=\"og:description\" content=\"Bir yandan 100 y\u0131l \u00f6nce Atat\u00fcrk\u2019\u00fcn kurmu\u015f bulundu\u011fu; kodlar\u0131 g\u00fc\u00e7l\u00fc, 6 ok\u2019devlet\u00e7i bir yap\u0131lanmaya sahip siyasi parti\u2026 Di\u011fer yandan \u201cMutlak-Butlan\u201d karar\u0131 sonras\u0131 para\u015f\u00fctle inerek&nbsp;&nbsp;partiyi ele&#8230;\" \/>\n<meta property=\"og:url\" content=\"https:\/\/malatyareport.com.tr\/index.php\/2026\/06\/22\/kilictaroglu-yerinde-olmak\/\" \/>\n<meta property=\"og:site_name\" content=\"Malatya Report\" \/>\n<meta property=\"article:author\" content=\"https:\/\/www.facebook.com\/timurince\" \/>\n<meta property=\"article:published_time\" content=\"2026-06-22T04:06:56+00:00\" \/>\n<meta property=\"article:modified_time\" content=\"2026-06-22T04:06:58+00:00\" \/>\n<meta property=\"og:image\" content=\"https:\/\/malatyareport.com.tr\/wp-content\/uploads\/2026\/06\/38CB7DA6-2E70-4280-A296-91A055637482.jpeg\" \/>\n<meta name=\"author\" content=\"Timur \u0130nce\" \/>\n<meta name=\"twitter:card\" content=\"summary_large_image\" \/>\n<meta name=\"twitter:creator\" content=\"@timurince11\" \/>\n<meta name=\"twitter:label1\" content=\"Yazan:\" \/>\n\t<meta name=\"twitter:data1\" content=\"Timur \u0130nce\" \/>\n\t<meta name=\"twitter:label2\" content=\"Tahmini okuma s\u00fcresi\" \/>\n\t<meta name=\"twitter:data2\" content=\"5 dakika\" \/>\n<script type=\"application\/ld+json\" class=\"yoast-schema-graph\">{\"@context\":\"https:\\\/\\\/schema.org\",\"@graph\":[{\"@type\":\"Article\",\"@id\":\"https:\\\/\\\/malatyareport.com.tr\\\/index.php\\\/2026\\\/06\\\/22\\\/kilictaroglu-yerinde-olmak\\\/#article\",\"isPartOf\":{\"@id\":\"https:\\\/\\\/malatyareport.com.tr\\\/index.php\\\/2026\\\/06\\\/22\\\/kilictaroglu-yerinde-olmak\\\/\"},\"author\":{\"name\":\"Timur \u0130nce\",\"@id\":\"https:\\\/\\\/malatyareport.com.tr\\\/#\\\/schema\\\/person\\\/93146d94af76b792b58ac78050cc6da7\"},\"headline\":\"K\u0131l\u0131\u00e7taro\u011flu Yerinde Olmak\",\"datePublished\":\"2026-06-22T04:06:56+00:00\",\"dateModified\":\"2026-06-22T04:06:58+00:00\",\"mainEntityOfPage\":{\"@id\":\"https:\\\/\\\/malatyareport.com.tr\\\/index.php\\\/2026\\\/06\\\/22\\\/kilictaroglu-yerinde-olmak\\\/\"},\"wordCount\":1075,\"commentCount\":2,\"image\":{\"@id\":\"https:\\\/\\\/malatyareport.com.tr\\\/index.php\\\/2026\\\/06\\\/22\\\/kilictaroglu-yerinde-olmak\\\/#primaryimage\"},\"thumbnailUrl\":\"https:\\\/\\\/malatyareport.com.tr\\\/wp-content\\\/uploads\\\/2026\\\/06\\\/38CB7DA6-2E70-4280-A296-91A055637482.jpeg\",\"articleSection\":[\"K\u00f6\u015fe Yaz\u0131lar\u0131\"],\"inLanguage\":\"tr\",\"potentialAction\":[{\"@type\":\"CommentAction\",\"name\":\"Comment\",\"target\":[\"https:\\\/\\\/malatyareport.com.tr\\\/index.php\\\/2026\\\/06\\\/22\\\/kilictaroglu-yerinde-olmak\\\/#respond\"]}]},{\"@type\":\"WebPage\",\"@id\":\"https:\\\/\\\/malatyareport.com.tr\\\/index.php\\\/2026\\\/06\\\/22\\\/kilictaroglu-yerinde-olmak\\\/\",\"url\":\"https:\\\/\\\/malatyareport.com.tr\\\/index.php\\\/2026\\\/06\\\/22\\\/kilictaroglu-yerinde-olmak\\\/\",\"name\":\"K\u0131l\u0131\u00e7taro\u011flu Yerinde Olmak - Malatya Report\",\"isPartOf\":{\"@id\":\"https:\\\/\\\/malatyareport.com.tr\\\/#website\"},\"primaryImageOfPage\":{\"@id\":\"https:\\\/\\\/malatyareport.com.tr\\\/index.php\\\/2026\\\/06\\\/22\\\/kilictaroglu-yerinde-olmak\\\/#primaryimage\"},\"image\":{\"@id\":\"https:\\\/\\\/malatyareport.com.tr\\\/index.php\\\/2026\\\/06\\\/22\\\/kilictaroglu-yerinde-olmak\\\/#primaryimage\"},\"thumbnailUrl\":\"https:\\\/\\\/malatyareport.com.tr\\\/wp-content\\\/uploads\\\/2026\\\/06\\\/38CB7DA6-2E70-4280-A296-91A055637482.jpeg\",\"datePublished\":\"2026-06-22T04:06:56+00:00\",\"dateModified\":\"2026-06-22T04:06:58+00:00\",\"author\":{\"@id\":\"https:\\\/\\\/malatyareport.com.tr\\\/#\\\/schema\\\/person\\\/93146d94af76b792b58ac78050cc6da7\"},\"breadcrumb\":{\"@id\":\"https:\\\/\\\/malatyareport.com.tr\\\/index.php\\\/2026\\\/06\\\/22\\\/kilictaroglu-yerinde-olmak\\\/#breadcrumb\"},\"inLanguage\":\"tr\",\"potentialAction\":[{\"@type\":\"ReadAction\",\"target\":[\"https:\\\/\\\/malatyareport.com.tr\\\/index.php\\\/2026\\\/06\\\/22\\\/kilictaroglu-yerinde-olmak\\\/\"]}]},{\"@type\":\"ImageObject\",\"inLanguage\":\"tr\",\"@id\":\"https:\\\/\\\/malatyareport.com.tr\\\/index.php\\\/2026\\\/06\\\/22\\\/kilictaroglu-yerinde-olmak\\\/#primaryimage\",\"url\":\"https:\\\/\\\/i0.wp.com\\\/malatyareport.com.tr\\\/wp-content\\\/uploads\\\/2026\\\/06\\\/38CB7DA6-2E70-4280-A296-91A055637482.jpeg?fit=808%2C888&ssl=1\",\"contentUrl\":\"https:\\\/\\\/i0.wp.com\\\/malatyareport.com.tr\\\/wp-content\\\/uploads\\\/2026\\\/06\\\/38CB7DA6-2E70-4280-A296-91A055637482.jpeg?fit=808%2C888&ssl=1\",\"width\":808,\"height\":888},{\"@type\":\"BreadcrumbList\",\"@id\":\"https:\\\/\\\/malatyareport.com.tr\\\/index.php\\\/2026\\\/06\\\/22\\\/kilictaroglu-yerinde-olmak\\\/#breadcrumb\",\"itemListElement\":[{\"@type\":\"ListItem\",\"position\":1,\"name\":\"Anasayfa\",\"item\":\"https:\\\/\\\/malatyareport.com.tr\\\/\"},{\"@type\":\"ListItem\",\"position\":2,\"name\":\"K\u0131l\u0131\u00e7taro\u011flu Yerinde Olmak\"}]},{\"@type\":\"WebSite\",\"@id\":\"https:\\\/\\\/malatyareport.com.tr\\\/#website\",\"url\":\"https:\\\/\\\/malatyareport.com.tr\\\/\",\"name\":\"Malatya Report\",\"description\":\"\",\"potentialAction\":[{\"@type\":\"SearchAction\",\"target\":{\"@type\":\"EntryPoint\",\"urlTemplate\":\"https:\\\/\\\/malatyareport.com.tr\\\/?s={search_term_string}\"},\"query-input\":{\"@type\":\"PropertyValueSpecification\",\"valueRequired\":true,\"valueName\":\"search_term_string\"}}],\"inLanguage\":\"tr\"},{\"@type\":\"Person\",\"@id\":\"https:\\\/\\\/malatyareport.com.tr\\\/#\\\/schema\\\/person\\\/93146d94af76b792b58ac78050cc6da7\",\"name\":\"Timur \u0130nce\",\"image\":{\"@type\":\"ImageObject\",\"inLanguage\":\"tr\",\"@id\":\"https:\\\/\\\/secure.gravatar.com\\\/avatar\\\/e5ce118bd86e5549ff544e7c5b614da198ecaa7f8e9398b55d27ae1f117511d8?s=96&d=mm&r=g\",\"url\":\"https:\\\/\\\/secure.gravatar.com\\\/avatar\\\/e5ce118bd86e5549ff544e7c5b614da198ecaa7f8e9398b55d27ae1f117511d8?s=96&d=mm&r=g\",\"contentUrl\":\"https:\\\/\\\/secure.gravatar.com\\\/avatar\\\/e5ce118bd86e5549ff544e7c5b614da198ecaa7f8e9398b55d27ae1f117511d8?s=96&d=mm&r=g\",\"caption\":\"Timur \u0130nce\"},\"description\":\"Zaman\u0131n ruhunda bir damla m\u00fcrekkep olmay\u0131 isterdim. Bir damla m\u00fcrekkep bir ulusun kaderini yazmaya yeterlidir.\",\"sameAs\":[\"https:\\\/\\\/malatyareport.com.tr\",\"https:\\\/\\\/www.facebook.com\\\/timurince\",\"@timur_ince_t5_\",\"https:\\\/\\\/x.com\\\/@timurince11\"],\"url\":\"https:\\\/\\\/malatyareport.com.tr\\\/index.php\\\/author\\\/admin_6i9yniox\\\/\"}]}<\/script>\n<!-- \/ Yoast SEO plugin. -->","yoast_head_json":{"title":"K\u0131l\u0131\u00e7taro\u011flu Yerinde Olmak - Malatya Report","robots":{"index":"index","follow":"follow","max-snippet":"max-snippet:-1","max-image-preview":"max-image-preview:large","max-video-preview":"max-video-preview:-1"},"canonical":"https:\/\/malatyareport.com.tr\/index.php\/2026\/06\/22\/kilictaroglu-yerinde-olmak\/","og_locale":"tr_TR","og_type":"article","og_title":"K\u0131l\u0131\u00e7taro\u011flu Yerinde Olmak - Malatya Report","og_description":"Bir yandan 100 y\u0131l \u00f6nce Atat\u00fcrk\u2019\u00fcn kurmu\u015f bulundu\u011fu; kodlar\u0131 g\u00fc\u00e7l\u00fc, 6 ok\u2019devlet\u00e7i bir yap\u0131lanmaya sahip siyasi parti\u2026 Di\u011fer yandan \u201cMutlak-Butlan\u201d karar\u0131 sonras\u0131 para\u015f\u00fctle inerek&nbsp;&nbsp;partiyi ele&#8230;","og_url":"https:\/\/malatyareport.com.tr\/index.php\/2026\/06\/22\/kilictaroglu-yerinde-olmak\/","og_site_name":"Malatya Report","article_author":"https:\/\/www.facebook.com\/timurince","article_published_time":"2026-06-22T04:06:56+00:00","article_modified_time":"2026-06-22T04:06:58+00:00","og_image":[{"url":"https:\/\/malatyareport.com.tr\/wp-content\/uploads\/2026\/06\/38CB7DA6-2E70-4280-A296-91A055637482.jpeg","type":"","width":"","height":""}],"author":"Timur \u0130nce","twitter_card":"summary_large_image","twitter_creator":"@timurince11","twitter_misc":{"Yazan:":"Timur \u0130nce","Tahmini okuma s\u00fcresi":"5 dakika"},"schema":{"@context":"https:\/\/schema.org","@graph":[{"@type":"Article","@id":"https:\/\/malatyareport.com.tr\/index.php\/2026\/06\/22\/kilictaroglu-yerinde-olmak\/#article","isPartOf":{"@id":"https:\/\/malatyareport.com.tr\/index.php\/2026\/06\/22\/kilictaroglu-yerinde-olmak\/"},"author":{"name":"Timur \u0130nce","@id":"https:\/\/malatyareport.com.tr\/#\/schema\/person\/93146d94af76b792b58ac78050cc6da7"},"headline":"K\u0131l\u0131\u00e7taro\u011flu Yerinde Olmak","datePublished":"2026-06-22T04:06:56+00:00","dateModified":"2026-06-22T04:06:58+00:00","mainEntityOfPage":{"@id":"https:\/\/malatyareport.com.tr\/index.php\/2026\/06\/22\/kilictaroglu-yerinde-olmak\/"},"wordCount":1075,"commentCount":2,"image":{"@id":"https:\/\/malatyareport.com.tr\/index.php\/2026\/06\/22\/kilictaroglu-yerinde-olmak\/#primaryimage"},"thumbnailUrl":"https:\/\/malatyareport.com.tr\/wp-content\/uploads\/2026\/06\/38CB7DA6-2E70-4280-A296-91A055637482.jpeg","articleSection":["K\u00f6\u015fe Yaz\u0131lar\u0131"],"inLanguage":"tr","potentialAction":[{"@type":"CommentAction","name":"Comment","target":["https:\/\/malatyareport.com.tr\/index.php\/2026\/06\/22\/kilictaroglu-yerinde-olmak\/#respond"]}]},{"@type":"WebPage","@id":"https:\/\/malatyareport.com.tr\/index.php\/2026\/06\/22\/kilictaroglu-yerinde-olmak\/","url":"https:\/\/malatyareport.com.tr\/index.php\/2026\/06\/22\/kilictaroglu-yerinde-olmak\/","name":"K\u0131l\u0131\u00e7taro\u011flu Yerinde Olmak - Malatya Report","isPartOf":{"@id":"https:\/\/malatyareport.com.tr\/#website"},"primaryImageOfPage":{"@id":"https:\/\/malatyareport.com.tr\/index.php\/2026\/06\/22\/kilictaroglu-yerinde-olmak\/#primaryimage"},"image":{"@id":"https:\/\/malatyareport.com.tr\/index.php\/2026\/06\/22\/kilictaroglu-yerinde-olmak\/#primaryimage"},"thumbnailUrl":"https:\/\/malatyareport.com.tr\/wp-content\/uploads\/2026\/06\/38CB7DA6-2E70-4280-A296-91A055637482.jpeg","datePublished":"2026-06-22T04:06:56+00:00","dateModified":"2026-06-22T04:06:58+00:00","author":{"@id":"https:\/\/malatyareport.com.tr\/#\/schema\/person\/93146d94af76b792b58ac78050cc6da7"},"breadcrumb":{"@id":"https:\/\/malatyareport.com.tr\/index.php\/2026\/06\/22\/kilictaroglu-yerinde-olmak\/#breadcrumb"},"inLanguage":"tr","potentialAction":[{"@type":"ReadAction","target":["https:\/\/malatyareport.com.tr\/index.php\/2026\/06\/22\/kilictaroglu-yerinde-olmak\/"]}]},{"@type":"ImageObject","inLanguage":"tr","@id":"https:\/\/malatyareport.com.tr\/index.php\/2026\/06\/22\/kilictaroglu-yerinde-olmak\/#primaryimage","url":"https:\/\/i0.wp.com\/malatyareport.com.tr\/wp-content\/uploads\/2026\/06\/38CB7DA6-2E70-4280-A296-91A055637482.jpeg?fit=808%2C888&ssl=1","contentUrl":"https:\/\/i0.wp.com\/malatyareport.com.tr\/wp-content\/uploads\/2026\/06\/38CB7DA6-2E70-4280-A296-91A055637482.jpeg?fit=808%2C888&ssl=1","width":808,"height":888},{"@type":"BreadcrumbList","@id":"https:\/\/malatyareport.com.tr\/index.php\/2026\/06\/22\/kilictaroglu-yerinde-olmak\/#breadcrumb","itemListElement":[{"@type":"ListItem","position":1,"name":"Anasayfa","item":"https:\/\/malatyareport.com.tr\/"},{"@type":"ListItem","position":2,"name":"K\u0131l\u0131\u00e7taro\u011flu Yerinde Olmak"}]},{"@type":"WebSite","@id":"https:\/\/malatyareport.com.tr\/#website","url":"https:\/\/malatyareport.com.tr\/","name":"Malatya Report","description":"","potentialAction":[{"@type":"SearchAction","target":{"@type":"EntryPoint","urlTemplate":"https:\/\/malatyareport.com.tr\/?s={search_term_string}"},"query-input":{"@type":"PropertyValueSpecification","valueRequired":true,"valueName":"search_term_string"}}],"inLanguage":"tr"},{"@type":"Person","@id":"https:\/\/malatyareport.com.tr\/#\/schema\/person\/93146d94af76b792b58ac78050cc6da7","name":"Timur \u0130nce","image":{"@type":"ImageObject","inLanguage":"tr","@id":"https:\/\/secure.gravatar.com\/avatar\/e5ce118bd86e5549ff544e7c5b614da198ecaa7f8e9398b55d27ae1f117511d8?s=96&d=mm&r=g","url":"https:\/\/secure.gravatar.com\/avatar\/e5ce118bd86e5549ff544e7c5b614da198ecaa7f8e9398b55d27ae1f117511d8?s=96&d=mm&r=g","contentUrl":"https:\/\/secure.gravatar.com\/avatar\/e5ce118bd86e5549ff544e7c5b614da198ecaa7f8e9398b55d27ae1f117511d8?s=96&d=mm&r=g","caption":"Timur \u0130nce"},"description":"Zaman\u0131n ruhunda bir damla m\u00fcrekkep olmay\u0131 isterdim. Bir damla m\u00fcrekkep bir ulusun kaderini yazmaya yeterlidir.","sameAs":["https:\/\/malatyareport.com.tr","https:\/\/www.facebook.com\/timurince","@timur_ince_t5_","https:\/\/x.com\/@timurince11"],"url":"https:\/\/malatyareport.com.tr\/index.php\/author\/admin_6i9yniox\/"}]}},"jetpack_featured_media_url":"","jetpack_sharing_enabled":true,"_links":{"self":[{"href":"https:\/\/malatyareport.com.tr\/index.php\/wp-json\/wp\/v2\/posts\/1157","targetHints":{"allow":["GET"]}}],"collection":[{"href":"https:\/\/malatyareport.com.tr\/index.php\/wp-json\/wp\/v2\/posts"}],"about":[{"href":"https:\/\/malatyareport.com.tr\/index.php\/wp-json\/wp\/v2\/types\/post"}],"author":[{"embeddable":true,"href":"https:\/\/malatyareport.com.tr\/index.php\/wp-json\/wp\/v2\/users\/1"}],"replies":[{"embeddable":true,"href":"https:\/\/malatyareport.com.tr\/index.php\/wp-json\/wp\/v2\/comments?post=1157"}],"version-history":[{"count":1,"href":"https:\/\/malatyareport.com.tr\/index.php\/wp-json\/wp\/v2\/posts\/1157\/revisions"}],"predecessor-version":[{"id":1159,"href":"https:\/\/malatyareport.com.tr\/index.php\/wp-json\/wp\/v2\/posts\/1157\/revisions\/1159"}],"wp:attachment":[{"href":"https:\/\/malatyareport.com.tr\/index.php\/wp-json\/wp\/v2\/media?parent=1157"}],"wp:term":[{"taxonomy":"category","embeddable":true,"href":"https:\/\/malatyareport.com.tr\/index.php\/wp-json\/wp\/v2\/categories?post=1157"},{"taxonomy":"post_tag","embeddable":true,"href":"https:\/\/malatyareport.com.tr\/index.php\/wp-json\/wp\/v2\/tags?post=1157"}],"curies":[{"name":"wp","href":"https:\/\/api.w.org\/{rel}","templated":true}]}}