{"id":1161,"date":"2026-06-27T09:31:47","date_gmt":"2026-06-27T09:31:47","guid":{"rendered":"https:\/\/malatyareport.com.tr\/?p=1161"},"modified":"2026-06-27T10:03:07","modified_gmt":"2026-06-27T10:03:07","slug":"agbabanin-tek-adamcilik-israri","status":"publish","type":"post","link":"https:\/\/malatyareport.com.tr\/index.php\/2026\/06\/27\/agbabanin-tek-adamcilik-israri\/","title":{"rendered":"A\u011eBABA\u2019NIN TEK ADAMCILIK ISRARI"},"content":{"rendered":"\n<figure class=\"wp-block-image size-full\"><img data-recalc-dims=\"1\" loading=\"lazy\" decoding=\"async\" width=\"794\" height=\"883\" src=\"https:\/\/i0.wp.com\/malatyareport.com.tr\/wp-content\/uploads\/2026\/06\/D332E640-40C6-449B-8F6D-AF76EB4841EB.jpeg?resize=794%2C883&#038;ssl=1\" alt=\"\" class=\"wp-image-1162\" srcset=\"https:\/\/i0.wp.com\/malatyareport.com.tr\/wp-content\/uploads\/2026\/06\/D332E640-40C6-449B-8F6D-AF76EB4841EB.jpeg?w=794&amp;ssl=1 794w, https:\/\/i0.wp.com\/malatyareport.com.tr\/wp-content\/uploads\/2026\/06\/D332E640-40C6-449B-8F6D-AF76EB4841EB.jpeg?resize=270%2C300&amp;ssl=1 270w, https:\/\/i0.wp.com\/malatyareport.com.tr\/wp-content\/uploads\/2026\/06\/D332E640-40C6-449B-8F6D-AF76EB4841EB.jpeg?resize=768%2C854&amp;ssl=1 768w\" sizes=\"auto, (max-width: 794px) 100vw, 794px\" \/><\/figure>\n\n\n\n<p class=\"wp-block-paragraph\">Zaman\u0131m\u0131z \u00e7ok k\u0131s\u0131tl\u0131, \u015fehrin yeniden yap\u0131ld\u0131\u011f\u0131 bir d\u00f6nemde adeta saatlerle yar\u0131\u015f\u0131yoruz. \u015eehrin siyasileri yeni hikayeler ortaya koymalar\u0131 gerekti\u011fi \u00e7ok ciddi bir s\u00fcrece girdik.&nbsp;<\/p>\n\n\n\n<p class=\"wp-block-paragraph\">B\u00f6ylesine olduk\u00e7a hassas bir d\u00f6ng\u00fcde&nbsp;<strong>Chp milletvekili Veli A\u011fbaba<\/strong>&nbsp;sahadan \u00e7ekildi. Sebebini biliyorsunuz. Malum \u201c<strong>mutlak-Butlan\u201d<\/strong>&nbsp;karar\u0131n\u0131n di\u015flileri \u00e7al\u0131\u015fmaya ba\u015flad\u0131.&nbsp;<\/p>\n\n\n\n<p class=\"wp-block-paragraph\">\u015eu an Malatya\u2019da (-) eksi bir muhalefet milletvekilinin dahil oldu\u011fu siyasi d\u00f6nem i\u00e7inden ge\u00e7iyoruz.&nbsp;<\/p>\n\n\n\n<p class=\"wp-block-paragraph\">Geriye kald\u0131&nbsp;<strong>1 MHP<\/strong>,&nbsp;<strong>1<\/strong>\u2019i pasif g\u00f6revde&nbsp;<strong>3 Ak Parti<\/strong>&nbsp;milletvekili.&nbsp;<\/p>\n\n\n\n<p class=\"wp-block-paragraph\"><strong>Anlam\u0131 ise \u015fu:<\/strong>&nbsp;Malatya tarih\u00e7esi en yoksun, en az siyasiye sahip, CHP\u2019nin tabiri ile; son politik referans\u0131na g\u00f6re siyasetten \u201c<strong>ar\u0131nd\u0131rma<\/strong>\u201d y\u0131llar\u0131n\u0131 ya\u015f\u0131yor.&nbsp;<\/p>\n\n\n\n<p class=\"wp-block-paragraph\">Olu\u015fagelen \u201c<strong>Mutlak-Butlan\u201d<\/strong>&nbsp;karar\u0131 sonras\u0131 Kemal K\u0131l\u0131\u00e7taro\u011flu t\u0131rpanlamas\u0131 A\u011fbaba\u2019n\u0131n hikayesini bir nevi sona erdirdi. A\u011fababa\u2019n\u0131n t\u00fcm aristokrasisini, siyasi itibar\u0131n\u0131, d\u00fczeni ve Ankara ile Malatya i\u00e7in sergiledi\u011fi o sert muhalif kimli\u011finin ters y\u00fcz edilmesi sonras\u0131 elini ete\u011fini tamamen \u00e7ekti yada \u00e7ekmek zorunda kald\u0131.&nbsp;<\/p>\n\n\n\n<p class=\"wp-block-paragraph\">Partisinden ihrac\u0131 sonras\u0131 ba\u011f\u0131ms\u0131z milletvekili stat\u00fcs\u00fcne indirgendi A\u011fbaba.&nbsp;<\/p>\n\n\n\n<p class=\"wp-block-paragraph\">Hal b\u00f6yle olunca A\u011fbaba kalitesi k\u00e2\u011f\u0131t \u00fczerinde milletvekili olmak i\u015flevselli\u011fi \u00f6tesinde ge\u00e7medi\u011fi bir sat\u0131hta kilitlenmi\u015f g\u00f6r\u00fcn\u00fcyor.&nbsp;<\/p>\n\n\n\n<p class=\"wp-block-paragraph\">A\u011fbaba h\u0131zl\u0131, h\u0131r\u00e7\u0131n, toplumla geli\u015ftirdi\u011fi kadim ba\u011flar\u0131, siyaseti her kulvarda en ba\u015far\u0131l\u0131 bir performansta yapan bir isimdi. En b\u00fcy\u00fck handikap\u0131 ise \u015fehirde \u201c<strong>tek adaml\u0131k\u201d<\/strong>&nbsp;misyonunu \u0131srarla s\u00fcrd\u00fcrmesi oldu.&nbsp;<\/p>\n\n\n\n<p class=\"wp-block-paragraph\"><strong>Asl\u0131nda A\u011fbaba\u2019n\u0131n Malatya\u2019da kurdu\u011fu siyasi imparatorluk veya tek adam y\u00f6netiminin yanl\u0131\u015flar\u0131n\u0131 tart\u0131\u015fmak istiyorum bu sat\u0131rlar boyunca:&nbsp;&nbsp;<\/strong><\/p>\n\n\n\n<p class=\"wp-block-paragraph\">Mesela D\u00fc\u011f\u00fcn olacak A\u011fbaba beklenirdi, a\u00e7\u0131l\u0131\u015flar olacak A\u011fbaba gelsin a\u00e7s\u0131n, Chp ad\u0131na bir karar verilecek A\u011fbaba\u2019dan ba\u015fkas\u0131 veremezdi. Adaylar yine A\u011fbaba radar\u0131ndan ge\u00e7ecek. Delegeler mi se\u00e7ilecek onu da A\u011fbaba. Milletekili kim olmal\u0131 zaten joker konumunda A\u011fbaba\u2019dan ba\u015fkas\u0131 imkans\u0131z, en k\u00fc\u00e7\u00fck bir muhalefet yap\u0131lmas\u0131 gerekiyor hay\u0131r A\u011fbaba\u2019n\u0131n Ankara\u2019dan \u00e7\u0131k\u0131p gelip yapmas\u0131 harici kimin haddine?<\/p>\n\n\n\n<p class=\"wp-block-paragraph\">San\u0131r\u0131m in\u015faat sekt\u00f6r\u00fcnde oldu\u011fu i\u00e7in A\u011fbaba adeta bir \u2018<strong>a\u011fa baba d\u00f6nemi<\/strong>\u2019 in\u015faa etti Malatya\u2019da. CHP\u2019nin sek\u00fcler tebas\u0131 ve potansiyeli y\u00fcksek Alevi oylar\u0131 bulunan bir il\u2019de daha homojen, tabana da\u011f\u0131t\u0131lm\u0131\u015f, te\u015fkilatlanmay\u0131 etkili k\u0131lacak bir s\u00fcrd\u00fcr\u00fclebilinirlik \u00fczerine tav\u0131r al\u0131nabilinirdi.&nbsp;<\/p>\n\n\n\n<p class=\"wp-block-paragraph\"><strong>Yapmad\u0131! \u0130zin vermedi!<\/strong><\/p>\n\n\n\n<p class=\"wp-block-paragraph\">G\u00f6r\u00fcnen \u015fey; bu g\u00fcn tek adam sisteminin iflas etti\u011fini g\u00f6r\u00fcyor, kabul ediyoruz.&nbsp;<\/p>\n\n\n\n<p class=\"wp-block-paragraph\">Bak\u0131n te\u015fkilat aya\u011fa kalkam\u0131yor. Te\u015fkilat Malatya\u2019da bir an da siyaset yapamaz hale geldi. O y\u00fczden Chp\u2019ye g\u00f6n\u00fcl vermi\u015fler bu duruma \u00e7ok \u00fczg\u00fcn.&nbsp;<\/p>\n\n\n\n<p class=\"wp-block-paragraph\">\u00dcstelik&nbsp;<strong>Bar\u0131\u015f Y\u0131ld\u0131z<\/strong>&nbsp;gibi bir vaka ortaya \u00e7\u0131kt\u0131 ki sormay\u0131n. Bir \u015feyleri savundu\u011funu zannediyor. \u201c<strong>Neyi savunuyorsun?<\/strong>\u201d diye soran da yok ger\u00e7i. Ortada bir mahkeme karar\u0131 var karde\u015fim. Sen Chp\u2019ye umut ba\u011flam\u0131\u015f insanlar\u0131n umutlar\u0131n\u0131 talan etmekten ba\u015fka yapt\u0131\u011f\u0131n ne var?&nbsp;<\/p>\n\n\n\n<p class=\"wp-block-paragraph\">\u0130l y\u00f6netimi binas\u0131n\u0131 hangi hakla teslimini yapmazs\u0131n!<\/p>\n\n\n\n<p class=\"wp-block-paragraph\">Sonu\u00e7 adamlar\u0131n elindeki yarg\u0131 karar\u0131yla gelip \u00e7ilingirle kap\u0131y\u0131 a\u00e7\u0131p girdiler i\u00e7eriye. Bir \u015fey yapabildin mi, koca bir&nbsp;<strong>HAYIR<\/strong>!<\/p>\n\n\n\n<p class=\"wp-block-paragraph\">\u00d6yle yada b\u00f6yle hukuka inan\u0131yoruz. \u0130nanmak zorunday\u0131z. Sen de inanacaks\u0131n!<\/p>\n\n\n\n<p class=\"wp-block-paragraph\">Zaten mahkemelerce verilen t\u00fcm kararlar \u201c<strong>y\u00fcce T\u00fcrk milleti ad\u0131na\u201d<\/strong>&nbsp;verilir \u015feklinde \u00e7ok a\u00e7\u0131k bir ibare vard\u0131r.&nbsp;<\/p>\n\n\n\n<p class=\"wp-block-paragraph\">A\u011fbaba taraf\u0131ndan daha \u00e7ok komut edilen&nbsp;<strong>Bar\u0131\u015f Y\u0131ld\u0131z&nbsp;<\/strong>i\u015flerin i\u00e7inden daha da \u00e7\u0131k\u0131lmaz bir hale getirdi. Malatya\u2019da y\u0131llardan beri var edilmi\u015f&nbsp;<strong>CHP<\/strong>\u2019nin g\u00fc\u00e7l\u00fc-adaletli-ayd\u0131n imaj\u0131, alg\u0131s\u0131n\u0131 tek bir hamle ile yerle bir etti.&nbsp;<\/p>\n\n\n\n<p class=\"wp-block-paragraph\">Y\u0131ld\u0131z\u2019\u0131n bug\u00fcne de\u011fin savundu\u011fu siyasi \u00fcslubun aksine; demokrasi, hukuk, Cumhuriyet partisi hiyerar\u015fisini dinlemeksizin kendini yel de\u011firmenlerine kar\u015f\u0131 k\u0131l\u0131\u00e7 savuran&nbsp;<strong>Donki\u015fot<\/strong>&nbsp;rol\u00fcne kapt\u0131rmas\u0131&nbsp;<strong>Malatya CHP<\/strong>\u2019si i\u00e7in feci bir hale d\u00f6n\u00fc\u015ft\u00fc\u011f\u00fc apa\u00e7\u0131k ortada.&nbsp;<\/p>\n\n\n\n<p class=\"wp-block-paragraph\">Haliyle eski te\u015fkilat direniyor gibi bir \u015fablon ortaya \u00e7\u0131kt\u0131, yeni te\u015fkilat bu direnme mekanizmas\u0131 kar\u015f\u0131s\u0131nda \u00e7al\u0131\u015fam\u0131yor.&nbsp;Sonu\u00e7 Chp Malatya\u2019da halk nezdinde \u00e7oktan bir ihtar yedi. <\/p>\n\n\n\n<p class=\"wp-block-paragraph\">A\u011fbaba \u015fehir \u00fczerinde tahakk\u00fcm\u00fc korumak ad\u0131na Y\u0131ld\u0131z\u2019\u0131 aktif etmesi siyasetin kodlar\u0131n\u0131 \u015fehirde i\u015flemez bir alana ta\u015f\u0131mas\u0131 Malatya CHP\u2019si i\u00e7in kabul edilemez.&nbsp;<\/p>\n\n\n\n<p class=\"wp-block-paragraph\">Sonu\u00e7 kaybeden&nbsp;<strong>100<\/strong>&nbsp;y\u0131ll\u0131k ge\u00e7mi\u015fi bulunan Atat\u00fcrk\u2019\u00fcn partisi olmad\u0131 m\u0131?<\/p>\n\n\n\n<p class=\"wp-block-paragraph\">\u0130\u015fte&nbsp;<strong>Veli A\u011fbaba<\/strong>&nbsp;konsensusuna ba\u011fl\u0131 \u201c<strong>tek adam\u201d<\/strong>&nbsp;sisteminin vard\u0131\u011f\u0131 kaygan zeminde tutunmak \u00e7ok zor. Zemin kaygan olunca ne denli risk te\u015fkil etti\u011fi g\u00f6zle g\u00f6r\u00fcl\u00fcr bi\u00e7imde kar\u015f\u0131m\u0131za \u201c<strong>pat<\/strong>\u201d diye \u00e7\u0131k\u0131verdi. En ba\u015f\u0131ndan beri t\u00fcm bunlar d\u00fc\u015f\u00fcn\u00fclseydi, te\u015fkilat\u0131n rahat hareket edece\u011fi ba\u011f\u0131ms\u0131z bir ortam sa\u011flansayd\u0131, tek adamc\u0131l\u0131k gibi bir kanserli hastal\u0131k tedavi edilseydi, hele de ana muhalefete ihtiya\u00e7 duyuldu\u011fu b\u00f6ylesine kritik bir d\u00f6nemde Ana muhalefetsiz kal\u0131nmazd\u0131 \u015fehir.&nbsp;<\/p>\n\n\n\n<p class=\"wp-block-paragraph\">Ak Partililer olan bitenden memnun, b\u0131y\u0131klar\u0131n\u0131 burkarak, keyifle olan biteni izleye dursunlar onlar.&nbsp;<\/p>\n\n\n\n<p class=\"wp-block-paragraph\">\u00c7\u00fcnk\u00fc \u015fehirdeki en etkili rakipleri temsil ettikleri partiyi diplere do\u011fru \u00e7ektiklerini g\u00f6r\u00fcyorlar.&nbsp;<\/p>\n\n\n\n<p class=\"wp-block-paragraph\">Ak parti demi\u015fken; i\u015fte&nbsp;<strong>Ak Parti&nbsp;<\/strong>o nedenle \u00e7ok b\u00fcy\u00fck bir rol modeli olarak duruyor kar\u015f\u0131m\u0131zda. Son yerel se\u00e7imlerde&nbsp;<strong>Selahattin G\u00fcrkan Sami Er<\/strong>&nbsp;de\u011fi\u015fimin en k\u00fc\u00e7\u00fck bir sorunsal\u0131k kayna\u011f\u0131na rastlayan\u0131n\u0131z oldu mu? O zaman&nbsp;<strong>Selahattin G\u00fcrkan<\/strong>&nbsp;kendini B\u00fcy\u00fck\u015fehir\u2019e kilitleyip \u201c<strong>ben vermiyorum!\u201d<\/strong>&nbsp;deseydi, ne derdiniz \u015fimdi?&nbsp;<\/p>\n\n\n\n<p class=\"wp-block-paragraph\">Bug\u00fcn&nbsp;<strong>Ali Bakan\u2019\u0131&nbsp;<\/strong>g\u00f6revden als\u0131nlar, yerine&nbsp;<strong>Yaylac\u0131<\/strong>&nbsp;getirilsin, hi\u00e7 bir anormallik ya\u015fanmadan sistem tak\u0131r tak\u0131r i\u015fledi\u011fini g\u00f6receksiniz.&nbsp;<\/p>\n\n\n\n<p class=\"wp-block-paragraph\">\u00c7\u00fcnk\u00fc Ak Parti ve dahas\u0131&nbsp;<strong>Recep Tayyip Erdo\u011fan<\/strong>\u2019n\u0131n sa\u011flam\u0131\u015f oldu\u011fu o \u00e7ok g\u00fc\u00e7l\u00fc siyasi skala buna izin vermez.&nbsp;<\/p>\n\n\n\n<p class=\"wp-block-paragraph\">D\u00fc\u015f\u00fcnsenize&nbsp;<strong>Ramazan Yaylac\u0131<\/strong>&nbsp;il ba\u015fkanl\u0131\u011f\u0131n\u0131n kap\u0131s\u0131n\u0131 \u00e7ilingirle a\u00e7m\u0131\u015f girmi\u015f,&nbsp;<strong>Ali Bakan<\/strong>\u2019da \u00f6n\u00fcnde nerde bir mikrofon uzat\u0131l\u0131rsa \u00e7\u0131km\u0131\u015f sert bir a\u00e7\u0131klamalar yap\u0131yor. Genel merkezin tevdi etti\u011fi g\u00f6rev de\u011fi\u015fikli\u011fi evrak\u0131n\u0131 y\u0131rt\u0131p at\u0131yor medya \u00f6n\u00fcnde.&nbsp;<\/p>\n\n\n\n<p class=\"wp-block-paragraph\"><strong>M\u00fcmk\u00fcn m\u00fcd\u00fcr?&nbsp;<\/strong><\/p>\n\n\n\n<p class=\"wp-block-paragraph\">Anlamad\u0131\u011f\u0131m di\u011fer bir \u015fey&nbsp;<strong>Anahtar Parti, \u0130Y\u0130 Parti, Yeniden Refah&nbsp;<\/strong>vb muhalefet partileri bunlar ne yiyor, ne i\u00e7iyor? Hangi kafadalar\u2026 Hi\u00e7 mi bu \u015fehrin sorunlar\u0131na ortak olmak ak\u0131llar\u0131na gelmez.&nbsp;<\/p>\n\n\n\n<p class=\"wp-block-paragraph\"><strong>CHP<\/strong>\u2019nin d\u00fc\u015ft\u00fc\u011f\u00fc i\u00e7 kavgadan \u00f6t\u00fcr\u00fc bir nehir ak\u0131nt\u0131s\u0131nda s\u00fcr\u00fcklenip gidiyor durmadan. Bari siz \u00e7\u0131k\u0131n \u015fehrin sorunlar\u0131n\u0131 ufakta olsa m\u00fcdahil olun diyece\u011fiz ama kime diyorsun ki?<\/p>\n\n\n\n<p class=\"wp-block-paragraph\"><strong>\u00d6zetle:<\/strong><\/p>\n\n\n\n<p class=\"wp-block-paragraph\">Bak\u0131n yapmay\u0131n, b\u00f6yle olmaz. Bu \u015fehirde&nbsp;<strong>CHP<\/strong>\u2019ye g\u00f6n\u00fcl vermi\u015f hatta y\u0131llar\u0131n\u0131 vermi\u015f bir kitlenin varl\u0131\u011f\u0131n\u0131 nas\u0131l pas ge\u00e7ebilirsiniz siz?&nbsp;<\/p>\n\n\n\n<p class=\"wp-block-paragraph\">A\u011fbaba halen bir Milletvekili,\u00a0<strong>Malatya<\/strong>\u2019y\u0131 temsil ediyor. Can\u0131n\u0131 m\u0131 kurtaracak, Malatya\u2019y\u0131 m\u0131 d\u00fc\u015f\u00fcns\u00fcn noktas\u0131nda bir b\u00f6l\u00fcme ge\u00e7tik ne yaz\u0131k.  <\/p>\n\n\n\n<p class=\"wp-block-paragraph\">Yanl\u0131\u015f siyasi kararlar\u0131n zaman i\u00e7erisinde nas\u0131l bir k\u00f6r d\u00fc\u011f\u00fcme d\u00f6n\u00fc\u015ft\u00fc\u011f\u00fcn\u00fc bu fas\u0131ldan rahatl\u0131kla anlayabiliyoruz.&nbsp;<\/p>\n\n\n\n<p class=\"wp-block-paragraph\">G\u00f6r\u00fcn bak\u0131n bir\u00a0<strong>Veli A\u011fbaba<\/strong>\u00a0eksikli\u011fi t\u00fcm i\u015fleri i\u00e7inden \u00e7\u0131k\u0131lmaz hale getirdi. Chp bir anda Malatya\u2019da kilitlendi, kald\u0131. \u00c7\u00fcnk\u00fc A\u011fbaba t\u00fcm siyasi d\u00fcmeni kendine uyarl\u0131 bir \u015fekilde kurgulad\u0131\u011f\u0131 i\u00e7in b\u00f6yle bir tablo ortaya \u00e7\u0131kt\u0131.  Tek adamc\u0131l\u0131k ve sadece kendisinin iradesi harici hi\u00e7 bir yetki tan\u0131mamazl\u0131k bu g\u00fcn\u00fcn Malatyas\u0131nda,\u00a0<strong>Chp<\/strong>\u00a0varl\u0131\u011f\u0131n\u0131 g\u00f6zden \u00e7\u0131kar\u0131ld\u0131\u011f\u0131na kadar konu\u015fuyorsak, baz\u0131 \u015feyleri en ba\u015f\u0131ndan iyi hesaplamak gerekmez mi?<\/p>\n\n\n\n<p class=\"wp-block-paragraph\"><\/p>\n","protected":false},"excerpt":{"rendered":"<p>Zaman\u0131m\u0131z \u00e7ok k\u0131s\u0131tl\u0131, \u015fehrin yeniden yap\u0131ld\u0131\u011f\u0131 bir d\u00f6nemde adeta saatlerle yar\u0131\u015f\u0131yoruz. \u015eehrin siyasileri yeni hikayeler ortaya koymalar\u0131 gerekti\u011fi \u00e7ok ciddi bir s\u00fcrece girdik.&nbsp; B\u00f6ylesine olduk\u00e7a&#8230;<\/p>\n<div class=\"more-link-wrapper\"><a class=\"more-link\" href=\"https:\/\/malatyareport.com.tr\/index.php\/2026\/06\/27\/agbabanin-tek-adamcilik-israri\/\">Devam\u0131n\u0131 okuyun<span class=\"screen-reader-text\">A\u011eBABA\u2019NIN TEK ADAMCILIK ISRARI<\/span><\/a><\/div>\n","protected":false},"author":1,"featured_media":0,"comment_status":"open","ping_status":"open","sticky":false,"template":"","format":"standard","meta":{"_jetpack_memberships_contains_paid_content":false,"footnotes":""},"categories":[5],"tags":[],"class_list":["post-1161","post","type-post","status-publish","format-standard","hentry","category-kose-yazilari","entry"],"yoast_head":"<!-- This site is optimized with the Yoast SEO plugin v28.2 - https:\/\/yoast.com\/product\/yoast-seo-wordpress\/ -->\n<title>A\u011eBABA\u2019NIN TEK ADAMCILIK ISRARI - Malatya Report<\/title>\n<meta name=\"robots\" content=\"index, follow, max-snippet:-1, max-image-preview:large, max-video-preview:-1\" \/>\n<link rel=\"canonical\" href=\"https:\/\/malatyareport.com.tr\/index.php\/2026\/06\/27\/agbabanin-tek-adamcilik-israri\/\" \/>\n<meta property=\"og:locale\" content=\"tr_TR\" \/>\n<meta property=\"og:type\" content=\"article\" \/>\n<meta property=\"og:title\" content=\"A\u011eBABA\u2019NIN TEK ADAMCILIK ISRARI - Malatya Report\" \/>\n<meta property=\"og:description\" content=\"Zaman\u0131m\u0131z \u00e7ok k\u0131s\u0131tl\u0131, \u015fehrin yeniden yap\u0131ld\u0131\u011f\u0131 bir d\u00f6nemde adeta saatlerle yar\u0131\u015f\u0131yoruz. \u015eehrin siyasileri yeni hikayeler ortaya koymalar\u0131 gerekti\u011fi \u00e7ok ciddi bir s\u00fcrece girdik.&nbsp; B\u00f6ylesine olduk\u00e7a&#8230;\" \/>\n<meta property=\"og:url\" content=\"https:\/\/malatyareport.com.tr\/index.php\/2026\/06\/27\/agbabanin-tek-adamcilik-israri\/\" \/>\n<meta property=\"og:site_name\" content=\"Malatya Report\" \/>\n<meta property=\"article:author\" content=\"https:\/\/www.facebook.com\/timurince\" \/>\n<meta property=\"article:published_time\" content=\"2026-06-27T09:31:47+00:00\" \/>\n<meta property=\"article:modified_time\" content=\"2026-06-27T10:03:07+00:00\" \/>\n<meta property=\"og:image\" content=\"https:\/\/malatyareport.com.tr\/wp-content\/uploads\/2026\/06\/D332E640-40C6-449B-8F6D-AF76EB4841EB.jpeg\" \/>\n<meta name=\"author\" content=\"Timur \u0130nce\" \/>\n<meta name=\"twitter:card\" content=\"summary_large_image\" \/>\n<meta name=\"twitter:creator\" content=\"@timurince11\" \/>\n<meta name=\"twitter:label1\" content=\"Yazan:\" \/>\n\t<meta name=\"twitter:data1\" content=\"Timur \u0130nce\" \/>\n\t<meta name=\"twitter:label2\" content=\"Tahmini okuma s\u00fcresi\" \/>\n\t<meta name=\"twitter:data2\" content=\"6 dakika\" \/>\n<script type=\"application\/ld+json\" class=\"yoast-schema-graph\">{\"@context\":\"https:\\\/\\\/schema.org\",\"@graph\":[{\"@type\":\"Article\",\"@id\":\"https:\\\/\\\/malatyareport.com.tr\\\/index.php\\\/2026\\\/06\\\/27\\\/agbabanin-tek-adamcilik-israri\\\/#article\",\"isPartOf\":{\"@id\":\"https:\\\/\\\/malatyareport.com.tr\\\/index.php\\\/2026\\\/06\\\/27\\\/agbabanin-tek-adamcilik-israri\\\/\"},\"author\":{\"name\":\"Timur \u0130nce\",\"@id\":\"https:\\\/\\\/malatyareport.com.tr\\\/#\\\/schema\\\/person\\\/93146d94af76b792b58ac78050cc6da7\"},\"headline\":\"A\u011eBABA\u2019NIN TEK ADAMCILIK ISRARI\",\"datePublished\":\"2026-06-27T09:31:47+00:00\",\"dateModified\":\"2026-06-27T10:03:07+00:00\",\"mainEntityOfPage\":{\"@id\":\"https:\\\/\\\/malatyareport.com.tr\\\/index.php\\\/2026\\\/06\\\/27\\\/agbabanin-tek-adamcilik-israri\\\/\"},\"wordCount\":1409,\"commentCount\":2,\"image\":{\"@id\":\"https:\\\/\\\/malatyareport.com.tr\\\/index.php\\\/2026\\\/06\\\/27\\\/agbabanin-tek-adamcilik-israri\\\/#primaryimage\"},\"thumbnailUrl\":\"https:\\\/\\\/malatyareport.com.tr\\\/wp-content\\\/uploads\\\/2026\\\/06\\\/D332E640-40C6-449B-8F6D-AF76EB4841EB.jpeg\",\"articleSection\":[\"K\u00f6\u015fe Yaz\u0131lar\u0131\"],\"inLanguage\":\"tr\",\"potentialAction\":[{\"@type\":\"CommentAction\",\"name\":\"Comment\",\"target\":[\"https:\\\/\\\/malatyareport.com.tr\\\/index.php\\\/2026\\\/06\\\/27\\\/agbabanin-tek-adamcilik-israri\\\/#respond\"]}]},{\"@type\":\"WebPage\",\"@id\":\"https:\\\/\\\/malatyareport.com.tr\\\/index.php\\\/2026\\\/06\\\/27\\\/agbabanin-tek-adamcilik-israri\\\/\",\"url\":\"https:\\\/\\\/malatyareport.com.tr\\\/index.php\\\/2026\\\/06\\\/27\\\/agbabanin-tek-adamcilik-israri\\\/\",\"name\":\"A\u011eBABA\u2019NIN TEK ADAMCILIK ISRARI - Malatya Report\",\"isPartOf\":{\"@id\":\"https:\\\/\\\/malatyareport.com.tr\\\/#website\"},\"primaryImageOfPage\":{\"@id\":\"https:\\\/\\\/malatyareport.com.tr\\\/index.php\\\/2026\\\/06\\\/27\\\/agbabanin-tek-adamcilik-israri\\\/#primaryimage\"},\"image\":{\"@id\":\"https:\\\/\\\/malatyareport.com.tr\\\/index.php\\\/2026\\\/06\\\/27\\\/agbabanin-tek-adamcilik-israri\\\/#primaryimage\"},\"thumbnailUrl\":\"https:\\\/\\\/malatyareport.com.tr\\\/wp-content\\\/uploads\\\/2026\\\/06\\\/D332E640-40C6-449B-8F6D-AF76EB4841EB.jpeg\",\"datePublished\":\"2026-06-27T09:31:47+00:00\",\"dateModified\":\"2026-06-27T10:03:07+00:00\",\"author\":{\"@id\":\"https:\\\/\\\/malatyareport.com.tr\\\/#\\\/schema\\\/person\\\/93146d94af76b792b58ac78050cc6da7\"},\"breadcrumb\":{\"@id\":\"https:\\\/\\\/malatyareport.com.tr\\\/index.php\\\/2026\\\/06\\\/27\\\/agbabanin-tek-adamcilik-israri\\\/#breadcrumb\"},\"inLanguage\":\"tr\",\"potentialAction\":[{\"@type\":\"ReadAction\",\"target\":[\"https:\\\/\\\/malatyareport.com.tr\\\/index.php\\\/2026\\\/06\\\/27\\\/agbabanin-tek-adamcilik-israri\\\/\"]}]},{\"@type\":\"ImageObject\",\"inLanguage\":\"tr\",\"@id\":\"https:\\\/\\\/malatyareport.com.tr\\\/index.php\\\/2026\\\/06\\\/27\\\/agbabanin-tek-adamcilik-israri\\\/#primaryimage\",\"url\":\"https:\\\/\\\/i0.wp.com\\\/malatyareport.com.tr\\\/wp-content\\\/uploads\\\/2026\\\/06\\\/D332E640-40C6-449B-8F6D-AF76EB4841EB.jpeg?fit=794%2C883&ssl=1\",\"contentUrl\":\"https:\\\/\\\/i0.wp.com\\\/malatyareport.com.tr\\\/wp-content\\\/uploads\\\/2026\\\/06\\\/D332E640-40C6-449B-8F6D-AF76EB4841EB.jpeg?fit=794%2C883&ssl=1\",\"width\":794,\"height\":883},{\"@type\":\"BreadcrumbList\",\"@id\":\"https:\\\/\\\/malatyareport.com.tr\\\/index.php\\\/2026\\\/06\\\/27\\\/agbabanin-tek-adamcilik-israri\\\/#breadcrumb\",\"itemListElement\":[{\"@type\":\"ListItem\",\"position\":1,\"name\":\"Anasayfa\",\"item\":\"https:\\\/\\\/malatyareport.com.tr\\\/\"},{\"@type\":\"ListItem\",\"position\":2,\"name\":\"A\u011eBABA\u2019NIN TEK ADAMCILIK ISRARI\"}]},{\"@type\":\"WebSite\",\"@id\":\"https:\\\/\\\/malatyareport.com.tr\\\/#website\",\"url\":\"https:\\\/\\\/malatyareport.com.tr\\\/\",\"name\":\"Malatya Report\",\"description\":\"\",\"potentialAction\":[{\"@type\":\"SearchAction\",\"target\":{\"@type\":\"EntryPoint\",\"urlTemplate\":\"https:\\\/\\\/malatyareport.com.tr\\\/?s={search_term_string}\"},\"query-input\":{\"@type\":\"PropertyValueSpecification\",\"valueRequired\":true,\"valueName\":\"search_term_string\"}}],\"inLanguage\":\"tr\"},{\"@type\":\"Person\",\"@id\":\"https:\\\/\\\/malatyareport.com.tr\\\/#\\\/schema\\\/person\\\/93146d94af76b792b58ac78050cc6da7\",\"name\":\"Timur \u0130nce\",\"image\":{\"@type\":\"ImageObject\",\"inLanguage\":\"tr\",\"@id\":\"https:\\\/\\\/secure.gravatar.com\\\/avatar\\\/e5ce118bd86e5549ff544e7c5b614da198ecaa7f8e9398b55d27ae1f117511d8?s=96&d=mm&r=g\",\"url\":\"https:\\\/\\\/secure.gravatar.com\\\/avatar\\\/e5ce118bd86e5549ff544e7c5b614da198ecaa7f8e9398b55d27ae1f117511d8?s=96&d=mm&r=g\",\"contentUrl\":\"https:\\\/\\\/secure.gravatar.com\\\/avatar\\\/e5ce118bd86e5549ff544e7c5b614da198ecaa7f8e9398b55d27ae1f117511d8?s=96&d=mm&r=g\",\"caption\":\"Timur \u0130nce\"},\"description\":\"Zaman\u0131n ruhunda bir damla m\u00fcrekkep olmay\u0131 isterdim. Bir damla m\u00fcrekkep bir ulusun kaderini yazmaya yeterlidir.\",\"sameAs\":[\"https:\\\/\\\/malatyareport.com.tr\",\"https:\\\/\\\/www.facebook.com\\\/timurince\",\"@timur_ince_t5_\",\"https:\\\/\\\/x.com\\\/@timurince11\"],\"url\":\"https:\\\/\\\/malatyareport.com.tr\\\/index.php\\\/author\\\/admin_6i9yniox\\\/\"}]}<\/script>\n<!-- \/ Yoast SEO plugin. -->","yoast_head_json":{"title":"A\u011eBABA\u2019NIN TEK ADAMCILIK ISRARI - Malatya Report","robots":{"index":"index","follow":"follow","max-snippet":"max-snippet:-1","max-image-preview":"max-image-preview:large","max-video-preview":"max-video-preview:-1"},"canonical":"https:\/\/malatyareport.com.tr\/index.php\/2026\/06\/27\/agbabanin-tek-adamcilik-israri\/","og_locale":"tr_TR","og_type":"article","og_title":"A\u011eBABA\u2019NIN TEK ADAMCILIK ISRARI - Malatya Report","og_description":"Zaman\u0131m\u0131z \u00e7ok k\u0131s\u0131tl\u0131, \u015fehrin yeniden yap\u0131ld\u0131\u011f\u0131 bir d\u00f6nemde adeta saatlerle yar\u0131\u015f\u0131yoruz. \u015eehrin siyasileri yeni hikayeler ortaya koymalar\u0131 gerekti\u011fi \u00e7ok ciddi bir s\u00fcrece girdik.&nbsp; B\u00f6ylesine olduk\u00e7a&#8230;","og_url":"https:\/\/malatyareport.com.tr\/index.php\/2026\/06\/27\/agbabanin-tek-adamcilik-israri\/","og_site_name":"Malatya Report","article_author":"https:\/\/www.facebook.com\/timurince","article_published_time":"2026-06-27T09:31:47+00:00","article_modified_time":"2026-06-27T10:03:07+00:00","og_image":[{"url":"https:\/\/malatyareport.com.tr\/wp-content\/uploads\/2026\/06\/D332E640-40C6-449B-8F6D-AF76EB4841EB.jpeg","type":"","width":"","height":""}],"author":"Timur \u0130nce","twitter_card":"summary_large_image","twitter_creator":"@timurince11","twitter_misc":{"Yazan:":"Timur \u0130nce","Tahmini okuma s\u00fcresi":"6 dakika"},"schema":{"@context":"https:\/\/schema.org","@graph":[{"@type":"Article","@id":"https:\/\/malatyareport.com.tr\/index.php\/2026\/06\/27\/agbabanin-tek-adamcilik-israri\/#article","isPartOf":{"@id":"https:\/\/malatyareport.com.tr\/index.php\/2026\/06\/27\/agbabanin-tek-adamcilik-israri\/"},"author":{"name":"Timur \u0130nce","@id":"https:\/\/malatyareport.com.tr\/#\/schema\/person\/93146d94af76b792b58ac78050cc6da7"},"headline":"A\u011eBABA\u2019NIN TEK ADAMCILIK ISRARI","datePublished":"2026-06-27T09:31:47+00:00","dateModified":"2026-06-27T10:03:07+00:00","mainEntityOfPage":{"@id":"https:\/\/malatyareport.com.tr\/index.php\/2026\/06\/27\/agbabanin-tek-adamcilik-israri\/"},"wordCount":1409,"commentCount":2,"image":{"@id":"https:\/\/malatyareport.com.tr\/index.php\/2026\/06\/27\/agbabanin-tek-adamcilik-israri\/#primaryimage"},"thumbnailUrl":"https:\/\/malatyareport.com.tr\/wp-content\/uploads\/2026\/06\/D332E640-40C6-449B-8F6D-AF76EB4841EB.jpeg","articleSection":["K\u00f6\u015fe Yaz\u0131lar\u0131"],"inLanguage":"tr","potentialAction":[{"@type":"CommentAction","name":"Comment","target":["https:\/\/malatyareport.com.tr\/index.php\/2026\/06\/27\/agbabanin-tek-adamcilik-israri\/#respond"]}]},{"@type":"WebPage","@id":"https:\/\/malatyareport.com.tr\/index.php\/2026\/06\/27\/agbabanin-tek-adamcilik-israri\/","url":"https:\/\/malatyareport.com.tr\/index.php\/2026\/06\/27\/agbabanin-tek-adamcilik-israri\/","name":"A\u011eBABA\u2019NIN TEK ADAMCILIK ISRARI - Malatya Report","isPartOf":{"@id":"https:\/\/malatyareport.com.tr\/#website"},"primaryImageOfPage":{"@id":"https:\/\/malatyareport.com.tr\/index.php\/2026\/06\/27\/agbabanin-tek-adamcilik-israri\/#primaryimage"},"image":{"@id":"https:\/\/malatyareport.com.tr\/index.php\/2026\/06\/27\/agbabanin-tek-adamcilik-israri\/#primaryimage"},"thumbnailUrl":"https:\/\/malatyareport.com.tr\/wp-content\/uploads\/2026\/06\/D332E640-40C6-449B-8F6D-AF76EB4841EB.jpeg","datePublished":"2026-06-27T09:31:47+00:00","dateModified":"2026-06-27T10:03:07+00:00","author":{"@id":"https:\/\/malatyareport.com.tr\/#\/schema\/person\/93146d94af76b792b58ac78050cc6da7"},"breadcrumb":{"@id":"https:\/\/malatyareport.com.tr\/index.php\/2026\/06\/27\/agbabanin-tek-adamcilik-israri\/#breadcrumb"},"inLanguage":"tr","potentialAction":[{"@type":"ReadAction","target":["https:\/\/malatyareport.com.tr\/index.php\/2026\/06\/27\/agbabanin-tek-adamcilik-israri\/"]}]},{"@type":"ImageObject","inLanguage":"tr","@id":"https:\/\/malatyareport.com.tr\/index.php\/2026\/06\/27\/agbabanin-tek-adamcilik-israri\/#primaryimage","url":"https:\/\/i0.wp.com\/malatyareport.com.tr\/wp-content\/uploads\/2026\/06\/D332E640-40C6-449B-8F6D-AF76EB4841EB.jpeg?fit=794%2C883&ssl=1","contentUrl":"https:\/\/i0.wp.com\/malatyareport.com.tr\/wp-content\/uploads\/2026\/06\/D332E640-40C6-449B-8F6D-AF76EB4841EB.jpeg?fit=794%2C883&ssl=1","width":794,"height":883},{"@type":"BreadcrumbList","@id":"https:\/\/malatyareport.com.tr\/index.php\/2026\/06\/27\/agbabanin-tek-adamcilik-israri\/#breadcrumb","itemListElement":[{"@type":"ListItem","position":1,"name":"Anasayfa","item":"https:\/\/malatyareport.com.tr\/"},{"@type":"ListItem","position":2,"name":"A\u011eBABA\u2019NIN TEK ADAMCILIK ISRARI"}]},{"@type":"WebSite","@id":"https:\/\/malatyareport.com.tr\/#website","url":"https:\/\/malatyareport.com.tr\/","name":"Malatya Report","description":"","potentialAction":[{"@type":"SearchAction","target":{"@type":"EntryPoint","urlTemplate":"https:\/\/malatyareport.com.tr\/?s={search_term_string}"},"query-input":{"@type":"PropertyValueSpecification","valueRequired":true,"valueName":"search_term_string"}}],"inLanguage":"tr"},{"@type":"Person","@id":"https:\/\/malatyareport.com.tr\/#\/schema\/person\/93146d94af76b792b58ac78050cc6da7","name":"Timur \u0130nce","image":{"@type":"ImageObject","inLanguage":"tr","@id":"https:\/\/secure.gravatar.com\/avatar\/e5ce118bd86e5549ff544e7c5b614da198ecaa7f8e9398b55d27ae1f117511d8?s=96&d=mm&r=g","url":"https:\/\/secure.gravatar.com\/avatar\/e5ce118bd86e5549ff544e7c5b614da198ecaa7f8e9398b55d27ae1f117511d8?s=96&d=mm&r=g","contentUrl":"https:\/\/secure.gravatar.com\/avatar\/e5ce118bd86e5549ff544e7c5b614da198ecaa7f8e9398b55d27ae1f117511d8?s=96&d=mm&r=g","caption":"Timur \u0130nce"},"description":"Zaman\u0131n ruhunda bir damla m\u00fcrekkep olmay\u0131 isterdim. Bir damla m\u00fcrekkep bir ulusun kaderini yazmaya yeterlidir.","sameAs":["https:\/\/malatyareport.com.tr","https:\/\/www.facebook.com\/timurince","@timur_ince_t5_","https:\/\/x.com\/@timurince11"],"url":"https:\/\/malatyareport.com.tr\/index.php\/author\/admin_6i9yniox\/"}]}},"jetpack_featured_media_url":"","jetpack_sharing_enabled":true,"_links":{"self":[{"href":"https:\/\/malatyareport.com.tr\/index.php\/wp-json\/wp\/v2\/posts\/1161","targetHints":{"allow":["GET"]}}],"collection":[{"href":"https:\/\/malatyareport.com.tr\/index.php\/wp-json\/wp\/v2\/posts"}],"about":[{"href":"https:\/\/malatyareport.com.tr\/index.php\/wp-json\/wp\/v2\/types\/post"}],"author":[{"embeddable":true,"href":"https:\/\/malatyareport.com.tr\/index.php\/wp-json\/wp\/v2\/users\/1"}],"replies":[{"embeddable":true,"href":"https:\/\/malatyareport.com.tr\/index.php\/wp-json\/wp\/v2\/comments?post=1161"}],"version-history":[{"count":4,"href":"https:\/\/malatyareport.com.tr\/index.php\/wp-json\/wp\/v2\/posts\/1161\/revisions"}],"predecessor-version":[{"id":1168,"href":"https:\/\/malatyareport.com.tr\/index.php\/wp-json\/wp\/v2\/posts\/1161\/revisions\/1168"}],"wp:attachment":[{"href":"https:\/\/malatyareport.com.tr\/index.php\/wp-json\/wp\/v2\/media?parent=1161"}],"wp:term":[{"taxonomy":"category","embeddable":true,"href":"https:\/\/malatyareport.com.tr\/index.php\/wp-json\/wp\/v2\/categories?post=1161"},{"taxonomy":"post_tag","embeddable":true,"href":"https:\/\/malatyareport.com.tr\/index.php\/wp-json\/wp\/v2\/tags?post=1161"}],"curies":[{"name":"wp","href":"https:\/\/api.w.org\/{rel}","templated":true}]}}