{"id":1178,"date":"2026-07-20T03:57:21","date_gmt":"2026-07-20T03:57:21","guid":{"rendered":"https:\/\/malatyareport.com.tr\/?p=1178"},"modified":"2026-07-20T03:57:24","modified_gmt":"2026-07-20T03:57:24","slug":"asil-suclu-siyasi-ahbaplar","status":"publish","type":"post","link":"https:\/\/malatyareport.com.tr\/index.php\/2026\/07\/20\/asil-suclu-siyasi-ahbaplar\/","title":{"rendered":"ASIL SU\u00c7LU \u2018S\u0130YAS\u0130 AHBAPLAR\u2019\u00a0"},"content":{"rendered":"\n<figure class=\"wp-block-image size-full\"><img data-recalc-dims=\"1\" loading=\"lazy\" decoding=\"async\" width=\"804\" height=\"883\" src=\"https:\/\/i0.wp.com\/malatyareport.com.tr\/wp-content\/uploads\/2026\/07\/4453999B-EDF0-4FB7-B97C-8775F906C1EC.jpeg?resize=804%2C883&#038;ssl=1\" alt=\"\" class=\"wp-image-1179\" srcset=\"https:\/\/i0.wp.com\/malatyareport.com.tr\/wp-content\/uploads\/2026\/07\/4453999B-EDF0-4FB7-B97C-8775F906C1EC.jpeg?w=804&amp;ssl=1 804w, https:\/\/i0.wp.com\/malatyareport.com.tr\/wp-content\/uploads\/2026\/07\/4453999B-EDF0-4FB7-B97C-8775F906C1EC.jpeg?resize=273%2C300&amp;ssl=1 273w, https:\/\/i0.wp.com\/malatyareport.com.tr\/wp-content\/uploads\/2026\/07\/4453999B-EDF0-4FB7-B97C-8775F906C1EC.jpeg?resize=768%2C843&amp;ssl=1 768w\" sizes=\"auto, (max-width: 804px) 100vw, 804px\" \/><\/figure>\n\n\n\n<p class=\"wp-block-paragraph\">Haluk Levent\u2019in&nbsp;<strong>AHBAP<\/strong>&nbsp;derne\u011fi \u00fczerinden yapt\u0131\u011f\u0131 yolsuzluklar\u0131 konu\u015ftu\u011fumuz \u015fu g\u00fcnlerde; afaki bir sorum olacak sizlere:&nbsp;<strong>peki biz bu siyasi Ahbap\u2019lar\u0131 ne yapaca\u011f\u0131z?<\/strong>&nbsp;Ahbap bir de\u011fil ki on, y\u00fcz, bin! Haluk Levent kumar ba\u011f\u0131ml\u0131s\u0131 diyoruz da, halk\u0131-hakk\u0131-hizmeti unutmu\u015f, veya sorumlulu\u011funu akl\u0131n\u0131n kenar\u0131na dahi getiremeyen koltuk ba\u011f\u0131ml\u0131lar\u0131n\u0131 ne yapaca\u011f\u0131z biz?&nbsp;<\/p>\n\n\n\n<p class=\"wp-block-paragraph\"><strong>Levent<\/strong>; yard\u0131m kurulu\u015fu ad\u0131 alt\u0131nda toplad\u0131\u011f\u0131 paralar\u0131 zimmetine ge\u00e7irmi\u015f, orda burda harcam\u0131\u015f. Se\u00e7ti\u011fimiz, yetki verdiklerimizin toplumun haklar\u0131na sahip \u00e7\u0131kmamas\u0131 farkl\u0131 m\u0131?&nbsp;<\/p>\n\n\n\n<p class=\"wp-block-paragraph\">Hatta daha k\u00f6t\u00fcs\u00fc, vahim oldu\u011funu s\u00f6ylemek istiyoruz.&nbsp;<\/p>\n\n\n\n<p class=\"wp-block-paragraph\">Organizeli \u015fekilde, kangrenli bir hale d\u00f6n\u00fc\u015fm\u00fc\u015f. toplumsal g\u00fcveni sarsan siyasettin i\u015fleyi\u015fi bi\u00e7imi ile bunca \u00e7\u00fcr\u00fcm\u00fc\u015fl\u00fc\u011f\u00fcn\u00fc ne zaman konu\u015fmaya s\u0131ra gelecek? Evet, Haluk Levent bir kesimin cebinden ald\u0131, siyasiler bir \u015fehir, b\u00f6lgeyi ve o b\u00f6lgelerde ya\u015fayanlar\u0131n t\u00fcm haklar\u0131n\u0131 a\u00e7\u0131k\u00e7a s\u00f6m\u00fcr\u00fcyorlar.&nbsp;<\/p>\n\n\n\n<p class=\"wp-block-paragraph\">Hepsi haz\u0131rlad\u0131klar\u0131 yasal gibi g\u00f6r\u00fcnen siyasi mekanizmalarla yap\u0131yorlar.&nbsp;<\/p>\n\n\n\n<p class=\"wp-block-paragraph\">Haluk yarg\u0131lanacak elbette ve muhtemelen cezas\u0131n\u0131 \u00e7ekecektir. Peki ele ge\u00e7irdikleri koltuklar\u0131 zengin olmak u\u011fruna kullanan, rant sekt\u00f6r\u00fcne d\u00f6n\u00fc\u015ft\u00fcren, akraba e\u015f dostu zengin etmek i\u00e7in seferber eden ve halen de mutmain olmam\u0131\u015f &#8211;<strong>se\u00e7ilmi\u015f<\/strong>&#8211; su\u00e7lular\u0131 kim yarg\u0131layacak, cezas\u0131n\u0131 nas\u0131l-kim kesecek? As\u0131l d\u00fc\u015f\u00fcnd\u00fcr\u00fcc\u00fc olan b\u00f6l\u00fcm de tam olarak buras\u0131!&nbsp;<\/p>\n\n\n\n<p class=\"wp-block-paragraph\">Anlad\u0131\u011f\u0131m kadar\u0131yla hen\u00fcz b\u00f6yle bir sistem \u00eec\u00e2d edilmedi \u00fclkemizde. Partilikiler dokunulmazd\u0131r \u00e7\u00fcnk\u00fc. Oturduklar\u0131 o koltuklar\u0131n sorumluluklar\u0131n\u0131 yerine getirmeyenlere uygulanacak bir cezai m\u00fceyyide hen\u00fcz yok. Olmay\u0131nca da \u00e7aps\u0131zl\u0131klar\u0131n\u0131 sadece zengin olmak ad\u0131na kullanan bir ucuz ganimet soltac\u0131lar\u0131 git gide cesaretlendi, azg\u0131nla\u015ft\u0131, canavarla\u015ft\u0131 i\u015fte her hal\u00fck\u00e2rda.&nbsp;<\/p>\n\n\n\n<p class=\"wp-block-paragraph\">Etraf\u0131n\u0131za bak\u0131n siyasilerin hepsi holding, ekonomilerin zirvelerinde. Bunca servet, yat\u0131r\u0131mlar, mali adisyonu kontrol eden birileri gidipte bir k\u00f6yl\u00fcn\u00fcn, i\u015f\u00e7inin, fakir fukaran\u0131n i\u015fini g\u00f6r\u00fcr m\u00fc sizce?<\/p>\n\n\n\n<p class=\"wp-block-paragraph\">Cevab\u0131 koca bir:&nbsp;<strong>HAYIR<\/strong>!<\/p>\n\n\n\n<p class=\"wp-block-paragraph\">Ve yerelden bakal\u0131m hadiseye. Bu durumda&nbsp;<strong>1,5<\/strong>&nbsp;milyon di\u011fer insan\u0131n hali,&nbsp;<strong>13<\/strong>&nbsp;il\u00e7e,&nbsp;<strong>760<\/strong>&nbsp;k\u00f6y, bilmem&nbsp;<strong>ka\u00e7 bin&nbsp;<\/strong>mezrada ya\u015fananlar elbette kimsenin ilgi alan\u0131na girme gibi bir l\u00fcks\u00fc olamaz de\u011fil mi?&nbsp;<\/p>\n\n\n\n<p class=\"wp-block-paragraph\">\u201c<strong>Vay anas\u0131na\u201d<\/strong>&nbsp;diyoruzda ba\u015fka bir \u015fey diyemiyoruz, biraz derinlemesine d\u00fc\u015f\u00fcnd\u00fc\u011f\u00fcn\u00fczde korkun\u00e7 bir tablo \u00e7\u0131k\u0131yor kar\u015f\u0131m\u0131za.&nbsp;<\/p>\n\n\n\n<p class=\"wp-block-paragraph\">Se\u00e7im \u00f6ncesi genelde \u201c<strong>size hizmet edece\u011fiz<\/strong>\u201d diyerek sahneye \u00e7\u0131kan o isimler, se\u00e7ildikten sonra nedense ani sert bir \u201c<strong>U<\/strong>\u201d d\u00f6n\u00fc\u015f\u00fcyle ranta do\u011fru direksiyonu k\u0131rmalar\u0131 rutin senkronize bir i\u00e7g\u00fcd\u00fc. \u0130\u00e7inden biri de bir g\u00fcn \u00e7\u0131ks\u0131n desin ki, ben \u201c<strong>ger\u00e7ek anlamda halk\u0131n yan\u0131nda olaca\u011f\u0131m.\u201d&nbsp;<\/strong>Nerdeeeee?<\/p>\n\n\n\n<p class=\"wp-block-paragraph\">\u00d6yle pis bir hal alm\u0131\u015f ki; toplum orda can \u00e7eki\u015fiyor, onlar durmadan biriktirme derdinde ve \u201c<strong>para paray\u0131 \u00e7eker\u201d<\/strong>&nbsp;patolojik vakas\u0131 devreye girmemesinin m\u00fcmk\u00fcn\u00fc olamaz. Zengin de\u011filsen siyaset yapma hakk\u0131n yok zaten. Zengin yap\u0131yor siyaseti ve zamanla t\u00fcm varl\u0131k kav\u015faklar\u0131n\u0131 sadece kendine y\u00f6nlendirmesi son derece do\u011fal bir geli\u015fme.&nbsp;&nbsp;<\/p>\n\n\n\n<p class=\"wp-block-paragraph\">O y\u00fczden Haluk Levent\u2019e k\u0131zmay\u0131n sak\u0131n. O da kendi karar\u0131nca etraf\u0131na bak\u0131p nemalanmak istedi. \u201c<strong>Nas\u0131l olsa mal\u0131 g\u00f6t\u00fcrene kimse bir \u015fey demiyor, bir \u015fey de olmuyor, o vakit bizim neyimiz eksik\u201d<\/strong>&nbsp;dedi. Ee biraz da ba\u011flant\u0131lar\u0131 vard\u0131. Dadand\u0131 o da piyasaya. Herkesin siyaseti zengin olmak amac\u0131yla kulland\u0131\u011f\u0131 \u015fu g\u00fcnlerde sak\u0131n size \u00e7ok abes\u2019i i\u015ftigal bir olaym\u0131\u015f gibi gelmesin. \u00c7\u00fcnk\u00fc herkes \u00e7al\u0131yor. O sadece partili olmay\u0131nca \u00fczerini \u00e7izmek kolay oldu o kadar.&nbsp;<\/p>\n\n\n\n<p class=\"wp-block-paragraph\">\u015eunu da \u00e7ok merak ediyoruz. Hakikaten at izinin it izine kar\u0131\u015ft\u0131\u011f\u0131 bu yolsuzluklar \u00e7a\u011f\u0131nda \u201c<strong>Haluk Levent\u2019in yolsuzluklar\u0131n\u0131 konu\u015furken acaba bende ayn\u0131s\u0131n\u0131 yap\u0131yorum<\/strong>\u201d diyen var m\u0131? Onun ki ortaya \u00e7\u0131kt\u0131 ve tutukland\u0131, bizim koca bir siyasi partiler arkam\u0131zda, soru\u015fturma dahi ge\u00e7irmemiz m\u00fcmk\u00fcn de\u011filken, ba\u015f\u0131n\u0131 yast\u0131\u011fa koydu\u011funda as\u0131l meseleyi d\u00fc\u015f\u00fcnen biri var m\u0131d\u0131r?<\/p>\n\n\n\n<p class=\"wp-block-paragraph\">Sanm\u0131yorum. Gelsin de nas\u0131l gelirse gelsin. D\u00fcz bir bir mant\u0131k \u015feklinde alg\u0131layabilirsiniz.&nbsp;<\/p>\n\n\n\n<p class=\"wp-block-paragraph\">Di\u011fer bir \u015fey; fark\u0131nda m\u0131s\u0131n\u0131z, siyasete bula\u015fan bir daha b\u0131rakmakta istemiyor. Nedeni daha \u00e7ok para, daha fazla servet, g\u00fc\u00e7, l\u00fcks, h\u0131rs, birikim, t\u00fcy\u00fc bitmemi\u015f yetimin hakk\u0131ndan biraz daha pay almak.&nbsp;<\/p>\n\n\n\n<p class=\"wp-block-paragraph\">\u00c7evremize bak\u0131yoruz t\u00fcm siyasiler i\u015fi g\u00fcc\u00fc b\u0131rakm\u0131\u015f gelece\u011fe haz\u0131rl\u0131k pe\u015findeler. Haz\u0131rl\u0131k i\u00e7inde olunca &#8211;<strong>as\u0131l<\/strong>&#8211; \u00e7evresini g\u00f6rme gibi bir vazifeleri olmuyor. \u015eu, bu isim vermiyorum, hepsi. Belediye ba\u015fkan\u0131 milletvekili olmak istiyor, milletvekilleri bir d\u00f6nem daha diretiyor, milletvekilli\u011fi d\u00f6nemleri bitmi\u015f olanlar kapa\u011f\u0131 B\u00fcy\u00fck\u015fehire, il\u00e7e ba\u015fkanlar\u0131na kadar g\u00f6z\u00fcn\u00fc yukar\u0131lara dikmi\u015f bak\u0131n\u0131yorlar.&nbsp;<\/p>\n\n\n\n<p class=\"wp-block-paragraph\">Fakir halk, asgari \u00fccretli, k\u00f6yl\u00fc, memur, \u00e7ift\u00e7i gariban Anadolu \u00e7ocuklar\u0131\u2019da zannediyorlar ki siyaset kendileri bir \u015fey yapacak. Maalesef \u00f6yle bir \u015fey yok. S\u00f6yleyin bu bozuk bir ekonomi ile iliklerine de\u011fin possas\u0131 \u00e7\u0131kar\u0131lm\u0131\u015f toplum sizleri ne kadar besleyecek daha?&nbsp;<\/p>\n\n\n\n<p class=\"wp-block-paragraph\">Siyaset malum hastal\u0131kl\u0131 bir s\u00fcrece d\u00f6n\u00fc\u015ft\u00fc. Siyaset k\u0131l\u0131\u011f\u0131na sar\u0131larak bir \u015fehrin \u00f6z\u00fcn\u00fc vakumlamakta \u00f6yle. \u00c7evremizde hi\u00e7 bir siyasi \u201c<strong>yeter benim, bir iki d\u00f6nem yapt\u0131k yeter\u201d<\/strong>&nbsp;diyen yok. \u0130ddiaya girerim \u201c<strong>benim yeter\u201d<\/strong>&nbsp;diyen varsa buyurun bu yaz\u0131ya ismiyle birlikte ekler tekrar yay\u0131nlar\u0131m.&nbsp;<\/p>\n\n\n\n<p class=\"wp-block-paragraph\">M\u00fczisyenlikten gelme&nbsp;<strong>Haluk Levent Ahbap&nbsp;<\/strong>ad\u0131 alt\u0131nda bir dernek kurdu, dernek \u00fczerinden \u00e7ok ciddi bir miktar paray\u0131 taraf\u0131na \u00e7evreledi. \u00d6yle ki bir \u015fehrin, b\u00f6lgenin hatta \u00fclkenin&nbsp;&nbsp;gelece\u011fini, hayallerini \u00e7alan siyasi Ahbap\u2019lar halen h\u0131z\u0131n\u0131 kesmi\u015f de\u011filler, burda onlara da bir iki kelime etmek istedim. \u0130ster kabul edersiniz, ister etmezsiniz ger\u00e7ek bu!&nbsp;<\/p>\n\n\n\n<p class=\"wp-block-paragraph\">L\u00fctfen Haluk\u2019a \u00e7ok g\u00f6rmeyin. \u0130nan\u0131n s\u00f6z\u00fcm bitti\u011fi yerdeyiz. Tahminime g\u00f6re bu mevcut \u015fartlarda devam edilirse, \u015fayet bu politik kaynakl\u0131 rant sekt\u00f6r\u00fc ayn\u0131 minvalde s\u00fcrd\u00fcr\u00fcl\u00fcrse bir 10 y\u0131l daha debelenir dururuz, sonra her \u015fey biter. Ne sana ne bana bir par\u00e7a ekmek kal\u0131r. Bunu d\u00fc\u015f\u00fcnen kimsenin bulunmay\u0131\u015f\u0131 ayr\u0131 korkun\u00e7 bir durum. Evet, maalesef \u00e7ok s\u00fcrmez, s\u00fcrmeyecek! Size tozpembe gelebilir ama s\u00fcratle her alan kemiriliyor. Do\u011fan\u0131n, insan\u0131n, k\u00fclt\u00fcr\u00fcn, hikayenin direnecek \u00e7ok fazla g\u00fcc\u00fc kalmad\u0131.&nbsp;<\/p>\n\n\n\n<p class=\"wp-block-paragraph\">Yine bu yaz\u0131y\u0131 \u00fc\u00e7 be\u015f gariban okuyacak biliyorum, as\u0131l su\u00e7lular ise \u015fu an daha \u00e7ok zengin olmak i\u00e7in kim bilir kapal\u0131 kap\u0131lar arkas\u0131nda hangi ihaleleri payla\u015f\u0131yor, rant\u0131n temas\u0131n\u0131 g\u00f6z\u00fcnden vuruyorlar. \u201c<strong>Siz istedi\u011finiz kadar konu\u015fun biz nas\u0131l olsa yolumuzday\u0131z\u201d&nbsp;<\/strong>deyip ge\u00e7ecekler. Yaz\u0131k! Vallahi \u00e7ok yaz\u0131k oluyor.&nbsp;<\/p>\n","protected":false},"excerpt":{"rendered":"<p>Haluk Levent\u2019in&nbsp;AHBAP&nbsp;derne\u011fi \u00fczerinden yapt\u0131\u011f\u0131 yolsuzluklar\u0131 konu\u015ftu\u011fumuz \u015fu g\u00fcnlerde; afaki bir sorum olacak sizlere:&nbsp;peki biz bu siyasi Ahbap\u2019lar\u0131 ne yapaca\u011f\u0131z?&nbsp;Ahbap bir de\u011fil ki on, y\u00fcz, bin!&#8230;<\/p>\n<div class=\"more-link-wrapper\"><a class=\"more-link\" href=\"https:\/\/malatyareport.com.tr\/index.php\/2026\/07\/20\/asil-suclu-siyasi-ahbaplar\/\">Devam\u0131n\u0131 okuyun<span class=\"screen-reader-text\">ASIL SU\u00c7LU \u2018S\u0130YAS\u0130 AHBAPLAR\u2019\u00a0<\/span><\/a><\/div>\n","protected":false},"author":1,"featured_media":0,"comment_status":"open","ping_status":"open","sticky":false,"template":"","format":"standard","meta":{"_jetpack_memberships_contains_paid_content":false,"footnotes":""},"categories":[5],"tags":[],"class_list":["post-1178","post","type-post","status-publish","format-standard","hentry","category-kose-yazilari","entry"],"yoast_head":"<!-- This site is optimized with the Yoast SEO plugin v28.2 - https:\/\/yoast.com\/product\/yoast-seo-wordpress\/ -->\n<title>ASIL SU\u00c7LU \u2018S\u0130YAS\u0130 AHBAPLAR\u2019\u00a0 - Malatya Report<\/title>\n<meta name=\"robots\" content=\"index, follow, max-snippet:-1, max-image-preview:large, max-video-preview:-1\" \/>\n<link rel=\"canonical\" href=\"https:\/\/malatyareport.com.tr\/index.php\/2026\/07\/20\/asil-suclu-siyasi-ahbaplar\/\" \/>\n<meta property=\"og:locale\" content=\"tr_TR\" \/>\n<meta property=\"og:type\" content=\"article\" \/>\n<meta property=\"og:title\" content=\"ASIL SU\u00c7LU \u2018S\u0130YAS\u0130 AHBAPLAR\u2019\u00a0 - Malatya Report\" \/>\n<meta property=\"og:description\" content=\"Haluk Levent\u2019in&nbsp;AHBAP&nbsp;derne\u011fi \u00fczerinden yapt\u0131\u011f\u0131 yolsuzluklar\u0131 konu\u015ftu\u011fumuz \u015fu g\u00fcnlerde; afaki bir sorum olacak sizlere:&nbsp;peki biz bu siyasi Ahbap\u2019lar\u0131 ne yapaca\u011f\u0131z?&nbsp;Ahbap bir de\u011fil ki on, y\u00fcz, bin!&#8230;\" \/>\n<meta property=\"og:url\" content=\"https:\/\/malatyareport.com.tr\/index.php\/2026\/07\/20\/asil-suclu-siyasi-ahbaplar\/\" \/>\n<meta property=\"og:site_name\" content=\"Malatya Report\" \/>\n<meta property=\"article:author\" content=\"https:\/\/www.facebook.com\/timurince\" \/>\n<meta property=\"article:published_time\" content=\"2026-07-20T03:57:21+00:00\" \/>\n<meta property=\"article:modified_time\" content=\"2026-07-20T03:57:24+00:00\" \/>\n<meta property=\"og:image\" content=\"https:\/\/malatyareport.com.tr\/wp-content\/uploads\/2026\/07\/4453999B-EDF0-4FB7-B97C-8775F906C1EC.jpeg\" \/>\n<meta name=\"author\" content=\"Timur \u0130nce\" \/>\n<meta name=\"twitter:card\" content=\"summary_large_image\" \/>\n<meta name=\"twitter:creator\" content=\"@timurince11\" \/>\n<meta name=\"twitter:label1\" content=\"Yazan:\" \/>\n\t<meta name=\"twitter:data1\" content=\"Timur \u0130nce\" \/>\n\t<meta name=\"twitter:label2\" content=\"Tahmini okuma s\u00fcresi\" \/>\n\t<meta name=\"twitter:data2\" content=\"6 dakika\" \/>\n<script type=\"application\/ld+json\" class=\"yoast-schema-graph\">{\"@context\":\"https:\\\/\\\/schema.org\",\"@graph\":[{\"@type\":\"Article\",\"@id\":\"https:\\\/\\\/malatyareport.com.tr\\\/index.php\\\/2026\\\/07\\\/20\\\/asil-suclu-siyasi-ahbaplar\\\/#article\",\"isPartOf\":{\"@id\":\"https:\\\/\\\/malatyareport.com.tr\\\/index.php\\\/2026\\\/07\\\/20\\\/asil-suclu-siyasi-ahbaplar\\\/\"},\"author\":{\"name\":\"Timur \u0130nce\",\"@id\":\"https:\\\/\\\/malatyareport.com.tr\\\/#\\\/schema\\\/person\\\/93146d94af76b792b58ac78050cc6da7\"},\"headline\":\"ASIL SU\u00c7LU \u2018S\u0130YAS\u0130 AHBAPLAR\u2019\u00a0\",\"datePublished\":\"2026-07-20T03:57:21+00:00\",\"dateModified\":\"2026-07-20T03:57:24+00:00\",\"mainEntityOfPage\":{\"@id\":\"https:\\\/\\\/malatyareport.com.tr\\\/index.php\\\/2026\\\/07\\\/20\\\/asil-suclu-siyasi-ahbaplar\\\/\"},\"wordCount\":1201,\"commentCount\":0,\"image\":{\"@id\":\"https:\\\/\\\/malatyareport.com.tr\\\/index.php\\\/2026\\\/07\\\/20\\\/asil-suclu-siyasi-ahbaplar\\\/#primaryimage\"},\"thumbnailUrl\":\"https:\\\/\\\/malatyareport.com.tr\\\/wp-content\\\/uploads\\\/2026\\\/07\\\/4453999B-EDF0-4FB7-B97C-8775F906C1EC.jpeg\",\"articleSection\":[\"K\u00f6\u015fe Yaz\u0131lar\u0131\"],\"inLanguage\":\"tr\",\"potentialAction\":[{\"@type\":\"CommentAction\",\"name\":\"Comment\",\"target\":[\"https:\\\/\\\/malatyareport.com.tr\\\/index.php\\\/2026\\\/07\\\/20\\\/asil-suclu-siyasi-ahbaplar\\\/#respond\"]}]},{\"@type\":\"WebPage\",\"@id\":\"https:\\\/\\\/malatyareport.com.tr\\\/index.php\\\/2026\\\/07\\\/20\\\/asil-suclu-siyasi-ahbaplar\\\/\",\"url\":\"https:\\\/\\\/malatyareport.com.tr\\\/index.php\\\/2026\\\/07\\\/20\\\/asil-suclu-siyasi-ahbaplar\\\/\",\"name\":\"ASIL SU\u00c7LU \u2018S\u0130YAS\u0130 AHBAPLAR\u2019\u00a0 - Malatya Report\",\"isPartOf\":{\"@id\":\"https:\\\/\\\/malatyareport.com.tr\\\/#website\"},\"primaryImageOfPage\":{\"@id\":\"https:\\\/\\\/malatyareport.com.tr\\\/index.php\\\/2026\\\/07\\\/20\\\/asil-suclu-siyasi-ahbaplar\\\/#primaryimage\"},\"image\":{\"@id\":\"https:\\\/\\\/malatyareport.com.tr\\\/index.php\\\/2026\\\/07\\\/20\\\/asil-suclu-siyasi-ahbaplar\\\/#primaryimage\"},\"thumbnailUrl\":\"https:\\\/\\\/malatyareport.com.tr\\\/wp-content\\\/uploads\\\/2026\\\/07\\\/4453999B-EDF0-4FB7-B97C-8775F906C1EC.jpeg\",\"datePublished\":\"2026-07-20T03:57:21+00:00\",\"dateModified\":\"2026-07-20T03:57:24+00:00\",\"author\":{\"@id\":\"https:\\\/\\\/malatyareport.com.tr\\\/#\\\/schema\\\/person\\\/93146d94af76b792b58ac78050cc6da7\"},\"breadcrumb\":{\"@id\":\"https:\\\/\\\/malatyareport.com.tr\\\/index.php\\\/2026\\\/07\\\/20\\\/asil-suclu-siyasi-ahbaplar\\\/#breadcrumb\"},\"inLanguage\":\"tr\",\"potentialAction\":[{\"@type\":\"ReadAction\",\"target\":[\"https:\\\/\\\/malatyareport.com.tr\\\/index.php\\\/2026\\\/07\\\/20\\\/asil-suclu-siyasi-ahbaplar\\\/\"]}]},{\"@type\":\"ImageObject\",\"inLanguage\":\"tr\",\"@id\":\"https:\\\/\\\/malatyareport.com.tr\\\/index.php\\\/2026\\\/07\\\/20\\\/asil-suclu-siyasi-ahbaplar\\\/#primaryimage\",\"url\":\"https:\\\/\\\/i0.wp.com\\\/malatyareport.com.tr\\\/wp-content\\\/uploads\\\/2026\\\/07\\\/4453999B-EDF0-4FB7-B97C-8775F906C1EC.jpeg?fit=804%2C883&ssl=1\",\"contentUrl\":\"https:\\\/\\\/i0.wp.com\\\/malatyareport.com.tr\\\/wp-content\\\/uploads\\\/2026\\\/07\\\/4453999B-EDF0-4FB7-B97C-8775F906C1EC.jpeg?fit=804%2C883&ssl=1\",\"width\":804,\"height\":883},{\"@type\":\"BreadcrumbList\",\"@id\":\"https:\\\/\\\/malatyareport.com.tr\\\/index.php\\\/2026\\\/07\\\/20\\\/asil-suclu-siyasi-ahbaplar\\\/#breadcrumb\",\"itemListElement\":[{\"@type\":\"ListItem\",\"position\":1,\"name\":\"Anasayfa\",\"item\":\"https:\\\/\\\/malatyareport.com.tr\\\/\"},{\"@type\":\"ListItem\",\"position\":2,\"name\":\"ASIL SU\u00c7LU \u2018S\u0130YAS\u0130 AHBAPLAR\u2019\u00a0\"}]},{\"@type\":\"WebSite\",\"@id\":\"https:\\\/\\\/malatyareport.com.tr\\\/#website\",\"url\":\"https:\\\/\\\/malatyareport.com.tr\\\/\",\"name\":\"Malatya Report\",\"description\":\"\",\"potentialAction\":[{\"@type\":\"SearchAction\",\"target\":{\"@type\":\"EntryPoint\",\"urlTemplate\":\"https:\\\/\\\/malatyareport.com.tr\\\/?s={search_term_string}\"},\"query-input\":{\"@type\":\"PropertyValueSpecification\",\"valueRequired\":true,\"valueName\":\"search_term_string\"}}],\"inLanguage\":\"tr\"},{\"@type\":\"Person\",\"@id\":\"https:\\\/\\\/malatyareport.com.tr\\\/#\\\/schema\\\/person\\\/93146d94af76b792b58ac78050cc6da7\",\"name\":\"Timur \u0130nce\",\"image\":{\"@type\":\"ImageObject\",\"inLanguage\":\"tr\",\"@id\":\"https:\\\/\\\/secure.gravatar.com\\\/avatar\\\/e5ce118bd86e5549ff544e7c5b614da198ecaa7f8e9398b55d27ae1f117511d8?s=96&d=mm&r=g\",\"url\":\"https:\\\/\\\/secure.gravatar.com\\\/avatar\\\/e5ce118bd86e5549ff544e7c5b614da198ecaa7f8e9398b55d27ae1f117511d8?s=96&d=mm&r=g\",\"contentUrl\":\"https:\\\/\\\/secure.gravatar.com\\\/avatar\\\/e5ce118bd86e5549ff544e7c5b614da198ecaa7f8e9398b55d27ae1f117511d8?s=96&d=mm&r=g\",\"caption\":\"Timur \u0130nce\"},\"description\":\"Zaman\u0131n ruhunda bir damla m\u00fcrekkep olmay\u0131 isterdim. Bir damla m\u00fcrekkep bir ulusun kaderini yazmaya yeterlidir.\",\"sameAs\":[\"https:\\\/\\\/malatyareport.com.tr\",\"https:\\\/\\\/www.facebook.com\\\/timurince\",\"@timur_ince_t5_\",\"https:\\\/\\\/x.com\\\/@timurince11\"],\"url\":\"https:\\\/\\\/malatyareport.com.tr\\\/index.php\\\/author\\\/admin_6i9yniox\\\/\"}]}<\/script>\n<!-- \/ Yoast SEO plugin. -->","yoast_head_json":{"title":"ASIL SU\u00c7LU \u2018S\u0130YAS\u0130 AHBAPLAR\u2019\u00a0 - Malatya Report","robots":{"index":"index","follow":"follow","max-snippet":"max-snippet:-1","max-image-preview":"max-image-preview:large","max-video-preview":"max-video-preview:-1"},"canonical":"https:\/\/malatyareport.com.tr\/index.php\/2026\/07\/20\/asil-suclu-siyasi-ahbaplar\/","og_locale":"tr_TR","og_type":"article","og_title":"ASIL SU\u00c7LU \u2018S\u0130YAS\u0130 AHBAPLAR\u2019\u00a0 - Malatya Report","og_description":"Haluk Levent\u2019in&nbsp;AHBAP&nbsp;derne\u011fi \u00fczerinden yapt\u0131\u011f\u0131 yolsuzluklar\u0131 konu\u015ftu\u011fumuz \u015fu g\u00fcnlerde; afaki bir sorum olacak sizlere:&nbsp;peki biz bu siyasi Ahbap\u2019lar\u0131 ne yapaca\u011f\u0131z?&nbsp;Ahbap bir de\u011fil ki on, y\u00fcz, bin!&#8230;","og_url":"https:\/\/malatyareport.com.tr\/index.php\/2026\/07\/20\/asil-suclu-siyasi-ahbaplar\/","og_site_name":"Malatya Report","article_author":"https:\/\/www.facebook.com\/timurince","article_published_time":"2026-07-20T03:57:21+00:00","article_modified_time":"2026-07-20T03:57:24+00:00","og_image":[{"url":"https:\/\/malatyareport.com.tr\/wp-content\/uploads\/2026\/07\/4453999B-EDF0-4FB7-B97C-8775F906C1EC.jpeg","type":"","width":"","height":""}],"author":"Timur \u0130nce","twitter_card":"summary_large_image","twitter_creator":"@timurince11","twitter_misc":{"Yazan:":"Timur \u0130nce","Tahmini okuma s\u00fcresi":"6 dakika"},"schema":{"@context":"https:\/\/schema.org","@graph":[{"@type":"Article","@id":"https:\/\/malatyareport.com.tr\/index.php\/2026\/07\/20\/asil-suclu-siyasi-ahbaplar\/#article","isPartOf":{"@id":"https:\/\/malatyareport.com.tr\/index.php\/2026\/07\/20\/asil-suclu-siyasi-ahbaplar\/"},"author":{"name":"Timur \u0130nce","@id":"https:\/\/malatyareport.com.tr\/#\/schema\/person\/93146d94af76b792b58ac78050cc6da7"},"headline":"ASIL SU\u00c7LU \u2018S\u0130YAS\u0130 AHBAPLAR\u2019\u00a0","datePublished":"2026-07-20T03:57:21+00:00","dateModified":"2026-07-20T03:57:24+00:00","mainEntityOfPage":{"@id":"https:\/\/malatyareport.com.tr\/index.php\/2026\/07\/20\/asil-suclu-siyasi-ahbaplar\/"},"wordCount":1201,"commentCount":0,"image":{"@id":"https:\/\/malatyareport.com.tr\/index.php\/2026\/07\/20\/asil-suclu-siyasi-ahbaplar\/#primaryimage"},"thumbnailUrl":"https:\/\/malatyareport.com.tr\/wp-content\/uploads\/2026\/07\/4453999B-EDF0-4FB7-B97C-8775F906C1EC.jpeg","articleSection":["K\u00f6\u015fe Yaz\u0131lar\u0131"],"inLanguage":"tr","potentialAction":[{"@type":"CommentAction","name":"Comment","target":["https:\/\/malatyareport.com.tr\/index.php\/2026\/07\/20\/asil-suclu-siyasi-ahbaplar\/#respond"]}]},{"@type":"WebPage","@id":"https:\/\/malatyareport.com.tr\/index.php\/2026\/07\/20\/asil-suclu-siyasi-ahbaplar\/","url":"https:\/\/malatyareport.com.tr\/index.php\/2026\/07\/20\/asil-suclu-siyasi-ahbaplar\/","name":"ASIL SU\u00c7LU \u2018S\u0130YAS\u0130 AHBAPLAR\u2019\u00a0 - Malatya Report","isPartOf":{"@id":"https:\/\/malatyareport.com.tr\/#website"},"primaryImageOfPage":{"@id":"https:\/\/malatyareport.com.tr\/index.php\/2026\/07\/20\/asil-suclu-siyasi-ahbaplar\/#primaryimage"},"image":{"@id":"https:\/\/malatyareport.com.tr\/index.php\/2026\/07\/20\/asil-suclu-siyasi-ahbaplar\/#primaryimage"},"thumbnailUrl":"https:\/\/malatyareport.com.tr\/wp-content\/uploads\/2026\/07\/4453999B-EDF0-4FB7-B97C-8775F906C1EC.jpeg","datePublished":"2026-07-20T03:57:21+00:00","dateModified":"2026-07-20T03:57:24+00:00","author":{"@id":"https:\/\/malatyareport.com.tr\/#\/schema\/person\/93146d94af76b792b58ac78050cc6da7"},"breadcrumb":{"@id":"https:\/\/malatyareport.com.tr\/index.php\/2026\/07\/20\/asil-suclu-siyasi-ahbaplar\/#breadcrumb"},"inLanguage":"tr","potentialAction":[{"@type":"ReadAction","target":["https:\/\/malatyareport.com.tr\/index.php\/2026\/07\/20\/asil-suclu-siyasi-ahbaplar\/"]}]},{"@type":"ImageObject","inLanguage":"tr","@id":"https:\/\/malatyareport.com.tr\/index.php\/2026\/07\/20\/asil-suclu-siyasi-ahbaplar\/#primaryimage","url":"https:\/\/i0.wp.com\/malatyareport.com.tr\/wp-content\/uploads\/2026\/07\/4453999B-EDF0-4FB7-B97C-8775F906C1EC.jpeg?fit=804%2C883&ssl=1","contentUrl":"https:\/\/i0.wp.com\/malatyareport.com.tr\/wp-content\/uploads\/2026\/07\/4453999B-EDF0-4FB7-B97C-8775F906C1EC.jpeg?fit=804%2C883&ssl=1","width":804,"height":883},{"@type":"BreadcrumbList","@id":"https:\/\/malatyareport.com.tr\/index.php\/2026\/07\/20\/asil-suclu-siyasi-ahbaplar\/#breadcrumb","itemListElement":[{"@type":"ListItem","position":1,"name":"Anasayfa","item":"https:\/\/malatyareport.com.tr\/"},{"@type":"ListItem","position":2,"name":"ASIL SU\u00c7LU \u2018S\u0130YAS\u0130 AHBAPLAR\u2019\u00a0"}]},{"@type":"WebSite","@id":"https:\/\/malatyareport.com.tr\/#website","url":"https:\/\/malatyareport.com.tr\/","name":"Malatya Report","description":"","potentialAction":[{"@type":"SearchAction","target":{"@type":"EntryPoint","urlTemplate":"https:\/\/malatyareport.com.tr\/?s={search_term_string}"},"query-input":{"@type":"PropertyValueSpecification","valueRequired":true,"valueName":"search_term_string"}}],"inLanguage":"tr"},{"@type":"Person","@id":"https:\/\/malatyareport.com.tr\/#\/schema\/person\/93146d94af76b792b58ac78050cc6da7","name":"Timur \u0130nce","image":{"@type":"ImageObject","inLanguage":"tr","@id":"https:\/\/secure.gravatar.com\/avatar\/e5ce118bd86e5549ff544e7c5b614da198ecaa7f8e9398b55d27ae1f117511d8?s=96&d=mm&r=g","url":"https:\/\/secure.gravatar.com\/avatar\/e5ce118bd86e5549ff544e7c5b614da198ecaa7f8e9398b55d27ae1f117511d8?s=96&d=mm&r=g","contentUrl":"https:\/\/secure.gravatar.com\/avatar\/e5ce118bd86e5549ff544e7c5b614da198ecaa7f8e9398b55d27ae1f117511d8?s=96&d=mm&r=g","caption":"Timur \u0130nce"},"description":"Zaman\u0131n ruhunda bir damla m\u00fcrekkep olmay\u0131 isterdim. Bir damla m\u00fcrekkep bir ulusun kaderini yazmaya yeterlidir.","sameAs":["https:\/\/malatyareport.com.tr","https:\/\/www.facebook.com\/timurince","@timur_ince_t5_","https:\/\/x.com\/@timurince11"],"url":"https:\/\/malatyareport.com.tr\/index.php\/author\/admin_6i9yniox\/"}]}},"jetpack_featured_media_url":"","jetpack_sharing_enabled":true,"_links":{"self":[{"href":"https:\/\/malatyareport.com.tr\/index.php\/wp-json\/wp\/v2\/posts\/1178","targetHints":{"allow":["GET"]}}],"collection":[{"href":"https:\/\/malatyareport.com.tr\/index.php\/wp-json\/wp\/v2\/posts"}],"about":[{"href":"https:\/\/malatyareport.com.tr\/index.php\/wp-json\/wp\/v2\/types\/post"}],"author":[{"embeddable":true,"href":"https:\/\/malatyareport.com.tr\/index.php\/wp-json\/wp\/v2\/users\/1"}],"replies":[{"embeddable":true,"href":"https:\/\/malatyareport.com.tr\/index.php\/wp-json\/wp\/v2\/comments?post=1178"}],"version-history":[{"count":1,"href":"https:\/\/malatyareport.com.tr\/index.php\/wp-json\/wp\/v2\/posts\/1178\/revisions"}],"predecessor-version":[{"id":1180,"href":"https:\/\/malatyareport.com.tr\/index.php\/wp-json\/wp\/v2\/posts\/1178\/revisions\/1180"}],"wp:attachment":[{"href":"https:\/\/malatyareport.com.tr\/index.php\/wp-json\/wp\/v2\/media?parent=1178"}],"wp:term":[{"taxonomy":"category","embeddable":true,"href":"https:\/\/malatyareport.com.tr\/index.php\/wp-json\/wp\/v2\/categories?post=1178"},{"taxonomy":"post_tag","embeddable":true,"href":"https:\/\/malatyareport.com.tr\/index.php\/wp-json\/wp\/v2\/tags?post=1178"}],"curies":[{"name":"wp","href":"https:\/\/api.w.org\/{rel}","templated":true}]}}