{"id":1181,"date":"2026-07-22T05:01:17","date_gmt":"2026-07-22T05:01:17","guid":{"rendered":"https:\/\/malatyareport.com.tr\/?p=1181"},"modified":"2026-07-22T05:55:04","modified_gmt":"2026-07-22T05:55:04","slug":"sami-baskan-keske-istifa-etse","status":"publish","type":"post","link":"https:\/\/malatyareport.com.tr\/index.php\/2026\/07\/22\/sami-baskan-keske-istifa-etse\/","title":{"rendered":"SAM\u0130 BA\u015eKAN KE\u015eKE \u0130ST\u0130FA ETSE\u00a0"},"content":{"rendered":"\n<figure class=\"wp-block-image size-full\"><img data-recalc-dims=\"1\" loading=\"lazy\" decoding=\"async\" width=\"782\" height=\"885\" src=\"https:\/\/i0.wp.com\/malatyareport.com.tr\/wp-content\/uploads\/2026\/07\/4D5A8C40-3A4D-42A6-A1C6-40EAFF6FDC2E.jpeg?resize=782%2C885&#038;ssl=1\" alt=\"\" class=\"wp-image-1182\" srcset=\"https:\/\/i0.wp.com\/malatyareport.com.tr\/wp-content\/uploads\/2026\/07\/4D5A8C40-3A4D-42A6-A1C6-40EAFF6FDC2E.jpeg?w=782&amp;ssl=1 782w, https:\/\/i0.wp.com\/malatyareport.com.tr\/wp-content\/uploads\/2026\/07\/4D5A8C40-3A4D-42A6-A1C6-40EAFF6FDC2E.jpeg?resize=265%2C300&amp;ssl=1 265w, https:\/\/i0.wp.com\/malatyareport.com.tr\/wp-content\/uploads\/2026\/07\/4D5A8C40-3A4D-42A6-A1C6-40EAFF6FDC2E.jpeg?resize=768%2C869&amp;ssl=1 768w\" sizes=\"auto, (max-width: 782px) 100vw, 782px\" \/><\/figure>\n\n\n\n<p class=\"wp-block-paragraph\">Bir \u015fehrin y\u00f6netiminden murad edilen \u015fey: temiz bir idare, ya\u015fan\u0131r bir \u00e7evre, \u00f6zveriyle geli\u015ftirililen samimiyettir. Hepsi bu kadar basit.\u00a0<\/p>\n\n\n\n<p class=\"wp-block-paragraph\">Ama Malatya siyasetinin i\u00e7i ne yaz\u0131k bo\u015falt\u0131lm\u0131\u015f halde.&nbsp;<\/p>\n\n\n\n<p class=\"wp-block-paragraph\">\u0130yi bir y\u00f6netim ortaya konuldu\u011funda halk bunu memnuniyetle kar\u015f\u0131lar. Yani iyi bir y\u00f6netimden kast\u0131m\u0131z herkesin hak etti\u011fi refah\u0131 \u00fcretmek. Fakat siz tutar \u015fehrin t\u00fcm imar\u0131n\u0131, y\u00f6netimini, istikrar ile b\u00fcrokratik meselesini bir k\u00fct\u00fcphane \u00fczerine kurarsan\u0131z i\u015fin rengi de\u011fi\u015fir. Halk tenkit eder, konu\u015fur, ba\u015fka yerlere \u00e7ekmesi ola\u011fan bir durum haline d\u00f6n\u00fc\u015f\u00fcr. <\/p>\n\n\n\n<p class=\"wp-block-paragraph\">D\u00fc\u015f\u00fcn\u00fcn bir y\u0131ldan beri Malatya\u2019n\u0131n g\u00fcndemi sadece bir k\u00fct\u00fcphane. Ba\u015fka hi\u00e7 bir yeni icraat\u0131n ad\u0131 ge\u00e7miyor hi\u00e7 bir yerde.\u00a0<\/p>\n\n\n\n<p class=\"wp-block-paragraph\">\u015eimdi diyeceksiniz ki yap\u0131lan&nbsp;<strong>Toki<\/strong>&nbsp;konutlar\u0131. Onlar belediyenin i\u015fi olmad\u0131\u011f\u0131 gibi&nbsp;<strong>\u00c7evre Ve \u015eehircilik Bakanl\u0131\u011f\u0131<\/strong>&nbsp;taraf\u0131ndan olu\u015fturulmu\u015f, t\u00fcm T\u00fcrkiye\u2019de ba\u015flat\u0131lan kapsaml\u0131 bir imar projeleridir. Kald\u0131ki B\u00fcy\u00fck\u015fehir belediye ba\u015fkan\u0131 onlar\u0131 da sahiplendi. Ben yapt\u0131m diyor. O de\u011filde&nbsp;<strong>Murat Kurum<\/strong>\u2019a ay\u0131p olmuyor mu? Bakan yaps\u0131n etsin, bizimkilerde bedavadan sahiplensinler \u00f6yle mi? Sadece B\u00fcy\u00fck\u015fehir belediye ba\u015fkan\u0131 de\u011fil \u00f6n\u00fcne gelen \u201c<strong>benim \u00e7abamla oldu ha, ben olmasayd\u0131m g\u00f6r\u00fcrd\u00fcn\u00fcz siz\u2026\u201d&nbsp;<\/strong>diyerek parmak sallamak d\u00fc\u015f\u00fck mirac\u0131yla kar\u015f\u0131 kar\u015f\u0131yay\u0131z.&nbsp;<\/p>\n\n\n\n<p class=\"wp-block-paragraph\">Hangi sorundan ba\u015flayaca\u011f\u0131m\u0131 bilemedi\u011fim bir yaz\u0131 oldu bu. Fiyasko ile sonu\u00e7lanan&nbsp;<strong>kay\u0131s\u0131 festival<\/strong>i mi desem, y\u00fcksek paralar kar\u015f\u0131l\u0131\u011f\u0131nda getirilen sanat\u00e7\u0131lar\u0131n kendilerine konser vermesi mi desem,&nbsp;<strong>Maski<\/strong>&nbsp;rezaleti mi,&nbsp;<strong>MOTA\u015e<\/strong>&nbsp;d\u00fczensizlikleri, daire amirlerinin kurdu\u011fu k\u00fc\u00e7\u00fck krall\u0131klar m\u0131, belediyelerde d\u00f6nem alengirli i\u015fler mi, \u015fehirde ki ba\u015f\u0131 bo\u015fluk mu\u2026 say say bitmez.&nbsp;<\/p>\n\n\n\n<p class=\"wp-block-paragraph\"><strong>Sami Er&nbsp;<\/strong>iyi bir y\u00f6netim ortaya koyamad\u0131. \u0130yi bir y\u00f6netim yani de\u011fi\u015fen uyumu sa\u011flayabilen bir donan\u0131m\u0131 s\u00fcrekli k\u0131lmak. Bu biraz da vizyon meselesi. En ba\u015f\u0131ndan \u015funu beklerdik Sami Er\u2019den. Alacakt\u0131 eline kazmay\u0131 vuracakt\u0131 bir yerden ve \u201c<strong>ben rayl\u0131 sistemi bu \u015fehre getirece\u011fim\u201d&nbsp;<\/strong>diyecekti. Ard\u0131ndan Beyler deresine gidecek bir kazma da oraya vuracak \u201c<strong>ben ikinci k\u00f6pr\u00fcy\u00fc de in\u015faa edece\u011fim\u201d&nbsp;<\/strong>diyecekti. Geriye ne kald\u0131?&nbsp;<strong>Malatya\u2019n\u0131n en \u00f6nemli hammaddesi: kay\u0131s\u0131.<\/strong>Belediyenin kendi tesislerini kuracakt\u0131. \u00d6yle&nbsp;<strong>Esenlik<\/strong>&nbsp;gibi de\u011fil, uluslararas\u0131 boyutta cevap verecek, kay\u0131s\u0131n\u0131n profesyonel i\u015fleni\u015fini sahiplenecek beynelmilel bir yap\u0131lanmaya gidilecekti.&nbsp;<\/p>\n\n\n\n<p class=\"wp-block-paragraph\">Bak\u0131yoruz rayl\u0131 sistem bir hayal, ula\u015f\u0131m Arap sa\u00e7\u0131ma d\u00f6n\u00fc\u015fm\u00fc\u015f,\u00a0<strong>Esenlik<\/strong>\u00a0\u015fehrin en kaz\u0131k\u00e7\u0131 marketler grubu. Kay\u0131s\u0131 ba\u015flar ba\u015flamaz t\u00fcccar \u201c<strong>\u015fak<\/strong>\u201d diye \u015falteri indirdi. Hemen fiyatlar\u0131 \u00e7ekti a\u015fa\u011f\u0131ya. Kay\u0131s\u0131 t\u00fcccarlar\u0131na bir \u015fey diyebiliyor musunuz siz? Deme g\u00fcc\u00fcn\u00fcz var m\u0131? \u201c<strong>Sen halk\u0131n ekme\u011fi ile oynarsan bende bu \u015fehrin sefiri olarak olaya el koyuyorum diyebilme gibi bir donan\u0131m s\u00f6z konusu mu?\u201d<\/strong>\u00a0Ben i\u015fletme i\u015fine gidiyorum de bakal\u0131m kay\u0131s\u0131 fiyat\u0131 d\u00fc\u015fer mi d\u00fc\u015fmez mi? Buyurun orda patronlar, hadi tek bir kelime s\u00f6yleyin. Fakat g\u0131k\u0131n\u0131z \u00e7\u0131kmaz-\u00e7\u0131kamaz. \u00c7\u00fcnk\u00fc Malatya siyaset bitik, kusura bakmay\u0131n siz hi\u00e7 bir zaman o realiteyi yakalayamad\u0131n\u0131z.\u00a0<\/p>\n\n\n\n<p class=\"wp-block-paragraph\">Fakat t\u00fcm mevzu bir k\u00fct\u00fcphaneye kilitlenmi\u015f kalm\u0131\u015f. Arkada\u015f ne k\u00fct\u00fcphaneymi\u015f. Sabah kalk ben k\u00fct\u00fcphane yapt\u0131m. Ak\u015fam yat yine k\u00fct\u00fcphane yapt\u0131m. Gel k\u00fct\u00fcphane, git k\u00fct\u00fcphane, d\u00f6n tekrar k\u00fct\u00fcphane, olmad\u0131 arkadan dola\u015f yine k\u00fct\u00fcphane. \u00d6nden \u00e7evir y\u00fcz\u00fcn\u00fc yine k\u00fct\u00fcphane. Ba\u015fka hi\u00e7 bir \u015fey yok.\u00a0<\/p>\n\n\n\n<p class=\"wp-block-paragraph\">K\u00fct\u00fcphane dedi\u011fimiz \u015fey depremde hasar kayd\u0131 kendisi taraf\u0131ndan al\u0131nm\u0131\u015f B\u00fcy\u00fck\u015fehir binas\u0131 alt\u0131na tam\u00a0<strong>300 milyon<\/strong>\u00a0paraya yak\u0131nlara pe\u015fke\u015f \u00e7ekilmi\u015f, kendisine yak\u0131n zengin veledlerine yeni istihdam alan\u0131 sa\u011flayan bir entegre. Bak\u0131n k\u00fct\u00fcphane demiyorum.\u00a0<strong>Entegre<\/strong>. Orda \u00e7al\u0131\u015fanlar\u0131 bir ara\u015ft\u0131r\u0131n hele kimin \u00e7ocuklar\u0131. Hepsi kodamanlar\u0131n veletleridir.\u00a0<\/p>\n\n\n\n<p class=\"wp-block-paragraph\">Bir de \u015fehirde kitap okuyacak \u00e7ocuk kald\u0131 m\u0131 diye bir soru sorsak. Ne kitab\u0131, ne k\u00fct\u00fcphanesi, gidin i\u015finize hele Allah a\u015fk\u0131na!?<\/p>\n\n\n\n<p class=\"wp-block-paragraph\">\u015eahsen ben inanm\u0131yorum o kadar paran\u0131n oraya harcand\u0131\u011f\u0131na. Kimbilir o paralar nereye aktar\u0131rd\u0131. Hangi vakfa, dergaha, cemaate ba\u011f\u0131\u015fland\u0131. O da ba\u015fka bir parazitli soru i\u015fareti.\u00a0<\/p>\n\n\n\n<p class=\"wp-block-paragraph\">Bu \u015fehrin sorunlar\u0131n\u0131n g\u00f6rmeme e\u011filimi, ya\u015fad\u0131klar\u0131 \u015fehirde onlara huzur ve g\u00fcven i\u00e7inde olduklar\u0131n\u0131 hissettirebilmek, bunlarla birlikte elbette daha bir\u00e7ok \u015feyin iyi olmas\u0131n\u0131 sa\u011flamak; yani insanlar\u0131n\u0131n gelece\u011fe dair umutlar\u0131n\u0131 koruyabilmek. Y\u0131llar\u0131n bo\u015fa ge\u00e7medi\u011fi, kaynaklar\u0131n bo\u015fa harcanmad\u0131\u011f\u0131, hak ettiklerinin k\u00fc\u00e7\u00fck bir az\u0131nl\u0131k aras\u0131nda payla\u015ft\u0131r\u0131lmad\u0131\u011f\u0131 bir ortak zemin tesis etmek. Ve tabii ortak bir gelecek kurmak. Fakat ne varki yukar\u0131da saym\u0131\u015f oldu\u011fumuz temel arg\u00fcmanlardan soyutland\u0131\u011f\u0131nda bir k\u00fct\u00fcphane i\u00e7ine s\u0131k\u0131\u015f\u0131r kal\u0131rs\u0131n\u0131z. Harici elle tutulur bir \u015feyiniz olmay\u0131nca sadece etraf\u0131n\u0131zda d\u00f6ner durursunuz b\u00f6yle. Sizi \u00e7evrelemi\u015f yalakalardan ba\u015fka kimse size inanmaz. Helal olsun demez. G\u00f6rmek istemezseniz de demiyorlar zaten.&nbsp;<\/p>\n\n\n\n<p class=\"wp-block-paragraph\">Yoksa \u201c<strong>\u015f\u00f6yle b\u00fcy\u00fc\u011f\u00fcz, b\u00f6yle m\u00fcthi\u015fiz, \u00f6yle kararl\u0131y\u0131z, b\u00f6yle vurdu\u011fumuz yerden ses getiriyoruz\u201d<\/strong>\u00a0sloganlar i\u015fe yaram\u0131yor g\u00f6rd\u00fc\u011f\u00fcn\u00fcz gibi. \u0130craat laz\u0131m. Bak\u0131n bizim halimizin vard\u0131\u011f\u0131 yer belli. Ne \u015fehrin ekonomik hikayesi, ne \u00e7evresel etki sistemi, ne ba\u015f\u0131 bozukluk, bunlar\u0131 ge\u00e7tik ne de tutunacak bir dal kald\u0131. Yani, memleket idaresinden murad edilen ne varsa bizde t\u00fckendi.\u00a0<\/p>\n\n\n\n<p class=\"wp-block-paragraph\">Ula\u015f\u0131mdan \u015fehrin haf\u0131zas\u0131na,&nbsp;&nbsp;vicdandan h\u00fcrriyetine, bilimum g\u00fcvenden&nbsp;&nbsp;b\u00f6lgesel vizyona, depremle m\u00fccadeleye, \u015fehrin kalk\u0131nmas\u0131ndan yeniden b\u00fcy\u00fcmeye ile&nbsp;&nbsp;okuma-anlama becerisine kadar b\u00fct\u00fcn yerel&nbsp;&nbsp;istatistiklerde en k\u00f6t\u00fcler aras\u0131na demir atm\u0131\u015f yumakla\u015fm\u0131\u015f bir haldeyiz.<\/p>\n\n\n\n<p class=\"wp-block-paragraph\">S\u00f6zde \u201c<strong>ortal\u0131k s\u00fct liman, Toki konutlar\u0131 ikide bir g\u00f6ze sokuluyor. Malatya \u00e7ok heyecanl\u0131 bir \u015fehir g\u00fcya\u201d<\/strong>\u00a0ama var m\u0131 k\u00fct\u00fcphaneden ba\u015fka g\u00fcndem? B\u00fct\u00fcn o hareketler, operasyonlar, \u00e7ar\u015f\u0131lar, yap\u0131lar, esen sert r\u00fczgarlar; <strong>Murat Kurum<\/strong>\u2019un T\u00fcrkiyenin bir \u00e7ok iline yayd\u0131\u011f\u0131 projenin bir par\u00e7as\u0131. Gel g\u00f6r ki sizin konsept tamamen bombo\u015f.\u00a0<\/p>\n\n\n\n<p class=\"wp-block-paragraph\"><strong>Pardon k\u00fct\u00fcphane\u2019yi unuttum.&nbsp;<\/strong><\/p>\n\n\n\n<p class=\"wp-block-paragraph\">O halde \u015funu s\u00f6ylemekte bir beyis g\u00f6rm\u00fcyoruz. <strong>\u0130ST\u0130FA<\/strong>! Malum zaman\u0131m\u0131z k\u0131ymetli, \u015fehrin gelece\u011fi \u00e7ok \u00f6nemli, zarar\u0131n neresinden d\u00f6nersek kard\u0131r. Bu durumda \u201c<strong>\u0130stifa edin\u201d<\/strong> talebimizi sunmak en makul \u015fey de\u011fil mi? \u015eehrin k\u00e2r\u0131na, gelece\u011fimizin teminat\u0131 ad\u0131na, toplumun faydas\u0131na oldu\u011funu d\u00fc\u015f\u00fcnd\u00fc\u011f\u00fcm\u00fcz i\u00e7in; belki etmeziniz-etmeyeceksiniz ama bu \u015fartlarda herkes, her \u015fey kaybediyor. En ba\u015f\u0131nda da Ak Parti \u015fehirde kan kaybediyor. Ke\u015fke Sami Ba\u015fkan bug\u00fcn \u00e7\u0131ksa istifa etse. Sa\u011fl\u0131k nedenlerinden \u00f6t\u00fcr\u00fc veyahut Malatya beni a\u015far-a\u015ft\u0131 diyerek i\u015fi yapabilen birine devretse. Bak\u0131n zarar ziyan diz boyu. H\u00e2l\u00e2 bu memleketin cesur, g\u00f6z\u00fc kara, organize olabilecek \u00e7ocuklar\u0131 var. Yok de\u011fil. \u0130nan\u0131n k\u00fct\u00fcphane bile pek bir i\u015fe yaram\u0131yor art\u0131k. Ama neyse.\u00a0<\/p>\n","protected":false},"excerpt":{"rendered":"<p>Bir \u015fehrin y\u00f6netiminden murad edilen \u015fey: temiz bir idare, ya\u015fan\u0131r bir \u00e7evre, \u00f6zveriyle geli\u015ftirililen samimiyettir. Hepsi bu kadar basit.\u00a0 Ama Malatya siyasetinin i\u00e7i ne yaz\u0131k&#8230;<\/p>\n<div class=\"more-link-wrapper\"><a class=\"more-link\" href=\"https:\/\/malatyareport.com.tr\/index.php\/2026\/07\/22\/sami-baskan-keske-istifa-etse\/\">Devam\u0131n\u0131 okuyun<span class=\"screen-reader-text\">SAM\u0130 BA\u015eKAN KE\u015eKE \u0130ST\u0130FA ETSE\u00a0<\/span><\/a><\/div>\n","protected":false},"author":1,"featured_media":0,"comment_status":"open","ping_status":"open","sticky":false,"template":"","format":"standard","meta":{"_jetpack_memberships_contains_paid_content":false,"footnotes":""},"categories":[5],"tags":[],"class_list":["post-1181","post","type-post","status-publish","format-standard","hentry","category-kose-yazilari","entry"],"yoast_head":"<!-- This site is optimized with the Yoast SEO plugin v28.2 - https:\/\/yoast.com\/product\/yoast-seo-wordpress\/ -->\n<title>SAM\u0130 BA\u015eKAN KE\u015eKE \u0130ST\u0130FA ETSE\u00a0 - Malatya Report<\/title>\n<meta name=\"robots\" content=\"index, follow, max-snippet:-1, max-image-preview:large, max-video-preview:-1\" \/>\n<link rel=\"canonical\" href=\"https:\/\/malatyareport.com.tr\/index.php\/2026\/07\/22\/sami-baskan-keske-istifa-etse\/\" \/>\n<meta property=\"og:locale\" content=\"tr_TR\" \/>\n<meta property=\"og:type\" content=\"article\" \/>\n<meta property=\"og:title\" content=\"SAM\u0130 BA\u015eKAN KE\u015eKE \u0130ST\u0130FA ETSE\u00a0 - Malatya Report\" \/>\n<meta property=\"og:description\" content=\"Bir \u015fehrin y\u00f6netiminden murad edilen \u015fey: temiz bir idare, ya\u015fan\u0131r bir \u00e7evre, \u00f6zveriyle geli\u015ftirililen samimiyettir. Hepsi bu kadar basit.\u00a0 Ama Malatya siyasetinin i\u00e7i ne yaz\u0131k&#8230;\" \/>\n<meta property=\"og:url\" content=\"https:\/\/malatyareport.com.tr\/index.php\/2026\/07\/22\/sami-baskan-keske-istifa-etse\/\" \/>\n<meta property=\"og:site_name\" content=\"Malatya Report\" \/>\n<meta property=\"article:author\" content=\"https:\/\/www.facebook.com\/timurince\" \/>\n<meta property=\"article:published_time\" content=\"2026-07-22T05:01:17+00:00\" \/>\n<meta property=\"article:modified_time\" content=\"2026-07-22T05:55:04+00:00\" \/>\n<meta property=\"og:image\" content=\"https:\/\/malatyareport.com.tr\/wp-content\/uploads\/2026\/07\/4D5A8C40-3A4D-42A6-A1C6-40EAFF6FDC2E.jpeg\" \/>\n<meta name=\"author\" content=\"Timur \u0130nce\" \/>\n<meta name=\"twitter:card\" content=\"summary_large_image\" \/>\n<meta name=\"twitter:creator\" content=\"@timurince11\" \/>\n<meta name=\"twitter:label1\" content=\"Yazan:\" \/>\n\t<meta name=\"twitter:data1\" content=\"Timur \u0130nce\" \/>\n\t<meta name=\"twitter:label2\" content=\"Tahmini okuma s\u00fcresi\" \/>\n\t<meta name=\"twitter:data2\" content=\"6 dakika\" \/>\n<script type=\"application\/ld+json\" class=\"yoast-schema-graph\">{\"@context\":\"https:\\\/\\\/schema.org\",\"@graph\":[{\"@type\":\"Article\",\"@id\":\"https:\\\/\\\/malatyareport.com.tr\\\/index.php\\\/2026\\\/07\\\/22\\\/sami-baskan-keske-istifa-etse\\\/#article\",\"isPartOf\":{\"@id\":\"https:\\\/\\\/malatyareport.com.tr\\\/index.php\\\/2026\\\/07\\\/22\\\/sami-baskan-keske-istifa-etse\\\/\"},\"author\":{\"name\":\"Timur \u0130nce\",\"@id\":\"https:\\\/\\\/malatyareport.com.tr\\\/#\\\/schema\\\/person\\\/93146d94af76b792b58ac78050cc6da7\"},\"headline\":\"SAM\u0130 BA\u015eKAN KE\u015eKE \u0130ST\u0130FA ETSE\u00a0\",\"datePublished\":\"2026-07-22T05:01:17+00:00\",\"dateModified\":\"2026-07-22T05:55:04+00:00\",\"mainEntityOfPage\":{\"@id\":\"https:\\\/\\\/malatyareport.com.tr\\\/index.php\\\/2026\\\/07\\\/22\\\/sami-baskan-keske-istifa-etse\\\/\"},\"wordCount\":1255,\"commentCount\":0,\"image\":{\"@id\":\"https:\\\/\\\/malatyareport.com.tr\\\/index.php\\\/2026\\\/07\\\/22\\\/sami-baskan-keske-istifa-etse\\\/#primaryimage\"},\"thumbnailUrl\":\"https:\\\/\\\/malatyareport.com.tr\\\/wp-content\\\/uploads\\\/2026\\\/07\\\/4D5A8C40-3A4D-42A6-A1C6-40EAFF6FDC2E.jpeg\",\"articleSection\":[\"K\u00f6\u015fe Yaz\u0131lar\u0131\"],\"inLanguage\":\"tr\",\"potentialAction\":[{\"@type\":\"CommentAction\",\"name\":\"Comment\",\"target\":[\"https:\\\/\\\/malatyareport.com.tr\\\/index.php\\\/2026\\\/07\\\/22\\\/sami-baskan-keske-istifa-etse\\\/#respond\"]}]},{\"@type\":\"WebPage\",\"@id\":\"https:\\\/\\\/malatyareport.com.tr\\\/index.php\\\/2026\\\/07\\\/22\\\/sami-baskan-keske-istifa-etse\\\/\",\"url\":\"https:\\\/\\\/malatyareport.com.tr\\\/index.php\\\/2026\\\/07\\\/22\\\/sami-baskan-keske-istifa-etse\\\/\",\"name\":\"SAM\u0130 BA\u015eKAN KE\u015eKE \u0130ST\u0130FA ETSE\u00a0 - Malatya Report\",\"isPartOf\":{\"@id\":\"https:\\\/\\\/malatyareport.com.tr\\\/#website\"},\"primaryImageOfPage\":{\"@id\":\"https:\\\/\\\/malatyareport.com.tr\\\/index.php\\\/2026\\\/07\\\/22\\\/sami-baskan-keske-istifa-etse\\\/#primaryimage\"},\"image\":{\"@id\":\"https:\\\/\\\/malatyareport.com.tr\\\/index.php\\\/2026\\\/07\\\/22\\\/sami-baskan-keske-istifa-etse\\\/#primaryimage\"},\"thumbnailUrl\":\"https:\\\/\\\/malatyareport.com.tr\\\/wp-content\\\/uploads\\\/2026\\\/07\\\/4D5A8C40-3A4D-42A6-A1C6-40EAFF6FDC2E.jpeg\",\"datePublished\":\"2026-07-22T05:01:17+00:00\",\"dateModified\":\"2026-07-22T05:55:04+00:00\",\"author\":{\"@id\":\"https:\\\/\\\/malatyareport.com.tr\\\/#\\\/schema\\\/person\\\/93146d94af76b792b58ac78050cc6da7\"},\"breadcrumb\":{\"@id\":\"https:\\\/\\\/malatyareport.com.tr\\\/index.php\\\/2026\\\/07\\\/22\\\/sami-baskan-keske-istifa-etse\\\/#breadcrumb\"},\"inLanguage\":\"tr\",\"potentialAction\":[{\"@type\":\"ReadAction\",\"target\":[\"https:\\\/\\\/malatyareport.com.tr\\\/index.php\\\/2026\\\/07\\\/22\\\/sami-baskan-keske-istifa-etse\\\/\"]}]},{\"@type\":\"ImageObject\",\"inLanguage\":\"tr\",\"@id\":\"https:\\\/\\\/malatyareport.com.tr\\\/index.php\\\/2026\\\/07\\\/22\\\/sami-baskan-keske-istifa-etse\\\/#primaryimage\",\"url\":\"https:\\\/\\\/i0.wp.com\\\/malatyareport.com.tr\\\/wp-content\\\/uploads\\\/2026\\\/07\\\/4D5A8C40-3A4D-42A6-A1C6-40EAFF6FDC2E.jpeg?fit=782%2C885&ssl=1\",\"contentUrl\":\"https:\\\/\\\/i0.wp.com\\\/malatyareport.com.tr\\\/wp-content\\\/uploads\\\/2026\\\/07\\\/4D5A8C40-3A4D-42A6-A1C6-40EAFF6FDC2E.jpeg?fit=782%2C885&ssl=1\",\"width\":782,\"height\":885},{\"@type\":\"BreadcrumbList\",\"@id\":\"https:\\\/\\\/malatyareport.com.tr\\\/index.php\\\/2026\\\/07\\\/22\\\/sami-baskan-keske-istifa-etse\\\/#breadcrumb\",\"itemListElement\":[{\"@type\":\"ListItem\",\"position\":1,\"name\":\"Anasayfa\",\"item\":\"https:\\\/\\\/malatyareport.com.tr\\\/\"},{\"@type\":\"ListItem\",\"position\":2,\"name\":\"SAM\u0130 BA\u015eKAN KE\u015eKE \u0130ST\u0130FA ETSE\u00a0\"}]},{\"@type\":\"WebSite\",\"@id\":\"https:\\\/\\\/malatyareport.com.tr\\\/#website\",\"url\":\"https:\\\/\\\/malatyareport.com.tr\\\/\",\"name\":\"Malatya Report\",\"description\":\"\",\"potentialAction\":[{\"@type\":\"SearchAction\",\"target\":{\"@type\":\"EntryPoint\",\"urlTemplate\":\"https:\\\/\\\/malatyareport.com.tr\\\/?s={search_term_string}\"},\"query-input\":{\"@type\":\"PropertyValueSpecification\",\"valueRequired\":true,\"valueName\":\"search_term_string\"}}],\"inLanguage\":\"tr\"},{\"@type\":\"Person\",\"@id\":\"https:\\\/\\\/malatyareport.com.tr\\\/#\\\/schema\\\/person\\\/93146d94af76b792b58ac78050cc6da7\",\"name\":\"Timur \u0130nce\",\"image\":{\"@type\":\"ImageObject\",\"inLanguage\":\"tr\",\"@id\":\"https:\\\/\\\/secure.gravatar.com\\\/avatar\\\/e5ce118bd86e5549ff544e7c5b614da198ecaa7f8e9398b55d27ae1f117511d8?s=96&d=mm&r=g\",\"url\":\"https:\\\/\\\/secure.gravatar.com\\\/avatar\\\/e5ce118bd86e5549ff544e7c5b614da198ecaa7f8e9398b55d27ae1f117511d8?s=96&d=mm&r=g\",\"contentUrl\":\"https:\\\/\\\/secure.gravatar.com\\\/avatar\\\/e5ce118bd86e5549ff544e7c5b614da198ecaa7f8e9398b55d27ae1f117511d8?s=96&d=mm&r=g\",\"caption\":\"Timur \u0130nce\"},\"description\":\"Zaman\u0131n ruhunda bir damla m\u00fcrekkep olmay\u0131 isterdim. Bir damla m\u00fcrekkep bir ulusun kaderini yazmaya yeterlidir.\",\"sameAs\":[\"https:\\\/\\\/malatyareport.com.tr\",\"https:\\\/\\\/www.facebook.com\\\/timurince\",\"@timur_ince_t5_\",\"https:\\\/\\\/x.com\\\/@timurince11\"],\"url\":\"https:\\\/\\\/malatyareport.com.tr\\\/index.php\\\/author\\\/admin_6i9yniox\\\/\"}]}<\/script>\n<!-- \/ Yoast SEO plugin. -->","yoast_head_json":{"title":"SAM\u0130 BA\u015eKAN KE\u015eKE \u0130ST\u0130FA ETSE\u00a0 - Malatya Report","robots":{"index":"index","follow":"follow","max-snippet":"max-snippet:-1","max-image-preview":"max-image-preview:large","max-video-preview":"max-video-preview:-1"},"canonical":"https:\/\/malatyareport.com.tr\/index.php\/2026\/07\/22\/sami-baskan-keske-istifa-etse\/","og_locale":"tr_TR","og_type":"article","og_title":"SAM\u0130 BA\u015eKAN KE\u015eKE \u0130ST\u0130FA ETSE\u00a0 - Malatya Report","og_description":"Bir \u015fehrin y\u00f6netiminden murad edilen \u015fey: temiz bir idare, ya\u015fan\u0131r bir \u00e7evre, \u00f6zveriyle geli\u015ftirililen samimiyettir. Hepsi bu kadar basit.\u00a0 Ama Malatya siyasetinin i\u00e7i ne yaz\u0131k&#8230;","og_url":"https:\/\/malatyareport.com.tr\/index.php\/2026\/07\/22\/sami-baskan-keske-istifa-etse\/","og_site_name":"Malatya Report","article_author":"https:\/\/www.facebook.com\/timurince","article_published_time":"2026-07-22T05:01:17+00:00","article_modified_time":"2026-07-22T05:55:04+00:00","og_image":[{"url":"https:\/\/malatyareport.com.tr\/wp-content\/uploads\/2026\/07\/4D5A8C40-3A4D-42A6-A1C6-40EAFF6FDC2E.jpeg","type":"","width":"","height":""}],"author":"Timur \u0130nce","twitter_card":"summary_large_image","twitter_creator":"@timurince11","twitter_misc":{"Yazan:":"Timur \u0130nce","Tahmini okuma s\u00fcresi":"6 dakika"},"schema":{"@context":"https:\/\/schema.org","@graph":[{"@type":"Article","@id":"https:\/\/malatyareport.com.tr\/index.php\/2026\/07\/22\/sami-baskan-keske-istifa-etse\/#article","isPartOf":{"@id":"https:\/\/malatyareport.com.tr\/index.php\/2026\/07\/22\/sami-baskan-keske-istifa-etse\/"},"author":{"name":"Timur \u0130nce","@id":"https:\/\/malatyareport.com.tr\/#\/schema\/person\/93146d94af76b792b58ac78050cc6da7"},"headline":"SAM\u0130 BA\u015eKAN KE\u015eKE \u0130ST\u0130FA ETSE\u00a0","datePublished":"2026-07-22T05:01:17+00:00","dateModified":"2026-07-22T05:55:04+00:00","mainEntityOfPage":{"@id":"https:\/\/malatyareport.com.tr\/index.php\/2026\/07\/22\/sami-baskan-keske-istifa-etse\/"},"wordCount":1255,"commentCount":0,"image":{"@id":"https:\/\/malatyareport.com.tr\/index.php\/2026\/07\/22\/sami-baskan-keske-istifa-etse\/#primaryimage"},"thumbnailUrl":"https:\/\/malatyareport.com.tr\/wp-content\/uploads\/2026\/07\/4D5A8C40-3A4D-42A6-A1C6-40EAFF6FDC2E.jpeg","articleSection":["K\u00f6\u015fe Yaz\u0131lar\u0131"],"inLanguage":"tr","potentialAction":[{"@type":"CommentAction","name":"Comment","target":["https:\/\/malatyareport.com.tr\/index.php\/2026\/07\/22\/sami-baskan-keske-istifa-etse\/#respond"]}]},{"@type":"WebPage","@id":"https:\/\/malatyareport.com.tr\/index.php\/2026\/07\/22\/sami-baskan-keske-istifa-etse\/","url":"https:\/\/malatyareport.com.tr\/index.php\/2026\/07\/22\/sami-baskan-keske-istifa-etse\/","name":"SAM\u0130 BA\u015eKAN KE\u015eKE \u0130ST\u0130FA ETSE\u00a0 - Malatya Report","isPartOf":{"@id":"https:\/\/malatyareport.com.tr\/#website"},"primaryImageOfPage":{"@id":"https:\/\/malatyareport.com.tr\/index.php\/2026\/07\/22\/sami-baskan-keske-istifa-etse\/#primaryimage"},"image":{"@id":"https:\/\/malatyareport.com.tr\/index.php\/2026\/07\/22\/sami-baskan-keske-istifa-etse\/#primaryimage"},"thumbnailUrl":"https:\/\/malatyareport.com.tr\/wp-content\/uploads\/2026\/07\/4D5A8C40-3A4D-42A6-A1C6-40EAFF6FDC2E.jpeg","datePublished":"2026-07-22T05:01:17+00:00","dateModified":"2026-07-22T05:55:04+00:00","author":{"@id":"https:\/\/malatyareport.com.tr\/#\/schema\/person\/93146d94af76b792b58ac78050cc6da7"},"breadcrumb":{"@id":"https:\/\/malatyareport.com.tr\/index.php\/2026\/07\/22\/sami-baskan-keske-istifa-etse\/#breadcrumb"},"inLanguage":"tr","potentialAction":[{"@type":"ReadAction","target":["https:\/\/malatyareport.com.tr\/index.php\/2026\/07\/22\/sami-baskan-keske-istifa-etse\/"]}]},{"@type":"ImageObject","inLanguage":"tr","@id":"https:\/\/malatyareport.com.tr\/index.php\/2026\/07\/22\/sami-baskan-keske-istifa-etse\/#primaryimage","url":"https:\/\/i0.wp.com\/malatyareport.com.tr\/wp-content\/uploads\/2026\/07\/4D5A8C40-3A4D-42A6-A1C6-40EAFF6FDC2E.jpeg?fit=782%2C885&ssl=1","contentUrl":"https:\/\/i0.wp.com\/malatyareport.com.tr\/wp-content\/uploads\/2026\/07\/4D5A8C40-3A4D-42A6-A1C6-40EAFF6FDC2E.jpeg?fit=782%2C885&ssl=1","width":782,"height":885},{"@type":"BreadcrumbList","@id":"https:\/\/malatyareport.com.tr\/index.php\/2026\/07\/22\/sami-baskan-keske-istifa-etse\/#breadcrumb","itemListElement":[{"@type":"ListItem","position":1,"name":"Anasayfa","item":"https:\/\/malatyareport.com.tr\/"},{"@type":"ListItem","position":2,"name":"SAM\u0130 BA\u015eKAN KE\u015eKE \u0130ST\u0130FA ETSE\u00a0"}]},{"@type":"WebSite","@id":"https:\/\/malatyareport.com.tr\/#website","url":"https:\/\/malatyareport.com.tr\/","name":"Malatya Report","description":"","potentialAction":[{"@type":"SearchAction","target":{"@type":"EntryPoint","urlTemplate":"https:\/\/malatyareport.com.tr\/?s={search_term_string}"},"query-input":{"@type":"PropertyValueSpecification","valueRequired":true,"valueName":"search_term_string"}}],"inLanguage":"tr"},{"@type":"Person","@id":"https:\/\/malatyareport.com.tr\/#\/schema\/person\/93146d94af76b792b58ac78050cc6da7","name":"Timur \u0130nce","image":{"@type":"ImageObject","inLanguage":"tr","@id":"https:\/\/secure.gravatar.com\/avatar\/e5ce118bd86e5549ff544e7c5b614da198ecaa7f8e9398b55d27ae1f117511d8?s=96&d=mm&r=g","url":"https:\/\/secure.gravatar.com\/avatar\/e5ce118bd86e5549ff544e7c5b614da198ecaa7f8e9398b55d27ae1f117511d8?s=96&d=mm&r=g","contentUrl":"https:\/\/secure.gravatar.com\/avatar\/e5ce118bd86e5549ff544e7c5b614da198ecaa7f8e9398b55d27ae1f117511d8?s=96&d=mm&r=g","caption":"Timur \u0130nce"},"description":"Zaman\u0131n ruhunda bir damla m\u00fcrekkep olmay\u0131 isterdim. Bir damla m\u00fcrekkep bir ulusun kaderini yazmaya yeterlidir.","sameAs":["https:\/\/malatyareport.com.tr","https:\/\/www.facebook.com\/timurince","@timur_ince_t5_","https:\/\/x.com\/@timurince11"],"url":"https:\/\/malatyareport.com.tr\/index.php\/author\/admin_6i9yniox\/"}]}},"jetpack_featured_media_url":"","jetpack_sharing_enabled":true,"_links":{"self":[{"href":"https:\/\/malatyareport.com.tr\/index.php\/wp-json\/wp\/v2\/posts\/1181","targetHints":{"allow":["GET"]}}],"collection":[{"href":"https:\/\/malatyareport.com.tr\/index.php\/wp-json\/wp\/v2\/posts"}],"about":[{"href":"https:\/\/malatyareport.com.tr\/index.php\/wp-json\/wp\/v2\/types\/post"}],"author":[{"embeddable":true,"href":"https:\/\/malatyareport.com.tr\/index.php\/wp-json\/wp\/v2\/users\/1"}],"replies":[{"embeddable":true,"href":"https:\/\/malatyareport.com.tr\/index.php\/wp-json\/wp\/v2\/comments?post=1181"}],"version-history":[{"count":6,"href":"https:\/\/malatyareport.com.tr\/index.php\/wp-json\/wp\/v2\/posts\/1181\/revisions"}],"predecessor-version":[{"id":1191,"href":"https:\/\/malatyareport.com.tr\/index.php\/wp-json\/wp\/v2\/posts\/1181\/revisions\/1191"}],"wp:attachment":[{"href":"https:\/\/malatyareport.com.tr\/index.php\/wp-json\/wp\/v2\/media?parent=1181"}],"wp:term":[{"taxonomy":"category","embeddable":true,"href":"https:\/\/malatyareport.com.tr\/index.php\/wp-json\/wp\/v2\/categories?post=1181"},{"taxonomy":"post_tag","embeddable":true,"href":"https:\/\/malatyareport.com.tr\/index.php\/wp-json\/wp\/v2\/tags?post=1181"}],"curies":[{"name":"wp","href":"https:\/\/api.w.org\/{rel}","templated":true}]}}