{"id":1193,"date":"2026-07-23T13:10:18","date_gmt":"2026-07-23T13:10:18","guid":{"rendered":"https:\/\/malatyareport.com.tr\/?p=1193"},"modified":"2026-07-24T04:04:06","modified_gmt":"2026-07-24T04:04:06","slug":"malatya-siyaseti-neden-kayisiya-mesafeli","status":"publish","type":"post","link":"https:\/\/malatyareport.com.tr\/index.php\/2026\/07\/23\/malatya-siyaseti-neden-kayisiya-mesafeli\/","title":{"rendered":"MALATYA S\u0130YASET\u0130 NEDEN KAYISIYA MESAFEL\u0130 ?"},"content":{"rendered":"\n<figure class=\"wp-block-image size-full\"><img data-recalc-dims=\"1\" loading=\"lazy\" decoding=\"async\" width=\"794\" height=\"886\" src=\"https:\/\/i0.wp.com\/malatyareport.com.tr\/wp-content\/uploads\/2026\/07\/217EF486-8D59-4D97-A5E4-D0BF33FEB47D.jpeg?resize=794%2C886&#038;ssl=1\" alt=\"\" class=\"wp-image-1194\" srcset=\"https:\/\/i0.wp.com\/malatyareport.com.tr\/wp-content\/uploads\/2026\/07\/217EF486-8D59-4D97-A5E4-D0BF33FEB47D.jpeg?w=794&amp;ssl=1 794w, https:\/\/i0.wp.com\/malatyareport.com.tr\/wp-content\/uploads\/2026\/07\/217EF486-8D59-4D97-A5E4-D0BF33FEB47D.jpeg?resize=269%2C300&amp;ssl=1 269w, https:\/\/i0.wp.com\/malatyareport.com.tr\/wp-content\/uploads\/2026\/07\/217EF486-8D59-4D97-A5E4-D0BF33FEB47D.jpeg?resize=768%2C857&amp;ssl=1 768w\" sizes=\"auto, (max-width: 794px) 100vw, 794px\" \/><\/figure>\n\n\n\n<p class=\"wp-block-paragraph\"><strong>72<\/strong>&nbsp;ya\u015f\u0131nda bir dostum anlatm\u0131\u015ft\u0131 bana.&nbsp;<strong>1987<\/strong>&nbsp;y\u0131ll\u0131nda o d\u00f6nemin yerel bas\u0131n\u0131na da d\u00fc\u015fen \u201c<strong>TAR\u0130\u015e Malatya\u2019da kay\u0131s\u0131 alacak\u201d<\/strong>&nbsp;haberleri sonras\u0131 bir an\u0131s\u0131n\u0131.&nbsp;<\/p>\n\n\n\n<p class=\"wp-block-paragraph\">Bir m\u00fcddet sonra Tari\u015f \u015fehre u\u011framay\u0131nca bir ka\u00e7 \u00fcretici sebebini merak edip \u0130zmir\u2019de bulunan Tari\u015f merkezine ula\u015f\u0131yorlar. Ald\u0131klar\u0131 cevap \u015fu \u201c<strong>evet biz Malatya\u2019da kay\u0131s\u0131 al\u0131m\u0131 yapacakt\u0131k fakat Malatya milletvekilleri bizi aray\u0131p hay\u0131r siz Malatya\u2019ya girmeyeceksiniz! Bizde al\u0131m talebimizi haliyle ask\u0131ya ald\u0131k. Milletvekilleri e\u011fer kay\u0131s\u0131 al\u0131m\u0131 yaparsan\u0131z<\/strong> <strong>siyasi arenada sizlerle kar\u015f\u0131 kar\u015f\u0131ya gelece\u011fiz.<\/strong> Daha sonra sebebini soruyorlar bizim \u00fcreticiler, \u201c<strong>kay\u0131s\u0131 t\u00fcccarlar\u0131 belli ki milletvekillerini sat\u0131n alm\u0131\u015f<\/strong>\u201d net a\u00e7\u0131klamas\u0131 geliyor.\u00a0<\/p>\n\n\n\n<p class=\"wp-block-paragraph\">Asl\u0131nda o g\u00fcn ile bug\u00fcn aras\u0131nda de\u011fi\u015fen bir \u015fey var m\u0131 \u015feklinde bir sualde bulunsak hepiniz \u00e7ok sesli koru halinde \u201c<strong>hay\u0131r<\/strong>\u201d cevab\u0131n\u0131 verece\u011finizden ku\u015fkumuz yok.&nbsp;<\/p>\n\n\n\n<p class=\"wp-block-paragraph\">T\u00fcccar Malatyada y\u0131llardan beri otokratik bir sistem kurmu\u015f, siyaseti s\u00fcrekli devre d\u0131\u015f\u0131 b\u0131rakmay\u0131 ba\u015farm\u0131\u015f bir \u015fekilde, can\u0131 istedi\u011finde al\u0131m yapm\u0131\u015f can\u0131 istemedi\u011finde yapmam\u0131\u015f. Can\u0131 istedi\u011finde fiyatlar\u0131 yar\u0131ya d\u00fc\u015f\u00fcrm\u00fc\u015f, keyfi ka\u00e7\u0131nca da \u00fcreticiyi s\u00fcr\u00fcnd\u00fcrm\u00fc\u015f ve dip fiyatlardan kapatm\u0131\u015f piyasay\u0131.&nbsp;<\/p>\n\n\n\n<p class=\"wp-block-paragraph\"><strong>50<\/strong>\u00a0y\u0131ldan beri s\u00fcregelen s\u00f6m\u00fcrme mekanizmas\u0131 b\u00f6yle i\u015fledi her daim. T\u00fcccar\u0131n kurdu\u011fu bu karanl\u0131k a\u011f kar\u015f\u0131s\u0131nda hi\u00e7 bir siyasi ve devlet elinin g\u00fcc\u00fcn\u00fcn yetmedi\u011fi otokraside siyaset \u00e7aresiz kald\u0131. \u00c7aresiz de\u011fil asl\u0131nda ilgi alan\u0131na girmedi, umurunda olmad\u0131, dert edinmedi, halk\u0131n\u0131 d\u00fc\u015f\u00fcnmedi, \u00fcretici yerine g\u00fc\u00e7l\u00fcden yani t\u00fcccardan yana olmay\u0131 tercih etti, \u015fehrin en katmerli-k\u0131ymetli mam\u00fcl\u00fc ve tek ge\u00e7im arac\u0131 olan \u00fcr\u00fcn\u00fc kar\u015f\u0131s\u0131nda devlet imkanlar\u0131n\u0131 seferber etmek i\u015fine gelmedi.\u00a0<\/p>\n\n\n\n<p class=\"wp-block-paragraph\">Peki bunca y\u0131ldan beri bir ilin en de\u011ferli end\u00fcstriyel \u00fcr\u00fcn\u00fcn\u00fc pazarlayan-vakomlayan t\u00fcccar bir yere gelebildi mi? Arpa boyu kadar ilerleyemedi. Hangi firma kurumsalla\u015ft\u0131, hangi t\u00fcccar uluslaras\u0131 aras\u0131 sahada tan\u0131n\u0131r oldu, hangisi markala\u015fabildi? Malatya\u2019dan toplay\u0131p\u00a0<strong>\u0130zmir<\/strong>\u2019li banker ihracat\u00e7\u0131lara vermek haricinde ne yapabildiler. K\u00fcresel d\u00fc\u015f\u00fcnemedikleri i\u00e7in patinaj edip durdular. Hi\u00e7 biri. \u00c7\u00fcnk\u00fc \u00fcretici elinden (<em>bir nevi<\/em>) zorla ald\u0131klar\u0131 \u00fcr\u00fcn onlar\u0131 da pek adam etmedi. <\/p>\n\n\n\n<p class=\"wp-block-paragraph\">Bir de madalyonun \u00f6teki y\u00fcz\u00fc var. Milletin mal\u0131n\u0131 t\u00fcrl\u00fc ayak oyunlar\u0131yla elinden alan t\u00fcccarlar\u0131n kartviziti t\u00fcrl\u00fc skandallarla dolu. \u0130flas edenler, Malatyadan bir daha d\u00f6nmemek \u00fczere ka\u00e7anlar, yarg\u0131lananlar,\u00a0<strong>FET\u00d6<\/strong>\u2019yle iltisakl\u0131 olanlar, intihar edenler, cinayet i\u015fleyenler b\u00f6l\u00fcm\u00fcn\u00fc \u015fimdilik pas ge\u00e7iyorum. Say\u0131s\u0131z firma bu \u015fekilde silindi gitti \u015fira pazar\u0131ndan.\u00a0<\/p>\n\n\n\n<p class=\"wp-block-paragraph\">\u0130\u015fte bu hikayeyi iyi \u015fekilde g\u00f6z \u00f6n\u00fcnde bulundurmal\u0131y\u0131z. Ve en b\u00fcy\u00fck kaz\u0131\u011f\u0131 da siyaset \u00fcreticiye att\u0131 her zaman. Bunca y\u0131l biri \u00e7\u0131k\u0131pta \u201c<strong>burda<\/strong> <strong>ne oluyor<\/strong>\u201d diye sormaz m\u0131?<\/p>\n\n\n\n<p class=\"wp-block-paragraph\">Anlayaca\u011f\u0131n\u0131z dert \u00e7ok, \u00e7are-\u00e7\u00f6z\u00fcm yok. Yukar\u0131da saym\u0131\u015f oldu\u011fumuz nedenlerden dolay\u0131 siyaset kay\u0131s\u0131yla olan mesafesini itina ile kurudu hep. T\u00fcccar her d\u00f6nem siyasi yetkileri farkl\u0131 bir teknik kullanarak kendi \u00e7ark\u0131n\u0131 d\u00f6nd\u00fcrmeye uygun hale getirdi. Bunu net \u015fekilde s\u00f6yleyebiliyoruz art\u0131k. Kimini parayla sat\u0131n ald\u0131, kimini ahbap \u00e7avu\u015f ili\u015fkileri \u00fczerinden, kimini de siyasi ba\u011flant\u0131lar\u0131yla k\u00f6\u015feye s\u0131k\u0131\u015ft\u0131rd\u0131.\u00a0<\/p>\n\n\n\n<p class=\"wp-block-paragraph\">O y\u00fczden yukar\u0131da ki ba\u015fl\u0131kta sorulan sorunun verileri \u00fczerinde durmaya gerek g\u00f6rm\u00fcyorum. Tek bir nedeni var. T\u00fcccar burada siyasetten hem g\u00fc\u00e7l\u00fc hem de onlar\u0131 \u201c<strong>siz kendinize uzakta oynay\u0131n kay\u0131s\u0131ya kar\u0131\u015fmay\u0131n<\/strong>\u201d diyerek kay\u0131s\u0131 \u00fczerindeki alan ve n\u00fcfusunu geni\u015fletmeyi ba\u015farm\u0131\u015f oldu\u011fu.&nbsp;<\/p>\n\n\n\n<p class=\"wp-block-paragraph\">Bir d\u00f6nem\u00a0<strong>KAYISI B\u0130RL\u0130K<\/strong>\u00a0kuruldu de\u011fil mi, \u00fcretici olduk\u00e7a heyecanlanm\u0131\u015ft\u0131. \u00dcr\u00fcn\u00fcm\u00fcz hak etti\u011fi de\u011feri bulacak duygular\u0131na kap\u0131ld\u0131. Babam merhum\u00a0<strong>Hamit bey<\/strong>\u2019de Kay\u0131s\u0131 Birli\u011f\u2019e tek bir kez kay\u0131s\u0131 verme giri\u015fiminde bulunmu\u015ftu. Ak\u015fam eve agresif bir halde d\u00f6nd\u00fc. Orada ki ekspertizeler \u201c<strong>benden el alt\u0131ndan para istediler. \u015eu kadar verirsen \u00fcr\u00fcn\u00fcn\u00fc y\u00fcksek fiyata yazar\u0131z\u201d<\/strong>\u00a0teklifi kar\u015f\u0131s\u0131nda kamyonu K\u0131r\u0131c\u0131lar\u2019\u0131n fabrikas\u0131na \u00e7ekiyor. Babam hile hurda i\u015flerinden her zaman uzak durmu\u015ftu. \u0130ster y\u00fcz kat\u0131na fiyat yazs\u0131nlar raz\u0131 gelmezdi.\u00a0<\/p>\n\n\n\n<p class=\"wp-block-paragraph\">Kay\u0131s\u0131 Birlik ba\u015f\u0131na o d\u00f6nem yine \u00e7aps\u0131z birini getirip yerle\u015ftirmi\u015flerdi. Plan yok,\u00a0<strong>Ar-Ge<\/strong>\u00a0hi\u00e7 yok, hi\u00e7 bir pazarlama roteri\u011fi yok. \u00c7aps\u0131z olunca <strong>Tansu \u00c7iller <\/strong>h\u00fck\u00fcmetinden ald\u0131\u011f\u0131 <strong>25 milyar<\/strong> hibe paras\u0131yla rastgele toplad\u0131\u011f\u0131 kay\u0131s\u0131lar\u0131 de\u011ferlendiremedi ve<strong>\u00a0bir m\u00fcddet sonra<\/strong> <strong>3\/1<\/strong>\u00a0fiyat\u0131na t\u00fcccar\u0131n eline  teslim etmek zorunda kald\u0131 yine. Sonu\u00e7 kay\u0131s\u0131 birlik \u00e7ok ge\u00e7meden iflas bayra\u011f\u0131n\u0131 \u00e7ekti en yukar\u0131lara.\u00a0<\/p>\n\n\n\n<p class=\"wp-block-paragraph\"><strong>Passat<\/strong>\u00a0ara\u00e7lar\u0131n pop\u00fcler oldu\u011fu o d\u00f6nemde Kay\u0131s\u0131 birlik \u00f6n\u00fcnde, birlik \u00e7al\u0131\u015fanlar\u0131na ait Passat \u015fovu g\u00f6renleri hayrete d\u00fc\u015f\u00fcr\u00fcyordu.\u00a0<\/p>\n\n\n\n<p class=\"wp-block-paragraph\">\u00d6nceki mevcut siyasiler, onlardan \u00f6ncekileri, atalar\u0131 ve dedeleri ile bug\u00fcn\u00fcn mevcutlar\u0131 dikkat edin Malatya faydas\u0131na olacak hi\u00e7 bir \u00e7al\u0131\u015fmada yer almad\u0131lar. Hele de kay\u0131s\u0131 gibi t\u00fcm \u015fehrin bilan\u00e7osunu ilgilendiren milli bir gelir kar\u015f\u0131s\u0131nda muhakkak fark etmi\u015fsinizdir asla kat\u0131l\u0131m g\u00f6stermediler, sanki ba\u015fka bir \u015fehrin sorumlular\u0131 imi\u015f \u015feklinde bir tav\u0131r ortaya koydular her zaman.&nbsp;<\/p>\n\n\n\n<p class=\"wp-block-paragraph\"><strong>Yalansa \u00e7\u0131k\u0131n yaland\u0131r diyebilirsiniz.&nbsp;<\/strong><\/p>\n\n\n\n<p class=\"wp-block-paragraph\">Her \u015fey en ba\u015fta bozuldu, tuz o g\u00fcn koktu, biraz da hani vizyon meselesi. \u015eehrin sefiri&nbsp;<strong>Sami Er<\/strong><strong>300<\/strong>&nbsp;milyona k\u00fct\u00fcphane kurmak dururken k\u00f6yl\u00fcn\u00fcn, \u00fcreticinin yan\u0131nda durmak gafletine d\u00fc\u015fer mi hi\u00e7? Veya siz \u00f6yle bir ihtimal verir misiniz? Malatya\u2019n\u0131n t\u00fcm kays\u0131s\u0131n\u0131 bedava versen dahi yapmazlar, yapamazlar. \u00e7\u00fcnk\u00fc ger\u00e7ek halk onlar\u0131n hikayesinde yer alm\u0131yor. Onlar\u0131n hikayesinde k\u00fc\u00e7\u00fck menfaatler, \u00e7\u0131karlar, baz\u0131 cemaatlere gruplara rant sa\u011flamak, i\u015fi biti\u011finde de \u00e7ekip gitmek var.&nbsp;<\/p>\n\n\n\n<p class=\"wp-block-paragraph\"><strong>\u0130\u015fte b\u00f6yle bir Malatya\u2019da ya\u015f\u0131yoruz biz.<\/strong>&nbsp;<\/p>\n\n\n\n<p class=\"wp-block-paragraph\">Milletvekilleri konusuna hi\u00e7 girmek istemiyorum. Mevcut Malatya milletvekililerinden hangisinin b\u00f6yle bir amac\u0131 olabilir. Sorar\u0131m. Merhum Mevl\u00fct Aslano\u011flu olsayd\u0131 o da belki bir umut diyebiliriz.&nbsp;<\/p>\n\n\n\n<p class=\"wp-block-paragraph\"><strong>\u0130Y\u0130 PART\u0130<\/strong>&nbsp;Trabzon milletvekili&nbsp;<strong>Yavuz Ayd\u0131n<\/strong>&nbsp;bir ka\u00e7 g\u00fcn \u00f6nce meclis k\u00fcrs\u00fcs\u00fcnde f\u0131nd\u0131k sorunu i\u00e7in meclisin alt\u0131n\u0131 \u00fcst\u00fcne getirdi. Bizde benzer tabloyu olu\u015fturacak kimse var m\u0131 bakt\u0131m bulamad\u0131m. Anlamad\u0131m bizim siyasi yetkililer neden bu kadar s\u00f6n\u00fck, hi\u00e7siz ve de konu\u015fmaktan acizler.&nbsp;<\/p>\n\n\n\n<p class=\"wp-block-paragraph\">Evet ilk kay\u0131s\u0131m\u0131z\u0131&nbsp;<strong>1983<\/strong>\u2019de su yerine gaz ya\u011f\u0131 i\u00e7mi\u015f, hastaneye kald\u0131r\u0131lm\u0131\u015f d\u00f6n\u00fc\u015fte babam&nbsp;<strong>120<\/strong>k\u00f6k\u00fc getirip ekmi\u015ftik. \u00d6ncesinde t\u00fct\u00fcn \u00fcretimi yapard\u0131k. O g\u00fcnlerde de benzer \u015fikayetler.&nbsp;<strong>2026<\/strong>y\u0131ll\u0131na geldi\u011fimizde o bilindik \u015fikayetlerle kar\u015f\u0131lamak bir al\u0131n yaz\u0131s\u0131 gibi oldu: \u201c<strong>kay\u0131s\u0131 5 t\u00fcccar\u0131n elinde, siyasetin t\u00fcccara g\u00fcc\u00fc yetmez, i\u015f\u00e7i paras\u0131 d\u00f6nemlerinde-okul a\u00e7\u0131l\u0131\u015f\u0131 sezonunda bir de ekim-kas\u0131m banka \u00f6demeleri d\u00f6neminde bizim olduk\u00e7a tecr\u00fcbe kazanm\u0131\u015f t\u00fcccar kay\u0131s\u0131 fiyatlar\u0131n\u0131 en dibe kadar \u00e7eker.<\/strong>\u201d Al\u0131\u015ft\u0131\u011f\u0131m\u0131z bu s\u00f6zlerle b\u00fcy\u00fcd\u00fck \u015fimdi orta ya\u015flara geldik. Muhtemeldir ki bizim \u00e7ocuklarda ayn\u0131 rivayetlere \u00f6m\u00fcrlerini bitirecekler.&nbsp;<\/p>\n\n\n\n<p class=\"wp-block-paragraph\">Ne yaz\u0131k siyaset bu \u015fehri sevmedi, istemedi, do\u011frusu sorunlar\u0131yla ilgilenmedi. Ve asla da ilgilenmeyecekler. Gelen \u00fc\u00e7 be\u015f ki\u015fiyi zengin edip gidecek ve bu k\u0131s\u0131r d\u00f6ng\u00fc en ba\u015ftan al\u0131narak tekrar ya\u015fat\u0131lacak bizlere. Bizde kuru kuruya edebiyat\u0131n\u0131 yapaca\u011f\u0131z.&nbsp;<\/p>\n","protected":false},"excerpt":{"rendered":"<p>72&nbsp;ya\u015f\u0131nda bir dostum anlatm\u0131\u015ft\u0131 bana.&nbsp;1987&nbsp;y\u0131ll\u0131nda o d\u00f6nemin yerel bas\u0131n\u0131na da d\u00fc\u015fen \u201cTAR\u0130\u015e Malatya\u2019da kay\u0131s\u0131 alacak\u201d&nbsp;haberleri sonras\u0131 bir an\u0131s\u0131n\u0131.&nbsp; Bir m\u00fcddet sonra Tari\u015f \u015fehre u\u011framay\u0131nca bir&#8230;<\/p>\n<div class=\"more-link-wrapper\"><a class=\"more-link\" href=\"https:\/\/malatyareport.com.tr\/index.php\/2026\/07\/23\/malatya-siyaseti-neden-kayisiya-mesafeli\/\">Devam\u0131n\u0131 okuyun<span class=\"screen-reader-text\">MALATYA S\u0130YASET\u0130 NEDEN KAYISIYA MESAFEL\u0130 ?<\/span><\/a><\/div>\n","protected":false},"author":1,"featured_media":0,"comment_status":"open","ping_status":"open","sticky":false,"template":"","format":"standard","meta":{"_jetpack_memberships_contains_paid_content":false,"footnotes":""},"categories":[5],"tags":[],"class_list":["post-1193","post","type-post","status-publish","format-standard","hentry","category-kose-yazilari","entry"],"yoast_head":"<!-- This site is optimized with the Yoast SEO plugin v28.2 - https:\/\/yoast.com\/product\/yoast-seo-wordpress\/ -->\n<title>MALATYA S\u0130YASET\u0130 NEDEN KAYISIYA MESAFEL\u0130 ? - Malatya Report<\/title>\n<meta name=\"robots\" content=\"index, follow, max-snippet:-1, max-image-preview:large, max-video-preview:-1\" \/>\n<link rel=\"canonical\" href=\"https:\/\/malatyareport.com.tr\/index.php\/2026\/07\/23\/malatya-siyaseti-neden-kayisiya-mesafeli\/\" \/>\n<meta property=\"og:locale\" content=\"tr_TR\" \/>\n<meta property=\"og:type\" content=\"article\" \/>\n<meta property=\"og:title\" content=\"MALATYA S\u0130YASET\u0130 NEDEN KAYISIYA MESAFEL\u0130 ? - Malatya Report\" \/>\n<meta property=\"og:description\" content=\"72&nbsp;ya\u015f\u0131nda bir dostum anlatm\u0131\u015ft\u0131 bana.&nbsp;1987&nbsp;y\u0131ll\u0131nda o d\u00f6nemin yerel bas\u0131n\u0131na da d\u00fc\u015fen \u201cTAR\u0130\u015e Malatya\u2019da kay\u0131s\u0131 alacak\u201d&nbsp;haberleri sonras\u0131 bir an\u0131s\u0131n\u0131.&nbsp; Bir m\u00fcddet sonra Tari\u015f \u015fehre u\u011framay\u0131nca bir&#8230;\" \/>\n<meta property=\"og:url\" content=\"https:\/\/malatyareport.com.tr\/index.php\/2026\/07\/23\/malatya-siyaseti-neden-kayisiya-mesafeli\/\" \/>\n<meta property=\"og:site_name\" content=\"Malatya Report\" \/>\n<meta property=\"article:author\" content=\"https:\/\/www.facebook.com\/timurince\" \/>\n<meta property=\"article:published_time\" content=\"2026-07-23T13:10:18+00:00\" \/>\n<meta property=\"article:modified_time\" content=\"2026-07-24T04:04:06+00:00\" \/>\n<meta property=\"og:image\" content=\"https:\/\/malatyareport.com.tr\/wp-content\/uploads\/2026\/07\/217EF486-8D59-4D97-A5E4-D0BF33FEB47D.jpeg\" \/>\n<meta name=\"author\" content=\"Timur \u0130nce\" \/>\n<meta name=\"twitter:card\" content=\"summary_large_image\" \/>\n<meta name=\"twitter:creator\" content=\"@timurince11\" \/>\n<meta name=\"twitter:label1\" content=\"Yazan:\" \/>\n\t<meta name=\"twitter:data1\" content=\"Timur \u0130nce\" \/>\n\t<meta name=\"twitter:label2\" content=\"Tahmini okuma s\u00fcresi\" \/>\n\t<meta name=\"twitter:data2\" content=\"6 dakika\" \/>\n<script type=\"application\/ld+json\" class=\"yoast-schema-graph\">{\"@context\":\"https:\\\/\\\/schema.org\",\"@graph\":[{\"@type\":\"Article\",\"@id\":\"https:\\\/\\\/malatyareport.com.tr\\\/index.php\\\/2026\\\/07\\\/23\\\/malatya-siyaseti-neden-kayisiya-mesafeli\\\/#article\",\"isPartOf\":{\"@id\":\"https:\\\/\\\/malatyareport.com.tr\\\/index.php\\\/2026\\\/07\\\/23\\\/malatya-siyaseti-neden-kayisiya-mesafeli\\\/\"},\"author\":{\"name\":\"Timur \u0130nce\",\"@id\":\"https:\\\/\\\/malatyareport.com.tr\\\/#\\\/schema\\\/person\\\/93146d94af76b792b58ac78050cc6da7\"},\"headline\":\"MALATYA S\u0130YASET\u0130 NEDEN KAYISIYA MESAFEL\u0130 ?\",\"datePublished\":\"2026-07-23T13:10:18+00:00\",\"dateModified\":\"2026-07-24T04:04:06+00:00\",\"mainEntityOfPage\":{\"@id\":\"https:\\\/\\\/malatyareport.com.tr\\\/index.php\\\/2026\\\/07\\\/23\\\/malatya-siyaseti-neden-kayisiya-mesafeli\\\/\"},\"wordCount\":1307,\"commentCount\":0,\"image\":{\"@id\":\"https:\\\/\\\/malatyareport.com.tr\\\/index.php\\\/2026\\\/07\\\/23\\\/malatya-siyaseti-neden-kayisiya-mesafeli\\\/#primaryimage\"},\"thumbnailUrl\":\"https:\\\/\\\/malatyareport.com.tr\\\/wp-content\\\/uploads\\\/2026\\\/07\\\/217EF486-8D59-4D97-A5E4-D0BF33FEB47D.jpeg\",\"articleSection\":[\"K\u00f6\u015fe Yaz\u0131lar\u0131\"],\"inLanguage\":\"tr\",\"potentialAction\":[{\"@type\":\"CommentAction\",\"name\":\"Comment\",\"target\":[\"https:\\\/\\\/malatyareport.com.tr\\\/index.php\\\/2026\\\/07\\\/23\\\/malatya-siyaseti-neden-kayisiya-mesafeli\\\/#respond\"]}]},{\"@type\":\"WebPage\",\"@id\":\"https:\\\/\\\/malatyareport.com.tr\\\/index.php\\\/2026\\\/07\\\/23\\\/malatya-siyaseti-neden-kayisiya-mesafeli\\\/\",\"url\":\"https:\\\/\\\/malatyareport.com.tr\\\/index.php\\\/2026\\\/07\\\/23\\\/malatya-siyaseti-neden-kayisiya-mesafeli\\\/\",\"name\":\"MALATYA S\u0130YASET\u0130 NEDEN KAYISIYA MESAFEL\u0130 ? - Malatya Report\",\"isPartOf\":{\"@id\":\"https:\\\/\\\/malatyareport.com.tr\\\/#website\"},\"primaryImageOfPage\":{\"@id\":\"https:\\\/\\\/malatyareport.com.tr\\\/index.php\\\/2026\\\/07\\\/23\\\/malatya-siyaseti-neden-kayisiya-mesafeli\\\/#primaryimage\"},\"image\":{\"@id\":\"https:\\\/\\\/malatyareport.com.tr\\\/index.php\\\/2026\\\/07\\\/23\\\/malatya-siyaseti-neden-kayisiya-mesafeli\\\/#primaryimage\"},\"thumbnailUrl\":\"https:\\\/\\\/malatyareport.com.tr\\\/wp-content\\\/uploads\\\/2026\\\/07\\\/217EF486-8D59-4D97-A5E4-D0BF33FEB47D.jpeg\",\"datePublished\":\"2026-07-23T13:10:18+00:00\",\"dateModified\":\"2026-07-24T04:04:06+00:00\",\"author\":{\"@id\":\"https:\\\/\\\/malatyareport.com.tr\\\/#\\\/schema\\\/person\\\/93146d94af76b792b58ac78050cc6da7\"},\"breadcrumb\":{\"@id\":\"https:\\\/\\\/malatyareport.com.tr\\\/index.php\\\/2026\\\/07\\\/23\\\/malatya-siyaseti-neden-kayisiya-mesafeli\\\/#breadcrumb\"},\"inLanguage\":\"tr\",\"potentialAction\":[{\"@type\":\"ReadAction\",\"target\":[\"https:\\\/\\\/malatyareport.com.tr\\\/index.php\\\/2026\\\/07\\\/23\\\/malatya-siyaseti-neden-kayisiya-mesafeli\\\/\"]}]},{\"@type\":\"ImageObject\",\"inLanguage\":\"tr\",\"@id\":\"https:\\\/\\\/malatyareport.com.tr\\\/index.php\\\/2026\\\/07\\\/23\\\/malatya-siyaseti-neden-kayisiya-mesafeli\\\/#primaryimage\",\"url\":\"https:\\\/\\\/i0.wp.com\\\/malatyareport.com.tr\\\/wp-content\\\/uploads\\\/2026\\\/07\\\/217EF486-8D59-4D97-A5E4-D0BF33FEB47D.jpeg?fit=794%2C886&ssl=1\",\"contentUrl\":\"https:\\\/\\\/i0.wp.com\\\/malatyareport.com.tr\\\/wp-content\\\/uploads\\\/2026\\\/07\\\/217EF486-8D59-4D97-A5E4-D0BF33FEB47D.jpeg?fit=794%2C886&ssl=1\",\"width\":794,\"height\":886},{\"@type\":\"BreadcrumbList\",\"@id\":\"https:\\\/\\\/malatyareport.com.tr\\\/index.php\\\/2026\\\/07\\\/23\\\/malatya-siyaseti-neden-kayisiya-mesafeli\\\/#breadcrumb\",\"itemListElement\":[{\"@type\":\"ListItem\",\"position\":1,\"name\":\"Anasayfa\",\"item\":\"https:\\\/\\\/malatyareport.com.tr\\\/\"},{\"@type\":\"ListItem\",\"position\":2,\"name\":\"MALATYA S\u0130YASET\u0130 NEDEN KAYISIYA MESAFEL\u0130 ?\"}]},{\"@type\":\"WebSite\",\"@id\":\"https:\\\/\\\/malatyareport.com.tr\\\/#website\",\"url\":\"https:\\\/\\\/malatyareport.com.tr\\\/\",\"name\":\"Malatya Report\",\"description\":\"\",\"potentialAction\":[{\"@type\":\"SearchAction\",\"target\":{\"@type\":\"EntryPoint\",\"urlTemplate\":\"https:\\\/\\\/malatyareport.com.tr\\\/?s={search_term_string}\"},\"query-input\":{\"@type\":\"PropertyValueSpecification\",\"valueRequired\":true,\"valueName\":\"search_term_string\"}}],\"inLanguage\":\"tr\"},{\"@type\":\"Person\",\"@id\":\"https:\\\/\\\/malatyareport.com.tr\\\/#\\\/schema\\\/person\\\/93146d94af76b792b58ac78050cc6da7\",\"name\":\"Timur \u0130nce\",\"image\":{\"@type\":\"ImageObject\",\"inLanguage\":\"tr\",\"@id\":\"https:\\\/\\\/secure.gravatar.com\\\/avatar\\\/e5ce118bd86e5549ff544e7c5b614da198ecaa7f8e9398b55d27ae1f117511d8?s=96&d=mm&r=g\",\"url\":\"https:\\\/\\\/secure.gravatar.com\\\/avatar\\\/e5ce118bd86e5549ff544e7c5b614da198ecaa7f8e9398b55d27ae1f117511d8?s=96&d=mm&r=g\",\"contentUrl\":\"https:\\\/\\\/secure.gravatar.com\\\/avatar\\\/e5ce118bd86e5549ff544e7c5b614da198ecaa7f8e9398b55d27ae1f117511d8?s=96&d=mm&r=g\",\"caption\":\"Timur \u0130nce\"},\"description\":\"Zaman\u0131n ruhunda bir damla m\u00fcrekkep olmay\u0131 isterdim. Bir damla m\u00fcrekkep bir ulusun kaderini yazmaya yeterlidir.\",\"sameAs\":[\"https:\\\/\\\/malatyareport.com.tr\",\"https:\\\/\\\/www.facebook.com\\\/timurince\",\"@timur_ince_t5_\",\"https:\\\/\\\/x.com\\\/@timurince11\"],\"url\":\"https:\\\/\\\/malatyareport.com.tr\\\/index.php\\\/author\\\/admin_6i9yniox\\\/\"}]}<\/script>\n<!-- \/ Yoast SEO plugin. -->","yoast_head_json":{"title":"MALATYA S\u0130YASET\u0130 NEDEN KAYISIYA MESAFEL\u0130 ? - Malatya Report","robots":{"index":"index","follow":"follow","max-snippet":"max-snippet:-1","max-image-preview":"max-image-preview:large","max-video-preview":"max-video-preview:-1"},"canonical":"https:\/\/malatyareport.com.tr\/index.php\/2026\/07\/23\/malatya-siyaseti-neden-kayisiya-mesafeli\/","og_locale":"tr_TR","og_type":"article","og_title":"MALATYA S\u0130YASET\u0130 NEDEN KAYISIYA MESAFEL\u0130 ? - Malatya Report","og_description":"72&nbsp;ya\u015f\u0131nda bir dostum anlatm\u0131\u015ft\u0131 bana.&nbsp;1987&nbsp;y\u0131ll\u0131nda o d\u00f6nemin yerel bas\u0131n\u0131na da d\u00fc\u015fen \u201cTAR\u0130\u015e Malatya\u2019da kay\u0131s\u0131 alacak\u201d&nbsp;haberleri sonras\u0131 bir an\u0131s\u0131n\u0131.&nbsp; Bir m\u00fcddet sonra Tari\u015f \u015fehre u\u011framay\u0131nca bir&#8230;","og_url":"https:\/\/malatyareport.com.tr\/index.php\/2026\/07\/23\/malatya-siyaseti-neden-kayisiya-mesafeli\/","og_site_name":"Malatya Report","article_author":"https:\/\/www.facebook.com\/timurince","article_published_time":"2026-07-23T13:10:18+00:00","article_modified_time":"2026-07-24T04:04:06+00:00","og_image":[{"url":"https:\/\/malatyareport.com.tr\/wp-content\/uploads\/2026\/07\/217EF486-8D59-4D97-A5E4-D0BF33FEB47D.jpeg","type":"","width":"","height":""}],"author":"Timur \u0130nce","twitter_card":"summary_large_image","twitter_creator":"@timurince11","twitter_misc":{"Yazan:":"Timur \u0130nce","Tahmini okuma s\u00fcresi":"6 dakika"},"schema":{"@context":"https:\/\/schema.org","@graph":[{"@type":"Article","@id":"https:\/\/malatyareport.com.tr\/index.php\/2026\/07\/23\/malatya-siyaseti-neden-kayisiya-mesafeli\/#article","isPartOf":{"@id":"https:\/\/malatyareport.com.tr\/index.php\/2026\/07\/23\/malatya-siyaseti-neden-kayisiya-mesafeli\/"},"author":{"name":"Timur \u0130nce","@id":"https:\/\/malatyareport.com.tr\/#\/schema\/person\/93146d94af76b792b58ac78050cc6da7"},"headline":"MALATYA S\u0130YASET\u0130 NEDEN KAYISIYA MESAFEL\u0130 ?","datePublished":"2026-07-23T13:10:18+00:00","dateModified":"2026-07-24T04:04:06+00:00","mainEntityOfPage":{"@id":"https:\/\/malatyareport.com.tr\/index.php\/2026\/07\/23\/malatya-siyaseti-neden-kayisiya-mesafeli\/"},"wordCount":1307,"commentCount":0,"image":{"@id":"https:\/\/malatyareport.com.tr\/index.php\/2026\/07\/23\/malatya-siyaseti-neden-kayisiya-mesafeli\/#primaryimage"},"thumbnailUrl":"https:\/\/malatyareport.com.tr\/wp-content\/uploads\/2026\/07\/217EF486-8D59-4D97-A5E4-D0BF33FEB47D.jpeg","articleSection":["K\u00f6\u015fe Yaz\u0131lar\u0131"],"inLanguage":"tr","potentialAction":[{"@type":"CommentAction","name":"Comment","target":["https:\/\/malatyareport.com.tr\/index.php\/2026\/07\/23\/malatya-siyaseti-neden-kayisiya-mesafeli\/#respond"]}]},{"@type":"WebPage","@id":"https:\/\/malatyareport.com.tr\/index.php\/2026\/07\/23\/malatya-siyaseti-neden-kayisiya-mesafeli\/","url":"https:\/\/malatyareport.com.tr\/index.php\/2026\/07\/23\/malatya-siyaseti-neden-kayisiya-mesafeli\/","name":"MALATYA S\u0130YASET\u0130 NEDEN KAYISIYA MESAFEL\u0130 ? - Malatya Report","isPartOf":{"@id":"https:\/\/malatyareport.com.tr\/#website"},"primaryImageOfPage":{"@id":"https:\/\/malatyareport.com.tr\/index.php\/2026\/07\/23\/malatya-siyaseti-neden-kayisiya-mesafeli\/#primaryimage"},"image":{"@id":"https:\/\/malatyareport.com.tr\/index.php\/2026\/07\/23\/malatya-siyaseti-neden-kayisiya-mesafeli\/#primaryimage"},"thumbnailUrl":"https:\/\/malatyareport.com.tr\/wp-content\/uploads\/2026\/07\/217EF486-8D59-4D97-A5E4-D0BF33FEB47D.jpeg","datePublished":"2026-07-23T13:10:18+00:00","dateModified":"2026-07-24T04:04:06+00:00","author":{"@id":"https:\/\/malatyareport.com.tr\/#\/schema\/person\/93146d94af76b792b58ac78050cc6da7"},"breadcrumb":{"@id":"https:\/\/malatyareport.com.tr\/index.php\/2026\/07\/23\/malatya-siyaseti-neden-kayisiya-mesafeli\/#breadcrumb"},"inLanguage":"tr","potentialAction":[{"@type":"ReadAction","target":["https:\/\/malatyareport.com.tr\/index.php\/2026\/07\/23\/malatya-siyaseti-neden-kayisiya-mesafeli\/"]}]},{"@type":"ImageObject","inLanguage":"tr","@id":"https:\/\/malatyareport.com.tr\/index.php\/2026\/07\/23\/malatya-siyaseti-neden-kayisiya-mesafeli\/#primaryimage","url":"https:\/\/i0.wp.com\/malatyareport.com.tr\/wp-content\/uploads\/2026\/07\/217EF486-8D59-4D97-A5E4-D0BF33FEB47D.jpeg?fit=794%2C886&ssl=1","contentUrl":"https:\/\/i0.wp.com\/malatyareport.com.tr\/wp-content\/uploads\/2026\/07\/217EF486-8D59-4D97-A5E4-D0BF33FEB47D.jpeg?fit=794%2C886&ssl=1","width":794,"height":886},{"@type":"BreadcrumbList","@id":"https:\/\/malatyareport.com.tr\/index.php\/2026\/07\/23\/malatya-siyaseti-neden-kayisiya-mesafeli\/#breadcrumb","itemListElement":[{"@type":"ListItem","position":1,"name":"Anasayfa","item":"https:\/\/malatyareport.com.tr\/"},{"@type":"ListItem","position":2,"name":"MALATYA S\u0130YASET\u0130 NEDEN KAYISIYA MESAFEL\u0130 ?"}]},{"@type":"WebSite","@id":"https:\/\/malatyareport.com.tr\/#website","url":"https:\/\/malatyareport.com.tr\/","name":"Malatya Report","description":"","potentialAction":[{"@type":"SearchAction","target":{"@type":"EntryPoint","urlTemplate":"https:\/\/malatyareport.com.tr\/?s={search_term_string}"},"query-input":{"@type":"PropertyValueSpecification","valueRequired":true,"valueName":"search_term_string"}}],"inLanguage":"tr"},{"@type":"Person","@id":"https:\/\/malatyareport.com.tr\/#\/schema\/person\/93146d94af76b792b58ac78050cc6da7","name":"Timur \u0130nce","image":{"@type":"ImageObject","inLanguage":"tr","@id":"https:\/\/secure.gravatar.com\/avatar\/e5ce118bd86e5549ff544e7c5b614da198ecaa7f8e9398b55d27ae1f117511d8?s=96&d=mm&r=g","url":"https:\/\/secure.gravatar.com\/avatar\/e5ce118bd86e5549ff544e7c5b614da198ecaa7f8e9398b55d27ae1f117511d8?s=96&d=mm&r=g","contentUrl":"https:\/\/secure.gravatar.com\/avatar\/e5ce118bd86e5549ff544e7c5b614da198ecaa7f8e9398b55d27ae1f117511d8?s=96&d=mm&r=g","caption":"Timur \u0130nce"},"description":"Zaman\u0131n ruhunda bir damla m\u00fcrekkep olmay\u0131 isterdim. Bir damla m\u00fcrekkep bir ulusun kaderini yazmaya yeterlidir.","sameAs":["https:\/\/malatyareport.com.tr","https:\/\/www.facebook.com\/timurince","@timur_ince_t5_","https:\/\/x.com\/@timurince11"],"url":"https:\/\/malatyareport.com.tr\/index.php\/author\/admin_6i9yniox\/"}]}},"jetpack_featured_media_url":"","jetpack_sharing_enabled":true,"_links":{"self":[{"href":"https:\/\/malatyareport.com.tr\/index.php\/wp-json\/wp\/v2\/posts\/1193","targetHints":{"allow":["GET"]}}],"collection":[{"href":"https:\/\/malatyareport.com.tr\/index.php\/wp-json\/wp\/v2\/posts"}],"about":[{"href":"https:\/\/malatyareport.com.tr\/index.php\/wp-json\/wp\/v2\/types\/post"}],"author":[{"embeddable":true,"href":"https:\/\/malatyareport.com.tr\/index.php\/wp-json\/wp\/v2\/users\/1"}],"replies":[{"embeddable":true,"href":"https:\/\/malatyareport.com.tr\/index.php\/wp-json\/wp\/v2\/comments?post=1193"}],"version-history":[{"count":2,"href":"https:\/\/malatyareport.com.tr\/index.php\/wp-json\/wp\/v2\/posts\/1193\/revisions"}],"predecessor-version":[{"id":1197,"href":"https:\/\/malatyareport.com.tr\/index.php\/wp-json\/wp\/v2\/posts\/1193\/revisions\/1197"}],"wp:attachment":[{"href":"https:\/\/malatyareport.com.tr\/index.php\/wp-json\/wp\/v2\/media?parent=1193"}],"wp:term":[{"taxonomy":"category","embeddable":true,"href":"https:\/\/malatyareport.com.tr\/index.php\/wp-json\/wp\/v2\/categories?post=1193"},{"taxonomy":"post_tag","embeddable":true,"href":"https:\/\/malatyareport.com.tr\/index.php\/wp-json\/wp\/v2\/tags?post=1193"}],"curies":[{"name":"wp","href":"https:\/\/api.w.org\/{rel}","templated":true}]}}