{"id":1199,"date":"2026-07-28T03:50:03","date_gmt":"2026-07-28T03:50:03","guid":{"rendered":"https:\/\/malatyareport.com.tr\/?p=1199"},"modified":"2026-07-28T05:19:05","modified_gmt":"2026-07-28T05:19:05","slug":"su-kayisidan-bir-kurtulamadiniz-gitti","status":"publish","type":"post","link":"https:\/\/malatyareport.com.tr\/index.php\/2026\/07\/28\/su-kayisidan-bir-kurtulamadiniz-gitti\/","title":{"rendered":"\u015eU KAYISIDAN B\u0130R KURTULAMADINIZ G\u0130TT\u0130!"},"content":{"rendered":"\n<figure class=\"wp-block-image size-full\"><img data-recalc-dims=\"1\" loading=\"lazy\" decoding=\"async\" width=\"799\" height=\"883\" src=\"https:\/\/i0.wp.com\/malatyareport.com.tr\/wp-content\/uploads\/2026\/07\/D8BB480B-DCEF-4C0C-B572-A3B7BBC35359.jpeg?resize=799%2C883&#038;ssl=1\" alt=\"\" class=\"wp-image-1200\" srcset=\"https:\/\/i0.wp.com\/malatyareport.com.tr\/wp-content\/uploads\/2026\/07\/D8BB480B-DCEF-4C0C-B572-A3B7BBC35359.jpeg?w=799&amp;ssl=1 799w, https:\/\/i0.wp.com\/malatyareport.com.tr\/wp-content\/uploads\/2026\/07\/D8BB480B-DCEF-4C0C-B572-A3B7BBC35359.jpeg?resize=271%2C300&amp;ssl=1 271w, https:\/\/i0.wp.com\/malatyareport.com.tr\/wp-content\/uploads\/2026\/07\/D8BB480B-DCEF-4C0C-B572-A3B7BBC35359.jpeg?resize=768%2C849&amp;ssl=1 768w\" sizes=\"auto, (max-width: 799px) 100vw, 799px\" \/><\/figure>\n\n\n\n<p class=\"wp-block-paragraph\">Sitemliyim, k\u0131zg\u0131n\u0131m, h\u00fcsrana hatta ihanete u\u011fram\u0131\u015f hissediyorum kendimi. Bu Malatyal\u0131lar \u00e7izgiyi a\u015ft\u0131. Tutturmu\u015flar hep bir a\u011f\u0131zdan \u201c<strong>kay\u0131s\u0131 da kay\u0131s\u0131<\/strong>.\u201d<\/p>\n\n\n\n<p class=\"wp-block-paragraph\">S\u00f6z\u00fcm sizlere ey aristokrasi kesimi. Yahu \u015fu kay\u0131s\u0131y\u0131 bir t\u00fcrl\u00fc bitiremediniz-kurtulamad\u0131n\u0131z gitti! S\u00fcrekli ayak ba\u011f\u0131 oldu performans\u0131n\u0131za. \u00dczerinden\u00a0<strong>40-50<\/strong>\u00a0y\u0131l ge\u00e7ti; yayvan rekolteler yay\u0131nlad\u0131\u011f\u0131n\u0131z halde, t\u00fcccara \u201c<strong>sen i\u015fini bilirsin arkan\u0131zday\u0131z\u201d<\/strong>\u00a0diyerek s\u0131rt\u0131n\u0131 s\u0131vazlaman\u0131za ra\u011fmen, banka kredileri ile can\u0131na okudu\u011funuz, y\u0131llard\u0131r t\u00fcm yetkili kurumlar g\u00f6rmezden gelmi\u015f, en kritik para gerekli d\u00f6nemlerde k\u00f6\u015feye s\u0131k\u0131\u015ft\u0131rd\u0131\u011f\u0131n\u0131z \u00e7ift\u00e7i gel g\u00f6r ki hala ayakta, hala direniyor\u2026<\/p>\n\n\n\n<p class=\"wp-block-paragraph\">Reva m\u0131 sizler gibi beyaz yakal\u0131, \u00fcst kimliklere!<\/p>\n\n\n\n<p class=\"wp-block-paragraph\">\u00dcstelik huzurunuzu ka\u00e7\u0131r\u0131yor \u015fimdilerde. Sosyal medyay\u0131 kullanmay\u0131 \u00f6\u011frendiler ve itiraz ediyorlar her\u015feye.  <\/p>\n\n\n\n<p class=\"wp-block-paragraph\">Bir de var ya bunlar tutmu\u015flar kay\u0131s\u0131y\u0131 F\u0131nd\u0131k, Kuru \u00fcz\u00fcm, \u00c7ay ile e\u015f de\u011fer g\u00f6rme gafletine d\u00fc\u015fm\u00fc\u015fler. A\u00e7 tavu\u011fun kendini dar\u0131 ambar\u0131nda zannetmesi gibi. Hey Allah\u0131m. Sen akl\u0131ma mukayyet ol benim. G\u00f6zlerini a\u00e7 iyi bak; F\u0131nd\u0131k o f\u0131nd\u0131k, senin kay\u0131s\u0131n\u0131n ne \u00f6zelli\u011fi var? Arkas\u0131nda koskocaman Karadeniz lobisi var, Avrupal\u0131 &#8211;<strong>Godiva<\/strong>&#8211; var, bakanlar b\u00fcrokratlar,\u00a0<strong>TMO-F\u0130SKO B\u0130RL\u0130K<\/strong>\u00a0hepsi var. Sen kimsin ki gitmi\u015f kendini F\u0131nd\u0131k\u2019la e\u015f de\u011fer g\u00f6r\u00fcyorsun. Sus konu\u015fma! Senin arkanda kim var s\u00f6ylesene?\u00a0<\/p>\n\n\n\n<p class=\"wp-block-paragraph\">Ayr\u0131ca bunlara kim prim veriyor b\u00f6yle? B\u00f6ylesine hunharca konu\u015fabiliyorlar. Hele o Ziraat odas\u0131 yetkilisinin yapt\u0131\u011f\u0131 hadsizli\u011fi g\u00f6rd\u00fcn\u00fcz m\u00fc? Sizin gibi ekonomi konsensuslu\u011funa mal olmu\u015flar oligarklara s\u00fcbliminel mesaj \u00e7akt\u0131. Ben sizin yerinize olsam o Ziraat odalar\u0131 yetkilisini derhal aff\u0131n\u0131 istemesini bilirdim. Adam hi\u00e7 y\u00fcz\u00fc k\u0131zarmadan \u00e7\u0131kt\u0131 gitti \u00e7ift\u00e7inin ortas\u0131nda \u201c<strong>Kay\u0131s\u0131 para etmiyor\u201d<\/strong> dedi. Olacak i\u015f mi?\u00a0<\/p>\n\n\n\n<p class=\"wp-block-paragraph\">Hem nas\u0131l i\u00e7iniz rahat ediyor, m\u00fcsamaha g\u00f6sterirsiniz bu duruma, siz jakoben tayfas\u0131n\u0131n i\u015flerinizin ba\u015f\u0131n\u0131zdan a\u015fk\u0131n oldu\u011funu bilmezler mi? ihti\u015faml\u0131, kudretli, g\u00f6steri\u015fli hallerinize \u00e7omak sokmak demekt de\u011fil mi? <strong>Kale<\/strong>\u2019nin, <strong>P\u00fct\u00fcrge<\/strong>\u2019nin, <strong>Do\u011fan\u015fehir<\/strong>\u2019in, <strong>Ak\u00e7ada\u011f\u2019<\/strong>\u0131n da\u011flar\u0131nda iki a\u011fa\u00e7 topra\u011fa dikmi\u015f diye sak\u0131n prim vermeyin bunlara. Bize mi sordun a\u011fa\u00e7lar\u0131 indirirken deme hakk\u0131n\u0131z var \u015funun \u015furas\u0131nda. En iyisi g\u00f6rmezden gelmek. Kar\u015f\u0131n\u0131za \u00e7\u0131karlarsa da \u201c<strong>he he<\/strong>\u201d deyip ge\u00e7in. Bo\u015fverin. Zaten siz i\u015finizi bilirsiniz. Anlayaca\u011f\u0131n\u0131z \u00e7ok fazla konu\u015fturmaya de\u011fmez.\u00a0\u00a0D\u00f6n\u00fcpte bakmay\u0131n bile, \u0130lgilenmeyin. Yoksa daha \u00e7ok bunlar yaz\u0131 yazar, \u00e7\u0131kar video \u00e7ekerler.\u00a0<\/p>\n\n\n\n<p class=\"wp-block-paragraph\">Hem ne diye \u00fcretici ekmek yesin, k\u00f6yl\u00fcn\u00fcn ne i\u015fi var parayla pulla. Bir dilim kuru ekme\u011fi, suyu varsa yeter, ya\u015f\u0131yorsa-nefes al\u0131yorsa \u015f\u00fckretmesini bilsin, evinde otursun yeter. Sefalet i\u00e7inde ya\u015f\u0131yormu\u015f, para kazanam\u0131yormu\u015f. Maliyetler artm\u0131\u015f. \u201c<strong>Daha da beter olun\u201d <\/strong>dedi\u011finizi duyar gibiyim. \u00c7\u00fcnk\u00fc siz ultra se\u00e7kinlerin g\u00f6revi kay\u0131s\u0131 olmamal\u0131. <\/p>\n\n\n\n<p class=\"wp-block-paragraph\">Hele de g\u00fcbre ald\u0131k-ila\u00e7-mazot tedarik zinciri ile\u00a0\u00a0\u00fclke katmade\u011ferine katk\u0131 sa\u011fl\u0131yoruz diye bir \u015fey uydurmu\u015flar ki a\u011fz\u0131 dolu g\u00fcld\u00fcm. Delimisiniz siz ey kodamanlar, kompradorlar, paratorlar. Bu \u015fehirde sizden ba\u015fka kimse nas\u0131l ekmek yer, \u201c<strong>kay\u0131s\u0131n\u0131n hali ne olacak?\u201d<\/strong> diyerek ahkam kesmeleri normal mi bu k\u00f6yl\u00fclerin, sizi rant\u0131n-makam\u0131m-ihti\u015fam\u0131n zirvesinde rahats\u0131z etmelerine ne demeli onu da bilemiyorum.\u00a0<\/p>\n\n\n\n<p class=\"wp-block-paragraph\">Vallahi b\u00f6yle g\u00f6rd\u00fck\u00e7e akl\u0131m \u00e7\u0131k\u0131yor yerinden.&nbsp;<\/p>\n\n\n\n<p class=\"wp-block-paragraph\">Halbuki sadece sizin borunuz \u00f6tecek, sizin her dedi\u011finiz olacak, tepeden sadece siz bakabileceksiniz, en g\u00fczel arabalara siz binecek, en g\u00fczel evlerde oturacak, velhas\u0131l sizin kesti\u011finiz racon konu\u015fmal\u0131d\u0131r. Elbette b\u00fcy\u00fckler sizsiniz, bir bildi\u011finiz vard\u0131r her zaman. B\u0131rak\u0131n \u015fu toprak n\u00fcfusunu falan filan s\u00fcr\u00fcns\u00fcn onlar! \u00d6ls\u00fcn! Gebersinler! Vallahi yaz\u0131klar olsun size ki k\u00f6yl\u00fc-\u00fcreticiyi halen konu\u015fturuyorsunuz kar\u015f\u0131n\u0131zda. Bunlar\u0131n aya\u011f\u0131na bir \u00e7elme tak\u0131p ala\u015fa\u011f\u0131 edemediniz bu g\u00fcne kadar. yaz\u0131klar olsun diyorum da ba\u015fka bir \u015fey demiyorum.\u00a0\u00a0<\/p>\n\n\n\n<p class=\"wp-block-paragraph\">Niye \u00fcretsin karde\u015fim, niye? Gitsin als\u0131n\u00a0<strong>Bim\u2019<\/strong>den-<strong>A101<\/strong>\u2019den,\u00a0<strong>\u015eOK<\/strong>\u2019tan. Bo\u015fa m\u0131 Anadolu\u2019nun en k\u0131rsal\u0131na kadar a\u00e7\u0131ld\u0131 o marketler.\u00a0Onca masraf yap\u0131ld\u0131. <strong>ABD<\/strong>\u00a0men\u015feli veya <strong>\u00d6zbekistan<\/strong> kay\u0131s\u0131s\u0131ndan paras\u0131n\u0131 tikko \u00f6desin als\u0131n, art\u0131k re\u00e7el mi yapar, marmelat m\u0131 gitsin z\u0131kk\u0131mlans\u0131n. \u00dcretmek nedir yahu? O ancak <strong>Hollanda<\/strong> gibi geli\u015fkin \u00fclkelere mahsus. Ba\u015f\u0131n\u0131za bele oldular de\u011fil mi? Bir bak\u0131yorsun biri \u00e7\u0131k\u0131p bo\u015f bo\u015f konu\u015fuyor. Biri \u00e7\u0131k\u0131p yaz\u0131lar yaz\u0131yor. \u201c<strong>Kayosamuz nadan acuz<\/strong>\u201d diye. Bana ne abicim, ben se\u00e7kinim se\u00e7ilmi\u015fim, \u00fcst tabakay\u0131m, burjuvay\u0131m, siyasette karar mekanizmas\u0131nda ben var\u0131m, biriniz \u00e7\u0131k\u0131p \u201c<strong>\u00e7ok oldunuz ha, sizin kay\u0131s\u0131n\u0131z can\u0131 cehenneme\u201d<\/strong> diyemiyor musunuz.\u00a0<\/p>\n\n\n\n<p class=\"wp-block-paragraph\">Ben s\u00f6yleyeyim sizin asli g\u00f6revinizi bilmiyor bunlar. Bilmedikleri i\u00e7in bu \u00e7ift\u00e7i, k\u00f6yl\u00fc, tar\u0131m n\u00fcfusu b\u00f6yle iki de bir ba\u015f\u0131n\u0131za kak\u0131yor i\u015fte.&nbsp;<\/p>\n\n\n\n<p class=\"wp-block-paragraph\"><strong>10<\/strong>\u00a0g\u00fcn \u00f6nce <strong>Tar\u0131m bakan\u0131<\/strong> <strong>Malatya<\/strong>\u2019ya geldi\u011finde foto\u011fraf\u0131n\u0131 verdin mi verdin, t\u00fcm di\u015flerin g\u00f6r\u00fcnecek \u015fekilde s\u0131r\u0131tt\u0131n m\u0131 s\u0131r\u0131tt\u0131n, yak\u0131n olmak i\u00e7in elinden geleni yapt\u0131n m\u0131 yapt\u0131n. Bakanla o kadraja girdin mi, Ankara\u2019da seni bakanla g\u00f6rd\u00fcler mi, sosyal medyadan gerekli mesajlar gerekli yerlere verdin mi, \u00f6nemli olan da bu! Di\u011feri sizi niye \u0131rgalas\u0131n, neyine kafa yoracaks\u0131n. Bunlar bir de koskoca Tar\u0131m bakan\u0131na\u00a0\u00a0\u201c<strong>kay\u0131s\u0131 TMO taraf\u0131ndan al\u0131ns\u0131n, taban-tavan fiyat\u0131 belirlesin\u201d\u00a0<\/strong>gibi sa\u00e7ma sapan r\u00fcyalara kapt\u0131rm\u0131\u015flar kendini. Ba\u015fka emriniz. Yav gidin hele i\u015finize. G\u00fclesim geldi yemimle. \u0130\u015finiz yokta bunlar i\u00e7in gidip bakan beyin k\u0131ymetli vaktinden bir ka\u00e7 dakika \u00e7alacaks\u0131n\u0131z da; tavan-taban fiyat\u0131 talebinde bulunma zahmeti g\u00f6stereceksiniz \u00f6yle mi? G\u00f6rm\u00fcyor mu bunlar, g\u00f6zleri k\u00f6r m\u00fc? Yapt\u0131\u011f\u0131n\u0131z operasyonlar\u0131, uluslararas\u0131 saha da g\u00f6sterdi\u011finiz devasa projeleri, konutlar\u0131, aya\u011f\u0131na getirdi\u011finiz Toki\u2019yi, deprem de hepiniz ortada kald\u0131n\u0131z da ba\u015f\u0131n\u0131z\u0131 sokacak evleri \u0131srarla g\u00f6rm\u00fcyorlar m\u0131?<\/p>\n\n\n\n<p class=\"wp-block-paragraph\">E\u011fer ki tavr\u0131n\u0131z\u0131 koymazsan\u0131z bunlar\u0131n say\u0131s\u0131 olduk\u00e7a \u00e7ok biri gelir biri gider b\u00f6yle.&nbsp;<\/p>\n\n\n\n<p class=\"wp-block-paragraph\">Ben sizin yerinize olsam zerre miskal bunlar\u0131n kay\u0131s\u0131s\u0131 i\u00e7in parma\u011f\u0131m\u0131 kopartmam.&nbsp;&nbsp;\u201c<strong>Bana ne ne haliniz varsa g\u00f6r\u00fcn\u201d<\/strong>&nbsp;derim \u00e7\u0131kar\u0131m i\u015fin i\u00e7inden. Koltu\u011fuma bakar\u0131m, daha da nas\u0131l y\u00fckselece\u011fime, ee ne kadar ekmek o kadar k\u00f6fte. Y\u00fckseldik\u00e7e g\u00fc\u00e7lenmek demektir.&nbsp;<\/p>\n\n\n\n<p class=\"wp-block-paragraph\">Dolay\u0131s\u0131yla herhalde bu k\u00f6yl\u00fc milleti sizin kim olduklar\u0131n\u0131z\u0131 bilmiyorlar. Ne paralar\u0131 kontrol etti\u011finizden haberi yok. Senin&nbsp;<strong>1 ton<\/strong>&nbsp;kay\u0131s\u0131 i\u00e7in gidipte Bakan beyin formunu bozaca\u011f\u0131m, delimiyim siyaha boyal\u0131 sa\u00e7lar\u0131m\u0131 a\u011fartaca\u011f\u0131m senin bir kg kay\u0131s\u0131 u\u011fruna.&nbsp;<\/p>\n\n\n\n<p class=\"wp-block-paragraph\">Se\u00e7im yakla\u015f\u0131rsa stratejiyi biliyorsunuz zaten, tekrarlamaya gerek var m\u0131? Audi s\u00fcr\u00fcs\u00fcyle kap\u0131ya dayan\u0131p \u201c<strong>kay\u0131s\u0131n\u0131z\u0131n fiyat\u0131n\u0131 y\u00fcksek gitmesi i\u00e7in elimizden geleni yapaca\u011f\u0131z<\/strong>\u201d, bir iki tane de uyduruk projeyi sallar, bir de de\u011fer vermi\u015f gibi g\u00f6r\u00fcnd\u00fcn\u00fcz m\u00fc hemen kolu kanad\u0131 d\u00f6k\u00fcl\u00fcr bunlar\u0131n. Bir cevap ele\u015ftiri yapmazlar. Oy s\u00f6z\u00fc verirler, s\u00f6zlerinin de arkas\u0131nda dururlar. Sonra gelsin can\u0131m&nbsp;<strong>Ankara<\/strong>&nbsp;geceleri. Ankara\u2019ya kapa\u011f\u0131 att\u0131ktan sonra ne yapaca\u011f\u0131n\u0131z\u0131 biliyorsunuz; e\u011fer rant yoksa asla g\u00f6rmeyin, duymay\u0131n, tan\u0131may\u0131n. Koskoca ligdesiniz. Atat\u00fcrk bo\u015funa demi\u015f \u201c<strong>k\u00f6yl\u00fc milletin efendisi!\u201d<\/strong>&nbsp;Yaln\u0131\u015f oldu\u011funu sizde biliyorsunuz. Do\u011frusu \u201c<strong>k\u00f6yl\u00fc sizin k\u00f6lenizdir!<\/strong>\u201d Neyse yine de \u00e7akt\u0131rmay\u0131n, bi\u015feyler yap\u0131yormu\u015f gibi davran panpa. A\u00e7\u0131k vermeyin, uyand\u0131rmay\u0131n sak\u0131n \u015funlar\u0131. Unutmay\u0131n siz \u00fcst tabakas\u0131n\u0131z. S\u0131ralaman\u0131n bozulmas\u0131na izin vermeyin.&nbsp;<\/p>\n\n\n\n<p class=\"wp-block-paragraph\"><\/p>\n","protected":false},"excerpt":{"rendered":"<p>Sitemliyim, k\u0131zg\u0131n\u0131m, h\u00fcsrana hatta ihanete u\u011fram\u0131\u015f hissediyorum kendimi. Bu Malatyal\u0131lar \u00e7izgiyi a\u015ft\u0131. Tutturmu\u015flar hep bir a\u011f\u0131zdan \u201ckay\u0131s\u0131 da kay\u0131s\u0131.\u201d S\u00f6z\u00fcm sizlere ey aristokrasi kesimi. Yahu&#8230;<\/p>\n<div class=\"more-link-wrapper\"><a class=\"more-link\" href=\"https:\/\/malatyareport.com.tr\/index.php\/2026\/07\/28\/su-kayisidan-bir-kurtulamadiniz-gitti\/\">Devam\u0131n\u0131 okuyun<span class=\"screen-reader-text\">\u015eU KAYISIDAN B\u0130R KURTULAMADINIZ G\u0130TT\u0130!<\/span><\/a><\/div>\n","protected":false},"author":1,"featured_media":0,"comment_status":"open","ping_status":"open","sticky":false,"template":"","format":"standard","meta":{"_jetpack_memberships_contains_paid_content":false,"footnotes":""},"categories":[5],"tags":[],"class_list":["post-1199","post","type-post","status-publish","format-standard","hentry","category-kose-yazilari","entry"],"yoast_head":"<!-- This site is optimized with the Yoast SEO plugin v28.2 - https:\/\/yoast.com\/product\/yoast-seo-wordpress\/ -->\n<title>\u015eU KAYISIDAN B\u0130R KURTULAMADINIZ G\u0130TT\u0130! - Malatya Report<\/title>\n<meta name=\"robots\" content=\"index, follow, max-snippet:-1, max-image-preview:large, max-video-preview:-1\" \/>\n<link rel=\"canonical\" href=\"https:\/\/malatyareport.com.tr\/index.php\/2026\/07\/28\/su-kayisidan-bir-kurtulamadiniz-gitti\/\" \/>\n<meta property=\"og:locale\" content=\"tr_TR\" \/>\n<meta property=\"og:type\" content=\"article\" \/>\n<meta property=\"og:title\" content=\"\u015eU KAYISIDAN B\u0130R KURTULAMADINIZ G\u0130TT\u0130! - Malatya Report\" \/>\n<meta property=\"og:description\" content=\"Sitemliyim, k\u0131zg\u0131n\u0131m, h\u00fcsrana hatta ihanete u\u011fram\u0131\u015f hissediyorum kendimi. Bu Malatyal\u0131lar \u00e7izgiyi a\u015ft\u0131. Tutturmu\u015flar hep bir a\u011f\u0131zdan \u201ckay\u0131s\u0131 da kay\u0131s\u0131.\u201d S\u00f6z\u00fcm sizlere ey aristokrasi kesimi. Yahu&#8230;\" \/>\n<meta property=\"og:url\" content=\"https:\/\/malatyareport.com.tr\/index.php\/2026\/07\/28\/su-kayisidan-bir-kurtulamadiniz-gitti\/\" \/>\n<meta property=\"og:site_name\" content=\"Malatya Report\" \/>\n<meta property=\"article:author\" content=\"https:\/\/www.facebook.com\/timurince\" \/>\n<meta property=\"article:published_time\" content=\"2026-07-28T03:50:03+00:00\" \/>\n<meta property=\"article:modified_time\" content=\"2026-07-28T05:19:05+00:00\" \/>\n<meta property=\"og:image\" content=\"https:\/\/malatyareport.com.tr\/wp-content\/uploads\/2026\/07\/D8BB480B-DCEF-4C0C-B572-A3B7BBC35359.jpeg\" \/>\n<meta name=\"author\" content=\"Timur \u0130nce\" \/>\n<meta name=\"twitter:card\" content=\"summary_large_image\" \/>\n<meta name=\"twitter:creator\" content=\"@timurince11\" \/>\n<meta name=\"twitter:label1\" content=\"Yazan:\" \/>\n\t<meta name=\"twitter:data1\" content=\"Timur \u0130nce\" \/>\n\t<meta name=\"twitter:label2\" content=\"Tahmini okuma s\u00fcresi\" \/>\n\t<meta name=\"twitter:data2\" content=\"6 dakika\" \/>\n<script type=\"application\/ld+json\" class=\"yoast-schema-graph\">{\"@context\":\"https:\\\/\\\/schema.org\",\"@graph\":[{\"@type\":\"Article\",\"@id\":\"https:\\\/\\\/malatyareport.com.tr\\\/index.php\\\/2026\\\/07\\\/28\\\/su-kayisidan-bir-kurtulamadiniz-gitti\\\/#article\",\"isPartOf\":{\"@id\":\"https:\\\/\\\/malatyareport.com.tr\\\/index.php\\\/2026\\\/07\\\/28\\\/su-kayisidan-bir-kurtulamadiniz-gitti\\\/\"},\"author\":{\"name\":\"Timur \u0130nce\",\"@id\":\"https:\\\/\\\/malatyareport.com.tr\\\/#\\\/schema\\\/person\\\/93146d94af76b792b58ac78050cc6da7\"},\"headline\":\"\u015eU KAYISIDAN B\u0130R KURTULAMADINIZ G\u0130TT\u0130!\",\"datePublished\":\"2026-07-28T03:50:03+00:00\",\"dateModified\":\"2026-07-28T05:19:05+00:00\",\"mainEntityOfPage\":{\"@id\":\"https:\\\/\\\/malatyareport.com.tr\\\/index.php\\\/2026\\\/07\\\/28\\\/su-kayisidan-bir-kurtulamadiniz-gitti\\\/\"},\"wordCount\":1397,\"commentCount\":3,\"image\":{\"@id\":\"https:\\\/\\\/malatyareport.com.tr\\\/index.php\\\/2026\\\/07\\\/28\\\/su-kayisidan-bir-kurtulamadiniz-gitti\\\/#primaryimage\"},\"thumbnailUrl\":\"https:\\\/\\\/malatyareport.com.tr\\\/wp-content\\\/uploads\\\/2026\\\/07\\\/D8BB480B-DCEF-4C0C-B572-A3B7BBC35359.jpeg\",\"articleSection\":[\"K\u00f6\u015fe Yaz\u0131lar\u0131\"],\"inLanguage\":\"tr\",\"potentialAction\":[{\"@type\":\"CommentAction\",\"name\":\"Comment\",\"target\":[\"https:\\\/\\\/malatyareport.com.tr\\\/index.php\\\/2026\\\/07\\\/28\\\/su-kayisidan-bir-kurtulamadiniz-gitti\\\/#respond\"]}]},{\"@type\":\"WebPage\",\"@id\":\"https:\\\/\\\/malatyareport.com.tr\\\/index.php\\\/2026\\\/07\\\/28\\\/su-kayisidan-bir-kurtulamadiniz-gitti\\\/\",\"url\":\"https:\\\/\\\/malatyareport.com.tr\\\/index.php\\\/2026\\\/07\\\/28\\\/su-kayisidan-bir-kurtulamadiniz-gitti\\\/\",\"name\":\"\u015eU KAYISIDAN B\u0130R KURTULAMADINIZ G\u0130TT\u0130! - Malatya Report\",\"isPartOf\":{\"@id\":\"https:\\\/\\\/malatyareport.com.tr\\\/#website\"},\"primaryImageOfPage\":{\"@id\":\"https:\\\/\\\/malatyareport.com.tr\\\/index.php\\\/2026\\\/07\\\/28\\\/su-kayisidan-bir-kurtulamadiniz-gitti\\\/#primaryimage\"},\"image\":{\"@id\":\"https:\\\/\\\/malatyareport.com.tr\\\/index.php\\\/2026\\\/07\\\/28\\\/su-kayisidan-bir-kurtulamadiniz-gitti\\\/#primaryimage\"},\"thumbnailUrl\":\"https:\\\/\\\/malatyareport.com.tr\\\/wp-content\\\/uploads\\\/2026\\\/07\\\/D8BB480B-DCEF-4C0C-B572-A3B7BBC35359.jpeg\",\"datePublished\":\"2026-07-28T03:50:03+00:00\",\"dateModified\":\"2026-07-28T05:19:05+00:00\",\"author\":{\"@id\":\"https:\\\/\\\/malatyareport.com.tr\\\/#\\\/schema\\\/person\\\/93146d94af76b792b58ac78050cc6da7\"},\"breadcrumb\":{\"@id\":\"https:\\\/\\\/malatyareport.com.tr\\\/index.php\\\/2026\\\/07\\\/28\\\/su-kayisidan-bir-kurtulamadiniz-gitti\\\/#breadcrumb\"},\"inLanguage\":\"tr\",\"potentialAction\":[{\"@type\":\"ReadAction\",\"target\":[\"https:\\\/\\\/malatyareport.com.tr\\\/index.php\\\/2026\\\/07\\\/28\\\/su-kayisidan-bir-kurtulamadiniz-gitti\\\/\"]}]},{\"@type\":\"ImageObject\",\"inLanguage\":\"tr\",\"@id\":\"https:\\\/\\\/malatyareport.com.tr\\\/index.php\\\/2026\\\/07\\\/28\\\/su-kayisidan-bir-kurtulamadiniz-gitti\\\/#primaryimage\",\"url\":\"https:\\\/\\\/i0.wp.com\\\/malatyareport.com.tr\\\/wp-content\\\/uploads\\\/2026\\\/07\\\/D8BB480B-DCEF-4C0C-B572-A3B7BBC35359.jpeg?fit=799%2C883&ssl=1\",\"contentUrl\":\"https:\\\/\\\/i0.wp.com\\\/malatyareport.com.tr\\\/wp-content\\\/uploads\\\/2026\\\/07\\\/D8BB480B-DCEF-4C0C-B572-A3B7BBC35359.jpeg?fit=799%2C883&ssl=1\",\"width\":799,\"height\":883},{\"@type\":\"BreadcrumbList\",\"@id\":\"https:\\\/\\\/malatyareport.com.tr\\\/index.php\\\/2026\\\/07\\\/28\\\/su-kayisidan-bir-kurtulamadiniz-gitti\\\/#breadcrumb\",\"itemListElement\":[{\"@type\":\"ListItem\",\"position\":1,\"name\":\"Anasayfa\",\"item\":\"https:\\\/\\\/malatyareport.com.tr\\\/\"},{\"@type\":\"ListItem\",\"position\":2,\"name\":\"\u015eU KAYISIDAN B\u0130R KURTULAMADINIZ G\u0130TT\u0130!\"}]},{\"@type\":\"WebSite\",\"@id\":\"https:\\\/\\\/malatyareport.com.tr\\\/#website\",\"url\":\"https:\\\/\\\/malatyareport.com.tr\\\/\",\"name\":\"Malatya Report\",\"description\":\"\",\"potentialAction\":[{\"@type\":\"SearchAction\",\"target\":{\"@type\":\"EntryPoint\",\"urlTemplate\":\"https:\\\/\\\/malatyareport.com.tr\\\/?s={search_term_string}\"},\"query-input\":{\"@type\":\"PropertyValueSpecification\",\"valueRequired\":true,\"valueName\":\"search_term_string\"}}],\"inLanguage\":\"tr\"},{\"@type\":\"Person\",\"@id\":\"https:\\\/\\\/malatyareport.com.tr\\\/#\\\/schema\\\/person\\\/93146d94af76b792b58ac78050cc6da7\",\"name\":\"Timur \u0130nce\",\"image\":{\"@type\":\"ImageObject\",\"inLanguage\":\"tr\",\"@id\":\"https:\\\/\\\/secure.gravatar.com\\\/avatar\\\/e5ce118bd86e5549ff544e7c5b614da198ecaa7f8e9398b55d27ae1f117511d8?s=96&d=mm&r=g\",\"url\":\"https:\\\/\\\/secure.gravatar.com\\\/avatar\\\/e5ce118bd86e5549ff544e7c5b614da198ecaa7f8e9398b55d27ae1f117511d8?s=96&d=mm&r=g\",\"contentUrl\":\"https:\\\/\\\/secure.gravatar.com\\\/avatar\\\/e5ce118bd86e5549ff544e7c5b614da198ecaa7f8e9398b55d27ae1f117511d8?s=96&d=mm&r=g\",\"caption\":\"Timur \u0130nce\"},\"description\":\"Zaman\u0131n ruhunda bir damla m\u00fcrekkep olmay\u0131 isterdim. Bir damla m\u00fcrekkep bir ulusun kaderini yazmaya yeterlidir.\",\"sameAs\":[\"https:\\\/\\\/malatyareport.com.tr\",\"https:\\\/\\\/www.facebook.com\\\/timurince\",\"@timur_ince_t5_\",\"https:\\\/\\\/x.com\\\/@timurince11\"],\"url\":\"https:\\\/\\\/malatyareport.com.tr\\\/index.php\\\/author\\\/admin_6i9yniox\\\/\"}]}<\/script>\n<!-- \/ Yoast SEO plugin. -->","yoast_head_json":{"title":"\u015eU KAYISIDAN B\u0130R KURTULAMADINIZ G\u0130TT\u0130! - Malatya Report","robots":{"index":"index","follow":"follow","max-snippet":"max-snippet:-1","max-image-preview":"max-image-preview:large","max-video-preview":"max-video-preview:-1"},"canonical":"https:\/\/malatyareport.com.tr\/index.php\/2026\/07\/28\/su-kayisidan-bir-kurtulamadiniz-gitti\/","og_locale":"tr_TR","og_type":"article","og_title":"\u015eU KAYISIDAN B\u0130R KURTULAMADINIZ G\u0130TT\u0130! - Malatya Report","og_description":"Sitemliyim, k\u0131zg\u0131n\u0131m, h\u00fcsrana hatta ihanete u\u011fram\u0131\u015f hissediyorum kendimi. Bu Malatyal\u0131lar \u00e7izgiyi a\u015ft\u0131. Tutturmu\u015flar hep bir a\u011f\u0131zdan \u201ckay\u0131s\u0131 da kay\u0131s\u0131.\u201d S\u00f6z\u00fcm sizlere ey aristokrasi kesimi. Yahu&#8230;","og_url":"https:\/\/malatyareport.com.tr\/index.php\/2026\/07\/28\/su-kayisidan-bir-kurtulamadiniz-gitti\/","og_site_name":"Malatya Report","article_author":"https:\/\/www.facebook.com\/timurince","article_published_time":"2026-07-28T03:50:03+00:00","article_modified_time":"2026-07-28T05:19:05+00:00","og_image":[{"url":"https:\/\/malatyareport.com.tr\/wp-content\/uploads\/2026\/07\/D8BB480B-DCEF-4C0C-B572-A3B7BBC35359.jpeg","type":"","width":"","height":""}],"author":"Timur \u0130nce","twitter_card":"summary_large_image","twitter_creator":"@timurince11","twitter_misc":{"Yazan:":"Timur \u0130nce","Tahmini okuma s\u00fcresi":"6 dakika"},"schema":{"@context":"https:\/\/schema.org","@graph":[{"@type":"Article","@id":"https:\/\/malatyareport.com.tr\/index.php\/2026\/07\/28\/su-kayisidan-bir-kurtulamadiniz-gitti\/#article","isPartOf":{"@id":"https:\/\/malatyareport.com.tr\/index.php\/2026\/07\/28\/su-kayisidan-bir-kurtulamadiniz-gitti\/"},"author":{"name":"Timur \u0130nce","@id":"https:\/\/malatyareport.com.tr\/#\/schema\/person\/93146d94af76b792b58ac78050cc6da7"},"headline":"\u015eU KAYISIDAN B\u0130R KURTULAMADINIZ G\u0130TT\u0130!","datePublished":"2026-07-28T03:50:03+00:00","dateModified":"2026-07-28T05:19:05+00:00","mainEntityOfPage":{"@id":"https:\/\/malatyareport.com.tr\/index.php\/2026\/07\/28\/su-kayisidan-bir-kurtulamadiniz-gitti\/"},"wordCount":1397,"commentCount":3,"image":{"@id":"https:\/\/malatyareport.com.tr\/index.php\/2026\/07\/28\/su-kayisidan-bir-kurtulamadiniz-gitti\/#primaryimage"},"thumbnailUrl":"https:\/\/malatyareport.com.tr\/wp-content\/uploads\/2026\/07\/D8BB480B-DCEF-4C0C-B572-A3B7BBC35359.jpeg","articleSection":["K\u00f6\u015fe Yaz\u0131lar\u0131"],"inLanguage":"tr","potentialAction":[{"@type":"CommentAction","name":"Comment","target":["https:\/\/malatyareport.com.tr\/index.php\/2026\/07\/28\/su-kayisidan-bir-kurtulamadiniz-gitti\/#respond"]}]},{"@type":"WebPage","@id":"https:\/\/malatyareport.com.tr\/index.php\/2026\/07\/28\/su-kayisidan-bir-kurtulamadiniz-gitti\/","url":"https:\/\/malatyareport.com.tr\/index.php\/2026\/07\/28\/su-kayisidan-bir-kurtulamadiniz-gitti\/","name":"\u015eU KAYISIDAN B\u0130R KURTULAMADINIZ G\u0130TT\u0130! - Malatya Report","isPartOf":{"@id":"https:\/\/malatyareport.com.tr\/#website"},"primaryImageOfPage":{"@id":"https:\/\/malatyareport.com.tr\/index.php\/2026\/07\/28\/su-kayisidan-bir-kurtulamadiniz-gitti\/#primaryimage"},"image":{"@id":"https:\/\/malatyareport.com.tr\/index.php\/2026\/07\/28\/su-kayisidan-bir-kurtulamadiniz-gitti\/#primaryimage"},"thumbnailUrl":"https:\/\/malatyareport.com.tr\/wp-content\/uploads\/2026\/07\/D8BB480B-DCEF-4C0C-B572-A3B7BBC35359.jpeg","datePublished":"2026-07-28T03:50:03+00:00","dateModified":"2026-07-28T05:19:05+00:00","author":{"@id":"https:\/\/malatyareport.com.tr\/#\/schema\/person\/93146d94af76b792b58ac78050cc6da7"},"breadcrumb":{"@id":"https:\/\/malatyareport.com.tr\/index.php\/2026\/07\/28\/su-kayisidan-bir-kurtulamadiniz-gitti\/#breadcrumb"},"inLanguage":"tr","potentialAction":[{"@type":"ReadAction","target":["https:\/\/malatyareport.com.tr\/index.php\/2026\/07\/28\/su-kayisidan-bir-kurtulamadiniz-gitti\/"]}]},{"@type":"ImageObject","inLanguage":"tr","@id":"https:\/\/malatyareport.com.tr\/index.php\/2026\/07\/28\/su-kayisidan-bir-kurtulamadiniz-gitti\/#primaryimage","url":"https:\/\/i0.wp.com\/malatyareport.com.tr\/wp-content\/uploads\/2026\/07\/D8BB480B-DCEF-4C0C-B572-A3B7BBC35359.jpeg?fit=799%2C883&ssl=1","contentUrl":"https:\/\/i0.wp.com\/malatyareport.com.tr\/wp-content\/uploads\/2026\/07\/D8BB480B-DCEF-4C0C-B572-A3B7BBC35359.jpeg?fit=799%2C883&ssl=1","width":799,"height":883},{"@type":"BreadcrumbList","@id":"https:\/\/malatyareport.com.tr\/index.php\/2026\/07\/28\/su-kayisidan-bir-kurtulamadiniz-gitti\/#breadcrumb","itemListElement":[{"@type":"ListItem","position":1,"name":"Anasayfa","item":"https:\/\/malatyareport.com.tr\/"},{"@type":"ListItem","position":2,"name":"\u015eU KAYISIDAN B\u0130R KURTULAMADINIZ G\u0130TT\u0130!"}]},{"@type":"WebSite","@id":"https:\/\/malatyareport.com.tr\/#website","url":"https:\/\/malatyareport.com.tr\/","name":"Malatya Report","description":"","potentialAction":[{"@type":"SearchAction","target":{"@type":"EntryPoint","urlTemplate":"https:\/\/malatyareport.com.tr\/?s={search_term_string}"},"query-input":{"@type":"PropertyValueSpecification","valueRequired":true,"valueName":"search_term_string"}}],"inLanguage":"tr"},{"@type":"Person","@id":"https:\/\/malatyareport.com.tr\/#\/schema\/person\/93146d94af76b792b58ac78050cc6da7","name":"Timur \u0130nce","image":{"@type":"ImageObject","inLanguage":"tr","@id":"https:\/\/secure.gravatar.com\/avatar\/e5ce118bd86e5549ff544e7c5b614da198ecaa7f8e9398b55d27ae1f117511d8?s=96&d=mm&r=g","url":"https:\/\/secure.gravatar.com\/avatar\/e5ce118bd86e5549ff544e7c5b614da198ecaa7f8e9398b55d27ae1f117511d8?s=96&d=mm&r=g","contentUrl":"https:\/\/secure.gravatar.com\/avatar\/e5ce118bd86e5549ff544e7c5b614da198ecaa7f8e9398b55d27ae1f117511d8?s=96&d=mm&r=g","caption":"Timur \u0130nce"},"description":"Zaman\u0131n ruhunda bir damla m\u00fcrekkep olmay\u0131 isterdim. Bir damla m\u00fcrekkep bir ulusun kaderini yazmaya yeterlidir.","sameAs":["https:\/\/malatyareport.com.tr","https:\/\/www.facebook.com\/timurince","@timur_ince_t5_","https:\/\/x.com\/@timurince11"],"url":"https:\/\/malatyareport.com.tr\/index.php\/author\/admin_6i9yniox\/"}]}},"jetpack_featured_media_url":"","jetpack_sharing_enabled":true,"_links":{"self":[{"href":"https:\/\/malatyareport.com.tr\/index.php\/wp-json\/wp\/v2\/posts\/1199","targetHints":{"allow":["GET"]}}],"collection":[{"href":"https:\/\/malatyareport.com.tr\/index.php\/wp-json\/wp\/v2\/posts"}],"about":[{"href":"https:\/\/malatyareport.com.tr\/index.php\/wp-json\/wp\/v2\/types\/post"}],"author":[{"embeddable":true,"href":"https:\/\/malatyareport.com.tr\/index.php\/wp-json\/wp\/v2\/users\/1"}],"replies":[{"embeddable":true,"href":"https:\/\/malatyareport.com.tr\/index.php\/wp-json\/wp\/v2\/comments?post=1199"}],"version-history":[{"count":5,"href":"https:\/\/malatyareport.com.tr\/index.php\/wp-json\/wp\/v2\/posts\/1199\/revisions"}],"predecessor-version":[{"id":1208,"href":"https:\/\/malatyareport.com.tr\/index.php\/wp-json\/wp\/v2\/posts\/1199\/revisions\/1208"}],"wp:attachment":[{"href":"https:\/\/malatyareport.com.tr\/index.php\/wp-json\/wp\/v2\/media?parent=1199"}],"wp:term":[{"taxonomy":"category","embeddable":true,"href":"https:\/\/malatyareport.com.tr\/index.php\/wp-json\/wp\/v2\/categories?post=1199"},{"taxonomy":"post_tag","embeddable":true,"href":"https:\/\/malatyareport.com.tr\/index.php\/wp-json\/wp\/v2\/tags?post=1199"}],"curies":[{"name":"wp","href":"https:\/\/api.w.org\/{rel}","templated":true}]}}