{"id":1211,"date":"2026-08-04T15:59:21","date_gmt":"2026-08-04T15:59:21","guid":{"rendered":"https:\/\/malatyareport.com.tr\/?p=1211"},"modified":"2026-08-04T16:05:04","modified_gmt":"2026-08-04T16:05:04","slug":"yeni-siyasi-dolgu-malzemesi-baskil-kayisisi","status":"publish","type":"post","link":"https:\/\/malatyareport.com.tr\/index.php\/2026\/08\/04\/yeni-siyasi-dolgu-malzemesi-baskil-kayisisi\/","title":{"rendered":"YEN\u0130 S\u0130YAS\u0130 DOLGU MALZEMES\u0130: BASK\u0130L KAYISISI\u00a0"},"content":{"rendered":"\n<figure class=\"wp-block-image size-full\"><img data-recalc-dims=\"1\" loading=\"lazy\" decoding=\"async\" width=\"800\" height=\"873\" src=\"https:\/\/i0.wp.com\/malatyareport.com.tr\/wp-content\/uploads\/2026\/08\/4CA1FE16-595A-4DFB-A2E6-3F75F327D4CA.jpeg?resize=800%2C873&#038;ssl=1\" alt=\"\" class=\"wp-image-1212\" srcset=\"https:\/\/i0.wp.com\/malatyareport.com.tr\/wp-content\/uploads\/2026\/08\/4CA1FE16-595A-4DFB-A2E6-3F75F327D4CA.jpeg?w=800&amp;ssl=1 800w, https:\/\/i0.wp.com\/malatyareport.com.tr\/wp-content\/uploads\/2026\/08\/4CA1FE16-595A-4DFB-A2E6-3F75F327D4CA.jpeg?resize=275%2C300&amp;ssl=1 275w, https:\/\/i0.wp.com\/malatyareport.com.tr\/wp-content\/uploads\/2026\/08\/4CA1FE16-595A-4DFB-A2E6-3F75F327D4CA.jpeg?resize=768%2C838&amp;ssl=1 768w\" sizes=\"auto, (max-width: 800px) 100vw, 800px\" \/><\/figure>\n\n\n\n<p class=\"wp-block-paragraph\">Bizim P\u00fct\u00fcrge\u2019nin bir da\u011f k\u00f6y\u00fcnde -argo- isimle ba\u015flayan bir mahallemiz var. \u015eahsen bende ilk \u00f6\u011frendi\u011fimde \u00e7ok tuhaf olmu\u015ftum. Gel zaman git zaman mahalle sakinleri rahats\u0131zl\u0131k duyduklar\u0131ndan isimlerini de\u011fi\u015ftirmek karar\u0131n\u0131 al\u0131rlar. Bir \u00f6k\u00fcz kesilir, e\u015f dost konu kom\u015fu herkes davet edilir ve okunan mevlit sonras\u0131 art\u0131k eski argo isimden kurtulmak ama\u00e7l\u0131 bir de yeni bir isim bulunur.\u00a0\u00a0Mevlit okunur, yemekler yenir, toplant\u0131 da\u011f\u0131l\u0131r ama yine herkes eski bilindik ismiyle mahalleyi telafuz etmeye devam eder. Baskil kay\u0131s\u0131s\u0131 meselesine ba\u011flayaca\u011f\u0131m konuyu. Ayn\u0131 \u015fey. Siyasiler salvo dev\u015firecek ama k\u00f6yl\u00fc, \u00fcretici yine Malatya \u015eire pazar\u0131na indirecek mal\u0131n\u0131.\u00a0\u00a0Haks\u0131z m\u0131y\u0131m? Evet, son g\u00fcnlerde Elaz\u0131\u011f siyasileri yolda c\u00fczdan bulmu\u015f kadar sevindikleri siyasi arg\u00fcmandan dolay\u0131 a\u011f\u0131zlar\u0131 kulaklar\u0131nda. Cumhuriyet kuruldu\u011fundan beri en b\u00fcy\u00fck projelerini sahaya s\u00fcrd\u00fcler. Neymi\u015f efendim Baskil kay\u0131s\u0131s\u0131 Baskilin. Aksini s\u00f6yleyen mi var? Siz de iyi biliyorsunuz ki Baskil kay\u0131s\u0131s\u0131 Malatya olmadan hi\u00e7 hi\u00e7 bir i\u015fe yaramaz. \u0130stedi\u011finiz kadar toplant\u0131 yap\u0131n, siyasi \u00e7\u0131k\u0131\u015f haline getirin, bas\u0131n a\u00e7\u0131klamalar\u0131 gelsin, meydan okuyun g\u00fcn\u00fcn sonunda o kay\u0131s\u0131 yine Malatya\u2019ya gelecektir. Ba\u015fka \u00e7aresi yok. 50 y\u0131ll\u0131k bir sistem birli\u011fi meseledir. Siyasiler ke\u015fke fakir fukaran\u0131n ekme\u011fini ucuz bir milliyet\u00e7ilik arac\u0131na d\u00f6n\u00fc\u015ft\u00fcrmeseydi. Ay\u0131p vallahi. Elinizden geliyorsa; ki gelmez. Kay\u0131s\u0131 t\u00fcccar\u0131n elinden kurtar\u0131n o zaman. Yok, ona g\u00fcc\u00fcm\u00fcz yetmez. C\u00fczdan\u0131 bulanlar hani sahibine ula\u015ft\u0131rd\u0131klar\u0131nda hediye maksatl\u0131 k\u00fc\u00e7\u00fck bir mebla\u011fda g\u00f6z\u00fc olur ya, Elaz\u0131\u011f siyasiler \u015fimdi i\u015fte o mebla\u011f\u0131n pe\u015finde.<\/p>\n\n\n\n<p class=\"wp-block-paragraph\"><strong><mark style=\"background-color:rgba(0, 0, 0, 0)\" class=\"has-inline-color has-vivid-cyan-blue-color\">Mevzu \u00c7\u0131plak Heykel mi Atat\u00fcrk m\u00fc?<\/mark><\/strong><\/p>\n\n\n\n<p class=\"wp-block-paragraph\">Sosyal medya fenomeni \u0130rfan Y\u0131lmaz zaman zaman Malatya\u2019da yer alan \u00e7\u0131plak heykele tepkilerini dile getirdi\u011fi sosyal medya payla\u015f\u0131mlar\u0131na denk geliriz. Ama bu kez ok yaydan \u00e7\u0131kt\u0131, ulusal medya i\u015fin i\u00e7ine girdi, iki siyasi parti taraf\u0131ndan dava a\u00e7\u0131ld\u0131, t\u00fcm T\u00fcrkiye\u2019nin konu\u015ftu\u011fu daha do\u011frusu tart\u0131\u015ft\u0131\u011f\u0131 bir mevzu haline geldi. Malatya\u2019da \u00e7\u0131plak heykelden bihaber olanlar\u0131n da haberi oldu b\u00f6ylelikle. Olaya bak\u0131\u015f a\u00e7\u0131lar\u0131 farkl\u0131 olunca ortak bir karede bulu\u015fmak kolay olmuyor. Sek\u00fclerler \u0131srarla tepkinin \u201cAtat\u00fcrk varl\u0131\u011f\u0131na rahats\u0131zl\u0131k\u201d y\u00f6n\u00fcnde mevzilendi. Di\u011fer taraf \u201chay\u0131r Atat\u00fcrk\u2019e bir \u015fey dedi\u011fimiz yok, \u00e7\u0131plak heykel \u015fehirde istemiyoruz!\u201d \u015feklinde salt bir tav\u0131r i\u00e7indeler.&nbsp;&nbsp;\u00d6yle ki Atat\u00fcrk heykeline kimsenin bir \u015fey dedi\u011fi yok ger\u00e7ekten, \u00e7\u0131plak heykel kald\u0131r\u0131ls\u0131n diyorlar o kadar. Elinizi vicdan\u0131n\u0131za koyun. Hakikaten \u00e7\u0131plak bir heykelin ne i\u015fi var Malatya\u2019n\u0131n ortas\u0131nda. Sebebi ne, amac\u0131 ne olaki, yan\u0131nda Atat\u00fcrk duruyor diye \u201cn\u00fc\u201d g\u00f6sterisini savunmak i\u00e7 g\u00fcd\u00fcs\u00fc m\u00fc? \u00c7\u00f6z\u00fcm\u00fc ise a\u00e7\u0131k\u00e7a belli: \u00e7\u0131plak heykel fig\u00fcr\u00fc al\u0131ns\u0131n, bayrak Atat\u00fcrk heykeli ile bir b\u00fct\u00fcn haline gelsin ve konu kapans\u0131n! Yetkililerde ancak bunu talep edebiliriz. Yoksa bu tart\u0131\u015fma her y\u0131l pi\u015firilip pi\u015firilip servis edilmesinin \u00f6n\u00fcne kimse ge\u00e7emez.&nbsp;<\/p>\n\n\n\n<p class=\"wp-block-paragraph\"><strong><mark style=\"background-color:rgba(0, 0, 0, 0)\" class=\"has-inline-color has-vivid-cyan-blue-color\">Kay\u0131s\u0131 \u00dcreticisi Alarm Veriyor Yetkililer Duymuyor<\/mark><\/strong><\/p>\n\n\n\n<p class=\"wp-block-paragraph\">Malatya\u2019n\u0131n en \u00f6nemli tek bir sorunu var. O da kay\u0131s\u0131. \u00c7\u00fcnk\u00fc 50 bin aile ile irtibatl\u0131 bir i\u00e7sel anlam ta\u015f\u0131r. En son 2022 y\u0131l\u0131nda kay\u0131s\u0131 rekoltesi iyiydi. Sonras\u0131nda do\u011fru d\u00fczg\u00fcn kay\u0131s\u0131 olmad\u0131. Ayn\u0131 y\u0131l bir yak\u0131n\u0131m\u0131n 1034 kg kuru sar\u0131 kay\u0131s\u0131s\u0131 oldu ve satarak 2018 model Fort Kornet marka bir ara\u00e7 sat\u0131n ald\u0131. \u00dczerine tek kuru\u015f koymam\u0131\u015ft\u0131, cebine de para girmemi\u015fti. Bir ton\u2019a orta halli bir kornet. \u015eu \u015fartlarda ayn\u0131 arac\u0131 almaya kalk\u0131\u015fsan\u0131z 3 ton kay\u0131s\u0131 paras\u0131 cebinizde haz\u0131r olmas\u0131 gerekecektir. Enflasyon fark\u0131n\u0131 g\u00f6rmeniz i\u00e7in \u00f6rne\u011fi verdim. Enflasyon ve Dev\u00fclasyonlar kar\u015f\u0131s\u0131nda her \u015feyin fiyat\u0131 kat be kat art\u0131, k\u00f6yl\u00fcn\u00fcn \u00fcr\u00fcn\u00fc kay\u0131s\u0131 da 3\/1 oran\u0131nda de\u011fer kaybetmi\u015f. \u0130\u015fte anlatmaya \u00e7al\u0131\u015ft\u0131\u011f\u0131m\u0131z \u015fey tam olarak buras\u0131! Yetkililere gelince umurunda m\u0131, ne umurunda olacak. Hepsinin tuzu kuru nas\u0131l olsa. \u00dcretici ma\u011fdur olmu\u015f, \u00fcr\u00fcn\u00fc para etmiyormu\u015f, enflasyon kar\u015f\u0131s\u0131nda ma\u011fdur \u201cAllah a\u015fk\u0131na de gidin i\u015finize\u201d der gibi bir ruh hali i\u00e7indeler. .&nbsp;<\/p>\n\n\n\n<p class=\"wp-block-paragraph\"><strong><mark style=\"background-color:rgba(0, 0, 0, 0)\" class=\"has-inline-color has-vivid-cyan-blue-color\">Gurbet\u00e7iler Geldi Gitti O Kadar<\/mark><\/strong><\/p>\n\n\n\n<p class=\"wp-block-paragraph\">\u00d6zelikle yaz sezonu gurbetteki vatanda\u015flar\u0131m\u0131z memleketlerine ziyaret yapt\u0131klar\u0131 d\u00f6nemdir. Yak\u0131nlar\u0131n\u0131 g\u00f6rmek, ait olduklar\u0131 topraklarda vakit ge\u00e7irmek, az da olsa al\u0131\u015fveri\u015f yapmak, ard\u0131nda d\u00fczenlerini kurduklar\u0131 \u015fehirlere d\u00f6nerler tekrar. Yaz sezonu gurbet\u00e7i sezonu olarakta bilinir. Bu y\u0131l&nbsp;&nbsp;istenilen olmad\u0131, gurbet\u00e7iler sadece geldi gitti, o kadar. Al\u0131\u015fveri\u015f yapmad\u0131lar. Ya\u015f kay\u0131s\u0131 satan bir arkada\u015f\u0131mdan \u00f6\u011frendim bunu. Ge\u00e7en y\u0131llara g\u00f6re k\u0131yaslad\u0131\u011f\u0131nda 10 kat\u0131 gibi bir farktan s\u00f6z etti. \u00d6nceki y\u0131llarda kay\u0131s\u0131 yeti\u015ftiremezdik, bu y\u0131l hi\u00e7 satamad\u0131k gibi bir \u015fey oldu dedi. \u0130nsanlar\u0131n al\u0131m g\u00fcc\u00fc \u00e7ok d\u00fc\u015ft\u00fc. Kay\u0131s\u0131 en bariz \u00f6rnek olsa da her alanda durumlar farkl\u0131 de\u011fil. Gurbet\u00e7iler genelde bol paral\u0131 gelirler s\u0131laya, bizim \u00e7evre insan\u0131n\u0131 biliriz; g\u00fc\u00e7l\u00fc g\u00f6r\u00fcnmek, kendini kan\u0131tlamak, zirve de oldu\u011funu takdim buyurmak \u00f6te yansan arabas\u0131, cebi, davran\u0131\u015flar\u0131yla memleketine katk\u0131 sunmak ister. O y\u00fczden normalinden \u00e7ok bonk\u00f6r davran\u0131r. E\u011fer onlar\u0131nda cebine akrep girmi\u015fse \u00e7ok fazla iktisadi \u00f6nermeye hacet g\u00f6rm\u00fcyorum.&nbsp;<\/p>\n\n\n\n<p class=\"wp-block-paragraph\"><strong><mark style=\"background-color:rgba(0, 0, 0, 0)\" class=\"has-inline-color has-vivid-cyan-blue-color\">Malatya Bas\u0131n\u0131 \u00c7eli\u015fkilerle Dolu<\/mark><\/strong><\/p>\n\n\n\n<p class=\"wp-block-paragraph\">Yakla\u015f\u0131k 10 y\u0131ld\u0131r iyi k\u00f6t\u00fc bu camian\u0131n i\u00e7indeyim. Daha \u00e7ok \u2018analiz\u2019 a\u011f\u0131rl\u0131kl\u0131 yaz\u0131larla katk\u0131 sunmaya \u00e7al\u0131\u015f\u0131r\u0131m. Hi\u00e7 bir zaman gazeteci oldu\u011fumu s\u00f6ylemedim, \u00e7\u00fcnk\u00fc gazetecilik farkl\u0131 bir \u015fey. Evet ben gazeteci de\u011filim, daha \u00e7ok duyarl\u0131 bir vatanda\u015f, yazar diye nitelendiriyorum kendimi. Son zamanlarda Malatya bas\u0131n\u0131n\u0131n \u00e7eli\u015fkilerle dolu oldu\u011funu g\u00f6zlemledim. Baz\u0131 gazeteci arkada\u015flar hem birbiriyle \u00e7at\u0131\u015f\u0131yor hem de gazetecilik g\u00f6revini ifa etmeye \u00e7al\u0131\u015f\u0131yorlar. Yani iki arada bir derede misali. Gerek var m\u0131 bunlara? Zaten Malatya\u2019da bas\u0131n alan\u0131nda \u00e7abalayanlar\u0131 toplasan hepi topu bir avu\u00e7 insan. Malatya\u2019n\u0131n yekpare tonla sorunu varken, kay\u0131s\u0131 yine aya\u011fa d\u00fc\u015fm\u00fc\u015fken, \u015eehrin hikayesi s\u00f6z konusu iken, hele de gelecekle ilgili kayg\u0131lar\u0131m\u0131z varken enerjinizi daha \u00e7ok bunlar\u0131 tart\u0131\u015fmaya ay\u0131rsan\u0131z diyoruz. Birbirinizle didi\u015fmeniz halk nezdinden magazinsel bir ortama d\u00f6n\u00fc\u015f\u00fcr. Ve yerel bas\u0131n\u0131n kalite kayb\u0131 harici bir de\u011ferlendirmesi olmaz. Ortak teati, fikir birli\u011fi, sorunlar\u0131 toplu ele alma konusunda birlikte hareket etmeyi tavsiye ediyorum. Yoksa bu sekt\u00f6rde hi\u00e7 bir ciddiyet kalmaz.&nbsp;<\/p>\n\n\n\n<p class=\"wp-block-paragraph\"><strong><mark style=\"background-color:rgba(0, 0, 0, 0)\" class=\"has-inline-color has-vivid-cyan-blue-color\">Yeni Belediye Ba\u015fkanl\u0131\u011f\u0131 Adaylar\u0131<\/mark><\/strong><\/p>\n\n\n\n<p class=\"wp-block-paragraph\">Se\u00e7ime h\u00fcn\u00fcz uzun bir s\u00fcre olmas\u0131na ra\u011fmen il\u00e7elerde kulis \u00e7al\u0131\u015fmalar\u0131 alm\u0131\u015f ba\u015f\u0131n\u0131 gidiyor. \u015eimdiden har\u0131l har\u0131l kritik diyebilece\u011fimiz siyasi akriditeler haz\u0131rlan\u0131yor. Cebinde 50 bin USD\u2019si olan \u015fimdiden kendini belediye ba\u015fkan\u0131 g\u00f6rme r\u00fcyas\u0131na kapt\u0131rm\u0131\u015f. Bu i\u015fler parayla oluyor ya, ondan. Baz\u0131 belediye ba\u015fkanlar\u0131 bo\u015fa \u00e7\u0131kacak, baz\u0131 isimler olaki \u015fimdiden yerlerine talip. Konsens\u00fcsler olu\u015fturuluyor. Terfi yapacak belediye ba\u015fkanlar\u0131 b\u0131rakacaklar\u0131 il\u00e7elerin eli \u00fczerinde olsun istiyorlar. Bo\u015fa \u00e7\u0131kacak belediye ba\u015fkanlar\u0131 her ihtimali d\u00fc\u015f\u00fcn\u00fcyor bu kez. Uzaktan kumanda ile kontrol edecekleri adaylar\u0131 \u00f6ne s\u00fcrmeye haz\u0131rlan\u0131yorlar. Sen oraya, sen buraya. Meclis \u00fcyeleri dahi yeni d\u00f6nemde pozisyon alma derdinde. Benim \u00f6ng\u00f6r\u00fcm ise \u015f\u00f6yle: Yeni d\u00f6nemde siyasi literat\u00fcr % 90 d\u00f6k\u00fclecek \/ de\u011fi\u015fecek. Kimin, nereye, nas\u0131l hesaplar\u0131 \u00e7o\u011funluk ask\u0131da kalacak. Ask\u0131da ekmek gibi. Ama \u015funu net s\u00f6yleyebilirim. B\u00fclent T\u00fcfek\u00e7i B\u00fcy\u00fck\u015fehir belediye ba\u015fkan\u0131, Ramazan Yaylac\u0131 il ba\u015fkan\u0131. \u0130nan\u00e7 Kara \u00d6lmeztoprak yeniden milletvekili.&nbsp;&nbsp;Kalan bo\u015fluklar\u0131 da siz doldurun derim.&nbsp;<\/p>\n\n\n\n<p class=\"wp-block-paragraph\"><strong><mark style=\"background-color:rgba(0, 0, 0, 0)\" class=\"has-inline-color has-vivid-cyan-blue-color\">P\u00fct\u00fcrge\u2019nin Tereya\u011f\u0131&nbsp;<\/mark><\/strong><\/p>\n\n\n\n<p class=\"wp-block-paragraph\">Bu y\u0131l ciddi bir P\u00fct\u00fcrge tereya\u011f\u0131 talebi var. G\u00fcnde ka\u00e7 telefon al\u0131yorum, ya\u011f istiyorlar bizden. \u00c7evrede de \u00f6yleymi\u015f. \u201c\u0130ki inek besleyebiliyoruz, ancak o da bize zar zor yetiyor\u201d diyoruz, \u201cpeki 1 kg\u2019de m\u0131 temin edemezsiniz\u201d diye ricac\u0131 ikinci istek geliyor ard\u0131ndan. Ya\u011f kg fiyat\u0131 ortalama: 600, 800\u2019e kadar satan\u0131 da duydum. Ya P\u00fct\u00fcrge ya\u011f\u0131n\u0131n y\u00fcksek kalitesi yeni ke\u015ffedildi ya da galiba sentetik fabrikasyon tereya\u011flar\u0131 ile hakiki do\u011fal tereya\u011f\u0131 aras\u0131nda aroma, tad, sa\u011fl\u0131k \u00fczerinde ki etkisi net anla\u015f\u0131ld\u0131 ki b\u00f6ylesine sert bir rota d\u00f6n\u00fc\u015f\u00fc oldu.&nbsp;<\/p>\n\n\n\n<p class=\"wp-block-paragraph\"><strong><mark style=\"background-color:rgba(0, 0, 0, 0)\" class=\"has-inline-color has-vivid-cyan-blue-color\">Bir Siyaset\u00e7i<\/mark><\/strong><\/p>\n\n\n\n<p class=\"wp-block-paragraph\">Ge\u00e7en bir siyaset\u00e7i ile tart\u0131\u015f\u0131yorum. Bana diyor ki g\u00f6zlemleriniz do\u011fru ama eksik var. Eksik nedir diye sordum. Bilemiyorum dedi. \u0130ki tarafa birden dert oldu. Ben neyi eksik g\u00f6zlemledi\u011fimi, onun da benim neyi eksik g\u00f6zlemledi\u011fimin koskocaman k\u0131rm\u0131z\u0131 renkli soru i\u015fareti aram\u0131za \u201ch\u0131k\u201d diye girivermesine cevap ar\u0131yoruz.&nbsp;&nbsp;H\u00fck\u00fcms\u00fczd\u00fcr, bilenlere duyurulur.&nbsp;<\/p>\n\n\n\n<p class=\"wp-block-paragraph\"><strong><mark style=\"background-color:rgba(0, 0, 0, 0)\" class=\"has-inline-color has-vivid-cyan-blue-color\">S\u00f6z\u00fcm\u00fcz<\/mark><\/strong><\/p>\n\n\n\n<p class=\"wp-block-paragraph\">Emek k\u0131ymetli, eme\u011fi bilmemekte ucuzluktur.&nbsp;<\/p>\n","protected":false},"excerpt":{"rendered":"<p>Bizim P\u00fct\u00fcrge\u2019nin bir da\u011f k\u00f6y\u00fcnde -argo- isimle ba\u015flayan bir mahallemiz var. \u015eahsen bende ilk \u00f6\u011frendi\u011fimde \u00e7ok tuhaf olmu\u015ftum. Gel zaman git zaman mahalle sakinleri rahats\u0131zl\u0131k&#8230;<\/p>\n<div class=\"more-link-wrapper\"><a class=\"more-link\" href=\"https:\/\/malatyareport.com.tr\/index.php\/2026\/08\/04\/yeni-siyasi-dolgu-malzemesi-baskil-kayisisi\/\">Devam\u0131n\u0131 okuyun<span class=\"screen-reader-text\">YEN\u0130 S\u0130YAS\u0130 DOLGU MALZEMES\u0130: BASK\u0130L KAYISISI\u00a0<\/span><\/a><\/div>\n","protected":false},"author":1,"featured_media":0,"comment_status":"open","ping_status":"open","sticky":false,"template":"","format":"standard","meta":{"_jetpack_memberships_contains_paid_content":false,"footnotes":""},"categories":[5],"tags":[],"class_list":["post-1211","post","type-post","status-publish","format-standard","hentry","category-kose-yazilari","entry"],"yoast_head":"<!-- This site is optimized with the Yoast SEO plugin v28.2 - https:\/\/yoast.com\/product\/yoast-seo-wordpress\/ -->\n<title>YEN\u0130 S\u0130YAS\u0130 DOLGU MALZEMES\u0130: BASK\u0130L KAYISISI\u00a0 - Malatya Report<\/title>\n<meta name=\"robots\" content=\"index, follow, max-snippet:-1, max-image-preview:large, max-video-preview:-1\" \/>\n<link rel=\"canonical\" href=\"https:\/\/malatyareport.com.tr\/index.php\/2026\/08\/04\/yeni-siyasi-dolgu-malzemesi-baskil-kayisisi\/\" \/>\n<meta property=\"og:locale\" content=\"tr_TR\" \/>\n<meta property=\"og:type\" content=\"article\" \/>\n<meta property=\"og:title\" content=\"YEN\u0130 S\u0130YAS\u0130 DOLGU MALZEMES\u0130: BASK\u0130L KAYISISI\u00a0 - Malatya Report\" \/>\n<meta property=\"og:description\" content=\"Bizim P\u00fct\u00fcrge\u2019nin bir da\u011f k\u00f6y\u00fcnde -argo- isimle ba\u015flayan bir mahallemiz var. \u015eahsen bende ilk \u00f6\u011frendi\u011fimde \u00e7ok tuhaf olmu\u015ftum. Gel zaman git zaman mahalle sakinleri rahats\u0131zl\u0131k&#8230;\" \/>\n<meta property=\"og:url\" content=\"https:\/\/malatyareport.com.tr\/index.php\/2026\/08\/04\/yeni-siyasi-dolgu-malzemesi-baskil-kayisisi\/\" \/>\n<meta property=\"og:site_name\" content=\"Malatya Report\" \/>\n<meta property=\"article:author\" content=\"https:\/\/www.facebook.com\/timurince\" \/>\n<meta property=\"article:published_time\" content=\"2026-08-04T15:59:21+00:00\" \/>\n<meta property=\"article:modified_time\" content=\"2026-08-04T16:05:04+00:00\" \/>\n<meta property=\"og:image\" content=\"https:\/\/malatyareport.com.tr\/wp-content\/uploads\/2026\/08\/4CA1FE16-595A-4DFB-A2E6-3F75F327D4CA.jpeg\" \/>\n<meta name=\"author\" content=\"Timur \u0130nce\" \/>\n<meta name=\"twitter:card\" content=\"summary_large_image\" \/>\n<meta name=\"twitter:creator\" content=\"@timurince11\" \/>\n<meta name=\"twitter:label1\" content=\"Yazan:\" \/>\n\t<meta name=\"twitter:data1\" content=\"Timur \u0130nce\" \/>\n\t<meta name=\"twitter:label2\" content=\"Tahmini okuma s\u00fcresi\" \/>\n\t<meta name=\"twitter:data2\" content=\"7 dakika\" \/>\n<script type=\"application\/ld+json\" class=\"yoast-schema-graph\">{\"@context\":\"https:\\\/\\\/schema.org\",\"@graph\":[{\"@type\":\"Article\",\"@id\":\"https:\\\/\\\/malatyareport.com.tr\\\/index.php\\\/2026\\\/08\\\/04\\\/yeni-siyasi-dolgu-malzemesi-baskil-kayisisi\\\/#article\",\"isPartOf\":{\"@id\":\"https:\\\/\\\/malatyareport.com.tr\\\/index.php\\\/2026\\\/08\\\/04\\\/yeni-siyasi-dolgu-malzemesi-baskil-kayisisi\\\/\"},\"author\":{\"name\":\"Timur \u0130nce\",\"@id\":\"https:\\\/\\\/malatyareport.com.tr\\\/#\\\/schema\\\/person\\\/93146d94af76b792b58ac78050cc6da7\"},\"headline\":\"YEN\u0130 S\u0130YAS\u0130 DOLGU MALZEMES\u0130: BASK\u0130L KAYISISI\u00a0\",\"datePublished\":\"2026-08-04T15:59:21+00:00\",\"dateModified\":\"2026-08-04T16:05:04+00:00\",\"mainEntityOfPage\":{\"@id\":\"https:\\\/\\\/malatyareport.com.tr\\\/index.php\\\/2026\\\/08\\\/04\\\/yeni-siyasi-dolgu-malzemesi-baskil-kayisisi\\\/\"},\"wordCount\":1556,\"commentCount\":2,\"image\":{\"@id\":\"https:\\\/\\\/malatyareport.com.tr\\\/index.php\\\/2026\\\/08\\\/04\\\/yeni-siyasi-dolgu-malzemesi-baskil-kayisisi\\\/#primaryimage\"},\"thumbnailUrl\":\"https:\\\/\\\/malatyareport.com.tr\\\/wp-content\\\/uploads\\\/2026\\\/08\\\/4CA1FE16-595A-4DFB-A2E6-3F75F327D4CA.jpeg\",\"articleSection\":[\"K\u00f6\u015fe Yaz\u0131lar\u0131\"],\"inLanguage\":\"tr\",\"potentialAction\":[{\"@type\":\"CommentAction\",\"name\":\"Comment\",\"target\":[\"https:\\\/\\\/malatyareport.com.tr\\\/index.php\\\/2026\\\/08\\\/04\\\/yeni-siyasi-dolgu-malzemesi-baskil-kayisisi\\\/#respond\"]}]},{\"@type\":\"WebPage\",\"@id\":\"https:\\\/\\\/malatyareport.com.tr\\\/index.php\\\/2026\\\/08\\\/04\\\/yeni-siyasi-dolgu-malzemesi-baskil-kayisisi\\\/\",\"url\":\"https:\\\/\\\/malatyareport.com.tr\\\/index.php\\\/2026\\\/08\\\/04\\\/yeni-siyasi-dolgu-malzemesi-baskil-kayisisi\\\/\",\"name\":\"YEN\u0130 S\u0130YAS\u0130 DOLGU MALZEMES\u0130: BASK\u0130L KAYISISI\u00a0 - Malatya Report\",\"isPartOf\":{\"@id\":\"https:\\\/\\\/malatyareport.com.tr\\\/#website\"},\"primaryImageOfPage\":{\"@id\":\"https:\\\/\\\/malatyareport.com.tr\\\/index.php\\\/2026\\\/08\\\/04\\\/yeni-siyasi-dolgu-malzemesi-baskil-kayisisi\\\/#primaryimage\"},\"image\":{\"@id\":\"https:\\\/\\\/malatyareport.com.tr\\\/index.php\\\/2026\\\/08\\\/04\\\/yeni-siyasi-dolgu-malzemesi-baskil-kayisisi\\\/#primaryimage\"},\"thumbnailUrl\":\"https:\\\/\\\/malatyareport.com.tr\\\/wp-content\\\/uploads\\\/2026\\\/08\\\/4CA1FE16-595A-4DFB-A2E6-3F75F327D4CA.jpeg\",\"datePublished\":\"2026-08-04T15:59:21+00:00\",\"dateModified\":\"2026-08-04T16:05:04+00:00\",\"author\":{\"@id\":\"https:\\\/\\\/malatyareport.com.tr\\\/#\\\/schema\\\/person\\\/93146d94af76b792b58ac78050cc6da7\"},\"breadcrumb\":{\"@id\":\"https:\\\/\\\/malatyareport.com.tr\\\/index.php\\\/2026\\\/08\\\/04\\\/yeni-siyasi-dolgu-malzemesi-baskil-kayisisi\\\/#breadcrumb\"},\"inLanguage\":\"tr\",\"potentialAction\":[{\"@type\":\"ReadAction\",\"target\":[\"https:\\\/\\\/malatyareport.com.tr\\\/index.php\\\/2026\\\/08\\\/04\\\/yeni-siyasi-dolgu-malzemesi-baskil-kayisisi\\\/\"]}]},{\"@type\":\"ImageObject\",\"inLanguage\":\"tr\",\"@id\":\"https:\\\/\\\/malatyareport.com.tr\\\/index.php\\\/2026\\\/08\\\/04\\\/yeni-siyasi-dolgu-malzemesi-baskil-kayisisi\\\/#primaryimage\",\"url\":\"https:\\\/\\\/i0.wp.com\\\/malatyareport.com.tr\\\/wp-content\\\/uploads\\\/2026\\\/08\\\/4CA1FE16-595A-4DFB-A2E6-3F75F327D4CA.jpeg?fit=800%2C873&ssl=1\",\"contentUrl\":\"https:\\\/\\\/i0.wp.com\\\/malatyareport.com.tr\\\/wp-content\\\/uploads\\\/2026\\\/08\\\/4CA1FE16-595A-4DFB-A2E6-3F75F327D4CA.jpeg?fit=800%2C873&ssl=1\",\"width\":800,\"height\":873},{\"@type\":\"BreadcrumbList\",\"@id\":\"https:\\\/\\\/malatyareport.com.tr\\\/index.php\\\/2026\\\/08\\\/04\\\/yeni-siyasi-dolgu-malzemesi-baskil-kayisisi\\\/#breadcrumb\",\"itemListElement\":[{\"@type\":\"ListItem\",\"position\":1,\"name\":\"Anasayfa\",\"item\":\"https:\\\/\\\/malatyareport.com.tr\\\/\"},{\"@type\":\"ListItem\",\"position\":2,\"name\":\"YEN\u0130 S\u0130YAS\u0130 DOLGU MALZEMES\u0130: BASK\u0130L KAYISISI\u00a0\"}]},{\"@type\":\"WebSite\",\"@id\":\"https:\\\/\\\/malatyareport.com.tr\\\/#website\",\"url\":\"https:\\\/\\\/malatyareport.com.tr\\\/\",\"name\":\"Malatya Report\",\"description\":\"\",\"potentialAction\":[{\"@type\":\"SearchAction\",\"target\":{\"@type\":\"EntryPoint\",\"urlTemplate\":\"https:\\\/\\\/malatyareport.com.tr\\\/?s={search_term_string}\"},\"query-input\":{\"@type\":\"PropertyValueSpecification\",\"valueRequired\":true,\"valueName\":\"search_term_string\"}}],\"inLanguage\":\"tr\"},{\"@type\":\"Person\",\"@id\":\"https:\\\/\\\/malatyareport.com.tr\\\/#\\\/schema\\\/person\\\/93146d94af76b792b58ac78050cc6da7\",\"name\":\"Timur \u0130nce\",\"image\":{\"@type\":\"ImageObject\",\"inLanguage\":\"tr\",\"@id\":\"https:\\\/\\\/secure.gravatar.com\\\/avatar\\\/e5ce118bd86e5549ff544e7c5b614da198ecaa7f8e9398b55d27ae1f117511d8?s=96&d=mm&r=g\",\"url\":\"https:\\\/\\\/secure.gravatar.com\\\/avatar\\\/e5ce118bd86e5549ff544e7c5b614da198ecaa7f8e9398b55d27ae1f117511d8?s=96&d=mm&r=g\",\"contentUrl\":\"https:\\\/\\\/secure.gravatar.com\\\/avatar\\\/e5ce118bd86e5549ff544e7c5b614da198ecaa7f8e9398b55d27ae1f117511d8?s=96&d=mm&r=g\",\"caption\":\"Timur \u0130nce\"},\"description\":\"Zaman\u0131n ruhunda bir damla m\u00fcrekkep olmay\u0131 isterdim. Bir damla m\u00fcrekkep bir ulusun kaderini yazmaya yeterlidir.\",\"sameAs\":[\"https:\\\/\\\/malatyareport.com.tr\",\"https:\\\/\\\/www.facebook.com\\\/timurince\",\"@timur_ince_t5_\",\"https:\\\/\\\/x.com\\\/@timurince11\"],\"url\":\"https:\\\/\\\/malatyareport.com.tr\\\/index.php\\\/author\\\/admin_6i9yniox\\\/\"}]}<\/script>\n<!-- \/ Yoast SEO plugin. -->","yoast_head_json":{"title":"YEN\u0130 S\u0130YAS\u0130 DOLGU MALZEMES\u0130: BASK\u0130L KAYISISI\u00a0 - Malatya Report","robots":{"index":"index","follow":"follow","max-snippet":"max-snippet:-1","max-image-preview":"max-image-preview:large","max-video-preview":"max-video-preview:-1"},"canonical":"https:\/\/malatyareport.com.tr\/index.php\/2026\/08\/04\/yeni-siyasi-dolgu-malzemesi-baskil-kayisisi\/","og_locale":"tr_TR","og_type":"article","og_title":"YEN\u0130 S\u0130YAS\u0130 DOLGU MALZEMES\u0130: BASK\u0130L KAYISISI\u00a0 - Malatya Report","og_description":"Bizim P\u00fct\u00fcrge\u2019nin bir da\u011f k\u00f6y\u00fcnde -argo- isimle ba\u015flayan bir mahallemiz var. \u015eahsen bende ilk \u00f6\u011frendi\u011fimde \u00e7ok tuhaf olmu\u015ftum. Gel zaman git zaman mahalle sakinleri rahats\u0131zl\u0131k&#8230;","og_url":"https:\/\/malatyareport.com.tr\/index.php\/2026\/08\/04\/yeni-siyasi-dolgu-malzemesi-baskil-kayisisi\/","og_site_name":"Malatya Report","article_author":"https:\/\/www.facebook.com\/timurince","article_published_time":"2026-08-04T15:59:21+00:00","article_modified_time":"2026-08-04T16:05:04+00:00","og_image":[{"url":"https:\/\/malatyareport.com.tr\/wp-content\/uploads\/2026\/08\/4CA1FE16-595A-4DFB-A2E6-3F75F327D4CA.jpeg","type":"","width":"","height":""}],"author":"Timur \u0130nce","twitter_card":"summary_large_image","twitter_creator":"@timurince11","twitter_misc":{"Yazan:":"Timur \u0130nce","Tahmini okuma s\u00fcresi":"7 dakika"},"schema":{"@context":"https:\/\/schema.org","@graph":[{"@type":"Article","@id":"https:\/\/malatyareport.com.tr\/index.php\/2026\/08\/04\/yeni-siyasi-dolgu-malzemesi-baskil-kayisisi\/#article","isPartOf":{"@id":"https:\/\/malatyareport.com.tr\/index.php\/2026\/08\/04\/yeni-siyasi-dolgu-malzemesi-baskil-kayisisi\/"},"author":{"name":"Timur \u0130nce","@id":"https:\/\/malatyareport.com.tr\/#\/schema\/person\/93146d94af76b792b58ac78050cc6da7"},"headline":"YEN\u0130 S\u0130YAS\u0130 DOLGU MALZEMES\u0130: BASK\u0130L KAYISISI\u00a0","datePublished":"2026-08-04T15:59:21+00:00","dateModified":"2026-08-04T16:05:04+00:00","mainEntityOfPage":{"@id":"https:\/\/malatyareport.com.tr\/index.php\/2026\/08\/04\/yeni-siyasi-dolgu-malzemesi-baskil-kayisisi\/"},"wordCount":1556,"commentCount":2,"image":{"@id":"https:\/\/malatyareport.com.tr\/index.php\/2026\/08\/04\/yeni-siyasi-dolgu-malzemesi-baskil-kayisisi\/#primaryimage"},"thumbnailUrl":"https:\/\/malatyareport.com.tr\/wp-content\/uploads\/2026\/08\/4CA1FE16-595A-4DFB-A2E6-3F75F327D4CA.jpeg","articleSection":["K\u00f6\u015fe Yaz\u0131lar\u0131"],"inLanguage":"tr","potentialAction":[{"@type":"CommentAction","name":"Comment","target":["https:\/\/malatyareport.com.tr\/index.php\/2026\/08\/04\/yeni-siyasi-dolgu-malzemesi-baskil-kayisisi\/#respond"]}]},{"@type":"WebPage","@id":"https:\/\/malatyareport.com.tr\/index.php\/2026\/08\/04\/yeni-siyasi-dolgu-malzemesi-baskil-kayisisi\/","url":"https:\/\/malatyareport.com.tr\/index.php\/2026\/08\/04\/yeni-siyasi-dolgu-malzemesi-baskil-kayisisi\/","name":"YEN\u0130 S\u0130YAS\u0130 DOLGU MALZEMES\u0130: BASK\u0130L KAYISISI\u00a0 - Malatya Report","isPartOf":{"@id":"https:\/\/malatyareport.com.tr\/#website"},"primaryImageOfPage":{"@id":"https:\/\/malatyareport.com.tr\/index.php\/2026\/08\/04\/yeni-siyasi-dolgu-malzemesi-baskil-kayisisi\/#primaryimage"},"image":{"@id":"https:\/\/malatyareport.com.tr\/index.php\/2026\/08\/04\/yeni-siyasi-dolgu-malzemesi-baskil-kayisisi\/#primaryimage"},"thumbnailUrl":"https:\/\/malatyareport.com.tr\/wp-content\/uploads\/2026\/08\/4CA1FE16-595A-4DFB-A2E6-3F75F327D4CA.jpeg","datePublished":"2026-08-04T15:59:21+00:00","dateModified":"2026-08-04T16:05:04+00:00","author":{"@id":"https:\/\/malatyareport.com.tr\/#\/schema\/person\/93146d94af76b792b58ac78050cc6da7"},"breadcrumb":{"@id":"https:\/\/malatyareport.com.tr\/index.php\/2026\/08\/04\/yeni-siyasi-dolgu-malzemesi-baskil-kayisisi\/#breadcrumb"},"inLanguage":"tr","potentialAction":[{"@type":"ReadAction","target":["https:\/\/malatyareport.com.tr\/index.php\/2026\/08\/04\/yeni-siyasi-dolgu-malzemesi-baskil-kayisisi\/"]}]},{"@type":"ImageObject","inLanguage":"tr","@id":"https:\/\/malatyareport.com.tr\/index.php\/2026\/08\/04\/yeni-siyasi-dolgu-malzemesi-baskil-kayisisi\/#primaryimage","url":"https:\/\/i0.wp.com\/malatyareport.com.tr\/wp-content\/uploads\/2026\/08\/4CA1FE16-595A-4DFB-A2E6-3F75F327D4CA.jpeg?fit=800%2C873&ssl=1","contentUrl":"https:\/\/i0.wp.com\/malatyareport.com.tr\/wp-content\/uploads\/2026\/08\/4CA1FE16-595A-4DFB-A2E6-3F75F327D4CA.jpeg?fit=800%2C873&ssl=1","width":800,"height":873},{"@type":"BreadcrumbList","@id":"https:\/\/malatyareport.com.tr\/index.php\/2026\/08\/04\/yeni-siyasi-dolgu-malzemesi-baskil-kayisisi\/#breadcrumb","itemListElement":[{"@type":"ListItem","position":1,"name":"Anasayfa","item":"https:\/\/malatyareport.com.tr\/"},{"@type":"ListItem","position":2,"name":"YEN\u0130 S\u0130YAS\u0130 DOLGU MALZEMES\u0130: BASK\u0130L KAYISISI\u00a0"}]},{"@type":"WebSite","@id":"https:\/\/malatyareport.com.tr\/#website","url":"https:\/\/malatyareport.com.tr\/","name":"Malatya Report","description":"","potentialAction":[{"@type":"SearchAction","target":{"@type":"EntryPoint","urlTemplate":"https:\/\/malatyareport.com.tr\/?s={search_term_string}"},"query-input":{"@type":"PropertyValueSpecification","valueRequired":true,"valueName":"search_term_string"}}],"inLanguage":"tr"},{"@type":"Person","@id":"https:\/\/malatyareport.com.tr\/#\/schema\/person\/93146d94af76b792b58ac78050cc6da7","name":"Timur \u0130nce","image":{"@type":"ImageObject","inLanguage":"tr","@id":"https:\/\/secure.gravatar.com\/avatar\/e5ce118bd86e5549ff544e7c5b614da198ecaa7f8e9398b55d27ae1f117511d8?s=96&d=mm&r=g","url":"https:\/\/secure.gravatar.com\/avatar\/e5ce118bd86e5549ff544e7c5b614da198ecaa7f8e9398b55d27ae1f117511d8?s=96&d=mm&r=g","contentUrl":"https:\/\/secure.gravatar.com\/avatar\/e5ce118bd86e5549ff544e7c5b614da198ecaa7f8e9398b55d27ae1f117511d8?s=96&d=mm&r=g","caption":"Timur \u0130nce"},"description":"Zaman\u0131n ruhunda bir damla m\u00fcrekkep olmay\u0131 isterdim. Bir damla m\u00fcrekkep bir ulusun kaderini yazmaya yeterlidir.","sameAs":["https:\/\/malatyareport.com.tr","https:\/\/www.facebook.com\/timurince","@timur_ince_t5_","https:\/\/x.com\/@timurince11"],"url":"https:\/\/malatyareport.com.tr\/index.php\/author\/admin_6i9yniox\/"}]}},"jetpack_featured_media_url":"","jetpack_sharing_enabled":true,"_links":{"self":[{"href":"https:\/\/malatyareport.com.tr\/index.php\/wp-json\/wp\/v2\/posts\/1211","targetHints":{"allow":["GET"]}}],"collection":[{"href":"https:\/\/malatyareport.com.tr\/index.php\/wp-json\/wp\/v2\/posts"}],"about":[{"href":"https:\/\/malatyareport.com.tr\/index.php\/wp-json\/wp\/v2\/types\/post"}],"author":[{"embeddable":true,"href":"https:\/\/malatyareport.com.tr\/index.php\/wp-json\/wp\/v2\/users\/1"}],"replies":[{"embeddable":true,"href":"https:\/\/malatyareport.com.tr\/index.php\/wp-json\/wp\/v2\/comments?post=1211"}],"version-history":[{"count":4,"href":"https:\/\/malatyareport.com.tr\/index.php\/wp-json\/wp\/v2\/posts\/1211\/revisions"}],"predecessor-version":[{"id":1217,"href":"https:\/\/malatyareport.com.tr\/index.php\/wp-json\/wp\/v2\/posts\/1211\/revisions\/1217"}],"wp:attachment":[{"href":"https:\/\/malatyareport.com.tr\/index.php\/wp-json\/wp\/v2\/media?parent=1211"}],"wp:term":[{"taxonomy":"category","embeddable":true,"href":"https:\/\/malatyareport.com.tr\/index.php\/wp-json\/wp\/v2\/categories?post=1211"},{"taxonomy":"post_tag","embeddable":true,"href":"https:\/\/malatyareport.com.tr\/index.php\/wp-json\/wp\/v2\/tags?post=1211"}],"curies":[{"name":"wp","href":"https:\/\/api.w.org\/{rel}","templated":true}]}}