{"id":1222,"date":"2026-08-05T21:21:11","date_gmt":"2026-08-05T21:21:11","guid":{"rendered":"https:\/\/malatyareport.com.tr\/?p=1222"},"modified":"2026-08-06T07:44:22","modified_gmt":"2026-08-06T07:44:22","slug":"mtso-secimlerinde-ak-parti-kime-hizmet-ediyor","status":"publish","type":"post","link":"https:\/\/malatyareport.com.tr\/index.php\/2026\/08\/05\/mtso-secimlerinde-ak-parti-kime-hizmet-ediyor\/","title":{"rendered":"MTSO SE\u00c7\u0130MLER\u0130NDE AK PART\u0130 K\u0130ME H\u0130ZMET ED\u0130YOR?"},"content":{"rendered":"\n<figure class=\"wp-block-image size-full\"><img data-recalc-dims=\"1\" loading=\"lazy\" decoding=\"async\" width=\"794\" height=\"885\" src=\"https:\/\/i0.wp.com\/malatyareport.com.tr\/wp-content\/uploads\/2026\/08\/758C6528-BD7A-43BB-B112-45C240B002F0.jpeg?resize=794%2C885&#038;ssl=1\" alt=\"\" class=\"wp-image-1223\" srcset=\"https:\/\/i0.wp.com\/malatyareport.com.tr\/wp-content\/uploads\/2026\/08\/758C6528-BD7A-43BB-B112-45C240B002F0.jpeg?w=794&amp;ssl=1 794w, https:\/\/i0.wp.com\/malatyareport.com.tr\/wp-content\/uploads\/2026\/08\/758C6528-BD7A-43BB-B112-45C240B002F0.jpeg?resize=269%2C300&amp;ssl=1 269w, https:\/\/i0.wp.com\/malatyareport.com.tr\/wp-content\/uploads\/2026\/08\/758C6528-BD7A-43BB-B112-45C240B002F0.jpeg?resize=768%2C856&amp;ssl=1 768w\" sizes=\"auto, (max-width: 794px) 100vw, 794px\" \/><\/figure>\n\n\n\n<p class=\"wp-block-paragraph\">T\u00fcrkiye&#8217;deki ticaret ve sanayi odas\u0131 se\u00e7imleri ola\u011fan olarak&nbsp;<strong>4<\/strong>&nbsp;y\u0131lda bir yap\u0131ld\u0131\u011f\u0131ndan, yeni se\u00e7imlerin&nbsp;<strong>2026<\/strong>&nbsp;y\u0131l\u0131 sonbahar\u0131nda yap\u0131lmas\u0131 beklenmektedir. Net g\u00fcn bilgisi hen\u00fcz resmi olarak duyurulmam\u0131\u015ft\u0131r.<\/p>\n\n\n\n<p class=\"wp-block-paragraph\">Malatya\u2019da&nbsp;<strong>TSO<\/strong>&nbsp;se\u00e7imleri iki (<strong>2<\/strong>) adayla yap\u0131lacak. Mevcut ba\u015fkan&nbsp;<strong>O\u011fuzhan Ata Sad\u0131ko\u011flu<\/strong>&nbsp;ve&nbsp;<strong>Mahmut Boyraz<\/strong>&nbsp;aras\u0131nda ge\u00e7ece\u011fi \u00f6ng\u00f6r\u00fcl\u00fcyor.&nbsp;<\/p>\n\n\n\n<p class=\"wp-block-paragraph\">\u0130ki d\u00f6nemdir&nbsp;<strong>TSO<\/strong>&nbsp;ba\u015fkanl\u0131\u011f\u0131n\u0131 s\u00fcrd\u00fcren Sad\u0131ko\u011flu\u2019nun bir d\u00f6nem daha belki bir \u00e7ok d\u00f6nem daha kalma talebini anlayabiliriz. \u00c7\u00fcnk\u00fc \u015fehrimizde koltuklara oturan bir daha kalkmak nedir bilmedi\u011fi ve hayat\u0131 boyunca orda oturmak istedi\u011fini bir \u00e7ok salt \u00f6rneklerle g\u00f6stermemiz m\u00fcmk\u00fcn.&nbsp;<\/p>\n\n\n\n<p class=\"wp-block-paragraph\">Koltukta kalmaya g\u00fcc\u00fc yeten, kazanan, i\u015fini y\u00fcr\u00fctebilen otursun elbet. Ona bir \u015fey dedi\u011fimiz yok l\u00e2kin daha \u00f6nemli bir kulis bilgisine yer vermek istiyorum sizlere. Asl\u0131nda kulis bilgisi de\u011fil, Malatya\u2019da siyaseti az bilen, ilgilenen, irtibat\u0131 olan herkesin \u00e7ok a\u015fina oldu\u011fu a\u00e7\u0131k bir bilgi. Daha do\u011frusu duymayan bilmeyen kalmam\u0131\u015f.&nbsp;<\/p>\n\n\n\n<p class=\"wp-block-paragraph\">Yani sokaktan siyaseti az ko\u015fturan herhangi birini \u00e7evirin bu bilginin garantilili\u011fi alt\u0131na imzas\u0131n\u0131 atar.&nbsp;<\/p>\n\n\n\n<p class=\"wp-block-paragraph\">Bilgi \u015fu ki;&nbsp;<strong>O\u011fuzhan Ata Sad\u0131ko\u011flu TSO<\/strong>&nbsp;se\u00e7imini ne olursa olsun kazanmas\u0131 gerekti\u011fi y\u00f6n\u00fcnde kritik bir s\u00fcre\u00e7 i\u00e7inde duruyor.&nbsp;&nbsp;Sebebi de ilk Genel se\u00e7imlerde&nbsp;<strong>\u00d6zg\u00fcr \u00d6zel<\/strong>&nbsp;taraf\u0131ndan kurulan&nbsp;<strong>YEN\u0130 PART\u0130<\/strong>\u2019nin 1\u2019ci s\u0131radan \u2018<strong>Malatya milletvekili aday\u0131<\/strong>\u2019 olarak haz\u0131rl\u0131k yapt\u0131\u011f\u0131.&nbsp;<\/p>\n\n\n\n<p class=\"wp-block-paragraph\">Sadece haz\u0131rl\u0131k de\u011fil. T\u00fcm \u00e7al\u0131\u015ftaylar yap\u0131lm\u0131\u015f, gerekli konsens\u00fcsler-prosed\u00fcrler olu\u015fturulmu\u015f, ba\u011flant\u0131lar ve se\u00e7im \u00f6ncesi sonras\u0131 rol payla\u015f\u0131mlar\u0131na kadar her \u015fey tamam.&nbsp;<\/p>\n\n\n\n<p class=\"wp-block-paragraph\"><strong>Veli A\u011fbaba<\/strong>&nbsp;\u0130stanbul\u2019dan adayl\u0131\u011f\u0131n\u0131 koyacak, Sad\u0131ko\u011flu Malatya\u2019n\u0131n yeni veliaht\u0131 olman\u0131n \u00f6n\u00fcn\u00fcn a\u00e7\u0131lmas\u0131 i\u015fte TSO\u2019yu almaktan ge\u00e7iyor.&nbsp;<\/p>\n\n\n\n<p class=\"wp-block-paragraph\">Yeni d\u00f6nemde ba\u015fkan se\u00e7ilemezse bu prod\u00fcksiyon hepsi \u00e7\u00f6kece\u011fi y\u00f6n\u00fcnde.&nbsp;<\/p>\n\n\n\n<p class=\"wp-block-paragraph\">O y\u00fczden TSO al\u0131nmas\u0131n\u0131n alt\u0131nda \u00e7ok ba\u015fka hayati nedenler yat\u0131yor bu kez.&nbsp;<\/p>\n\n\n\n<p class=\"wp-block-paragraph\">Sad\u0131ko\u011flu\u2019nun siyasete at\u0131lmas\u0131 son derece makul bir karar, \u015fimdiden kendilerine ba\u015far\u0131lar diliyoruz. Malatya\u2019m\u0131z i\u00e7in pozitif kararlar alaca\u011f\u0131 y\u00f6n\u00fcnde hi\u00e7 bir \u015f\u00fcphe duymamaktay\u0131z. TSO\u2019da iken hele de deprem de Malatya\u2019y\u0131 ihya etti\u011fi gibi benzer performans\u0131 milletvekilli\u011finde de g\u00f6sterir diye arzu etmek tesellimiz olsun.&nbsp;<\/p>\n\n\n\n<p class=\"wp-block-paragraph\">Her neyse, herkesin i\u00e7inde bulundu\u011fu kulvar\u0131n\u0131 daha da y\u00fckseltmek zaman\u0131n ruhuna ayk\u0131r\u0131 bir sonu\u00e7 de\u011fil. Lakin milletvekilli\u011fi farkl\u0131 \u015fey.&nbsp;<strong>TSO<\/strong>&nbsp;gibi de\u011fil. Oda da belli \u00fcyeler, ba\u011fl\u0131 i\u015f insanlar\u0131 ile ilgili bir mercisin. Milletvekilli\u011finde bir \u015fehrin t\u00fcm n\u00fcfusuna kar\u015f\u0131 daha bask\u0131n bir sorumluluk \u00fcstlenmi\u015f olursun. Ayr\u0131ca milletvekilili\u011fine haz\u0131rlanan t\u00fcm arkada\u015flar bu fark\u0131 \u015fimdiden g\u00f6z \u00f6n\u00fcnde bulundurmalar\u0131n\u0131 tavsiye ediyorum.&nbsp;<\/p>\n\n\n\n<p class=\"wp-block-paragraph\">Buraya kadar her \u015fey tamam, sorun yok, anla\u015f\u0131ld\u0131 de\u011fil mi?&nbsp;<\/p>\n\n\n\n<p class=\"wp-block-paragraph\">Hal b\u00f6yle iken&nbsp;<strong>Mahmut Boyraz&nbsp;<\/strong>cephesine de az de\u011finmekte fayda g\u00f6zetmekteyim.&nbsp;<strong>MTSO<\/strong>&nbsp;aday\u0131 Mahmut Boyraz hakk\u0131nda velhas\u0131l biraz ara\u015ft\u0131rma yapt\u0131m. Ak\u00e7ada\u011fl\u0131, i\u015f insan\u0131 ve sanayici. Bunlar klasik teknik bilgiler. G\u00f6z\u00fcme en \u00e7ok \u00e7arpan veyahut \u00fczerinde durulmas\u0131 gereken ba\u015fka bir b\u00f6l\u00fcm\u00fc irdelemek istiyorum bu yaz\u0131da.&nbsp;<\/p>\n\n\n\n<p class=\"wp-block-paragraph\">Boyraz&nbsp;<strong>Ak Partiye<\/strong>&nbsp;uzun y\u0131llar hizmet g\u00f6stermi\u015f, Malatya\u2019da Ak Parti i\u00e7in elini de\u011fil g\u00f6vdesini ta\u015f\u0131n alt\u0131na koymu\u015f, bir \u00e7ok kademesinden g\u00f6revler \u00fcstlenmi\u015f, halen Ak Partili bir isim.&nbsp;<\/p>\n\n\n\n<p class=\"wp-block-paragraph\">Siyaset d\u00fcnyas\u0131n\u0131n ne denli vefas\u0131z oldu\u011funa at\u0131fta bulunursak e\u011fer;&nbsp;<\/p>\n\n\n\n<p class=\"wp-block-paragraph\">Malatya\u2019daki t\u00fcm Ak Partililer&nbsp;<strong>YEN\u0130 PART\u0130<\/strong>\u2019den&nbsp;<strong>1<\/strong>\u2019ci s\u0131rada milletvekilli\u011fini garantilemi\u015f Sad\u0131ko\u011flu\u2019nu hem destekliyor hem de onun \u015fahs\u0131na m\u00fcnhas\u0131r \u00e7al\u0131\u015f\u0131yorlar.&nbsp;<strong>T\u00fcfenk\u00e7i<\/strong>&nbsp;ile&nbsp;<strong>\u0130hsan ba\u015fkan<\/strong>&nbsp;harici,&nbsp;<strong>\u0130nan\u00e7 Sira\u00e7<\/strong>&nbsp;Han\u0131m da \u015fimdilik tarafs\u0131z bir kategoride,&nbsp;<strong>B\u00fcy\u00fck\u015fehir belediye ba\u015fkan\u0131, \u0130l ba\u015fkanl\u0131\u011f\u0131 Battalgazi il\u00e7e ba\u015fkan\u0131, Ye\u015filyurt il\u00e7e ba\u015fkan\u0131&nbsp;<\/strong>(<em>iki il\u00e7e ba\u015fkan\u0131na 6 kontenjan verilmi\u015f<\/em>)&nbsp;&nbsp;ile di\u011fer alt kademelerde Ak Partili ordusu Sad\u0131ko\u011flu\u2019nun kazanmas\u0131 i\u00e7in adeta seferber olmu\u015flar.&nbsp;<\/p>\n\n\n\n<p class=\"wp-block-paragraph\"><strong>San\u0131rs\u0131n ki ikinci Moha\u00e7\u2019talar.<\/strong>&nbsp;<\/p>\n\n\n\n<p class=\"wp-block-paragraph\">\u0130lgin\u00e7 de\u011fil mi?<\/p>\n\n\n\n<p class=\"wp-block-paragraph\">Ayr\u0131nt\u0131lar\u0131na girmeyece\u011fim, \u015fimdilik gerekte yok. \u0130ller de bu konuyu detayl\u0131 a\u00e7aca\u011f\u0131m zaten. Yaz\u0131m\u0131n uzamas\u0131 taraftar\u0131 de\u011filim \u00e7\u00fcnk\u00fc.\u00a0<\/p>\n\n\n\n<p class=\"wp-block-paragraph\">Yani; <strong>Yeni Parti<\/strong> milletvekili aday\u0131n\u0131 daha g\u00fc\u00e7l\u00fc k\u0131lmak i\u00e7in Ak Partililer kollar\u0131 s\u0131vam\u0131\u015f, senkronize bir g\u00f6rev da\u011f\u0131l\u0131m\u0131 i\u00e7indeler. \u00dcstelik bir Ak Partiliye kar\u015f\u0131. (<em>Burada durup d\u00fc\u015f\u00fcn\u00fcyorum!)<\/em> Hem de \u00f6yle b\u00f6yle de\u011fil, hepsi t\u00fcm kadrolar\u0131yla, yetkileriyle alarmda. Sizce burada bir \u00e7eli\u015fki yok mu? Ben \u015fahsen bir anlam veremiyorum, verebilen varsa \u00e7\u0131ks\u0131n s\u00f6ylesin l\u00fctfen. Ger\u00e7i Ak Partililerin de bir anlam verebildiklerini beklemiyorum.\u00a0<\/p>\n\n\n\n<p class=\"wp-block-paragraph\">Onu bunu bilmem de Ak Parti\u2019nin istihbarat, ara\u015ft\u0131rma, anket g\u00fcc\u00fcn\u00fcn en zirvede, bilakis yeterli oldu\u011funu var sayarsak dilerim bu \u00e7ok stratejik-<strong>\u00f6l\u00fcmc\u00fcl<\/strong>&#8211; alg\u0131 h\u00e2t\u00e2s\u0131 genel merkezin kula\u011f\u0131na gitmez.\u00a0<\/p>\n\n\n\n<p class=\"wp-block-paragraph\">Bak\u0131n burada \u00e7ok derinlemesine ele al\u0131nmas\u0131 gereken siyasi h\u00fck\u00fcm var. Sad\u0131ko\u011flu hen\u00fcz adayl\u0131\u011f\u0131 kesinle\u015fmedi\u011fi i\u00e7in &#8211;<strong>tarafs\u0131z<\/strong>&#8211; olarak kodlanm\u0131\u015f, Ak Parti g\u00fcc\u00fcn\u00fc ortal\u0131\u011fa sa\u00e7\u0131p d\u00f6kmesi normal kar\u015f\u0131lanabilir. Peki yar\u0131n \u00f6b\u00fcr g\u00fcn \u015fartlar olgunla\u015f\u0131r, Sad\u0131ko\u011flu\u00a0<strong>YEN\u0130 PART\u0130<\/strong>\u00a0aday\u0131 olursa, ki olacak, o zaman Ak Partililer olarak tarihe nas\u0131l bir a\u00e7\u0131klama yapacaklar acaba? Ger\u00e7i a\u00e7\u0131klama falan yapmazlar. \u00c7\u00fcnk\u00fc samimiyet meselesi bu i\u015fler. Bug\u00fcn i\u015fte biz diyoruz. A\u00e7\u0131k a\u00e7\u0131k kesin adayd\u0131r. Hem de sizi darmaduman edecek bir oy \u00e7\u0131karacakt\u0131r \u015fehirde. Se\u00e7ime aylar-y\u0131llar kala s\u00f6yl\u00fcyoruz bunu. Bilmem anlatabildim mi? \u201c<strong>Laf\u0131n tamam\u0131 deliye s\u00f6ylenir\u201d<\/strong> derler. <\/p>\n\n\n\n<p class=\"wp-block-paragraph\"><strong>Son dip not:&nbsp;<\/strong>TSO se\u00e7imlerinde \u015fehrimiz i\u00e7in verimli, faydal\u0131, hay\u0131rl\u0131 olan kazans\u0131n demekten ba\u015fka elimizden \u00e7ok \u015fey gelmez.&nbsp;&nbsp;Ama herkes taraf\u0131n\u0131 da l\u00fctfen iyi se\u00e7mesini bilmeli. Ak Partililer ne ara Yeni Partili oldu, ve bir Ak Partiliye de d\u00fc\u015fmanlar \u00fcstelik, akl\u0131m kar\u0131\u015ft\u0131 birden. Hey Allah.&nbsp;&nbsp;\u0130\u015fte&nbsp;<strong>Recep Tayyip Erdo\u011fan<\/strong>&nbsp;davas\u0131n\u0131n yerelde ki unsurlar\u0131 o kadar donan\u0131ms\u0131z, kontrols\u00fcz, siyasette strateji yoksun ki a\u00e7\u0131k\u00e7a Ak Partiyi \u015fehirde tersy\u00fcz hale getirecek giri\u015fimleri taktire \u015fayan.&nbsp;&nbsp;<\/p>\n\n\n\n<p class=\"wp-block-paragraph\"><\/p>\n","protected":false},"excerpt":{"rendered":"<p>T\u00fcrkiye&#8217;deki ticaret ve sanayi odas\u0131 se\u00e7imleri ola\u011fan olarak&nbsp;4&nbsp;y\u0131lda bir yap\u0131ld\u0131\u011f\u0131ndan, yeni se\u00e7imlerin&nbsp;2026&nbsp;y\u0131l\u0131 sonbahar\u0131nda yap\u0131lmas\u0131 beklenmektedir. Net g\u00fcn bilgisi hen\u00fcz resmi olarak duyurulmam\u0131\u015ft\u0131r. Malatya\u2019da&nbsp;TSO&nbsp;se\u00e7imleri iki (2)&#8230;<\/p>\n<div class=\"more-link-wrapper\"><a class=\"more-link\" href=\"https:\/\/malatyareport.com.tr\/index.php\/2026\/08\/05\/mtso-secimlerinde-ak-parti-kime-hizmet-ediyor\/\">Devam\u0131n\u0131 okuyun<span class=\"screen-reader-text\">MTSO SE\u00c7\u0130MLER\u0130NDE AK PART\u0130 K\u0130ME H\u0130ZMET ED\u0130YOR?<\/span><\/a><\/div>\n","protected":false},"author":1,"featured_media":0,"comment_status":"open","ping_status":"open","sticky":false,"template":"","format":"standard","meta":{"_jetpack_memberships_contains_paid_content":false,"footnotes":""},"categories":[5],"tags":[],"class_list":["post-1222","post","type-post","status-publish","format-standard","hentry","category-kose-yazilari","entry"],"yoast_head":"<!-- This site is optimized with the Yoast SEO plugin v28.2 - https:\/\/yoast.com\/product\/yoast-seo-wordpress\/ -->\n<title>MTSO SE\u00c7\u0130MLER\u0130NDE AK PART\u0130 K\u0130ME H\u0130ZMET ED\u0130YOR? - Malatya Report<\/title>\n<meta name=\"robots\" content=\"index, follow, max-snippet:-1, max-image-preview:large, max-video-preview:-1\" \/>\n<link rel=\"canonical\" href=\"https:\/\/malatyareport.com.tr\/index.php\/2026\/08\/05\/mtso-secimlerinde-ak-parti-kime-hizmet-ediyor\/\" \/>\n<meta property=\"og:locale\" content=\"tr_TR\" \/>\n<meta property=\"og:type\" content=\"article\" \/>\n<meta property=\"og:title\" content=\"MTSO SE\u00c7\u0130MLER\u0130NDE AK PART\u0130 K\u0130ME H\u0130ZMET ED\u0130YOR? - Malatya Report\" \/>\n<meta property=\"og:description\" content=\"T\u00fcrkiye&#8217;deki ticaret ve sanayi odas\u0131 se\u00e7imleri ola\u011fan olarak&nbsp;4&nbsp;y\u0131lda bir yap\u0131ld\u0131\u011f\u0131ndan, yeni se\u00e7imlerin&nbsp;2026&nbsp;y\u0131l\u0131 sonbahar\u0131nda yap\u0131lmas\u0131 beklenmektedir. Net g\u00fcn bilgisi hen\u00fcz resmi olarak duyurulmam\u0131\u015ft\u0131r. Malatya\u2019da&nbsp;TSO&nbsp;se\u00e7imleri iki (2)&#8230;\" \/>\n<meta property=\"og:url\" content=\"https:\/\/malatyareport.com.tr\/index.php\/2026\/08\/05\/mtso-secimlerinde-ak-parti-kime-hizmet-ediyor\/\" \/>\n<meta property=\"og:site_name\" content=\"Malatya Report\" \/>\n<meta property=\"article:author\" content=\"https:\/\/www.facebook.com\/timurince\" \/>\n<meta property=\"article:published_time\" content=\"2026-08-05T21:21:11+00:00\" \/>\n<meta property=\"article:modified_time\" content=\"2026-08-06T07:44:22+00:00\" \/>\n<meta property=\"og:image\" content=\"https:\/\/malatyareport.com.tr\/wp-content\/uploads\/2026\/08\/758C6528-BD7A-43BB-B112-45C240B002F0.jpeg\" \/>\n<meta name=\"author\" content=\"Timur \u0130nce\" \/>\n<meta name=\"twitter:card\" content=\"summary_large_image\" \/>\n<meta name=\"twitter:creator\" content=\"@timurince11\" \/>\n<meta name=\"twitter:label1\" content=\"Yazan:\" \/>\n\t<meta name=\"twitter:data1\" content=\"Timur \u0130nce\" \/>\n\t<meta name=\"twitter:label2\" content=\"Tahmini okuma s\u00fcresi\" \/>\n\t<meta name=\"twitter:data2\" content=\"5 dakika\" \/>\n<script type=\"application\/ld+json\" class=\"yoast-schema-graph\">{\"@context\":\"https:\\\/\\\/schema.org\",\"@graph\":[{\"@type\":\"Article\",\"@id\":\"https:\\\/\\\/malatyareport.com.tr\\\/index.php\\\/2026\\\/08\\\/05\\\/mtso-secimlerinde-ak-parti-kime-hizmet-ediyor\\\/#article\",\"isPartOf\":{\"@id\":\"https:\\\/\\\/malatyareport.com.tr\\\/index.php\\\/2026\\\/08\\\/05\\\/mtso-secimlerinde-ak-parti-kime-hizmet-ediyor\\\/\"},\"author\":{\"name\":\"Timur \u0130nce\",\"@id\":\"https:\\\/\\\/malatyareport.com.tr\\\/#\\\/schema\\\/person\\\/93146d94af76b792b58ac78050cc6da7\"},\"headline\":\"MTSO SE\u00c7\u0130MLER\u0130NDE AK PART\u0130 K\u0130ME H\u0130ZMET ED\u0130YOR?\",\"datePublished\":\"2026-08-05T21:21:11+00:00\",\"dateModified\":\"2026-08-06T07:44:22+00:00\",\"mainEntityOfPage\":{\"@id\":\"https:\\\/\\\/malatyareport.com.tr\\\/index.php\\\/2026\\\/08\\\/05\\\/mtso-secimlerinde-ak-parti-kime-hizmet-ediyor\\\/\"},\"wordCount\":1168,\"commentCount\":0,\"image\":{\"@id\":\"https:\\\/\\\/malatyareport.com.tr\\\/index.php\\\/2026\\\/08\\\/05\\\/mtso-secimlerinde-ak-parti-kime-hizmet-ediyor\\\/#primaryimage\"},\"thumbnailUrl\":\"https:\\\/\\\/malatyareport.com.tr\\\/wp-content\\\/uploads\\\/2026\\\/08\\\/758C6528-BD7A-43BB-B112-45C240B002F0.jpeg\",\"articleSection\":[\"K\u00f6\u015fe Yaz\u0131lar\u0131\"],\"inLanguage\":\"tr\",\"potentialAction\":[{\"@type\":\"CommentAction\",\"name\":\"Comment\",\"target\":[\"https:\\\/\\\/malatyareport.com.tr\\\/index.php\\\/2026\\\/08\\\/05\\\/mtso-secimlerinde-ak-parti-kime-hizmet-ediyor\\\/#respond\"]}]},{\"@type\":\"WebPage\",\"@id\":\"https:\\\/\\\/malatyareport.com.tr\\\/index.php\\\/2026\\\/08\\\/05\\\/mtso-secimlerinde-ak-parti-kime-hizmet-ediyor\\\/\",\"url\":\"https:\\\/\\\/malatyareport.com.tr\\\/index.php\\\/2026\\\/08\\\/05\\\/mtso-secimlerinde-ak-parti-kime-hizmet-ediyor\\\/\",\"name\":\"MTSO SE\u00c7\u0130MLER\u0130NDE AK PART\u0130 K\u0130ME H\u0130ZMET ED\u0130YOR? - Malatya Report\",\"isPartOf\":{\"@id\":\"https:\\\/\\\/malatyareport.com.tr\\\/#website\"},\"primaryImageOfPage\":{\"@id\":\"https:\\\/\\\/malatyareport.com.tr\\\/index.php\\\/2026\\\/08\\\/05\\\/mtso-secimlerinde-ak-parti-kime-hizmet-ediyor\\\/#primaryimage\"},\"image\":{\"@id\":\"https:\\\/\\\/malatyareport.com.tr\\\/index.php\\\/2026\\\/08\\\/05\\\/mtso-secimlerinde-ak-parti-kime-hizmet-ediyor\\\/#primaryimage\"},\"thumbnailUrl\":\"https:\\\/\\\/malatyareport.com.tr\\\/wp-content\\\/uploads\\\/2026\\\/08\\\/758C6528-BD7A-43BB-B112-45C240B002F0.jpeg\",\"datePublished\":\"2026-08-05T21:21:11+00:00\",\"dateModified\":\"2026-08-06T07:44:22+00:00\",\"author\":{\"@id\":\"https:\\\/\\\/malatyareport.com.tr\\\/#\\\/schema\\\/person\\\/93146d94af76b792b58ac78050cc6da7\"},\"breadcrumb\":{\"@id\":\"https:\\\/\\\/malatyareport.com.tr\\\/index.php\\\/2026\\\/08\\\/05\\\/mtso-secimlerinde-ak-parti-kime-hizmet-ediyor\\\/#breadcrumb\"},\"inLanguage\":\"tr\",\"potentialAction\":[{\"@type\":\"ReadAction\",\"target\":[\"https:\\\/\\\/malatyareport.com.tr\\\/index.php\\\/2026\\\/08\\\/05\\\/mtso-secimlerinde-ak-parti-kime-hizmet-ediyor\\\/\"]}]},{\"@type\":\"ImageObject\",\"inLanguage\":\"tr\",\"@id\":\"https:\\\/\\\/malatyareport.com.tr\\\/index.php\\\/2026\\\/08\\\/05\\\/mtso-secimlerinde-ak-parti-kime-hizmet-ediyor\\\/#primaryimage\",\"url\":\"https:\\\/\\\/i0.wp.com\\\/malatyareport.com.tr\\\/wp-content\\\/uploads\\\/2026\\\/08\\\/758C6528-BD7A-43BB-B112-45C240B002F0.jpeg?fit=794%2C885&ssl=1\",\"contentUrl\":\"https:\\\/\\\/i0.wp.com\\\/malatyareport.com.tr\\\/wp-content\\\/uploads\\\/2026\\\/08\\\/758C6528-BD7A-43BB-B112-45C240B002F0.jpeg?fit=794%2C885&ssl=1\",\"width\":794,\"height\":885},{\"@type\":\"BreadcrumbList\",\"@id\":\"https:\\\/\\\/malatyareport.com.tr\\\/index.php\\\/2026\\\/08\\\/05\\\/mtso-secimlerinde-ak-parti-kime-hizmet-ediyor\\\/#breadcrumb\",\"itemListElement\":[{\"@type\":\"ListItem\",\"position\":1,\"name\":\"Anasayfa\",\"item\":\"https:\\\/\\\/malatyareport.com.tr\\\/\"},{\"@type\":\"ListItem\",\"position\":2,\"name\":\"MTSO SE\u00c7\u0130MLER\u0130NDE AK PART\u0130 K\u0130ME H\u0130ZMET ED\u0130YOR?\"}]},{\"@type\":\"WebSite\",\"@id\":\"https:\\\/\\\/malatyareport.com.tr\\\/#website\",\"url\":\"https:\\\/\\\/malatyareport.com.tr\\\/\",\"name\":\"Malatya Report\",\"description\":\"\",\"potentialAction\":[{\"@type\":\"SearchAction\",\"target\":{\"@type\":\"EntryPoint\",\"urlTemplate\":\"https:\\\/\\\/malatyareport.com.tr\\\/?s={search_term_string}\"},\"query-input\":{\"@type\":\"PropertyValueSpecification\",\"valueRequired\":true,\"valueName\":\"search_term_string\"}}],\"inLanguage\":\"tr\"},{\"@type\":\"Person\",\"@id\":\"https:\\\/\\\/malatyareport.com.tr\\\/#\\\/schema\\\/person\\\/93146d94af76b792b58ac78050cc6da7\",\"name\":\"Timur \u0130nce\",\"image\":{\"@type\":\"ImageObject\",\"inLanguage\":\"tr\",\"@id\":\"https:\\\/\\\/secure.gravatar.com\\\/avatar\\\/e5ce118bd86e5549ff544e7c5b614da198ecaa7f8e9398b55d27ae1f117511d8?s=96&d=mm&r=g\",\"url\":\"https:\\\/\\\/secure.gravatar.com\\\/avatar\\\/e5ce118bd86e5549ff544e7c5b614da198ecaa7f8e9398b55d27ae1f117511d8?s=96&d=mm&r=g\",\"contentUrl\":\"https:\\\/\\\/secure.gravatar.com\\\/avatar\\\/e5ce118bd86e5549ff544e7c5b614da198ecaa7f8e9398b55d27ae1f117511d8?s=96&d=mm&r=g\",\"caption\":\"Timur \u0130nce\"},\"description\":\"Zaman\u0131n ruhunda bir damla m\u00fcrekkep olmay\u0131 isterdim. Bir damla m\u00fcrekkep bir ulusun kaderini yazmaya yeterlidir.\",\"sameAs\":[\"https:\\\/\\\/malatyareport.com.tr\",\"https:\\\/\\\/www.facebook.com\\\/timurince\",\"@timur_ince_t5_\",\"https:\\\/\\\/x.com\\\/@timurince11\"],\"url\":\"https:\\\/\\\/malatyareport.com.tr\\\/index.php\\\/author\\\/admin_6i9yniox\\\/\"}]}<\/script>\n<!-- \/ Yoast SEO plugin. -->","yoast_head_json":{"title":"MTSO SE\u00c7\u0130MLER\u0130NDE AK PART\u0130 K\u0130ME H\u0130ZMET ED\u0130YOR? - Malatya Report","robots":{"index":"index","follow":"follow","max-snippet":"max-snippet:-1","max-image-preview":"max-image-preview:large","max-video-preview":"max-video-preview:-1"},"canonical":"https:\/\/malatyareport.com.tr\/index.php\/2026\/08\/05\/mtso-secimlerinde-ak-parti-kime-hizmet-ediyor\/","og_locale":"tr_TR","og_type":"article","og_title":"MTSO SE\u00c7\u0130MLER\u0130NDE AK PART\u0130 K\u0130ME H\u0130ZMET ED\u0130YOR? - Malatya Report","og_description":"T\u00fcrkiye&#8217;deki ticaret ve sanayi odas\u0131 se\u00e7imleri ola\u011fan olarak&nbsp;4&nbsp;y\u0131lda bir yap\u0131ld\u0131\u011f\u0131ndan, yeni se\u00e7imlerin&nbsp;2026&nbsp;y\u0131l\u0131 sonbahar\u0131nda yap\u0131lmas\u0131 beklenmektedir. Net g\u00fcn bilgisi hen\u00fcz resmi olarak duyurulmam\u0131\u015ft\u0131r. Malatya\u2019da&nbsp;TSO&nbsp;se\u00e7imleri iki (2)&#8230;","og_url":"https:\/\/malatyareport.com.tr\/index.php\/2026\/08\/05\/mtso-secimlerinde-ak-parti-kime-hizmet-ediyor\/","og_site_name":"Malatya Report","article_author":"https:\/\/www.facebook.com\/timurince","article_published_time":"2026-08-05T21:21:11+00:00","article_modified_time":"2026-08-06T07:44:22+00:00","og_image":[{"url":"https:\/\/malatyareport.com.tr\/wp-content\/uploads\/2026\/08\/758C6528-BD7A-43BB-B112-45C240B002F0.jpeg","type":"","width":"","height":""}],"author":"Timur \u0130nce","twitter_card":"summary_large_image","twitter_creator":"@timurince11","twitter_misc":{"Yazan:":"Timur \u0130nce","Tahmini okuma s\u00fcresi":"5 dakika"},"schema":{"@context":"https:\/\/schema.org","@graph":[{"@type":"Article","@id":"https:\/\/malatyareport.com.tr\/index.php\/2026\/08\/05\/mtso-secimlerinde-ak-parti-kime-hizmet-ediyor\/#article","isPartOf":{"@id":"https:\/\/malatyareport.com.tr\/index.php\/2026\/08\/05\/mtso-secimlerinde-ak-parti-kime-hizmet-ediyor\/"},"author":{"name":"Timur \u0130nce","@id":"https:\/\/malatyareport.com.tr\/#\/schema\/person\/93146d94af76b792b58ac78050cc6da7"},"headline":"MTSO SE\u00c7\u0130MLER\u0130NDE AK PART\u0130 K\u0130ME H\u0130ZMET ED\u0130YOR?","datePublished":"2026-08-05T21:21:11+00:00","dateModified":"2026-08-06T07:44:22+00:00","mainEntityOfPage":{"@id":"https:\/\/malatyareport.com.tr\/index.php\/2026\/08\/05\/mtso-secimlerinde-ak-parti-kime-hizmet-ediyor\/"},"wordCount":1168,"commentCount":0,"image":{"@id":"https:\/\/malatyareport.com.tr\/index.php\/2026\/08\/05\/mtso-secimlerinde-ak-parti-kime-hizmet-ediyor\/#primaryimage"},"thumbnailUrl":"https:\/\/malatyareport.com.tr\/wp-content\/uploads\/2026\/08\/758C6528-BD7A-43BB-B112-45C240B002F0.jpeg","articleSection":["K\u00f6\u015fe Yaz\u0131lar\u0131"],"inLanguage":"tr","potentialAction":[{"@type":"CommentAction","name":"Comment","target":["https:\/\/malatyareport.com.tr\/index.php\/2026\/08\/05\/mtso-secimlerinde-ak-parti-kime-hizmet-ediyor\/#respond"]}]},{"@type":"WebPage","@id":"https:\/\/malatyareport.com.tr\/index.php\/2026\/08\/05\/mtso-secimlerinde-ak-parti-kime-hizmet-ediyor\/","url":"https:\/\/malatyareport.com.tr\/index.php\/2026\/08\/05\/mtso-secimlerinde-ak-parti-kime-hizmet-ediyor\/","name":"MTSO SE\u00c7\u0130MLER\u0130NDE AK PART\u0130 K\u0130ME H\u0130ZMET ED\u0130YOR? - Malatya Report","isPartOf":{"@id":"https:\/\/malatyareport.com.tr\/#website"},"primaryImageOfPage":{"@id":"https:\/\/malatyareport.com.tr\/index.php\/2026\/08\/05\/mtso-secimlerinde-ak-parti-kime-hizmet-ediyor\/#primaryimage"},"image":{"@id":"https:\/\/malatyareport.com.tr\/index.php\/2026\/08\/05\/mtso-secimlerinde-ak-parti-kime-hizmet-ediyor\/#primaryimage"},"thumbnailUrl":"https:\/\/malatyareport.com.tr\/wp-content\/uploads\/2026\/08\/758C6528-BD7A-43BB-B112-45C240B002F0.jpeg","datePublished":"2026-08-05T21:21:11+00:00","dateModified":"2026-08-06T07:44:22+00:00","author":{"@id":"https:\/\/malatyareport.com.tr\/#\/schema\/person\/93146d94af76b792b58ac78050cc6da7"},"breadcrumb":{"@id":"https:\/\/malatyareport.com.tr\/index.php\/2026\/08\/05\/mtso-secimlerinde-ak-parti-kime-hizmet-ediyor\/#breadcrumb"},"inLanguage":"tr","potentialAction":[{"@type":"ReadAction","target":["https:\/\/malatyareport.com.tr\/index.php\/2026\/08\/05\/mtso-secimlerinde-ak-parti-kime-hizmet-ediyor\/"]}]},{"@type":"ImageObject","inLanguage":"tr","@id":"https:\/\/malatyareport.com.tr\/index.php\/2026\/08\/05\/mtso-secimlerinde-ak-parti-kime-hizmet-ediyor\/#primaryimage","url":"https:\/\/i0.wp.com\/malatyareport.com.tr\/wp-content\/uploads\/2026\/08\/758C6528-BD7A-43BB-B112-45C240B002F0.jpeg?fit=794%2C885&ssl=1","contentUrl":"https:\/\/i0.wp.com\/malatyareport.com.tr\/wp-content\/uploads\/2026\/08\/758C6528-BD7A-43BB-B112-45C240B002F0.jpeg?fit=794%2C885&ssl=1","width":794,"height":885},{"@type":"BreadcrumbList","@id":"https:\/\/malatyareport.com.tr\/index.php\/2026\/08\/05\/mtso-secimlerinde-ak-parti-kime-hizmet-ediyor\/#breadcrumb","itemListElement":[{"@type":"ListItem","position":1,"name":"Anasayfa","item":"https:\/\/malatyareport.com.tr\/"},{"@type":"ListItem","position":2,"name":"MTSO SE\u00c7\u0130MLER\u0130NDE AK PART\u0130 K\u0130ME H\u0130ZMET ED\u0130YOR?"}]},{"@type":"WebSite","@id":"https:\/\/malatyareport.com.tr\/#website","url":"https:\/\/malatyareport.com.tr\/","name":"Malatya Report","description":"","potentialAction":[{"@type":"SearchAction","target":{"@type":"EntryPoint","urlTemplate":"https:\/\/malatyareport.com.tr\/?s={search_term_string}"},"query-input":{"@type":"PropertyValueSpecification","valueRequired":true,"valueName":"search_term_string"}}],"inLanguage":"tr"},{"@type":"Person","@id":"https:\/\/malatyareport.com.tr\/#\/schema\/person\/93146d94af76b792b58ac78050cc6da7","name":"Timur \u0130nce","image":{"@type":"ImageObject","inLanguage":"tr","@id":"https:\/\/secure.gravatar.com\/avatar\/e5ce118bd86e5549ff544e7c5b614da198ecaa7f8e9398b55d27ae1f117511d8?s=96&d=mm&r=g","url":"https:\/\/secure.gravatar.com\/avatar\/e5ce118bd86e5549ff544e7c5b614da198ecaa7f8e9398b55d27ae1f117511d8?s=96&d=mm&r=g","contentUrl":"https:\/\/secure.gravatar.com\/avatar\/e5ce118bd86e5549ff544e7c5b614da198ecaa7f8e9398b55d27ae1f117511d8?s=96&d=mm&r=g","caption":"Timur \u0130nce"},"description":"Zaman\u0131n ruhunda bir damla m\u00fcrekkep olmay\u0131 isterdim. Bir damla m\u00fcrekkep bir ulusun kaderini yazmaya yeterlidir.","sameAs":["https:\/\/malatyareport.com.tr","https:\/\/www.facebook.com\/timurince","@timur_ince_t5_","https:\/\/x.com\/@timurince11"],"url":"https:\/\/malatyareport.com.tr\/index.php\/author\/admin_6i9yniox\/"}]}},"jetpack_featured_media_url":"","jetpack_sharing_enabled":true,"_links":{"self":[{"href":"https:\/\/malatyareport.com.tr\/index.php\/wp-json\/wp\/v2\/posts\/1222","targetHints":{"allow":["GET"]}}],"collection":[{"href":"https:\/\/malatyareport.com.tr\/index.php\/wp-json\/wp\/v2\/posts"}],"about":[{"href":"https:\/\/malatyareport.com.tr\/index.php\/wp-json\/wp\/v2\/types\/post"}],"author":[{"embeddable":true,"href":"https:\/\/malatyareport.com.tr\/index.php\/wp-json\/wp\/v2\/users\/1"}],"replies":[{"embeddable":true,"href":"https:\/\/malatyareport.com.tr\/index.php\/wp-json\/wp\/v2\/comments?post=1222"}],"version-history":[{"count":2,"href":"https:\/\/malatyareport.com.tr\/index.php\/wp-json\/wp\/v2\/posts\/1222\/revisions"}],"predecessor-version":[{"id":1226,"href":"https:\/\/malatyareport.com.tr\/index.php\/wp-json\/wp\/v2\/posts\/1222\/revisions\/1226"}],"wp:attachment":[{"href":"https:\/\/malatyareport.com.tr\/index.php\/wp-json\/wp\/v2\/media?parent=1222"}],"wp:term":[{"taxonomy":"category","embeddable":true,"href":"https:\/\/malatyareport.com.tr\/index.php\/wp-json\/wp\/v2\/categories?post=1222"},{"taxonomy":"post_tag","embeddable":true,"href":"https:\/\/malatyareport.com.tr\/index.php\/wp-json\/wp\/v2\/tags?post=1222"}],"curies":[{"name":"wp","href":"https:\/\/api.w.org\/{rel}","templated":true}]}}