{"id":130,"date":"2025-05-19T03:50:51","date_gmt":"2025-05-19T03:50:51","guid":{"rendered":"https:\/\/malatyareport.com.tr\/?p=130"},"modified":"2025-05-19T03:50:53","modified_gmt":"2025-05-19T03:50:53","slug":"kurtler-ile-baris-gerceklik-mi-illuzyon-mu","status":"publish","type":"post","link":"https:\/\/malatyareport.com.tr\/index.php\/2025\/05\/19\/kurtler-ile-baris-gerceklik-mi-illuzyon-mu\/","title":{"rendered":"K\u00fcrtler ile Bar\u0131\u015f Ger\u00e7eklik mi, \u0130ll\u00fczyon mu?"},"content":{"rendered":"\n<figure class=\"wp-block-image size-full\"><img data-recalc-dims=\"1\" loading=\"lazy\" decoding=\"async\" width=\"739\" height=\"415\" src=\"https:\/\/i0.wp.com\/malatyareport.com.tr\/wp-content\/uploads\/2025\/05\/04A82576-E9F4-40B7-B2A8-D6F0D581F942.jpeg?resize=739%2C415&#038;ssl=1\" alt=\"\" class=\"wp-image-131\" srcset=\"https:\/\/i0.wp.com\/malatyareport.com.tr\/wp-content\/uploads\/2025\/05\/04A82576-E9F4-40B7-B2A8-D6F0D581F942.jpeg?w=739&amp;ssl=1 739w, https:\/\/i0.wp.com\/malatyareport.com.tr\/wp-content\/uploads\/2025\/05\/04A82576-E9F4-40B7-B2A8-D6F0D581F942.jpeg?resize=300%2C168&amp;ssl=1 300w\" sizes=\"auto, (max-width: 739px) 100vw, 739px\" \/><\/figure>\n\n\n\n<p class=\"wp-block-paragraph\">PKK ve sol hareketler \u00fczerinden T\u00fcrkiye\u2019de son 50 y\u0131ld\u0131r ya\u015fanan m\u00fccadelelerin bir merkezden y\u00f6netilen bir senaryo olabilece\u011fi iddias\u0131, zaman zaman farkl\u0131 \u00e7evrelerce dile getirilmi\u015ftir. Bu t\u00fcr d\u00fc\u015f\u00fcncelerin \u00e7\u0131k\u0131\u015f noktas\u0131, olaylar\u0131n g\u00f6r\u00fcn\u00fcrdeki mant\u0131ksal tutars\u0131zl\u0131klar\u0131 ve \u201ckim kime hizmet ediyor?\u201d sorusuna verilen \u00e7eli\u015fkili yan\u0131tlard\u0131r.<\/p>\n\n\n\n<p class=\"wp-block-paragraph\">Ancak bu m\u00fccadelelerin tamamen bir \u201cill\u00fczyon\u201d ya da \u201csenaryo\u201d oldu\u011fu iddias\u0131, komplocu bir bak\u0131\u015f a\u00e7\u0131s\u0131na kayma riski ta\u015f\u0131r. Ger\u00e7ek hayatta, \u00e7o\u011fu zaman hem devlet hem \u00f6rg\u00fctler kendi i\u00e7 dinamikleriyle, tarihi, sosyolojik ve uluslararas\u0131 geli\u015fmelere g\u00f6re hareket ederler. Fakat bu; devletlerin veya ba\u015fka akt\u00f6rlerin, bu \u00e7at\u0131\u015fmalar\u0131 manip\u00fcle etmedi\u011fi anlam\u0131na gelmez. Devletler, krizleri y\u00f6nlendirir, kullan\u0131r, hatta bazen \u00fcretir.<\/p>\n\n\n\n<ol start=\"2\" class=\"wp-block-list\">\n<li><strong><mark style=\"background-color:rgba(0, 0, 0, 0)\" class=\"has-inline-color has-vivid-cyan-blue-color\">Apo Devletin Adam\u0131 m\u0131yd\u0131?<\/mark><\/strong><\/li>\n<\/ol>\n\n\n\n<p class=\"wp-block-paragraph\">Abdullah \u00d6calan\u2019\u0131n devletle ili\u015fkili oldu\u011fu iddialar\u0131 \u00e7ok uzun y\u0131llard\u0131r dile getirilmekte. \u00d6calan\u2019\u0131n 1970\u2019lerde \u00fcniversite gen\u00e7li\u011fi i\u00e7inden \u00e7\u0131k\u0131\u015f\u0131, tutukland\u0131\u011f\u0131 halde k\u0131sa s\u00fcrede serbest kal\u0131\u015f\u0131, sonras\u0131nda Suriye\u2019ye ge\u00e7i\u015fi, Bekaa Vadisi\u2019nde rahat \u00f6rg\u00fctlenme kurmas\u0131 ve 1999\u2019da Kenya\u2019da yakalan\u0131p T\u00fcrkiye\u2019ye teslim edilmesi gibi olaylar bu t\u00fcr teorilere zemin haz\u0131rlam\u0131\u015ft\u0131r.<\/p>\n\n\n\n<p class=\"wp-block-paragraph\">Ancak burada ayr\u0131m\u0131 iyi yapmak gerekir:<br>\u2022 Manip\u00fclasyon ba\u015fka \u015feydir, \u00f6rg\u00fct\u00fcn devlet kontrol\u00fcnde olmas\u0131 ba\u015fka.<br>\u2022 Devlet, \u00e7o\u011fu zaman \u00f6rg\u00fctlerin i\u00e7ine s\u0131zar, onlar\u0131 b\u00f6lmeye \u00e7al\u0131\u015f\u0131r, y\u00f6nlendirme yapar. Bu, g\u00fcvenlik stratejisidir.<br>\u2022 \u00d6calan\u2019\u0131n tutumu 1990\u2019lardan itibaren ideolojik bir d\u00f6n\u00fc\u015f\u00fcm ge\u00e7irmi\u015ftir; \u00f6nce ba\u011f\u0131ms\u0131zl\u0131k, sonra federasyon, ard\u0131ndan \u201cdemokratik \u00f6zerklik\u201d fikrine evrilmi\u015ftir. Bu da \u00f6rg\u00fct i\u00e7inde \u00e7at\u0131\u015fmalar yaratm\u0131\u015ft\u0131r.<\/p>\n\n\n\n<ol start=\"3\" class=\"wp-block-list\">\n<li><strong><mark style=\"background-color:rgba(0, 0, 0, 0)\" class=\"has-inline-color has-vivid-cyan-blue-color\">Tarihteki \u015e\u00fcpheli Olaylar: Mahir \u00c7ayan, Mahsum Korkmaz, DDKO K\u00fcr\u015fat vb.<\/mark><\/strong><\/li>\n<\/ol>\n\n\n\n<p class=\"wp-block-paragraph\">Bu t\u00fcr olaylar \u00fczerine \u00e7ok say\u0131da iddia var. Fakat ar\u015fivlerin, istihbarat raporlar\u0131n\u0131n ve tan\u0131kl\u0131klar\u0131n eksikli\u011fi bu sorular\u0131n net cevab\u0131n\u0131 engelliyor. Bu ki\u015filer ya suikasta u\u011frad\u0131lar ya da i\u00e7eriden ihanet g\u00f6rd\u00fcler. Ancak \u015funu unutmamak gerekir:<br>\u2022 1970-80\u2019ler T\u00fcrkiye\u2019si, So\u011fuk Sava\u015f\u2019\u0131n ta\u015feron sava\u015f alanlar\u0131ndan biriydi.<br>\u2022 Devlet i\u00e7indeki fraksiyonlar, NATO, CIA, Sovyet ba\u011flant\u0131l\u0131 gruplar, \u0130ran istihbarat\u0131, Suriye rejimi gibi d\u0131\u015f akt\u00f6rlerin hepsi T\u00fcrkiye\u2019deki sol, sa\u011f ve etnik hareketleri bir \u015fekilde kulland\u0131.<\/p>\n\n\n\n<ol start=\"4\" class=\"wp-block-list\">\n<li><strong><mark style=\"background-color:rgba(0, 0, 0, 0)\" class=\"has-inline-color has-vivid-cyan-blue-color\">PKK\u2019n\u0131n Evrensel Bir Platforma Ta\u015f\u0131nmas\u0131<\/mark><\/strong><\/li>\n<\/ol>\n\n\n\n<p class=\"wp-block-paragraph\">PKK, 1990\u2019l\u0131 y\u0131llarda ve \u00f6zellikle 2000 sonras\u0131 Avrupa sol \u00e7evrelerinde \u201cetno-marksist\u201d bir m\u00fccadele \u00f6rne\u011fi olarak lanse edildi. Feminist s\u00f6ylem, ekoloji vurgusu, \u201cdemokratik konfederalizm\u201d gibi kavramlar bu alg\u0131y\u0131 g\u00fc\u00e7lendirdi. Bu s\u00fcre\u00e7te:<br>\u2022 Avrupa\u2019da legal siyasi yap\u0131lar olu\u015fturuldu.<br>\u2022 Ortado\u011fu\u2019da, \u00f6zellikle Suriye\u2019de (Rojava) olu\u015fan otorite bo\u015flu\u011funda alan buldu.<br>\u2022 ABD ve Bat\u0131\u2019n\u0131n Suriye politikas\u0131, PKK\u2019n\u0131n uzant\u0131s\u0131 olarak g\u00f6r\u00fclen YPG\/PYD\u2019yi bir akt\u00f6r haline getirdi.<\/p>\n\n\n\n<p class=\"wp-block-paragraph\">Bu, PKK\u2019n\u0131n klasik \u201cda\u011f kadrosu\u201d profilinden \u00e7\u0131k\u0131p uluslararas\u0131 me\u015fruiyet kazanma stratejisidir.<\/p>\n\n\n\n<ol start=\"5\" class=\"wp-block-list\">\n<li><strong><mark style=\"background-color:rgba(0, 0, 0, 0)\" class=\"has-inline-color has-vivid-cyan-blue-color\">Selahattin Demirta\u015f ve \u0130mral\u0131 \u0130radesi<\/mark><\/strong><\/li>\n<\/ol>\n\n\n\n<p class=\"wp-block-paragraph\">Demirta\u015f\u2019\u0131n y\u00fckseli\u015fi ve HDP\u2019nin kitleselle\u015fmesi, PKK\u2019n\u0131n baz\u0131 \u00e7izgileriyle ters d\u00fc\u015fmeye ba\u015flad\u0131. Bu da \u201ctasfiye\u201d s\u00fcreci olarak yorumland\u0131. \u00d6calan\u2019\u0131n zaman zaman \u201cdevre d\u0131\u015f\u0131\u201d b\u0131rak\u0131ld\u0131\u011f\u0131, sonra tekrar \u201cdengelendi\u011fi\u201d d\u00f6nemler olmu\u015ftur. \u00d6calan, bir d\u00f6nem hem \u00f6rg\u00fct hem devlet nezdinde \u201cdenge unsuru\u201d olarak tutulmu\u015ftur.<\/p>\n\n\n\n<ol start=\"6\" class=\"wp-block-list\">\n<li><strong><mark style=\"background-color:rgba(0, 0, 0, 0)\" class=\"has-inline-color has-vivid-cyan-blue-color\">K\u00fcrt Devleti Kurulabilir mi?<\/mark><\/strong><\/li>\n<\/ol>\n\n\n\n<p class=\"wp-block-paragraph\">Bu sorunun cevab\u0131 hem co\u011frafi hem de sosyolojik a\u00e7\u0131dan zordur:<br>\u2022 Co\u011frafya: K\u00fcrtlerin ya\u015fad\u0131\u011f\u0131 b\u00f6lgeler heterojendir. K\u00fcrtlerin ya\u015fad\u0131\u011f\u0131 yerlerde Araplar, T\u00fcrkler, T\u00fcrkmenler, Asuriler, Ermeniler de vard\u0131r.<br>\u2022 Uluslararas\u0131 Denge: T\u00fcrkiye, \u0130ran, Irak ve Suriye gibi 4 devletin toprak b\u00fct\u00fcnl\u00fc\u011f\u00fc \u00fczerinde etkili olacak bir K\u00fcrt devleti, bu \u00fclkelerce asla kabul edilmeyecektir.<br>\u2022 \u0130\u00e7 \u0130rade: K\u00fcrtler i\u00e7inde de birle\u015fik bir yap\u0131 yoktur. KDP, PKK, YNK, PYD gibi yap\u0131lar\u0131n farkl\u0131 politikalar\u0131 vard\u0131r.<br>\u2022 \u0130syan D\u00f6ng\u00fcs\u00fc Riski: E\u011fer homojen olmayan bir b\u00f6lgede etnik esasl\u0131 bir devlet kurulursa, bu di\u011fer halklarda da isyan\u0131 tetikleyebilir.<\/p>\n\n\n\n<ol start=\"7\" class=\"wp-block-list\">\n<li><strong><mark style=\"background-color:rgba(0, 0, 0, 0)\" class=\"has-inline-color has-vivid-cyan-blue-color\">\u0130deoloji Ger\u00e7ekle\u015fmediyse, Masaya Konmal\u0131 m\u0131?<\/mark><\/strong><\/li>\n<\/ol>\n\n\n\n<p class=\"wp-block-paragraph\">Evet. 50 y\u0131ld\u0131r s\u00fcren m\u00fccadeleler, e\u011fer bir sonuca ula\u015fmad\u0131ysa, ideolojinin do\u011frulu\u011fu veya uygulanabilirli\u011fi yeniden sorgulanmal\u0131d\u0131r. Bir ideoloji u\u011fruna binlerce insan \u00f6l\u00fcyorsa, ama toplumda bir de\u011fi\u015fim yaratam\u0131yorsa, bu ideolojinin ya ara\u00e7lar\u0131 ya da \u00f6z\u00fc sorgulanmal\u0131d\u0131r.<\/p>\n\n\n\n<ol start=\"8\" class=\"wp-block-list\">\n<li><strong><mark style=\"background-color:rgba(0, 0, 0, 0)\" class=\"has-inline-color has-vivid-cyan-blue-color\">B\u00fcy\u00fck Resim:<\/mark><\/strong><\/li>\n<\/ol>\n\n\n\n<p class=\"wp-block-paragraph\">\u015eunu g\u00f6z \u00f6n\u00fcne almal\u0131y\u0131z:<br>\u2022 Bu t\u00fcr etnik ve ideolojik \u00e7at\u0131\u015fmalar, yaln\u0131zca i\u00e7 dinamiklerle de\u011fil, jeopolitik oyunlarla \u015fekillenir.<br>\u2022 So\u011fuk Sava\u015f sonras\u0131 d\u00fcnya yeniden \u015fekilleniyor. K\u00fcrt meselesi de bu d\u00f6n\u00fc\u015f\u00fcmde yeniden konumland\u0131r\u0131lmak isteniyor.<br>\u2022 Ortado\u011fu\u2019daki enerji hatlar\u0131, n\u00fcfus yap\u0131lar\u0131, ABD-\u00c7in-Rusya rekabeti, T\u00fcrkiye\u2019nin eksen aray\u0131\u015flar\u0131 gibi etkenler \u201cyerel g\u00f6r\u00fcnen\u201d her \u00e7at\u0131\u015fmay\u0131 k\u00fcresel bir stratejinin par\u00e7as\u0131 haline getiriyor.<\/p>\n\n\n\n<p class=\"wp-block-paragraph\">PKK ve benzeri hareketlerin k\u00f6keni ger\u00e7ek bir toplumsal talepten \u00e7\u0131km\u0131\u015f olabilir. Ancak bu hareketlerin evrimi, hem i\u00e7 fakt\u00f6rler hem de uluslararas\u0131 manip\u00fclasyonlarla \u015fekillenmi\u015ftir. Bug\u00fcn gelinen noktada, ger\u00e7ek bir \u00e7\u00f6z\u00fcm isteniyorsa, romantik devrim s\u00f6ylemiyle de\u011fil, sosyal ger\u00e7eklik, hukuk ve toplumsal mutabakat temelinde bir masa kurulmal\u0131d\u0131r.<\/p>\n","protected":false},"excerpt":{"rendered":"<p>PKK ve sol hareketler \u00fczerinden T\u00fcrkiye\u2019de son 50 y\u0131ld\u0131r ya\u015fanan m\u00fccadelelerin bir merkezden y\u00f6netilen bir senaryo olabilece\u011fi iddias\u0131, zaman zaman farkl\u0131 \u00e7evrelerce dile getirilmi\u015ftir. Bu&#8230;<\/p>\n<div class=\"more-link-wrapper\"><a class=\"more-link\" href=\"https:\/\/malatyareport.com.tr\/index.php\/2025\/05\/19\/kurtler-ile-baris-gerceklik-mi-illuzyon-mu\/\">Devam\u0131n\u0131 okuyun<span class=\"screen-reader-text\">K\u00fcrtler ile Bar\u0131\u015f Ger\u00e7eklik mi, \u0130ll\u00fczyon mu?<\/span><\/a><\/div>\n","protected":false},"author":1,"featured_media":0,"comment_status":"open","ping_status":"open","sticky":false,"template":"","format":"standard","meta":{"_jetpack_memberships_contains_paid_content":false,"footnotes":""},"categories":[5],"tags":[8],"class_list":["post-130","post","type-post","status-publish","format-standard","hentry","category-kose-yazilari","tag-malatya-siyaset-timurince","entry"],"yoast_head":"<!-- This site is optimized with the Yoast SEO plugin v28.2 - https:\/\/yoast.com\/product\/yoast-seo-wordpress\/ -->\n<title>K\u00fcrtler ile Bar\u0131\u015f Ger\u00e7eklik mi, \u0130ll\u00fczyon mu? - Malatya Report<\/title>\n<meta name=\"robots\" content=\"index, follow, max-snippet:-1, max-image-preview:large, max-video-preview:-1\" \/>\n<link rel=\"canonical\" href=\"https:\/\/malatyareport.com.tr\/index.php\/2025\/05\/19\/kurtler-ile-baris-gerceklik-mi-illuzyon-mu\/\" \/>\n<meta property=\"og:locale\" content=\"tr_TR\" \/>\n<meta property=\"og:type\" content=\"article\" \/>\n<meta property=\"og:title\" content=\"K\u00fcrtler ile Bar\u0131\u015f Ger\u00e7eklik mi, \u0130ll\u00fczyon mu? - Malatya Report\" \/>\n<meta property=\"og:description\" content=\"PKK ve sol hareketler \u00fczerinden T\u00fcrkiye\u2019de son 50 y\u0131ld\u0131r ya\u015fanan m\u00fccadelelerin bir merkezden y\u00f6netilen bir senaryo olabilece\u011fi iddias\u0131, zaman zaman farkl\u0131 \u00e7evrelerce dile getirilmi\u015ftir. Bu&#8230;\" \/>\n<meta property=\"og:url\" content=\"https:\/\/malatyareport.com.tr\/index.php\/2025\/05\/19\/kurtler-ile-baris-gerceklik-mi-illuzyon-mu\/\" \/>\n<meta property=\"og:site_name\" content=\"Malatya Report\" \/>\n<meta property=\"article:author\" content=\"https:\/\/www.facebook.com\/timurince\" \/>\n<meta property=\"article:published_time\" content=\"2025-05-19T03:50:51+00:00\" \/>\n<meta property=\"article:modified_time\" content=\"2025-05-19T03:50:53+00:00\" \/>\n<meta property=\"og:image\" content=\"https:\/\/malatyareport.com.tr\/wp-content\/uploads\/2025\/05\/04A82576-E9F4-40B7-B2A8-D6F0D581F942.jpeg\" \/>\n<meta name=\"author\" content=\"Timur \u0130nce\" \/>\n<meta name=\"twitter:card\" content=\"summary_large_image\" \/>\n<meta name=\"twitter:creator\" content=\"@timurince11\" \/>\n<meta name=\"twitter:label1\" content=\"Yazan:\" \/>\n\t<meta name=\"twitter:data1\" content=\"Timur \u0130nce\" \/>\n\t<meta name=\"twitter:label2\" content=\"Tahmini okuma s\u00fcresi\" \/>\n\t<meta name=\"twitter:data2\" content=\"5 dakika\" \/>\n<script type=\"application\/ld+json\" class=\"yoast-schema-graph\">{\"@context\":\"https:\\\/\\\/schema.org\",\"@graph\":[{\"@type\":\"Article\",\"@id\":\"https:\\\/\\\/malatyareport.com.tr\\\/index.php\\\/2025\\\/05\\\/19\\\/kurtler-ile-baris-gerceklik-mi-illuzyon-mu\\\/#article\",\"isPartOf\":{\"@id\":\"https:\\\/\\\/malatyareport.com.tr\\\/index.php\\\/2025\\\/05\\\/19\\\/kurtler-ile-baris-gerceklik-mi-illuzyon-mu\\\/\"},\"author\":{\"name\":\"Timur \u0130nce\",\"@id\":\"https:\\\/\\\/malatyareport.com.tr\\\/#\\\/schema\\\/person\\\/93146d94af76b792b58ac78050cc6da7\"},\"headline\":\"K\u00fcrtler ile Bar\u0131\u015f Ger\u00e7eklik mi, \u0130ll\u00fczyon mu?\",\"datePublished\":\"2025-05-19T03:50:51+00:00\",\"dateModified\":\"2025-05-19T03:50:53+00:00\",\"mainEntityOfPage\":{\"@id\":\"https:\\\/\\\/malatyareport.com.tr\\\/index.php\\\/2025\\\/05\\\/19\\\/kurtler-ile-baris-gerceklik-mi-illuzyon-mu\\\/\"},\"wordCount\":899,\"commentCount\":0,\"image\":{\"@id\":\"https:\\\/\\\/malatyareport.com.tr\\\/index.php\\\/2025\\\/05\\\/19\\\/kurtler-ile-baris-gerceklik-mi-illuzyon-mu\\\/#primaryimage\"},\"thumbnailUrl\":\"https:\\\/\\\/malatyareport.com.tr\\\/wp-content\\\/uploads\\\/2025\\\/05\\\/04A82576-E9F4-40B7-B2A8-D6F0D581F942.jpeg\",\"keywords\":[\"#malatya #siyaset #timurince\"],\"articleSection\":[\"K\u00f6\u015fe Yaz\u0131lar\u0131\"],\"inLanguage\":\"tr\",\"potentialAction\":[{\"@type\":\"CommentAction\",\"name\":\"Comment\",\"target\":[\"https:\\\/\\\/malatyareport.com.tr\\\/index.php\\\/2025\\\/05\\\/19\\\/kurtler-ile-baris-gerceklik-mi-illuzyon-mu\\\/#respond\"]}]},{\"@type\":\"WebPage\",\"@id\":\"https:\\\/\\\/malatyareport.com.tr\\\/index.php\\\/2025\\\/05\\\/19\\\/kurtler-ile-baris-gerceklik-mi-illuzyon-mu\\\/\",\"url\":\"https:\\\/\\\/malatyareport.com.tr\\\/index.php\\\/2025\\\/05\\\/19\\\/kurtler-ile-baris-gerceklik-mi-illuzyon-mu\\\/\",\"name\":\"K\u00fcrtler ile Bar\u0131\u015f Ger\u00e7eklik mi, \u0130ll\u00fczyon mu? - Malatya Report\",\"isPartOf\":{\"@id\":\"https:\\\/\\\/malatyareport.com.tr\\\/#website\"},\"primaryImageOfPage\":{\"@id\":\"https:\\\/\\\/malatyareport.com.tr\\\/index.php\\\/2025\\\/05\\\/19\\\/kurtler-ile-baris-gerceklik-mi-illuzyon-mu\\\/#primaryimage\"},\"image\":{\"@id\":\"https:\\\/\\\/malatyareport.com.tr\\\/index.php\\\/2025\\\/05\\\/19\\\/kurtler-ile-baris-gerceklik-mi-illuzyon-mu\\\/#primaryimage\"},\"thumbnailUrl\":\"https:\\\/\\\/malatyareport.com.tr\\\/wp-content\\\/uploads\\\/2025\\\/05\\\/04A82576-E9F4-40B7-B2A8-D6F0D581F942.jpeg\",\"datePublished\":\"2025-05-19T03:50:51+00:00\",\"dateModified\":\"2025-05-19T03:50:53+00:00\",\"author\":{\"@id\":\"https:\\\/\\\/malatyareport.com.tr\\\/#\\\/schema\\\/person\\\/93146d94af76b792b58ac78050cc6da7\"},\"breadcrumb\":{\"@id\":\"https:\\\/\\\/malatyareport.com.tr\\\/index.php\\\/2025\\\/05\\\/19\\\/kurtler-ile-baris-gerceklik-mi-illuzyon-mu\\\/#breadcrumb\"},\"inLanguage\":\"tr\",\"potentialAction\":[{\"@type\":\"ReadAction\",\"target\":[\"https:\\\/\\\/malatyareport.com.tr\\\/index.php\\\/2025\\\/05\\\/19\\\/kurtler-ile-baris-gerceklik-mi-illuzyon-mu\\\/\"]}]},{\"@type\":\"ImageObject\",\"inLanguage\":\"tr\",\"@id\":\"https:\\\/\\\/malatyareport.com.tr\\\/index.php\\\/2025\\\/05\\\/19\\\/kurtler-ile-baris-gerceklik-mi-illuzyon-mu\\\/#primaryimage\",\"url\":\"https:\\\/\\\/i0.wp.com\\\/malatyareport.com.tr\\\/wp-content\\\/uploads\\\/2025\\\/05\\\/04A82576-E9F4-40B7-B2A8-D6F0D581F942.jpeg?fit=739%2C415&ssl=1\",\"contentUrl\":\"https:\\\/\\\/i0.wp.com\\\/malatyareport.com.tr\\\/wp-content\\\/uploads\\\/2025\\\/05\\\/04A82576-E9F4-40B7-B2A8-D6F0D581F942.jpeg?fit=739%2C415&ssl=1\",\"width\":739,\"height\":415},{\"@type\":\"BreadcrumbList\",\"@id\":\"https:\\\/\\\/malatyareport.com.tr\\\/index.php\\\/2025\\\/05\\\/19\\\/kurtler-ile-baris-gerceklik-mi-illuzyon-mu\\\/#breadcrumb\",\"itemListElement\":[{\"@type\":\"ListItem\",\"position\":1,\"name\":\"Anasayfa\",\"item\":\"https:\\\/\\\/malatyareport.com.tr\\\/\"},{\"@type\":\"ListItem\",\"position\":2,\"name\":\"K\u00fcrtler ile Bar\u0131\u015f Ger\u00e7eklik mi, \u0130ll\u00fczyon mu?\"}]},{\"@type\":\"WebSite\",\"@id\":\"https:\\\/\\\/malatyareport.com.tr\\\/#website\",\"url\":\"https:\\\/\\\/malatyareport.com.tr\\\/\",\"name\":\"Malatya Report\",\"description\":\"\",\"potentialAction\":[{\"@type\":\"SearchAction\",\"target\":{\"@type\":\"EntryPoint\",\"urlTemplate\":\"https:\\\/\\\/malatyareport.com.tr\\\/?s={search_term_string}\"},\"query-input\":{\"@type\":\"PropertyValueSpecification\",\"valueRequired\":true,\"valueName\":\"search_term_string\"}}],\"inLanguage\":\"tr\"},{\"@type\":\"Person\",\"@id\":\"https:\\\/\\\/malatyareport.com.tr\\\/#\\\/schema\\\/person\\\/93146d94af76b792b58ac78050cc6da7\",\"name\":\"Timur \u0130nce\",\"image\":{\"@type\":\"ImageObject\",\"inLanguage\":\"tr\",\"@id\":\"https:\\\/\\\/secure.gravatar.com\\\/avatar\\\/e5ce118bd86e5549ff544e7c5b614da198ecaa7f8e9398b55d27ae1f117511d8?s=96&d=mm&r=g\",\"url\":\"https:\\\/\\\/secure.gravatar.com\\\/avatar\\\/e5ce118bd86e5549ff544e7c5b614da198ecaa7f8e9398b55d27ae1f117511d8?s=96&d=mm&r=g\",\"contentUrl\":\"https:\\\/\\\/secure.gravatar.com\\\/avatar\\\/e5ce118bd86e5549ff544e7c5b614da198ecaa7f8e9398b55d27ae1f117511d8?s=96&d=mm&r=g\",\"caption\":\"Timur \u0130nce\"},\"description\":\"Zaman\u0131n ruhunda bir damla m\u00fcrekkep olmay\u0131 isterdim. Bir damla m\u00fcrekkep bir ulusun kaderini yazmaya yeterlidir.\",\"sameAs\":[\"https:\\\/\\\/malatyareport.com.tr\",\"https:\\\/\\\/www.facebook.com\\\/timurince\",\"@timur_ince_t5_\",\"https:\\\/\\\/x.com\\\/@timurince11\"],\"url\":\"https:\\\/\\\/malatyareport.com.tr\\\/index.php\\\/author\\\/admin_6i9yniox\\\/\"}]}<\/script>\n<!-- \/ Yoast SEO plugin. -->","yoast_head_json":{"title":"K\u00fcrtler ile Bar\u0131\u015f Ger\u00e7eklik mi, \u0130ll\u00fczyon mu? - Malatya Report","robots":{"index":"index","follow":"follow","max-snippet":"max-snippet:-1","max-image-preview":"max-image-preview:large","max-video-preview":"max-video-preview:-1"},"canonical":"https:\/\/malatyareport.com.tr\/index.php\/2025\/05\/19\/kurtler-ile-baris-gerceklik-mi-illuzyon-mu\/","og_locale":"tr_TR","og_type":"article","og_title":"K\u00fcrtler ile Bar\u0131\u015f Ger\u00e7eklik mi, \u0130ll\u00fczyon mu? - Malatya Report","og_description":"PKK ve sol hareketler \u00fczerinden T\u00fcrkiye\u2019de son 50 y\u0131ld\u0131r ya\u015fanan m\u00fccadelelerin bir merkezden y\u00f6netilen bir senaryo olabilece\u011fi iddias\u0131, zaman zaman farkl\u0131 \u00e7evrelerce dile getirilmi\u015ftir. Bu&#8230;","og_url":"https:\/\/malatyareport.com.tr\/index.php\/2025\/05\/19\/kurtler-ile-baris-gerceklik-mi-illuzyon-mu\/","og_site_name":"Malatya Report","article_author":"https:\/\/www.facebook.com\/timurince","article_published_time":"2025-05-19T03:50:51+00:00","article_modified_time":"2025-05-19T03:50:53+00:00","og_image":[{"url":"https:\/\/malatyareport.com.tr\/wp-content\/uploads\/2025\/05\/04A82576-E9F4-40B7-B2A8-D6F0D581F942.jpeg","type":"","width":"","height":""}],"author":"Timur \u0130nce","twitter_card":"summary_large_image","twitter_creator":"@timurince11","twitter_misc":{"Yazan:":"Timur \u0130nce","Tahmini okuma s\u00fcresi":"5 dakika"},"schema":{"@context":"https:\/\/schema.org","@graph":[{"@type":"Article","@id":"https:\/\/malatyareport.com.tr\/index.php\/2025\/05\/19\/kurtler-ile-baris-gerceklik-mi-illuzyon-mu\/#article","isPartOf":{"@id":"https:\/\/malatyareport.com.tr\/index.php\/2025\/05\/19\/kurtler-ile-baris-gerceklik-mi-illuzyon-mu\/"},"author":{"name":"Timur \u0130nce","@id":"https:\/\/malatyareport.com.tr\/#\/schema\/person\/93146d94af76b792b58ac78050cc6da7"},"headline":"K\u00fcrtler ile Bar\u0131\u015f Ger\u00e7eklik mi, \u0130ll\u00fczyon mu?","datePublished":"2025-05-19T03:50:51+00:00","dateModified":"2025-05-19T03:50:53+00:00","mainEntityOfPage":{"@id":"https:\/\/malatyareport.com.tr\/index.php\/2025\/05\/19\/kurtler-ile-baris-gerceklik-mi-illuzyon-mu\/"},"wordCount":899,"commentCount":0,"image":{"@id":"https:\/\/malatyareport.com.tr\/index.php\/2025\/05\/19\/kurtler-ile-baris-gerceklik-mi-illuzyon-mu\/#primaryimage"},"thumbnailUrl":"https:\/\/malatyareport.com.tr\/wp-content\/uploads\/2025\/05\/04A82576-E9F4-40B7-B2A8-D6F0D581F942.jpeg","keywords":["#malatya #siyaset #timurince"],"articleSection":["K\u00f6\u015fe Yaz\u0131lar\u0131"],"inLanguage":"tr","potentialAction":[{"@type":"CommentAction","name":"Comment","target":["https:\/\/malatyareport.com.tr\/index.php\/2025\/05\/19\/kurtler-ile-baris-gerceklik-mi-illuzyon-mu\/#respond"]}]},{"@type":"WebPage","@id":"https:\/\/malatyareport.com.tr\/index.php\/2025\/05\/19\/kurtler-ile-baris-gerceklik-mi-illuzyon-mu\/","url":"https:\/\/malatyareport.com.tr\/index.php\/2025\/05\/19\/kurtler-ile-baris-gerceklik-mi-illuzyon-mu\/","name":"K\u00fcrtler ile Bar\u0131\u015f Ger\u00e7eklik mi, \u0130ll\u00fczyon mu? - Malatya Report","isPartOf":{"@id":"https:\/\/malatyareport.com.tr\/#website"},"primaryImageOfPage":{"@id":"https:\/\/malatyareport.com.tr\/index.php\/2025\/05\/19\/kurtler-ile-baris-gerceklik-mi-illuzyon-mu\/#primaryimage"},"image":{"@id":"https:\/\/malatyareport.com.tr\/index.php\/2025\/05\/19\/kurtler-ile-baris-gerceklik-mi-illuzyon-mu\/#primaryimage"},"thumbnailUrl":"https:\/\/malatyareport.com.tr\/wp-content\/uploads\/2025\/05\/04A82576-E9F4-40B7-B2A8-D6F0D581F942.jpeg","datePublished":"2025-05-19T03:50:51+00:00","dateModified":"2025-05-19T03:50:53+00:00","author":{"@id":"https:\/\/malatyareport.com.tr\/#\/schema\/person\/93146d94af76b792b58ac78050cc6da7"},"breadcrumb":{"@id":"https:\/\/malatyareport.com.tr\/index.php\/2025\/05\/19\/kurtler-ile-baris-gerceklik-mi-illuzyon-mu\/#breadcrumb"},"inLanguage":"tr","potentialAction":[{"@type":"ReadAction","target":["https:\/\/malatyareport.com.tr\/index.php\/2025\/05\/19\/kurtler-ile-baris-gerceklik-mi-illuzyon-mu\/"]}]},{"@type":"ImageObject","inLanguage":"tr","@id":"https:\/\/malatyareport.com.tr\/index.php\/2025\/05\/19\/kurtler-ile-baris-gerceklik-mi-illuzyon-mu\/#primaryimage","url":"https:\/\/i0.wp.com\/malatyareport.com.tr\/wp-content\/uploads\/2025\/05\/04A82576-E9F4-40B7-B2A8-D6F0D581F942.jpeg?fit=739%2C415&ssl=1","contentUrl":"https:\/\/i0.wp.com\/malatyareport.com.tr\/wp-content\/uploads\/2025\/05\/04A82576-E9F4-40B7-B2A8-D6F0D581F942.jpeg?fit=739%2C415&ssl=1","width":739,"height":415},{"@type":"BreadcrumbList","@id":"https:\/\/malatyareport.com.tr\/index.php\/2025\/05\/19\/kurtler-ile-baris-gerceklik-mi-illuzyon-mu\/#breadcrumb","itemListElement":[{"@type":"ListItem","position":1,"name":"Anasayfa","item":"https:\/\/malatyareport.com.tr\/"},{"@type":"ListItem","position":2,"name":"K\u00fcrtler ile Bar\u0131\u015f Ger\u00e7eklik mi, \u0130ll\u00fczyon mu?"}]},{"@type":"WebSite","@id":"https:\/\/malatyareport.com.tr\/#website","url":"https:\/\/malatyareport.com.tr\/","name":"Malatya Report","description":"","potentialAction":[{"@type":"SearchAction","target":{"@type":"EntryPoint","urlTemplate":"https:\/\/malatyareport.com.tr\/?s={search_term_string}"},"query-input":{"@type":"PropertyValueSpecification","valueRequired":true,"valueName":"search_term_string"}}],"inLanguage":"tr"},{"@type":"Person","@id":"https:\/\/malatyareport.com.tr\/#\/schema\/person\/93146d94af76b792b58ac78050cc6da7","name":"Timur \u0130nce","image":{"@type":"ImageObject","inLanguage":"tr","@id":"https:\/\/secure.gravatar.com\/avatar\/e5ce118bd86e5549ff544e7c5b614da198ecaa7f8e9398b55d27ae1f117511d8?s=96&d=mm&r=g","url":"https:\/\/secure.gravatar.com\/avatar\/e5ce118bd86e5549ff544e7c5b614da198ecaa7f8e9398b55d27ae1f117511d8?s=96&d=mm&r=g","contentUrl":"https:\/\/secure.gravatar.com\/avatar\/e5ce118bd86e5549ff544e7c5b614da198ecaa7f8e9398b55d27ae1f117511d8?s=96&d=mm&r=g","caption":"Timur \u0130nce"},"description":"Zaman\u0131n ruhunda bir damla m\u00fcrekkep olmay\u0131 isterdim. Bir damla m\u00fcrekkep bir ulusun kaderini yazmaya yeterlidir.","sameAs":["https:\/\/malatyareport.com.tr","https:\/\/www.facebook.com\/timurince","@timur_ince_t5_","https:\/\/x.com\/@timurince11"],"url":"https:\/\/malatyareport.com.tr\/index.php\/author\/admin_6i9yniox\/"}]}},"jetpack_featured_media_url":"","jetpack_sharing_enabled":true,"_links":{"self":[{"href":"https:\/\/malatyareport.com.tr\/index.php\/wp-json\/wp\/v2\/posts\/130","targetHints":{"allow":["GET"]}}],"collection":[{"href":"https:\/\/malatyareport.com.tr\/index.php\/wp-json\/wp\/v2\/posts"}],"about":[{"href":"https:\/\/malatyareport.com.tr\/index.php\/wp-json\/wp\/v2\/types\/post"}],"author":[{"embeddable":true,"href":"https:\/\/malatyareport.com.tr\/index.php\/wp-json\/wp\/v2\/users\/1"}],"replies":[{"embeddable":true,"href":"https:\/\/malatyareport.com.tr\/index.php\/wp-json\/wp\/v2\/comments?post=130"}],"version-history":[{"count":1,"href":"https:\/\/malatyareport.com.tr\/index.php\/wp-json\/wp\/v2\/posts\/130\/revisions"}],"predecessor-version":[{"id":132,"href":"https:\/\/malatyareport.com.tr\/index.php\/wp-json\/wp\/v2\/posts\/130\/revisions\/132"}],"wp:attachment":[{"href":"https:\/\/malatyareport.com.tr\/index.php\/wp-json\/wp\/v2\/media?parent=130"}],"wp:term":[{"taxonomy":"category","embeddable":true,"href":"https:\/\/malatyareport.com.tr\/index.php\/wp-json\/wp\/v2\/categories?post=130"},{"taxonomy":"post_tag","embeddable":true,"href":"https:\/\/malatyareport.com.tr\/index.php\/wp-json\/wp\/v2\/tags?post=130"}],"curies":[{"name":"wp","href":"https:\/\/api.w.org\/{rel}","templated":true}]}}