{"id":133,"date":"2025-05-20T19:05:53","date_gmt":"2025-05-20T19:05:53","guid":{"rendered":"https:\/\/malatyareport.com.tr\/?p=133"},"modified":"2025-05-21T03:37:50","modified_gmt":"2025-05-21T03:37:50","slug":"kurek-sami-grayder-sami-yol-sami-asfalt-sami","status":"publish","type":"post","link":"https:\/\/malatyareport.com.tr\/index.php\/2025\/05\/20\/kurek-sami-grayder-sami-yol-sami-asfalt-sami\/","title":{"rendered":"K\u00dcREK SAM\u0130, GRAYDER SAM\u0130, YOL SAM\u0130, ASFALT SAM\u0130"},"content":{"rendered":"\n<figure class=\"wp-block-image size-full\"><img data-recalc-dims=\"1\" loading=\"lazy\" decoding=\"async\" width=\"640\" height=\"425\" src=\"https:\/\/i0.wp.com\/malatyareport.com.tr\/wp-content\/uploads\/2025\/05\/AD131EF3-BE26-42E7-A011-CD31F8547139.jpeg?resize=640%2C425&#038;ssl=1\" alt=\"\" class=\"wp-image-135\" srcset=\"https:\/\/i0.wp.com\/malatyareport.com.tr\/wp-content\/uploads\/2025\/05\/AD131EF3-BE26-42E7-A011-CD31F8547139.jpeg?w=640&amp;ssl=1 640w, https:\/\/i0.wp.com\/malatyareport.com.tr\/wp-content\/uploads\/2025\/05\/AD131EF3-BE26-42E7-A011-CD31F8547139.jpeg?resize=300%2C199&amp;ssl=1 300w\" sizes=\"auto, (max-width: 640px) 100vw, 640px\" \/><\/figure>\n\n\n\n<p class=\"wp-block-paragraph\">Yukar\u0131da ki ba\u015fl\u0131k www.Malatyatime.com haber sitesinin bir yazar\u0131na ait&nbsp;&nbsp;<a href=\"https:\/\/www.malatyatime.com\/makale\/malatyayi-ben-yaptim-3-bolum-yollar-yalan-soylemez-78468\">makalesinden<\/a> al\u0131nt\u0131 yapt\u0131m. Bu keskin, biraz da tarz\u0131m olmayan, tenkit edici diyalekti\u011fe yer vermemin nedenleri aras\u0131nda sadece bir tanesine de\u011finece\u011fim: <strong>Malatya B\u00fcy\u00fck\u015fehir\u2019in ba\u015far\u0131s\u0131 ekip ba\u015far\u0131s\u0131 m\u0131 yoksa Sami beyin bireysel ba\u015far\u0131s\u0131 m\u0131? <\/strong>Sami beyin ba\u015far\u0131s\u0131 ise ekip ne i\u015fe yar\u0131yor? Bunca maa\u015f, hizmet erkleri, curcuna, ba\u015fkan\u0131m\u2026 ba\u015fkan\u0131m\u2026 seremonileri ne diye? Ekibin \u015fayet katk\u0131s\u0131 var ise Sami bey neden kimseden s\u00f6z etmiyorda hep \u201c<em>ben ben ben<\/em>\u201d deyip duruyor. Yahu ba\u015fkan siz tek ba\u015f\u0131n\u0131za bir devlet misiniz? Bu i\u015fler ekiple olmuyor muydu? Malatya\u2019y\u0131 Paris\u2019le yar\u0131\u015f\u0131r bir seviyeye ta\u015f\u0131d\u0131n\u0131z, eyvallah. Marsilya ile kafa kafaya gidiyoruz amenna\u2026. Akp\u0131nar\u2019\u0131n Menhattan meydan\u0131na benzemesine ramak kald\u0131, ne ala\u2026 D\u00fcnyan\u0131n en global \u015fehri Tokyo ile az bir fark kald\u0131 aram\u0131zda. Pravo\u2026 Hakkaten merak ediyoruz tek ba\u015f\u0131n\u0131za nas\u0131l ba\u015fard\u0131n\u0131z bunca \u015feyi, bu i\u015fin bir s\u0131rr\u0131 var\u0131md\u0131r? \u0130\u015fte o ba\u015fl\u0131k tam olarak budur. Bu \u00e7eli\u015fkiyi tarif eder. <strong>K\u00fcrek Sami, greyder Sami, yol Sami Asfalt Sami, yard\u0131m Sami, meclis Sami, Toki Sami, Belediye Sami. <\/strong>Her \u015feyi Sami ba\u015fkan tek ba\u015f\u0131na hallediyor.&nbsp;<\/p>\n\n\n\n<p class=\"wp-block-paragraph\">\u201c<strong>Birlikte, beraber, hepimiz, ekibimle, mesai arkada\u015flar\u0131mla, grubumla,&nbsp;&nbsp;biz vb<\/strong>\u201d kavramlara ara s\u0131ra yer vermek bu kader zor mu yahu? Yapmay\u0131n. .&nbsp;<\/p>\n\n\n\n<p class=\"wp-block-paragraph\"><mark style=\"background-color:rgba(0, 0, 0, 0)\" class=\"has-inline-color has-vivid-cyan-blue-color\"><strong>Yetmi\u015f de\u011fil o y\u00fczd\u00fcr y\u00fcz! Pardon be\u015fy\u00fczd\u00fcr<\/strong><\/mark><\/p>\n\n\n\n<p class=\"wp-block-paragraph\">\u201c<strong>80 g\u00fcnde devri alem neden yapt\u0131n b\u00f6yle adem<\/strong>?\u201d diye bir par\u00e7a vard\u0131 90\u2019l\u0131rda. \u015eark\u0131c\u0131 Bendeniz\u2019in yaz\u0131p seslendirdi\u011fi par\u00e7an\u0131n orjinali \u201c<strong>Seksen G\u00fcnde Devri\u00e2lem ya da Seksen G\u00fcnde D\u00fcnya Gezisi<\/strong>\u2026\u201d Frans\u0131z yazar <strong>Jules Verne<\/strong>&#8216;in yazd\u0131\u011f\u0131 ve ilk kez <strong>1872<\/strong> y\u0131l\u0131nda yay\u0131mlanan bir macera roman\u0131na kadar k\u00f6kleri uzan\u0131r.&nbsp;<\/p>\n\n\n\n<p class=\"wp-block-paragraph\">San\u0131r\u0131m Bizimkilerde 1 y\u0131lda 70 madde ile devri alemi tamamlad\u0131. Hokos pokos abra kadavra dedi \u015fapkadan \u201c<em>h\u0131k<\/em>\u201d diye 70 madde f\u0131rlad\u0131 sahneye. Hepi topu 70 maddecik. Ben olsayd\u0131m 100\u2019e tamamlard\u0131m. Nas\u0131l olsa klavye bedava-eksantrik tu\u015flara basmak bedel gerektirmez, az bir ka\u00e7 dakika mesai daha yapard\u0131m 100\u2019e \u00e7\u0131kard\u0131, ne olacak can\u0131m.&nbsp;&nbsp;Zaten 10 olsa da, 70 olsa da, 100 veya 500 olsa da alk\u0131\u015f ayn\u0131 alk\u0131\u015f. Say\u0131 oran\u0131na g\u00f6re alk\u0131\u015f\u0131n de\u011fi\u015fece\u011fini sanmak zor. 1 olsa da yine \u015fak \u015fak \u015fakk\u2026 200 olsa da \u015fak \u015fak\u2026 O eskidendi \u201c<strong>ne kadar ekmek o kadar k\u00f6fte.<\/strong>\u201d \u015eimdi i\u015fler de\u011fi\u015fti. Siyaset c\u00fcrm\u00fc level atlad\u0131, ne kadar abart\u0131rsan, k\u00f6p\u00fcrt\u00fcrsen, kurgularsan, \u00e7alkalarsan o kadar alk\u0131\u015f, iltifat, taktir, taltif patlamas\u0131 gelir. 70 g\u00fczel bir oran asl\u0131nda, a\u011fz\u0131 b\u00fcy\u00fck lokma hacminde dolduruyor ama ortada bir \u015fey yok. Hatta hi\u00e7 bir \u015fey yok. K\u00e2\u011f\u0131t \u00fcst\u00fcnde, listelerde, bir de ba\u015fkan\u0131n notlar\u0131nda var sadece o kadar. Kamuoyu ya\u015famas\u0131 laz\u0131m. G\u00f6rmesi laz\u0131m. \u015eak \u015fak \u015fak diyenlerin de\u011fil. Ba\u015fkan vallahi bu tek rakam i\u015fleri bu \u015fehirde pek tutmuyor, s\u00f6ylemi\u015f olay\u0131m. Hesaba katmad\u0131\u011f\u0131n\u0131z ekipten kafas\u0131 \u00e7al\u0131\u015fan kimse yok muydu? 44\u2019e ba\u011flasayd\u0131 iyi ekmek yerdi. Bir de \u201c<strong>44\u2019e yak\u0131\u015f\u0131r 44 icraat<\/strong>\u201d slogan\u0131 ile patlatt\u0131n\u0131z m\u0131 yeme de yan\u0131nda yat. Bizim toplum 44\u2019e \u00f6yle candan duyarl\u0131, a\u015f\u0131k i\u015fte. Neyse olan oldu bir kere. 70\u2019le idare edece\u011fiz art\u0131k. Bir de \u201c<strong>ya\u015f 70 i\u015fi bitmi\u015f<\/strong>\u201d deyimi vard\u0131 de\u011fil mi? En iyisi onu hi\u00e7 kar\u0131\u015ft\u0131rmayal\u0131m \u00e7imdilik. <\/p>\n\n\n\n<p class=\"wp-block-paragraph\"><mark style=\"background-color:rgba(0, 0, 0, 0)\" class=\"has-inline-color has-vivid-cyan-blue-color\"><strong>Biraz beyin f\u0131rt\u0131nas\u0131 yapal\u0131m<\/strong><\/mark><\/p>\n\n\n\n<p class=\"wp-block-paragraph\">Rakamlardan gitmi\u015fken 1\u2019in arkas\u0131na 12 adet s\u0131f\u0131r koydu\u011funuzda 1 trilyon, 15 adet s\u0131f\u0131r koydu\u011funuzda 1 katrilyon yapar, s\u0131f\u0131rlar\u0131 \u00e7o\u011fald\u0131k\u00e7a say\u0131 b\u00fcy\u00fcr. Bir trilyon yada katrilyonun \u00f6n\u00fcnde ki 1\u2019i (bir) \u00e7ekip ald\u0131\u011f\u0131m\u0131zda ise bir y\u0131\u011f\u0131n anlams\u0131z s\u0131f\u0131r kal\u0131r geriye. S\u0131f\u0131rlar ne kadar \u00e7ok olursa olsun tek ba\u015f\u0131na bir anlam ifade etmezler. Bin s\u0131f\u0131r\u0131 bin s\u0131f\u0131rla \u00e7arp (0000\u2026.x 0000\u2026= 0000) sonu\u00e7 yine s\u0131f\u0131rd\u0131r. Bu i\u015flem uzar gider b\u00f6ylece. \u0130\u015fte o 1 (bir) nedir biliyor musunuz? <strong>Malatya\u2019d\u0131r<\/strong>. \u015eehrin haf\u0131zas\u0131d\u0131r. Perspektifidir. Kimli\u011fidir. Reel politikalar\u0131d\u0131r. Rit\u00fcelleridir. Malatyan\u0131n de\u011ferlerini, psikolojisini, sosyolojik hassasiyetini, \u015fehir esteti\u011fini yok sayd\u0131\u011f\u0131n\u0131z andan itibaren her \u015fey &#8211;<strong>s\u0131f\u0131r<\/strong>&#8211; olur. Matematik\u00e7i ve t\u00fcccar kafal\u0131 arkada\u015flar ne s\u00f6ylemeye \u00e7al\u0131\u015ft\u0131\u011f\u0131m\u0131z\u0131 daha iyi anlayacaklard\u0131r.&nbsp;O 1\u2019i hi\u00e7 bir zaman unutmayal\u0131m. <\/p>\n\n\n\n<p class=\"wp-block-paragraph\"><mark style=\"background-color:rgba(0, 0, 0, 0)\" class=\"has-inline-color has-vivid-cyan-blue-color\"><strong>\u0130ddiaya var m\u0131s\u0131n\u0131z ?<\/strong><\/mark><\/p>\n\n\n\n<p class=\"wp-block-paragraph\">Malatya geneli bilumum i\u015f insanlar\u0131n\u0131n, b\u00fcrokratlar\u0131n, markay\u0131m diyen siyaset\u00e7ilerin, belediye ba\u015fkanlar\u0131n\u0131n hi\u00e7 biri tek bir telefonda Cumhurba\u015fkan\u0131 <strong>Recep Tayyip Erdo\u011fan\u2019<\/strong>a ula\u015fam\u0131yormu\u015f. Hey hat. Ula\u015fmak gibi kimsenin niyeti yok zaten. Niyeti olanda kalemlerden, dan\u0131\u015fmanlardan, yaverlerden, korumalardan rica ile o da randevu alabilirlerse e\u011fer. Hadi iddiaya girelim. \u0130sim cisim mevki makam fark etmeksizin;  Malatya camias\u0131ndan tek telefonla Cumhurba\u015fkan\u0131na ula\u015fabilen varsa beri \u00e7\u0131ks\u0131n. Burda \u00f6nemli olan ula\u015fmak ula\u015fmamak meselesi de\u011fil, politik konsensusta bulundu\u011fumuz konumdur. Malatya \u015fehrinin prestijinin \u00f6l\u00e7\u00fcs\u00fc olarak bu veriyi sabitleyebilirsiniz.&nbsp;Ac\u0131 ama ger\u00e7ek bu. <\/p>\n\n\n\n<p class=\"wp-block-paragraph\"><mark style=\"background-color:rgba(0, 0, 0, 0)\" class=\"has-inline-color has-vivid-cyan-blue-color\"><strong>Bir Vekilden tarihe not d\u00fc\u015fmek<\/strong><\/mark><\/p>\n\n\n\n<p class=\"wp-block-paragraph\">Hem\u015ferimizden biri <strong>\u00d6mer Faruk \u00d6z<\/strong>\u2019le bir sohbet esnas\u0131nda \u015f\u00f6yle bir tabir kullan\u0131r. \u201c<strong>size vekilim mi diye hitap edeyim yoksa, day\u0131 m\u0131 diyeyim?\u201d<\/strong> \u015feklinde sorar. Galiba uzaktan da olsa bir akrabal\u0131k ba\u011f\u0131 olmas\u0131na istinaden b\u00f6yle sualde bulunmu\u015ftur. \u00d6z kar\u015f\u0131l\u0131k olarak \u201c<strong>Vekilik ge\u00e7icidir, yar\u0131n \u00f6b\u00fcr g\u00fcn biter. (Ki bitti de\u2026) En iyisi bana day\u0131 diye hitap et. En az\u0131ndan day\u0131 ye\u011fenlik bakidir<\/strong>.\u201d cevab\u0131n\u0131 verir. Vekil, belediye ba\u015fkan\u0131, Bakan vs hepsi ge\u00e7ici makamlard\u0131r. \u00d6nemli olan g\u00f6n\u00fcl muhabbet, dostluk, day\u0131 ye\u011fenlik frekans\u0131nda kalabilmek.&nbsp;&nbsp;San\u0131r\u0131m day\u0131 olmaya aday siyasiler laz\u0131m bize.&nbsp;<\/p>\n\n\n\n<p class=\"wp-block-paragraph\"><mark style=\"background-color:rgba(0, 0, 0, 0)\" class=\"has-inline-color has-vivid-cyan-blue-color\"><strong>Sen kimsin krizini Malatya unutmad\u0131<\/strong><\/mark><\/p>\n\n\n\n<p class=\"wp-block-paragraph\">D\u00fc\u015f\u00fcn\u00fcn ki bir ilin vekilisiniz, se\u00e7ilmi\u015fsiniz, bir halk\u0131 temsil ediyorsunuz, gen\u00e7siniz, sempatiksiniz, akademik \u00fcnvan var her \u015fey tastamam-ful ama gel g\u00f6rki ait oldu\u011fun parti genel ba\u015fkan\u0131 hen\u00fcz sizi tan\u0131m\u0131yor. Ne demeliyiz buna, nas\u0131l bir isim koymal\u0131y\u0131z ba\u015f\u0131na-sonuna? \u0130lk kez g\u00f6rd\u00fc\u011f\u00fc i\u00e7inde herkes i\u00e7inde \u201c<strong>sen de kimsin?<\/strong>\u201d diyerek tan\u0131maya \u00e7al\u0131\u015fm\u0131\u015f cumhurba\u015fkan\u0131 ve genel ba\u015fkan. Tan\u0131mak istemesi son derece do\u011fal bir geli\u015fme. Demekki kendi \u00e7ehrenizi, marifetinizi, kimli\u011finizi dahas\u0131 temsilde bulundu\u011fun \u015fehrin kart vizitini g\u00f6stermemi\u015fsiniz, tan\u0131tmam\u0131\u015fs\u0131n\u0131z, anlatmam\u0131\u015fs\u0131n\u0131z. Bu bir krizdir, skandald\u0131r. Japonya\u2019da olsayd\u0131 -harakiri- ile sonu\u00e7lan\u0131rd\u0131, eski Malatyal\u0131 adamlar\u0131ndan biri olsayd\u0131 bunu ta\u015f\u0131yamamam deyip istifa ederdi. \u015eimdi laylaylom\u2026 Herkes unuttu san\u0131ld\u0131 o krizi Malatya unutmad\u0131.\u00a0<\/p>\n\n\n\n<p class=\"wp-block-paragraph\"><mark style=\"background-color:rgba(0, 0, 0, 0)\" class=\"has-inline-color has-vivid-cyan-blue-color\"><strong>Siyaset nedir<\/strong><\/mark><\/p>\n\n\n\n<p class=\"wp-block-paragraph\">Se\u00e7im \u00f6ncesi se\u00e7ilmeye talip adaylar\u0131n oyunu almak \u00fczere halk\u0131n \u00f6n\u00fcnde el pen\u00e7e durdu\u011fu, se\u00e7ilen se\u00e7ildikten sonra bu kez halk\u0131n i\u015fini g\u00f6rd\u00fcrmek \u00fczere \u00f6nlerinde el pen\u00e7e durdu\u011fu acayip bir kurumdur siyaset.\u00a0<\/p>\n","protected":false},"excerpt":{"rendered":"<p>Yukar\u0131da ki ba\u015fl\u0131k www.Malatyatime.com haber sitesinin bir yazar\u0131na ait&nbsp;&nbsp;makalesinden al\u0131nt\u0131 yapt\u0131m. Bu keskin, biraz da tarz\u0131m olmayan, tenkit edici diyalekti\u011fe yer vermemin nedenleri aras\u0131nda sadece&#8230;<\/p>\n<div class=\"more-link-wrapper\"><a class=\"more-link\" href=\"https:\/\/malatyareport.com.tr\/index.php\/2025\/05\/20\/kurek-sami-grayder-sami-yol-sami-asfalt-sami\/\">Devam\u0131n\u0131 okuyun<span class=\"screen-reader-text\">K\u00dcREK SAM\u0130, GRAYDER SAM\u0130, YOL SAM\u0130, ASFALT SAM\u0130<\/span><\/a><\/div>\n","protected":false},"author":1,"featured_media":0,"comment_status":"open","ping_status":"open","sticky":false,"template":"","format":"standard","meta":{"_jetpack_memberships_contains_paid_content":false,"footnotes":""},"categories":[5],"tags":[],"class_list":["post-133","post","type-post","status-publish","format-standard","hentry","category-kose-yazilari","entry"],"yoast_head":"<!-- This site is optimized with the Yoast SEO plugin v28.2 - https:\/\/yoast.com\/product\/yoast-seo-wordpress\/ -->\n<title>K\u00dcREK SAM\u0130, GRAYDER SAM\u0130, YOL SAM\u0130, ASFALT SAM\u0130 - Malatya Report<\/title>\n<meta name=\"robots\" content=\"index, follow, max-snippet:-1, max-image-preview:large, max-video-preview:-1\" \/>\n<link rel=\"canonical\" href=\"https:\/\/malatyareport.com.tr\/index.php\/2025\/05\/20\/kurek-sami-grayder-sami-yol-sami-asfalt-sami\/\" \/>\n<meta property=\"og:locale\" content=\"tr_TR\" \/>\n<meta property=\"og:type\" content=\"article\" \/>\n<meta property=\"og:title\" content=\"K\u00dcREK SAM\u0130, GRAYDER SAM\u0130, YOL SAM\u0130, ASFALT SAM\u0130 - Malatya Report\" \/>\n<meta property=\"og:description\" content=\"Yukar\u0131da ki ba\u015fl\u0131k www.Malatyatime.com haber sitesinin bir yazar\u0131na ait&nbsp;&nbsp;makalesinden al\u0131nt\u0131 yapt\u0131m. Bu keskin, biraz da tarz\u0131m olmayan, tenkit edici diyalekti\u011fe yer vermemin nedenleri aras\u0131nda sadece&#8230;\" \/>\n<meta property=\"og:url\" content=\"https:\/\/malatyareport.com.tr\/index.php\/2025\/05\/20\/kurek-sami-grayder-sami-yol-sami-asfalt-sami\/\" \/>\n<meta property=\"og:site_name\" content=\"Malatya Report\" \/>\n<meta property=\"article:author\" content=\"https:\/\/www.facebook.com\/timurince\" \/>\n<meta property=\"article:published_time\" content=\"2025-05-20T19:05:53+00:00\" \/>\n<meta property=\"article:modified_time\" content=\"2025-05-21T03:37:50+00:00\" \/>\n<meta property=\"og:image\" content=\"https:\/\/malatyareport.com.tr\/wp-content\/uploads\/2025\/05\/AD131EF3-BE26-42E7-A011-CD31F8547139.jpeg\" \/>\n<meta name=\"author\" content=\"Timur \u0130nce\" \/>\n<meta name=\"twitter:card\" content=\"summary_large_image\" \/>\n<meta name=\"twitter:creator\" content=\"@timurince11\" \/>\n<meta name=\"twitter:label1\" content=\"Yazan:\" \/>\n\t<meta name=\"twitter:data1\" content=\"Timur \u0130nce\" \/>\n\t<meta name=\"twitter:label2\" content=\"Tahmini okuma s\u00fcresi\" \/>\n\t<meta name=\"twitter:data2\" content=\"6 dakika\" \/>\n<script type=\"application\/ld+json\" class=\"yoast-schema-graph\">{\"@context\":\"https:\\\/\\\/schema.org\",\"@graph\":[{\"@type\":\"Article\",\"@id\":\"https:\\\/\\\/malatyareport.com.tr\\\/index.php\\\/2025\\\/05\\\/20\\\/kurek-sami-grayder-sami-yol-sami-asfalt-sami\\\/#article\",\"isPartOf\":{\"@id\":\"https:\\\/\\\/malatyareport.com.tr\\\/index.php\\\/2025\\\/05\\\/20\\\/kurek-sami-grayder-sami-yol-sami-asfalt-sami\\\/\"},\"author\":{\"name\":\"Timur \u0130nce\",\"@id\":\"https:\\\/\\\/malatyareport.com.tr\\\/#\\\/schema\\\/person\\\/93146d94af76b792b58ac78050cc6da7\"},\"headline\":\"K\u00dcREK SAM\u0130, GRAYDER SAM\u0130, YOL SAM\u0130, ASFALT SAM\u0130\",\"datePublished\":\"2025-05-20T19:05:53+00:00\",\"dateModified\":\"2025-05-21T03:37:50+00:00\",\"mainEntityOfPage\":{\"@id\":\"https:\\\/\\\/malatyareport.com.tr\\\/index.php\\\/2025\\\/05\\\/20\\\/kurek-sami-grayder-sami-yol-sami-asfalt-sami\\\/\"},\"wordCount\":1242,\"commentCount\":5,\"image\":{\"@id\":\"https:\\\/\\\/malatyareport.com.tr\\\/index.php\\\/2025\\\/05\\\/20\\\/kurek-sami-grayder-sami-yol-sami-asfalt-sami\\\/#primaryimage\"},\"thumbnailUrl\":\"https:\\\/\\\/malatyareport.com.tr\\\/wp-content\\\/uploads\\\/2025\\\/05\\\/AD131EF3-BE26-42E7-A011-CD31F8547139.jpeg\",\"articleSection\":[\"K\u00f6\u015fe Yaz\u0131lar\u0131\"],\"inLanguage\":\"tr\",\"potentialAction\":[{\"@type\":\"CommentAction\",\"name\":\"Comment\",\"target\":[\"https:\\\/\\\/malatyareport.com.tr\\\/index.php\\\/2025\\\/05\\\/20\\\/kurek-sami-grayder-sami-yol-sami-asfalt-sami\\\/#respond\"]}]},{\"@type\":\"WebPage\",\"@id\":\"https:\\\/\\\/malatyareport.com.tr\\\/index.php\\\/2025\\\/05\\\/20\\\/kurek-sami-grayder-sami-yol-sami-asfalt-sami\\\/\",\"url\":\"https:\\\/\\\/malatyareport.com.tr\\\/index.php\\\/2025\\\/05\\\/20\\\/kurek-sami-grayder-sami-yol-sami-asfalt-sami\\\/\",\"name\":\"K\u00dcREK SAM\u0130, GRAYDER SAM\u0130, YOL SAM\u0130, ASFALT SAM\u0130 - Malatya Report\",\"isPartOf\":{\"@id\":\"https:\\\/\\\/malatyareport.com.tr\\\/#website\"},\"primaryImageOfPage\":{\"@id\":\"https:\\\/\\\/malatyareport.com.tr\\\/index.php\\\/2025\\\/05\\\/20\\\/kurek-sami-grayder-sami-yol-sami-asfalt-sami\\\/#primaryimage\"},\"image\":{\"@id\":\"https:\\\/\\\/malatyareport.com.tr\\\/index.php\\\/2025\\\/05\\\/20\\\/kurek-sami-grayder-sami-yol-sami-asfalt-sami\\\/#primaryimage\"},\"thumbnailUrl\":\"https:\\\/\\\/malatyareport.com.tr\\\/wp-content\\\/uploads\\\/2025\\\/05\\\/AD131EF3-BE26-42E7-A011-CD31F8547139.jpeg\",\"datePublished\":\"2025-05-20T19:05:53+00:00\",\"dateModified\":\"2025-05-21T03:37:50+00:00\",\"author\":{\"@id\":\"https:\\\/\\\/malatyareport.com.tr\\\/#\\\/schema\\\/person\\\/93146d94af76b792b58ac78050cc6da7\"},\"breadcrumb\":{\"@id\":\"https:\\\/\\\/malatyareport.com.tr\\\/index.php\\\/2025\\\/05\\\/20\\\/kurek-sami-grayder-sami-yol-sami-asfalt-sami\\\/#breadcrumb\"},\"inLanguage\":\"tr\",\"potentialAction\":[{\"@type\":\"ReadAction\",\"target\":[\"https:\\\/\\\/malatyareport.com.tr\\\/index.php\\\/2025\\\/05\\\/20\\\/kurek-sami-grayder-sami-yol-sami-asfalt-sami\\\/\"]}]},{\"@type\":\"ImageObject\",\"inLanguage\":\"tr\",\"@id\":\"https:\\\/\\\/malatyareport.com.tr\\\/index.php\\\/2025\\\/05\\\/20\\\/kurek-sami-grayder-sami-yol-sami-asfalt-sami\\\/#primaryimage\",\"url\":\"https:\\\/\\\/i0.wp.com\\\/malatyareport.com.tr\\\/wp-content\\\/uploads\\\/2025\\\/05\\\/AD131EF3-BE26-42E7-A011-CD31F8547139.jpeg?fit=640%2C425&ssl=1\",\"contentUrl\":\"https:\\\/\\\/i0.wp.com\\\/malatyareport.com.tr\\\/wp-content\\\/uploads\\\/2025\\\/05\\\/AD131EF3-BE26-42E7-A011-CD31F8547139.jpeg?fit=640%2C425&ssl=1\",\"width\":640,\"height\":425},{\"@type\":\"BreadcrumbList\",\"@id\":\"https:\\\/\\\/malatyareport.com.tr\\\/index.php\\\/2025\\\/05\\\/20\\\/kurek-sami-grayder-sami-yol-sami-asfalt-sami\\\/#breadcrumb\",\"itemListElement\":[{\"@type\":\"ListItem\",\"position\":1,\"name\":\"Anasayfa\",\"item\":\"https:\\\/\\\/malatyareport.com.tr\\\/\"},{\"@type\":\"ListItem\",\"position\":2,\"name\":\"K\u00dcREK SAM\u0130, GRAYDER SAM\u0130, YOL SAM\u0130, ASFALT SAM\u0130\"}]},{\"@type\":\"WebSite\",\"@id\":\"https:\\\/\\\/malatyareport.com.tr\\\/#website\",\"url\":\"https:\\\/\\\/malatyareport.com.tr\\\/\",\"name\":\"Malatya Report\",\"description\":\"\",\"potentialAction\":[{\"@type\":\"SearchAction\",\"target\":{\"@type\":\"EntryPoint\",\"urlTemplate\":\"https:\\\/\\\/malatyareport.com.tr\\\/?s={search_term_string}\"},\"query-input\":{\"@type\":\"PropertyValueSpecification\",\"valueRequired\":true,\"valueName\":\"search_term_string\"}}],\"inLanguage\":\"tr\"},{\"@type\":\"Person\",\"@id\":\"https:\\\/\\\/malatyareport.com.tr\\\/#\\\/schema\\\/person\\\/93146d94af76b792b58ac78050cc6da7\",\"name\":\"Timur \u0130nce\",\"image\":{\"@type\":\"ImageObject\",\"inLanguage\":\"tr\",\"@id\":\"https:\\\/\\\/secure.gravatar.com\\\/avatar\\\/e5ce118bd86e5549ff544e7c5b614da198ecaa7f8e9398b55d27ae1f117511d8?s=96&d=mm&r=g\",\"url\":\"https:\\\/\\\/secure.gravatar.com\\\/avatar\\\/e5ce118bd86e5549ff544e7c5b614da198ecaa7f8e9398b55d27ae1f117511d8?s=96&d=mm&r=g\",\"contentUrl\":\"https:\\\/\\\/secure.gravatar.com\\\/avatar\\\/e5ce118bd86e5549ff544e7c5b614da198ecaa7f8e9398b55d27ae1f117511d8?s=96&d=mm&r=g\",\"caption\":\"Timur \u0130nce\"},\"description\":\"Zaman\u0131n ruhunda bir damla m\u00fcrekkep olmay\u0131 isterdim. Bir damla m\u00fcrekkep bir ulusun kaderini yazmaya yeterlidir.\",\"sameAs\":[\"https:\\\/\\\/malatyareport.com.tr\",\"https:\\\/\\\/www.facebook.com\\\/timurince\",\"@timur_ince_t5_\",\"https:\\\/\\\/x.com\\\/@timurince11\"],\"url\":\"https:\\\/\\\/malatyareport.com.tr\\\/index.php\\\/author\\\/admin_6i9yniox\\\/\"}]}<\/script>\n<!-- \/ Yoast SEO plugin. -->","yoast_head_json":{"title":"K\u00dcREK SAM\u0130, GRAYDER SAM\u0130, YOL SAM\u0130, ASFALT SAM\u0130 - Malatya Report","robots":{"index":"index","follow":"follow","max-snippet":"max-snippet:-1","max-image-preview":"max-image-preview:large","max-video-preview":"max-video-preview:-1"},"canonical":"https:\/\/malatyareport.com.tr\/index.php\/2025\/05\/20\/kurek-sami-grayder-sami-yol-sami-asfalt-sami\/","og_locale":"tr_TR","og_type":"article","og_title":"K\u00dcREK SAM\u0130, GRAYDER SAM\u0130, YOL SAM\u0130, ASFALT SAM\u0130 - Malatya Report","og_description":"Yukar\u0131da ki ba\u015fl\u0131k www.Malatyatime.com haber sitesinin bir yazar\u0131na ait&nbsp;&nbsp;makalesinden al\u0131nt\u0131 yapt\u0131m. Bu keskin, biraz da tarz\u0131m olmayan, tenkit edici diyalekti\u011fe yer vermemin nedenleri aras\u0131nda sadece&#8230;","og_url":"https:\/\/malatyareport.com.tr\/index.php\/2025\/05\/20\/kurek-sami-grayder-sami-yol-sami-asfalt-sami\/","og_site_name":"Malatya Report","article_author":"https:\/\/www.facebook.com\/timurince","article_published_time":"2025-05-20T19:05:53+00:00","article_modified_time":"2025-05-21T03:37:50+00:00","og_image":[{"url":"https:\/\/malatyareport.com.tr\/wp-content\/uploads\/2025\/05\/AD131EF3-BE26-42E7-A011-CD31F8547139.jpeg","type":"","width":"","height":""}],"author":"Timur \u0130nce","twitter_card":"summary_large_image","twitter_creator":"@timurince11","twitter_misc":{"Yazan:":"Timur \u0130nce","Tahmini okuma s\u00fcresi":"6 dakika"},"schema":{"@context":"https:\/\/schema.org","@graph":[{"@type":"Article","@id":"https:\/\/malatyareport.com.tr\/index.php\/2025\/05\/20\/kurek-sami-grayder-sami-yol-sami-asfalt-sami\/#article","isPartOf":{"@id":"https:\/\/malatyareport.com.tr\/index.php\/2025\/05\/20\/kurek-sami-grayder-sami-yol-sami-asfalt-sami\/"},"author":{"name":"Timur \u0130nce","@id":"https:\/\/malatyareport.com.tr\/#\/schema\/person\/93146d94af76b792b58ac78050cc6da7"},"headline":"K\u00dcREK SAM\u0130, GRAYDER SAM\u0130, YOL SAM\u0130, ASFALT SAM\u0130","datePublished":"2025-05-20T19:05:53+00:00","dateModified":"2025-05-21T03:37:50+00:00","mainEntityOfPage":{"@id":"https:\/\/malatyareport.com.tr\/index.php\/2025\/05\/20\/kurek-sami-grayder-sami-yol-sami-asfalt-sami\/"},"wordCount":1242,"commentCount":5,"image":{"@id":"https:\/\/malatyareport.com.tr\/index.php\/2025\/05\/20\/kurek-sami-grayder-sami-yol-sami-asfalt-sami\/#primaryimage"},"thumbnailUrl":"https:\/\/malatyareport.com.tr\/wp-content\/uploads\/2025\/05\/AD131EF3-BE26-42E7-A011-CD31F8547139.jpeg","articleSection":["K\u00f6\u015fe Yaz\u0131lar\u0131"],"inLanguage":"tr","potentialAction":[{"@type":"CommentAction","name":"Comment","target":["https:\/\/malatyareport.com.tr\/index.php\/2025\/05\/20\/kurek-sami-grayder-sami-yol-sami-asfalt-sami\/#respond"]}]},{"@type":"WebPage","@id":"https:\/\/malatyareport.com.tr\/index.php\/2025\/05\/20\/kurek-sami-grayder-sami-yol-sami-asfalt-sami\/","url":"https:\/\/malatyareport.com.tr\/index.php\/2025\/05\/20\/kurek-sami-grayder-sami-yol-sami-asfalt-sami\/","name":"K\u00dcREK SAM\u0130, GRAYDER SAM\u0130, YOL SAM\u0130, ASFALT SAM\u0130 - Malatya Report","isPartOf":{"@id":"https:\/\/malatyareport.com.tr\/#website"},"primaryImageOfPage":{"@id":"https:\/\/malatyareport.com.tr\/index.php\/2025\/05\/20\/kurek-sami-grayder-sami-yol-sami-asfalt-sami\/#primaryimage"},"image":{"@id":"https:\/\/malatyareport.com.tr\/index.php\/2025\/05\/20\/kurek-sami-grayder-sami-yol-sami-asfalt-sami\/#primaryimage"},"thumbnailUrl":"https:\/\/malatyareport.com.tr\/wp-content\/uploads\/2025\/05\/AD131EF3-BE26-42E7-A011-CD31F8547139.jpeg","datePublished":"2025-05-20T19:05:53+00:00","dateModified":"2025-05-21T03:37:50+00:00","author":{"@id":"https:\/\/malatyareport.com.tr\/#\/schema\/person\/93146d94af76b792b58ac78050cc6da7"},"breadcrumb":{"@id":"https:\/\/malatyareport.com.tr\/index.php\/2025\/05\/20\/kurek-sami-grayder-sami-yol-sami-asfalt-sami\/#breadcrumb"},"inLanguage":"tr","potentialAction":[{"@type":"ReadAction","target":["https:\/\/malatyareport.com.tr\/index.php\/2025\/05\/20\/kurek-sami-grayder-sami-yol-sami-asfalt-sami\/"]}]},{"@type":"ImageObject","inLanguage":"tr","@id":"https:\/\/malatyareport.com.tr\/index.php\/2025\/05\/20\/kurek-sami-grayder-sami-yol-sami-asfalt-sami\/#primaryimage","url":"https:\/\/i0.wp.com\/malatyareport.com.tr\/wp-content\/uploads\/2025\/05\/AD131EF3-BE26-42E7-A011-CD31F8547139.jpeg?fit=640%2C425&ssl=1","contentUrl":"https:\/\/i0.wp.com\/malatyareport.com.tr\/wp-content\/uploads\/2025\/05\/AD131EF3-BE26-42E7-A011-CD31F8547139.jpeg?fit=640%2C425&ssl=1","width":640,"height":425},{"@type":"BreadcrumbList","@id":"https:\/\/malatyareport.com.tr\/index.php\/2025\/05\/20\/kurek-sami-grayder-sami-yol-sami-asfalt-sami\/#breadcrumb","itemListElement":[{"@type":"ListItem","position":1,"name":"Anasayfa","item":"https:\/\/malatyareport.com.tr\/"},{"@type":"ListItem","position":2,"name":"K\u00dcREK SAM\u0130, GRAYDER SAM\u0130, YOL SAM\u0130, ASFALT SAM\u0130"}]},{"@type":"WebSite","@id":"https:\/\/malatyareport.com.tr\/#website","url":"https:\/\/malatyareport.com.tr\/","name":"Malatya Report","description":"","potentialAction":[{"@type":"SearchAction","target":{"@type":"EntryPoint","urlTemplate":"https:\/\/malatyareport.com.tr\/?s={search_term_string}"},"query-input":{"@type":"PropertyValueSpecification","valueRequired":true,"valueName":"search_term_string"}}],"inLanguage":"tr"},{"@type":"Person","@id":"https:\/\/malatyareport.com.tr\/#\/schema\/person\/93146d94af76b792b58ac78050cc6da7","name":"Timur \u0130nce","image":{"@type":"ImageObject","inLanguage":"tr","@id":"https:\/\/secure.gravatar.com\/avatar\/e5ce118bd86e5549ff544e7c5b614da198ecaa7f8e9398b55d27ae1f117511d8?s=96&d=mm&r=g","url":"https:\/\/secure.gravatar.com\/avatar\/e5ce118bd86e5549ff544e7c5b614da198ecaa7f8e9398b55d27ae1f117511d8?s=96&d=mm&r=g","contentUrl":"https:\/\/secure.gravatar.com\/avatar\/e5ce118bd86e5549ff544e7c5b614da198ecaa7f8e9398b55d27ae1f117511d8?s=96&d=mm&r=g","caption":"Timur \u0130nce"},"description":"Zaman\u0131n ruhunda bir damla m\u00fcrekkep olmay\u0131 isterdim. Bir damla m\u00fcrekkep bir ulusun kaderini yazmaya yeterlidir.","sameAs":["https:\/\/malatyareport.com.tr","https:\/\/www.facebook.com\/timurince","@timur_ince_t5_","https:\/\/x.com\/@timurince11"],"url":"https:\/\/malatyareport.com.tr\/index.php\/author\/admin_6i9yniox\/"}]}},"jetpack_featured_media_url":"","jetpack_sharing_enabled":true,"_links":{"self":[{"href":"https:\/\/malatyareport.com.tr\/index.php\/wp-json\/wp\/v2\/posts\/133","targetHints":{"allow":["GET"]}}],"collection":[{"href":"https:\/\/malatyareport.com.tr\/index.php\/wp-json\/wp\/v2\/posts"}],"about":[{"href":"https:\/\/malatyareport.com.tr\/index.php\/wp-json\/wp\/v2\/types\/post"}],"author":[{"embeddable":true,"href":"https:\/\/malatyareport.com.tr\/index.php\/wp-json\/wp\/v2\/users\/1"}],"replies":[{"embeddable":true,"href":"https:\/\/malatyareport.com.tr\/index.php\/wp-json\/wp\/v2\/comments?post=133"}],"version-history":[{"count":5,"href":"https:\/\/malatyareport.com.tr\/index.php\/wp-json\/wp\/v2\/posts\/133\/revisions"}],"predecessor-version":[{"id":141,"href":"https:\/\/malatyareport.com.tr\/index.php\/wp-json\/wp\/v2\/posts\/133\/revisions\/141"}],"wp:attachment":[{"href":"https:\/\/malatyareport.com.tr\/index.php\/wp-json\/wp\/v2\/media?parent=133"}],"wp:term":[{"taxonomy":"category","embeddable":true,"href":"https:\/\/malatyareport.com.tr\/index.php\/wp-json\/wp\/v2\/categories?post=133"},{"taxonomy":"post_tag","embeddable":true,"href":"https:\/\/malatyareport.com.tr\/index.php\/wp-json\/wp\/v2\/tags?post=133"}],"curies":[{"name":"wp","href":"https:\/\/api.w.org\/{rel}","templated":true}]}}