{"id":142,"date":"2025-05-23T19:53:53","date_gmt":"2025-05-23T19:53:53","guid":{"rendered":"https:\/\/malatyareport.com.tr\/?p=142"},"modified":"2025-05-24T07:56:05","modified_gmt":"2025-05-24T07:56:05","slug":"is-kur-paradoksu-malatyanin-buklum-buklum-yolari-dost-modern-darbe","status":"publish","type":"post","link":"https:\/\/malatyareport.com.tr\/index.php\/2025\/05\/23\/is-kur-paradoksu-malatyanin-buklum-buklum-yolari-dost-modern-darbe\/","title":{"rendered":"\u0130\u015e-KUR PARADOKSU-MALATYA\u2019NIN B\u00dcKL\u00dcM B\u00dcKL\u00dcM YOLARI-DOST MODERN DARBE"},"content":{"rendered":"\n<figure class=\"wp-block-image size-full\"><img data-recalc-dims=\"1\" loading=\"lazy\" decoding=\"async\" width=\"760\" height=\"450\" src=\"https:\/\/i0.wp.com\/malatyareport.com.tr\/wp-content\/uploads\/2025\/05\/24354733-6264-4D99-832D-E11E4F1B242B.jpeg?resize=760%2C450&#038;ssl=1\" alt=\"\" class=\"wp-image-146\" srcset=\"https:\/\/i0.wp.com\/malatyareport.com.tr\/wp-content\/uploads\/2025\/05\/24354733-6264-4D99-832D-E11E4F1B242B.jpeg?w=760&amp;ssl=1 760w, https:\/\/i0.wp.com\/malatyareport.com.tr\/wp-content\/uploads\/2025\/05\/24354733-6264-4D99-832D-E11E4F1B242B.jpeg?resize=300%2C178&amp;ssl=1 300w\" sizes=\"auto, (max-width: 760px) 100vw, 760px\" \/><\/figure>\n\n\n\n<p class=\"wp-block-paragraph\">Malatya \u0130\u015eKUR \u0130l M\u00fcd\u00fcrl\u00fc\u011f\u00fcnde, \u00c7al\u0131\u015fma ve Sosyal G\u00fcvenlik Bakanl\u0131\u011f\u0131na yap\u0131lan \u015fikayetler sonucunda bakanl\u0131k m\u00fcfetti\u015fleri taraf\u0131ndan soru\u015fturma ba\u015flat\u0131lm\u0131\u015f olup, tedbiren il m\u00fcd\u00fcr\u00fc ve 3 personel a\u00e7\u0131\u011fa al\u0131nd\u0131\u011f\u0131 haberlerini hepimiz yerel ve ulusal bas\u0131ndan bilgi sahibi olmu\u015ftuk\u2026<\/p>\n\n\n\n<p class=\"wp-block-paragraph\">A\u00e7\u0131\u011fa al\u0131nan \u00fc\u00e7 personelin hesab\u0131nda normalden fazla para bulundu\u011fu iddias\u0131 da var, hen\u00fcz para ile ilgili tek soru \u00fc\u00e7 ki\u015fiye sorulmam\u0131\u015f, hesab\u0131n\u0131 veremeyecekleri bir para olmad\u0131\u011f\u0131 da beyanlar aras\u0131nda. \u0130l m\u00fcd\u00fcr\u00fc Akk\u00f6se\u2019nin ise s\u0131rf m\u00fcd\u00fcrleri oldu\u011fu i\u00e7in beraberinde a\u00e7\u0131\u011fa al\u0131nd\u0131\u011f\u0131 ve bahsi ge\u00e7en iddialar olan para nikahlar\u0131, bitcoin para, mal varl\u0131klar\u0131 vs ile bir alakas\u0131, irtibat\u0131 olmad\u0131\u011f\u0131na dair geli\u015fmelerdir hepsi. <\/p>\n\n\n\n<p class=\"wp-block-paragraph\">A\u00e7\u0131\u011fa al\u0131nan bu 3 ki\u015finin sal\u00e7a fabrikas\u0131, k\u00e2\u011f\u0131t bardak fabrikas\u0131, \u00e7ok say\u0131da gayrimenkuller ve l\u00fcks arabalar\u0131 oldu\u011fu, bu fabrika, ara\u00e7 ve gayrimenkulleri akrabalar\u0131 ve arkada\u015flar\u0131 ad\u0131na yapt\u0131klar\u0131 da iddaalar aras\u0131nda yer al\u0131yordu.\u00a0<\/p>\n\n\n\n<p class=\"wp-block-paragraph\">\u0130l M\u00fcd\u00fcr\u00fc <strong>\u00c7etin AKK\u00d6SE<\/strong> soru\u015fturma ba\u015flamadan \u00f6nce, kendisi ile birlikte a\u00e7\u0131\u011fa al\u0131nan bu 3 personele kurum i\u00e7inde ayr\u0131 bir oda tahsis etti\u011fi, bu personellere y\u0131llarca kurum i\u015f ve i\u015flemleri ile ilgili hi\u00e7 bir sorumluluk verilmedi\u011fi, a\u00e7\u0131\u011fa al\u0131nan bu personellerin, bahse konu bu paralar\u0131 y\u00f6netmek i\u00e7in bahis siteleri ve bitcoin sitelerinde i\u015flemler ger\u00e7ekle\u015ftirdiklerine dair geni\u015f bir yelpazeyi kapsayan iddaalard\u0131 hepsi.&nbsp;&nbsp;<\/p>\n\n\n\n<p class=\"wp-block-paragraph\">Tabi bunlar \u015fimdilik sadece birer iddia, masumiyet karinesini elbette g\u00f6z \u00f6n\u00fcnde bulunduraca\u011f\u0131z biz. \u00c7\u00fcnk\u00fc soru\u015fturma sonu\u00e7lanmadan karar vermek, \u00f6n sezilerle yarg\u0131lamak kimsenin haddi olmamal\u0131.&nbsp;<\/p>\n\n\n\n<p class=\"wp-block-paragraph\">\u00d6ncelikle \u0130\u015eKUR il m\u00fcd\u00fcr\u00fc <strong>\u00c7etin Akk\u00f6se<\/strong> \u015fahsen iyi tan\u0131d\u0131\u011f\u0131m biri, b\u00f6lgemizde bilinen k\u00f6kl\u00fc bir ailenin \u00e7ocu\u011fu. K\u00f6yleri olan <strong>Ormani\u00e7i<\/strong> (<em>Titrin<\/em>) k\u00f6y\u00fcnde eski a\u011fal\u0131k s\u00fclalesinden gelen bir aile. A\u011fal\u0131k dediysem bilindik fakir fukaraya zul\u00fcm yapan, b\u00f6lgesinde zorbal\u0131kla ge\u00e7inen feodalite alg\u0131s\u0131 gelmesin akl\u0131n\u0131za. Tam tersine varl\u0131kl\u0131, nezih, ekmek veren, hanedan ve bilge insanlar\u0131na fayda sa\u011flad\u0131klar\u0131 i\u00e7in b\u00f6yle nitelendirilmi\u015fler. Titrin k\u00f6y\u00fcnden ge\u00e7en ana yoldan a\u015fa\u011f\u0131 do\u011fru bak\u0131ld\u0131\u011f\u0131nda Titrin ovas\u0131n\u0131n % 80 gibi oran\u0131nda arazi sahipleri yani ezelden varl\u0131kl\u0131 ve de her daim atalardan-dedelerden beri b\u00f6lgesine faydalar\u0131 dokunmu\u015f olma \u00f6zellikleri ile bilinirler. Bu cihetle \u00c7etin Akk\u00f6se\u2019nin bulundu\u011fu makam konum itibariyle hi\u00e7 bir suistimale tenezz\u00fcl etmeyecek yap\u0131da oldu\u011funu d\u00fc\u015f\u00fcn\u00fcyorum. Bu ailenin k\u00e2\u011f\u0131t barsak fabrikas\u0131na, sal\u00e7a fabrikas\u0131na ihtiyac\u0131 yok ki. \u00c7\u00fcnk\u00fc P\u00fct\u00fcrge co\u011frafyas\u0131nda herkes birbirini tan\u0131r, bilir. Hele baz\u0131 ailelerin aile isimlerini ta\u015f\u0131mak, onu temiz tutmak, ailesi ve soy ismine yak\u0131\u015f\u0131r \u015fekilde ya\u015famak servet mal m\u00fclkten \u00f6nemli oldu\u011fu bilinmeli. O sebeplen \u0130\u015eKUR il m\u00fcd\u00fcr\u00fc Akk\u00f6se soru\u015fturmaya dahil edilmi\u015f mi-edilmemi\u015f mi? Edilmi\u015fse ne kadar edilmi\u015f iyi bakmak laz\u0131m. \u0130\u015eKUR paradoksu san\u0131r\u0131m bir s\u00fcre daha toplumun g\u00fcndeminde kalmaya devam edecek. Konuyu kendi penceremden de\u011ferlendiriyor, b\u00f6yle bak\u0131yorum. Bazen su\u00e7-su\u00e7suzlu\u011fu hepsini kar\u0131\u015ft\u0131r\u0131yoruz birbirine. <\/p>\n\n\n\n<p class=\"wp-block-paragraph\">Bilhassa g\u00f6revden el \u00e7ektirilen di\u011fer 3 ki\u015finin soru\u015fturmaya mahal veren menfi operasyonlar\u0131 Akk\u00f6se\u2019den <strong>ba\u011f\u0131ms\u0131z<\/strong> ger\u00e7ekle\u015ftirdikleri kanaatini g\u00f6z \u00f6n\u00fcnde bulunduraraktan; soru\u015fturman\u0131n sa\u011fl\u0131kl\u0131 ve adil bir \u015fekilde tamamlanmas\u0131n\u0131, nihai yarg\u0131 karar\u0131n\u0131n verilme a\u015famas\u0131n\u0131 bekleyece\u011fiz. Belki soru\u015fturma sonras\u0131nda Akk\u00f6se tekrar g\u00f6revinin ba\u015f\u0131na d\u00f6ner, kmbilir? Parametreler en \u00e7ok bunu g\u00f6stermektedir. \u015eahsi fikrim olarak bu y\u00f6nde geli\u015fmelerin ya\u015fanaca\u011f\u0131n\u0131  d\u00fc\u015f\u00fcn\u00fcyorum.&nbsp;<\/p>\n\n\n\n<p class=\"wp-block-paragraph\"><mark style=\"background-color:rgba(0, 0, 0, 0)\" class=\"has-inline-color has-vivid-cyan-blue-color\"><strong>Hakan Bay\u2019\u0131n e\u015fi ilgili<\/strong><\/mark><strong><mark style=\"background-color:rgba(0, 0, 0, 0)\" class=\"has-inline-color has-vivid-cyan-blue-color\"> G\u00f6r\u00fc\u015fmemiz<\/mark><\/strong><\/p>\n\n\n\n<p class=\"wp-block-paragraph\"><strong>\u0130\u015eKUR<\/strong> soru\u015fturmas\u0131na dahil edilen di\u011fer bir konu; <strong>Do\u011fanyol<\/strong> belediye ba\u015fkan\u0131 <strong>Hakan Bay\u2019<\/strong>\u0131n e\u015fi <strong>Fadime Bay<\/strong>\u2019\u0131n us\u00fcls\u00fczce ve belediye ba\u015fkan\u0131 e\u015fi Hakan Bay\u2019\u0131n belediye ba\u015fkanl\u0131\u011f\u0131 n\u00fcfuzunu kullanarak mevcut g\u00f6revine getirildi\u011fine dair yerel bas\u0131na yans\u0131yan baz\u0131 iddialard\u0131. \u0130ki konunun asl\u0131nda birlikte cereyan etti\u011fi de\u011ferlendirilmi\u015fti. Bunun \u00fczerine Do\u011fanyol belediye ba\u015fkan\u0131 Hakan Bay\u2019\u0131 arad\u0131m: \u201c<em>e\u015finizle ilgili kamuoyuna yans\u0131yan iddialar hakk\u0131nda siz ne diyorsunuz? Bir de sizden dinlemek istiyoruz<\/em>\u201d \u015eeklinde bir soru y\u00f6nelttim kendisinde.&nbsp;<\/p>\n\n\n\n<p class=\"wp-block-paragraph\">Bay cevaben \u015f\u00f6yle dedi \u201c<em>E\u015fim 2010 y\u0131l\u0131 KPSS s\u0131nav\u0131nda (100 \u00fczerinden 84) derece yaparak Tapu Kadastro m\u00fcd\u00fcrl\u00fc\u011f\u00fcne bilgisayar i\u015fletmeni olarak atand\u0131. Yakla\u015f\u0131k 15 y\u0131l ayn\u0131 kurumda hizmet verdi ve daha sonra Ad\u0131yaman \u0130\u015eKUR \u0130l M\u00fcd\u00fcrl\u00fc\u011f\u00fce \u0130l m\u00fcd\u00fcr yard\u0131mc\u0131s\u0131 oldu bu atamada. Her \u015fey ilgili kanun h\u00fck\u00fcmlerine g\u00f6re yap\u0131ld\u0131, daha sonra kazan\u0131lm\u0131\u015f haklar\u0131ndan feragat ederek daha d\u00fc\u015f\u00fck \u00f6zl\u00fck haklar\u0131 olan Malatya \u0130\u015eKUR il m\u00fcd\u00fcrl\u00fc\u011f\u00fcne \u015eube m\u00fcd\u00fcr\u00fc oldu,&nbsp;<\/em><\/p>\n\n\n\n<p class=\"wp-block-paragraph\"><em>\u0130l m\u00fcd\u00fcr\u00fc \u00c7etin AKK\u00d6SE\u2019de ayn\u0131 \u015fekilde Milli e\u011fitimde \u00f6\u011fretmenken bir belde belediyesine belediye ba\u015fkan yard\u0131mc\u0131s\u0131, akabinde&nbsp;&nbsp;\u0130\u015eKUR \u015fube m\u00fcd\u00fcr\u00fc yap\u0131ld\u0131 , sonras\u0131nda il m\u00fcd\u00fcr\u00fc oldu. \u0130\u015eKUR da bu \u015fekilde benzer binlerce personel var,<\/em><\/p>\n\n\n\n<p class=\"wp-block-paragraph\"><em>Ayr\u0131ca e\u015fimin Malatya\u2019ya atanmas\u0131ndan sonra \u00e7e\u015fitli medya kurulu\u015flar\u0131na haber yapt\u0131rd\u0131lar, \u015fimdi de bakanl\u0131k m\u00fcfetti\u015fleri \u0130\u015eKUR Malatya il m\u00fcd\u00fcrl\u00fc\u011f\u00fcnde tefti\u015f yap\u0131yorlar, bu tefti\u015fi benim siyasi g\u00fcc\u00fcm\u00fc kullanarak yapt\u0131rd\u0131\u011f\u0131m iddias\u0131yla baz\u0131 bas\u0131n birimleri haber yapt\u0131. B\u00f6yle bir \u015feyi asla kabul etmiyorum. Ben hak hukuk konular\u0131na duyarl\u0131 davranan biriyim. Her t\u00fcrl\u00fc tefti\u015fe a\u00e7\u0131\u011f\u0131z, mevzuat ortada buyrun ara\u015ft\u0131r\u0131ls\u0131n, e\u015fim daha \u00fcst makamda olmas\u0131 gerekirken daha d\u00fc\u015f\u00fck g\u00f6revde kald\u0131. Bunlar as\u0131ls\u0131z haberler ve iddialard\u0131r. Kabul etmiyorum. E\u015fimle ilgili \u00f6ne s\u00fcr\u00fclen haberler siyasi bir komplodan ibarettir, asl\u0131 olmayan yalan-yanl\u0131\u015f bilgiler kamuoyuna sunulmakta, bu durum da olduk\u00e7a bizi derinden \u00fczmektedir\u2026\u201d<\/em> dedi.&nbsp;<\/p>\n\n\n\n<p class=\"wp-block-paragraph\"><strong><mark style=\"background-color:rgba(0, 0, 0, 0)\" class=\"has-inline-color has-vivid-cyan-blue-color\">Neden P\u00fct\u00fcrge Malatya Topra\u011f\u0131 De\u011fil mi<\/mark><\/strong>?&nbsp;<\/p>\n\n\n\n<p class=\"wp-block-paragraph\">Ge\u00e7en hafta g\u00f6rkemli bir t\u00f6renle bir y\u0131ll\u0131k icraatlar\u0131n\u0131 a\u00e7\u0131klayan Malatya B\u00fcy\u00fck\u015fehir belediyesi ba\u015fkan\u0131 <strong>Sami Er<\/strong> <a href=\"https:\/\/malatyareport.com.tr\/index.php\/2025\/05\/20\/kurek-sami-grayder-sami-yol-sami-asfalt-sami\/\">70 maddelik <strong>devr\u2019i alem<\/strong> listesinden<\/a> bir tanesi de <strong>780<\/strong> km\u2019lik yol yapt\u0131\u011f\u0131 iddias\u0131yd\u0131. Bizde merak ettik, bu yol \u201c<em>nereye yap\u0131ld\u0131 acaba\u201d <\/em>diye. \u00dcst \u00fcste konuldu\u011funda nerdeyse Sakarya\u2019ya yeti\u015fen bir g\u00fczergah anlam\u0131na gelir. P\u00fct\u00fcrge\u2019ye ya\u015fayan biri olarak Do\u011fanyol-P\u00fct\u00fcrge yol ay\u0131r\u0131m\u0131 aras\u0131 25 km\u2019lik yol yap\u0131lacakt\u0131 s\u00f6zde. Yolun yap\u0131lmaya ba\u015flanma tarihi 2016, y\u0131l olmu\u015f 2025 halen Bur\u00e7 k\u00f6pr\u00fcs\u00fcnde t\u0131kal\u0131 kalm\u0131\u015f. \u00c7\u00fcnk\u00fc se\u00e7imi bekliyorlar. Se\u00e7ime yak\u0131n birileri ortaya \u00e7\u0131kacak ve bak\u0131n \u201c<em>yolunuzu yap\u0131yoruz, hadi sizde oyunuzu verin\u201d<\/em> ucuz siyaset algoritmas\u0131nadan ba\u015fka bir \u015fey de\u011fil. Yolun M\u00fctehaitli\u011fini alan <strong>Gen\u00e7-Ba<\/strong>y diye bir firma. Ara ara soruyoruz, \u201c<em><strong>ne zaman bu yol yap\u0131lacak<\/strong><\/em>\u201d? diye\u2026 \u201c<strong>\u00f6denek \u00e7\u0131km\u0131yo<\/strong>r\u201d cevab\u0131 en kestirme ve alt\u0131nda siyasi hinli\u011fin yatt\u0131\u011f\u0131 belli cevap oluyor. Karadeniz\u2019e \u00f6denek var, Malatya\u2019da 780 km yol yap\u0131m\u0131na \u00f6denek var, ranta var, oraya var buraya var ama ne hikmetse iki il\u00e7enin bariz kulland\u0131\u011f\u0131 ve art\u0131k eski yolun yetmedi\u011fi halde Bur\u00e7 k\u00f6pr\u00fcs\u00fcnden P\u00fct\u00fcrge yol ay\u0131r\u0131m\u0131nda kadar ki; kalan 10 km\u2019lik yola \u00f6denek yok, \u00f6yle mi? Yemi\u015fiz sizin \u00f6dene\u011finizi. P\u00fct\u00fcrge  g\u00f6zden \u00e7\u0131kar\u0131lm\u0131\u015f bir il\u00e7e, t\u00fcm mesele bu! Tarihten beri b\u00f6yleydi zaten. Merak\u0131m\u0131z\u0131 gideren l\u00fctfen 780 km\u2019lik b\u00fckl\u00fcm b\u00fckl\u00fcm yollara Malatyan\u0131n neresine yap\u0131ld\u0131 acaba ?&nbsp;P\u00fct\u00fcrge\u2019de 10 km yap\u0131lmad\u0131ysa nereye ? <\/p>\n\n\n\n<p class=\"wp-block-paragraph\"><mark style=\"background-color:rgba(0, 0, 0, 0)\" class=\"has-inline-color has-vivid-cyan-blue-color\"><strong>Dost Modern Darbe&nbsp;<\/strong><\/mark><\/p>\n\n\n\n<p class=\"wp-block-paragraph\">Fark\u0131nda m\u0131s\u0131n\u0131z bilmem Malatya son y\u0131llarda ekranlara hep &#8211;<strong>olumsuzluklar\u0131<\/strong>&#8211; ile g\u00fcndem olmaya ba\u015flad\u0131. Nedenleri belli. Futbolu, siyaseti, halay ekibi, depremden pas ge\u00e7ilmesi, \u015fehir algoritmas\u0131, kay\u0131s\u0131n\u0131n \u00e7aresizli\u011fi, renkli akan sular\u0131 derken son olarak ayn\u0131 partinin \u00e7at\u0131s\u0131 alt\u0131nda ki akt\u00f6rler birbirine \u00e7emkirerek g\u00fcndemi doldurmay\u0131 daha do\u011frusu halk\u0131 oyalama form\u00fcl\u00fc devreye konuldu. <strong>Dost-Modern bir darbe<\/strong> diyorum ad\u0131na. Neden Dost-Modern darbe? Baksan\u0131za Ak Partilililer birbirine giriyor.&nbsp;&nbsp;\u201c<strong>Bakkal i\u015f bulamay\u0131nca leblebi tartarm\u0131\u015f\u201d<\/strong> (<em>atas\u00f6z\u00fcn orjinali ba\u015fka\u2026<\/em>) misali bug\u00fcnler de ba\u015fkan <strong>Sami Er <\/strong>yeni bir ba\u015fka sava\u015f kart\u0131 (daha) a\u00e7t\u0131. Malum m\u0131c\u0131r meselesi\u2026 Kime? Selefi ba\u015fkan <strong>Selahattin G\u00fcrkan<\/strong>\u2019a. Bir Ak Partili di\u011fer bir Ak Partiliye. T\u0131pk\u0131 \u00e7ocuklar gibi, misketlerimi \u00e7ald\u0131n, sende benimkileri\u2026 Yahu ba\u015fkan ilk g\u00f6reve geldi\u011fin d\u00f6nem yine a\u00e7t\u0131n\u0131z o sava\u015f\u0131, gerisi gelmedi. Hani ne oldu bizim o i\u015f? Hatta canl\u0131 yay\u0131nda s\u00f6yledi\u011finiz \u015feyi sonra \u00e7\u0131k\u0131p yine ba\u015fka bir canl\u0131 yay\u0131n da inkar ettiniz. Yahu bu nedir b\u00f6yle, yapacaksan\u0131z yap\u0131n bu i\u015fi, yapmayacaksan\u0131z da eski defterleri kar\u0131\u015ft\u0131r\u0131p durmay\u0131n. Toplumun sizden bekletileri var, millet a\u00e7 a\u00e7\u0131kta, z\u0131rt p\u0131rt a\u00e7\u0131klama yapaca\u011f\u0131n\u0131za \u00e7a\u011f\u0131r\u0131n m\u00fclkiye m\u00fcfetti\u015flerini, say\u0131\u015ftay\u0131 raporlar\u0131n\u0131 haz\u0131rlay\u0131n, su\u00e7 incelenesi ba\u015flat\u0131n. \u0130ki de bir Dost Modern k\u00f6ktenci siyasi \u015fov yapmakta nedir b\u00f6yle? Tr\u00fcb\u00fcnlere oynuyorsunuz ba\u015fkan.&nbsp;Trib\u00fcnlere\u2026<\/p>\n\n\n\n<p class=\"wp-block-paragraph\"><strong><mark style=\"background-color:rgba(0, 0, 0, 0)\" class=\"has-inline-color has-vivid-cyan-blue-color\">Genel Sekreter Aray\u0131\u015f\u0131 Devam Ediyor<\/mark><\/strong><\/p>\n\n\n\n<p class=\"wp-block-paragraph\">Genel sekreter i\u00e7in <strong>Mehmet Beytur<\/strong> ismi \u00f6n plana c\u0131km\u0131s gibi g\u00f6r\u00fcn\u00fcyor,&nbsp;Beytur T\u00fcrk Telekom Genel M\u00fcd\u00fcrl\u00fc\u011f\u00fcnde \u00fcst d\u00fczey b\u00fcrokrat ancak yeni gelen genel m\u00fcd\u00fcr kendisiyle \u00e7al\u0131\u015fmad\u0131\u011f\u0131 i\u00e7in g\u00f6rev verilmemi\u015f. \u015eu an k\u0131zakta, y\u0131llard\u0131r Malatya&#8217;ya gelmemi\u015f, Malatya&#8217;ya bi haber birisi, depremde de Malatya\u2019da olmayan biri, Sami beyin \u00e7ocukluk arkada\u015f\u0131, ayn\u0131 ya\u015flarda. Ald\u0131\u011f\u0131m\u0131z duyumlara g\u00f6re teklif g\u00f6t\u00fcr\u00fclm\u00fc\u015f fakat pek s\u0131cak bakmad\u0131\u011f\u0131 ve \u015fartlar\u0131n\u0131n Malatya\u2019ya gelmeye haz\u0131r olmad\u0131\u011f\u0131 y\u00f6n\u00fcnde bilgiler geldi. Gelirse koltuk haz\u0131r,&nbsp;orda. Malatya\u2019da burda. Tek sorun kimsenin gelmeye cesaret edememesi\u2026<\/p>\n\n\n\n<p class=\"wp-block-paragraph\"><mark style=\"background-color:rgba(0, 0, 0, 0)\" class=\"has-inline-color has-vivid-cyan-blue-color\"><strong>MASKI\u2019ye \u015eikayetler Bitmiyor&nbsp;<\/strong><\/mark><\/p>\n\n\n\n<p class=\"wp-block-paragraph\">Maski ile ilgili Malatya genelinde \u015fikayet ve memnuniyetsizlik had safhada. Hatta Parti&#8217;de de konu\u015fuldu\u011funa g\u00f6re Maski ile ilgili gelen \u015fikayetler partiyi zay\u0131flat\u0131yormu\u015f. <strong>Sinan \u00c7e\u00e7en<\/strong> ve ekibi bir t\u00fcrl\u00fc sahaya hakim olamad\u0131. K\u00e2\u011f\u0131t \u00fczerinde sunum, \u00f6zelinde g\u00fczel sunum yapip g\u00f6z boyuyor ancak sahada i\u015fler ba\u015fka, anlat\u0131ld\u0131\u011f\u0131 gibi de\u011fil, s\u0131k\u0131nt\u0131 b\u00fcy\u00fck. Toparlayam\u0131yorlar bir t\u00fcrl\u00fc, zaten \u00c7e\u00e7en depremde <strong>Mara\u015f\u2019<\/strong>ta g\u00f6revli idi. Fen \u0130\u015fleri daire ba\u015fkan\u0131 g\u00f6revinde bulunmuyordu. Mara\u015f yerel bas\u0131n\u0131nda haber yap\u0131ld\u0131, \u00c7e\u00e7en\u2019in \u015fehirdeki yaln\u0131\u015f uygulamalar\u0131 y\u00fcz\u00fcnden ayn\u0131 \u015fekil Ak Partinin oy kaybetti\u011fi yerel gazetelerde yaz\u0131ld\u0131 \u00e7izildi.&nbsp;San\u0131r\u0131m Malatya\u2019da rand\u0131man alamayaca\u011f\u0131z. <\/p>\n\n\n\n<p class=\"wp-block-paragraph\"><mark style=\"background-color:rgba(0, 0, 0, 0)\" class=\"has-inline-color has-vivid-cyan-blue-color\"><strong>Malatya B\u00fcy\u00fck\u015fehir Binas\u0131nda K\u00fct\u00fcphane&nbsp;<\/strong><\/mark><\/p>\n\n\n\n<p class=\"wp-block-paragraph\">Malatya B\u00fcy\u00fck\u015fehir bld. binas\u0131n\u0131n zemininde k\u00fct\u00fcphane yapma d\u00fc\u015f\u00fcnceleri var, alt kattaki birimler bu y\u00fczden ta\u015f\u0131n\u0131yor. K\u00fct\u00fcphane yap\u0131lacakm\u0131\u015f zemin katta. B\u00fcy\u00fck\u015fehir binas\u0131 i\u00e7ine. Oraya\u2026 Allah\u0131m sen bizim akl\u0131m\u0131z\u0131 koru.&nbsp;<\/p>\n\n\n\n<p class=\"wp-block-paragraph\"><strong><em><mark style=\"background-color:rgba(0, 0, 0, 0)\" class=\"has-inline-color has-vivid-red-color\">Dip not:<\/mark><\/em><\/strong> <em>\u015eehrin bu kadar devasa derd\u0131 s\u0131k\u0131nt\u0131s\u0131 varken Sami bey ve ekibinin k\u00fc\u00e7\u00fck i\u015flerle u\u011fra\u015fa durmalar\u0131 ve b\u00f6yle basit \u015feylerle u\u011fra\u015fmas\u0131 ba\u015fl\u0131 ba\u015f\u0131na garabettir.&nbsp;<\/em><\/p>\n","protected":false},"excerpt":{"rendered":"<p>Malatya \u0130\u015eKUR \u0130l M\u00fcd\u00fcrl\u00fc\u011f\u00fcnde, \u00c7al\u0131\u015fma ve Sosyal G\u00fcvenlik Bakanl\u0131\u011f\u0131na yap\u0131lan \u015fikayetler sonucunda bakanl\u0131k m\u00fcfetti\u015fleri taraf\u0131ndan soru\u015fturma ba\u015flat\u0131lm\u0131\u015f olup, tedbiren il m\u00fcd\u00fcr\u00fc ve 3 personel a\u00e7\u0131\u011fa&#8230;<\/p>\n<div class=\"more-link-wrapper\"><a class=\"more-link\" href=\"https:\/\/malatyareport.com.tr\/index.php\/2025\/05\/23\/is-kur-paradoksu-malatyanin-buklum-buklum-yolari-dost-modern-darbe\/\">Devam\u0131n\u0131 okuyun<span class=\"screen-reader-text\">\u0130\u015e-KUR PARADOKSU-MALATYA\u2019NIN B\u00dcKL\u00dcM B\u00dcKL\u00dcM YOLARI-DOST MODERN DARBE<\/span><\/a><\/div>\n","protected":false},"author":1,"featured_media":0,"comment_status":"open","ping_status":"open","sticky":false,"template":"","format":"standard","meta":{"_jetpack_memberships_contains_paid_content":false,"footnotes":""},"categories":[5],"tags":[],"class_list":["post-142","post","type-post","status-publish","format-standard","hentry","category-kose-yazilari","entry"],"yoast_head":"<!-- This site is optimized with the Yoast SEO plugin v28.2 - https:\/\/yoast.com\/product\/yoast-seo-wordpress\/ -->\n<title>\u0130\u015e-KUR PARADOKSU-MALATYA\u2019NIN B\u00dcKL\u00dcM B\u00dcKL\u00dcM YOLARI-DOST MODERN DARBE - Malatya Report<\/title>\n<meta name=\"robots\" content=\"index, follow, max-snippet:-1, max-image-preview:large, max-video-preview:-1\" \/>\n<link rel=\"canonical\" href=\"https:\/\/malatyareport.com.tr\/index.php\/2025\/05\/23\/is-kur-paradoksu-malatyanin-buklum-buklum-yolari-dost-modern-darbe\/\" \/>\n<meta property=\"og:locale\" content=\"tr_TR\" \/>\n<meta property=\"og:type\" content=\"article\" \/>\n<meta property=\"og:title\" content=\"\u0130\u015e-KUR PARADOKSU-MALATYA\u2019NIN B\u00dcKL\u00dcM B\u00dcKL\u00dcM YOLARI-DOST MODERN DARBE - Malatya Report\" \/>\n<meta property=\"og:description\" content=\"Malatya \u0130\u015eKUR \u0130l M\u00fcd\u00fcrl\u00fc\u011f\u00fcnde, \u00c7al\u0131\u015fma ve Sosyal G\u00fcvenlik Bakanl\u0131\u011f\u0131na yap\u0131lan \u015fikayetler sonucunda bakanl\u0131k m\u00fcfetti\u015fleri taraf\u0131ndan soru\u015fturma ba\u015flat\u0131lm\u0131\u015f olup, tedbiren il m\u00fcd\u00fcr\u00fc ve 3 personel a\u00e7\u0131\u011fa&#8230;\" \/>\n<meta property=\"og:url\" content=\"https:\/\/malatyareport.com.tr\/index.php\/2025\/05\/23\/is-kur-paradoksu-malatyanin-buklum-buklum-yolari-dost-modern-darbe\/\" \/>\n<meta property=\"og:site_name\" content=\"Malatya Report\" \/>\n<meta property=\"article:author\" content=\"https:\/\/www.facebook.com\/timurince\" \/>\n<meta property=\"article:published_time\" content=\"2025-05-23T19:53:53+00:00\" \/>\n<meta property=\"article:modified_time\" content=\"2025-05-24T07:56:05+00:00\" \/>\n<meta property=\"og:image\" content=\"https:\/\/malatyareport.com.tr\/wp-content\/uploads\/2025\/05\/24354733-6264-4D99-832D-E11E4F1B242B.jpeg\" \/>\n<meta name=\"author\" content=\"Timur \u0130nce\" \/>\n<meta name=\"twitter:card\" content=\"summary_large_image\" \/>\n<meta name=\"twitter:creator\" content=\"@timurince11\" \/>\n<meta name=\"twitter:label1\" content=\"Yazan:\" \/>\n\t<meta name=\"twitter:data1\" content=\"Timur \u0130nce\" \/>\n\t<meta name=\"twitter:label2\" content=\"Tahmini okuma s\u00fcresi\" \/>\n\t<meta name=\"twitter:data2\" content=\"9 dakika\" \/>\n<script type=\"application\/ld+json\" class=\"yoast-schema-graph\">{\"@context\":\"https:\\\/\\\/schema.org\",\"@graph\":[{\"@type\":\"Article\",\"@id\":\"https:\\\/\\\/malatyareport.com.tr\\\/index.php\\\/2025\\\/05\\\/23\\\/is-kur-paradoksu-malatyanin-buklum-buklum-yolari-dost-modern-darbe\\\/#article\",\"isPartOf\":{\"@id\":\"https:\\\/\\\/malatyareport.com.tr\\\/index.php\\\/2025\\\/05\\\/23\\\/is-kur-paradoksu-malatyanin-buklum-buklum-yolari-dost-modern-darbe\\\/\"},\"author\":{\"name\":\"Timur \u0130nce\",\"@id\":\"https:\\\/\\\/malatyareport.com.tr\\\/#\\\/schema\\\/person\\\/93146d94af76b792b58ac78050cc6da7\"},\"headline\":\"\u0130\u015e-KUR PARADOKSU-MALATYA\u2019NIN B\u00dcKL\u00dcM B\u00dcKL\u00dcM YOLARI-DOST MODERN DARBE\",\"datePublished\":\"2025-05-23T19:53:53+00:00\",\"dateModified\":\"2025-05-24T07:56:05+00:00\",\"mainEntityOfPage\":{\"@id\":\"https:\\\/\\\/malatyareport.com.tr\\\/index.php\\\/2025\\\/05\\\/23\\\/is-kur-paradoksu-malatyanin-buklum-buklum-yolari-dost-modern-darbe\\\/\"},\"wordCount\":1972,\"commentCount\":4,\"image\":{\"@id\":\"https:\\\/\\\/malatyareport.com.tr\\\/index.php\\\/2025\\\/05\\\/23\\\/is-kur-paradoksu-malatyanin-buklum-buklum-yolari-dost-modern-darbe\\\/#primaryimage\"},\"thumbnailUrl\":\"https:\\\/\\\/malatyareport.com.tr\\\/wp-content\\\/uploads\\\/2025\\\/05\\\/24354733-6264-4D99-832D-E11E4F1B242B.jpeg\",\"articleSection\":[\"K\u00f6\u015fe Yaz\u0131lar\u0131\"],\"inLanguage\":\"tr\",\"potentialAction\":[{\"@type\":\"CommentAction\",\"name\":\"Comment\",\"target\":[\"https:\\\/\\\/malatyareport.com.tr\\\/index.php\\\/2025\\\/05\\\/23\\\/is-kur-paradoksu-malatyanin-buklum-buklum-yolari-dost-modern-darbe\\\/#respond\"]}]},{\"@type\":\"WebPage\",\"@id\":\"https:\\\/\\\/malatyareport.com.tr\\\/index.php\\\/2025\\\/05\\\/23\\\/is-kur-paradoksu-malatyanin-buklum-buklum-yolari-dost-modern-darbe\\\/\",\"url\":\"https:\\\/\\\/malatyareport.com.tr\\\/index.php\\\/2025\\\/05\\\/23\\\/is-kur-paradoksu-malatyanin-buklum-buklum-yolari-dost-modern-darbe\\\/\",\"name\":\"\u0130\u015e-KUR PARADOKSU-MALATYA\u2019NIN B\u00dcKL\u00dcM B\u00dcKL\u00dcM YOLARI-DOST MODERN DARBE - Malatya Report\",\"isPartOf\":{\"@id\":\"https:\\\/\\\/malatyareport.com.tr\\\/#website\"},\"primaryImageOfPage\":{\"@id\":\"https:\\\/\\\/malatyareport.com.tr\\\/index.php\\\/2025\\\/05\\\/23\\\/is-kur-paradoksu-malatyanin-buklum-buklum-yolari-dost-modern-darbe\\\/#primaryimage\"},\"image\":{\"@id\":\"https:\\\/\\\/malatyareport.com.tr\\\/index.php\\\/2025\\\/05\\\/23\\\/is-kur-paradoksu-malatyanin-buklum-buklum-yolari-dost-modern-darbe\\\/#primaryimage\"},\"thumbnailUrl\":\"https:\\\/\\\/malatyareport.com.tr\\\/wp-content\\\/uploads\\\/2025\\\/05\\\/24354733-6264-4D99-832D-E11E4F1B242B.jpeg\",\"datePublished\":\"2025-05-23T19:53:53+00:00\",\"dateModified\":\"2025-05-24T07:56:05+00:00\",\"author\":{\"@id\":\"https:\\\/\\\/malatyareport.com.tr\\\/#\\\/schema\\\/person\\\/93146d94af76b792b58ac78050cc6da7\"},\"breadcrumb\":{\"@id\":\"https:\\\/\\\/malatyareport.com.tr\\\/index.php\\\/2025\\\/05\\\/23\\\/is-kur-paradoksu-malatyanin-buklum-buklum-yolari-dost-modern-darbe\\\/#breadcrumb\"},\"inLanguage\":\"tr\",\"potentialAction\":[{\"@type\":\"ReadAction\",\"target\":[\"https:\\\/\\\/malatyareport.com.tr\\\/index.php\\\/2025\\\/05\\\/23\\\/is-kur-paradoksu-malatyanin-buklum-buklum-yolari-dost-modern-darbe\\\/\"]}]},{\"@type\":\"ImageObject\",\"inLanguage\":\"tr\",\"@id\":\"https:\\\/\\\/malatyareport.com.tr\\\/index.php\\\/2025\\\/05\\\/23\\\/is-kur-paradoksu-malatyanin-buklum-buklum-yolari-dost-modern-darbe\\\/#primaryimage\",\"url\":\"https:\\\/\\\/i0.wp.com\\\/malatyareport.com.tr\\\/wp-content\\\/uploads\\\/2025\\\/05\\\/24354733-6264-4D99-832D-E11E4F1B242B.jpeg?fit=760%2C450&ssl=1\",\"contentUrl\":\"https:\\\/\\\/i0.wp.com\\\/malatyareport.com.tr\\\/wp-content\\\/uploads\\\/2025\\\/05\\\/24354733-6264-4D99-832D-E11E4F1B242B.jpeg?fit=760%2C450&ssl=1\",\"width\":760,\"height\":450},{\"@type\":\"BreadcrumbList\",\"@id\":\"https:\\\/\\\/malatyareport.com.tr\\\/index.php\\\/2025\\\/05\\\/23\\\/is-kur-paradoksu-malatyanin-buklum-buklum-yolari-dost-modern-darbe\\\/#breadcrumb\",\"itemListElement\":[{\"@type\":\"ListItem\",\"position\":1,\"name\":\"Anasayfa\",\"item\":\"https:\\\/\\\/malatyareport.com.tr\\\/\"},{\"@type\":\"ListItem\",\"position\":2,\"name\":\"\u0130\u015e-KUR PARADOKSU-MALATYA\u2019NIN B\u00dcKL\u00dcM B\u00dcKL\u00dcM YOLARI-DOST MODERN DARBE\"}]},{\"@type\":\"WebSite\",\"@id\":\"https:\\\/\\\/malatyareport.com.tr\\\/#website\",\"url\":\"https:\\\/\\\/malatyareport.com.tr\\\/\",\"name\":\"Malatya Report\",\"description\":\"\",\"potentialAction\":[{\"@type\":\"SearchAction\",\"target\":{\"@type\":\"EntryPoint\",\"urlTemplate\":\"https:\\\/\\\/malatyareport.com.tr\\\/?s={search_term_string}\"},\"query-input\":{\"@type\":\"PropertyValueSpecification\",\"valueRequired\":true,\"valueName\":\"search_term_string\"}}],\"inLanguage\":\"tr\"},{\"@type\":\"Person\",\"@id\":\"https:\\\/\\\/malatyareport.com.tr\\\/#\\\/schema\\\/person\\\/93146d94af76b792b58ac78050cc6da7\",\"name\":\"Timur \u0130nce\",\"image\":{\"@type\":\"ImageObject\",\"inLanguage\":\"tr\",\"@id\":\"https:\\\/\\\/secure.gravatar.com\\\/avatar\\\/e5ce118bd86e5549ff544e7c5b614da198ecaa7f8e9398b55d27ae1f117511d8?s=96&d=mm&r=g\",\"url\":\"https:\\\/\\\/secure.gravatar.com\\\/avatar\\\/e5ce118bd86e5549ff544e7c5b614da198ecaa7f8e9398b55d27ae1f117511d8?s=96&d=mm&r=g\",\"contentUrl\":\"https:\\\/\\\/secure.gravatar.com\\\/avatar\\\/e5ce118bd86e5549ff544e7c5b614da198ecaa7f8e9398b55d27ae1f117511d8?s=96&d=mm&r=g\",\"caption\":\"Timur \u0130nce\"},\"description\":\"Zaman\u0131n ruhunda bir damla m\u00fcrekkep olmay\u0131 isterdim. Bir damla m\u00fcrekkep bir ulusun kaderini yazmaya yeterlidir.\",\"sameAs\":[\"https:\\\/\\\/malatyareport.com.tr\",\"https:\\\/\\\/www.facebook.com\\\/timurince\",\"@timur_ince_t5_\",\"https:\\\/\\\/x.com\\\/@timurince11\"],\"url\":\"https:\\\/\\\/malatyareport.com.tr\\\/index.php\\\/author\\\/admin_6i9yniox\\\/\"}]}<\/script>\n<!-- \/ Yoast SEO plugin. -->","yoast_head_json":{"title":"\u0130\u015e-KUR PARADOKSU-MALATYA\u2019NIN B\u00dcKL\u00dcM B\u00dcKL\u00dcM YOLARI-DOST MODERN DARBE - Malatya Report","robots":{"index":"index","follow":"follow","max-snippet":"max-snippet:-1","max-image-preview":"max-image-preview:large","max-video-preview":"max-video-preview:-1"},"canonical":"https:\/\/malatyareport.com.tr\/index.php\/2025\/05\/23\/is-kur-paradoksu-malatyanin-buklum-buklum-yolari-dost-modern-darbe\/","og_locale":"tr_TR","og_type":"article","og_title":"\u0130\u015e-KUR PARADOKSU-MALATYA\u2019NIN B\u00dcKL\u00dcM B\u00dcKL\u00dcM YOLARI-DOST MODERN DARBE - Malatya Report","og_description":"Malatya \u0130\u015eKUR \u0130l M\u00fcd\u00fcrl\u00fc\u011f\u00fcnde, \u00c7al\u0131\u015fma ve Sosyal G\u00fcvenlik Bakanl\u0131\u011f\u0131na yap\u0131lan \u015fikayetler sonucunda bakanl\u0131k m\u00fcfetti\u015fleri taraf\u0131ndan soru\u015fturma ba\u015flat\u0131lm\u0131\u015f olup, tedbiren il m\u00fcd\u00fcr\u00fc ve 3 personel a\u00e7\u0131\u011fa&#8230;","og_url":"https:\/\/malatyareport.com.tr\/index.php\/2025\/05\/23\/is-kur-paradoksu-malatyanin-buklum-buklum-yolari-dost-modern-darbe\/","og_site_name":"Malatya Report","article_author":"https:\/\/www.facebook.com\/timurince","article_published_time":"2025-05-23T19:53:53+00:00","article_modified_time":"2025-05-24T07:56:05+00:00","og_image":[{"url":"https:\/\/malatyareport.com.tr\/wp-content\/uploads\/2025\/05\/24354733-6264-4D99-832D-E11E4F1B242B.jpeg","type":"","width":"","height":""}],"author":"Timur \u0130nce","twitter_card":"summary_large_image","twitter_creator":"@timurince11","twitter_misc":{"Yazan:":"Timur \u0130nce","Tahmini okuma s\u00fcresi":"9 dakika"},"schema":{"@context":"https:\/\/schema.org","@graph":[{"@type":"Article","@id":"https:\/\/malatyareport.com.tr\/index.php\/2025\/05\/23\/is-kur-paradoksu-malatyanin-buklum-buklum-yolari-dost-modern-darbe\/#article","isPartOf":{"@id":"https:\/\/malatyareport.com.tr\/index.php\/2025\/05\/23\/is-kur-paradoksu-malatyanin-buklum-buklum-yolari-dost-modern-darbe\/"},"author":{"name":"Timur \u0130nce","@id":"https:\/\/malatyareport.com.tr\/#\/schema\/person\/93146d94af76b792b58ac78050cc6da7"},"headline":"\u0130\u015e-KUR PARADOKSU-MALATYA\u2019NIN B\u00dcKL\u00dcM B\u00dcKL\u00dcM YOLARI-DOST MODERN DARBE","datePublished":"2025-05-23T19:53:53+00:00","dateModified":"2025-05-24T07:56:05+00:00","mainEntityOfPage":{"@id":"https:\/\/malatyareport.com.tr\/index.php\/2025\/05\/23\/is-kur-paradoksu-malatyanin-buklum-buklum-yolari-dost-modern-darbe\/"},"wordCount":1972,"commentCount":4,"image":{"@id":"https:\/\/malatyareport.com.tr\/index.php\/2025\/05\/23\/is-kur-paradoksu-malatyanin-buklum-buklum-yolari-dost-modern-darbe\/#primaryimage"},"thumbnailUrl":"https:\/\/malatyareport.com.tr\/wp-content\/uploads\/2025\/05\/24354733-6264-4D99-832D-E11E4F1B242B.jpeg","articleSection":["K\u00f6\u015fe Yaz\u0131lar\u0131"],"inLanguage":"tr","potentialAction":[{"@type":"CommentAction","name":"Comment","target":["https:\/\/malatyareport.com.tr\/index.php\/2025\/05\/23\/is-kur-paradoksu-malatyanin-buklum-buklum-yolari-dost-modern-darbe\/#respond"]}]},{"@type":"WebPage","@id":"https:\/\/malatyareport.com.tr\/index.php\/2025\/05\/23\/is-kur-paradoksu-malatyanin-buklum-buklum-yolari-dost-modern-darbe\/","url":"https:\/\/malatyareport.com.tr\/index.php\/2025\/05\/23\/is-kur-paradoksu-malatyanin-buklum-buklum-yolari-dost-modern-darbe\/","name":"\u0130\u015e-KUR PARADOKSU-MALATYA\u2019NIN B\u00dcKL\u00dcM B\u00dcKL\u00dcM YOLARI-DOST MODERN DARBE - Malatya Report","isPartOf":{"@id":"https:\/\/malatyareport.com.tr\/#website"},"primaryImageOfPage":{"@id":"https:\/\/malatyareport.com.tr\/index.php\/2025\/05\/23\/is-kur-paradoksu-malatyanin-buklum-buklum-yolari-dost-modern-darbe\/#primaryimage"},"image":{"@id":"https:\/\/malatyareport.com.tr\/index.php\/2025\/05\/23\/is-kur-paradoksu-malatyanin-buklum-buklum-yolari-dost-modern-darbe\/#primaryimage"},"thumbnailUrl":"https:\/\/malatyareport.com.tr\/wp-content\/uploads\/2025\/05\/24354733-6264-4D99-832D-E11E4F1B242B.jpeg","datePublished":"2025-05-23T19:53:53+00:00","dateModified":"2025-05-24T07:56:05+00:00","author":{"@id":"https:\/\/malatyareport.com.tr\/#\/schema\/person\/93146d94af76b792b58ac78050cc6da7"},"breadcrumb":{"@id":"https:\/\/malatyareport.com.tr\/index.php\/2025\/05\/23\/is-kur-paradoksu-malatyanin-buklum-buklum-yolari-dost-modern-darbe\/#breadcrumb"},"inLanguage":"tr","potentialAction":[{"@type":"ReadAction","target":["https:\/\/malatyareport.com.tr\/index.php\/2025\/05\/23\/is-kur-paradoksu-malatyanin-buklum-buklum-yolari-dost-modern-darbe\/"]}]},{"@type":"ImageObject","inLanguage":"tr","@id":"https:\/\/malatyareport.com.tr\/index.php\/2025\/05\/23\/is-kur-paradoksu-malatyanin-buklum-buklum-yolari-dost-modern-darbe\/#primaryimage","url":"https:\/\/i0.wp.com\/malatyareport.com.tr\/wp-content\/uploads\/2025\/05\/24354733-6264-4D99-832D-E11E4F1B242B.jpeg?fit=760%2C450&ssl=1","contentUrl":"https:\/\/i0.wp.com\/malatyareport.com.tr\/wp-content\/uploads\/2025\/05\/24354733-6264-4D99-832D-E11E4F1B242B.jpeg?fit=760%2C450&ssl=1","width":760,"height":450},{"@type":"BreadcrumbList","@id":"https:\/\/malatyareport.com.tr\/index.php\/2025\/05\/23\/is-kur-paradoksu-malatyanin-buklum-buklum-yolari-dost-modern-darbe\/#breadcrumb","itemListElement":[{"@type":"ListItem","position":1,"name":"Anasayfa","item":"https:\/\/malatyareport.com.tr\/"},{"@type":"ListItem","position":2,"name":"\u0130\u015e-KUR PARADOKSU-MALATYA\u2019NIN B\u00dcKL\u00dcM B\u00dcKL\u00dcM YOLARI-DOST MODERN DARBE"}]},{"@type":"WebSite","@id":"https:\/\/malatyareport.com.tr\/#website","url":"https:\/\/malatyareport.com.tr\/","name":"Malatya Report","description":"","potentialAction":[{"@type":"SearchAction","target":{"@type":"EntryPoint","urlTemplate":"https:\/\/malatyareport.com.tr\/?s={search_term_string}"},"query-input":{"@type":"PropertyValueSpecification","valueRequired":true,"valueName":"search_term_string"}}],"inLanguage":"tr"},{"@type":"Person","@id":"https:\/\/malatyareport.com.tr\/#\/schema\/person\/93146d94af76b792b58ac78050cc6da7","name":"Timur \u0130nce","image":{"@type":"ImageObject","inLanguage":"tr","@id":"https:\/\/secure.gravatar.com\/avatar\/e5ce118bd86e5549ff544e7c5b614da198ecaa7f8e9398b55d27ae1f117511d8?s=96&d=mm&r=g","url":"https:\/\/secure.gravatar.com\/avatar\/e5ce118bd86e5549ff544e7c5b614da198ecaa7f8e9398b55d27ae1f117511d8?s=96&d=mm&r=g","contentUrl":"https:\/\/secure.gravatar.com\/avatar\/e5ce118bd86e5549ff544e7c5b614da198ecaa7f8e9398b55d27ae1f117511d8?s=96&d=mm&r=g","caption":"Timur \u0130nce"},"description":"Zaman\u0131n ruhunda bir damla m\u00fcrekkep olmay\u0131 isterdim. Bir damla m\u00fcrekkep bir ulusun kaderini yazmaya yeterlidir.","sameAs":["https:\/\/malatyareport.com.tr","https:\/\/www.facebook.com\/timurince","@timur_ince_t5_","https:\/\/x.com\/@timurince11"],"url":"https:\/\/malatyareport.com.tr\/index.php\/author\/admin_6i9yniox\/"}]}},"jetpack_featured_media_url":"","jetpack_sharing_enabled":true,"_links":{"self":[{"href":"https:\/\/malatyareport.com.tr\/index.php\/wp-json\/wp\/v2\/posts\/142","targetHints":{"allow":["GET"]}}],"collection":[{"href":"https:\/\/malatyareport.com.tr\/index.php\/wp-json\/wp\/v2\/posts"}],"about":[{"href":"https:\/\/malatyareport.com.tr\/index.php\/wp-json\/wp\/v2\/types\/post"}],"author":[{"embeddable":true,"href":"https:\/\/malatyareport.com.tr\/index.php\/wp-json\/wp\/v2\/users\/1"}],"replies":[{"embeddable":true,"href":"https:\/\/malatyareport.com.tr\/index.php\/wp-json\/wp\/v2\/comments?post=142"}],"version-history":[{"count":12,"href":"https:\/\/malatyareport.com.tr\/index.php\/wp-json\/wp\/v2\/posts\/142\/revisions"}],"predecessor-version":[{"id":162,"href":"https:\/\/malatyareport.com.tr\/index.php\/wp-json\/wp\/v2\/posts\/142\/revisions\/162"}],"wp:attachment":[{"href":"https:\/\/malatyareport.com.tr\/index.php\/wp-json\/wp\/v2\/media?parent=142"}],"wp:term":[{"taxonomy":"category","embeddable":true,"href":"https:\/\/malatyareport.com.tr\/index.php\/wp-json\/wp\/v2\/categories?post=142"},{"taxonomy":"post_tag","embeddable":true,"href":"https:\/\/malatyareport.com.tr\/index.php\/wp-json\/wp\/v2\/tags?post=142"}],"curies":[{"name":"wp","href":"https:\/\/api.w.org\/{rel}","templated":true}]}}