{"id":163,"date":"2025-05-25T05:11:24","date_gmt":"2025-05-25T05:11:24","guid":{"rendered":"https:\/\/malatyareport.com.tr\/?p=163"},"modified":"2025-05-26T05:45:04","modified_gmt":"2025-05-26T05:45:04","slug":"malatya-siyasetinde-puturrgesizlik-donemi","status":"publish","type":"post","link":"https:\/\/malatyareport.com.tr\/index.php\/2025\/05\/25\/malatya-siyasetinde-puturrgesizlik-donemi\/","title":{"rendered":"MALATYA S\u0130YASET\u0130NDE \u2018P\u00dcT\u00dcRGES\u0130ZL\u0130K\u2019 D\u00d6NEM\u0130"},"content":{"rendered":"\n<figure class=\"wp-block-image size-full\"><img data-recalc-dims=\"1\" loading=\"lazy\" decoding=\"async\" width=\"720\" height=\"426\" src=\"https:\/\/i0.wp.com\/malatyareport.com.tr\/wp-content\/uploads\/2025\/05\/3E322A7A-61C8-47F5-A3DC-4AAE6D4A7B1B.jpeg?resize=720%2C426&#038;ssl=1\" alt=\"\" class=\"wp-image-164\" srcset=\"https:\/\/i0.wp.com\/malatyareport.com.tr\/wp-content\/uploads\/2025\/05\/3E322A7A-61C8-47F5-A3DC-4AAE6D4A7B1B.jpeg?w=720&amp;ssl=1 720w, https:\/\/i0.wp.com\/malatyareport.com.tr\/wp-content\/uploads\/2025\/05\/3E322A7A-61C8-47F5-A3DC-4AAE6D4A7B1B.jpeg?resize=300%2C178&amp;ssl=1 300w\" sizes=\"auto, (max-width: 720px) 100vw, 720px\" \/><\/figure>\n\n\n\n<p class=\"wp-block-paragraph\"><strong>\u0130lgin\u00e7 bir \u015fehir ve s\u00fcrekli ilgin\u00e7 \u015feylere tan\u0131k oluyoruz. Memleketin yeniden aya\u011fa kald\u0131r\u0131lmas\u0131, b\u00fcrokrasinin dizginlerini ele al\u0131p ata biner gibi y\u00f6netmesi, toplumda yeniden s\u0131\u011f bir umut uyand\u0131rmas\u0131 laz\u0131mken ciddi bir ba\u015f\u0131bo\u015fluk s\u00f6z konusu. Elbette siyasette ba\u015far\u0131-liyakat ikliminin egemen olmas\u0131 \u015fehir gelece\u011fini in\u015fa etme uygulamas\u0131nda \u201c<em>yeniden yeni bir dizayn<\/em>\u201d gerektirir\u201d s\u00f6z\u00fc, bu in\u015fa etme a\u015famas\u0131n\u0131 kolayla\u015ft\u0131r\u0131r.\u00a0<\/strong><\/p>\n\n\n\n<p class=\"wp-block-paragraph\"><strong>Tersine, yani ba\u015far\u0131s\u0131z, liyakatten yoksun y\u00f6n\u00fcnde geli\u015fmeler ise d\u00fc\u015f\u00fck, \u00e7aps\u0131z, lakayt bir tablo \u00f6n\u00fcm\u00fcze koyar. En \u00e7ok d\u00fc\u015f\u00fck, \u00e7aps\u0131z, liyakatsiz i\u015faretleri \u00e7\u0131k\u0131yor kar\u015f\u0131m\u0131za.&nbsp;<\/strong><\/p>\n\n\n\n<p class=\"wp-block-paragraph\"><strong>\u015eehri bir b\u00fct\u00fcn merkez \u015feklinde ele ald\u0131\u011f\u0131m\u0131zda \u015fehir k\u00fclt\u2019\u00fcn\u00fc olu\u015fturan as\u0131l kaynaklar \u00e7evreden i\u00e7eriye akan g\u00fc\u00e7l\u00fc can damarlard\u0131r. Yani il\u00e7eler&#8230; \u0130l\u00e7eler bu g\u00fcc\u00fc d\u0131\u015fardan destekler hali, \u015fehir b\u00fct\u00fcnl\u00fc\u011f\u00fcn\u00fc peki\u015ftirir.\u00a0Ayn\u0131\u00a0\u00a0a\u015famada, merkez de her il\u00e7eden birilerin yer ald\u0131\u011f\u0131 y\u00f6netimsel otorite daha homojen, g\u00fc\u00e7l\u00fc, renkli, ola\u011fan bir ba\u011f\u0131n olu\u015fmas\u0131n\u0131 sa\u011flayacakt\u0131r.\u00a0<\/strong><\/p>\n\n\n\n<p class=\"wp-block-paragraph\"><strong>Kald\u0131ki il\u00e7eleri b\u0131rak\u0131n, bu homojenize bo\u015fluklar\u0131 bazen \u201c<em>ithal<\/em>\u201d isimlerle doldurma eylemleri son d\u00f6nemlere damgas\u0131n\u0131 vurdu.\u00a0<\/strong><\/p>\n\n\n\n<p class=\"wp-block-paragraph\"><strong>E\u011fer il\u00e7eler g\u00f6rev \u00fcstlenme rol\u00fcnde geri planda kal\u0131r yada \u00fcstlenen misyon bak\u0131m\u0131ndan kapsam\u0131n geni\u015fletebilece\u011fine dair az sorumluluk al\u0131n\u0131yor ise her t\u00fcrl\u00fc iyimser sonu\u00e7 o b\u00f6lgeye az intikal edilece\u011fi muhakkak.&nbsp;<\/strong><\/p>\n\n\n\n<p class=\"wp-block-paragraph\"><strong>Bu sefer \u201c<em>P\u00fct\u00fcrge<\/em>\u201d il\u00e7esi s\u00f6z konusu. Varl\u0131\u011f\u0131 yoklu\u011fu Malatya entiljans\u0131nda pek belli olmayan, sanki zoraki kendini il\u00e7esi \u015feklinde kabul ettirmeye \u00e7al\u0131\u015fan ve kelimenin b\u00fct\u00fcn karanl\u0131k \u00e7a\u011fr\u0131\u015f\u0131mlar\u0131n\u0131 her daim \u00fcstlenmi\u015f, da\u011flar\u0131n arkas\u0131nda; s\u00fcrekli g\u00f6\u00e7 veren, asl\u0131nda t\u00fcm \u00f6zl\u00fck haklar\u0131ndan feragat etmi\u015f P\u00fct\u00fcrge il\u00e7esini bug\u00fcn konu\u015fmaya ne dersiniz.\u00a0<\/strong><\/p>\n\n\n\n<p class=\"wp-block-paragraph\"><strong>\u00dcstelik sadece belediyelerde de\u011fil, b\u00fcrokraside, Malatya entegrasyonundan, pop\u00fclerli\u011fi h\u0131zla geri \u00e7ekilen yetim bir il\u00e7e&#8230;&nbsp;<\/strong><\/p>\n\n\n\n<p class=\"wp-block-paragraph\"><strong>\u0130stanbul ba\u015fta olmak \u00fczere, ba\u015fka \u015fehirlerde i\u015f d\u00fcnyas\u0131n\u0131, medyas\u0131, sivil toplum \u00f6rg\u00fctlerini, uluslararas\u0131 ba\u011flant\u0131lar\u0131 ve pek \u00e7ok ki\u015fiyi kapsayan karanl\u0131k ve \u00f6zelikle tekstil \u00fcretimi gibi \u00fclkeyle ba\u015far\u0131 klasmanlar\u0131 yakalam\u0131\u015f bir organizasyona sahip oldu\u011funu Malatya\u2019da ki pay\u0131na dahil etmeyece\u011fiz.&nbsp;<\/strong><\/p>\n\n\n\n<p class=\"wp-block-paragraph\"><strong>Ard\u0131ndan bu gerek\u00e7elerle gurbette ve yerelde fark\u0131n\u0131 tart\u0131\u015faca\u011f\u0131z en \u00e7ok.&nbsp;<\/strong><\/p>\n\n\n\n<p class=\"wp-block-paragraph\"><strong>Yerelde varl\u0131\u011f\u0131 ve a\u011f\u0131rl\u0131\u011f\u0131 bulunan P\u00fct\u00fcrge\u2019lilerin yetkilerinin merkezi y\u00f6netimden -d\u0131\u015far\u0131- devri veyahut P\u00fct\u00fcrge\u2019li isimlerin geri \u00e7ekilmelerinin alt\u0131nda ki temel nedenler nedir, onlar\u0131 inceleyece\u011fiz.&nbsp;<\/strong><\/p>\n\n\n\n<p class=\"wp-block-paragraph\"><strong>\u00d6ncelikle P\u00fct\u00fcrge \u00f6yle zor, da\u011f\u0131n\u0131k, eko sistemi geni\u015f, orda ya\u015fayan bireylerine ikinci \u015fans tan\u0131mayan halihaz\u0131rda kas\u0131tl\u0131 ve k\u0131s\u0131tl\u0131 bir co\u011frafya ki burda yeti\u015fmi\u015f insan \u00e7ok az \u00e7\u0131kar, \u00e7\u0131kanlarda bu stat\u00fclerini genelde de\u011ferlendiremez, koruyamaz ve alev saman\u0131 gibi \u00e7abuk yan\u0131p s\u00f6nmesi bir olur.&nbsp;<\/strong><\/p>\n\n\n\n<p class=\"wp-block-paragraph\"><strong><em>\u00d6mer Faruk \u00d6z, \u00d6znur \u00c7al\u0131k, Selahattin G\u00fcrkan<\/em> son y\u0131llarda P\u00fct\u00fcrge kimli\u011fini ta\u015f\u0131yan \u00f6nemli siyasi isimlerdi. Yine iyi bir konumlara gelmi\u015f b\u00fcrokratlardan <em>Battal Kanbay, Nam\u0131k G\u00f6ren <\/em>ve son olarak <em>\u00c7etin Akk\u00f6se.\u00a0<\/em><\/strong><\/p>\n\n\n\n<p class=\"wp-block-paragraph\"><strong>Asl\u0131nda uzun uzun bahsedebilece\u011fimiz isimlerden \u015fu durumda hi\u00e7 biri yok. Bu tabloya bak\u0131l\u0131rsa \u201c<em>neden yoklar?\u201d<\/em> sorusunu geni\u015fletli\u011fimizde sahiplenmeme, ki\u015fisel h\u0131rslar, kendi co\u011frafyalar\u0131ndan g\u00fc\u00e7 almamalar\u0131, i\u00e7 \u00e7at\u0131\u015fma, \u015fehrin siyaset ve b\u00fcrokratik dengelerinden bi haber ile alakal\u0131 \u015feklinde a\u00e7\u0131klamam\u0131z gayet do\u011fal.\u00a0<\/strong><\/p>\n\n\n\n<p class=\"wp-block-paragraph\"><strong>Hangisi yanl\u0131\u015f ki? Sahiplenmeme mi, b\u00fcrokratik dengeleri okuyamama m\u0131?&nbsp;<\/strong><\/p>\n\n\n\n<p class=\"wp-block-paragraph\"><mark style=\"background-color:rgba(0, 0, 0, 0)\" class=\"has-inline-color has-vivid-cyan-blue-color\"><strong>P\u00fct\u00fcrge\u2019lerin Tetik\u00e7ilik ruhu<\/strong><\/mark><\/p>\n\n\n\n<p class=\"wp-block-paragraph\"><strong>\u00c7evre illerden, gurbette P\u00fct\u00fcrge\u2019lier denildi\u011finde nedense ilk akla gelen \u015fey tetik\u00e7ilik. Genlerinde b\u00f6yle bir yak\u0131nl\u0131k var olmu\u015ftur daima. Tetik\u00e7ilik sadece fiziki silah teti\u011fi \u00e7ekmek anlam\u0131na gelmez. Siyasette de tetik \u00e7ekmek vard\u0131r. Nam\u0131k G\u00f6ren\u2019i Selahattin G\u00fcrkan\u2019a kar\u015f\u0131 kullanan ak\u0131l asl\u0131nda bir nevi tetik \u00e7ektirdiler. Ba\u015fkan G\u00fcrkan g\u00f6nderildikten sonra ayn\u0131 ak\u0131l G\u00f6ren\u2019i orada bir dakika daha tutar m\u0131? Kanbay\u2019a tetik \u00e7ektiren de yine ayn\u0131 ak\u0131l, Akk\u00f6se\u2019ye tetik \u00e7ekenlerde ayn\u0131 konvansiyonel g\u00fc\u00e7 unsurlar\u0131ndan geliyordu. S\u0131ra hangi belediye ba\u015fkan\u0131, hangi b\u00fcrokratta ve dahas\u0131 hangi yeni senaryolar bu \u015fehrin ba\u015f\u0131na \u00f6r\u00fclecek?&nbsp;<\/strong><\/p>\n\n\n\n<p class=\"wp-block-paragraph\"><strong>Her zamanki gibi bahsi ge\u00e7en akl\u0131n kim oldu\u011fu sorusuna verilecek cevab\u0131n haz\u0131rda bekledi\u011fi, ki\u015fileri siyaset zihinlerinde ve termolojiden al\u0131 koyan kolektifi bilin\u00e7leri de\u011fil nesnel \u015fartlarda s\u00fcrekli liyakat \u00fcst\u00fc pop\u00fclistli\u011fin \u015fartlar\u0131n\u0131 dayatanlard\u0131r.<\/strong><\/p>\n\n\n\n<p class=\"wp-block-paragraph\"><strong>\u0130ki derinlemesine tez var burada: \u201c<em>g\u00fcvensizlik<\/em>\u201d veya \u201c<em>inanmama<\/em>\u201d se\u00e7enekleri:<\/strong><\/p>\n\n\n\n<p class=\"wp-block-paragraph\"><strong>Bu saatten sonra Malatya \u015fehir genlerinde yepyeni bir siyaset modeli in\u015fa etmek, \u00e7at\u0131\u015fmas\u0131z bir ortamda yol almak, ku\u015fatmalar\u0131 kald\u0131rmak, \u00f6m\u00fcr boyu siyaset mekanizmas\u0131n\u0131 devirmek hatta toplumun sesine kulak kabartmak ve istikrar\u0131 sa\u011flamak i\u00e7in vizyon meselesinin varl\u0131\u011f\u0131n\u0131 kabullenmemiz laz\u0131m. Vizyonu g\u00f6rmezden geldi\u011fimizde, tecr\u00fcbe etti\u011fimiz bir \u00e7ok ara\u00e7 kendili\u011finden yok olur. T\u0131pk\u0131 P\u00fct\u00fcrgeli siyaset ve b\u00fcrokratlar\u0131n\u0131n sahaya tutunamama ve akabinde \u00e7\u00f6k\u00fc\u015f\u00fc getiren, siyaset \u00fcretememe a\u00e7maz\u0131n\u0131 kuvvetlendirmekten ba\u015fka i\u015fe yaramad\u0131\u011f\u0131 gibi.<\/strong><\/p>\n\n\n\n<p class=\"wp-block-paragraph\"><strong><mark style=\"background-color:rgba(0, 0, 0, 0)\" class=\"has-inline-color has-vivid-cyan-blue-color\">\u0130\u00e7 \u00e7at\u0131\u015fmalar &#8211; Kavgalar&nbsp;<\/mark><\/strong><\/p>\n\n\n\n<p class=\"wp-block-paragraph\"><strong>P\u00fct\u00fcrgeli mafya gruplar\u0131, siyasiler, i\u015f insanlar\u0131, STK\u2019lar\u0131 her ne hikmetse birbiriyle kavgaya tutu\u015fmak gibi acayip bir banko huylar\u0131 var. Birbirine destek, birliktelik, g\u00fc\u00e7 dev\u015firecekleri yerde kadife eldiven i\u00e7inde demir yumruk kullanmalar\u0131, bazen zaman\u0131n ruhuna ayk\u0131r\u0131 bir duru\u015fla, sava\u015fma enerjilerini birbirine boca etmeleri t\u00fcm marka de\u011ferine boru\u015fturdu\u011fu gibi \u00e7\u00f6pe. \u00d6rneklerini \u00e7ok\u00e7a g\u00f6sterebilirim. Y\u00fckselmi\u015f ayn\u0131 kulvarda zirveye \u00e7\u0131km\u0131\u015f hem\u015ferilerimiz nihayetinde birbirine k\u0131l\u0131\u00e7 \u00e7ekerler. Evet, misafir perverler, sofras\u0131na oturulur, mertlerdir, ihanet etmezler, s\u00f6z\u00fc s\u00f6z de\u011ferlerine sad\u0131kt\u0131rlar ama manevra zekas\u0131n\u0131 ve kabilliyetini ac\u0131mas\u0131zca birbirine kullanmaktan da \u00e7ekinmezler.&nbsp;<\/strong><\/p>\n\n\n\n<p class=\"wp-block-paragraph\"><strong>Bak\u0131ld\u0131\u011f\u0131nda Darende ve Ak\u00e7ada\u011f sosyolojisi siyaset sath\u0131na daha uygun oldu\u011funu g\u00f6r\u00fcl\u00fcyor. Tutkun ve ama\u00e7lar\u0131, etki g\u00fcc\u00fc birbirini tamaml\u0131yor s\u00fcrekli. Ye\u015filyurt bu konu da kitab\u0131n\u0131 yazm\u0131\u015f, diyecek s\u00f6z\u00fcm\u00fcz yok. Kale\u2019liler ise yeni yeni uyand\u0131, harekete harekete ge\u00e7ti. \u00d6zellikle Ak\u00e7ada\u011f b\u00fcrokrasisi kendi i\u015finde g\u00fcc\u00fcnde. Bir mevki makama gelmi\u015f hem\u015ferilerine sadre \u015fifa bir \u00e7are \u00e7\u0131kmamazl\u0131k yapan olmuyor.&nbsp;<\/strong><\/p>\n\n\n\n<p class=\"wp-block-paragraph\"><strong>O y\u00fczden P\u00fct\u00fcrgeli isimler bir bir Malatya siyaset tarih\u00e7esinden silindi. \u0130ktidar\u0131n hi\u00e7 bir reformunu ait oldu\u011fu co\u011frafya ili\u015fkilendirip gelecek enerji ama\u00e7l\u0131 kullanamad\u0131lar. Daima tetik\u00e7i rol\u00fcne hareketle bedel \u00f6demeye haz\u0131r ve naz\u0131r \u00fctopik yap\u0131lar\u0131nda; durdurulamaz bir g\u00fc\u00e7 zehirlenmesine d\u00f6n\u00fc\u015fm\u00fc\u015f, \u015fehrin maddi-manevi ihtiya\u00e7lar\u0131 kar\u015f\u0131s\u0131nda fikir ve paradigma \u00fcretemez hale gelmeleri bundan. Bug\u00fcn P\u00fct\u00fcrge\u2019lilerin Malatya siyaset sahnesinden tamamen ekarte olmas\u0131n\u0131n di\u011fer bir anlam\u0131 birbirine se\u00e7enek hakk\u0131 tan\u0131mamalar\u0131. B\u00fcy\u00fc\u011f\u00fcn k\u00fc\u00e7\u00fc\u011fe imkans\u0131zl\u0131\u011f\u0131.&nbsp;<\/strong><\/p>\n\n\n\n<p class=\"wp-block-paragraph\"><strong><em>\u0130nan\u00e7 S\u0131ra\u00e7 Kara \u00d6lmeztoprak<\/em> \u00f6rne\u011fini tam burada kullanaca\u011f\u0131m, \u00e7\u00fcnk\u00fc sa\u011flam bir perspektifle \u00f6ne \u00e7\u0131k\u0131yor. Bir belki bir y\u0131ldan fazla zamand\u0131r kap\u0131 kap\u0131 geziyor, herkese ba\u015fvuruyor, en kuytulara ula\u015f\u0131yor ve Ak\u00e7ada\u011f siyasi akl\u0131 da arkas\u0131nda duruyor. Sessiz sedas\u0131z kimseyle \u00e7at\u0131\u015fmaya girmeden, herhangi bir tetik\u00e7ilik g\u00f6revine soyunmadan-durmadan yolunda ilerledi\u011fi malum. Yalansa yalan deyin. Burada temel mant\u0131k olarak b\u00fct\u00fcn \u015fehrin \u00f6zellikle Ak Partiye olan g\u00fcvenin makyaj\u0131n\u0131 tazelemek, vekil-millet yetkisini e\u015fitleyici tutumu \u00fczerine rektefiye tavr\u0131d\u0131r.\u00a0<\/strong><\/p>\n\n\n\n<p class=\"wp-block-paragraph\"><strong>Ama ya P\u00fct\u00fcrge siyasileri\u2026&nbsp;&nbsp;Onlar\u0131 kavga etmeye ikna eden akl\u0131n, birbirine d\u00fc\u015f\u00fcrme say\u0131\u015ftay\u0131lar\u0131, olu\u015fa gelen s\u00fcreci do\u011fru kullanma g\u00f6revi fazlas\u0131yla i\u015fe yarad\u0131. Demek ki siyasette kavga, \u00e7at\u0131\u015fma, tetik\u00e7ilik, ayak kayd\u0131rma deklerasyonlar\u0131 feci sonu\u00e7lar do\u011furabilir varsay\u0131m\u0131n\u0131 hararetle kendini kabul ettirmektedir. Belki 10 belki daha fazla y\u0131l P\u00fct\u00fcrge elitistleri benzer makam kariyerleri elde edemeyecekleri bir s\u00fcre\u00e7 i\u00e7indeyiz. R\u00fcyas\u0131nda g\u00f6r\u00fcrler ancak. \u00d6zetle bu i\u015fin sonu fos \u00e7\u0131kt\u0131, ve tarih herkesi \u00e7abucak sildi\u011fi de unutulmamal\u0131. P\u00fct\u00fcrge hikayesi ne yaz\u0131k b\u00f6yle bitkisel hayata girmesini kabullenen, tart\u0131\u015fan kimsenin olmamas\u0131 da tuhaf. Tansiyon 0, \u015feker 500, kay\u0131s\u0131 olmay\u0131nca kemik erimesi de ba\u015flarsa \u015fa\u015f\u0131rmay\u0131n. Kim bilir belki de ans\u0131z\u0131n bir g\u00fcn kalpten gider.&nbsp;&nbsp;<\/strong><\/p>\n\n\n\n\n","protected":false},"excerpt":{"rendered":"<p>\u0130lgin\u00e7 bir \u015fehir ve s\u00fcrekli ilgin\u00e7 \u015feylere tan\u0131k oluyoruz. Memleketin yeniden aya\u011fa kald\u0131r\u0131lmas\u0131, b\u00fcrokrasinin dizginlerini ele al\u0131p ata biner gibi y\u00f6netmesi, toplumda yeniden s\u0131\u011f bir&#8230;<\/p>\n<div class=\"more-link-wrapper\"><a class=\"more-link\" href=\"https:\/\/malatyareport.com.tr\/index.php\/2025\/05\/25\/malatya-siyasetinde-puturrgesizlik-donemi\/\">Devam\u0131n\u0131 okuyun<span class=\"screen-reader-text\">MALATYA S\u0130YASET\u0130NDE \u2018P\u00dcT\u00dcRGES\u0130ZL\u0130K\u2019 D\u00d6NEM\u0130<\/span><\/a><\/div>\n","protected":false},"author":1,"featured_media":0,"comment_status":"open","ping_status":"open","sticky":false,"template":"","format":"standard","meta":{"_jetpack_memberships_contains_paid_content":false,"footnotes":""},"categories":[5],"tags":[],"class_list":["post-163","post","type-post","status-publish","format-standard","hentry","category-kose-yazilari","entry"],"yoast_head":"<!-- This site is optimized with the Yoast SEO plugin v28.2 - https:\/\/yoast.com\/product\/yoast-seo-wordpress\/ -->\n<title>MALATYA S\u0130YASET\u0130NDE \u2018P\u00dcT\u00dcRGES\u0130ZL\u0130K\u2019 D\u00d6NEM\u0130 - Malatya Report<\/title>\n<meta name=\"robots\" content=\"index, follow, max-snippet:-1, max-image-preview:large, max-video-preview:-1\" \/>\n<link rel=\"canonical\" href=\"https:\/\/malatyareport.com.tr\/index.php\/2025\/05\/25\/malatya-siyasetinde-puturrgesizlik-donemi\/\" \/>\n<meta property=\"og:locale\" content=\"tr_TR\" \/>\n<meta property=\"og:type\" content=\"article\" \/>\n<meta property=\"og:title\" content=\"MALATYA S\u0130YASET\u0130NDE \u2018P\u00dcT\u00dcRGES\u0130ZL\u0130K\u2019 D\u00d6NEM\u0130 - Malatya Report\" \/>\n<meta property=\"og:description\" content=\"\u0130lgin\u00e7 bir \u015fehir ve s\u00fcrekli ilgin\u00e7 \u015feylere tan\u0131k oluyoruz. Memleketin yeniden aya\u011fa kald\u0131r\u0131lmas\u0131, b\u00fcrokrasinin dizginlerini ele al\u0131p ata biner gibi y\u00f6netmesi, toplumda yeniden s\u0131\u011f bir&#8230;\" \/>\n<meta property=\"og:url\" content=\"https:\/\/malatyareport.com.tr\/index.php\/2025\/05\/25\/malatya-siyasetinde-puturrgesizlik-donemi\/\" \/>\n<meta property=\"og:site_name\" content=\"Malatya Report\" \/>\n<meta property=\"article:author\" content=\"https:\/\/www.facebook.com\/timurince\" \/>\n<meta property=\"article:published_time\" content=\"2025-05-25T05:11:24+00:00\" \/>\n<meta property=\"article:modified_time\" content=\"2025-05-26T05:45:04+00:00\" \/>\n<meta property=\"og:image\" content=\"https:\/\/malatyareport.com.tr\/wp-content\/uploads\/2025\/05\/3E322A7A-61C8-47F5-A3DC-4AAE6D4A7B1B.jpeg\" \/>\n<meta name=\"author\" content=\"Timur \u0130nce\" \/>\n<meta name=\"twitter:card\" content=\"summary_large_image\" \/>\n<meta name=\"twitter:creator\" content=\"@timurince11\" \/>\n<meta name=\"twitter:label1\" content=\"Yazan:\" \/>\n\t<meta name=\"twitter:data1\" content=\"Timur \u0130nce\" \/>\n\t<meta name=\"twitter:label2\" content=\"Tahmini okuma s\u00fcresi\" \/>\n\t<meta name=\"twitter:data2\" content=\"7 dakika\" \/>\n<script type=\"application\/ld+json\" class=\"yoast-schema-graph\">{\"@context\":\"https:\\\/\\\/schema.org\",\"@graph\":[{\"@type\":\"Article\",\"@id\":\"https:\\\/\\\/malatyareport.com.tr\\\/index.php\\\/2025\\\/05\\\/25\\\/malatya-siyasetinde-puturrgesizlik-donemi\\\/#article\",\"isPartOf\":{\"@id\":\"https:\\\/\\\/malatyareport.com.tr\\\/index.php\\\/2025\\\/05\\\/25\\\/malatya-siyasetinde-puturrgesizlik-donemi\\\/\"},\"author\":{\"name\":\"Timur \u0130nce\",\"@id\":\"https:\\\/\\\/malatyareport.com.tr\\\/#\\\/schema\\\/person\\\/93146d94af76b792b58ac78050cc6da7\"},\"headline\":\"MALATYA S\u0130YASET\u0130NDE \u2018P\u00dcT\u00dcRGES\u0130ZL\u0130K\u2019 D\u00d6NEM\u0130\",\"datePublished\":\"2025-05-25T05:11:24+00:00\",\"dateModified\":\"2025-05-26T05:45:04+00:00\",\"mainEntityOfPage\":{\"@id\":\"https:\\\/\\\/malatyareport.com.tr\\\/index.php\\\/2025\\\/05\\\/25\\\/malatya-siyasetinde-puturrgesizlik-donemi\\\/\"},\"wordCount\":1464,\"commentCount\":4,\"image\":{\"@id\":\"https:\\\/\\\/malatyareport.com.tr\\\/index.php\\\/2025\\\/05\\\/25\\\/malatya-siyasetinde-puturrgesizlik-donemi\\\/#primaryimage\"},\"thumbnailUrl\":\"https:\\\/\\\/malatyareport.com.tr\\\/wp-content\\\/uploads\\\/2025\\\/05\\\/3E322A7A-61C8-47F5-A3DC-4AAE6D4A7B1B.jpeg\",\"articleSection\":[\"K\u00f6\u015fe Yaz\u0131lar\u0131\"],\"inLanguage\":\"tr\",\"potentialAction\":[{\"@type\":\"CommentAction\",\"name\":\"Comment\",\"target\":[\"https:\\\/\\\/malatyareport.com.tr\\\/index.php\\\/2025\\\/05\\\/25\\\/malatya-siyasetinde-puturrgesizlik-donemi\\\/#respond\"]}]},{\"@type\":\"WebPage\",\"@id\":\"https:\\\/\\\/malatyareport.com.tr\\\/index.php\\\/2025\\\/05\\\/25\\\/malatya-siyasetinde-puturrgesizlik-donemi\\\/\",\"url\":\"https:\\\/\\\/malatyareport.com.tr\\\/index.php\\\/2025\\\/05\\\/25\\\/malatya-siyasetinde-puturrgesizlik-donemi\\\/\",\"name\":\"MALATYA S\u0130YASET\u0130NDE \u2018P\u00dcT\u00dcRGES\u0130ZL\u0130K\u2019 D\u00d6NEM\u0130 - Malatya Report\",\"isPartOf\":{\"@id\":\"https:\\\/\\\/malatyareport.com.tr\\\/#website\"},\"primaryImageOfPage\":{\"@id\":\"https:\\\/\\\/malatyareport.com.tr\\\/index.php\\\/2025\\\/05\\\/25\\\/malatya-siyasetinde-puturrgesizlik-donemi\\\/#primaryimage\"},\"image\":{\"@id\":\"https:\\\/\\\/malatyareport.com.tr\\\/index.php\\\/2025\\\/05\\\/25\\\/malatya-siyasetinde-puturrgesizlik-donemi\\\/#primaryimage\"},\"thumbnailUrl\":\"https:\\\/\\\/malatyareport.com.tr\\\/wp-content\\\/uploads\\\/2025\\\/05\\\/3E322A7A-61C8-47F5-A3DC-4AAE6D4A7B1B.jpeg\",\"datePublished\":\"2025-05-25T05:11:24+00:00\",\"dateModified\":\"2025-05-26T05:45:04+00:00\",\"author\":{\"@id\":\"https:\\\/\\\/malatyareport.com.tr\\\/#\\\/schema\\\/person\\\/93146d94af76b792b58ac78050cc6da7\"},\"breadcrumb\":{\"@id\":\"https:\\\/\\\/malatyareport.com.tr\\\/index.php\\\/2025\\\/05\\\/25\\\/malatya-siyasetinde-puturrgesizlik-donemi\\\/#breadcrumb\"},\"inLanguage\":\"tr\",\"potentialAction\":[{\"@type\":\"ReadAction\",\"target\":[\"https:\\\/\\\/malatyareport.com.tr\\\/index.php\\\/2025\\\/05\\\/25\\\/malatya-siyasetinde-puturrgesizlik-donemi\\\/\"]}]},{\"@type\":\"ImageObject\",\"inLanguage\":\"tr\",\"@id\":\"https:\\\/\\\/malatyareport.com.tr\\\/index.php\\\/2025\\\/05\\\/25\\\/malatya-siyasetinde-puturrgesizlik-donemi\\\/#primaryimage\",\"url\":\"https:\\\/\\\/i0.wp.com\\\/malatyareport.com.tr\\\/wp-content\\\/uploads\\\/2025\\\/05\\\/3E322A7A-61C8-47F5-A3DC-4AAE6D4A7B1B.jpeg?fit=720%2C426&ssl=1\",\"contentUrl\":\"https:\\\/\\\/i0.wp.com\\\/malatyareport.com.tr\\\/wp-content\\\/uploads\\\/2025\\\/05\\\/3E322A7A-61C8-47F5-A3DC-4AAE6D4A7B1B.jpeg?fit=720%2C426&ssl=1\",\"width\":720,\"height\":426},{\"@type\":\"BreadcrumbList\",\"@id\":\"https:\\\/\\\/malatyareport.com.tr\\\/index.php\\\/2025\\\/05\\\/25\\\/malatya-siyasetinde-puturrgesizlik-donemi\\\/#breadcrumb\",\"itemListElement\":[{\"@type\":\"ListItem\",\"position\":1,\"name\":\"Anasayfa\",\"item\":\"https:\\\/\\\/malatyareport.com.tr\\\/\"},{\"@type\":\"ListItem\",\"position\":2,\"name\":\"MALATYA S\u0130YASET\u0130NDE \u2018P\u00dcT\u00dcRGES\u0130ZL\u0130K\u2019 D\u00d6NEM\u0130\"}]},{\"@type\":\"WebSite\",\"@id\":\"https:\\\/\\\/malatyareport.com.tr\\\/#website\",\"url\":\"https:\\\/\\\/malatyareport.com.tr\\\/\",\"name\":\"Malatya Report\",\"description\":\"\",\"potentialAction\":[{\"@type\":\"SearchAction\",\"target\":{\"@type\":\"EntryPoint\",\"urlTemplate\":\"https:\\\/\\\/malatyareport.com.tr\\\/?s={search_term_string}\"},\"query-input\":{\"@type\":\"PropertyValueSpecification\",\"valueRequired\":true,\"valueName\":\"search_term_string\"}}],\"inLanguage\":\"tr\"},{\"@type\":\"Person\",\"@id\":\"https:\\\/\\\/malatyareport.com.tr\\\/#\\\/schema\\\/person\\\/93146d94af76b792b58ac78050cc6da7\",\"name\":\"Timur \u0130nce\",\"image\":{\"@type\":\"ImageObject\",\"inLanguage\":\"tr\",\"@id\":\"https:\\\/\\\/secure.gravatar.com\\\/avatar\\\/e5ce118bd86e5549ff544e7c5b614da198ecaa7f8e9398b55d27ae1f117511d8?s=96&d=mm&r=g\",\"url\":\"https:\\\/\\\/secure.gravatar.com\\\/avatar\\\/e5ce118bd86e5549ff544e7c5b614da198ecaa7f8e9398b55d27ae1f117511d8?s=96&d=mm&r=g\",\"contentUrl\":\"https:\\\/\\\/secure.gravatar.com\\\/avatar\\\/e5ce118bd86e5549ff544e7c5b614da198ecaa7f8e9398b55d27ae1f117511d8?s=96&d=mm&r=g\",\"caption\":\"Timur \u0130nce\"},\"description\":\"Zaman\u0131n ruhunda bir damla m\u00fcrekkep olmay\u0131 isterdim. Bir damla m\u00fcrekkep bir ulusun kaderini yazmaya yeterlidir.\",\"sameAs\":[\"https:\\\/\\\/malatyareport.com.tr\",\"https:\\\/\\\/www.facebook.com\\\/timurince\",\"@timur_ince_t5_\",\"https:\\\/\\\/x.com\\\/@timurince11\"],\"url\":\"https:\\\/\\\/malatyareport.com.tr\\\/index.php\\\/author\\\/admin_6i9yniox\\\/\"}]}<\/script>\n<!-- \/ Yoast SEO plugin. -->","yoast_head_json":{"title":"MALATYA S\u0130YASET\u0130NDE \u2018P\u00dcT\u00dcRGES\u0130ZL\u0130K\u2019 D\u00d6NEM\u0130 - Malatya Report","robots":{"index":"index","follow":"follow","max-snippet":"max-snippet:-1","max-image-preview":"max-image-preview:large","max-video-preview":"max-video-preview:-1"},"canonical":"https:\/\/malatyareport.com.tr\/index.php\/2025\/05\/25\/malatya-siyasetinde-puturrgesizlik-donemi\/","og_locale":"tr_TR","og_type":"article","og_title":"MALATYA S\u0130YASET\u0130NDE \u2018P\u00dcT\u00dcRGES\u0130ZL\u0130K\u2019 D\u00d6NEM\u0130 - Malatya Report","og_description":"\u0130lgin\u00e7 bir \u015fehir ve s\u00fcrekli ilgin\u00e7 \u015feylere tan\u0131k oluyoruz. Memleketin yeniden aya\u011fa kald\u0131r\u0131lmas\u0131, b\u00fcrokrasinin dizginlerini ele al\u0131p ata biner gibi y\u00f6netmesi, toplumda yeniden s\u0131\u011f bir&#8230;","og_url":"https:\/\/malatyareport.com.tr\/index.php\/2025\/05\/25\/malatya-siyasetinde-puturrgesizlik-donemi\/","og_site_name":"Malatya Report","article_author":"https:\/\/www.facebook.com\/timurince","article_published_time":"2025-05-25T05:11:24+00:00","article_modified_time":"2025-05-26T05:45:04+00:00","og_image":[{"url":"https:\/\/malatyareport.com.tr\/wp-content\/uploads\/2025\/05\/3E322A7A-61C8-47F5-A3DC-4AAE6D4A7B1B.jpeg","type":"","width":"","height":""}],"author":"Timur \u0130nce","twitter_card":"summary_large_image","twitter_creator":"@timurince11","twitter_misc":{"Yazan:":"Timur \u0130nce","Tahmini okuma s\u00fcresi":"7 dakika"},"schema":{"@context":"https:\/\/schema.org","@graph":[{"@type":"Article","@id":"https:\/\/malatyareport.com.tr\/index.php\/2025\/05\/25\/malatya-siyasetinde-puturrgesizlik-donemi\/#article","isPartOf":{"@id":"https:\/\/malatyareport.com.tr\/index.php\/2025\/05\/25\/malatya-siyasetinde-puturrgesizlik-donemi\/"},"author":{"name":"Timur \u0130nce","@id":"https:\/\/malatyareport.com.tr\/#\/schema\/person\/93146d94af76b792b58ac78050cc6da7"},"headline":"MALATYA S\u0130YASET\u0130NDE \u2018P\u00dcT\u00dcRGES\u0130ZL\u0130K\u2019 D\u00d6NEM\u0130","datePublished":"2025-05-25T05:11:24+00:00","dateModified":"2025-05-26T05:45:04+00:00","mainEntityOfPage":{"@id":"https:\/\/malatyareport.com.tr\/index.php\/2025\/05\/25\/malatya-siyasetinde-puturrgesizlik-donemi\/"},"wordCount":1464,"commentCount":4,"image":{"@id":"https:\/\/malatyareport.com.tr\/index.php\/2025\/05\/25\/malatya-siyasetinde-puturrgesizlik-donemi\/#primaryimage"},"thumbnailUrl":"https:\/\/malatyareport.com.tr\/wp-content\/uploads\/2025\/05\/3E322A7A-61C8-47F5-A3DC-4AAE6D4A7B1B.jpeg","articleSection":["K\u00f6\u015fe Yaz\u0131lar\u0131"],"inLanguage":"tr","potentialAction":[{"@type":"CommentAction","name":"Comment","target":["https:\/\/malatyareport.com.tr\/index.php\/2025\/05\/25\/malatya-siyasetinde-puturrgesizlik-donemi\/#respond"]}]},{"@type":"WebPage","@id":"https:\/\/malatyareport.com.tr\/index.php\/2025\/05\/25\/malatya-siyasetinde-puturrgesizlik-donemi\/","url":"https:\/\/malatyareport.com.tr\/index.php\/2025\/05\/25\/malatya-siyasetinde-puturrgesizlik-donemi\/","name":"MALATYA S\u0130YASET\u0130NDE \u2018P\u00dcT\u00dcRGES\u0130ZL\u0130K\u2019 D\u00d6NEM\u0130 - Malatya Report","isPartOf":{"@id":"https:\/\/malatyareport.com.tr\/#website"},"primaryImageOfPage":{"@id":"https:\/\/malatyareport.com.tr\/index.php\/2025\/05\/25\/malatya-siyasetinde-puturrgesizlik-donemi\/#primaryimage"},"image":{"@id":"https:\/\/malatyareport.com.tr\/index.php\/2025\/05\/25\/malatya-siyasetinde-puturrgesizlik-donemi\/#primaryimage"},"thumbnailUrl":"https:\/\/malatyareport.com.tr\/wp-content\/uploads\/2025\/05\/3E322A7A-61C8-47F5-A3DC-4AAE6D4A7B1B.jpeg","datePublished":"2025-05-25T05:11:24+00:00","dateModified":"2025-05-26T05:45:04+00:00","author":{"@id":"https:\/\/malatyareport.com.tr\/#\/schema\/person\/93146d94af76b792b58ac78050cc6da7"},"breadcrumb":{"@id":"https:\/\/malatyareport.com.tr\/index.php\/2025\/05\/25\/malatya-siyasetinde-puturrgesizlik-donemi\/#breadcrumb"},"inLanguage":"tr","potentialAction":[{"@type":"ReadAction","target":["https:\/\/malatyareport.com.tr\/index.php\/2025\/05\/25\/malatya-siyasetinde-puturrgesizlik-donemi\/"]}]},{"@type":"ImageObject","inLanguage":"tr","@id":"https:\/\/malatyareport.com.tr\/index.php\/2025\/05\/25\/malatya-siyasetinde-puturrgesizlik-donemi\/#primaryimage","url":"https:\/\/i0.wp.com\/malatyareport.com.tr\/wp-content\/uploads\/2025\/05\/3E322A7A-61C8-47F5-A3DC-4AAE6D4A7B1B.jpeg?fit=720%2C426&ssl=1","contentUrl":"https:\/\/i0.wp.com\/malatyareport.com.tr\/wp-content\/uploads\/2025\/05\/3E322A7A-61C8-47F5-A3DC-4AAE6D4A7B1B.jpeg?fit=720%2C426&ssl=1","width":720,"height":426},{"@type":"BreadcrumbList","@id":"https:\/\/malatyareport.com.tr\/index.php\/2025\/05\/25\/malatya-siyasetinde-puturrgesizlik-donemi\/#breadcrumb","itemListElement":[{"@type":"ListItem","position":1,"name":"Anasayfa","item":"https:\/\/malatyareport.com.tr\/"},{"@type":"ListItem","position":2,"name":"MALATYA S\u0130YASET\u0130NDE \u2018P\u00dcT\u00dcRGES\u0130ZL\u0130K\u2019 D\u00d6NEM\u0130"}]},{"@type":"WebSite","@id":"https:\/\/malatyareport.com.tr\/#website","url":"https:\/\/malatyareport.com.tr\/","name":"Malatya Report","description":"","potentialAction":[{"@type":"SearchAction","target":{"@type":"EntryPoint","urlTemplate":"https:\/\/malatyareport.com.tr\/?s={search_term_string}"},"query-input":{"@type":"PropertyValueSpecification","valueRequired":true,"valueName":"search_term_string"}}],"inLanguage":"tr"},{"@type":"Person","@id":"https:\/\/malatyareport.com.tr\/#\/schema\/person\/93146d94af76b792b58ac78050cc6da7","name":"Timur \u0130nce","image":{"@type":"ImageObject","inLanguage":"tr","@id":"https:\/\/secure.gravatar.com\/avatar\/e5ce118bd86e5549ff544e7c5b614da198ecaa7f8e9398b55d27ae1f117511d8?s=96&d=mm&r=g","url":"https:\/\/secure.gravatar.com\/avatar\/e5ce118bd86e5549ff544e7c5b614da198ecaa7f8e9398b55d27ae1f117511d8?s=96&d=mm&r=g","contentUrl":"https:\/\/secure.gravatar.com\/avatar\/e5ce118bd86e5549ff544e7c5b614da198ecaa7f8e9398b55d27ae1f117511d8?s=96&d=mm&r=g","caption":"Timur \u0130nce"},"description":"Zaman\u0131n ruhunda bir damla m\u00fcrekkep olmay\u0131 isterdim. Bir damla m\u00fcrekkep bir ulusun kaderini yazmaya yeterlidir.","sameAs":["https:\/\/malatyareport.com.tr","https:\/\/www.facebook.com\/timurince","@timur_ince_t5_","https:\/\/x.com\/@timurince11"],"url":"https:\/\/malatyareport.com.tr\/index.php\/author\/admin_6i9yniox\/"}]}},"jetpack_featured_media_url":"","jetpack_sharing_enabled":true,"_links":{"self":[{"href":"https:\/\/malatyareport.com.tr\/index.php\/wp-json\/wp\/v2\/posts\/163","targetHints":{"allow":["GET"]}}],"collection":[{"href":"https:\/\/malatyareport.com.tr\/index.php\/wp-json\/wp\/v2\/posts"}],"about":[{"href":"https:\/\/malatyareport.com.tr\/index.php\/wp-json\/wp\/v2\/types\/post"}],"author":[{"embeddable":true,"href":"https:\/\/malatyareport.com.tr\/index.php\/wp-json\/wp\/v2\/users\/1"}],"replies":[{"embeddable":true,"href":"https:\/\/malatyareport.com.tr\/index.php\/wp-json\/wp\/v2\/comments?post=163"}],"version-history":[{"count":5,"href":"https:\/\/malatyareport.com.tr\/index.php\/wp-json\/wp\/v2\/posts\/163\/revisions"}],"predecessor-version":[{"id":171,"href":"https:\/\/malatyareport.com.tr\/index.php\/wp-json\/wp\/v2\/posts\/163\/revisions\/171"}],"wp:attachment":[{"href":"https:\/\/malatyareport.com.tr\/index.php\/wp-json\/wp\/v2\/media?parent=163"}],"wp:term":[{"taxonomy":"category","embeddable":true,"href":"https:\/\/malatyareport.com.tr\/index.php\/wp-json\/wp\/v2\/categories?post=163"},{"taxonomy":"post_tag","embeddable":true,"href":"https:\/\/malatyareport.com.tr\/index.php\/wp-json\/wp\/v2\/tags?post=163"}],"curies":[{"name":"wp","href":"https:\/\/api.w.org\/{rel}","templated":true}]}}