{"id":172,"date":"2025-05-27T16:46:47","date_gmt":"2025-05-27T16:46:47","guid":{"rendered":"https:\/\/malatyareport.com.tr\/?p=172"},"modified":"2025-05-28T04:47:30","modified_gmt":"2025-05-28T04:47:30","slug":"sehrin-kurtulus-recetesi-ve-kirli-siyasilere-karsi-boykot","status":"publish","type":"post","link":"https:\/\/malatyareport.com.tr\/index.php\/2025\/05\/27\/sehrin-kurtulus-recetesi-ve-kirli-siyasilere-karsi-boykot\/","title":{"rendered":"\u015eEHR\u0130N KURTULU\u015e RE\u00c7ETES\u0130 VE K\u0130RL\u0130 S\u0130YAS\u0130LERE KAR\u015eI BOYKOT"},"content":{"rendered":"\n<figure class=\"wp-block-image size-full\"><img data-recalc-dims=\"1\" loading=\"lazy\" decoding=\"async\" width=\"678\" height=\"452\" src=\"https:\/\/i0.wp.com\/malatyareport.com.tr\/wp-content\/uploads\/2025\/05\/F06073F8-2115-46F9-9240-E52CCF56B5EA.jpeg?resize=678%2C452&#038;ssl=1\" alt=\"\" class=\"wp-image-180\" srcset=\"https:\/\/i0.wp.com\/malatyareport.com.tr\/wp-content\/uploads\/2025\/05\/F06073F8-2115-46F9-9240-E52CCF56B5EA.jpeg?w=678&amp;ssl=1 678w, https:\/\/i0.wp.com\/malatyareport.com.tr\/wp-content\/uploads\/2025\/05\/F06073F8-2115-46F9-9240-E52CCF56B5EA.jpeg?resize=300%2C200&amp;ssl=1 300w\" sizes=\"auto, (max-width: 678px) 100vw, 678px\" \/><\/figure>\n\n\n\n<p class=\"has-drop-cap wp-block-paragraph\" style=\"font-size:16px\"><strong>\u0130nsan hayat\u0131 gibi \u015fehirlerin de birer canl\u0131 olduklar\u0131n\u0131; haf\u0131zas\u0131, k\u00fclt\u00fcrleri, felsefesi, tezi, etnik bilimi ile toplumlar\u0131n kendini ait hissettikleri \u00e7ok \u00e7e\u015fitli folklorik, mimari, estetik zerafetle tasarlanm\u0131\u015f kadim mekanlar oldu\u011fu bilinmeli<\/strong>. <\/p>\n\n\n\n<p class=\"wp-block-paragraph\"><strong>Zaman ve \u015fartlar, co\u011frafya, do\u011fal olaylar, tarih, eko sistem, insan mutlulu\u011fu hepsi \u015fehirleri so\u011fukkanl\u0131 bir \u015fekilde as\u0131l maksad\u0131n\u0131 g\u00fcn y\u00fcz\u00fcne \u00e7\u0131kar\u0131r. Asl\u0131nda bir \u015fehir \u00fczerinde analiz yapmak do\u011furganl\u0131\u011f\u0131 yepyeni sonu\u00e7lar \u00e7\u0131karmaya zorlar bizi.&nbsp;<\/strong><\/p>\n\n\n\n<p class=\"wp-block-paragraph\"><strong>Dolay\u0131s\u0131yla bizim ait oldu\u011fumuz \u015fehirden ba\u015flayaca\u011f\u0131z: Duygusal tepkilerini, hikayesini, beklentileri ile daha \u00e7ok sorunsall\u0131klar\u0131n\u0131 ele alacak, siyaset mekanizmas\u0131na kurban giden y\u00f6nlerini \u015feytani bir zekayla bulup s\u00f6yleyecek, g\u00f6zden ka\u00e7an bir \u00e7ok ayr\u0131nt\u0131s\u0131n\u0131 g\u00fcn y\u00fcz\u00fcne \u00e7\u0131karmay\u0131 adet edinmeliyiz.&nbsp;<\/strong><\/p>\n\n\n\n<p class=\"wp-block-paragraph\"><strong>Mesela kendimizi ait g\u00f6rd\u00fc\u011f\u00fcm\u00fcz \u015fehir, h\u00fcviyetimizde nereli oldu\u011fumuzu belirten o isim, harf diziliminde meydana gelen ses-c\u00fcmlenin anlam b\u00fct\u00fcnl\u00fc\u011f\u00fc, ya\u015famak-\u00f6lmek sarmal\u0131nda bize hissettirdikleri, ata ve soy ge\u00e7mi\u015fimizin her daim kendilerini izah ettikleri bu adresler bizden sonraki nesil i\u00e7in de ayn\u0131 anlamla ifade edilir olmal\u0131.&nbsp;<\/strong><\/p>\n\n\n\n<p class=\"wp-block-paragraph\"><strong>O halde \u015fehrimizin hikayesi, sorunlar\u0131, kafa kar\u0131\u015f\u0131kl\u0131\u011f\u0131, bize \u00f6nerdi\u011fi tart\u0131\u015fmalar\u0131, y\u00f6neticilerin belirledi\u011fi rasyonel insiyatif ile siyasi \u00e7\u00f6z\u00fcm, dahas\u0131 sorunlar\u0131 en do\u011fal ve do\u011fru yerden bakmay\u0131 bilmeli, iyi niyet sorgulamas\u0131nda ele\u015ftirel yakla\u015f\u0131mlarla ortak bir yetki etraf\u0131nda bulu\u015fabilirsek daim oluruz ancak.&nbsp;<\/strong><\/p>\n\n\n\n<p class=\"wp-block-paragraph\"><strong>\u015eehrimiz Malatya ile ilgili en kritik \u201c<em>iki<\/em>\u201d sorunu bu analiz yaz\u0131m\u0131zda \u00f6ne \u00e7\u0131kar\u0131p, ekme\u011fini yiyen vatanda\u015f\u0131, siyasileri, yazarlar\u0131, gazetecisi, ayd\u0131n\u0131, akademisyeni, \u00fcniversite hocalar\u0131 birlikte \u00e7a\u011f\u0131n gereksinimleri mukabilinde bir \u00e7er\u00e7eve \u00e7izmeye davet ediyorum.&nbsp;<\/strong><\/p>\n\n\n\n<p class=\"wp-block-paragraph\" style=\"font-size:19px\"><strong><mark style=\"background-color:rgba(0, 0, 0, 0)\" class=\"has-inline-color has-vivid-cyan-blue-color\">1<\/mark>&#8211;<mark style=\"background-color:rgba(0, 0, 0, 0)\" class=\"has-inline-color has-vivid-cyan-blue-color\"><em>Deprem sorununa e\u015f zamanl\u0131 gerekli hassasiyeti g\u00f6sterebildik mi sorunu:&nbsp;<\/em><\/mark><\/strong><\/p>\n\n\n\n<p class=\"wp-block-paragraph\"><strong><em>T\u00fcm deprem y\u00f6netmeli\u011fini, at\u0131lan ad\u0131mlar, kat edilen yol, bina stoku, siyasal duru\u015f ve vatanda\u015f\u0131n sorunlar silsilesi t\u00fcm ba\u015fl\u0131k alt\u0131nda ki detaylar\u0131 kapsar. M\u00fcdahale etme y\u00f6ntemi \u015fimdilik belirli mercilerin elinde. San\u0131r\u0131m takvim kaynakl\u0131 s\u00fcre\u00e7 ile siyaset kaynakl\u0131 s\u00fcrecin at ba\u015f\u0131 -tersine do\u011fru- birbiriyle yar\u0131\u015f\u0131r halde oldu\u011fu depreme kar\u015f\u0131 nas\u0131l bir kampanya ortaya koydu\u011fumuz, t\u00fcm iltisaklar\u0131, gelecekte hayat\u0131m\u0131zsa ki konumu, \u015fehrin \u00fczerinde olu\u015fturdu\u011fu psikolojik\/ olumsuz reaksiyonlar\u0131 hepsini ciddi \u015fekilde e\u011fer tart\u0131\u015fmaya de\u011fer buluyorsak, buluyorum, buluyor muyuz?&nbsp;<\/em><\/strong><\/p>\n\n\n\n<p class=\"wp-block-paragraph\"><strong><em>Yok e\u011fer her vatanda\u015fa bu bile fazla, yap\u0131yoruz i\u015fte can\u0131m.. mealinde stat\u00fckocu bir yakla\u015f\u0131m var ise kendi i\u00e7inde kendini yalanlamaktan ba\u015fka bir \u015fey olamaz.&nbsp;<\/em><\/strong><\/p>\n\n\n\n<p class=\"wp-block-paragraph\" style=\"font-size:19px\"><strong><mark style=\"background-color:rgba(0, 0, 0, 0)\" class=\"has-inline-color has-vivid-cyan-blue-color\">2<\/mark>&#8211;<mark style=\"background-color:rgba(0, 0, 0, 0)\" class=\"has-inline-color has-vivid-cyan-blue-color\"><em>Kay\u0131s\u0131n\u0131n sadece meyve de\u011fil, bir toplumun gelece\u011fi oldu\u011funu belirleme:<\/em><\/mark><\/strong><\/p>\n\n\n\n<p class=\"wp-block-paragraph\"><strong><em>Kay\u0131s\u0131n\u0131n <mark style=\"background-color:rgba(0, 0, 0, 0)\" class=\"has-inline-color has-luminous-vivid-amber-color\">12-15 Nisan<\/mark> tarihlerinde ya\u015fanan don afeti sonras\u0131 yanmas\u0131 g\u00f6sterdiki bir toplumun kaderinde \u00f6nemli bir yer edindi\u011fi. Hatta bir ka\u00e7 ad\u0131m daha \u00f6nde gider. Ehli namus ve d\u00fcr\u00fcst y\u00f6neticilerin bunu g\u00f6rd\u00fc\u011f\u00fcne kabulen; kay\u0131s\u0131y\u0131 sadece bir yaz meyvesi olarak g\u00f6rmesi d\u0131\u015f\u0131nda ciddi bir kitlenin gelece\u011fi ile ilgili direkt saras\u0131nda biyolojik ba\u011f bulundu\u011funu g\u00f6rmek, tahlil etmek, bunu b\u00f6yle tan\u0131mlayacak teoriler, frekanslar, tan\u0131r\u0131m reklam yelpazesini geni\u015fletmeyi bilecek ak\u0131l sahiplerine ihtiya\u00e7 oldu\u011fu. Hi\u00e7 kimse bu saatten sonra kay\u0131s\u0131 \u00f6zge\u00e7mi\u015fine co\u011frafi i\u015faretli meyve \u00fcr\u00fcn\u00fc \u015feklinde tan\u0131t\u0131m\u0131na, as\u0131l anlam\u0131n\u0131 yani toplumsal manevi bir de\u011fer oldu\u011funun simgesel y\u00f6nlerini dahil etmeyecek hainli\u011fi yapmamal\u0131. O vakit as\u0131l kay\u0131s\u0131 g\u00fcnleri, festivali, bahsi tam bu y\u0131l yap\u0131lmal\u0131d\u0131r.\u00a0<\/em><\/strong><\/p>\n\n\n\n<p class=\"wp-block-paragraph\"><strong>\u00d6ncelik bu iki sorun etraf\u0131nda konu\u015flan\u0131r, siyasi \u00e7\u00f6z\u00fcmden ba\u015flayarak, STK ve \u00fcniversite-hocalar\u0131m\u0131z\u0131n dahli, gazeteci ve yazarlar\u0131m\u0131z\u0131n bunu anlatma giri\u015fimi, kitlesel minvalde konuyu sahiplenme muamelesi 2-5 y\u0131llar\u0131 aras\u0131nda meydana getirece\u011fi pozitif sonu\u00e7lar\u0131n \u015fehrin maruz kalaca\u011f\u0131 ilerleme b\u00f6l\u00fcm\u00fcne arz\u2019\u0131n\u0131 \u015fimdiden not d\u00fc\u015febiliriz.&nbsp;<\/strong><\/p>\n\n\n\n<p class=\"wp-block-paragraph\"><strong>Malatya tebas\u0131 her y\u00f6n\u00fcyle g\u00fc\u00e7l\u00fc, ilkeleri olan, sahih varsay\u0131mlara sahip, gelece\u011fe dair bir duru\u015f haz\u0131rlayan, prensipleri-mazbut bir \u00e7izgisi, teolojisi olan, k\u0131smen ideojik bir perspektifi benimsemi\u015f g\u00fc\u00e7l\u00fc bir iskelet yap\u0131s\u0131na sahip bir \u015fehir.&nbsp;<\/strong><\/p>\n\n\n\n<p class=\"wp-block-paragraph\"><strong>Fakat baz\u0131 yanl\u0131\u015f \u00f6nermeler sonras\u0131 faliyetlerinde kendini korumaya alm\u0131\u015f olmas\u0131, do\u011frudan i\u00e7inden gelen a\u00e7\u0131k y\u00f6nlendirmelere kulak t\u0131kamas\u0131, elbet gelece\u011fine dair \u00e7ok radikal sert \u00e7a\u011fr\u0131\u015f\u0131mlar\u0131n\u0131n var oldu\u011funu g\u00f6stermesi, siyasal y\u00f6netimin \u00e7o\u011fu zaman niyetini belli ettirmemesi benzini biten araba normunda b\u0131rakt\u0131\u011f\u0131 muhakkak. Benzin koyacak bir akaryak\u0131t istasyonu ve bir de cebinde benzin alacak az paran\u0131n olmas\u0131 kafi.&nbsp;<\/strong><\/p>\n\n\n\n<p class=\"wp-block-paragraph\"><strong>Benzin paras\u0131 kay\u0131s\u0131, benzin paras\u0131 da \u015fehri depreme yeniden haz\u0131rlamak olarak okuyabiliriz asl\u0131nda. Form\u00fcl bu kadar basit.&nbsp;<\/strong><\/p>\n\n\n\n<p class=\"wp-block-paragraph\"><strong>A\u00e7\u0131k a\u00e7\u0131k ben s\u00f6yleyeyim: rant g\u00f6zeten, ilgili makamdan kariyer bekleyen, kariyere ba\u011fl\u0131 l\u00fcks ve \u015fatafat f\u0131rsat\u0131 kollayan, siyaset ad\u0131 alt\u0131nda ba\u015fka \u00e7arp\u0131k ili\u015fkilere tevess\u00fcl edenler yukar\u0131da verdi\u011fimiz iki masum-iyi niyetli maddenin ama\u00e7lar\u0131 do\u011frultusunda hedefine ula\u015fmas\u0131n\u0131 istemez. \u00c7\u00fcnk\u00fc i\u015flerine gelmez. \u0130\u015fte yukar\u0131da yaz\u0131mda bahsetti\u011fim ehli namus, vicdanl\u0131, d\u00fcr\u00fcst akt\u00f6rlere bu nedenle toplumun acil ihtiyac\u0131 var.&nbsp;<\/strong><\/p>\n\n\n\n<p class=\"wp-block-paragraph\"><strong>Yoksa kirli, \u00e7\u00fcr\u00fcm\u00fc\u015f zihinlere sahip potansiyelleri, tak\u0131m elbise alt\u0131na gizlenmi\u015f muallak anksiyetleri, genel bir belirleyici fakt\u00f6r olarak \u015fehrin felsefesi, toplumsal diyalogu, baz\u0131 \u00e7\u0131kar dengeleri, iktidar\u0131n iyi niyeti \u00f6n\u00fcnde engel olabilecekleri parazitsel g\u00f6stergeleri g\u00f6zden ka\u00e7\u0131rmamal\u0131y\u0131z.&nbsp;<\/strong><\/p>\n\n\n\n<p class=\"wp-block-paragraph\"><strong>Onlar\u0131 iyi tespit etmeliyiz<\/strong>.&nbsp;<\/p>\n\n\n\n<p class=\"wp-block-paragraph\"><strong>Tam burada art niyetli siyasi, y\u00f6netici, STK memurlar\u0131, kim olursa olsun boykot etme yasal hakk\u0131m\u0131z\u0131 kullanaca\u011f\u0131z. G\u00f6zlem imkanlar\u0131m\u0131za g\u00f6re, ortaya konulan referanslara, edindi\u011fimiz izlenim,bireylerde b\u0131rakt\u0131klar\u0131 intiba, dinamikleri ve \u015fehrin geneline g\u00f6re yayd\u0131klar\u0131 enerji ne varsa bize boykot yap\u0131p yada yapmama hakk\u0131 do\u011furabilir. Kimi zaman yaz\u0131lar\u0131m\u0131zda, bire bir ili\u015fkilerimiz de, sosyal mecralarda boykot edece\u011fimiz isimlerin tuzu kurulu\u011funa bakmadan \u015fehir re\u00e7etesine sunmu\u015f oldu\u011fu katk\u0131 s\u0131ralamas\u0131 de\u011ferlendirme de etkili olaca\u011f\u0131 ku\u015fkusuz.&nbsp;<\/strong><\/p>\n\n\n\n<p class=\"wp-block-paragraph\"><strong>Sosyolojik a\u00e7\u0131dan \u015fayet siyasileri, y\u00f6neticileri, baz\u0131 kurum memurlar\u0131 \u00f6n\u00fcn de ceket ilik iliklemek yerine asli eksiklikler, sorunlar dile getiirllmesi kaliteli bir y\u00f6netim, ba\u015far\u0131l\u0131 bir siyaset, ufku geni\u015f akil ki\u015filerin toplum b\u00fcnyesinden ye\u015fermesine olanak sa\u011flayacakt\u0131r. Yoksa gelen cebini dolduracak, giden ranta har vurup harman savuracak, di\u011feri kene gibi ordan kan\u0131n\u0131 emecek, ordan bir ki\u015fi yada grup nemalanacak fakat toplumsal kitle peri\u015fan olacak, ac\u0131 \u00e7ekecek, o vakit s\u00fcr\u00fcnmeye-yok olmaya, rezil r\u00fcsva olmaya devam.&nbsp;<\/strong><\/p>\n","protected":false},"excerpt":{"rendered":"<p>\u0130nsan hayat\u0131 gibi \u015fehirlerin de birer canl\u0131 olduklar\u0131n\u0131; haf\u0131zas\u0131, k\u00fclt\u00fcrleri, felsefesi, tezi, etnik bilimi ile toplumlar\u0131n kendini ait hissettikleri \u00e7ok \u00e7e\u015fitli folklorik, mimari, estetik zerafetle&#8230;<\/p>\n<div class=\"more-link-wrapper\"><a class=\"more-link\" href=\"https:\/\/malatyareport.com.tr\/index.php\/2025\/05\/27\/sehrin-kurtulus-recetesi-ve-kirli-siyasilere-karsi-boykot\/\">Devam\u0131n\u0131 okuyun<span class=\"screen-reader-text\">\u015eEHR\u0130N KURTULU\u015e RE\u00c7ETES\u0130 VE K\u0130RL\u0130 S\u0130YAS\u0130LERE KAR\u015eI BOYKOT<\/span><\/a><\/div>\n","protected":false},"author":1,"featured_media":0,"comment_status":"open","ping_status":"open","sticky":false,"template":"","format":"standard","meta":{"_jetpack_memberships_contains_paid_content":false,"footnotes":""},"categories":[5],"tags":[],"class_list":["post-172","post","type-post","status-publish","format-standard","hentry","category-kose-yazilari","entry"],"yoast_head":"<!-- This site is optimized with the Yoast SEO plugin v28.2 - https:\/\/yoast.com\/product\/yoast-seo-wordpress\/ -->\n<title>\u015eEHR\u0130N KURTULU\u015e RE\u00c7ETES\u0130 VE K\u0130RL\u0130 S\u0130YAS\u0130LERE KAR\u015eI BOYKOT - Malatya Report<\/title>\n<meta name=\"robots\" content=\"index, follow, max-snippet:-1, max-image-preview:large, max-video-preview:-1\" \/>\n<link rel=\"canonical\" href=\"https:\/\/malatyareport.com.tr\/index.php\/2025\/05\/27\/sehrin-kurtulus-recetesi-ve-kirli-siyasilere-karsi-boykot\/\" \/>\n<meta property=\"og:locale\" content=\"tr_TR\" \/>\n<meta property=\"og:type\" content=\"article\" \/>\n<meta property=\"og:title\" content=\"\u015eEHR\u0130N KURTULU\u015e RE\u00c7ETES\u0130 VE K\u0130RL\u0130 S\u0130YAS\u0130LERE KAR\u015eI BOYKOT - Malatya Report\" \/>\n<meta property=\"og:description\" content=\"\u0130nsan hayat\u0131 gibi \u015fehirlerin de birer canl\u0131 olduklar\u0131n\u0131; haf\u0131zas\u0131, k\u00fclt\u00fcrleri, felsefesi, tezi, etnik bilimi ile toplumlar\u0131n kendini ait hissettikleri \u00e7ok \u00e7e\u015fitli folklorik, mimari, estetik zerafetle&#8230;\" \/>\n<meta property=\"og:url\" content=\"https:\/\/malatyareport.com.tr\/index.php\/2025\/05\/27\/sehrin-kurtulus-recetesi-ve-kirli-siyasilere-karsi-boykot\/\" \/>\n<meta property=\"og:site_name\" content=\"Malatya Report\" \/>\n<meta property=\"article:author\" content=\"https:\/\/www.facebook.com\/timurince\" \/>\n<meta property=\"article:published_time\" content=\"2025-05-27T16:46:47+00:00\" \/>\n<meta property=\"article:modified_time\" content=\"2025-05-28T04:47:30+00:00\" \/>\n<meta property=\"og:image\" content=\"https:\/\/malatyareport.com.tr\/wp-content\/uploads\/2025\/05\/F06073F8-2115-46F9-9240-E52CCF56B5EA.jpeg\" \/>\n<meta name=\"author\" content=\"Timur \u0130nce\" \/>\n<meta name=\"twitter:card\" content=\"summary_large_image\" \/>\n<meta name=\"twitter:creator\" content=\"@timurince11\" \/>\n<meta name=\"twitter:label1\" content=\"Yazan:\" \/>\n\t<meta name=\"twitter:data1\" content=\"Timur \u0130nce\" \/>\n\t<meta name=\"twitter:label2\" content=\"Tahmini okuma s\u00fcresi\" \/>\n\t<meta name=\"twitter:data2\" content=\"6 dakika\" \/>\n<script type=\"application\/ld+json\" class=\"yoast-schema-graph\">{\"@context\":\"https:\\\/\\\/schema.org\",\"@graph\":[{\"@type\":\"Article\",\"@id\":\"https:\\\/\\\/malatyareport.com.tr\\\/index.php\\\/2025\\\/05\\\/27\\\/sehrin-kurtulus-recetesi-ve-kirli-siyasilere-karsi-boykot\\\/#article\",\"isPartOf\":{\"@id\":\"https:\\\/\\\/malatyareport.com.tr\\\/index.php\\\/2025\\\/05\\\/27\\\/sehrin-kurtulus-recetesi-ve-kirli-siyasilere-karsi-boykot\\\/\"},\"author\":{\"name\":\"Timur \u0130nce\",\"@id\":\"https:\\\/\\\/malatyareport.com.tr\\\/#\\\/schema\\\/person\\\/93146d94af76b792b58ac78050cc6da7\"},\"headline\":\"\u015eEHR\u0130N KURTULU\u015e RE\u00c7ETES\u0130 VE K\u0130RL\u0130 S\u0130YAS\u0130LERE KAR\u015eI BOYKOT\",\"datePublished\":\"2025-05-27T16:46:47+00:00\",\"dateModified\":\"2025-05-28T04:47:30+00:00\",\"mainEntityOfPage\":{\"@id\":\"https:\\\/\\\/malatyareport.com.tr\\\/index.php\\\/2025\\\/05\\\/27\\\/sehrin-kurtulus-recetesi-ve-kirli-siyasilere-karsi-boykot\\\/\"},\"wordCount\":1143,\"commentCount\":0,\"image\":{\"@id\":\"https:\\\/\\\/malatyareport.com.tr\\\/index.php\\\/2025\\\/05\\\/27\\\/sehrin-kurtulus-recetesi-ve-kirli-siyasilere-karsi-boykot\\\/#primaryimage\"},\"thumbnailUrl\":\"https:\\\/\\\/malatyareport.com.tr\\\/wp-content\\\/uploads\\\/2025\\\/05\\\/F06073F8-2115-46F9-9240-E52CCF56B5EA.jpeg\",\"articleSection\":[\"K\u00f6\u015fe Yaz\u0131lar\u0131\"],\"inLanguage\":\"tr\",\"potentialAction\":[{\"@type\":\"CommentAction\",\"name\":\"Comment\",\"target\":[\"https:\\\/\\\/malatyareport.com.tr\\\/index.php\\\/2025\\\/05\\\/27\\\/sehrin-kurtulus-recetesi-ve-kirli-siyasilere-karsi-boykot\\\/#respond\"]}]},{\"@type\":\"WebPage\",\"@id\":\"https:\\\/\\\/malatyareport.com.tr\\\/index.php\\\/2025\\\/05\\\/27\\\/sehrin-kurtulus-recetesi-ve-kirli-siyasilere-karsi-boykot\\\/\",\"url\":\"https:\\\/\\\/malatyareport.com.tr\\\/index.php\\\/2025\\\/05\\\/27\\\/sehrin-kurtulus-recetesi-ve-kirli-siyasilere-karsi-boykot\\\/\",\"name\":\"\u015eEHR\u0130N KURTULU\u015e RE\u00c7ETES\u0130 VE K\u0130RL\u0130 S\u0130YAS\u0130LERE KAR\u015eI BOYKOT - Malatya Report\",\"isPartOf\":{\"@id\":\"https:\\\/\\\/malatyareport.com.tr\\\/#website\"},\"primaryImageOfPage\":{\"@id\":\"https:\\\/\\\/malatyareport.com.tr\\\/index.php\\\/2025\\\/05\\\/27\\\/sehrin-kurtulus-recetesi-ve-kirli-siyasilere-karsi-boykot\\\/#primaryimage\"},\"image\":{\"@id\":\"https:\\\/\\\/malatyareport.com.tr\\\/index.php\\\/2025\\\/05\\\/27\\\/sehrin-kurtulus-recetesi-ve-kirli-siyasilere-karsi-boykot\\\/#primaryimage\"},\"thumbnailUrl\":\"https:\\\/\\\/malatyareport.com.tr\\\/wp-content\\\/uploads\\\/2025\\\/05\\\/F06073F8-2115-46F9-9240-E52CCF56B5EA.jpeg\",\"datePublished\":\"2025-05-27T16:46:47+00:00\",\"dateModified\":\"2025-05-28T04:47:30+00:00\",\"author\":{\"@id\":\"https:\\\/\\\/malatyareport.com.tr\\\/#\\\/schema\\\/person\\\/93146d94af76b792b58ac78050cc6da7\"},\"breadcrumb\":{\"@id\":\"https:\\\/\\\/malatyareport.com.tr\\\/index.php\\\/2025\\\/05\\\/27\\\/sehrin-kurtulus-recetesi-ve-kirli-siyasilere-karsi-boykot\\\/#breadcrumb\"},\"inLanguage\":\"tr\",\"potentialAction\":[{\"@type\":\"ReadAction\",\"target\":[\"https:\\\/\\\/malatyareport.com.tr\\\/index.php\\\/2025\\\/05\\\/27\\\/sehrin-kurtulus-recetesi-ve-kirli-siyasilere-karsi-boykot\\\/\"]}]},{\"@type\":\"ImageObject\",\"inLanguage\":\"tr\",\"@id\":\"https:\\\/\\\/malatyareport.com.tr\\\/index.php\\\/2025\\\/05\\\/27\\\/sehrin-kurtulus-recetesi-ve-kirli-siyasilere-karsi-boykot\\\/#primaryimage\",\"url\":\"https:\\\/\\\/i0.wp.com\\\/malatyareport.com.tr\\\/wp-content\\\/uploads\\\/2025\\\/05\\\/F06073F8-2115-46F9-9240-E52CCF56B5EA.jpeg?fit=678%2C452&ssl=1\",\"contentUrl\":\"https:\\\/\\\/i0.wp.com\\\/malatyareport.com.tr\\\/wp-content\\\/uploads\\\/2025\\\/05\\\/F06073F8-2115-46F9-9240-E52CCF56B5EA.jpeg?fit=678%2C452&ssl=1\",\"width\":678,\"height\":452},{\"@type\":\"BreadcrumbList\",\"@id\":\"https:\\\/\\\/malatyareport.com.tr\\\/index.php\\\/2025\\\/05\\\/27\\\/sehrin-kurtulus-recetesi-ve-kirli-siyasilere-karsi-boykot\\\/#breadcrumb\",\"itemListElement\":[{\"@type\":\"ListItem\",\"position\":1,\"name\":\"Anasayfa\",\"item\":\"https:\\\/\\\/malatyareport.com.tr\\\/\"},{\"@type\":\"ListItem\",\"position\":2,\"name\":\"\u015eEHR\u0130N KURTULU\u015e RE\u00c7ETES\u0130 VE K\u0130RL\u0130 S\u0130YAS\u0130LERE KAR\u015eI BOYKOT\"}]},{\"@type\":\"WebSite\",\"@id\":\"https:\\\/\\\/malatyareport.com.tr\\\/#website\",\"url\":\"https:\\\/\\\/malatyareport.com.tr\\\/\",\"name\":\"Malatya Report\",\"description\":\"\",\"potentialAction\":[{\"@type\":\"SearchAction\",\"target\":{\"@type\":\"EntryPoint\",\"urlTemplate\":\"https:\\\/\\\/malatyareport.com.tr\\\/?s={search_term_string}\"},\"query-input\":{\"@type\":\"PropertyValueSpecification\",\"valueRequired\":true,\"valueName\":\"search_term_string\"}}],\"inLanguage\":\"tr\"},{\"@type\":\"Person\",\"@id\":\"https:\\\/\\\/malatyareport.com.tr\\\/#\\\/schema\\\/person\\\/93146d94af76b792b58ac78050cc6da7\",\"name\":\"Timur \u0130nce\",\"image\":{\"@type\":\"ImageObject\",\"inLanguage\":\"tr\",\"@id\":\"https:\\\/\\\/secure.gravatar.com\\\/avatar\\\/e5ce118bd86e5549ff544e7c5b614da198ecaa7f8e9398b55d27ae1f117511d8?s=96&d=mm&r=g\",\"url\":\"https:\\\/\\\/secure.gravatar.com\\\/avatar\\\/e5ce118bd86e5549ff544e7c5b614da198ecaa7f8e9398b55d27ae1f117511d8?s=96&d=mm&r=g\",\"contentUrl\":\"https:\\\/\\\/secure.gravatar.com\\\/avatar\\\/e5ce118bd86e5549ff544e7c5b614da198ecaa7f8e9398b55d27ae1f117511d8?s=96&d=mm&r=g\",\"caption\":\"Timur \u0130nce\"},\"description\":\"Zaman\u0131n ruhunda bir damla m\u00fcrekkep olmay\u0131 isterdim. Bir damla m\u00fcrekkep bir ulusun kaderini yazmaya yeterlidir.\",\"sameAs\":[\"https:\\\/\\\/malatyareport.com.tr\",\"https:\\\/\\\/www.facebook.com\\\/timurince\",\"@timur_ince_t5_\",\"https:\\\/\\\/x.com\\\/@timurince11\"],\"url\":\"https:\\\/\\\/malatyareport.com.tr\\\/index.php\\\/author\\\/admin_6i9yniox\\\/\"}]}<\/script>\n<!-- \/ Yoast SEO plugin. -->","yoast_head_json":{"title":"\u015eEHR\u0130N KURTULU\u015e RE\u00c7ETES\u0130 VE K\u0130RL\u0130 S\u0130YAS\u0130LERE KAR\u015eI BOYKOT - Malatya Report","robots":{"index":"index","follow":"follow","max-snippet":"max-snippet:-1","max-image-preview":"max-image-preview:large","max-video-preview":"max-video-preview:-1"},"canonical":"https:\/\/malatyareport.com.tr\/index.php\/2025\/05\/27\/sehrin-kurtulus-recetesi-ve-kirli-siyasilere-karsi-boykot\/","og_locale":"tr_TR","og_type":"article","og_title":"\u015eEHR\u0130N KURTULU\u015e RE\u00c7ETES\u0130 VE K\u0130RL\u0130 S\u0130YAS\u0130LERE KAR\u015eI BOYKOT - Malatya Report","og_description":"\u0130nsan hayat\u0131 gibi \u015fehirlerin de birer canl\u0131 olduklar\u0131n\u0131; haf\u0131zas\u0131, k\u00fclt\u00fcrleri, felsefesi, tezi, etnik bilimi ile toplumlar\u0131n kendini ait hissettikleri \u00e7ok \u00e7e\u015fitli folklorik, mimari, estetik zerafetle&#8230;","og_url":"https:\/\/malatyareport.com.tr\/index.php\/2025\/05\/27\/sehrin-kurtulus-recetesi-ve-kirli-siyasilere-karsi-boykot\/","og_site_name":"Malatya Report","article_author":"https:\/\/www.facebook.com\/timurince","article_published_time":"2025-05-27T16:46:47+00:00","article_modified_time":"2025-05-28T04:47:30+00:00","og_image":[{"url":"https:\/\/malatyareport.com.tr\/wp-content\/uploads\/2025\/05\/F06073F8-2115-46F9-9240-E52CCF56B5EA.jpeg","type":"","width":"","height":""}],"author":"Timur \u0130nce","twitter_card":"summary_large_image","twitter_creator":"@timurince11","twitter_misc":{"Yazan:":"Timur \u0130nce","Tahmini okuma s\u00fcresi":"6 dakika"},"schema":{"@context":"https:\/\/schema.org","@graph":[{"@type":"Article","@id":"https:\/\/malatyareport.com.tr\/index.php\/2025\/05\/27\/sehrin-kurtulus-recetesi-ve-kirli-siyasilere-karsi-boykot\/#article","isPartOf":{"@id":"https:\/\/malatyareport.com.tr\/index.php\/2025\/05\/27\/sehrin-kurtulus-recetesi-ve-kirli-siyasilere-karsi-boykot\/"},"author":{"name":"Timur \u0130nce","@id":"https:\/\/malatyareport.com.tr\/#\/schema\/person\/93146d94af76b792b58ac78050cc6da7"},"headline":"\u015eEHR\u0130N KURTULU\u015e RE\u00c7ETES\u0130 VE K\u0130RL\u0130 S\u0130YAS\u0130LERE KAR\u015eI BOYKOT","datePublished":"2025-05-27T16:46:47+00:00","dateModified":"2025-05-28T04:47:30+00:00","mainEntityOfPage":{"@id":"https:\/\/malatyareport.com.tr\/index.php\/2025\/05\/27\/sehrin-kurtulus-recetesi-ve-kirli-siyasilere-karsi-boykot\/"},"wordCount":1143,"commentCount":0,"image":{"@id":"https:\/\/malatyareport.com.tr\/index.php\/2025\/05\/27\/sehrin-kurtulus-recetesi-ve-kirli-siyasilere-karsi-boykot\/#primaryimage"},"thumbnailUrl":"https:\/\/malatyareport.com.tr\/wp-content\/uploads\/2025\/05\/F06073F8-2115-46F9-9240-E52CCF56B5EA.jpeg","articleSection":["K\u00f6\u015fe Yaz\u0131lar\u0131"],"inLanguage":"tr","potentialAction":[{"@type":"CommentAction","name":"Comment","target":["https:\/\/malatyareport.com.tr\/index.php\/2025\/05\/27\/sehrin-kurtulus-recetesi-ve-kirli-siyasilere-karsi-boykot\/#respond"]}]},{"@type":"WebPage","@id":"https:\/\/malatyareport.com.tr\/index.php\/2025\/05\/27\/sehrin-kurtulus-recetesi-ve-kirli-siyasilere-karsi-boykot\/","url":"https:\/\/malatyareport.com.tr\/index.php\/2025\/05\/27\/sehrin-kurtulus-recetesi-ve-kirli-siyasilere-karsi-boykot\/","name":"\u015eEHR\u0130N KURTULU\u015e RE\u00c7ETES\u0130 VE K\u0130RL\u0130 S\u0130YAS\u0130LERE KAR\u015eI BOYKOT - Malatya Report","isPartOf":{"@id":"https:\/\/malatyareport.com.tr\/#website"},"primaryImageOfPage":{"@id":"https:\/\/malatyareport.com.tr\/index.php\/2025\/05\/27\/sehrin-kurtulus-recetesi-ve-kirli-siyasilere-karsi-boykot\/#primaryimage"},"image":{"@id":"https:\/\/malatyareport.com.tr\/index.php\/2025\/05\/27\/sehrin-kurtulus-recetesi-ve-kirli-siyasilere-karsi-boykot\/#primaryimage"},"thumbnailUrl":"https:\/\/malatyareport.com.tr\/wp-content\/uploads\/2025\/05\/F06073F8-2115-46F9-9240-E52CCF56B5EA.jpeg","datePublished":"2025-05-27T16:46:47+00:00","dateModified":"2025-05-28T04:47:30+00:00","author":{"@id":"https:\/\/malatyareport.com.tr\/#\/schema\/person\/93146d94af76b792b58ac78050cc6da7"},"breadcrumb":{"@id":"https:\/\/malatyareport.com.tr\/index.php\/2025\/05\/27\/sehrin-kurtulus-recetesi-ve-kirli-siyasilere-karsi-boykot\/#breadcrumb"},"inLanguage":"tr","potentialAction":[{"@type":"ReadAction","target":["https:\/\/malatyareport.com.tr\/index.php\/2025\/05\/27\/sehrin-kurtulus-recetesi-ve-kirli-siyasilere-karsi-boykot\/"]}]},{"@type":"ImageObject","inLanguage":"tr","@id":"https:\/\/malatyareport.com.tr\/index.php\/2025\/05\/27\/sehrin-kurtulus-recetesi-ve-kirli-siyasilere-karsi-boykot\/#primaryimage","url":"https:\/\/i0.wp.com\/malatyareport.com.tr\/wp-content\/uploads\/2025\/05\/F06073F8-2115-46F9-9240-E52CCF56B5EA.jpeg?fit=678%2C452&ssl=1","contentUrl":"https:\/\/i0.wp.com\/malatyareport.com.tr\/wp-content\/uploads\/2025\/05\/F06073F8-2115-46F9-9240-E52CCF56B5EA.jpeg?fit=678%2C452&ssl=1","width":678,"height":452},{"@type":"BreadcrumbList","@id":"https:\/\/malatyareport.com.tr\/index.php\/2025\/05\/27\/sehrin-kurtulus-recetesi-ve-kirli-siyasilere-karsi-boykot\/#breadcrumb","itemListElement":[{"@type":"ListItem","position":1,"name":"Anasayfa","item":"https:\/\/malatyareport.com.tr\/"},{"@type":"ListItem","position":2,"name":"\u015eEHR\u0130N KURTULU\u015e RE\u00c7ETES\u0130 VE K\u0130RL\u0130 S\u0130YAS\u0130LERE KAR\u015eI BOYKOT"}]},{"@type":"WebSite","@id":"https:\/\/malatyareport.com.tr\/#website","url":"https:\/\/malatyareport.com.tr\/","name":"Malatya Report","description":"","potentialAction":[{"@type":"SearchAction","target":{"@type":"EntryPoint","urlTemplate":"https:\/\/malatyareport.com.tr\/?s={search_term_string}"},"query-input":{"@type":"PropertyValueSpecification","valueRequired":true,"valueName":"search_term_string"}}],"inLanguage":"tr"},{"@type":"Person","@id":"https:\/\/malatyareport.com.tr\/#\/schema\/person\/93146d94af76b792b58ac78050cc6da7","name":"Timur \u0130nce","image":{"@type":"ImageObject","inLanguage":"tr","@id":"https:\/\/secure.gravatar.com\/avatar\/e5ce118bd86e5549ff544e7c5b614da198ecaa7f8e9398b55d27ae1f117511d8?s=96&d=mm&r=g","url":"https:\/\/secure.gravatar.com\/avatar\/e5ce118bd86e5549ff544e7c5b614da198ecaa7f8e9398b55d27ae1f117511d8?s=96&d=mm&r=g","contentUrl":"https:\/\/secure.gravatar.com\/avatar\/e5ce118bd86e5549ff544e7c5b614da198ecaa7f8e9398b55d27ae1f117511d8?s=96&d=mm&r=g","caption":"Timur \u0130nce"},"description":"Zaman\u0131n ruhunda bir damla m\u00fcrekkep olmay\u0131 isterdim. Bir damla m\u00fcrekkep bir ulusun kaderini yazmaya yeterlidir.","sameAs":["https:\/\/malatyareport.com.tr","https:\/\/www.facebook.com\/timurince","@timur_ince_t5_","https:\/\/x.com\/@timurince11"],"url":"https:\/\/malatyareport.com.tr\/index.php\/author\/admin_6i9yniox\/"}]}},"jetpack_featured_media_url":"","jetpack_sharing_enabled":true,"_links":{"self":[{"href":"https:\/\/malatyareport.com.tr\/index.php\/wp-json\/wp\/v2\/posts\/172","targetHints":{"allow":["GET"]}}],"collection":[{"href":"https:\/\/malatyareport.com.tr\/index.php\/wp-json\/wp\/v2\/posts"}],"about":[{"href":"https:\/\/malatyareport.com.tr\/index.php\/wp-json\/wp\/v2\/types\/post"}],"author":[{"embeddable":true,"href":"https:\/\/malatyareport.com.tr\/index.php\/wp-json\/wp\/v2\/users\/1"}],"replies":[{"embeddable":true,"href":"https:\/\/malatyareport.com.tr\/index.php\/wp-json\/wp\/v2\/comments?post=172"}],"version-history":[{"count":20,"href":"https:\/\/malatyareport.com.tr\/index.php\/wp-json\/wp\/v2\/posts\/172\/revisions"}],"predecessor-version":[{"id":201,"href":"https:\/\/malatyareport.com.tr\/index.php\/wp-json\/wp\/v2\/posts\/172\/revisions\/201"}],"wp:attachment":[{"href":"https:\/\/malatyareport.com.tr\/index.php\/wp-json\/wp\/v2\/media?parent=172"}],"wp:term":[{"taxonomy":"category","embeddable":true,"href":"https:\/\/malatyareport.com.tr\/index.php\/wp-json\/wp\/v2\/categories?post=172"},{"taxonomy":"post_tag","embeddable":true,"href":"https:\/\/malatyareport.com.tr\/index.php\/wp-json\/wp\/v2\/tags?post=172"}],"curies":[{"name":"wp","href":"https:\/\/api.w.org\/{rel}","templated":true}]}}