{"id":202,"date":"2025-05-28T19:13:25","date_gmt":"2025-05-28T19:13:25","guid":{"rendered":"https:\/\/malatyareport.com.tr\/?p=202"},"modified":"2025-05-29T04:35:17","modified_gmt":"2025-05-29T04:35:17","slug":"hani-guclu-temeller-atmistiniz","status":"publish","type":"post","link":"https:\/\/malatyareport.com.tr\/index.php\/2025\/05\/28\/hani-guclu-temeller-atmistiniz\/","title":{"rendered":"HAN\u0130 G\u00dc\u00c7L\u00dc TEMELLER ATMI\u015eTINIZ?"},"content":{"rendered":"\n<figure class=\"wp-block-image size-large\"><img data-recalc-dims=\"1\" loading=\"lazy\" decoding=\"async\" width=\"867\" height=\"1024\" src=\"https:\/\/i0.wp.com\/malatyareport.com.tr\/wp-content\/uploads\/2025\/05\/5B4F49A4-DB3F-44D1-B3B2-F59679FC2E49.jpeg?resize=867%2C1024&#038;ssl=1\" alt=\"\" class=\"wp-image-204\" srcset=\"https:\/\/i0.wp.com\/malatyareport.com.tr\/wp-content\/uploads\/2025\/05\/5B4F49A4-DB3F-44D1-B3B2-F59679FC2E49.jpeg?resize=867%2C1024&amp;ssl=1 867w, https:\/\/i0.wp.com\/malatyareport.com.tr\/wp-content\/uploads\/2025\/05\/5B4F49A4-DB3F-44D1-B3B2-F59679FC2E49.jpeg?resize=254%2C300&amp;ssl=1 254w, https:\/\/i0.wp.com\/malatyareport.com.tr\/wp-content\/uploads\/2025\/05\/5B4F49A4-DB3F-44D1-B3B2-F59679FC2E49.jpeg?resize=768%2C907&amp;ssl=1 768w, https:\/\/i0.wp.com\/malatyareport.com.tr\/wp-content\/uploads\/2025\/05\/5B4F49A4-DB3F-44D1-B3B2-F59679FC2E49.jpeg?w=1080&amp;ssl=1 1080w\" sizes=\"auto, (max-width: 867px) 100vw, 867px\" \/><\/figure>\n\n\n\n<p class=\"has-drop-cap wp-block-paragraph\"><strong>Malatya&#8217;da 20 g\u00fcnd\u00fcr her k\u00f6\u015fe ba\u015f\u0131nda, her bilbortda her \u00fcst ge\u00e7itte bir afi\u015f g\u00f6r\u00fcyorsunuz, &#8216;<em>G\u00fc\u00e7l\u00fc Temeller Att\u0131k, Yeniden Ba\u015flad\u0131k<\/em>&#8216; diye.&nbsp;<\/strong><\/p>\n\n\n\n<p class=\"wp-block-paragraph\"><strong>B\u00fcy\u00fck\u015fehir Belediye Ba\u015fkan\u0131 <em>Sami Er<\/em>&#8216;in kendi deyimiyle -teknik- bir isim olmas\u0131 hasebiyle ve olu\u015fundan beyaz baretli, ye\u015fil i\u015f\u00e7i yele\u011fi kendinden emin portresi \u015fehrin d\u00f6rt bir yan\u0131n\u0131 s\u00fcslemeyi s\u00fcrd\u00fcr\u00fcyor.&nbsp;<\/strong><\/p>\n\n\n\n<p class=\"wp-block-paragraph\"><strong>Ve bunu izleyen Tv programlar\u0131, belediye i\u015f\u00e7ileriyle doldurulmu\u015f kalabal\u0131k bir salon, canl\u0131 yay\u0131nlar, sloganlarla kesilen konu\u015fmalar ve bir birinden iddial\u0131 sunumlar&#8230;<\/strong><\/p>\n\n\n\n<p class=\"wp-block-paragraph\"><strong>Heyhat, heyhat!&nbsp;<\/strong><\/p>\n\n\n\n<p class=\"wp-block-paragraph\"><strong>Sami Bey, \u00c7evre \u015eehircilik Bakanl\u0131\u011f\u0131&#8217;n\u0131n yapt\u0131\u011f\u0131 ne kadar ev, k\u00f6y konutu, i\u015f yeri varsa hepsini sahipleniyor, h\u0131z\u0131n\u0131 alam\u0131yor\u2026 B\u0131rak\u0131n <em>Selahattin G\u00fcrkan <\/em>donemini, <em>Ahmet \u00c7ak\u0131r <\/em>d\u00f6neminde yap\u0131lan hayvan Bar\u0131na\u011f\u0131&#8217;ndan tutun da, ilk kez <em>Ahmet M\u00fcnir Erkal <\/em>d\u00f6neminde projelendirilen, <em>\u00c7er\u00e7i<\/em> zaman\u0131nda bir k\u0131sm\u0131 kamula\u015ft\u0131r\u0131lan, <em>Cemal Ak\u0131n <\/em>d\u00f6neminde baz\u0131 k\u0131s\u0131mlar\u0131 temizlenen, Ahmet \u00c7ak\u0131r d\u00f6neminde a\u00e7\u0131lmaya ba\u015flanan, <em>Hac\u0131 U\u011fur Polat <\/em>zaman\u0131nda tek gidi\u015f olarak k\u0131smi olarak yap\u0131lan ve <em>Selahattin G\u00fcrkan<\/em> d\u00f6neminde \u00e7ift \u015ferit olarak a\u00e7\u0131lan Kuzey Ku\u015fak yolu&#8217;nu dahi ben yapt\u0131m diyordu\u2026<\/strong><\/p>\n\n\n\n<p class=\"wp-block-paragraph\"><strong>\u201cBen yapt\u0131m!-BEN!\u201d<\/strong><\/p>\n\n\n\n<p class=\"wp-block-paragraph\"><strong>Ve bunlar\u0131 kurgulu yay\u0131nlarla,&nbsp;\u00e7anak sorularla kat\u0131ld\u0131\u011f\u0131 yay\u0131nlarda eline koluna mimiklerine hakim olamayacak derecede sinirli, gergin ve bir o kadar da &#8216;<em>Sami<\/em>&#8216;miyetsiz bir \u015fekilde anlat\u0131yordu. Pardon, anlatmaya \u00e7al\u0131\u015f\u0131yordu.&nbsp;<\/strong><\/p>\n\n\n\n<p class=\"wp-block-paragraph\"><strong>Birisi de \u00e7\u0131k\u0131p Sami Er&#8217;e \u201c<em>be m\u00fcbarek adam bug\u00fcne kadar neredeydin, 22 y\u0131ll\u0131k AK Parti iktidar\u0131n\u0131n Malatya&#8217;ya kazandiramadiklarini 1 y\u0131lda nas\u0131l yapt\u0131n?<\/em>\u201d diyemiyordu.\u00a0O kadar belediye ba\u015fkan\u0131, bir o kadar da milletvekili hi\u00e7 biri bir yere bir \u00e7\u00f6p koyamad\u0131 ama sen bir geldin, pir geldin, elinde sihirli sopa vurdun her yer g\u00fcll\u00fck g\u00fclistanl\u0131k oldu<\/strong>, <strong>\u00f6yle mi? <\/strong><\/p>\n\n\n\n<p class=\"wp-block-paragraph\"><mark style=\"background-color:rgba(0, 0, 0, 0)\" class=\"has-inline-color has-vivid-cyan-blue-color\"><strong>30 DAKIKALIK YA\u011eMURLA SELE KARI\u015eAN VAATLER<\/strong><\/mark>&#8230;<\/p>\n\n\n\n<p class=\"wp-block-paragraph\"><strong>Sami Er&#8217;in &#8216;<em>G\u00fc\u00e7l\u00fc Temeller Att\u0131k&#8221;<\/em> metaforunun kartondan bir c\u00fcmle oldu\u011funu, B\u00fcy\u00fck\u015fehir belediyesinin 4. Kat\u0131nda klimal\u0131 makam odalar\u0131nda bu g\u00f6rsele de \u015fu ba\u015fl\u0131\u011f\u0131 yazal\u0131m s\u0131\u011fl\u0131\u011f\u0131ndan ileri gitmedi\u011fini 28 May\u0131s \u00c7ar\u015famba g\u00fcn\u00fc 30 dakikal\u0131k ya\u011fan ya\u011fmurda g\u00f6rm\u00fc\u015f olduk<\/strong>.&nbsp;<\/p>\n\n\n\n<figure class=\"wp-block-image size-large\"><img data-recalc-dims=\"1\" loading=\"lazy\" decoding=\"async\" width=\"1024\" height=\"909\" src=\"https:\/\/i0.wp.com\/malatyareport.com.tr\/wp-content\/uploads\/2025\/05\/D45F9738-918F-4535-A63E-B314776E7009.jpeg?resize=1024%2C909&#038;ssl=1\" alt=\"\" class=\"wp-image-221\" srcset=\"https:\/\/i0.wp.com\/malatyareport.com.tr\/wp-content\/uploads\/2025\/05\/D45F9738-918F-4535-A63E-B314776E7009.jpeg?resize=1024%2C909&amp;ssl=1 1024w, https:\/\/i0.wp.com\/malatyareport.com.tr\/wp-content\/uploads\/2025\/05\/D45F9738-918F-4535-A63E-B314776E7009.jpeg?resize=300%2C266&amp;ssl=1 300w, https:\/\/i0.wp.com\/malatyareport.com.tr\/wp-content\/uploads\/2025\/05\/D45F9738-918F-4535-A63E-B314776E7009.jpeg?resize=768%2C682&amp;ssl=1 768w, https:\/\/i0.wp.com\/malatyareport.com.tr\/wp-content\/uploads\/2025\/05\/D45F9738-918F-4535-A63E-B314776E7009.jpeg?w=1080&amp;ssl=1 1080w\" sizes=\"auto, (max-width: 1000px) 100vw, 1000px\" \/><\/figure>\n\n\n\n<figure class=\"wp-block-image size-large\"><img data-recalc-dims=\"1\" loading=\"lazy\" decoding=\"async\" width=\"1024\" height=\"909\" src=\"https:\/\/i0.wp.com\/malatyareport.com.tr\/wp-content\/uploads\/2025\/05\/AE55665A-7D71-4396-8BE1-7C28FBAF57E8.jpeg?resize=1024%2C909&#038;ssl=1\" alt=\"\" class=\"wp-image-217\" srcset=\"https:\/\/i0.wp.com\/malatyareport.com.tr\/wp-content\/uploads\/2025\/05\/AE55665A-7D71-4396-8BE1-7C28FBAF57E8.jpeg?resize=1024%2C909&amp;ssl=1 1024w, https:\/\/i0.wp.com\/malatyareport.com.tr\/wp-content\/uploads\/2025\/05\/AE55665A-7D71-4396-8BE1-7C28FBAF57E8.jpeg?resize=300%2C266&amp;ssl=1 300w, https:\/\/i0.wp.com\/malatyareport.com.tr\/wp-content\/uploads\/2025\/05\/AE55665A-7D71-4396-8BE1-7C28FBAF57E8.jpeg?resize=768%2C682&amp;ssl=1 768w, https:\/\/i0.wp.com\/malatyareport.com.tr\/wp-content\/uploads\/2025\/05\/AE55665A-7D71-4396-8BE1-7C28FBAF57E8.jpeg?w=1080&amp;ssl=1 1080w\" sizes=\"auto, (max-width: 1000px) 100vw, 1000px\" \/><\/figure>\n\n\n\n<p class=\"wp-block-paragraph\"><strong>B\u00fcy\u00fck\u015fehir Belediyesinin \u00f6n\u00fc, arkas\u0131, yan\u0131 her yeri sularla doluydu. Daha burnun dibindeki esnaf\u0131 selden kurtaramayan, daha yan\u0131 ba\u015f\u0131ndaki \u00e7evre yolunu 30 dakikal\u0131k ya\u011f\u0131\u015ftan koruyamayan bir belediye nas\u0131l bir G\u00fc\u00e7l\u00fc Temel atm\u0131\u015f bu \u015fehre hep birlikte g\u00f6rd\u00fck.&nbsp;<\/strong><\/p>\n\n\n\n<p class=\"wp-block-paragraph\"><strong>Kusura bakmay\u0131n ama birilerinin bu ger\u00e7e\u011fi size hat\u0131rlatmas\u0131 laz\u0131m, Daha evinizin \u00f6n\u00fcn\u00fc s\u00fcp\u00fcrmekten&nbsp;&nbsp;bile acizsiniz Sami Bey, bu sehir size kalan vaatlerinize iddial\u0131 s\u00f6ylemlerinize nas\u0131l inans\u0131n?<\/strong><\/p>\n\n\n\n<p class=\"wp-block-paragraph\"><strong>Keske sizlere fi\u015fleme yaparak, Malatya dedikodular\u0131 getirerek, personel yerleriyle oynayarak yard\u0131mc\u0131 olmaya \u00e7al\u0131\u015fan ekibiniz, hemen daha ya\u011fmur ya\u011farken olu\u015facak rezaleti \u00f6n g\u00f6r\u00fcp ad\u0131n\u0131za twit ataca\u011f\u0131na \u00f6nce i\u015f makinelerini sahaya s\u00fcrmeyi, meteorolojiden d\u00fcn gelen \u201csar\u0131 kodlu\u201d uyar\u0131ya g\u00f6re \u00f6nlemler almay\u0131 ak\u0131l etselerdi.&nbsp;<\/strong><\/p>\n\n\n\n<figure class=\"wp-block-image size-large\"><img data-recalc-dims=\"1\" loading=\"lazy\" decoding=\"async\" width=\"478\" height=\"1024\" src=\"https:\/\/i0.wp.com\/malatyareport.com.tr\/wp-content\/uploads\/2025\/05\/20C87DC9-CB35-4096-AEA9-0095F47546F3.jpeg?resize=478%2C1024&#038;ssl=1\" alt=\"\" class=\"wp-image-215\" srcset=\"https:\/\/i0.wp.com\/malatyareport.com.tr\/wp-content\/uploads\/2025\/05\/20C87DC9-CB35-4096-AEA9-0095F47546F3.jpeg?resize=478%2C1024&amp;ssl=1 478w, https:\/\/i0.wp.com\/malatyareport.com.tr\/wp-content\/uploads\/2025\/05\/20C87DC9-CB35-4096-AEA9-0095F47546F3.jpeg?resize=140%2C300&amp;ssl=1 140w, https:\/\/i0.wp.com\/malatyareport.com.tr\/wp-content\/uploads\/2025\/05\/20C87DC9-CB35-4096-AEA9-0095F47546F3.jpeg?resize=768%2C1647&amp;ssl=1 768w, https:\/\/i0.wp.com\/malatyareport.com.tr\/wp-content\/uploads\/2025\/05\/20C87DC9-CB35-4096-AEA9-0095F47546F3.jpeg?resize=716%2C1536&amp;ssl=1 716w, https:\/\/i0.wp.com\/malatyareport.com.tr\/wp-content\/uploads\/2025\/05\/20C87DC9-CB35-4096-AEA9-0095F47546F3.jpeg?w=955&amp;ssl=1 955w\" sizes=\"auto, (max-width: 478px) 100vw, 478px\" \/><\/figure>\n\n\n\n<p class=\"wp-block-paragraph\"><strong>Kadir \u00c7elik ve Sami Bey&#8217;in bas\u0131n yay\u0131n i\u015fini y\u00fcr\u00fct\u00fclen di\u011fer g\u00f6n\u00fcll\u00fc\/g\u00f6n\u00fcls\u00fcz- paral\u0131\/paras\u0131z dan\u0131\u015fmanlar \u00e7ok iyi bilmeli ki bu t\u00fcr durumlarda alg\u0131 Belediyecili\u011fi \u00e7\u00f6ker, hizmet Belediyecili\u011fi kazan\u0131r. Ortada hizmet eden bir belediye olmay\u0131nca da vatanda\u015f ac\u0131 ger\u00e7ekle y\u00fczle\u015fir.<\/strong><\/p>\n\n\n\n<p class=\"wp-block-paragraph\"><strong>D\u00fcnk\u00fc ya\u011fmur meteorolojik verilere g\u00f6re \u00f6yle karadenizdeki gibi 1 saate 150 litre, Akdenizdeki gibi 100 litre, Ege\u2019deki gibi 80 litre ya\u011fmad\u0131. Sadece 35 litre ya\u011fd\u0131 o da Tecde\u2019ye&#8230;<\/strong><\/p>\n\n\n\n<figure class=\"wp-block-image size-large\"><img data-recalc-dims=\"1\" loading=\"lazy\" decoding=\"async\" width=\"478\" height=\"1024\" src=\"https:\/\/i0.wp.com\/malatyareport.com.tr\/wp-content\/uploads\/2025\/05\/6E2CCF22-0C7E-429F-921C-EBCD74E7B4CC-478x1024.jpeg?resize=478%2C1024&#038;ssl=1\" alt=\"\" class=\"wp-image-216\" srcset=\"https:\/\/i0.wp.com\/malatyareport.com.tr\/wp-content\/uploads\/2025\/05\/6E2CCF22-0C7E-429F-921C-EBCD74E7B4CC.jpeg?resize=478%2C1024&amp;ssl=1 478w, https:\/\/i0.wp.com\/malatyareport.com.tr\/wp-content\/uploads\/2025\/05\/6E2CCF22-0C7E-429F-921C-EBCD74E7B4CC.jpeg?resize=140%2C300&amp;ssl=1 140w, https:\/\/i0.wp.com\/malatyareport.com.tr\/wp-content\/uploads\/2025\/05\/6E2CCF22-0C7E-429F-921C-EBCD74E7B4CC.jpeg?resize=768%2C1647&amp;ssl=1 768w, https:\/\/i0.wp.com\/malatyareport.com.tr\/wp-content\/uploads\/2025\/05\/6E2CCF22-0C7E-429F-921C-EBCD74E7B4CC.jpeg?resize=716%2C1536&amp;ssl=1 716w, https:\/\/i0.wp.com\/malatyareport.com.tr\/wp-content\/uploads\/2025\/05\/6E2CCF22-0C7E-429F-921C-EBCD74E7B4CC.jpeg?w=955&amp;ssl=1 955w\" sizes=\"auto, (max-width: 478px) 100vw, 478px\" \/><\/figure>\n\n\n\n<p class=\"wp-block-paragraph\"><strong>Allah korusun bu memlekete 50 cm kar ya\u011fsa, 100 litre ya\u011fmur ya\u011fsa demek ki Belediyemiz sadece tweit atarak durumu kurtarmaya \u00e7al\u0131\u015facak!<\/strong><\/p>\n\n\n\n<p class=\"wp-block-paragraph\"><strong>Gorev, yetki, karar ve temsiliyeti ilk 6 ay Nurhan Demir&#8217;e veren Sami Er her zamanki gibi kariyerine 2. adam olarak devam etmisti. Son 8 ayda Ahmet Faruk Yanarda\u011f&#8217;a yetkilerini devreden Sami Er e sorum \u015fu: \u201cAcaba siz hayat\u0131n\u0131z boyunca ne zaman ba\u015fkan olacaks\u0131n\u0131z?\u201d<\/strong><\/p>\n\n\n\n<p class=\"wp-block-paragraph\"><strong>Malatya B\u00fcy\u00fck\u015fehir Belediye Ba\u015fkanl\u0131\u011f\u0131, bu kadim kentin sehr\u00fcl eminligi size bol mu geldi ki hala birilerinin g\u00fcd\u00fcm\u00fcne, y\u00f6nlendirmesine ihtiya\u00e7 duyuyorsunuz?<\/strong><\/p>\n\n\n\n<p class=\"wp-block-paragraph\"><strong>Aksi bir cevab\u0131n\u0131z ya da tavr\u0131n\u0131z var ise 15 ay bitti. L\u00fctfen kalan s\u00fcrede bari bunu bize g\u00f6sterin.<\/strong><\/p>\n\n\n\n<figure class=\"wp-block-gallery has-nested-images columns-default is-cropped wp-block-gallery-1 is-layout-flex wp-block-gallery-is-layout-flex\"><\/figure>\n","protected":false},"excerpt":{"rendered":"<p>Malatya&#8217;da 20 g\u00fcnd\u00fcr her k\u00f6\u015fe ba\u015f\u0131nda, her bilbortda her \u00fcst ge\u00e7itte bir afi\u015f g\u00f6r\u00fcyorsunuz, &#8216;G\u00fc\u00e7l\u00fc Temeller Att\u0131k, Yeniden Ba\u015flad\u0131k&#8216; diye.&nbsp; B\u00fcy\u00fck\u015fehir Belediye Ba\u015fkan\u0131 Sami Er&#8216;in&#8230;<\/p>\n<div class=\"more-link-wrapper\"><a class=\"more-link\" href=\"https:\/\/malatyareport.com.tr\/index.php\/2025\/05\/28\/hani-guclu-temeller-atmistiniz\/\">Devam\u0131n\u0131 okuyun<span class=\"screen-reader-text\">HAN\u0130 G\u00dc\u00c7L\u00dc TEMELLER ATMI\u015eTINIZ?<\/span><\/a><\/div>\n","protected":false},"author":1,"featured_media":0,"comment_status":"open","ping_status":"open","sticky":false,"template":"","format":"standard","meta":{"_jetpack_memberships_contains_paid_content":false,"footnotes":""},"categories":[5],"tags":[],"class_list":["post-202","post","type-post","status-publish","format-standard","hentry","category-kose-yazilari","entry"],"yoast_head":"<!-- This site is optimized with the Yoast SEO plugin v28.2 - https:\/\/yoast.com\/product\/yoast-seo-wordpress\/ -->\n<title>HAN\u0130 G\u00dc\u00c7L\u00dc TEMELLER ATMI\u015eTINIZ? - Malatya Report<\/title>\n<meta name=\"robots\" content=\"index, follow, max-snippet:-1, max-image-preview:large, max-video-preview:-1\" \/>\n<link rel=\"canonical\" href=\"https:\/\/malatyareport.com.tr\/index.php\/2025\/05\/28\/hani-guclu-temeller-atmistiniz\/\" \/>\n<meta property=\"og:locale\" content=\"tr_TR\" \/>\n<meta property=\"og:type\" content=\"article\" \/>\n<meta property=\"og:title\" content=\"HAN\u0130 G\u00dc\u00c7L\u00dc TEMELLER ATMI\u015eTINIZ? - Malatya Report\" \/>\n<meta property=\"og:description\" content=\"Malatya&#8217;da 20 g\u00fcnd\u00fcr her k\u00f6\u015fe ba\u015f\u0131nda, her bilbortda her \u00fcst ge\u00e7itte bir afi\u015f g\u00f6r\u00fcyorsunuz, &#8216;G\u00fc\u00e7l\u00fc Temeller Att\u0131k, Yeniden Ba\u015flad\u0131k&#8216; diye.&nbsp; B\u00fcy\u00fck\u015fehir Belediye Ba\u015fkan\u0131 Sami Er&#8216;in&#8230;\" \/>\n<meta property=\"og:url\" content=\"https:\/\/malatyareport.com.tr\/index.php\/2025\/05\/28\/hani-guclu-temeller-atmistiniz\/\" \/>\n<meta property=\"og:site_name\" content=\"Malatya Report\" \/>\n<meta property=\"article:author\" content=\"https:\/\/www.facebook.com\/timurince\" \/>\n<meta property=\"article:published_time\" content=\"2025-05-28T19:13:25+00:00\" \/>\n<meta property=\"article:modified_time\" content=\"2025-05-29T04:35:17+00:00\" \/>\n<meta property=\"og:image\" content=\"https:\/\/malatyareport.com.tr\/wp-content\/uploads\/2025\/05\/5B4F49A4-DB3F-44D1-B3B2-F59679FC2E49-867x1024.jpeg\" \/>\n<meta name=\"author\" content=\"Timur \u0130nce\" \/>\n<meta name=\"twitter:card\" content=\"summary_large_image\" \/>\n<meta name=\"twitter:creator\" content=\"@timurince11\" \/>\n<meta name=\"twitter:label1\" content=\"Yazan:\" \/>\n\t<meta name=\"twitter:data1\" content=\"Timur \u0130nce\" \/>\n\t<meta name=\"twitter:label2\" content=\"Tahmini okuma s\u00fcresi\" \/>\n\t<meta name=\"twitter:data2\" content=\"5 dakika\" \/>\n<script type=\"application\/ld+json\" class=\"yoast-schema-graph\">{\"@context\":\"https:\\\/\\\/schema.org\",\"@graph\":[{\"@type\":\"Article\",\"@id\":\"https:\\\/\\\/malatyareport.com.tr\\\/index.php\\\/2025\\\/05\\\/28\\\/hani-guclu-temeller-atmistiniz\\\/#article\",\"isPartOf\":{\"@id\":\"https:\\\/\\\/malatyareport.com.tr\\\/index.php\\\/2025\\\/05\\\/28\\\/hani-guclu-temeller-atmistiniz\\\/\"},\"author\":{\"name\":\"Timur \u0130nce\",\"@id\":\"https:\\\/\\\/malatyareport.com.tr\\\/#\\\/schema\\\/person\\\/93146d94af76b792b58ac78050cc6da7\"},\"headline\":\"HAN\u0130 G\u00dc\u00c7L\u00dc TEMELLER ATMI\u015eTINIZ?\",\"datePublished\":\"2025-05-28T19:13:25+00:00\",\"dateModified\":\"2025-05-29T04:35:17+00:00\",\"mainEntityOfPage\":{\"@id\":\"https:\\\/\\\/malatyareport.com.tr\\\/index.php\\\/2025\\\/05\\\/28\\\/hani-guclu-temeller-atmistiniz\\\/\"},\"wordCount\":752,\"commentCount\":1,\"image\":{\"@id\":\"https:\\\/\\\/malatyareport.com.tr\\\/index.php\\\/2025\\\/05\\\/28\\\/hani-guclu-temeller-atmistiniz\\\/#primaryimage\"},\"thumbnailUrl\":\"https:\\\/\\\/malatyareport.com.tr\\\/wp-content\\\/uploads\\\/2025\\\/05\\\/5B4F49A4-DB3F-44D1-B3B2-F59679FC2E49-867x1024.jpeg\",\"articleSection\":[\"K\u00f6\u015fe Yaz\u0131lar\u0131\"],\"inLanguage\":\"tr\",\"potentialAction\":[{\"@type\":\"CommentAction\",\"name\":\"Comment\",\"target\":[\"https:\\\/\\\/malatyareport.com.tr\\\/index.php\\\/2025\\\/05\\\/28\\\/hani-guclu-temeller-atmistiniz\\\/#respond\"]}]},{\"@type\":\"WebPage\",\"@id\":\"https:\\\/\\\/malatyareport.com.tr\\\/index.php\\\/2025\\\/05\\\/28\\\/hani-guclu-temeller-atmistiniz\\\/\",\"url\":\"https:\\\/\\\/malatyareport.com.tr\\\/index.php\\\/2025\\\/05\\\/28\\\/hani-guclu-temeller-atmistiniz\\\/\",\"name\":\"HAN\u0130 G\u00dc\u00c7L\u00dc TEMELLER ATMI\u015eTINIZ? - Malatya Report\",\"isPartOf\":{\"@id\":\"https:\\\/\\\/malatyareport.com.tr\\\/#website\"},\"primaryImageOfPage\":{\"@id\":\"https:\\\/\\\/malatyareport.com.tr\\\/index.php\\\/2025\\\/05\\\/28\\\/hani-guclu-temeller-atmistiniz\\\/#primaryimage\"},\"image\":{\"@id\":\"https:\\\/\\\/malatyareport.com.tr\\\/index.php\\\/2025\\\/05\\\/28\\\/hani-guclu-temeller-atmistiniz\\\/#primaryimage\"},\"thumbnailUrl\":\"https:\\\/\\\/malatyareport.com.tr\\\/wp-content\\\/uploads\\\/2025\\\/05\\\/5B4F49A4-DB3F-44D1-B3B2-F59679FC2E49-867x1024.jpeg\",\"datePublished\":\"2025-05-28T19:13:25+00:00\",\"dateModified\":\"2025-05-29T04:35:17+00:00\",\"author\":{\"@id\":\"https:\\\/\\\/malatyareport.com.tr\\\/#\\\/schema\\\/person\\\/93146d94af76b792b58ac78050cc6da7\"},\"breadcrumb\":{\"@id\":\"https:\\\/\\\/malatyareport.com.tr\\\/index.php\\\/2025\\\/05\\\/28\\\/hani-guclu-temeller-atmistiniz\\\/#breadcrumb\"},\"inLanguage\":\"tr\",\"potentialAction\":[{\"@type\":\"ReadAction\",\"target\":[\"https:\\\/\\\/malatyareport.com.tr\\\/index.php\\\/2025\\\/05\\\/28\\\/hani-guclu-temeller-atmistiniz\\\/\"]}]},{\"@type\":\"ImageObject\",\"inLanguage\":\"tr\",\"@id\":\"https:\\\/\\\/malatyareport.com.tr\\\/index.php\\\/2025\\\/05\\\/28\\\/hani-guclu-temeller-atmistiniz\\\/#primaryimage\",\"url\":\"https:\\\/\\\/malatyareport.com.tr\\\/wp-content\\\/uploads\\\/2025\\\/05\\\/5B4F49A4-DB3F-44D1-B3B2-F59679FC2E49-867x1024.jpeg\",\"contentUrl\":\"https:\\\/\\\/malatyareport.com.tr\\\/wp-content\\\/uploads\\\/2025\\\/05\\\/5B4F49A4-DB3F-44D1-B3B2-F59679FC2E49-867x1024.jpeg\"},{\"@type\":\"BreadcrumbList\",\"@id\":\"https:\\\/\\\/malatyareport.com.tr\\\/index.php\\\/2025\\\/05\\\/28\\\/hani-guclu-temeller-atmistiniz\\\/#breadcrumb\",\"itemListElement\":[{\"@type\":\"ListItem\",\"position\":1,\"name\":\"Anasayfa\",\"item\":\"https:\\\/\\\/malatyareport.com.tr\\\/\"},{\"@type\":\"ListItem\",\"position\":2,\"name\":\"HAN\u0130 G\u00dc\u00c7L\u00dc TEMELLER ATMI\u015eTINIZ?\"}]},{\"@type\":\"WebSite\",\"@id\":\"https:\\\/\\\/malatyareport.com.tr\\\/#website\",\"url\":\"https:\\\/\\\/malatyareport.com.tr\\\/\",\"name\":\"Malatya Report\",\"description\":\"\",\"potentialAction\":[{\"@type\":\"SearchAction\",\"target\":{\"@type\":\"EntryPoint\",\"urlTemplate\":\"https:\\\/\\\/malatyareport.com.tr\\\/?s={search_term_string}\"},\"query-input\":{\"@type\":\"PropertyValueSpecification\",\"valueRequired\":true,\"valueName\":\"search_term_string\"}}],\"inLanguage\":\"tr\"},{\"@type\":\"Person\",\"@id\":\"https:\\\/\\\/malatyareport.com.tr\\\/#\\\/schema\\\/person\\\/93146d94af76b792b58ac78050cc6da7\",\"name\":\"Timur \u0130nce\",\"image\":{\"@type\":\"ImageObject\",\"inLanguage\":\"tr\",\"@id\":\"https:\\\/\\\/secure.gravatar.com\\\/avatar\\\/e5ce118bd86e5549ff544e7c5b614da198ecaa7f8e9398b55d27ae1f117511d8?s=96&d=mm&r=g\",\"url\":\"https:\\\/\\\/secure.gravatar.com\\\/avatar\\\/e5ce118bd86e5549ff544e7c5b614da198ecaa7f8e9398b55d27ae1f117511d8?s=96&d=mm&r=g\",\"contentUrl\":\"https:\\\/\\\/secure.gravatar.com\\\/avatar\\\/e5ce118bd86e5549ff544e7c5b614da198ecaa7f8e9398b55d27ae1f117511d8?s=96&d=mm&r=g\",\"caption\":\"Timur \u0130nce\"},\"description\":\"Zaman\u0131n ruhunda bir damla m\u00fcrekkep olmay\u0131 isterdim. Bir damla m\u00fcrekkep bir ulusun kaderini yazmaya yeterlidir.\",\"sameAs\":[\"https:\\\/\\\/malatyareport.com.tr\",\"https:\\\/\\\/www.facebook.com\\\/timurince\",\"@timur_ince_t5_\",\"https:\\\/\\\/x.com\\\/@timurince11\"],\"url\":\"https:\\\/\\\/malatyareport.com.tr\\\/index.php\\\/author\\\/admin_6i9yniox\\\/\"}]}<\/script>\n<!-- \/ Yoast SEO plugin. -->","yoast_head_json":{"title":"HAN\u0130 G\u00dc\u00c7L\u00dc TEMELLER ATMI\u015eTINIZ? - Malatya Report","robots":{"index":"index","follow":"follow","max-snippet":"max-snippet:-1","max-image-preview":"max-image-preview:large","max-video-preview":"max-video-preview:-1"},"canonical":"https:\/\/malatyareport.com.tr\/index.php\/2025\/05\/28\/hani-guclu-temeller-atmistiniz\/","og_locale":"tr_TR","og_type":"article","og_title":"HAN\u0130 G\u00dc\u00c7L\u00dc TEMELLER ATMI\u015eTINIZ? - Malatya Report","og_description":"Malatya&#8217;da 20 g\u00fcnd\u00fcr her k\u00f6\u015fe ba\u015f\u0131nda, her bilbortda her \u00fcst ge\u00e7itte bir afi\u015f g\u00f6r\u00fcyorsunuz, &#8216;G\u00fc\u00e7l\u00fc Temeller Att\u0131k, Yeniden Ba\u015flad\u0131k&#8216; diye.&nbsp; B\u00fcy\u00fck\u015fehir Belediye Ba\u015fkan\u0131 Sami Er&#8216;in&#8230;","og_url":"https:\/\/malatyareport.com.tr\/index.php\/2025\/05\/28\/hani-guclu-temeller-atmistiniz\/","og_site_name":"Malatya Report","article_author":"https:\/\/www.facebook.com\/timurince","article_published_time":"2025-05-28T19:13:25+00:00","article_modified_time":"2025-05-29T04:35:17+00:00","og_image":[{"url":"https:\/\/malatyareport.com.tr\/wp-content\/uploads\/2025\/05\/5B4F49A4-DB3F-44D1-B3B2-F59679FC2E49-867x1024.jpeg","type":"","width":"","height":""}],"author":"Timur \u0130nce","twitter_card":"summary_large_image","twitter_creator":"@timurince11","twitter_misc":{"Yazan:":"Timur \u0130nce","Tahmini okuma s\u00fcresi":"5 dakika"},"schema":{"@context":"https:\/\/schema.org","@graph":[{"@type":"Article","@id":"https:\/\/malatyareport.com.tr\/index.php\/2025\/05\/28\/hani-guclu-temeller-atmistiniz\/#article","isPartOf":{"@id":"https:\/\/malatyareport.com.tr\/index.php\/2025\/05\/28\/hani-guclu-temeller-atmistiniz\/"},"author":{"name":"Timur \u0130nce","@id":"https:\/\/malatyareport.com.tr\/#\/schema\/person\/93146d94af76b792b58ac78050cc6da7"},"headline":"HAN\u0130 G\u00dc\u00c7L\u00dc TEMELLER ATMI\u015eTINIZ?","datePublished":"2025-05-28T19:13:25+00:00","dateModified":"2025-05-29T04:35:17+00:00","mainEntityOfPage":{"@id":"https:\/\/malatyareport.com.tr\/index.php\/2025\/05\/28\/hani-guclu-temeller-atmistiniz\/"},"wordCount":752,"commentCount":1,"image":{"@id":"https:\/\/malatyareport.com.tr\/index.php\/2025\/05\/28\/hani-guclu-temeller-atmistiniz\/#primaryimage"},"thumbnailUrl":"https:\/\/malatyareport.com.tr\/wp-content\/uploads\/2025\/05\/5B4F49A4-DB3F-44D1-B3B2-F59679FC2E49-867x1024.jpeg","articleSection":["K\u00f6\u015fe Yaz\u0131lar\u0131"],"inLanguage":"tr","potentialAction":[{"@type":"CommentAction","name":"Comment","target":["https:\/\/malatyareport.com.tr\/index.php\/2025\/05\/28\/hani-guclu-temeller-atmistiniz\/#respond"]}]},{"@type":"WebPage","@id":"https:\/\/malatyareport.com.tr\/index.php\/2025\/05\/28\/hani-guclu-temeller-atmistiniz\/","url":"https:\/\/malatyareport.com.tr\/index.php\/2025\/05\/28\/hani-guclu-temeller-atmistiniz\/","name":"HAN\u0130 G\u00dc\u00c7L\u00dc TEMELLER ATMI\u015eTINIZ? - Malatya Report","isPartOf":{"@id":"https:\/\/malatyareport.com.tr\/#website"},"primaryImageOfPage":{"@id":"https:\/\/malatyareport.com.tr\/index.php\/2025\/05\/28\/hani-guclu-temeller-atmistiniz\/#primaryimage"},"image":{"@id":"https:\/\/malatyareport.com.tr\/index.php\/2025\/05\/28\/hani-guclu-temeller-atmistiniz\/#primaryimage"},"thumbnailUrl":"https:\/\/malatyareport.com.tr\/wp-content\/uploads\/2025\/05\/5B4F49A4-DB3F-44D1-B3B2-F59679FC2E49-867x1024.jpeg","datePublished":"2025-05-28T19:13:25+00:00","dateModified":"2025-05-29T04:35:17+00:00","author":{"@id":"https:\/\/malatyareport.com.tr\/#\/schema\/person\/93146d94af76b792b58ac78050cc6da7"},"breadcrumb":{"@id":"https:\/\/malatyareport.com.tr\/index.php\/2025\/05\/28\/hani-guclu-temeller-atmistiniz\/#breadcrumb"},"inLanguage":"tr","potentialAction":[{"@type":"ReadAction","target":["https:\/\/malatyareport.com.tr\/index.php\/2025\/05\/28\/hani-guclu-temeller-atmistiniz\/"]}]},{"@type":"ImageObject","inLanguage":"tr","@id":"https:\/\/malatyareport.com.tr\/index.php\/2025\/05\/28\/hani-guclu-temeller-atmistiniz\/#primaryimage","url":"https:\/\/malatyareport.com.tr\/wp-content\/uploads\/2025\/05\/5B4F49A4-DB3F-44D1-B3B2-F59679FC2E49-867x1024.jpeg","contentUrl":"https:\/\/malatyareport.com.tr\/wp-content\/uploads\/2025\/05\/5B4F49A4-DB3F-44D1-B3B2-F59679FC2E49-867x1024.jpeg"},{"@type":"BreadcrumbList","@id":"https:\/\/malatyareport.com.tr\/index.php\/2025\/05\/28\/hani-guclu-temeller-atmistiniz\/#breadcrumb","itemListElement":[{"@type":"ListItem","position":1,"name":"Anasayfa","item":"https:\/\/malatyareport.com.tr\/"},{"@type":"ListItem","position":2,"name":"HAN\u0130 G\u00dc\u00c7L\u00dc TEMELLER ATMI\u015eTINIZ?"}]},{"@type":"WebSite","@id":"https:\/\/malatyareport.com.tr\/#website","url":"https:\/\/malatyareport.com.tr\/","name":"Malatya Report","description":"","potentialAction":[{"@type":"SearchAction","target":{"@type":"EntryPoint","urlTemplate":"https:\/\/malatyareport.com.tr\/?s={search_term_string}"},"query-input":{"@type":"PropertyValueSpecification","valueRequired":true,"valueName":"search_term_string"}}],"inLanguage":"tr"},{"@type":"Person","@id":"https:\/\/malatyareport.com.tr\/#\/schema\/person\/93146d94af76b792b58ac78050cc6da7","name":"Timur \u0130nce","image":{"@type":"ImageObject","inLanguage":"tr","@id":"https:\/\/secure.gravatar.com\/avatar\/e5ce118bd86e5549ff544e7c5b614da198ecaa7f8e9398b55d27ae1f117511d8?s=96&d=mm&r=g","url":"https:\/\/secure.gravatar.com\/avatar\/e5ce118bd86e5549ff544e7c5b614da198ecaa7f8e9398b55d27ae1f117511d8?s=96&d=mm&r=g","contentUrl":"https:\/\/secure.gravatar.com\/avatar\/e5ce118bd86e5549ff544e7c5b614da198ecaa7f8e9398b55d27ae1f117511d8?s=96&d=mm&r=g","caption":"Timur \u0130nce"},"description":"Zaman\u0131n ruhunda bir damla m\u00fcrekkep olmay\u0131 isterdim. Bir damla m\u00fcrekkep bir ulusun kaderini yazmaya yeterlidir.","sameAs":["https:\/\/malatyareport.com.tr","https:\/\/www.facebook.com\/timurince","@timur_ince_t5_","https:\/\/x.com\/@timurince11"],"url":"https:\/\/malatyareport.com.tr\/index.php\/author\/admin_6i9yniox\/"}]}},"jetpack_featured_media_url":"","jetpack_sharing_enabled":true,"_links":{"self":[{"href":"https:\/\/malatyareport.com.tr\/index.php\/wp-json\/wp\/v2\/posts\/202","targetHints":{"allow":["GET"]}}],"collection":[{"href":"https:\/\/malatyareport.com.tr\/index.php\/wp-json\/wp\/v2\/posts"}],"about":[{"href":"https:\/\/malatyareport.com.tr\/index.php\/wp-json\/wp\/v2\/types\/post"}],"author":[{"embeddable":true,"href":"https:\/\/malatyareport.com.tr\/index.php\/wp-json\/wp\/v2\/users\/1"}],"replies":[{"embeddable":true,"href":"https:\/\/malatyareport.com.tr\/index.php\/wp-json\/wp\/v2\/comments?post=202"}],"version-history":[{"count":7,"href":"https:\/\/malatyareport.com.tr\/index.php\/wp-json\/wp\/v2\/posts\/202\/revisions"}],"predecessor-version":[{"id":226,"href":"https:\/\/malatyareport.com.tr\/index.php\/wp-json\/wp\/v2\/posts\/202\/revisions\/226"}],"wp:attachment":[{"href":"https:\/\/malatyareport.com.tr\/index.php\/wp-json\/wp\/v2\/media?parent=202"}],"wp:term":[{"taxonomy":"category","embeddable":true,"href":"https:\/\/malatyareport.com.tr\/index.php\/wp-json\/wp\/v2\/categories?post=202"},{"taxonomy":"post_tag","embeddable":true,"href":"https:\/\/malatyareport.com.tr\/index.php\/wp-json\/wp\/v2\/tags?post=202"}],"curies":[{"name":"wp","href":"https:\/\/api.w.org\/{rel}","templated":true}]}}