{"id":228,"date":"2025-06-07T09:43:43","date_gmt":"2025-06-07T09:43:43","guid":{"rendered":"https:\/\/malatyareport.com.tr\/?p=228"},"modified":"2025-06-07T09:47:46","modified_gmt":"2025-06-07T09:47:46","slug":"gorevden-sonra-siradanlasanliderler","status":"publish","type":"post","link":"https:\/\/malatyareport.com.tr\/index.php\/2025\/06\/07\/gorevden-sonra-siradanlasanliderler\/","title":{"rendered":"G\u00f6revden Sonra \u201cs\u0131radanla\u015fan\u201dLiderler"},"content":{"rendered":"\n<figure class=\"wp-block-image size-full\"><img data-recalc-dims=\"1\" loading=\"lazy\" decoding=\"async\" width=\"739\" height=\"415\" src=\"https:\/\/i0.wp.com\/malatyareport.com.tr\/wp-content\/uploads\/2025\/06\/2952D388-073F-4F76-9F95-83DB06BC044C.jpeg?resize=739%2C415&#038;ssl=1\" alt=\"\" class=\"wp-image-231\" srcset=\"https:\/\/i0.wp.com\/malatyareport.com.tr\/wp-content\/uploads\/2025\/06\/2952D388-073F-4F76-9F95-83DB06BC044C.jpeg?w=739&amp;ssl=1 739w, https:\/\/i0.wp.com\/malatyareport.com.tr\/wp-content\/uploads\/2025\/06\/2952D388-073F-4F76-9F95-83DB06BC044C.jpeg?resize=300%2C168&amp;ssl=1 300w\" sizes=\"auto, (max-width: 739px) 100vw, 739px\" \/><\/figure>\n\n\n\n<p class=\"wp-block-paragraph\">Angela Merkel, Barack Obama, Hillary Clinton gibi isimler g\u00f6revleri bittikten sonra ciddi bir geri \u00e7ekilme ya\u015fad\u0131lar. Bu durumu birka\u00e7 farkl\u0131 eksende okumak m\u00fcmk\u00fcnd\u00fcr:<\/p>\n\n\n\n<p class=\"wp-block-paragraph\">a) Demokratik gelenek ve \u201ckurumsal liderlik\u201d:<\/p>\n\n\n\n<p class=\"wp-block-paragraph\">Bu liderler, \u00f6zellikle Bat\u0131\u2019da, bireysel karizma ve mutlak g\u00fcce dayal\u0131 de\u011fil; kurumsall\u0131k ve sistem i\u00e7inde s\u0131n\u0131rl\u0131 yetkiyle g\u00f6rev yaparlar. Yani \u201clider\u201d de\u011fil, sistemin \u201cy\u00f6netici akt\u00f6rleri\u201ddir. G\u00f6revden ayr\u0131ld\u0131ktan sonra bir kenara \u00e7ekilmeleri asl\u0131nda sistemin \u201cki\u015fiselle\u015ftirilmi\u015f liderli\u011fe\u201d izin vermemesiyle ilgilidir. Bu bir eksiklik de\u011fil, sistemin bir tercihi ya da sonucu olabilir.<\/p>\n\n\n\n<p class=\"wp-block-paragraph\">b) K\u00fcresel sistemin do\u011fas\u0131:<\/p>\n\n\n\n<p class=\"wp-block-paragraph\">G\u00fcn\u00fcm\u00fczde devlet ba\u015fkanlar\u0131 \u00e7o\u011fu zaman k\u00fcresel sermaye, teknoloji kartelleri ve g\u00fcvenlik b\u00fcrokrasileri taraf\u0131ndan \u00e7evrelenmi\u015f durumdad\u0131r. Karar alma s\u00fcre\u00e7leri bireyden \u00e7ok kolektif ak\u0131llara ya da \u201cderin devlet \/ elit\u201d yap\u0131lar\u0131na dayan\u0131r. Bu nedenle lider fig\u00fcrleri g\u00f6revden sonra da etkin olamayabilir, \u00e7\u00fcnk\u00fc zaten g\u00f6revdeyken de etkileri s\u0131n\u0131rl\u0131yd\u0131.<\/p>\n\n\n\n<p class=\"wp-block-paragraph\">c) Ger\u00e7ek liderlik mi, atanm\u0131\u015f y\u00f6neticilik mi?:<\/p>\n\n\n\n<p class=\"wp-block-paragraph\">Bu a\u00e7\u0131dan bak\u0131ld\u0131\u011f\u0131nda evet, Merkel ya da Obama gibi fig\u00fcrlerin halkla temas\u0131 ve hitabet becerileri olsa da, tarihteki Atat\u00fcrk, Churchill, De Gaulle, Gandi gibi kurucu veya d\u00f6n\u00fc\u015ft\u00fcr\u00fcc\u00fc liderlerden olduk\u00e7a farkl\u0131 olduklar\u0131 s\u00f6ylenebilir. Bu isimler, sistemin de\u011fil tarihin kendisinin zorlad\u0131\u011f\u0131 liderlerdi ve g\u00f6revden sonra da bir \u201cfikir ve vizyon g\u00fcc\u00fc\u201d ile var olmaya devam ettiler.<\/p>\n\n\n\n<ol start=\"2\" class=\"wp-block-list\">\n<li>Zelenski ve g\u00fcn\u00fcm\u00fcz liderlerinin \u201cyetersizli\u011fi\u201d:<\/li>\n<\/ol>\n\n\n\n<p class=\"wp-block-paragraph\">Zelenski \u00f6rne\u011fi \u00f6zelinde, televizyon y\u0131ld\u0131z\u0131ndan ba\u015fkanl\u0131\u011fa evrilen bir kariyer \u00e7izgisi, sistemin art\u0131k \u201cger\u00e7ek liderlik\u201d de\u011fil, \u201cpazarlanabilir fig\u00fcr\u201d arad\u0131\u011f\u0131n\u0131 g\u00f6steriyor. Bu yaln\u0131zca Ukrayna\u2019ya \u00f6zg\u00fc de\u011fil:<br>\u2022 \u0130talya\u2019da Berlusconi,<br>\u2022 ABD\u2019de Trump,<br>\u2022 Brezilya\u2019da Bolsonaro,<br>\u2022 \u0130ngiltere\u2019de Johnson<\/p>\n\n\n\n<p class=\"wp-block-paragraph\">gibi isimler benzer bi\u00e7imde \u201cmedyatik, pop\u00fclist, ama s\u0131\u011f\u201d profiller \u00e7izdiler. Bu da halk\u0131n liderden art\u0131k entelekt\u00fcel derinlik de\u011fil; kimlik temsiliyetine, sloganlara, mizaha ve medyatikli\u011fe y\u00f6neldi\u011fini g\u00f6steriyor.<\/p>\n\n\n\n<p class=\"wp-block-paragraph\">Bu da bizi \u015fu soruya g\u00f6t\u00fcr\u00fcyor:<\/p>\n\n\n\n<p class=\"wp-block-paragraph\">Modern demokrasi se\u00e7kinleri de\u011fil, \u201cortalama bireyleri\u201d mi iktidara ta\u015f\u0131yor?<\/p>\n\n\n\n<p class=\"wp-block-paragraph\">Evet. Art\u0131k siyaset, halk\u0131 d\u00f6n\u00fc\u015ft\u00fcren de\u011fil, halka benzeyen fig\u00fcrleri \u00f6ne \u00e7\u0131karan bir yap\u0131ya b\u00fcr\u00fcnd\u00fc. Bu da b\u00fcy\u00fck fikir insanlar\u0131n\u0131 de\u011fil; s\u0131radan, pop\u00fcler ve y\u00f6netilebilir fig\u00fcrleri lider yap\u0131yor.<\/p>\n\n\n\n<ol start=\"3\" class=\"wp-block-list\">\n<li>T\u00fcrkiye \u00f6rne\u011fi: Neden B\u00fcy\u00fcker\u015fen gibi isimler lider olmuyor?<\/li>\n<\/ol>\n\n\n\n<p class=\"wp-block-paragraph\">a) Parti i\u00e7i demokrasi yoklu\u011fu:<\/p>\n\n\n\n<p class=\"wp-block-paragraph\">CHP ya da di\u011fer partilerde \u201cliyakat\u201d de\u011fil, \u201csadakat\u201d \u00f6ne \u00e7\u0131k\u0131yor. Y\u0131lmaz B\u00fcy\u00fcker\u015fen gibi akademik ge\u00e7mi\u015fi g\u00fc\u00e7l\u00fc, y\u00f6netim ba\u015far\u0131s\u0131 kan\u0131tlanm\u0131\u015f ama ba\u011f\u0131ms\u0131z d\u00fc\u015f\u00fcnen bir ismin sistem i\u00e7inde y\u00fckselmesi neredeyse imkans\u0131z.<\/p>\n\n\n\n<p class=\"wp-block-paragraph\">b) Halk\u0131n talep etti\u011fi lider profili de\u011fi\u015fti:<\/p>\n\n\n\n<p class=\"wp-block-paragraph\">Toplumun genelinde karizma, bilgi, entelekt\u00fcellik gibi kavramlar art\u0131k cazibe merkezi de\u011fil. Sert konu\u015fan, kolay anla\u015f\u0131l\u0131r mesajlar veren, \u201cbizden biri\u201d gibi g\u00f6r\u00fcnen fig\u00fcrler \u00f6ne \u00e7\u0131k\u0131yor. Bu nedenle e\u011fitimli, entelekt\u00fcel lider adaylar\u0131 halk nezdinde ilgi g\u00f6rmeyebiliyor.<\/p>\n\n\n\n<p class=\"wp-block-paragraph\">c) Medya ve alg\u0131 y\u00f6netimi:<\/p>\n\n\n\n<p class=\"wp-block-paragraph\">G\u00fcn\u00fcm\u00fczde liderlik, ger\u00e7ek ba\u015far\u0131dan \u00e7ok, alg\u0131 ve medya y\u00f6netimiyle ilgili. Dolay\u0131s\u0131yla halk\u0131n \u00f6n\u00fcne \u201cvizyoner\u201d de\u011fil, \u201cpazarlanabilir\u201d adaylar \u00e7\u0131k\u0131yor.<\/p>\n\n\n\n<ol start=\"4\" class=\"wp-block-list\">\n<li>Vizyon d\u00fc\u015f\u00fckl\u00fc\u011f\u00fc ve tarihsel kar\u015f\u0131la\u015ft\u0131rma:<\/li>\n<\/ol>\n\n\n\n<p class=\"wp-block-paragraph\">a) Tarihteki b\u00fcy\u00fck liderler:<\/p>\n\n\n\n<p class=\"wp-block-paragraph\">Atat\u00fcrk, Bismarck, Gandi, Lincoln gibi liderler ola\u011fan\u00fcst\u00fc kriz d\u00f6nemlerinin \u00fcr\u00fcnleridir. Bu liderler:<br>\u2022 Sistem kurmu\u015flar,<br>\u2022 \u0130deoloji yaratm\u0131\u015flar,<br>\u2022 Toplumlar\u0131 d\u00f6n\u00fc\u015ft\u00fcrm\u00fc\u015flerdir.<\/p>\n\n\n\n<p class=\"wp-block-paragraph\">b) Bug\u00fcn sistem lider yaratm\u0131yor, y\u00f6neticilik \u00fcretiyor:<\/p>\n\n\n\n<p class=\"wp-block-paragraph\">Bug\u00fcn\u00fcn d\u00fcnyas\u0131nda \u201cd\u00f6n\u00fc\u015ft\u00fcr\u00fcc\u00fc liderlik\u201d tehlikeli bulunuyor. Bunun yerine, s\u00fcreli y\u00f6neticiler, konjonkt\u00fcrel fig\u00fcrler tercih ediliyor.<\/p>\n\n\n\n<ol start=\"5\" class=\"wp-block-list\">\n<li>Sonu\u00e7: Yeni \u00e7a\u011f\u0131n liderlik anlay\u0131\u015f\u0131<br>\u2022 Art\u0131k vizyon de\u011fil, uyum aran\u0131yor.<br>\u2022 Fikir de\u011fil, itaat \u00f6nemseniyor.<br>\u2022 Kurucu liderlik de\u011fil, pazarlamac\u0131 y\u00f6neticilik \u00f6ne \u00e7\u0131k\u0131yor.<\/li>\n<\/ol>\n\n\n\n<p class=\"wp-block-paragraph\">Bu y\u00fczden ger\u00e7ek anlamda fikir adam\u0131 olan bir lider ya da \u201c\u0131\u015f\u0131k sa\u00e7an\u201d bir \u00f6nder g\u00f6rmek zorla\u015ft\u0131. Liderler de\u011fil, sistemler \u00e7a\u011f\u0131nday\u0131z. Ve bu sistemler \u00e7o\u011fu zaman ger\u00e7ek liderlik potansiyelini ya d\u0131\u015fl\u0131yor ya da etkisizle\u015ftiriyor.<\/p>\n\n\n\n<p class=\"wp-block-paragraph\">Bu sorunlar \u201cliderlik t\u00fcrleri\u201d, \u201ckarizmatik otorite\u201d, \u201csistemin lider \u00fcretme kabiliyeti\u201d gibi sosyolojik teorilere dayanarak a\u00e7\u0131klanabilir<\/p>\n","protected":false},"excerpt":{"rendered":"<p>Angela Merkel, Barack Obama, Hillary Clinton gibi isimler g\u00f6revleri bittikten sonra ciddi bir geri \u00e7ekilme ya\u015fad\u0131lar. Bu durumu birka\u00e7 farkl\u0131 eksende okumak m\u00fcmk\u00fcnd\u00fcr: a) Demokratik&#8230;<\/p>\n<div class=\"more-link-wrapper\"><a class=\"more-link\" href=\"https:\/\/malatyareport.com.tr\/index.php\/2025\/06\/07\/gorevden-sonra-siradanlasanliderler\/\">Devam\u0131n\u0131 okuyun<span class=\"screen-reader-text\">G\u00f6revden Sonra \u201cs\u0131radanla\u015fan\u201dLiderler<\/span><\/a><\/div>\n","protected":false},"author":1,"featured_media":0,"comment_status":"open","ping_status":"open","sticky":false,"template":"","format":"standard","meta":{"_jetpack_memberships_contains_paid_content":false,"footnotes":""},"categories":[5],"tags":[],"class_list":["post-228","post","type-post","status-publish","format-standard","hentry","category-kose-yazilari","entry"],"yoast_head":"<!-- This site is optimized with the Yoast SEO plugin v28.2 - https:\/\/yoast.com\/product\/yoast-seo-wordpress\/ -->\n<title>G\u00f6revden Sonra \u201cs\u0131radanla\u015fan\u201dLiderler - Malatya Report<\/title>\n<meta name=\"robots\" content=\"index, follow, max-snippet:-1, max-image-preview:large, max-video-preview:-1\" \/>\n<link rel=\"canonical\" href=\"https:\/\/malatyareport.com.tr\/index.php\/2025\/06\/07\/gorevden-sonra-siradanlasanliderler\/\" \/>\n<meta property=\"og:locale\" content=\"tr_TR\" \/>\n<meta property=\"og:type\" content=\"article\" \/>\n<meta property=\"og:title\" content=\"G\u00f6revden Sonra \u201cs\u0131radanla\u015fan\u201dLiderler - Malatya Report\" \/>\n<meta property=\"og:description\" content=\"Angela Merkel, Barack Obama, Hillary Clinton gibi isimler g\u00f6revleri bittikten sonra ciddi bir geri \u00e7ekilme ya\u015fad\u0131lar. Bu durumu birka\u00e7 farkl\u0131 eksende okumak m\u00fcmk\u00fcnd\u00fcr: a) Demokratik&#8230;\" \/>\n<meta property=\"og:url\" content=\"https:\/\/malatyareport.com.tr\/index.php\/2025\/06\/07\/gorevden-sonra-siradanlasanliderler\/\" \/>\n<meta property=\"og:site_name\" content=\"Malatya Report\" \/>\n<meta property=\"article:author\" content=\"https:\/\/www.facebook.com\/timurince\" \/>\n<meta property=\"article:published_time\" content=\"2025-06-07T09:43:43+00:00\" \/>\n<meta property=\"article:modified_time\" content=\"2025-06-07T09:47:46+00:00\" \/>\n<meta property=\"og:image\" content=\"https:\/\/malatyareport.com.tr\/wp-content\/uploads\/2025\/06\/2952D388-073F-4F76-9F95-83DB06BC044C.jpeg\" \/>\n<meta name=\"author\" content=\"Timur \u0130nce\" \/>\n<meta name=\"twitter:card\" content=\"summary_large_image\" \/>\n<meta name=\"twitter:creator\" content=\"@timurince11\" \/>\n<meta name=\"twitter:label1\" content=\"Yazan:\" \/>\n\t<meta name=\"twitter:data1\" content=\"Timur \u0130nce\" \/>\n\t<meta name=\"twitter:label2\" content=\"Tahmini okuma s\u00fcresi\" \/>\n\t<meta name=\"twitter:data2\" content=\"4 dakika\" \/>\n<script type=\"application\/ld+json\" class=\"yoast-schema-graph\">{\"@context\":\"https:\\\/\\\/schema.org\",\"@graph\":[{\"@type\":\"Article\",\"@id\":\"https:\\\/\\\/malatyareport.com.tr\\\/index.php\\\/2025\\\/06\\\/07\\\/gorevden-sonra-siradanlasanliderler\\\/#article\",\"isPartOf\":{\"@id\":\"https:\\\/\\\/malatyareport.com.tr\\\/index.php\\\/2025\\\/06\\\/07\\\/gorevden-sonra-siradanlasanliderler\\\/\"},\"author\":{\"name\":\"Timur \u0130nce\",\"@id\":\"https:\\\/\\\/malatyareport.com.tr\\\/#\\\/schema\\\/person\\\/93146d94af76b792b58ac78050cc6da7\"},\"headline\":\"G\u00f6revden Sonra \u201cs\u0131radanla\u015fan\u201dLiderler\",\"datePublished\":\"2025-06-07T09:43:43+00:00\",\"dateModified\":\"2025-06-07T09:47:46+00:00\",\"mainEntityOfPage\":{\"@id\":\"https:\\\/\\\/malatyareport.com.tr\\\/index.php\\\/2025\\\/06\\\/07\\\/gorevden-sonra-siradanlasanliderler\\\/\"},\"wordCount\":759,\"commentCount\":1,\"image\":{\"@id\":\"https:\\\/\\\/malatyareport.com.tr\\\/index.php\\\/2025\\\/06\\\/07\\\/gorevden-sonra-siradanlasanliderler\\\/#primaryimage\"},\"thumbnailUrl\":\"https:\\\/\\\/malatyareport.com.tr\\\/wp-content\\\/uploads\\\/2025\\\/06\\\/2952D388-073F-4F76-9F95-83DB06BC044C.jpeg\",\"articleSection\":[\"K\u00f6\u015fe Yaz\u0131lar\u0131\"],\"inLanguage\":\"tr\",\"potentialAction\":[{\"@type\":\"CommentAction\",\"name\":\"Comment\",\"target\":[\"https:\\\/\\\/malatyareport.com.tr\\\/index.php\\\/2025\\\/06\\\/07\\\/gorevden-sonra-siradanlasanliderler\\\/#respond\"]}]},{\"@type\":\"WebPage\",\"@id\":\"https:\\\/\\\/malatyareport.com.tr\\\/index.php\\\/2025\\\/06\\\/07\\\/gorevden-sonra-siradanlasanliderler\\\/\",\"url\":\"https:\\\/\\\/malatyareport.com.tr\\\/index.php\\\/2025\\\/06\\\/07\\\/gorevden-sonra-siradanlasanliderler\\\/\",\"name\":\"G\u00f6revden Sonra \u201cs\u0131radanla\u015fan\u201dLiderler - Malatya Report\",\"isPartOf\":{\"@id\":\"https:\\\/\\\/malatyareport.com.tr\\\/#website\"},\"primaryImageOfPage\":{\"@id\":\"https:\\\/\\\/malatyareport.com.tr\\\/index.php\\\/2025\\\/06\\\/07\\\/gorevden-sonra-siradanlasanliderler\\\/#primaryimage\"},\"image\":{\"@id\":\"https:\\\/\\\/malatyareport.com.tr\\\/index.php\\\/2025\\\/06\\\/07\\\/gorevden-sonra-siradanlasanliderler\\\/#primaryimage\"},\"thumbnailUrl\":\"https:\\\/\\\/malatyareport.com.tr\\\/wp-content\\\/uploads\\\/2025\\\/06\\\/2952D388-073F-4F76-9F95-83DB06BC044C.jpeg\",\"datePublished\":\"2025-06-07T09:43:43+00:00\",\"dateModified\":\"2025-06-07T09:47:46+00:00\",\"author\":{\"@id\":\"https:\\\/\\\/malatyareport.com.tr\\\/#\\\/schema\\\/person\\\/93146d94af76b792b58ac78050cc6da7\"},\"breadcrumb\":{\"@id\":\"https:\\\/\\\/malatyareport.com.tr\\\/index.php\\\/2025\\\/06\\\/07\\\/gorevden-sonra-siradanlasanliderler\\\/#breadcrumb\"},\"inLanguage\":\"tr\",\"potentialAction\":[{\"@type\":\"ReadAction\",\"target\":[\"https:\\\/\\\/malatyareport.com.tr\\\/index.php\\\/2025\\\/06\\\/07\\\/gorevden-sonra-siradanlasanliderler\\\/\"]}]},{\"@type\":\"ImageObject\",\"inLanguage\":\"tr\",\"@id\":\"https:\\\/\\\/malatyareport.com.tr\\\/index.php\\\/2025\\\/06\\\/07\\\/gorevden-sonra-siradanlasanliderler\\\/#primaryimage\",\"url\":\"https:\\\/\\\/i0.wp.com\\\/malatyareport.com.tr\\\/wp-content\\\/uploads\\\/2025\\\/06\\\/2952D388-073F-4F76-9F95-83DB06BC044C.jpeg?fit=739%2C415&ssl=1\",\"contentUrl\":\"https:\\\/\\\/i0.wp.com\\\/malatyareport.com.tr\\\/wp-content\\\/uploads\\\/2025\\\/06\\\/2952D388-073F-4F76-9F95-83DB06BC044C.jpeg?fit=739%2C415&ssl=1\",\"width\":739,\"height\":415},{\"@type\":\"BreadcrumbList\",\"@id\":\"https:\\\/\\\/malatyareport.com.tr\\\/index.php\\\/2025\\\/06\\\/07\\\/gorevden-sonra-siradanlasanliderler\\\/#breadcrumb\",\"itemListElement\":[{\"@type\":\"ListItem\",\"position\":1,\"name\":\"Anasayfa\",\"item\":\"https:\\\/\\\/malatyareport.com.tr\\\/\"},{\"@type\":\"ListItem\",\"position\":2,\"name\":\"G\u00f6revden Sonra \u201cs\u0131radanla\u015fan\u201dLiderler\"}]},{\"@type\":\"WebSite\",\"@id\":\"https:\\\/\\\/malatyareport.com.tr\\\/#website\",\"url\":\"https:\\\/\\\/malatyareport.com.tr\\\/\",\"name\":\"Malatya Report\",\"description\":\"\",\"potentialAction\":[{\"@type\":\"SearchAction\",\"target\":{\"@type\":\"EntryPoint\",\"urlTemplate\":\"https:\\\/\\\/malatyareport.com.tr\\\/?s={search_term_string}\"},\"query-input\":{\"@type\":\"PropertyValueSpecification\",\"valueRequired\":true,\"valueName\":\"search_term_string\"}}],\"inLanguage\":\"tr\"},{\"@type\":\"Person\",\"@id\":\"https:\\\/\\\/malatyareport.com.tr\\\/#\\\/schema\\\/person\\\/93146d94af76b792b58ac78050cc6da7\",\"name\":\"Timur \u0130nce\",\"image\":{\"@type\":\"ImageObject\",\"inLanguage\":\"tr\",\"@id\":\"https:\\\/\\\/secure.gravatar.com\\\/avatar\\\/e5ce118bd86e5549ff544e7c5b614da198ecaa7f8e9398b55d27ae1f117511d8?s=96&d=mm&r=g\",\"url\":\"https:\\\/\\\/secure.gravatar.com\\\/avatar\\\/e5ce118bd86e5549ff544e7c5b614da198ecaa7f8e9398b55d27ae1f117511d8?s=96&d=mm&r=g\",\"contentUrl\":\"https:\\\/\\\/secure.gravatar.com\\\/avatar\\\/e5ce118bd86e5549ff544e7c5b614da198ecaa7f8e9398b55d27ae1f117511d8?s=96&d=mm&r=g\",\"caption\":\"Timur \u0130nce\"},\"description\":\"Zaman\u0131n ruhunda bir damla m\u00fcrekkep olmay\u0131 isterdim. Bir damla m\u00fcrekkep bir ulusun kaderini yazmaya yeterlidir.\",\"sameAs\":[\"https:\\\/\\\/malatyareport.com.tr\",\"https:\\\/\\\/www.facebook.com\\\/timurince\",\"@timur_ince_t5_\",\"https:\\\/\\\/x.com\\\/@timurince11\"],\"url\":\"https:\\\/\\\/malatyareport.com.tr\\\/index.php\\\/author\\\/admin_6i9yniox\\\/\"}]}<\/script>\n<!-- \/ Yoast SEO plugin. -->","yoast_head_json":{"title":"G\u00f6revden Sonra \u201cs\u0131radanla\u015fan\u201dLiderler - Malatya Report","robots":{"index":"index","follow":"follow","max-snippet":"max-snippet:-1","max-image-preview":"max-image-preview:large","max-video-preview":"max-video-preview:-1"},"canonical":"https:\/\/malatyareport.com.tr\/index.php\/2025\/06\/07\/gorevden-sonra-siradanlasanliderler\/","og_locale":"tr_TR","og_type":"article","og_title":"G\u00f6revden Sonra \u201cs\u0131radanla\u015fan\u201dLiderler - Malatya Report","og_description":"Angela Merkel, Barack Obama, Hillary Clinton gibi isimler g\u00f6revleri bittikten sonra ciddi bir geri \u00e7ekilme ya\u015fad\u0131lar. Bu durumu birka\u00e7 farkl\u0131 eksende okumak m\u00fcmk\u00fcnd\u00fcr: a) Demokratik&#8230;","og_url":"https:\/\/malatyareport.com.tr\/index.php\/2025\/06\/07\/gorevden-sonra-siradanlasanliderler\/","og_site_name":"Malatya Report","article_author":"https:\/\/www.facebook.com\/timurince","article_published_time":"2025-06-07T09:43:43+00:00","article_modified_time":"2025-06-07T09:47:46+00:00","og_image":[{"url":"https:\/\/malatyareport.com.tr\/wp-content\/uploads\/2025\/06\/2952D388-073F-4F76-9F95-83DB06BC044C.jpeg","type":"","width":"","height":""}],"author":"Timur \u0130nce","twitter_card":"summary_large_image","twitter_creator":"@timurince11","twitter_misc":{"Yazan:":"Timur \u0130nce","Tahmini okuma s\u00fcresi":"4 dakika"},"schema":{"@context":"https:\/\/schema.org","@graph":[{"@type":"Article","@id":"https:\/\/malatyareport.com.tr\/index.php\/2025\/06\/07\/gorevden-sonra-siradanlasanliderler\/#article","isPartOf":{"@id":"https:\/\/malatyareport.com.tr\/index.php\/2025\/06\/07\/gorevden-sonra-siradanlasanliderler\/"},"author":{"name":"Timur \u0130nce","@id":"https:\/\/malatyareport.com.tr\/#\/schema\/person\/93146d94af76b792b58ac78050cc6da7"},"headline":"G\u00f6revden Sonra \u201cs\u0131radanla\u015fan\u201dLiderler","datePublished":"2025-06-07T09:43:43+00:00","dateModified":"2025-06-07T09:47:46+00:00","mainEntityOfPage":{"@id":"https:\/\/malatyareport.com.tr\/index.php\/2025\/06\/07\/gorevden-sonra-siradanlasanliderler\/"},"wordCount":759,"commentCount":1,"image":{"@id":"https:\/\/malatyareport.com.tr\/index.php\/2025\/06\/07\/gorevden-sonra-siradanlasanliderler\/#primaryimage"},"thumbnailUrl":"https:\/\/malatyareport.com.tr\/wp-content\/uploads\/2025\/06\/2952D388-073F-4F76-9F95-83DB06BC044C.jpeg","articleSection":["K\u00f6\u015fe Yaz\u0131lar\u0131"],"inLanguage":"tr","potentialAction":[{"@type":"CommentAction","name":"Comment","target":["https:\/\/malatyareport.com.tr\/index.php\/2025\/06\/07\/gorevden-sonra-siradanlasanliderler\/#respond"]}]},{"@type":"WebPage","@id":"https:\/\/malatyareport.com.tr\/index.php\/2025\/06\/07\/gorevden-sonra-siradanlasanliderler\/","url":"https:\/\/malatyareport.com.tr\/index.php\/2025\/06\/07\/gorevden-sonra-siradanlasanliderler\/","name":"G\u00f6revden Sonra \u201cs\u0131radanla\u015fan\u201dLiderler - Malatya Report","isPartOf":{"@id":"https:\/\/malatyareport.com.tr\/#website"},"primaryImageOfPage":{"@id":"https:\/\/malatyareport.com.tr\/index.php\/2025\/06\/07\/gorevden-sonra-siradanlasanliderler\/#primaryimage"},"image":{"@id":"https:\/\/malatyareport.com.tr\/index.php\/2025\/06\/07\/gorevden-sonra-siradanlasanliderler\/#primaryimage"},"thumbnailUrl":"https:\/\/malatyareport.com.tr\/wp-content\/uploads\/2025\/06\/2952D388-073F-4F76-9F95-83DB06BC044C.jpeg","datePublished":"2025-06-07T09:43:43+00:00","dateModified":"2025-06-07T09:47:46+00:00","author":{"@id":"https:\/\/malatyareport.com.tr\/#\/schema\/person\/93146d94af76b792b58ac78050cc6da7"},"breadcrumb":{"@id":"https:\/\/malatyareport.com.tr\/index.php\/2025\/06\/07\/gorevden-sonra-siradanlasanliderler\/#breadcrumb"},"inLanguage":"tr","potentialAction":[{"@type":"ReadAction","target":["https:\/\/malatyareport.com.tr\/index.php\/2025\/06\/07\/gorevden-sonra-siradanlasanliderler\/"]}]},{"@type":"ImageObject","inLanguage":"tr","@id":"https:\/\/malatyareport.com.tr\/index.php\/2025\/06\/07\/gorevden-sonra-siradanlasanliderler\/#primaryimage","url":"https:\/\/i0.wp.com\/malatyareport.com.tr\/wp-content\/uploads\/2025\/06\/2952D388-073F-4F76-9F95-83DB06BC044C.jpeg?fit=739%2C415&ssl=1","contentUrl":"https:\/\/i0.wp.com\/malatyareport.com.tr\/wp-content\/uploads\/2025\/06\/2952D388-073F-4F76-9F95-83DB06BC044C.jpeg?fit=739%2C415&ssl=1","width":739,"height":415},{"@type":"BreadcrumbList","@id":"https:\/\/malatyareport.com.tr\/index.php\/2025\/06\/07\/gorevden-sonra-siradanlasanliderler\/#breadcrumb","itemListElement":[{"@type":"ListItem","position":1,"name":"Anasayfa","item":"https:\/\/malatyareport.com.tr\/"},{"@type":"ListItem","position":2,"name":"G\u00f6revden Sonra \u201cs\u0131radanla\u015fan\u201dLiderler"}]},{"@type":"WebSite","@id":"https:\/\/malatyareport.com.tr\/#website","url":"https:\/\/malatyareport.com.tr\/","name":"Malatya Report","description":"","potentialAction":[{"@type":"SearchAction","target":{"@type":"EntryPoint","urlTemplate":"https:\/\/malatyareport.com.tr\/?s={search_term_string}"},"query-input":{"@type":"PropertyValueSpecification","valueRequired":true,"valueName":"search_term_string"}}],"inLanguage":"tr"},{"@type":"Person","@id":"https:\/\/malatyareport.com.tr\/#\/schema\/person\/93146d94af76b792b58ac78050cc6da7","name":"Timur \u0130nce","image":{"@type":"ImageObject","inLanguage":"tr","@id":"https:\/\/secure.gravatar.com\/avatar\/e5ce118bd86e5549ff544e7c5b614da198ecaa7f8e9398b55d27ae1f117511d8?s=96&d=mm&r=g","url":"https:\/\/secure.gravatar.com\/avatar\/e5ce118bd86e5549ff544e7c5b614da198ecaa7f8e9398b55d27ae1f117511d8?s=96&d=mm&r=g","contentUrl":"https:\/\/secure.gravatar.com\/avatar\/e5ce118bd86e5549ff544e7c5b614da198ecaa7f8e9398b55d27ae1f117511d8?s=96&d=mm&r=g","caption":"Timur \u0130nce"},"description":"Zaman\u0131n ruhunda bir damla m\u00fcrekkep olmay\u0131 isterdim. Bir damla m\u00fcrekkep bir ulusun kaderini yazmaya yeterlidir.","sameAs":["https:\/\/malatyareport.com.tr","https:\/\/www.facebook.com\/timurince","@timur_ince_t5_","https:\/\/x.com\/@timurince11"],"url":"https:\/\/malatyareport.com.tr\/index.php\/author\/admin_6i9yniox\/"}]}},"jetpack_featured_media_url":"","jetpack_sharing_enabled":true,"_links":{"self":[{"href":"https:\/\/malatyareport.com.tr\/index.php\/wp-json\/wp\/v2\/posts\/228","targetHints":{"allow":["GET"]}}],"collection":[{"href":"https:\/\/malatyareport.com.tr\/index.php\/wp-json\/wp\/v2\/posts"}],"about":[{"href":"https:\/\/malatyareport.com.tr\/index.php\/wp-json\/wp\/v2\/types\/post"}],"author":[{"embeddable":true,"href":"https:\/\/malatyareport.com.tr\/index.php\/wp-json\/wp\/v2\/users\/1"}],"replies":[{"embeddable":true,"href":"https:\/\/malatyareport.com.tr\/index.php\/wp-json\/wp\/v2\/comments?post=228"}],"version-history":[{"count":3,"href":"https:\/\/malatyareport.com.tr\/index.php\/wp-json\/wp\/v2\/posts\/228\/revisions"}],"predecessor-version":[{"id":232,"href":"https:\/\/malatyareport.com.tr\/index.php\/wp-json\/wp\/v2\/posts\/228\/revisions\/232"}],"wp:attachment":[{"href":"https:\/\/malatyareport.com.tr\/index.php\/wp-json\/wp\/v2\/media?parent=228"}],"wp:term":[{"taxonomy":"category","embeddable":true,"href":"https:\/\/malatyareport.com.tr\/index.php\/wp-json\/wp\/v2\/categories?post=228"},{"taxonomy":"post_tag","embeddable":true,"href":"https:\/\/malatyareport.com.tr\/index.php\/wp-json\/wp\/v2\/tags?post=228"}],"curies":[{"name":"wp","href":"https:\/\/api.w.org\/{rel}","templated":true}]}}