{"id":52,"date":"2025-05-02T07:48:22","date_gmt":"2025-05-02T07:48:22","guid":{"rendered":"https:\/\/malatyareport.com.tr\/?p=52"},"modified":"2025-05-03T06:42:59","modified_gmt":"2025-05-03T06:42:59","slug":"malatyanin-kalemi-nasil-kirildi","status":"publish","type":"post","link":"https:\/\/malatyareport.com.tr\/index.php\/2025\/05\/02\/malatyanin-kalemi-nasil-kirildi\/","title":{"rendered":"MALATYA\u2019NIN KALEM\u0130 NASIL KIRILDI?"},"content":{"rendered":"\n<figure class=\"wp-block-image size-large\"><img data-recalc-dims=\"1\" loading=\"lazy\" decoding=\"async\" width=\"738\" height=\"415\" src=\"https:\/\/i0.wp.com\/malatyareport.com.tr\/wp-content\/uploads\/2025\/05\/img_6755-1.jpg?resize=738%2C415&#038;ssl=1\" alt=\"\" class=\"wp-image-55\" srcset=\"https:\/\/i0.wp.com\/malatyareport.com.tr\/wp-content\/uploads\/2025\/05\/img_6755-1.jpg?w=738&amp;ssl=1 738w, https:\/\/i0.wp.com\/malatyareport.com.tr\/wp-content\/uploads\/2025\/05\/img_6755-1.jpg?resize=300%2C169&amp;ssl=1 300w\" sizes=\"auto, (max-width: 738px) 100vw, 738px\" \/><figcaption class=\"wp-element-caption\">Foto: Google<\/figcaption><\/figure>\n\n\n\n<p class=\"wp-block-paragraph\">Y\u0131l 1800\u2019lerin ortalar\u0131. \u0130stanbul\u2019da yo\u011fun olmak \u00fczere, \u00e7evre illerden Anadolu i\u00e7lerine kadar yay\u0131lm\u0131\u015f olan Rum \u00e7etecileri ayaklanm\u0131\u015f, T\u00fcrk-M\u00fcsl\u00fcman mahallelerine kar\u015f\u0131 sistematik sald\u0131r\u0131lar ger\u00e7ekle\u015ftirmeye ba\u015flam\u0131\u015flard\u0131.<\/p>\n\n\n\n<p class=\"wp-block-paragraph\">1830\u2019da Yunanistan\u2019\u0131n ba\u011f\u0131ms\u0131zl\u0131\u011f\u0131n\u0131 ilan etmesi \u00fczerine iyice az\u0131tan Rum \u00e7eteleri \u00f6zellikle bat\u0131 Anadolu\u2019da e\u015fkiyal\u0131k, ka\u00e7ak\u00e7\u0131l\u0131k, soygun ve adam \u00f6ld\u00fcrmeye varacak bir dizi ter\u00f6r estirdi\u011fi y\u0131llar\u0131n i\u00e7inde buluyoruz kendimizi.&nbsp;<\/p>\n\n\n\n<p class=\"wp-block-paragraph\">\u00d6zelikle Trabzon Pontus Rumlar\u2019\u0131 da ayaklanm\u0131\u015f, daha ziyade Trabzon \u015fehri ile Yomra, Ma\u00e7ka ve Ak\u00e7aabat dahilindeki yerle\u015fkelerde b\u00f6lgeyi tehdit ediyorlard\u0131.&nbsp;<\/p>\n\n\n\n<p class=\"wp-block-paragraph\">Payitaht\u2019a oturan ise Sultan Abd\u00fclaziz\u2019di.&nbsp;<\/p>\n\n\n\n<p class=\"wp-block-paragraph\">Sultan Abd\u00fclaziz\u2019in \u201cezin ge\u00e7in bunlar\u0131\u201d emri \u015eeyh\u00fclislam fetvas\u0131na tak\u0131l\u0131r \u00f6nce. D\u00f6nemin \u015eeyh\u00fclislam\u2019\u0131 Zekeriyazade Yahya Efendi \u201cpadi\u015fah\u0131m bunlar \u00e7ete, yani halk. Orduyu halka kar\u015f\u0131 kullan\u0131rsak Osmanl\u0131\u2019n\u0131n itibar\u0131 yerle yeksan olur. Uluslararas\u0131 camiada kendimizi savunamaz oluruz. Bunlar \u00e7eteci, orduyla bast\u0131rmaya kalk\u0131\u015f\u0131rsak devletin itibari s\u00f6z konusu olacak\u201d deyip orduyu \u00e7etelere kar\u015f\u0131 harekete ge\u00e7irmenin uygun olmayaca\u011f\u0131n\u0131 dile getirir. \u201c\u00c7eteye ancak \u00e7eteyle kar\u015f\u0131 koyulabilir. Ordu kar\u015f\u0131m\u0131zda olsayd\u0131 orduyla m\u00fcdahale etmemiz icab ederdi\u201d der.&nbsp;<\/p>\n\n\n\n<p class=\"wp-block-paragraph\">Sultan Abd\u00fcllaziz taraf\u0131ndan ayn\u0131 y\u0131llarda Yusuf Kamil Pa\u015fa sadrazaml\u0131\u011fa getiriliyor. Yusuf Kamil Pa\u015fa aslen Malatya Arapgirlidir.&nbsp;<\/p>\n\n\n\n<p class=\"wp-block-paragraph\">Yusuf Kamil pa\u015fa di\u011fer yandan e\u015fi Zeynep han\u0131m \u00e7ocuk do\u011fumu esnas\u0131nda hayat\u0131n\u0131 kaybedince ad\u0131na \u00f6zel m\u00fclklerinde hastalara \u00fccretsiz hizmet vermek amac\u0131yla \u201c<strong>Zeynep Kamil<\/strong>\u201d hastanesini yapt\u0131r\u0131yor. Bug\u00fcn istanbul \u00dcsk\u00fcdar semtindeki Zeynep Kamil hastanesi o g\u00fcn\u00fcn bir eseri olarak; halen, hizmet vermeyi s\u00fcrd\u00fcren en eski sa\u011fl\u0131k kurulu\u015fu unvan\u0131n\u0131 elinde bulunduruyor.&nbsp;<\/p>\n\n\n\n<p class=\"wp-block-paragraph\">Bir di\u011fer \u00f6zelli\u011fi de, \u0130stanbul&#8217;un ilk \u00f6zel hay\u0131r kurumu olmas\u0131d\u0131r.<\/p>\n\n\n\n<p class=\"wp-block-paragraph\">Zeynep Han\u0131m ayr\u0131ca d\u00f6nemin M\u0131s\u0131r Valisi Kavalal\u0131 Mehmet Ali Pa\u015fa&#8217; n\u0131n k\u0131z\u0131d\u0131r. 1862 tarihinde Nuh Kuyusu semtinde bostan tarlas\u0131 olan arsa hastane yap\u0131lmak \u00fczere sat\u0131n al\u0131n\u0131yor. Fakat ambleminde -Zeynep Kamil- hastanesinin kurulu\u015f tarihi 1862\u2026<\/p>\n\n\n\n<p class=\"wp-block-paragraph\">Sadrazam Yusuf Kamil Pa\u015fa Rum \u00e7etelere kar\u015f\u0131 nas\u0131l bir \u00e7ete bulaca\u011f\u0131 konusunda \u00e7eli\u015fkiye d\u00fc\u015fer. Geri tarafta Rum \u00e7etelerinin ba\u015flatt\u0131\u011f\u0131 karga\u015fan\u0131n boyutu u\u00e7 noktalara t\u0131rman\u0131yor art\u0131k.&nbsp;<\/p>\n\n\n\n<p class=\"wp-block-paragraph\">Sadrazam; \u00e7areyi \u0130stanbul\u2019da bug\u00fcnk\u00fc -\u00e7i\u00e7ek pazar\u0131- denilen Tahtakale semtinde konu\u015flu hem\u015ferileri olan hamallar\u0131n kol ba\u015f\u0131 Battal beye ba\u015fvurmakta bulur. Battal beyi iyi tan\u0131r. Battal beyin bir \u00e7ok parametreleri P\u00fct\u00fcrge-Do\u011fanyol\u2019lu (keferdiz) e\u015fraf\u0131ndan oldu\u011funu g\u00f6steriyor. Fakat Do\u011fanyol\u2019un \u015eiro\u2019ya yak\u0131n bir b\u00f6lgesinden. Kimi rivayetler Bur\u00e7 k\u00f6y\u00fc, kimi \u015eiro taraksu civar\u0131n\u0131 i\u015faret etmektedir. Durumu anlat\u0131r. Rum \u00e7etecilere kar\u015f\u0131 m\u00fccadele edip edemeyeceklerini sorar sadrazam ve Battal bey tart\u0131\u015fmas\u0131z \u201cmevzu vatansa boynumuz k\u0131ldan ince\u201d deyip sorumlulu\u011fu \u00fcstlenece\u011fini kabul eder. Bu kez Battal Beyi al\u0131p padi\u015fah\u0131n kar\u015f\u0131s\u0131na \u00e7\u0131kar\u0131r sadrazam. Padi\u015faha bu sorumlulu\u011fu yerine getirebilece\u011fini s\u00f6ylemesi \u00fczerine padi\u015fahta bir kese alt\u0131n \u00e7\u0131kar\u0131r verir. Kullan\u0131rs\u0131n\u0131z diyor. Battal bey \u201ch\u00fcnk\u00e2r\u0131m yaln\u0131z verdi\u011finiz bu alt\u0131nlar\u0131 alamam, al\u0131rsam para i\u00e7in yapm\u0131\u015f olaca\u011f\u0131m. Ben vatan\u0131m-bayra\u011f\u0131m-namusum i\u00e7in ba\u015f\u0131m\u0131 ortaya koyaca\u011f\u0131m\u201d cevab\u0131n\u0131 verir padi\u015faha.&nbsp;<\/p>\n\n\n\n<p class=\"wp-block-paragraph\">Battal beyin emrinde ki hamallar\u0131n say\u0131s\u0131na gelince; baz\u0131 kaynaklar&nbsp;&nbsp;80-100 aras\u0131, baz\u0131lar\u0131 ise daha fazla oldu\u011funu beyan eder\u2026&nbsp;<\/p>\n\n\n\n<p class=\"wp-block-paragraph\">Rum \u00e7etelere kar\u015f\u0131 ilk h\u00fccresel birlik b\u00f6ylelikle kurulmu\u015f olur. Yani d\u00f6nemin Kontrgerillas\u0131\u2026&nbsp;<\/p>\n\n\n\n<p class=\"wp-block-paragraph\">O g\u00fcnden itibaren devletin g\u00fcvendi\u011fi, istenildi\u011finde en kritik vazifeler alabilecekleri, mevzu vatansa kimseyi tan\u0131mayan \u201cMalatyal\u0131lar\u201d devletin g\u00f6z\u00fcnde k\u0131ymef addeder oldu. <\/p>\n\n\n\n<p class=\"wp-block-paragraph\">\u015eehrin ara sokaklar\u0131nda Rum \u00e7etelerine kar\u015f\u0131 ilk m\u00fcbadele ba\u015flamas\u0131 \u00fczerine Rum \u00e7etelerin liderleri durumun bir trajediye d\u00f6n\u00fc\u015fece\u011fini g\u00f6rm\u00fc\u015f olmal\u0131lar ki; temas kurarak s\u00fcre isterler. \u201cBize kar\u0131\u015fmay\u0131n zaten s\u0131k\u0131\u015ft\u0131k kald\u0131k burada, Yunanistan bize destek verecekti vermedi. Yak\u0131n zamanda \u015fehri terk ederce\u011fiz.\u201d<\/p>\n\n\n\n<p class=\"wp-block-paragraph\">Rum \u00e7eteleri \u00fc\u00e7 ay gibi bir s\u00fcrede tamamen \u00e7\u00f6kertilmi\u015f olur.&nbsp;<\/p>\n\n\n\n<p class=\"wp-block-paragraph\">Tarihte devlet eliyle gayri resmi \u00f6rg\u00fctl\u00fc paramiliter grubu ilk o g\u00fcn kuruluyor. Ad\u0131na halk aras\u0131nda \u201cMalatyal\u0131lar \u00e7etesi\u201d denilmektedir. Veya bu isimle tarihteki yerini ald\u0131\u011f\u0131 bilinmekte.&nbsp;<\/p>\n\n\n\n<p class=\"wp-block-paragraph\">Abd\u00fclaziz devrinde ba\u015flayan, Cumhuriyet d\u00f6neminde \u0130smet Pa\u015fan\u0131n tan\u0131d\u0131\u011f\u0131 insiyatiflerden, 80 ihtilali d\u00f6nemlerine dek uzanan Malatyal\u0131lar\u0131n devlet sahnesindeki etkileri \u00d6zal\u2019la birlikte zirve yapm\u0131\u015f, \u00d6zal\u2019\u0131n \u00f6ld\u00fc\u011f\u00fc g\u00fcne kadar ayn\u0131 etkinin izlerine her yerde rastl\u0131yoruz.&nbsp;<\/p>\n\n\n\n<p class=\"wp-block-paragraph\">Hatta derin devletin \u00f6nemli bir ismi Abuzer U\u011furlu g\u00fcd\u00fcml\u00fc, Mehmet Ali A\u011fca ve arkada\u015flar\u0131n\u0131n \u0130talya Roma\u2019da 13 May\u0131s 1981\u2019de derin devlet merkezli Papa II. Ioannes Paulus&#8217;e d\u00fczenledi\u011fi suikast tarihteki Malatyal\u0131lar \u00e7etesine at\u0131fla; ayn\u0131 s\u00fcrecin uzant\u0131s\u0131 oldu\u011funu temsil eder. A\u011fca ve ekibinin \u00e7o\u011funluk Malatyal\u0131lardan olu\u015fmas\u0131 bunun en b\u00fcy\u00fck kan\u0131t\u0131 say\u0131l\u0131yor.&nbsp;<\/p>\n\n\n\n<p class=\"wp-block-paragraph\">Hal b\u00f6yle iken 17 Nisan 1993 y\u0131l\u0131nda Turgut \u00d6zal\u2019\u0131n vefat\u0131 e\u015f zamanl\u0131 olarak Malatyal\u0131\u2019lar\u0131n siyaset ve devlet sahnesinden ekarte edilmesi ile orant\u0131l\u0131 oldu\u011funu g\u00f6zlemliyoruz.&nbsp;<\/p>\n\n\n\n<p class=\"wp-block-paragraph\">\u00d6zal\u2019\u0131n vefat\u0131 sonras\u0131 iktidarda bulunan Anavatan Partisi iplerini aslen Rize Hem\u015finli Mesut Y\u0131lmaz ele al\u0131r bu kez. O s\u0131ra \u00d6zal ailesine kar\u015f\u0131 olumsuz haberler ve anti propaganda y\u00fcr\u00fcten U\u011fur D\u00fcndar\u2019\u0131n \u201carena\u201d adl\u0131 program\u0131na Rize Anavatan il ba\u015fkan\u0131 ba\u011flanarak aynen \u015fu ifedeleri kullan\u0131yor: \u201cben hen\u00fcz Ankara\u2019dan yeni d\u00f6nd\u00fcm. Ankara\u2019da k\u0131ymetli b\u00fcy\u00fcklerimin hepsiyle g\u00f6r\u00fc\u015ft\u00fcm. Say\u0131n S\u00fcleyman Demirel ile de, Say\u0131n Tansu \u00c7iller, Say\u0131n B\u00fclent Ecevit ve say\u0131n Erbakan ile g\u00f6r\u00fc\u015ft\u00fcm. Onlara \u015funu bildirdim. E\u011fer siz Malatyal\u0131lar\u0131 devlet ve siyasetten kaz\u0131y\u0131p atmasan\u0131z 10 y\u0131l sonra se\u00e7im falan yapman\u0131za gerek kalmayacak. Ve biz bunlarla art\u0131k hi\u00e7 bir zaman ba\u015fa \u00e7\u0131kamayaca\u011f\u0131z!\u201d&nbsp;<\/p>\n\n\n\n<p class=\"wp-block-paragraph\">Devam\u0131nda Malatyal\u0131lar\u0131n ilk olarak siyaset, devlet, i\u015f d\u00fcnyas\u0131 sahnesinden pasifize etme operasyonu Malatya Ak\u00e7ada\u011f k\u00f6kenli S\u00fczer Holding\u2019in POA\u015e ihalesi almas\u0131n\u0131 e\u015fik sayabiliriz\u2026 S\u00fczer holding sahibi H\u00fcseyin S\u00fczer POA\u015e ihalesini kazand\u0131\u011f\u0131 d\u00f6nem Oral \u00c7elik\u2019te Malatya spor ba\u015fkan\u0131 oldu\u011fu d\u00f6neme denk gelir. Hatta H\u00fcseyin S\u00fczer Malatya sporda as ba\u015fkand\u0131. \u00c7elik, bilahare Mesut Y\u0131lmaz\u2019\u0131n ba\u015fbakan iken Macaristan Budape\u015fte\u2019de kumar oynad\u0131\u011f\u0131 iddias\u0131yla burnunu k\u0131ranlara ula\u015f\u0131p derdest eden ki\u015fidir ayn\u0131 zamanda. Daha sonralar\u0131 olay\u0131 Karadenizliler \u00fcstlendi veya mal ettiler. \u00c7\u00fcnk\u00fc Karadenizlilerin parlat\u0131lmas\u0131 gerekiyordu. S\u00fczerler POA\u015e\u2019\u0131 ald\u0131\u011f\u0131 ayn\u0131 y\u0131l yine Malatya\u2019l\u0131 kumarhaneciler kral\u0131 olarak tan\u0131nan \u00d6mer L\u00fctf\u00fc Topal\u2019a ait bir \u015firket (\u015firket ismini an\u0131msam\u0131yorum) t\u00fcm Hava alanlar\u0131 ihalesini kazan\u0131r. \u00c7ok ge\u00e7meden Malatya k\u00f6kenli iki \u015firketin ald\u0131\u011f\u0131 devasa ihalelerin iptali ile ilk d\u00fc\u011fmeye bas\u0131lm\u0131\u015f oluyor.&nbsp;<\/p>\n\n\n\n<p class=\"wp-block-paragraph\">\u00d6zal\u0131n \u00f6l\u00fcm\u00fc ile e\u015f zamanl\u0131 geli\u015fen Malatyal\u0131lar\u0131n devlet ve siyasetten by-pass edilmesi, i\u015f insanlar\u0131n\u0131n saha d\u0131\u015f\u0131na itilerek, mafya konsensuslar\u0131n\u0131 infaz\u0131 derken; Ak Parti ile birlikte Malatyal\u0131 isimlerin s\u00fcp\u00fcr\u00fclerek Karadenizlilere alan a\u00e7\u0131lmas\u0131 s\u00fcreci hepsi entegreli geli\u015fen hadiselerdir.<\/p>\n\n\n\n<p class=\"wp-block-paragraph\">2000\u2019li y\u0131llara geldi\u011fimizde devlet ve siyasette Malatyal\u0131lar ad\u0131na hi\u00e7 bir \u015fey kalmam\u0131\u015ft\u0131.&nbsp;<\/p>\n\n\n\n<p class=\"wp-block-paragraph\">Ve Ak Parti ile birlikte Karadenizlilerin her alanda \u00f6n plana \u00e7\u0131kmas\u0131, \u00f6zellikle Malatya siyasetinde pasif isimlere \u00f6ncelik verilmesi hususu (bir iki isim harici) Malatya \u015fehrinin psikolojik \u00fcst\u00fcnl\u00fc\u011f\u00fcn\u00fc kaybetmesine neden oldu. Malatyal\u0131lar ge\u00e7en y\u0131llar i\u00e7erisinde bir \u00e7ok kademeyi isteyerek yada istemeyerek bo\u015faltt\u0131. Ankara\u2019da do\u011fru d\u00fczg\u00fcn bir b\u00fcrokrat\u0131m\u0131z dahi yok bug\u00fcn. Olanlar da ikincil-\u00fc\u00e7\u00fcnc\u00fcl g\u00f6revlerde yer almaktalar.&nbsp;<\/p>\n\n\n\n<p class=\"wp-block-paragraph\">Bug\u00fcn \u015fehrin t\u00fcm hikayesi s\u0131f\u0131rlanm\u0131\u015f gibi, sar\u0131laca\u011f\u0131 ne bir b\u00fcrokrat ne de vizyonu y\u00fcksek siyasi bir isim \u00fcretebildi. Kolunda ki alt\u0131n bilezik end\u00fcstriyel \u00fcr\u00fcn Kay\u0131s\u0131\u2019n\u0131n ak\u0131beti, Ar-Ge ticaretin fonksiyonsuzla\u015fmas\u0131, b\u00f6lgesel konjekt\u00f6rel ba\u015far\u0131s\u0131zl\u0131k konular\u0131nda izlenen eksik politikalar nedeniyle Malatya\u2019n\u0131n \u00d6zal\u2019la birlikte \u015faha kalkm\u0131\u015f marka de\u011feri deport yedi. \u00dcst\u00fcne \u00fcstelik 6 \u015eubat depremi de vurunca kalitesini ayakta tutan s\u00fctunlar\u0131n hepsi k\u0131r\u0131lm\u0131\u015f yerlere devrilmi\u015fti. Malatya\u2019n\u0131n kalemi k\u0131r\u0131lm\u0131\u015ft\u0131 k\u0131r\u0131lmas\u0131na ama bunu g\u00f6rmek samanl\u0131kta i\u011fne aramaya benziyordu.&nbsp;<\/p>\n\n\n\n<figure class=\"wp-block-gallery has-nested-images columns-default is-cropped wp-block-gallery-1 is-layout-flex wp-block-gallery-is-layout-flex\"><\/figure>\n","protected":false},"excerpt":{"rendered":"<p>Y\u0131l 1800\u2019lerin ortalar\u0131. \u0130stanbul\u2019da yo\u011fun olmak \u00fczere, \u00e7evre illerden Anadolu i\u00e7lerine kadar yay\u0131lm\u0131\u015f olan Rum \u00e7etecileri ayaklanm\u0131\u015f, T\u00fcrk-M\u00fcsl\u00fcman mahallelerine kar\u015f\u0131 sistematik sald\u0131r\u0131lar ger\u00e7ekle\u015ftirmeye ba\u015flam\u0131\u015flard\u0131. 1830\u2019da&#8230;<\/p>\n<div class=\"more-link-wrapper\"><a class=\"more-link\" href=\"https:\/\/malatyareport.com.tr\/index.php\/2025\/05\/02\/malatyanin-kalemi-nasil-kirildi\/\">Devam\u0131n\u0131 okuyun<span class=\"screen-reader-text\">MALATYA\u2019NIN KALEM\u0130 NASIL KIRILDI?<\/span><\/a><\/div>\n","protected":false},"author":1,"featured_media":0,"comment_status":"open","ping_status":"open","sticky":false,"template":"","format":"standard","meta":{"_jetpack_memberships_contains_paid_content":false,"footnotes":""},"categories":[5],"tags":[8],"class_list":["post-52","post","type-post","status-publish","format-standard","hentry","category-kose-yazilari","tag-malatya-siyaset-timurince","entry"],"yoast_head":"<!-- This site is optimized with the Yoast SEO plugin v28.2 - https:\/\/yoast.com\/product\/yoast-seo-wordpress\/ -->\n<title>MALATYA\u2019NIN KALEM\u0130 NASIL KIRILDI? - Malatya Report<\/title>\n<meta name=\"robots\" content=\"index, follow, max-snippet:-1, max-image-preview:large, max-video-preview:-1\" \/>\n<link rel=\"canonical\" href=\"https:\/\/malatyareport.com.tr\/index.php\/2025\/05\/02\/malatyanin-kalemi-nasil-kirildi\/\" \/>\n<meta property=\"og:locale\" content=\"tr_TR\" \/>\n<meta property=\"og:type\" content=\"article\" \/>\n<meta property=\"og:title\" content=\"MALATYA\u2019NIN KALEM\u0130 NASIL KIRILDI? - Malatya Report\" \/>\n<meta property=\"og:description\" content=\"Y\u0131l 1800\u2019lerin ortalar\u0131. \u0130stanbul\u2019da yo\u011fun olmak \u00fczere, \u00e7evre illerden Anadolu i\u00e7lerine kadar yay\u0131lm\u0131\u015f olan Rum \u00e7etecileri ayaklanm\u0131\u015f, T\u00fcrk-M\u00fcsl\u00fcman mahallelerine kar\u015f\u0131 sistematik sald\u0131r\u0131lar ger\u00e7ekle\u015ftirmeye ba\u015flam\u0131\u015flard\u0131. 1830\u2019da&#8230;\" \/>\n<meta property=\"og:url\" content=\"https:\/\/malatyareport.com.tr\/index.php\/2025\/05\/02\/malatyanin-kalemi-nasil-kirildi\/\" \/>\n<meta property=\"og:site_name\" content=\"Malatya Report\" \/>\n<meta property=\"article:author\" content=\"https:\/\/www.facebook.com\/timurince\" \/>\n<meta property=\"article:published_time\" content=\"2025-05-02T07:48:22+00:00\" \/>\n<meta property=\"article:modified_time\" content=\"2025-05-03T06:42:59+00:00\" \/>\n<meta property=\"og:image\" content=\"https:\/\/i0.wp.com\/malatyareport.com.tr\/wp-content\/uploads\/2025\/05\/img_6755-1.jpg?fit=738%2C415&ssl=1\" \/>\n\t<meta property=\"og:image:width\" content=\"738\" \/>\n\t<meta property=\"og:image:height\" content=\"415\" \/>\n\t<meta property=\"og:image:type\" content=\"image\/jpeg\" \/>\n<meta name=\"author\" content=\"Timur \u0130nce\" \/>\n<meta name=\"twitter:card\" content=\"summary_large_image\" \/>\n<meta name=\"twitter:creator\" content=\"@timurince11\" \/>\n<meta name=\"twitter:label1\" content=\"Yazan:\" \/>\n\t<meta name=\"twitter:data1\" content=\"Timur \u0130nce\" \/>\n\t<meta name=\"twitter:label2\" content=\"Tahmini okuma s\u00fcresi\" \/>\n\t<meta name=\"twitter:data2\" content=\"7 dakika\" \/>\n<script type=\"application\/ld+json\" class=\"yoast-schema-graph\">{\"@context\":\"https:\\\/\\\/schema.org\",\"@graph\":[{\"@type\":\"Article\",\"@id\":\"https:\\\/\\\/malatyareport.com.tr\\\/index.php\\\/2025\\\/05\\\/02\\\/malatyanin-kalemi-nasil-kirildi\\\/#article\",\"isPartOf\":{\"@id\":\"https:\\\/\\\/malatyareport.com.tr\\\/index.php\\\/2025\\\/05\\\/02\\\/malatyanin-kalemi-nasil-kirildi\\\/\"},\"author\":{\"name\":\"Timur \u0130nce\",\"@id\":\"https:\\\/\\\/malatyareport.com.tr\\\/#\\\/schema\\\/person\\\/93146d94af76b792b58ac78050cc6da7\"},\"headline\":\"MALATYA\u2019NIN KALEM\u0130 NASIL KIRILDI?\",\"datePublished\":\"2025-05-02T07:48:22+00:00\",\"dateModified\":\"2025-05-03T06:42:59+00:00\",\"mainEntityOfPage\":{\"@id\":\"https:\\\/\\\/malatyareport.com.tr\\\/index.php\\\/2025\\\/05\\\/02\\\/malatyanin-kalemi-nasil-kirildi\\\/\"},\"wordCount\":1476,\"commentCount\":0,\"image\":{\"@id\":\"https:\\\/\\\/malatyareport.com.tr\\\/index.php\\\/2025\\\/05\\\/02\\\/malatyanin-kalemi-nasil-kirildi\\\/#primaryimage\"},\"thumbnailUrl\":\"https:\\\/\\\/malatyareport.com.tr\\\/wp-content\\\/uploads\\\/2025\\\/05\\\/img_6755-1.jpg\",\"keywords\":[\"#malatya #siyaset #timurince\"],\"articleSection\":[\"K\u00f6\u015fe Yaz\u0131lar\u0131\"],\"inLanguage\":\"tr\",\"potentialAction\":[{\"@type\":\"CommentAction\",\"name\":\"Comment\",\"target\":[\"https:\\\/\\\/malatyareport.com.tr\\\/index.php\\\/2025\\\/05\\\/02\\\/malatyanin-kalemi-nasil-kirildi\\\/#respond\"]}]},{\"@type\":\"WebPage\",\"@id\":\"https:\\\/\\\/malatyareport.com.tr\\\/index.php\\\/2025\\\/05\\\/02\\\/malatyanin-kalemi-nasil-kirildi\\\/\",\"url\":\"https:\\\/\\\/malatyareport.com.tr\\\/index.php\\\/2025\\\/05\\\/02\\\/malatyanin-kalemi-nasil-kirildi\\\/\",\"name\":\"MALATYA\u2019NIN KALEM\u0130 NASIL KIRILDI? - Malatya Report\",\"isPartOf\":{\"@id\":\"https:\\\/\\\/malatyareport.com.tr\\\/#website\"},\"primaryImageOfPage\":{\"@id\":\"https:\\\/\\\/malatyareport.com.tr\\\/index.php\\\/2025\\\/05\\\/02\\\/malatyanin-kalemi-nasil-kirildi\\\/#primaryimage\"},\"image\":{\"@id\":\"https:\\\/\\\/malatyareport.com.tr\\\/index.php\\\/2025\\\/05\\\/02\\\/malatyanin-kalemi-nasil-kirildi\\\/#primaryimage\"},\"thumbnailUrl\":\"https:\\\/\\\/malatyareport.com.tr\\\/wp-content\\\/uploads\\\/2025\\\/05\\\/img_6755-1.jpg\",\"datePublished\":\"2025-05-02T07:48:22+00:00\",\"dateModified\":\"2025-05-03T06:42:59+00:00\",\"author\":{\"@id\":\"https:\\\/\\\/malatyareport.com.tr\\\/#\\\/schema\\\/person\\\/93146d94af76b792b58ac78050cc6da7\"},\"breadcrumb\":{\"@id\":\"https:\\\/\\\/malatyareport.com.tr\\\/index.php\\\/2025\\\/05\\\/02\\\/malatyanin-kalemi-nasil-kirildi\\\/#breadcrumb\"},\"inLanguage\":\"tr\",\"potentialAction\":[{\"@type\":\"ReadAction\",\"target\":[\"https:\\\/\\\/malatyareport.com.tr\\\/index.php\\\/2025\\\/05\\\/02\\\/malatyanin-kalemi-nasil-kirildi\\\/\"]}]},{\"@type\":\"ImageObject\",\"inLanguage\":\"tr\",\"@id\":\"https:\\\/\\\/malatyareport.com.tr\\\/index.php\\\/2025\\\/05\\\/02\\\/malatyanin-kalemi-nasil-kirildi\\\/#primaryimage\",\"url\":\"https:\\\/\\\/i0.wp.com\\\/malatyareport.com.tr\\\/wp-content\\\/uploads\\\/2025\\\/05\\\/img_6755-1.jpg?fit=738%2C415&ssl=1\",\"contentUrl\":\"https:\\\/\\\/i0.wp.com\\\/malatyareport.com.tr\\\/wp-content\\\/uploads\\\/2025\\\/05\\\/img_6755-1.jpg?fit=738%2C415&ssl=1\",\"width\":738,\"height\":415},{\"@type\":\"BreadcrumbList\",\"@id\":\"https:\\\/\\\/malatyareport.com.tr\\\/index.php\\\/2025\\\/05\\\/02\\\/malatyanin-kalemi-nasil-kirildi\\\/#breadcrumb\",\"itemListElement\":[{\"@type\":\"ListItem\",\"position\":1,\"name\":\"Anasayfa\",\"item\":\"https:\\\/\\\/malatyareport.com.tr\\\/\"},{\"@type\":\"ListItem\",\"position\":2,\"name\":\"MALATYA\u2019NIN KALEM\u0130 NASIL KIRILDI?\"}]},{\"@type\":\"WebSite\",\"@id\":\"https:\\\/\\\/malatyareport.com.tr\\\/#website\",\"url\":\"https:\\\/\\\/malatyareport.com.tr\\\/\",\"name\":\"Malatya Report\",\"description\":\"\",\"potentialAction\":[{\"@type\":\"SearchAction\",\"target\":{\"@type\":\"EntryPoint\",\"urlTemplate\":\"https:\\\/\\\/malatyareport.com.tr\\\/?s={search_term_string}\"},\"query-input\":{\"@type\":\"PropertyValueSpecification\",\"valueRequired\":true,\"valueName\":\"search_term_string\"}}],\"inLanguage\":\"tr\"},{\"@type\":\"Person\",\"@id\":\"https:\\\/\\\/malatyareport.com.tr\\\/#\\\/schema\\\/person\\\/93146d94af76b792b58ac78050cc6da7\",\"name\":\"Timur \u0130nce\",\"image\":{\"@type\":\"ImageObject\",\"inLanguage\":\"tr\",\"@id\":\"https:\\\/\\\/secure.gravatar.com\\\/avatar\\\/e5ce118bd86e5549ff544e7c5b614da198ecaa7f8e9398b55d27ae1f117511d8?s=96&d=mm&r=g\",\"url\":\"https:\\\/\\\/secure.gravatar.com\\\/avatar\\\/e5ce118bd86e5549ff544e7c5b614da198ecaa7f8e9398b55d27ae1f117511d8?s=96&d=mm&r=g\",\"contentUrl\":\"https:\\\/\\\/secure.gravatar.com\\\/avatar\\\/e5ce118bd86e5549ff544e7c5b614da198ecaa7f8e9398b55d27ae1f117511d8?s=96&d=mm&r=g\",\"caption\":\"Timur \u0130nce\"},\"description\":\"Zaman\u0131n ruhunda bir damla m\u00fcrekkep olmay\u0131 isterdim. Bir damla m\u00fcrekkep bir ulusun kaderini yazmaya yeterlidir.\",\"sameAs\":[\"https:\\\/\\\/malatyareport.com.tr\",\"https:\\\/\\\/www.facebook.com\\\/timurince\",\"@timur_ince_t5_\",\"https:\\\/\\\/x.com\\\/@timurince11\"],\"url\":\"https:\\\/\\\/malatyareport.com.tr\\\/index.php\\\/author\\\/admin_6i9yniox\\\/\"}]}<\/script>\n<!-- \/ Yoast SEO plugin. -->","yoast_head_json":{"title":"MALATYA\u2019NIN KALEM\u0130 NASIL KIRILDI? - Malatya Report","robots":{"index":"index","follow":"follow","max-snippet":"max-snippet:-1","max-image-preview":"max-image-preview:large","max-video-preview":"max-video-preview:-1"},"canonical":"https:\/\/malatyareport.com.tr\/index.php\/2025\/05\/02\/malatyanin-kalemi-nasil-kirildi\/","og_locale":"tr_TR","og_type":"article","og_title":"MALATYA\u2019NIN KALEM\u0130 NASIL KIRILDI? - Malatya Report","og_description":"Y\u0131l 1800\u2019lerin ortalar\u0131. \u0130stanbul\u2019da yo\u011fun olmak \u00fczere, \u00e7evre illerden Anadolu i\u00e7lerine kadar yay\u0131lm\u0131\u015f olan Rum \u00e7etecileri ayaklanm\u0131\u015f, T\u00fcrk-M\u00fcsl\u00fcman mahallelerine kar\u015f\u0131 sistematik sald\u0131r\u0131lar ger\u00e7ekle\u015ftirmeye ba\u015flam\u0131\u015flard\u0131. 1830\u2019da&#8230;","og_url":"https:\/\/malatyareport.com.tr\/index.php\/2025\/05\/02\/malatyanin-kalemi-nasil-kirildi\/","og_site_name":"Malatya Report","article_author":"https:\/\/www.facebook.com\/timurince","article_published_time":"2025-05-02T07:48:22+00:00","article_modified_time":"2025-05-03T06:42:59+00:00","og_image":[{"width":738,"height":415,"url":"https:\/\/i0.wp.com\/malatyareport.com.tr\/wp-content\/uploads\/2025\/05\/img_6755-1.jpg?fit=738%2C415&ssl=1","type":"image\/jpeg"}],"author":"Timur \u0130nce","twitter_card":"summary_large_image","twitter_creator":"@timurince11","twitter_misc":{"Yazan:":"Timur \u0130nce","Tahmini okuma s\u00fcresi":"7 dakika"},"schema":{"@context":"https:\/\/schema.org","@graph":[{"@type":"Article","@id":"https:\/\/malatyareport.com.tr\/index.php\/2025\/05\/02\/malatyanin-kalemi-nasil-kirildi\/#article","isPartOf":{"@id":"https:\/\/malatyareport.com.tr\/index.php\/2025\/05\/02\/malatyanin-kalemi-nasil-kirildi\/"},"author":{"name":"Timur \u0130nce","@id":"https:\/\/malatyareport.com.tr\/#\/schema\/person\/93146d94af76b792b58ac78050cc6da7"},"headline":"MALATYA\u2019NIN KALEM\u0130 NASIL KIRILDI?","datePublished":"2025-05-02T07:48:22+00:00","dateModified":"2025-05-03T06:42:59+00:00","mainEntityOfPage":{"@id":"https:\/\/malatyareport.com.tr\/index.php\/2025\/05\/02\/malatyanin-kalemi-nasil-kirildi\/"},"wordCount":1476,"commentCount":0,"image":{"@id":"https:\/\/malatyareport.com.tr\/index.php\/2025\/05\/02\/malatyanin-kalemi-nasil-kirildi\/#primaryimage"},"thumbnailUrl":"https:\/\/malatyareport.com.tr\/wp-content\/uploads\/2025\/05\/img_6755-1.jpg","keywords":["#malatya #siyaset #timurince"],"articleSection":["K\u00f6\u015fe Yaz\u0131lar\u0131"],"inLanguage":"tr","potentialAction":[{"@type":"CommentAction","name":"Comment","target":["https:\/\/malatyareport.com.tr\/index.php\/2025\/05\/02\/malatyanin-kalemi-nasil-kirildi\/#respond"]}]},{"@type":"WebPage","@id":"https:\/\/malatyareport.com.tr\/index.php\/2025\/05\/02\/malatyanin-kalemi-nasil-kirildi\/","url":"https:\/\/malatyareport.com.tr\/index.php\/2025\/05\/02\/malatyanin-kalemi-nasil-kirildi\/","name":"MALATYA\u2019NIN KALEM\u0130 NASIL KIRILDI? - Malatya Report","isPartOf":{"@id":"https:\/\/malatyareport.com.tr\/#website"},"primaryImageOfPage":{"@id":"https:\/\/malatyareport.com.tr\/index.php\/2025\/05\/02\/malatyanin-kalemi-nasil-kirildi\/#primaryimage"},"image":{"@id":"https:\/\/malatyareport.com.tr\/index.php\/2025\/05\/02\/malatyanin-kalemi-nasil-kirildi\/#primaryimage"},"thumbnailUrl":"https:\/\/malatyareport.com.tr\/wp-content\/uploads\/2025\/05\/img_6755-1.jpg","datePublished":"2025-05-02T07:48:22+00:00","dateModified":"2025-05-03T06:42:59+00:00","author":{"@id":"https:\/\/malatyareport.com.tr\/#\/schema\/person\/93146d94af76b792b58ac78050cc6da7"},"breadcrumb":{"@id":"https:\/\/malatyareport.com.tr\/index.php\/2025\/05\/02\/malatyanin-kalemi-nasil-kirildi\/#breadcrumb"},"inLanguage":"tr","potentialAction":[{"@type":"ReadAction","target":["https:\/\/malatyareport.com.tr\/index.php\/2025\/05\/02\/malatyanin-kalemi-nasil-kirildi\/"]}]},{"@type":"ImageObject","inLanguage":"tr","@id":"https:\/\/malatyareport.com.tr\/index.php\/2025\/05\/02\/malatyanin-kalemi-nasil-kirildi\/#primaryimage","url":"https:\/\/i0.wp.com\/malatyareport.com.tr\/wp-content\/uploads\/2025\/05\/img_6755-1.jpg?fit=738%2C415&ssl=1","contentUrl":"https:\/\/i0.wp.com\/malatyareport.com.tr\/wp-content\/uploads\/2025\/05\/img_6755-1.jpg?fit=738%2C415&ssl=1","width":738,"height":415},{"@type":"BreadcrumbList","@id":"https:\/\/malatyareport.com.tr\/index.php\/2025\/05\/02\/malatyanin-kalemi-nasil-kirildi\/#breadcrumb","itemListElement":[{"@type":"ListItem","position":1,"name":"Anasayfa","item":"https:\/\/malatyareport.com.tr\/"},{"@type":"ListItem","position":2,"name":"MALATYA\u2019NIN KALEM\u0130 NASIL KIRILDI?"}]},{"@type":"WebSite","@id":"https:\/\/malatyareport.com.tr\/#website","url":"https:\/\/malatyareport.com.tr\/","name":"Malatya Report","description":"","potentialAction":[{"@type":"SearchAction","target":{"@type":"EntryPoint","urlTemplate":"https:\/\/malatyareport.com.tr\/?s={search_term_string}"},"query-input":{"@type":"PropertyValueSpecification","valueRequired":true,"valueName":"search_term_string"}}],"inLanguage":"tr"},{"@type":"Person","@id":"https:\/\/malatyareport.com.tr\/#\/schema\/person\/93146d94af76b792b58ac78050cc6da7","name":"Timur \u0130nce","image":{"@type":"ImageObject","inLanguage":"tr","@id":"https:\/\/secure.gravatar.com\/avatar\/e5ce118bd86e5549ff544e7c5b614da198ecaa7f8e9398b55d27ae1f117511d8?s=96&d=mm&r=g","url":"https:\/\/secure.gravatar.com\/avatar\/e5ce118bd86e5549ff544e7c5b614da198ecaa7f8e9398b55d27ae1f117511d8?s=96&d=mm&r=g","contentUrl":"https:\/\/secure.gravatar.com\/avatar\/e5ce118bd86e5549ff544e7c5b614da198ecaa7f8e9398b55d27ae1f117511d8?s=96&d=mm&r=g","caption":"Timur \u0130nce"},"description":"Zaman\u0131n ruhunda bir damla m\u00fcrekkep olmay\u0131 isterdim. Bir damla m\u00fcrekkep bir ulusun kaderini yazmaya yeterlidir.","sameAs":["https:\/\/malatyareport.com.tr","https:\/\/www.facebook.com\/timurince","@timur_ince_t5_","https:\/\/x.com\/@timurince11"],"url":"https:\/\/malatyareport.com.tr\/index.php\/author\/admin_6i9yniox\/"}]}},"jetpack_featured_media_url":"","jetpack_sharing_enabled":true,"_links":{"self":[{"href":"https:\/\/malatyareport.com.tr\/index.php\/wp-json\/wp\/v2\/posts\/52","targetHints":{"allow":["GET"]}}],"collection":[{"href":"https:\/\/malatyareport.com.tr\/index.php\/wp-json\/wp\/v2\/posts"}],"about":[{"href":"https:\/\/malatyareport.com.tr\/index.php\/wp-json\/wp\/v2\/types\/post"}],"author":[{"embeddable":true,"href":"https:\/\/malatyareport.com.tr\/index.php\/wp-json\/wp\/v2\/users\/1"}],"replies":[{"embeddable":true,"href":"https:\/\/malatyareport.com.tr\/index.php\/wp-json\/wp\/v2\/comments?post=52"}],"version-history":[{"count":6,"href":"https:\/\/malatyareport.com.tr\/index.php\/wp-json\/wp\/v2\/posts\/52\/revisions"}],"predecessor-version":[{"id":60,"href":"https:\/\/malatyareport.com.tr\/index.php\/wp-json\/wp\/v2\/posts\/52\/revisions\/60"}],"wp:attachment":[{"href":"https:\/\/malatyareport.com.tr\/index.php\/wp-json\/wp\/v2\/media?parent=52"}],"wp:term":[{"taxonomy":"category","embeddable":true,"href":"https:\/\/malatyareport.com.tr\/index.php\/wp-json\/wp\/v2\/categories?post=52"},{"taxonomy":"post_tag","embeddable":true,"href":"https:\/\/malatyareport.com.tr\/index.php\/wp-json\/wp\/v2\/tags?post=52"}],"curies":[{"name":"wp","href":"https:\/\/api.w.org\/{rel}","templated":true}]}}