{"id":580,"date":"2025-12-13T17:44:28","date_gmt":"2025-12-13T17:44:28","guid":{"rendered":"https:\/\/malatyareport.com.tr\/?p=580"},"modified":"2025-12-14T06:38:42","modified_gmt":"2025-12-14T06:38:42","slug":"ihsan-koca-kendini-nasil-bitirdi","status":"publish","type":"post","link":"https:\/\/malatyareport.com.tr\/index.php\/2025\/12\/13\/ihsan-koca-kendini-nasil-bitirdi\/","title":{"rendered":"\u0130hsan Koca Kendini Nas\u0131l Bitirdi?"},"content":{"rendered":"\n<figure class=\"wp-block-image size-full\"><img data-recalc-dims=\"1\" loading=\"lazy\" decoding=\"async\" width=\"792\" height=\"892\" src=\"https:\/\/i0.wp.com\/malatyareport.com.tr\/wp-content\/uploads\/2025\/12\/74944DD5-7C17-4660-BF28-2FDCA18606B2.jpeg?resize=792%2C892&#038;ssl=1\" alt=\"\" class=\"wp-image-581\" srcset=\"https:\/\/i0.wp.com\/malatyareport.com.tr\/wp-content\/uploads\/2025\/12\/74944DD5-7C17-4660-BF28-2FDCA18606B2.jpeg?w=792&amp;ssl=1 792w, https:\/\/i0.wp.com\/malatyareport.com.tr\/wp-content\/uploads\/2025\/12\/74944DD5-7C17-4660-BF28-2FDCA18606B2.jpeg?resize=266%2C300&amp;ssl=1 266w, https:\/\/i0.wp.com\/malatyareport.com.tr\/wp-content\/uploads\/2025\/12\/74944DD5-7C17-4660-BF28-2FDCA18606B2.jpeg?resize=768%2C865&amp;ssl=1 768w\" sizes=\"auto, (max-width: 792px) 100vw, 792px\" \/><\/figure>\n\n\n\n<p class=\"wp-block-paragraph\">Siyaset birazda halkla, vatanda\u015fla bir b\u00fct\u00fcn olma, halk\u0131 tan\u0131ma-tan\u0131mlama, onlar\u0131n duygu d\u00fcnyalar\u0131n\u0131 aralamakta ba\u015far\u0131 \u00f6l\u00e7\u00fcs\u00fc yakalan\u0131r. Toplumdan kopmu\u015f b\u00fct\u00fcn siyasiler eninde sonunda unutulmaya, tarihin tozlu raflar\u0131na kald\u0131r\u0131lmaya mahkum kal\u0131rlar. O y\u00fczden a\u00e7\u0131n tarihi inceleyin: <strong>tarihe mal olmu\u015f isimlerin<\/strong> hepsi insanl\u0131\u011fa hizmette mesafe kat ederek yerini alm\u0131\u015flard\u0131r.&nbsp;<\/p>\n\n\n\n<p class=\"wp-block-paragraph\">Bug\u00fcnk\u00fc makalemizi konusu; Malatya\u2019da <strong>Ak Parti<\/strong>\u2019nin <strong>4<\/strong> milletvekilinden biri olan <strong>\u0130hsan Koca<\/strong>\u2019n\u0131n&nbsp;&nbsp;siyasette var olmas\u0131na kar\u015f\u0131n siyasi hayat\u0131n\u0131 nas\u0131l sona erdirdi\u011fine, mesuliyet ta\u015f\u0131d\u0131\u011f\u0131 se\u00e7menin ajandas\u0131nda ad\u0131n\u0131n neden ve nas\u0131l silindi\u011fine, rasyonel misyonunu neden eksik b\u0131rakt\u0131\u011f\u0131 \u00fczerine tamamlamaya \u00e7al\u0131\u015faca\u011f\u0131z daha \u00e7ok.&nbsp;<\/p>\n\n\n\n<p class=\"wp-block-paragraph\">Say\u0131n Koca ile hayat\u0131m boyunca sadece iki kez yan yana gelmi\u015fli\u011fimiz oldu. Di\u011fer siyasi meslekta\u015flar\u0131n\u0131n aksine mizac\u0131 sert, yakla\u015f\u0131mc\u0131 de\u011fil, y\u00fcz hatlar\u0131 gergin, \u00e7evrede ki insanlardan uzak durmak istedi\u011fi y\u00f6n\u00fc \u00f6ylesine fark edilmi\u015fti ki herhangi bir diyalog kurmaya gerek duymam\u0131\u015ft\u0131m. Sonu\u00e7ta o siyasi ise bizde vatanda\u015f\u0131z. O avukatsa biz de yazar\u2026 O zenginse biz de g\u00f6n\u00fcl sermayederiyiz. (<em><strong>De\u011fil mi?)&nbsp;<\/strong><\/em>Herkesin hacmi kaplad\u0131\u011f\u0131 yer kadard\u0131r. Ve sonu\u00e7ta hepimiz \u00f6l\u00fcml\u00fc canl\u0131lar\u0131z. <\/p>\n\n\n\n<p class=\"wp-block-paragraph\"><strong>Siyasette y\u00fckselmek alk\u0131\u015fla, d\u00fc\u015fmek sessiz olur.<\/strong> \u00c7o\u011fu zaman ne bir man\u015fet vard\u0131r ne de b\u00fcy\u00fck bir kopu\u015f\u2026 \u0130hsan Koca\u2019n\u0131n ya\u015fad\u0131\u011f\u0131 s\u00fcre\u00e7 tam olarak budur: b\u00f6yle izah edilir ancak. Kendi kendini t\u00fcketen bir siyasal yolculuk. Kendi ipini kendi \u00e7eken bir siyasi kimlik. Ba\u015flang\u0131\u00e7ta halkla temas kurabilen, ele\u015ftiriye a\u00e7\u0131k bir profil \u00e7izerken zamanla ula\u015f\u0131lmaz, tepeden bakan bir tavra b\u00fcr\u00fcnmesi en b\u00fcy\u00fck hatas\u0131 oldu. \u0130hsan Koca\u2019y\u0131 bitiren \u015fey bir rakibi de\u011fil, bir operasyon da de\u011fil; kendi tercihleri, \u00fcslubu ve zamanla in\u015fa etti\u011fi yanl\u0131\u015f alg\u0131d\u0131r. Sessizli\u011fe g\u00f6n\u00fclmesi, insanlar\u0131n taleplerine duyars\u0131z kalmas\u0131, sorunlar\u0131 amac\u0131yla arayan vatanda\u015f\u0131n telefonlar\u0131na \u00e7\u0131kmamas\u0131 ile iyice peki\u015fti. Zamanla insanlar da ula\u015fmaktan vazge\u00e7ti.&nbsp;<\/p>\n\n\n\n<p class=\"wp-block-paragraph\">Elbette \u201c<strong>kibirlilik<\/strong>\u201d en b\u00fcy\u00fck siyasi hatad\u0131r. Dikkat edin kibirli siyasileri toplum derhal siler-atar bir kenara. Ba\u015flang\u0131\u00e7ta ula\u015f\u0131labilir, sahada olan ve halkla temas kurabilen bir profil \u00e7izen \u0130hsan Koca, zaman i\u00e7inde ele\u015ftiriye kapal\u0131, kendini vazge\u00e7ilmez g\u00f6ren bir \u00e7izgiye savruldu. Orda kendi \u00e7evresine \u00f6rd\u00fc\u011f\u00fc a\u011flara tak\u0131l\u0131 kald\u0131. Zannederim bu da siyasetin sa\u011flad\u0131\u011f\u0131 g\u00fc\u00e7, konfor ve imkanlardan kaynakland\u0131. Deprem de hi\u00e7 ortaya \u00e7\u0131kmam\u0131\u015ft\u0131. Siyasette kibir, se\u00e7meni de\u011fil; yaln\u0131zl\u0131\u011f\u0131 b\u00fcy\u00fct\u00fcr. Koca\u2019n\u0131n en b\u00fcy\u00fck k\u0131r\u0131lma noktas\u0131 da tam olarak burada ba\u015flad\u0131.<\/p>\n\n\n\n<p class=\"wp-block-paragraph\">Bir kere sahadan koptu. Halbuki yerel siyaset, masa ba\u015f\u0131nda de\u011fil sokakta yap\u0131l\u0131r noktas\u0131n\u0131 \u0131skalad\u0131. <strong>\u0130hsan Koca,<\/strong> zaman zarf\u0131nda halk\u0131n g\u00fcndeminden d\u00fc\u015ft\u00fc, uzakla\u015ft\u0131. Halbuki bir zamanlar g\u00f6zde olan bir profili vard\u0131. \u0130l ba\u015fkanl\u0131\u011f\u0131 gibi siyasetin en dip mutfa\u011f\u0131ndan geliyordu. Hele de son d\u00f6nem \u201c<strong>se\u00e7ilmeyece\u011fim<\/strong>\u201d diyerek son anda kendini listeye eklemesi ile t\u00fcm ele\u015ftiri oklar\u0131n\u0131 h\u0131zl\u0131ca \u00fczerine y\u00f6neltti. Kendi kadrolar\u0131 bile bunu kabullenmemi\u015fti. Asl\u0131nda Koca\u2019n\u0131n hikayesi bir nevi son d\u00f6nem se\u00e7ilerek bitti. Kendisi de bunu kabul etmi\u015f olmal\u0131 ki sahaya \u00e7\u0131kmama tercihi, \u00fczerine y\u00f6nelen oklar\u0131n frekans\u0131n\u0131 daha da artt\u0131rm\u0131\u015ft\u0131.\u00a0<\/p>\n\n\n\n<p class=\"wp-block-paragraph\">Bak\u0131yoruz medyada, sosyal medyada, sokakta, vatanda\u015f\u0131n g\u00fcndeminden \u201cen \u00e7ok ele\u015ftirilen\u201d bir isim oluverdi Koca.&nbsp;<\/p>\n\n\n\n<p class=\"wp-block-paragraph\"><strong>\u00d6zellikle halk\u0131n:&nbsp;<\/strong><\/p>\n\n\n\n<p class=\"wp-block-paragraph\">\u2022 <em><strong>Ekonomik s\u0131k\u0131nt\u0131lar\u0131<\/strong><\/em><\/p>\n\n\n\n<p class=\"wp-block-paragraph\">\u2022 <em><strong>Sosyal yaralar\u0131<\/strong><\/em><\/p>\n\n\n\n<p class=\"wp-block-paragraph\"><strong>\u2022 <em>Yerel problemleri<\/em><\/strong><\/p>\n\n\n\n<p class=\"wp-block-paragraph\">\u2022<strong><em>\u015eehrin makus kaderi<\/em><\/strong><\/p>\n\n\n\n<p class=\"wp-block-paragraph\"><strong><em>\u2022Deprem felaketi<\/em><\/strong><\/p>\n\n\n\n<p class=\"wp-block-paragraph\">Bu ba\u015fl\u0131klarda y\u00fcksek sesle konu\u015fmas\u0131 gereken yerde sessiz kald\u0131, konu\u015ftu\u011fu yerde ise halk\u0131n diliyle konu\u015famad\u0131. Foto\u011fraflar verdi, zaman zaman baz\u0131 toplant\u0131larda boy g\u00f6sterdi ama geri planda durdu, as\u0131l g\u00f6reviymi\u015f gibi inzivada bekledi hep.&nbsp;<\/p>\n\n\n\n<p class=\"wp-block-paragraph\">T<strong>\u00fcm bu reel veriler sonras\u0131 Koca Malatya tarih\u00e7esinde belki de en \u00e7ok ele\u015ftirilen siyasi bir \u00fcnv\u00e2n\u0131 kendi eliyle yaratm\u0131\u015f oldu.&nbsp;<\/strong><\/p>\n\n\n\n<p class=\"wp-block-paragraph\">\u00d6yle ki <strong>Ak Parti<\/strong>\u2019nin bilindik imaj\u0131na ters bir reaksiyonda tav\u0131r sergilemesi \u015fehirde ki <strong>Ak Partinin <\/strong>lokasyonunu da hedef al\u0131yordu. Se\u00e7men Koca\u2019y\u0131 de\u011fil Parti prensiplerini sorgular oldu.&nbsp;&nbsp;<\/p>\n\n\n\n<p class=\"wp-block-paragraph\">Akabinde yanl\u0131\u015f ittifaklar, yanl\u0131\u015f kararlar ve yanl\u0131\u015f insanlarla temas\u0131 perdeyi biraz daha a\u00e7m\u0131\u015f bulunuyordu. Siyasette \u201c<strong>kiminle y\u00fcr\u00fcd\u00fc\u011f\u00fcn<\/strong>\u201d, ne s\u00f6yledi\u011finden daha \u00f6nemlidir. <strong>\u0130hsan Koca<\/strong>, toplumsal kar\u015f\u0131l\u0131\u011f\u0131 olmayan isimlerle yol y\u00fcr\u00fcd\u00fc, halk nezdinde g\u00fcven olu\u015fturmayan \u00e7evrelere yasland\u0131.<\/p>\n\n\n\n<p class=\"wp-block-paragraph\">Bu durum, onu g\u00fc\u00e7lendirmek yerine yaln\u0131zla\u015ft\u0131rd\u0131. Sevgi duyulaca\u011f\u0131 yerde hi\u00e7sizle\u015ftirdi. Derken yava\u015f yava\u015f i\u00e7ten ve d\u0131\u015ftan ele\u015ftirilen bir fig\u00fcr olman\u0131n \u00f6n\u00fcn\u00fc tutamad\u0131. Bu yaz\u0131 da toplumun insiyatifinden y\u00fckselen problemlerin \u00f6zetleme noktas\u0131nda ortaya \u00e7\u0131kt\u0131. Say\u0131n Koca ile ki\u015fisel bir husumetimiz olamaz, kald\u0131 ki biz Do\u011fanyol\u2019lur\u0131n damad\u0131 oldu\u011funu da biliyorum. Lakin bir ger\u00e7ek var ki; <strong>1.5<\/strong> milyon insan\u0131n devlet temsiliyetinde ki 6 se\u00e7ilmi\u015ften biri olmas\u0131 sorumlulu\u011funu g\u00f6rmesi a\u00e7\u0131s\u0131ndan (dostane) bir yaz\u0131 olarak kabul g\u00f6rmesini dileriz.&nbsp;<\/p>\n\n\n\n<p class=\"wp-block-paragraph\">\u201c<strong>Dost ac\u0131 s\u00f6yler<\/strong>\u201d atas\u00f6z\u00fcne mukabilen\u2026<\/p>\n\n\n\n<p class=\"wp-block-paragraph\">Koca; avukat kimli\u011fi, y\u0131llar\u0131n siyaset\u00e7isi, iyi bir m\u00fcdafi, yumu\u015fak tav\u0131rl\u0131, insani y\u00f6nleri geli\u015fkin ve hukukun evrenselli\u011finde uzman bilgisine bir \u015fey dedi\u011fimiz yok, hatta sayg\u0131 duymaktay\u0131z. Bunlara elbette laf\u0131m\u0131z olamaz. S\u00f6z konusu etti\u011fimiz b\u00f6l\u00fcm se\u00e7ilmi\u015f bir vekil olarak \u201ctamamen\u201d soyut bir rota \u00e7izmesidir. Onun i\u00e7indir ki ele\u015ftiriye tahamm\u00fcls\u00fczl\u00fck y\u00f6n\u00fc de yukar\u0131 da saym\u0131\u015f oldu\u011fumuz ba\u015fl\u0131klara orant\u0131 geli\u015fti. Koca\u2019n\u0131n \u015fehirde en \u00e7ok ele\u015ftirilen bir siyasi olarak \u00f6ne \u00e7\u0131km\u0131\u015f olmas\u0131n\u0131 g\u00f6rmesini temenni ediyoruz. Bu durumu kendi vicdani penceresinde ele almas\u0131n\u0131, i\u00e7sel bir m\u00fcnaka\u015faya girmesi de dileklerimiz aras\u0131ndan baz\u0131lar\u0131. Tabi do\u011fal rotasyon kar\u0131\u015f\u0131nca; a\u00e7\u0131k-bilinen y\u00f6nlerinden biri de ele\u015ftirenleri d\u00fc\u015fman g\u00f6rmesi oldu. Bizi de d\u00fc\u015fman listesine eklemesi normal.&nbsp;<\/p>\n\n\n\n<p class=\"wp-block-paragraph\"><strong>Oysa siyaset, alk\u0131\u015ftan \u00e7ok itirazlarla b\u00fcy\u00fcr.<\/strong><\/p>\n\n\n\n<p class=\"wp-block-paragraph\">Ele\u015ftiriyi bast\u0131rmaya \u00e7al\u0131\u015fmak, ger\u00e7e\u011fi ortadan kald\u0131rmaz; sadece kopu\u015fu h\u0131zland\u0131r\u0131r.<\/p>\n\n\n\n<p class=\"wp-block-paragraph\">Tam da burada \u015funu s\u00f6yleyebiliriz. Ele\u015ftiriyi bast\u0131rmakla ortak y\u00fcr\u00fcyen zaman\u0131 okuyamamakta tabelaya dahil olunca i\u015fler daha i\u00e7inden \u00e7\u0131k\u0131lmaz bir hale geldi.&nbsp;<\/p>\n\n\n\n<p class=\"wp-block-paragraph\">\u00c7\u00fcnk\u00fc siyasette ba\u015far\u0131, yaln\u0131zca g\u00fc\u00e7le de\u011fil, parayla de\u011fil, s\u0131rt\u0131 pek bir \u00e7evreyle de\u011fil zaman\u0131 do\u011fru okumakla gelir. \u0130\u015fte \u0130hsan Koca, de\u011fi\u015fen toplumsal beklentileri, yeni siyasal dili ve gen\u00e7 se\u00e7menin taleplerini okuyamad\u0131. D\u00fcn i\u015fe yarayan y\u00f6ntemlerin bug\u00fcn kar\u015f\u0131l\u0131\u011f\u0131 olmad\u0131\u011f\u0131n\u0131 fark edemedi. O y\u00fczden kendini kendisine hapsetti. Fazla bir mesai sarf etmeye gerek duymad\u0131. Hikayesini ya\u015farken,kendi ayaklar\u0131 \u00fczerindeyken bitirdi, t\u00fcketti.&nbsp;<\/p>\n\n\n\n<p class=\"wp-block-paragraph\">Haliyle bu kopu\u015f sessiz bir \u00e7\u00f6k\u00fc\u015f\u00fcn limitini artt\u0131rd\u0131. Ve bu biti\u015f g\u00fcr\u00fclt\u00fcl\u00fc olmad\u0131. Bir g\u00fcn kimse \u201c<strong>gitti<\/strong>\u201d demedi; ama herkes \u201c<strong>yok<\/strong>\u201d demeye ba\u015flad\u0131. En tehlikeli son da bu de\u011fil mi zaten. D\u00fc\u015f\u00fcnsenize kimse muhalefet etmiyor, kimse bir \u015fey istemiyor, hi\u00e7 kimsenin bir beklentisi yok, siyasetin&nbsp;&nbsp;de\u011fil, ilgisizli\u011fin do\u011furdu\u011fu hazin bir son! Sonu\u00e7ta; \u0130hsan Koca\u2019y\u0131 bitiren ne bir dava ne bir rakip ne de bir kumpast\u0131r. Onu bitiren; kibir, halktan kopu\u015f, yanl\u0131\u015f \u00e7evre, ele\u015ftiriye kapal\u0131l\u0131k, zaman\u0131 okuyamamak, toplumu ve taleplerini yok saymak. Bir de tek tabanca tak\u0131lmak.&nbsp;<\/p>\n\n\n\n<p class=\"wp-block-paragraph\">Unutmay\u0131n ki: siyaset tabiki affeder ama tekrar eden hatalar\u0131 asla ba\u011f\u0131\u015flamaz. Ve o hatalar\u0131 tarih d\u00f6nderip-d\u00f6nderip g\u00fcn y\u00fcz\u00fcne vurur. T\u0131pk\u0131 denizin t\u00fcm artt\u0131klar\u0131n\u0131 sahile vurmas\u0131 gibi. Say\u0131n Koca\u2019ya hayat\u0131nda ba\u015far\u0131lar dileriz. Umar\u0131m bir d\u00f6nem daha vekillik koltu\u011funu i\u015fgal etmek i\u00e7in baz\u0131 \u00e7abalar i\u00e7inde olmaz. <\/p>\n","protected":false},"excerpt":{"rendered":"<p>Siyaset birazda halkla, vatanda\u015fla bir b\u00fct\u00fcn olma, halk\u0131 tan\u0131ma-tan\u0131mlama, onlar\u0131n duygu d\u00fcnyalar\u0131n\u0131 aralamakta ba\u015far\u0131 \u00f6l\u00e7\u00fcs\u00fc yakalan\u0131r. Toplumdan kopmu\u015f b\u00fct\u00fcn siyasiler eninde sonunda unutulmaya, tarihin tozlu&#8230;<\/p>\n<div class=\"more-link-wrapper\"><a class=\"more-link\" href=\"https:\/\/malatyareport.com.tr\/index.php\/2025\/12\/13\/ihsan-koca-kendini-nasil-bitirdi\/\">Devam\u0131n\u0131 okuyun<span class=\"screen-reader-text\">\u0130hsan Koca Kendini Nas\u0131l Bitirdi?<\/span><\/a><\/div>\n","protected":false},"author":1,"featured_media":0,"comment_status":"open","ping_status":"open","sticky":false,"template":"","format":"standard","meta":{"_jetpack_memberships_contains_paid_content":false,"footnotes":""},"categories":[5],"tags":[],"class_list":["post-580","post","type-post","status-publish","format-standard","hentry","category-kose-yazilari","entry"],"yoast_head":"<!-- This site is optimized with the Yoast SEO plugin v28.2 - https:\/\/yoast.com\/product\/yoast-seo-wordpress\/ -->\n<title>\u0130hsan Koca Kendini Nas\u0131l Bitirdi? - Malatya Report<\/title>\n<meta name=\"robots\" content=\"index, follow, max-snippet:-1, max-image-preview:large, max-video-preview:-1\" \/>\n<link rel=\"canonical\" href=\"https:\/\/malatyareport.com.tr\/index.php\/2025\/12\/13\/ihsan-koca-kendini-nasil-bitirdi\/\" \/>\n<meta property=\"og:locale\" content=\"tr_TR\" \/>\n<meta property=\"og:type\" content=\"article\" \/>\n<meta property=\"og:title\" content=\"\u0130hsan Koca Kendini Nas\u0131l Bitirdi? - Malatya Report\" \/>\n<meta property=\"og:description\" content=\"Siyaset birazda halkla, vatanda\u015fla bir b\u00fct\u00fcn olma, halk\u0131 tan\u0131ma-tan\u0131mlama, onlar\u0131n duygu d\u00fcnyalar\u0131n\u0131 aralamakta ba\u015far\u0131 \u00f6l\u00e7\u00fcs\u00fc yakalan\u0131r. Toplumdan kopmu\u015f b\u00fct\u00fcn siyasiler eninde sonunda unutulmaya, tarihin tozlu&#8230;\" \/>\n<meta property=\"og:url\" content=\"https:\/\/malatyareport.com.tr\/index.php\/2025\/12\/13\/ihsan-koca-kendini-nasil-bitirdi\/\" \/>\n<meta property=\"og:site_name\" content=\"Malatya Report\" \/>\n<meta property=\"article:author\" content=\"https:\/\/www.facebook.com\/timurince\" \/>\n<meta property=\"article:published_time\" content=\"2025-12-13T17:44:28+00:00\" \/>\n<meta property=\"article:modified_time\" content=\"2025-12-14T06:38:42+00:00\" \/>\n<meta property=\"og:image\" content=\"https:\/\/malatyareport.com.tr\/wp-content\/uploads\/2025\/12\/74944DD5-7C17-4660-BF28-2FDCA18606B2.jpeg\" \/>\n<meta name=\"author\" content=\"Timur \u0130nce\" \/>\n<meta name=\"twitter:card\" content=\"summary_large_image\" \/>\n<meta name=\"twitter:creator\" content=\"@timurince11\" \/>\n<meta name=\"twitter:label1\" content=\"Yazan:\" \/>\n\t<meta name=\"twitter:data1\" content=\"Timur \u0130nce\" \/>\n\t<meta name=\"twitter:label2\" content=\"Tahmini okuma s\u00fcresi\" \/>\n\t<meta name=\"twitter:data2\" content=\"7 dakika\" \/>\n<script type=\"application\/ld+json\" class=\"yoast-schema-graph\">{\"@context\":\"https:\\\/\\\/schema.org\",\"@graph\":[{\"@type\":\"Article\",\"@id\":\"https:\\\/\\\/malatyareport.com.tr\\\/index.php\\\/2025\\\/12\\\/13\\\/ihsan-koca-kendini-nasil-bitirdi\\\/#article\",\"isPartOf\":{\"@id\":\"https:\\\/\\\/malatyareport.com.tr\\\/index.php\\\/2025\\\/12\\\/13\\\/ihsan-koca-kendini-nasil-bitirdi\\\/\"},\"author\":{\"name\":\"Timur \u0130nce\",\"@id\":\"https:\\\/\\\/malatyareport.com.tr\\\/#\\\/schema\\\/person\\\/93146d94af76b792b58ac78050cc6da7\"},\"headline\":\"\u0130hsan Koca Kendini Nas\u0131l Bitirdi?\",\"datePublished\":\"2025-12-13T17:44:28+00:00\",\"dateModified\":\"2025-12-14T06:38:42+00:00\",\"mainEntityOfPage\":{\"@id\":\"https:\\\/\\\/malatyareport.com.tr\\\/index.php\\\/2025\\\/12\\\/13\\\/ihsan-koca-kendini-nasil-bitirdi\\\/\"},\"wordCount\":1363,\"commentCount\":0,\"image\":{\"@id\":\"https:\\\/\\\/malatyareport.com.tr\\\/index.php\\\/2025\\\/12\\\/13\\\/ihsan-koca-kendini-nasil-bitirdi\\\/#primaryimage\"},\"thumbnailUrl\":\"https:\\\/\\\/malatyareport.com.tr\\\/wp-content\\\/uploads\\\/2025\\\/12\\\/74944DD5-7C17-4660-BF28-2FDCA18606B2.jpeg\",\"articleSection\":[\"K\u00f6\u015fe Yaz\u0131lar\u0131\"],\"inLanguage\":\"tr\",\"potentialAction\":[{\"@type\":\"CommentAction\",\"name\":\"Comment\",\"target\":[\"https:\\\/\\\/malatyareport.com.tr\\\/index.php\\\/2025\\\/12\\\/13\\\/ihsan-koca-kendini-nasil-bitirdi\\\/#respond\"]}]},{\"@type\":\"WebPage\",\"@id\":\"https:\\\/\\\/malatyareport.com.tr\\\/index.php\\\/2025\\\/12\\\/13\\\/ihsan-koca-kendini-nasil-bitirdi\\\/\",\"url\":\"https:\\\/\\\/malatyareport.com.tr\\\/index.php\\\/2025\\\/12\\\/13\\\/ihsan-koca-kendini-nasil-bitirdi\\\/\",\"name\":\"\u0130hsan Koca Kendini Nas\u0131l Bitirdi? - Malatya Report\",\"isPartOf\":{\"@id\":\"https:\\\/\\\/malatyareport.com.tr\\\/#website\"},\"primaryImageOfPage\":{\"@id\":\"https:\\\/\\\/malatyareport.com.tr\\\/index.php\\\/2025\\\/12\\\/13\\\/ihsan-koca-kendini-nasil-bitirdi\\\/#primaryimage\"},\"image\":{\"@id\":\"https:\\\/\\\/malatyareport.com.tr\\\/index.php\\\/2025\\\/12\\\/13\\\/ihsan-koca-kendini-nasil-bitirdi\\\/#primaryimage\"},\"thumbnailUrl\":\"https:\\\/\\\/malatyareport.com.tr\\\/wp-content\\\/uploads\\\/2025\\\/12\\\/74944DD5-7C17-4660-BF28-2FDCA18606B2.jpeg\",\"datePublished\":\"2025-12-13T17:44:28+00:00\",\"dateModified\":\"2025-12-14T06:38:42+00:00\",\"author\":{\"@id\":\"https:\\\/\\\/malatyareport.com.tr\\\/#\\\/schema\\\/person\\\/93146d94af76b792b58ac78050cc6da7\"},\"breadcrumb\":{\"@id\":\"https:\\\/\\\/malatyareport.com.tr\\\/index.php\\\/2025\\\/12\\\/13\\\/ihsan-koca-kendini-nasil-bitirdi\\\/#breadcrumb\"},\"inLanguage\":\"tr\",\"potentialAction\":[{\"@type\":\"ReadAction\",\"target\":[\"https:\\\/\\\/malatyareport.com.tr\\\/index.php\\\/2025\\\/12\\\/13\\\/ihsan-koca-kendini-nasil-bitirdi\\\/\"]}]},{\"@type\":\"ImageObject\",\"inLanguage\":\"tr\",\"@id\":\"https:\\\/\\\/malatyareport.com.tr\\\/index.php\\\/2025\\\/12\\\/13\\\/ihsan-koca-kendini-nasil-bitirdi\\\/#primaryimage\",\"url\":\"https:\\\/\\\/i0.wp.com\\\/malatyareport.com.tr\\\/wp-content\\\/uploads\\\/2025\\\/12\\\/74944DD5-7C17-4660-BF28-2FDCA18606B2.jpeg?fit=792%2C892&ssl=1\",\"contentUrl\":\"https:\\\/\\\/i0.wp.com\\\/malatyareport.com.tr\\\/wp-content\\\/uploads\\\/2025\\\/12\\\/74944DD5-7C17-4660-BF28-2FDCA18606B2.jpeg?fit=792%2C892&ssl=1\",\"width\":792,\"height\":892},{\"@type\":\"BreadcrumbList\",\"@id\":\"https:\\\/\\\/malatyareport.com.tr\\\/index.php\\\/2025\\\/12\\\/13\\\/ihsan-koca-kendini-nasil-bitirdi\\\/#breadcrumb\",\"itemListElement\":[{\"@type\":\"ListItem\",\"position\":1,\"name\":\"Anasayfa\",\"item\":\"https:\\\/\\\/malatyareport.com.tr\\\/\"},{\"@type\":\"ListItem\",\"position\":2,\"name\":\"\u0130hsan Koca Kendini Nas\u0131l Bitirdi?\"}]},{\"@type\":\"WebSite\",\"@id\":\"https:\\\/\\\/malatyareport.com.tr\\\/#website\",\"url\":\"https:\\\/\\\/malatyareport.com.tr\\\/\",\"name\":\"Malatya Report\",\"description\":\"\",\"potentialAction\":[{\"@type\":\"SearchAction\",\"target\":{\"@type\":\"EntryPoint\",\"urlTemplate\":\"https:\\\/\\\/malatyareport.com.tr\\\/?s={search_term_string}\"},\"query-input\":{\"@type\":\"PropertyValueSpecification\",\"valueRequired\":true,\"valueName\":\"search_term_string\"}}],\"inLanguage\":\"tr\"},{\"@type\":\"Person\",\"@id\":\"https:\\\/\\\/malatyareport.com.tr\\\/#\\\/schema\\\/person\\\/93146d94af76b792b58ac78050cc6da7\",\"name\":\"Timur \u0130nce\",\"image\":{\"@type\":\"ImageObject\",\"inLanguage\":\"tr\",\"@id\":\"https:\\\/\\\/secure.gravatar.com\\\/avatar\\\/e5ce118bd86e5549ff544e7c5b614da198ecaa7f8e9398b55d27ae1f117511d8?s=96&d=mm&r=g\",\"url\":\"https:\\\/\\\/secure.gravatar.com\\\/avatar\\\/e5ce118bd86e5549ff544e7c5b614da198ecaa7f8e9398b55d27ae1f117511d8?s=96&d=mm&r=g\",\"contentUrl\":\"https:\\\/\\\/secure.gravatar.com\\\/avatar\\\/e5ce118bd86e5549ff544e7c5b614da198ecaa7f8e9398b55d27ae1f117511d8?s=96&d=mm&r=g\",\"caption\":\"Timur \u0130nce\"},\"description\":\"Zaman\u0131n ruhunda bir damla m\u00fcrekkep olmay\u0131 isterdim. Bir damla m\u00fcrekkep bir ulusun kaderini yazmaya yeterlidir.\",\"sameAs\":[\"https:\\\/\\\/malatyareport.com.tr\",\"https:\\\/\\\/www.facebook.com\\\/timurince\",\"@timur_ince_t5_\",\"https:\\\/\\\/x.com\\\/@timurince11\"],\"url\":\"https:\\\/\\\/malatyareport.com.tr\\\/index.php\\\/author\\\/admin_6i9yniox\\\/\"}]}<\/script>\n<!-- \/ Yoast SEO plugin. -->","yoast_head_json":{"title":"\u0130hsan Koca Kendini Nas\u0131l Bitirdi? - Malatya Report","robots":{"index":"index","follow":"follow","max-snippet":"max-snippet:-1","max-image-preview":"max-image-preview:large","max-video-preview":"max-video-preview:-1"},"canonical":"https:\/\/malatyareport.com.tr\/index.php\/2025\/12\/13\/ihsan-koca-kendini-nasil-bitirdi\/","og_locale":"tr_TR","og_type":"article","og_title":"\u0130hsan Koca Kendini Nas\u0131l Bitirdi? - Malatya Report","og_description":"Siyaset birazda halkla, vatanda\u015fla bir b\u00fct\u00fcn olma, halk\u0131 tan\u0131ma-tan\u0131mlama, onlar\u0131n duygu d\u00fcnyalar\u0131n\u0131 aralamakta ba\u015far\u0131 \u00f6l\u00e7\u00fcs\u00fc yakalan\u0131r. Toplumdan kopmu\u015f b\u00fct\u00fcn siyasiler eninde sonunda unutulmaya, tarihin tozlu&#8230;","og_url":"https:\/\/malatyareport.com.tr\/index.php\/2025\/12\/13\/ihsan-koca-kendini-nasil-bitirdi\/","og_site_name":"Malatya Report","article_author":"https:\/\/www.facebook.com\/timurince","article_published_time":"2025-12-13T17:44:28+00:00","article_modified_time":"2025-12-14T06:38:42+00:00","og_image":[{"url":"https:\/\/malatyareport.com.tr\/wp-content\/uploads\/2025\/12\/74944DD5-7C17-4660-BF28-2FDCA18606B2.jpeg","type":"","width":"","height":""}],"author":"Timur \u0130nce","twitter_card":"summary_large_image","twitter_creator":"@timurince11","twitter_misc":{"Yazan:":"Timur \u0130nce","Tahmini okuma s\u00fcresi":"7 dakika"},"schema":{"@context":"https:\/\/schema.org","@graph":[{"@type":"Article","@id":"https:\/\/malatyareport.com.tr\/index.php\/2025\/12\/13\/ihsan-koca-kendini-nasil-bitirdi\/#article","isPartOf":{"@id":"https:\/\/malatyareport.com.tr\/index.php\/2025\/12\/13\/ihsan-koca-kendini-nasil-bitirdi\/"},"author":{"name":"Timur \u0130nce","@id":"https:\/\/malatyareport.com.tr\/#\/schema\/person\/93146d94af76b792b58ac78050cc6da7"},"headline":"\u0130hsan Koca Kendini Nas\u0131l Bitirdi?","datePublished":"2025-12-13T17:44:28+00:00","dateModified":"2025-12-14T06:38:42+00:00","mainEntityOfPage":{"@id":"https:\/\/malatyareport.com.tr\/index.php\/2025\/12\/13\/ihsan-koca-kendini-nasil-bitirdi\/"},"wordCount":1363,"commentCount":0,"image":{"@id":"https:\/\/malatyareport.com.tr\/index.php\/2025\/12\/13\/ihsan-koca-kendini-nasil-bitirdi\/#primaryimage"},"thumbnailUrl":"https:\/\/malatyareport.com.tr\/wp-content\/uploads\/2025\/12\/74944DD5-7C17-4660-BF28-2FDCA18606B2.jpeg","articleSection":["K\u00f6\u015fe Yaz\u0131lar\u0131"],"inLanguage":"tr","potentialAction":[{"@type":"CommentAction","name":"Comment","target":["https:\/\/malatyareport.com.tr\/index.php\/2025\/12\/13\/ihsan-koca-kendini-nasil-bitirdi\/#respond"]}]},{"@type":"WebPage","@id":"https:\/\/malatyareport.com.tr\/index.php\/2025\/12\/13\/ihsan-koca-kendini-nasil-bitirdi\/","url":"https:\/\/malatyareport.com.tr\/index.php\/2025\/12\/13\/ihsan-koca-kendini-nasil-bitirdi\/","name":"\u0130hsan Koca Kendini Nas\u0131l Bitirdi? - Malatya Report","isPartOf":{"@id":"https:\/\/malatyareport.com.tr\/#website"},"primaryImageOfPage":{"@id":"https:\/\/malatyareport.com.tr\/index.php\/2025\/12\/13\/ihsan-koca-kendini-nasil-bitirdi\/#primaryimage"},"image":{"@id":"https:\/\/malatyareport.com.tr\/index.php\/2025\/12\/13\/ihsan-koca-kendini-nasil-bitirdi\/#primaryimage"},"thumbnailUrl":"https:\/\/malatyareport.com.tr\/wp-content\/uploads\/2025\/12\/74944DD5-7C17-4660-BF28-2FDCA18606B2.jpeg","datePublished":"2025-12-13T17:44:28+00:00","dateModified":"2025-12-14T06:38:42+00:00","author":{"@id":"https:\/\/malatyareport.com.tr\/#\/schema\/person\/93146d94af76b792b58ac78050cc6da7"},"breadcrumb":{"@id":"https:\/\/malatyareport.com.tr\/index.php\/2025\/12\/13\/ihsan-koca-kendini-nasil-bitirdi\/#breadcrumb"},"inLanguage":"tr","potentialAction":[{"@type":"ReadAction","target":["https:\/\/malatyareport.com.tr\/index.php\/2025\/12\/13\/ihsan-koca-kendini-nasil-bitirdi\/"]}]},{"@type":"ImageObject","inLanguage":"tr","@id":"https:\/\/malatyareport.com.tr\/index.php\/2025\/12\/13\/ihsan-koca-kendini-nasil-bitirdi\/#primaryimage","url":"https:\/\/i0.wp.com\/malatyareport.com.tr\/wp-content\/uploads\/2025\/12\/74944DD5-7C17-4660-BF28-2FDCA18606B2.jpeg?fit=792%2C892&ssl=1","contentUrl":"https:\/\/i0.wp.com\/malatyareport.com.tr\/wp-content\/uploads\/2025\/12\/74944DD5-7C17-4660-BF28-2FDCA18606B2.jpeg?fit=792%2C892&ssl=1","width":792,"height":892},{"@type":"BreadcrumbList","@id":"https:\/\/malatyareport.com.tr\/index.php\/2025\/12\/13\/ihsan-koca-kendini-nasil-bitirdi\/#breadcrumb","itemListElement":[{"@type":"ListItem","position":1,"name":"Anasayfa","item":"https:\/\/malatyareport.com.tr\/"},{"@type":"ListItem","position":2,"name":"\u0130hsan Koca Kendini Nas\u0131l Bitirdi?"}]},{"@type":"WebSite","@id":"https:\/\/malatyareport.com.tr\/#website","url":"https:\/\/malatyareport.com.tr\/","name":"Malatya Report","description":"","potentialAction":[{"@type":"SearchAction","target":{"@type":"EntryPoint","urlTemplate":"https:\/\/malatyareport.com.tr\/?s={search_term_string}"},"query-input":{"@type":"PropertyValueSpecification","valueRequired":true,"valueName":"search_term_string"}}],"inLanguage":"tr"},{"@type":"Person","@id":"https:\/\/malatyareport.com.tr\/#\/schema\/person\/93146d94af76b792b58ac78050cc6da7","name":"Timur \u0130nce","image":{"@type":"ImageObject","inLanguage":"tr","@id":"https:\/\/secure.gravatar.com\/avatar\/e5ce118bd86e5549ff544e7c5b614da198ecaa7f8e9398b55d27ae1f117511d8?s=96&d=mm&r=g","url":"https:\/\/secure.gravatar.com\/avatar\/e5ce118bd86e5549ff544e7c5b614da198ecaa7f8e9398b55d27ae1f117511d8?s=96&d=mm&r=g","contentUrl":"https:\/\/secure.gravatar.com\/avatar\/e5ce118bd86e5549ff544e7c5b614da198ecaa7f8e9398b55d27ae1f117511d8?s=96&d=mm&r=g","caption":"Timur \u0130nce"},"description":"Zaman\u0131n ruhunda bir damla m\u00fcrekkep olmay\u0131 isterdim. Bir damla m\u00fcrekkep bir ulusun kaderini yazmaya yeterlidir.","sameAs":["https:\/\/malatyareport.com.tr","https:\/\/www.facebook.com\/timurince","@timur_ince_t5_","https:\/\/x.com\/@timurince11"],"url":"https:\/\/malatyareport.com.tr\/index.php\/author\/admin_6i9yniox\/"}]}},"jetpack_featured_media_url":"","jetpack_sharing_enabled":true,"_links":{"self":[{"href":"https:\/\/malatyareport.com.tr\/index.php\/wp-json\/wp\/v2\/posts\/580","targetHints":{"allow":["GET"]}}],"collection":[{"href":"https:\/\/malatyareport.com.tr\/index.php\/wp-json\/wp\/v2\/posts"}],"about":[{"href":"https:\/\/malatyareport.com.tr\/index.php\/wp-json\/wp\/v2\/types\/post"}],"author":[{"embeddable":true,"href":"https:\/\/malatyareport.com.tr\/index.php\/wp-json\/wp\/v2\/users\/1"}],"replies":[{"embeddable":true,"href":"https:\/\/malatyareport.com.tr\/index.php\/wp-json\/wp\/v2\/comments?post=580"}],"version-history":[{"count":6,"href":"https:\/\/malatyareport.com.tr\/index.php\/wp-json\/wp\/v2\/posts\/580\/revisions"}],"predecessor-version":[{"id":592,"href":"https:\/\/malatyareport.com.tr\/index.php\/wp-json\/wp\/v2\/posts\/580\/revisions\/592"}],"wp:attachment":[{"href":"https:\/\/malatyareport.com.tr\/index.php\/wp-json\/wp\/v2\/media?parent=580"}],"wp:term":[{"taxonomy":"category","embeddable":true,"href":"https:\/\/malatyareport.com.tr\/index.php\/wp-json\/wp\/v2\/categories?post=580"},{"taxonomy":"post_tag","embeddable":true,"href":"https:\/\/malatyareport.com.tr\/index.php\/wp-json\/wp\/v2\/tags?post=580"}],"curies":[{"name":"wp","href":"https:\/\/api.w.org\/{rel}","templated":true}]}}