{"id":593,"date":"2025-12-17T15:46:57","date_gmt":"2025-12-17T15:46:57","guid":{"rendered":"https:\/\/malatyareport.com.tr\/?p=593"},"modified":"2025-12-17T17:18:53","modified_gmt":"2025-12-17T17:18:53","slug":"malatya-siyasetinin-sehzadesi","status":"publish","type":"post","link":"https:\/\/malatyareport.com.tr\/index.php\/2025\/12\/17\/malatya-siyasetinin-sehzadesi\/","title":{"rendered":"MALATYA S\u0130YASET\u0130N\u0130N \u015eEHZADES\u0130"},"content":{"rendered":"\n<figure class=\"wp-block-image size-full\"><img data-recalc-dims=\"1\" loading=\"lazy\" decoding=\"async\" width=\"805\" height=\"869\" src=\"https:\/\/i0.wp.com\/malatyareport.com.tr\/wp-content\/uploads\/2025\/12\/D1D3B393-4D05-4FBE-A548-9E01DFC9FB54.jpeg?resize=805%2C869&#038;ssl=1\" alt=\"\" class=\"wp-image-594\" srcset=\"https:\/\/i0.wp.com\/malatyareport.com.tr\/wp-content\/uploads\/2025\/12\/D1D3B393-4D05-4FBE-A548-9E01DFC9FB54.jpeg?w=805&amp;ssl=1 805w, https:\/\/i0.wp.com\/malatyareport.com.tr\/wp-content\/uploads\/2025\/12\/D1D3B393-4D05-4FBE-A548-9E01DFC9FB54.jpeg?resize=278%2C300&amp;ssl=1 278w, https:\/\/i0.wp.com\/malatyareport.com.tr\/wp-content\/uploads\/2025\/12\/D1D3B393-4D05-4FBE-A548-9E01DFC9FB54.jpeg?resize=768%2C829&amp;ssl=1 768w\" sizes=\"auto, (max-width: 805px) 100vw, 805px\" \/><\/figure>\n\n\n\n<p class=\"wp-block-paragraph\">Ge\u00e7en g\u00fcn yazd\u0131\u011f\u0131m \u201c<strong><mark style=\"background-color:rgba(0, 0, 0, 0)\" class=\"has-inline-color has-luminous-vivid-amber-color\"><a href=\"https:\/\/malatyareport.com.tr\/index.php\/2025\/12\/13\/ihsan-koca-kendini-nasil-bitirdi\/\">ihsan Koca Kendini nas\u0131l bitirdi?<\/a> <\/mark><\/strong>ba\u015fl\u0131kl\u0131 yaz\u0131y\u0131 unutun siz, sadece &#8211;<em>soyut<\/em>&#8211; bir analiz yaz\u0131s\u0131yd\u0131. Bu yaz\u0131 da daha &#8211;<em>somut<\/em>&#8211; bir koreografi ortaya koyaca\u011f\u0131m. Daha \u00e7ok d\u00f6rt sacayak \u00fczerine sa\u011flamca basan, analizden uzak, kimsenin s\u00f6ylemeye cesaret edemedi\u011fi kitlesel duygular\u0131 dile getirece\u011fim.&nbsp;<\/p>\n\n\n\n<p class=\"wp-block-paragraph\">Bu yaz\u0131m\u0131z\u0131n ba\u015fl\u0131\u011f\u0131 ise \u201c<strong>Malatya Siyasetinin \u015fehzadesi\u2026\u201d<\/strong> Komplikasyonel bir hale b\u00fcr\u00fcnm\u00fc\u015f Malatya gibi bir \u015fehrin siyasetini ayakta tutan o ismin etraf\u0131ndan pozitif duygularla turlayacak, ger\u00e7ek i\u00e7sel d\u00fc\u015f\u00fcncelerimizi metaforlarla besleyip siz de\u011ferli okuyucular\u0131ma nakledece\u011fim.&nbsp;<\/p>\n\n\n\n<p class=\"wp-block-paragraph\">Konu; <strong>Ak Parti<\/strong>\u2019nin mumla aray\u0131p zor buldu\u011fu, son se\u00e7imde tekrar se\u00e7ilmesi i\u00e7in yalvar-yakar, rica minnetle zora ki ikna ederek getirip adaylar listesine yerle\u015ftirdi\u011fi, hatta u\u011fruna bir ka\u00e7 aday\u0131n g\u00f6z\u00fcn ya\u015f\u0131na bakmaks\u0131z\u0131n t\u0131rpanland\u0131\u011f\u0131, hitabeti sa\u011flam, <strong>CMUK<\/strong>\u2019u yutmu\u015f, duru\u015fundan zerre kadar taviz vermeyen, o kadim milletvekilimiz ihsan Koca\u2026.<\/p>\n\n\n\n<p class=\"wp-block-paragraph\">\u0130hsan Koca r\u00fcyalar\u0131n \u015fehrinde iz b\u0131rakanlar listesine alt\u0131n harflerle ad\u0131n\u0131 \u00e7oktan yazd\u0131rd\u0131.&nbsp;<\/p>\n\n\n\n<p class=\"wp-block-paragraph\">Baz\u0131 muhalif kafalar diyor ki \u201c<strong>depremde hi\u00e7 g\u00f6r\u00fclmedi!\u201d<\/strong> Ya Allah a\u015fk\u0131na bir susun hele. G\u00f6r\u00fclmez tabi, kolay m\u0131 zelzelenin psikolojisine ald\u0131rmadan sahaya \u00e7\u0131kmak. Kolay m\u0131 zannediyorsunuz \u00f6yle o y\u0131k\u0131nt\u0131lar-harabeler, art\u00e7\u0131lar aras\u0131nda dola\u015fmak. \u0130hsan ba\u015fkan g\u00fcnlerce kendine gelemedi \u00e7\u00fcnk\u00fc, zinhar bunu biliyoruz.&nbsp;<\/p>\n\n\n\n<p class=\"wp-block-paragraph\">Malatya art\u0131k sembolik siyaset\u00e7ilerle, potansiyel vaat eden ama fiili kar\u015f\u0131l\u0131\u011f\u0131 olmayan isimlerle vakit kaybetmeyece\u011fine taa il ba\u015fkan\u0131yken nokta koydu. Ba\u015far\u0131s\u0131 uluslar aras\u0131 boyutta tescillenince de milletvekilli\u011fi, il ba\u015fkanl\u0131\u011f\u0131, bir daha milletvekillli\u011fi s\u0131raya konuldu. \u00c7\u00fcnk\u00fc \u015fehirde o cevall\u0131kta ikinci bir isim var ise buyrun s\u00f6yleyin. Hadi s\u00f6yleyin, hadi! \u015eehir; \u00f6mr\u00fc billahi cesaret, kararl\u0131l\u0131k ve sahici temsiliyet g\u00f6rd\u00fc. \u0130lk kez koltuk hesab\u0131 yapmaktan kendini ar\u0131nd\u0131rm\u0131\u015f bir siyasiye kavu\u015ftu\u011funu ne yani \u015fimdi inkar m\u0131 edelim?\u00a0T\u00fc t\u00fc t\u00fc Allah muhafaza. <\/p>\n\n\n\n<p class=\"wp-block-paragraph\"><strong>\u0130\u015fte bunu da bu k\u00f6\u015feden ilk kez biz yaz\u0131yoruz.&nbsp;<\/strong><\/p>\n\n\n\n<p class=\"wp-block-paragraph\">E\u011fer o olmazsa mevkida\u015flar\u0131ndan <strong>T\u00fcfenk\u00e7i<\/strong> abi \u015furdan \u015furaya ad\u0131m atamaz. E\u011fer bug\u00fcn \u00e7ar\u015f\u0131da dola\u015f\u0131yor, Audi\u2019ye biniyor, meclis koridorlar\u0131nda rahat\u00e7a ad\u0131ml\u0131yorsa bilakis onun enerjisi sayesindedir. <strong>\u00d6lmeztoprak<\/strong> yats\u0131n kalks\u0131n dua etsin \u015fahs\u0131na m\u00fcnhas\u0131r. Arkas\u0131nda kim var dersiniz! Tabiki onun sa\u011flad\u0131\u011f\u0131 siyasi aidiyet, gelenek sayesinde. Elini bir \u00e7eksin koskoca \u00d6lmeztoprak\u2019lar soyad\u0131 iskambil ka\u011f\u0131tlar\u0131 gibi y\u0131k\u0131l\u0131r. <strong>Babacan\u2019\u0131<\/strong> kim vekil yapt\u0131 zannediyorsunuz. Ankara\u2019ya bir selam, alo, konu \u201c<strong>tak<\/strong>\u201d diye kapanm\u0131\u015ft\u0131r. S\u0131k\u0131ysa yok desin genel merkez. Hele elini Sami Er\u2019in \u00fczerinden bir \u00e7eksin, Murat Kurum dahi kurtaramaz. <strong>\u0130lhan Ge\u00e7it <\/strong>hoca, av. <strong>Bayram Ta\u015fk\u0131n<\/strong> kimin izniyle o koltuklarda oturuyor dersiniz. Ah ah\u2026 Sorsan hepsi kendi ba\u015f\u0131na bir devlet. Ama kumanda kimin elinde oldu\u011funu bir bilseniz.&nbsp;<\/p>\n\n\n\n<p class=\"wp-block-paragraph\">Malatya siyasetinde baz\u0131 isimler vard\u0131r; koltuk i\u015fgal ederler ama iz b\u0131rakmazlar. Dikkatle okuyun \u201c<strong>iz b\u0131rakmazlar<\/strong>\u201d dedik. Baz\u0131lar\u0131 ise iz b\u0131rak\u0131r gibi yapar, fakat geriye sadece g\u00fcr\u00fclt\u00fc kal\u0131r. (<em><strong>Bak\u0131n c\u00fcmleye bak\u0131n, c\u00fcmleye\u2026<\/strong><\/em> ) Bir de kendisini siyasetin do\u011fal miras\u00e7\u0131s\u0131 gibi g\u00f6renler vard\u0131r: (onlara dikkat) Ne se\u00e7ilmi\u015f bir ba\u015far\u0131 hik\u00e2yesi, ne g\u00fc\u00e7l\u00fc bir toplumsal kar\u015f\u0131l\u0131\u011f\u0131 vard\u0131r ama s\u00fcrekli vitrin \u00f6n\u00fcndedirler. \u0130\u015fte \u0130hsan Koca, Malatya siyasetinin mutfa\u011f\u0131ndan, alt yap\u0131s\u0131ndan geldi\u011fi i\u00e7in t\u00fcm bu <strong>3<\/strong> kategorinin d\u0131\u015f\u0131nda sembol bir isim olarak \u00f6ne \u00e7\u0131km\u0131\u015ft\u0131r. Bir markad\u0131r, de\u011ferdir, vizyonun hass\u0131-babas\u0131d\u0131r.&nbsp;<\/p>\n\n\n\n<p class=\"wp-block-paragraph\">\u0130\u015fte Malatya\u2019l\u0131lar sa\u011fda solda kem k\u00fcm ediyorlar. Bo\u015fversenizde, siz kimsiniz? Sizi kim takar. Hem sizin d\u00fc\u015f\u00fcncelerinizin, s\u00f6ylemlerinizin ne \u00f6nemi var? Dua edece\u011finize ucuz muhalefet etmek nas\u0131l bir sansansiyonel vaka. Yahu k\u0131ymetli Vekil Koca\u2019y\u0131 i\u00e7inden \u00e7ek \u00e7\u0131kar bu yat\u0131r\u0131mlar, Toki konutlar\u0131, \u00e7ar\u015f\u0131 yap\u0131m\u0131 \u201c<strong>\u015fak<\/strong>\u201d diye kilitlenir.&nbsp;<\/p>\n\n\n\n<p class=\"wp-block-paragraph\">\u015eimdi zurnan\u0131n \u201c<strong>z\u0131rt<\/strong>\u201d dedi\u011fi yere getirece\u011fim s\u00f6z\u00fc. As\u0131l s\u00f6ylenmesi gerekene&#8230; Neden &#8211;<strong><em>\u015fehzade-<\/em><\/strong>&#8211; dedi\u011fime. Siyasette \u201c<strong>\u015eehzade<\/strong>\u201d Alg\u0131s\u0131na\u2026<\/p>\n\n\n\n<p class=\"wp-block-paragraph\"><strong>\u0130hsan Koca\u2019<\/strong>n\u0131n en dikkat \u00e7ekici y\u00f6n\u00fc, siyaseti bir m\u00fccadele alan\u0131ndan \u00e7ok, adeta kendisine tahsis edilmi\u015f bir taht gibi g\u00f6rmesidir. Nedenini de a\u00e7\u0131klayay\u0131m \u00e7\u00fcnk\u00fc o bir kural. Se\u00e7menle kurulan ba\u011fdan ziyade, kulislerde kurulan denklemlerle var olmaya \u00e7al\u0131\u015fan bir siyaset tarz\u0131\u2026 Halktan gelen bir talep dalgas\u0131 de\u011fil, yukar\u0131dan a\u015fa\u011f\u0131ya kurulan ili\u015fkiler a\u011f\u0131\u2026 ( <strong><em>vay vay d\u00f6n\u00fcn ba\u015ftan c\u00fcmleyi bir daha tekrarlay\u0131n.<\/em><\/strong>) Malatya gibi depremle sars\u0131lm\u0131\u015f, ekonomik olarak y\u0131pranm\u0131\u015f, sosyal olarak \u00e7\u00f6z\u00fclme ya\u015fayan bir \u015fehirde siyaset\u00e7inin asli g\u00f6revi; sahada olmak, sorumluluk almak ve risk almakt\u0131r. Ancak \u0130hsan Koca\u2019n\u0131n siyasal profili, riskten uzak, konfor alan\u0131na hapsolmu\u015f bir \u00e7izgide ilerlemekten \u00e7\u0131km\u0131\u015f di\u011fer siyasileri y\u00f6nlendiren bir mekanizmaya evrilmi\u015ftir.&nbsp;<\/p>\n\n\n\n<p class=\"wp-block-paragraph\">Yahu Malatya buras\u0131, biliriz ki hi\u00e7 bir \u015feyden memnun olmayacaks\u0131n\u0131z. Bilirim ki size bu yat\u0131r\u0131mlar bile \u00e7ok ama <strong>\u0130hsan Koca<\/strong> vekilimizin vicdan\u0131 kabul eder mi? Etmez. Gece g\u00fcnd\u00fcz uyumadan toplumun nabz\u0131n\u0131 tutmas\u0131 gibi. Bak\u0131n bir hususa dikkat \u00e7ekmek isterim: kamuoyunda Koca\u2019n\u0131n ad\u0131 s\u0131k ge\u00e7er; fakat bu s\u0131kl\u0131k, kal\u0131c\u0131 projelerle \u00f6r\u00fcl\u00fcd\u00fcr, beklentilerle ve ihtimallerle de\u011fil. \u201c<strong>Olacak<\/strong>\u201d diyorsa olur. \u201c<strong>Tamam<\/strong>\u201d diyorsa konu kapanm\u0131\u015ft\u0131r. \u201c<strong>Haz\u0131rlan\u0131yor<\/strong>\u2026\u201d demi\u015fse bilinki o haz\u0131rd\u0131r. Y\u0131llard\u0131r damarlar\u0131m\u0131za zerk etti\u011finiz umutsuzluktan b\u0131kt\u0131k. Ancak hikayeyi tamamlayan, b\u00fcy\u00fck resm\u00ee g\u00f6ren kim sorular\u0131 hi\u00e7birinin g\u00fc\u00e7l\u00fc bir cevaba kavu\u015ftu\u011fu g\u00f6r\u00fclmemi\u015ftir, o g\u00fc\u00e7l\u00fc cevab\u0131 tek bir ki\u015fi verebildi.&nbsp;<\/p>\n\n\n\n<p class=\"wp-block-paragraph\"><strong>Cevab\u0131n\u0131n kim oldu\u011funu biliyorsunuz zaten.&nbsp;<\/strong><\/p>\n\n\n\n<p class=\"wp-block-paragraph\">Siyaset, nihayetinde sonu\u00e7 \u00fcretme sanat\u0131d\u0131r. \u00d6yle mi de\u011fil mi? \u0130hsan Koca ise daha \u00e7ok niyet beyanlar\u0131 ve ki\u015fisel pozisyon hesaplar\u0131 \u00fczerinden uzak durmay\u0131 se\u00e7mi\u015f bir \u015fehzade. \u015eehir ad\u0131na y\u00fcksek sesle savunulan net bir vizyon kimden mi \u00e7\u0131kt\u0131? Malatya\u2019n\u0131n temel sorunlar\u0131na dair g\u00fc\u00e7l\u00fc bir siyasal duru\u015f h\u00e2l\u00e2 belirsizdir diye bilir misiniz? Sak\u0131n, sak\u0131n ha! Sizi fi\u015fi nank\u00f6rler. \u0130hsan ba\u015fkan varken \u00e7arp\u0131l\u0131rs\u0131n\u0131z, ba\u015f\u0131n\u0131z\u0131 yast\u0131\u011fa koyun g\u00fczel bir uyku \u00e7ekebilirsiniz. \u00c7\u00fcnk\u00fc emin ellerdesiniz.&nbsp;<\/p>\n\n\n\n<p class=\"wp-block-paragraph\">Ger\u00e7i Ak parti\u2019ye ak\u0131l s\u0131r erdirmek zor bir mesele. Korkar\u0131m hayat\u0131 boyunca kalmas\u0131 gereken o koltuktan kald\u0131r\u0131r, koyuverir  bir kenara. Hay\u0131r, asla kabul etmeyiz. Biz memnunuz raz\u0131y\u0131z, gerekirse s\u0131rt\u0131m\u0131zda ta\u015f\u0131r\u0131z. liyakat desen liyakat, hukuk adalet dersen hepsi ezberde. \u00d6yle bir sevgi ki insanlar kuca\u011f\u0131nda k\u0131rm\u0131z\u0131 hal\u0131 ile dola\u015f\u0131r oldular sokaklarda. \u0130hsan ba\u015fkan\u0131 g\u00f6rd\u00fckleri an ayaklar\u0131na sermek i\u00e7in.&nbsp;<\/p>\n\n\n\n<p class=\"wp-block-paragraph\">Biri yok mu, \u00e7\u0131k\u0131p \u015fu Malatya\u2019l\u0131lara bir \u00e7ift s\u00f6z etsin. \u201c<strong>Neyinize \u015fa\u015fm\u0131\u015fs\u0131n\u0131z siz?<\/strong>\u201d desin. De gidin i\u015finize. Neymi\u015f efendim uzun s\u00fcredir konu\u015fulan bir ger\u00e7ek varm\u0131\u015f. Siyaset, halktan uzakla\u015ft\u0131k\u00e7a zay\u0131flarm\u0131\u015f. \u0130hsan Koca\u2019n\u0131n en b\u00fcy\u00fck handikap\u0131 da tam olarak budur diyenler peydahlanm\u0131\u015f sa\u011fda solda. Hepsi vatan haini, kumpas\u00e7\u0131. Sahada kar\u015f\u0131l\u0131\u011f\u0131 olmayan bir fig\u00fcr diyecek kadar hadsizle\u015fen bile. Ne kadar g\u00fc\u00e7l\u00fc ili\u015fkiler kurarsa kursun, bir noktadan sonra bo\u015flukta siyaset yapmaya ba\u015flar deniliyor. Ba\u015fka emriniz.&nbsp;<\/p>\n\n\n\n<p class=\"wp-block-paragraph\">Deprem sonras\u0131 Malatya\u2019da olu\u015fan b\u00fcy\u00fck travma, asl\u0131nda siyaset\u00e7iler i\u00e7in bir turnusol k\u00e2\u011f\u0131d\u0131yd\u0131. Bunu bile a\u011fz\u0131na alanlar oldu. \u201c<strong>Kim sahaya indi, kim sorumluluk ald\u0131, kim g\u00f6r\u00fcn\u00fcr oldu?<\/strong>\u201d deyip sinsi sinsi ucuz muhalefet\u00e7ilik oynuyor baz\u0131 kimseler. Bu s\u00fcre\u00e7te halk\u0131n haf\u0131zas\u0131nda kalan isimlerle, ekranlarda veya toplant\u0131 salonlar\u0131nda kalan isimler aras\u0131ndaki fark\u0131 g\u00f6rm\u00fcyorlar. Zaten g\u00f6rseniz b\u00f6yle konu etmezler.&nbsp;<\/p>\n\n\n\n<p class=\"wp-block-paragraph\">\u00d6zetle Allah ba\u015f\u0131m\u0131zdan eksik etmesin! \u0130hsan Koca\u2019n\u0131n hik\u00e2yesi, Malatya siyaseti a\u00e7\u0131s\u0131ndan ibretlik de\u011fil efsaneliktir. \u201c<strong>Truva<\/strong>\u201d efsanesi benzerinde.  \u201c<strong>Siyasette miras yoktur, emek vard\u0131r. \u015eehzadelik yoktur, m\u00fccadele vard\u0131r<\/strong>\u201d diyeceksiniz. Hay\u0131r, bunu kabul etmiyorum. Hi\u00e7 biri de yoktur. O Malatya siyaset\u00e7inin yegane \u015fehzadesidir. Kral aday\u0131d\u0131r.&nbsp;<\/p>\n\n\n\n<p class=\"wp-block-paragraph\"><\/p>\n","protected":false},"excerpt":{"rendered":"<p>Ge\u00e7en g\u00fcn yazd\u0131\u011f\u0131m \u201cihsan Koca Kendini nas\u0131l bitirdi? ba\u015fl\u0131kl\u0131 yaz\u0131y\u0131 unutun siz, sadece &#8211;soyut&#8211; bir analiz yaz\u0131s\u0131yd\u0131. Bu yaz\u0131 da daha &#8211;somut&#8211; bir koreografi ortaya&#8230;<\/p>\n<div class=\"more-link-wrapper\"><a class=\"more-link\" href=\"https:\/\/malatyareport.com.tr\/index.php\/2025\/12\/17\/malatya-siyasetinin-sehzadesi\/\">Devam\u0131n\u0131 okuyun<span class=\"screen-reader-text\">MALATYA S\u0130YASET\u0130N\u0130N \u015eEHZADES\u0130<\/span><\/a><\/div>\n","protected":false},"author":1,"featured_media":0,"comment_status":"open","ping_status":"open","sticky":false,"template":"","format":"standard","meta":{"_jetpack_memberships_contains_paid_content":false,"footnotes":""},"categories":[5],"tags":[],"class_list":["post-593","post","type-post","status-publish","format-standard","hentry","category-kose-yazilari","entry"],"yoast_head":"<!-- This site is optimized with the Yoast SEO plugin v28.2 - https:\/\/yoast.com\/product\/yoast-seo-wordpress\/ -->\n<title>MALATYA S\u0130YASET\u0130N\u0130N \u015eEHZADES\u0130 - Malatya Report<\/title>\n<meta name=\"robots\" content=\"index, follow, max-snippet:-1, max-image-preview:large, max-video-preview:-1\" \/>\n<link rel=\"canonical\" href=\"https:\/\/malatyareport.com.tr\/index.php\/2025\/12\/17\/malatya-siyasetinin-sehzadesi\/\" \/>\n<meta property=\"og:locale\" content=\"tr_TR\" \/>\n<meta property=\"og:type\" content=\"article\" \/>\n<meta property=\"og:title\" content=\"MALATYA S\u0130YASET\u0130N\u0130N \u015eEHZADES\u0130 - Malatya Report\" \/>\n<meta property=\"og:description\" content=\"Ge\u00e7en g\u00fcn yazd\u0131\u011f\u0131m \u201cihsan Koca Kendini nas\u0131l bitirdi? ba\u015fl\u0131kl\u0131 yaz\u0131y\u0131 unutun siz, sadece &#8211;soyut&#8211; bir analiz yaz\u0131s\u0131yd\u0131. Bu yaz\u0131 da daha &#8211;somut&#8211; bir koreografi ortaya&#8230;\" \/>\n<meta property=\"og:url\" content=\"https:\/\/malatyareport.com.tr\/index.php\/2025\/12\/17\/malatya-siyasetinin-sehzadesi\/\" \/>\n<meta property=\"og:site_name\" content=\"Malatya Report\" \/>\n<meta property=\"article:author\" content=\"https:\/\/www.facebook.com\/timurince\" \/>\n<meta property=\"article:published_time\" content=\"2025-12-17T15:46:57+00:00\" \/>\n<meta property=\"article:modified_time\" content=\"2025-12-17T17:18:53+00:00\" \/>\n<meta property=\"og:image\" content=\"https:\/\/malatyareport.com.tr\/wp-content\/uploads\/2025\/12\/D1D3B393-4D05-4FBE-A548-9E01DFC9FB54.jpeg\" \/>\n<meta name=\"author\" content=\"Timur \u0130nce\" \/>\n<meta name=\"twitter:card\" content=\"summary_large_image\" \/>\n<meta name=\"twitter:creator\" content=\"@timurince11\" \/>\n<meta name=\"twitter:label1\" content=\"Yazan:\" \/>\n\t<meta name=\"twitter:data1\" content=\"Timur \u0130nce\" \/>\n\t<meta name=\"twitter:label2\" content=\"Tahmini okuma s\u00fcresi\" \/>\n\t<meta name=\"twitter:data2\" content=\"7 dakika\" \/>\n<script type=\"application\/ld+json\" class=\"yoast-schema-graph\">{\"@context\":\"https:\\\/\\\/schema.org\",\"@graph\":[{\"@type\":\"Article\",\"@id\":\"https:\\\/\\\/malatyareport.com.tr\\\/index.php\\\/2025\\\/12\\\/17\\\/malatya-siyasetinin-sehzadesi\\\/#article\",\"isPartOf\":{\"@id\":\"https:\\\/\\\/malatyareport.com.tr\\\/index.php\\\/2025\\\/12\\\/17\\\/malatya-siyasetinin-sehzadesi\\\/\"},\"author\":{\"name\":\"Timur \u0130nce\",\"@id\":\"https:\\\/\\\/malatyareport.com.tr\\\/#\\\/schema\\\/person\\\/93146d94af76b792b58ac78050cc6da7\"},\"headline\":\"MALATYA S\u0130YASET\u0130N\u0130N \u015eEHZADES\u0130\",\"datePublished\":\"2025-12-17T15:46:57+00:00\",\"dateModified\":\"2025-12-17T17:18:53+00:00\",\"mainEntityOfPage\":{\"@id\":\"https:\\\/\\\/malatyareport.com.tr\\\/index.php\\\/2025\\\/12\\\/17\\\/malatya-siyasetinin-sehzadesi\\\/\"},\"wordCount\":1425,\"commentCount\":0,\"image\":{\"@id\":\"https:\\\/\\\/malatyareport.com.tr\\\/index.php\\\/2025\\\/12\\\/17\\\/malatya-siyasetinin-sehzadesi\\\/#primaryimage\"},\"thumbnailUrl\":\"https:\\\/\\\/malatyareport.com.tr\\\/wp-content\\\/uploads\\\/2025\\\/12\\\/D1D3B393-4D05-4FBE-A548-9E01DFC9FB54.jpeg\",\"articleSection\":[\"K\u00f6\u015fe Yaz\u0131lar\u0131\"],\"inLanguage\":\"tr\",\"potentialAction\":[{\"@type\":\"CommentAction\",\"name\":\"Comment\",\"target\":[\"https:\\\/\\\/malatyareport.com.tr\\\/index.php\\\/2025\\\/12\\\/17\\\/malatya-siyasetinin-sehzadesi\\\/#respond\"]}]},{\"@type\":\"WebPage\",\"@id\":\"https:\\\/\\\/malatyareport.com.tr\\\/index.php\\\/2025\\\/12\\\/17\\\/malatya-siyasetinin-sehzadesi\\\/\",\"url\":\"https:\\\/\\\/malatyareport.com.tr\\\/index.php\\\/2025\\\/12\\\/17\\\/malatya-siyasetinin-sehzadesi\\\/\",\"name\":\"MALATYA S\u0130YASET\u0130N\u0130N \u015eEHZADES\u0130 - Malatya Report\",\"isPartOf\":{\"@id\":\"https:\\\/\\\/malatyareport.com.tr\\\/#website\"},\"primaryImageOfPage\":{\"@id\":\"https:\\\/\\\/malatyareport.com.tr\\\/index.php\\\/2025\\\/12\\\/17\\\/malatya-siyasetinin-sehzadesi\\\/#primaryimage\"},\"image\":{\"@id\":\"https:\\\/\\\/malatyareport.com.tr\\\/index.php\\\/2025\\\/12\\\/17\\\/malatya-siyasetinin-sehzadesi\\\/#primaryimage\"},\"thumbnailUrl\":\"https:\\\/\\\/malatyareport.com.tr\\\/wp-content\\\/uploads\\\/2025\\\/12\\\/D1D3B393-4D05-4FBE-A548-9E01DFC9FB54.jpeg\",\"datePublished\":\"2025-12-17T15:46:57+00:00\",\"dateModified\":\"2025-12-17T17:18:53+00:00\",\"author\":{\"@id\":\"https:\\\/\\\/malatyareport.com.tr\\\/#\\\/schema\\\/person\\\/93146d94af76b792b58ac78050cc6da7\"},\"breadcrumb\":{\"@id\":\"https:\\\/\\\/malatyareport.com.tr\\\/index.php\\\/2025\\\/12\\\/17\\\/malatya-siyasetinin-sehzadesi\\\/#breadcrumb\"},\"inLanguage\":\"tr\",\"potentialAction\":[{\"@type\":\"ReadAction\",\"target\":[\"https:\\\/\\\/malatyareport.com.tr\\\/index.php\\\/2025\\\/12\\\/17\\\/malatya-siyasetinin-sehzadesi\\\/\"]}]},{\"@type\":\"ImageObject\",\"inLanguage\":\"tr\",\"@id\":\"https:\\\/\\\/malatyareport.com.tr\\\/index.php\\\/2025\\\/12\\\/17\\\/malatya-siyasetinin-sehzadesi\\\/#primaryimage\",\"url\":\"https:\\\/\\\/i0.wp.com\\\/malatyareport.com.tr\\\/wp-content\\\/uploads\\\/2025\\\/12\\\/D1D3B393-4D05-4FBE-A548-9E01DFC9FB54.jpeg?fit=805%2C869&ssl=1\",\"contentUrl\":\"https:\\\/\\\/i0.wp.com\\\/malatyareport.com.tr\\\/wp-content\\\/uploads\\\/2025\\\/12\\\/D1D3B393-4D05-4FBE-A548-9E01DFC9FB54.jpeg?fit=805%2C869&ssl=1\",\"width\":805,\"height\":869},{\"@type\":\"BreadcrumbList\",\"@id\":\"https:\\\/\\\/malatyareport.com.tr\\\/index.php\\\/2025\\\/12\\\/17\\\/malatya-siyasetinin-sehzadesi\\\/#breadcrumb\",\"itemListElement\":[{\"@type\":\"ListItem\",\"position\":1,\"name\":\"Anasayfa\",\"item\":\"https:\\\/\\\/malatyareport.com.tr\\\/\"},{\"@type\":\"ListItem\",\"position\":2,\"name\":\"MALATYA S\u0130YASET\u0130N\u0130N \u015eEHZADES\u0130\"}]},{\"@type\":\"WebSite\",\"@id\":\"https:\\\/\\\/malatyareport.com.tr\\\/#website\",\"url\":\"https:\\\/\\\/malatyareport.com.tr\\\/\",\"name\":\"Malatya Report\",\"description\":\"\",\"potentialAction\":[{\"@type\":\"SearchAction\",\"target\":{\"@type\":\"EntryPoint\",\"urlTemplate\":\"https:\\\/\\\/malatyareport.com.tr\\\/?s={search_term_string}\"},\"query-input\":{\"@type\":\"PropertyValueSpecification\",\"valueRequired\":true,\"valueName\":\"search_term_string\"}}],\"inLanguage\":\"tr\"},{\"@type\":\"Person\",\"@id\":\"https:\\\/\\\/malatyareport.com.tr\\\/#\\\/schema\\\/person\\\/93146d94af76b792b58ac78050cc6da7\",\"name\":\"Timur \u0130nce\",\"image\":{\"@type\":\"ImageObject\",\"inLanguage\":\"tr\",\"@id\":\"https:\\\/\\\/secure.gravatar.com\\\/avatar\\\/e5ce118bd86e5549ff544e7c5b614da198ecaa7f8e9398b55d27ae1f117511d8?s=96&d=mm&r=g\",\"url\":\"https:\\\/\\\/secure.gravatar.com\\\/avatar\\\/e5ce118bd86e5549ff544e7c5b614da198ecaa7f8e9398b55d27ae1f117511d8?s=96&d=mm&r=g\",\"contentUrl\":\"https:\\\/\\\/secure.gravatar.com\\\/avatar\\\/e5ce118bd86e5549ff544e7c5b614da198ecaa7f8e9398b55d27ae1f117511d8?s=96&d=mm&r=g\",\"caption\":\"Timur \u0130nce\"},\"description\":\"Zaman\u0131n ruhunda bir damla m\u00fcrekkep olmay\u0131 isterdim. Bir damla m\u00fcrekkep bir ulusun kaderini yazmaya yeterlidir.\",\"sameAs\":[\"https:\\\/\\\/malatyareport.com.tr\",\"https:\\\/\\\/www.facebook.com\\\/timurince\",\"@timur_ince_t5_\",\"https:\\\/\\\/x.com\\\/@timurince11\"],\"url\":\"https:\\\/\\\/malatyareport.com.tr\\\/index.php\\\/author\\\/admin_6i9yniox\\\/\"}]}<\/script>\n<!-- \/ Yoast SEO plugin. -->","yoast_head_json":{"title":"MALATYA S\u0130YASET\u0130N\u0130N \u015eEHZADES\u0130 - Malatya Report","robots":{"index":"index","follow":"follow","max-snippet":"max-snippet:-1","max-image-preview":"max-image-preview:large","max-video-preview":"max-video-preview:-1"},"canonical":"https:\/\/malatyareport.com.tr\/index.php\/2025\/12\/17\/malatya-siyasetinin-sehzadesi\/","og_locale":"tr_TR","og_type":"article","og_title":"MALATYA S\u0130YASET\u0130N\u0130N \u015eEHZADES\u0130 - Malatya Report","og_description":"Ge\u00e7en g\u00fcn yazd\u0131\u011f\u0131m \u201cihsan Koca Kendini nas\u0131l bitirdi? ba\u015fl\u0131kl\u0131 yaz\u0131y\u0131 unutun siz, sadece &#8211;soyut&#8211; bir analiz yaz\u0131s\u0131yd\u0131. Bu yaz\u0131 da daha &#8211;somut&#8211; bir koreografi ortaya&#8230;","og_url":"https:\/\/malatyareport.com.tr\/index.php\/2025\/12\/17\/malatya-siyasetinin-sehzadesi\/","og_site_name":"Malatya Report","article_author":"https:\/\/www.facebook.com\/timurince","article_published_time":"2025-12-17T15:46:57+00:00","article_modified_time":"2025-12-17T17:18:53+00:00","og_image":[{"url":"https:\/\/malatyareport.com.tr\/wp-content\/uploads\/2025\/12\/D1D3B393-4D05-4FBE-A548-9E01DFC9FB54.jpeg","type":"","width":"","height":""}],"author":"Timur \u0130nce","twitter_card":"summary_large_image","twitter_creator":"@timurince11","twitter_misc":{"Yazan:":"Timur \u0130nce","Tahmini okuma s\u00fcresi":"7 dakika"},"schema":{"@context":"https:\/\/schema.org","@graph":[{"@type":"Article","@id":"https:\/\/malatyareport.com.tr\/index.php\/2025\/12\/17\/malatya-siyasetinin-sehzadesi\/#article","isPartOf":{"@id":"https:\/\/malatyareport.com.tr\/index.php\/2025\/12\/17\/malatya-siyasetinin-sehzadesi\/"},"author":{"name":"Timur \u0130nce","@id":"https:\/\/malatyareport.com.tr\/#\/schema\/person\/93146d94af76b792b58ac78050cc6da7"},"headline":"MALATYA S\u0130YASET\u0130N\u0130N \u015eEHZADES\u0130","datePublished":"2025-12-17T15:46:57+00:00","dateModified":"2025-12-17T17:18:53+00:00","mainEntityOfPage":{"@id":"https:\/\/malatyareport.com.tr\/index.php\/2025\/12\/17\/malatya-siyasetinin-sehzadesi\/"},"wordCount":1425,"commentCount":0,"image":{"@id":"https:\/\/malatyareport.com.tr\/index.php\/2025\/12\/17\/malatya-siyasetinin-sehzadesi\/#primaryimage"},"thumbnailUrl":"https:\/\/malatyareport.com.tr\/wp-content\/uploads\/2025\/12\/D1D3B393-4D05-4FBE-A548-9E01DFC9FB54.jpeg","articleSection":["K\u00f6\u015fe Yaz\u0131lar\u0131"],"inLanguage":"tr","potentialAction":[{"@type":"CommentAction","name":"Comment","target":["https:\/\/malatyareport.com.tr\/index.php\/2025\/12\/17\/malatya-siyasetinin-sehzadesi\/#respond"]}]},{"@type":"WebPage","@id":"https:\/\/malatyareport.com.tr\/index.php\/2025\/12\/17\/malatya-siyasetinin-sehzadesi\/","url":"https:\/\/malatyareport.com.tr\/index.php\/2025\/12\/17\/malatya-siyasetinin-sehzadesi\/","name":"MALATYA S\u0130YASET\u0130N\u0130N \u015eEHZADES\u0130 - Malatya Report","isPartOf":{"@id":"https:\/\/malatyareport.com.tr\/#website"},"primaryImageOfPage":{"@id":"https:\/\/malatyareport.com.tr\/index.php\/2025\/12\/17\/malatya-siyasetinin-sehzadesi\/#primaryimage"},"image":{"@id":"https:\/\/malatyareport.com.tr\/index.php\/2025\/12\/17\/malatya-siyasetinin-sehzadesi\/#primaryimage"},"thumbnailUrl":"https:\/\/malatyareport.com.tr\/wp-content\/uploads\/2025\/12\/D1D3B393-4D05-4FBE-A548-9E01DFC9FB54.jpeg","datePublished":"2025-12-17T15:46:57+00:00","dateModified":"2025-12-17T17:18:53+00:00","author":{"@id":"https:\/\/malatyareport.com.tr\/#\/schema\/person\/93146d94af76b792b58ac78050cc6da7"},"breadcrumb":{"@id":"https:\/\/malatyareport.com.tr\/index.php\/2025\/12\/17\/malatya-siyasetinin-sehzadesi\/#breadcrumb"},"inLanguage":"tr","potentialAction":[{"@type":"ReadAction","target":["https:\/\/malatyareport.com.tr\/index.php\/2025\/12\/17\/malatya-siyasetinin-sehzadesi\/"]}]},{"@type":"ImageObject","inLanguage":"tr","@id":"https:\/\/malatyareport.com.tr\/index.php\/2025\/12\/17\/malatya-siyasetinin-sehzadesi\/#primaryimage","url":"https:\/\/i0.wp.com\/malatyareport.com.tr\/wp-content\/uploads\/2025\/12\/D1D3B393-4D05-4FBE-A548-9E01DFC9FB54.jpeg?fit=805%2C869&ssl=1","contentUrl":"https:\/\/i0.wp.com\/malatyareport.com.tr\/wp-content\/uploads\/2025\/12\/D1D3B393-4D05-4FBE-A548-9E01DFC9FB54.jpeg?fit=805%2C869&ssl=1","width":805,"height":869},{"@type":"BreadcrumbList","@id":"https:\/\/malatyareport.com.tr\/index.php\/2025\/12\/17\/malatya-siyasetinin-sehzadesi\/#breadcrumb","itemListElement":[{"@type":"ListItem","position":1,"name":"Anasayfa","item":"https:\/\/malatyareport.com.tr\/"},{"@type":"ListItem","position":2,"name":"MALATYA S\u0130YASET\u0130N\u0130N \u015eEHZADES\u0130"}]},{"@type":"WebSite","@id":"https:\/\/malatyareport.com.tr\/#website","url":"https:\/\/malatyareport.com.tr\/","name":"Malatya Report","description":"","potentialAction":[{"@type":"SearchAction","target":{"@type":"EntryPoint","urlTemplate":"https:\/\/malatyareport.com.tr\/?s={search_term_string}"},"query-input":{"@type":"PropertyValueSpecification","valueRequired":true,"valueName":"search_term_string"}}],"inLanguage":"tr"},{"@type":"Person","@id":"https:\/\/malatyareport.com.tr\/#\/schema\/person\/93146d94af76b792b58ac78050cc6da7","name":"Timur \u0130nce","image":{"@type":"ImageObject","inLanguage":"tr","@id":"https:\/\/secure.gravatar.com\/avatar\/e5ce118bd86e5549ff544e7c5b614da198ecaa7f8e9398b55d27ae1f117511d8?s=96&d=mm&r=g","url":"https:\/\/secure.gravatar.com\/avatar\/e5ce118bd86e5549ff544e7c5b614da198ecaa7f8e9398b55d27ae1f117511d8?s=96&d=mm&r=g","contentUrl":"https:\/\/secure.gravatar.com\/avatar\/e5ce118bd86e5549ff544e7c5b614da198ecaa7f8e9398b55d27ae1f117511d8?s=96&d=mm&r=g","caption":"Timur \u0130nce"},"description":"Zaman\u0131n ruhunda bir damla m\u00fcrekkep olmay\u0131 isterdim. Bir damla m\u00fcrekkep bir ulusun kaderini yazmaya yeterlidir.","sameAs":["https:\/\/malatyareport.com.tr","https:\/\/www.facebook.com\/timurince","@timur_ince_t5_","https:\/\/x.com\/@timurince11"],"url":"https:\/\/malatyareport.com.tr\/index.php\/author\/admin_6i9yniox\/"}]}},"jetpack_featured_media_url":"","jetpack_sharing_enabled":true,"_links":{"self":[{"href":"https:\/\/malatyareport.com.tr\/index.php\/wp-json\/wp\/v2\/posts\/593","targetHints":{"allow":["GET"]}}],"collection":[{"href":"https:\/\/malatyareport.com.tr\/index.php\/wp-json\/wp\/v2\/posts"}],"about":[{"href":"https:\/\/malatyareport.com.tr\/index.php\/wp-json\/wp\/v2\/types\/post"}],"author":[{"embeddable":true,"href":"https:\/\/malatyareport.com.tr\/index.php\/wp-json\/wp\/v2\/users\/1"}],"replies":[{"embeddable":true,"href":"https:\/\/malatyareport.com.tr\/index.php\/wp-json\/wp\/v2\/comments?post=593"}],"version-history":[{"count":8,"href":"https:\/\/malatyareport.com.tr\/index.php\/wp-json\/wp\/v2\/posts\/593\/revisions"}],"predecessor-version":[{"id":605,"href":"https:\/\/malatyareport.com.tr\/index.php\/wp-json\/wp\/v2\/posts\/593\/revisions\/605"}],"wp:attachment":[{"href":"https:\/\/malatyareport.com.tr\/index.php\/wp-json\/wp\/v2\/media?parent=593"}],"wp:term":[{"taxonomy":"category","embeddable":true,"href":"https:\/\/malatyareport.com.tr\/index.php\/wp-json\/wp\/v2\/categories?post=593"},{"taxonomy":"post_tag","embeddable":true,"href":"https:\/\/malatyareport.com.tr\/index.php\/wp-json\/wp\/v2\/tags?post=593"}],"curies":[{"name":"wp","href":"https:\/\/api.w.org\/{rel}","templated":true}]}}