{"id":606,"date":"2025-12-21T15:37:01","date_gmt":"2025-12-21T15:37:01","guid":{"rendered":"https:\/\/malatyareport.com.tr\/?p=606"},"modified":"2025-12-24T20:49:04","modified_gmt":"2025-12-24T20:49:04","slug":"ali-bakana-konvasiyonel-saldiri-nedenleri","status":"publish","type":"post","link":"https:\/\/malatyareport.com.tr\/index.php\/2025\/12\/21\/ali-bakana-konvasiyonel-saldiri-nedenleri\/","title":{"rendered":"AL\u0130 BAKAN\u2019a KONVAS\u0130YONEL SALDIRI NEDENLER\u0130"},"content":{"rendered":"\n<figure class=\"wp-block-image size-full\"><img data-recalc-dims=\"1\" loading=\"lazy\" decoding=\"async\" width=\"807\" height=\"875\" src=\"https:\/\/i0.wp.com\/malatyareport.com.tr\/wp-content\/uploads\/2025\/12\/DF606046-017E-4684-BF71-241FABC4B0E7.jpeg?resize=807%2C875&#038;ssl=1\" alt=\"\" class=\"wp-image-607\" srcset=\"https:\/\/i0.wp.com\/malatyareport.com.tr\/wp-content\/uploads\/2025\/12\/DF606046-017E-4684-BF71-241FABC4B0E7.jpeg?w=807&amp;ssl=1 807w, https:\/\/i0.wp.com\/malatyareport.com.tr\/wp-content\/uploads\/2025\/12\/DF606046-017E-4684-BF71-241FABC4B0E7.jpeg?resize=277%2C300&amp;ssl=1 277w, https:\/\/i0.wp.com\/malatyareport.com.tr\/wp-content\/uploads\/2025\/12\/DF606046-017E-4684-BF71-241FABC4B0E7.jpeg?resize=768%2C833&amp;ssl=1 768w\" sizes=\"auto, (max-width: 807px) 100vw, 807px\" \/><\/figure>\n\n\n\n<p class=\"wp-block-paragraph\"><strong>Ali Bakan<\/strong>, <strong>AK Parti<\/strong> Malatya il ba\u015fkan\u0131. Yani Malatya\u2019da ki siyasi Vali. <strong>Recep Tayyip Erdo\u011fan<\/strong>\u2019\u0131n il\u2019deki en yetkili temsilcisi. Mevcut \u015fartlarda siyasette tamamen en yetkili bir isim. Hatalar\u0131n\u0131 g\u00fcnahlar\u0131n\u0131, toplumun kendisinden beklentilerini kar\u015f\u0131layamama, ekibini aktife edememe vb g\u00f6revlerini hepsini bir yana b\u0131rakal\u0131m. Ciddi bir sald\u0131r\u0131 alt\u0131nda. Hatta bu sald\u0131r\u0131n\u0131n boyutu konvansiyonel boyutta ula\u015ft\u0131.&nbsp;<\/p>\n\n\n\n<p class=\"wp-block-paragraph\">Bazen hakk\u0131nda yap\u0131lan payla\u015f\u0131mlara bak\u0131yoruz, al\u0131nan sert tav\u0131rlara, tamamen ekarte etmeye y\u00f6nelik giri\u015fimler &#8211;<strong>haks\u0131zl\u0131k<\/strong>&#8211; boyutuna vard\u0131\u011f\u0131, \u00f6zellikle kendi camias\u0131ndan hele de <strong>Ak Parti<\/strong> i\u00e7inden ald\u0131\u011f\u0131 sert ve ac\u0131mas\u0131z salvolar sonras\u0131 i\u015flevsiz bir hale getirilmesi s\u00fcreci h\u0131z kazanm\u0131\u015fken; Bakan\u2019\u0131n ise \u201c<strong>kol k\u0131r\u0131l\u0131r yen i\u00e7inde kal\u0131r\u201d<\/strong> politikasal duru\u015fu \u015fu \u015fartlarda \u00e7ok fazla i\u015fe yarad\u0131\u011f\u0131n\u0131 s\u00f6yleyemeyiz.\u00a0<\/p>\n\n\n\n<p class=\"wp-block-paragraph\">\u00d6zelikle bir ekip taraf\u0131ndan ablukaya al\u0131nan Bakan; k\u0131skac\u0131 a\u015fmak i\u00e7in hi\u00e7 bir \u015fey yapm\u0131yor mu, yapam\u0131yor mu bizzat kendisine sormak gerekir. Kar\u015f\u0131s\u0131nda \u00f6yle bir klik var ki yerel siyasete manip\u00fcle olu\u015fturmakta duayen bir safhaya ula\u015ft\u0131. Ondan sa\u011fdan-soldan-\u00f6nden-arkadan her y\u00f6nden ani sert darbelerle vuruyorlar. Bakal\u0131m nereye kadar direnecek? Bakan\u2019\u0131 imha etmek i\u00e7in organize edilen, (<strong><em>ki nerden organize edildi\u011fini de iyi biliyoruz)<\/em><\/strong>, bir an \u00f6nce y\u0131pratarak tasfiye etme \u00e7al\u0131\u015fmalar\u0131na fark\u0131ndaysan\u0131z son g\u00fcnlerde gaz pedal\u0131na k\u00f6k\u00fcne kadar bas\u0131ld\u0131\u011f\u0131n\u0131 g\u00f6rmekteyiz. &nbsp;<\/p>\n\n\n\n<p class=\"wp-block-paragraph\">Siyasette sald\u0131r\u0131lar, \u00e7o\u011fu zaman ki\u015fisel husumetlerden ziyade yap\u0131sal ve konvansiyonel nedenlere dayan\u0131r. <strong>Ali Bakan<\/strong>\u2019a y\u00f6nelik artan ele\u015ftirilerin \u00e7o\u011fu siyasi&nbsp;&nbsp;ele\u015ftiri mahiyetini a\u015f\u0131yor ve yap\u0131lan operasyonel sald\u0131r\u0131lar da bu ba\u011flamda de\u011ferlendirilmelidir. G\u00f6r\u00fcn\u00fcrde bireysel \u00e7\u0131k\u0131\u015flar gibi alg\u0131lansa da, arka planda siyasal rekabet, g\u00fc\u00e7 dengeleri ve \u00e7\u0131plak \u00e7\u0131kar \u00e7at\u0131\u015fmalar\u0131 bulunmaktad\u0131r.<\/p>\n\n\n\n<p class=\"wp-block-paragraph\">Zaman zaman bizde say\u0131n Bakan\u2019\u0131 ele\u015ftirisel yaz\u0131lar yazd\u0131k. Yine yazaca\u011f\u0131z. Tamamen g\u00f6rev bilincinin fark\u0131ndal\u0131\u011f\u0131na davet buyuran, d\u00fckkan\u0131n \u00f6n\u00fcne bir m\u0131nt\u0131ka temizli\u011fi yapmas\u0131n\u0131, ekibine baz\u0131 sorumluklar\u0131 y\u00fcklemesine y\u00f6nelik yaz\u0131lard\u0131 bizim yazd\u0131klar\u0131m\u0131z. Okuyucular\u0131m iyi bilir t\u00fcm yaz\u0131lar\u0131m bu minvalde bir duru\u015fu sergiler. Yani d\u00fc\u015fmanca, ki\u015fisel bir h\u0131rsla, zalimce duygularla olaylara yakla\u015fmak haddimize de\u011fil bizim. Malatya\u2019da \u00f6yle bir bilin\u00e7 olu\u015fageldi ki; hele de bizim bas\u0131n camiam\u0131zda. ya taraf olacaks\u0131n ya d\u00fc\u015fman. Ortas\u0131 yok. Her ikisi de \u00e7ok yanl\u0131\u015f. Ele\u015ftiri k\u00fclt\u00fcr\u00fcnden faydalanabiliriz oysa. Adaletli, vicdanl\u0131 bir yakla\u015f\u0131m olursa baz\u0131 ta\u015flar daha sistemsel yerine oturur.&nbsp;<\/p>\n\n\n\n<p class=\"wp-block-paragraph\"><strong>Malatya siyasetinde son y\u0131llarda meydana gelen ciddi bir sorunu daha burada dile getirmek taraftar\u0131y\u0131m. Yanl\u0131\u015f bir g\u00fc\u00e7 da\u011f\u0131l\u0131m\u0131 ya\u015fand\u0131. Bu durum da alan daralmas\u0131 getirdi.&nbsp;<\/strong><\/p>\n\n\n\n<p class=\"wp-block-paragraph\">Kim olursa olsun fark etmeksizin; bir akt\u00f6r\u00fcn g\u00fc\u00e7 kazanmas\u0131, ka\u00e7\u0131n\u0131lmaz olarak ba\u015fka akt\u00f6rlerin alan kaybetmesi anlam\u0131na gelebilir. Burada Ali Bakan herhangi bir profil y\u00fckseltmedi ama ters orant\u0131da nedense d\u00fc\u015fmanlar\u0131 \u00e7o\u011fald\u0131. Say\u0131n Bakan\u2019\u0131n biraz da \u015fapkas\u0131n\u0131 \u00f6n\u00fcne koyup d\u00fc\u015f\u00fcnmesi gerekmez mi?&nbsp;&nbsp;Profili ya da etkisini art\u0131rmayan hamleleri, mevcut stat\u00fckodan beslenen \u00e7evrelerde rahats\u0131zl\u0131k neden olu\u015fturdu\u011funun nedenlerini bulmal\u0131 ve \u00fczerine gitmelidir. Bu t\u00fcr sald\u0131r\u0131lar, \u00e7o\u011fu zaman kaybedilen alan\u0131 geri kazanma refleksinin bir \u00fcr\u00fcn\u00fcne d\u00f6n\u00fc\u015febilir.&nbsp;<\/p>\n\n\n\n<p class=\"wp-block-paragraph\">Bak\u0131n Malatya metropol bir k\u00f6y. Asl\u0131nda k\u00fc\u00e7\u00fck bir yer. Herkes bir yerden sonra birbirini tan\u0131r. Ali Bakan\u2019\u0131n temsil etti\u011fi siyasi \u00e7izgi de ortada. Ki\u015fili\u011fine diyecek yok. Kime sorsan namuslu, \u015ferefli bir \u015fahsiyet s\u00f6zlerini duyar\u0131z. S\u00f6ylemleri veya duru\u015fu toplumsal taban ile baz\u0131 gruplar\u0131n al\u0131\u015f\u0131k oldu\u011fu dengeleri bozmu\u015f olabilir. \u00d6zellikle karar mekanizmalar\u0131nda daha g\u00f6r\u00fcn\u00fcr hale gelen isimler, hem kendi cephelerinden hem de kar\u015f\u0131 cephelerden hedef haline gelir. Bu durum, \u015fah\u0131stan \u00e7ok temsil edilen pozisyonun hedef al\u0131nmas\u0131 anlam\u0131na getirir. \u00d6zetle Bakan \u015fu an Malatya siyasiler i\u00e7inde birinci s\u0131radaki hedeflerden. Milletvekilleri, belediye ba\u015fkan\u0131 ve bir \u00e7ok meclis \u00fcyesinin neden kar\u015f\u0131t bir tablo sergilediklerinin manas\u0131na ula\u015fmas\u0131 laz\u0131m. Yoksa kaybeden Malatya ve \u015fehrin siyaseti olur. Halihaz\u0131rda r\u00fczgar tersine de\u011fil aleyhine esiyor. Kas\u0131rgaya d\u00f6n\u00fc\u015ft\u00fc nerdeyse. Kar\u015f\u0131t sald\u0131r\u0131lar\u0131 organize edenler \u00e7ok profesyonel. Her \u015feyi d\u00fc\u015f\u00fcn\u00fcyor, hesapl\u0131yorlar. \u015eayet say\u0131n Bakan ak\u0131\u015f\u0131na b\u0131raksa, \u201c<strong>ben buyum, beni bilen biliyor zaten, kim ne derse desin\u201d<\/strong> minvalinde yoluna devam etse her an sert bir f\u0131rt\u0131na ile alabora olabilir.&nbsp;<\/p>\n\n\n\n<p class=\"wp-block-paragraph\"><strong>Kendisi bilir\u2026.<\/strong><\/p>\n\n\n\n<p class=\"wp-block-paragraph\">Di\u011fer bir \u015fey ise yine ayn\u0131 \u00e7evreler taraf\u0131ndan \u00f6ne s\u00fcr\u00fclen de\u011fi\u015fim korkusu. Ayn\u0131 kulis bilgisini bende sosyal sayfamda payla\u015fm\u0131\u015ft\u0131m. Hatta ilk payla\u015fand\u0131m. Siyaset \u00f6yle ac\u0131mas\u0131z bir bir \u015fey ki; de\u011fi\u015fim vaadi ta\u015f\u0131yan her fig\u00fcr, do\u011fal olarak bir diren\u00e7 g\u00f6stermek zorunda kal\u0131r. Al\u0131\u015f\u0131lm\u0131\u015f y\u00f6ntemlerin, ili\u015fkilerin ve \u00e7\u0131kar a\u011flar\u0131n\u0131n sorgulanmas\u0131; de\u011fi\u015fimden zarar g\u00f6rece\u011fini d\u00fc\u015f\u00fcnen kesimlerde savunma refleksi yarat\u0131r. <strong>Ali Bakan\u2019<\/strong>a y\u00f6nelik sald\u0131r\u0131lar, bu de\u011fi\u015fim korkusunun d\u0131\u015favurumu de\u011fil tasfiye s\u00fcrecini h\u0131zland\u0131rmaktan \u00e7ok psikolojik olarak \u201c<strong>ba\u015far\u0131s\u0131zl\u0131\u011f\u0131<\/strong>\u201d kabul ettirmektir. Say\u0131n Bakan\u2019\u0131n kar\u015f\u0131 stratejilerine hen\u00fcz rastlamad\u0131k. Madem il ba\u015fkan\u0131s\u0131n, maden o koltu\u011fa oturdun ve de <strong>Recep<\/strong> <strong>Tayyip Erdo\u011fan<\/strong>\u2019\u0131n birinci elden temsilcisin bu konvansiyonel sald\u0131r\u0131lara kar\u015f\u0131l\u0131k vermiyorsan aidiyet ta\u015f\u0131d\u0131\u011f\u0131n liderin marj\u0131na zarar vermi\u015f say\u0131lmaz m\u0131s\u0131n? Onun \u015fehirde ki varl\u0131\u011f\u0131n\u0131 koruyam\u0131yor anlam\u0131 \u00e7\u0131kar\u0131lmaz m\u0131?&nbsp;<\/p>\n\n\n\n<p class=\"wp-block-paragraph\">Hul\u00e2sa Ali Bakan\u2019\u0131 seversiniz sevmezsiniz o ayr\u0131 mesele. \u015eahsen ben bir alg\u0131 y\u00f6netimine kurban edilirse \u00fcz\u00fcl\u00fcr\u00fcm. \u00c7\u00fcnk\u00fc \u015fehirde at ko\u015fturan klikin zaferi say\u0131lacak bu. Kamuoyunun etkisi bu derinlemesine analiz edilmi\u015f operasyonu anlamaya vakf\u0131 yetmez ama bu klik her zaman bu \u00f6yk\u00fcnmeyi herkes a\u015f\u00e7\u0131s\u0131ndan kullanmaktan geri kalmayacakt\u0131r\u2026<\/p>\n\n\n\n<p class=\"wp-block-paragraph\">\u015eunu diyorum; her zaman o klik kazanmas\u0131n. \u0130\u015fte Ali Bakan bu nedenle bulundu\u011fu makam\u0131n kudret\u00fcne yaslanarak gerekirse aslan pen\u00e7elerini g\u00f6sterme vakti g\u00f6stermelidir. Aksi \u201c<strong>ya herro ya merro!\u201d<\/strong><\/p>\n\n\n\n<p class=\"wp-block-paragraph\">\u00c7\u00fcnk\u00fc konvansiyonel-siyasal m\u00fccadelede sald\u0131r\u0131lar yaln\u0131zca do\u011frudan hedefi y\u0131pratmay\u0131 ama\u00e7lamaz; ayn\u0131 zamanda kamuoyunda alg\u0131 olu\u015fturmay\u0131 hedefler. S\u00fcrekli ele\u015ftiri ve ithamlarla an\u0131lan bir fig\u00fcr\u00fcn me\u015fruiyetinin zedelenmesi ama\u00e7lan\u0131r. Ali Bakan\u2019a y\u00f6neltilen sald\u0131r\u0131lar\u0131n \u00f6nemli bir k\u0131sm\u0131 da bu alg\u0131 sava\u015f\u0131n\u0131n par\u00e7as\u0131n\u0131 olu\u015fturuyor. Bu y\u00fczden sald\u0131r\u0131lar\u0131n kayna\u011f\u0131 her zaman kar\u015f\u0131t cepheler de\u011fildir. Ayn\u0131 siyasi yap\u0131 i\u00e7indeki rekabet, y\u00fckselen bir isme kar\u015f\u0131 daha sert refleksler do\u011furmas\u0131 daha riskli ve tehlikelidir. Ali Bakan\u2019\u0131n konumu, baz\u0131 i\u00e7 dengeleri zorlam\u0131\u015f ve bu durum \u00f6rt\u00fcl\u00fc ya da a\u00e7\u0131k sald\u0131r\u0131lara zemin haz\u0131rlam\u0131\u015f oldu\u011funu art\u0131k net olarak okuyoruz. Bu yaz\u0131y\u0131 da bu sebeplen kaleme ald\u0131m. <\/p>\n\n\n\n<p class=\"wp-block-paragraph\">Yaz\u0131m\u0131 sonland\u0131rmaya do\u011fru giderken; Ali Bakan beni tan\u0131maz. Bende tan\u0131mam. Tan\u0131mam i\u00e7inde hi\u00e7 bir \u00e7abam olmayacakt\u0131r. Yaln\u0131z do\u011frular\u0131 yazmak zorunday\u0131m. \u00c7\u00fcnk\u00fc babam merhum Hamit bey bana do\u011fru durmam\u0131 \u00f6\u011f\u00fct etti. \u00d6zetle Ali Bakan\u2019a y\u00f6nelik sald\u0131r\u0131lar\u0131 yaln\u0131zca ki\u015fisel ele\u015ftiriler ya da anl\u0131k tepkiler olarak de\u011ferlendirmek eksik bir okuma olur. Daha \u00e7ok bir ekip taraf\u0131ndan organize edilen bu \u00e7al\u0131\u015fman\u0131n \u00f6n\u00fcne ge\u00e7mek gerekiyor. Bu sald\u0131r\u0131lar\u0131n b\u00fcy\u00fck b\u00f6l\u00fcm\u00fc, siyasetin konvansiyonel do\u011fas\u0131ndan kaynaklanan g\u00fc\u00e7 m\u00fccadelesinin, de\u011fi\u015fim hareketini tetiklemek ve temsil sava\u015flar\u0131n\u0131n do\u011fal sonucu olarak orta\u011fa \u00e7\u0131kt\u0131\u011f\u0131 do\u011fru. As\u0131l mesele, bu sald\u0131r\u0131lar\u0131n kime ne kazand\u0131rd\u0131\u011f\u0131 ve hangi yap\u0131sal sorunlar\u0131 g\u00f6r\u00fcn\u00fcr k\u0131ld\u0131\u011f\u0131d\u0131r. Siyasette kal\u0131c\u0131 olan, sald\u0131r\u0131lar\u0131n g\u00fcr\u00fclt\u00fcs\u00fc de\u011fil; bu g\u00fcr\u00fclt\u00fcn\u00fcn ard\u0131ndaki ger\u00e7ek dengeleri do\u011fru okuyabilenlerdir. Belki de Bakan yerine d\u00fc\u015f\u00fcn\u00fclen Nuh\u2019u oturtmay\u0131 planlayanlar\u0131n feci bir kuyruk ac\u0131s\u0131n\u0131n d\u0131\u015fa vurumu.&nbsp;Ben bu sonucu \u00e7\u0131kar\u0131r\u0131m sizde buyrun ba\u015fka sonu\u00e7lar \u00e7\u0131kar\u0131n.<\/p>\n\n\n\n<p class=\"wp-block-paragraph\"><\/p>\n","protected":false},"excerpt":{"rendered":"<p>Ali Bakan, AK Parti Malatya il ba\u015fkan\u0131. Yani Malatya\u2019da ki siyasi Vali. Recep Tayyip Erdo\u011fan\u2019\u0131n il\u2019deki en yetkili temsilcisi. Mevcut \u015fartlarda siyasette tamamen en yetkili&#8230;<\/p>\n<div class=\"more-link-wrapper\"><a class=\"more-link\" href=\"https:\/\/malatyareport.com.tr\/index.php\/2025\/12\/21\/ali-bakana-konvasiyonel-saldiri-nedenleri\/\">Devam\u0131n\u0131 okuyun<span class=\"screen-reader-text\">AL\u0130 BAKAN\u2019a KONVAS\u0130YONEL SALDIRI NEDENLER\u0130<\/span><\/a><\/div>\n","protected":false},"author":1,"featured_media":0,"comment_status":"open","ping_status":"open","sticky":false,"template":"","format":"standard","meta":{"_jetpack_memberships_contains_paid_content":false,"footnotes":""},"categories":[5],"tags":[],"class_list":["post-606","post","type-post","status-publish","format-standard","hentry","category-kose-yazilari","entry"],"yoast_head":"<!-- This site is optimized with the Yoast SEO plugin v28.2 - https:\/\/yoast.com\/product\/yoast-seo-wordpress\/ -->\n<title>AL\u0130 BAKAN\u2019a KONVAS\u0130YONEL SALDIRI NEDENLER\u0130 - Malatya Report<\/title>\n<meta name=\"robots\" content=\"index, follow, max-snippet:-1, max-image-preview:large, max-video-preview:-1\" \/>\n<link rel=\"canonical\" href=\"https:\/\/malatyareport.com.tr\/index.php\/2025\/12\/21\/ali-bakana-konvasiyonel-saldiri-nedenleri\/\" \/>\n<meta property=\"og:locale\" content=\"tr_TR\" \/>\n<meta property=\"og:type\" content=\"article\" \/>\n<meta property=\"og:title\" content=\"AL\u0130 BAKAN\u2019a KONVAS\u0130YONEL SALDIRI NEDENLER\u0130 - Malatya Report\" \/>\n<meta property=\"og:description\" content=\"Ali Bakan, AK Parti Malatya il ba\u015fkan\u0131. Yani Malatya\u2019da ki siyasi Vali. Recep Tayyip Erdo\u011fan\u2019\u0131n il\u2019deki en yetkili temsilcisi. Mevcut \u015fartlarda siyasette tamamen en yetkili&#8230;\" \/>\n<meta property=\"og:url\" content=\"https:\/\/malatyareport.com.tr\/index.php\/2025\/12\/21\/ali-bakana-konvasiyonel-saldiri-nedenleri\/\" \/>\n<meta property=\"og:site_name\" content=\"Malatya Report\" \/>\n<meta property=\"article:author\" content=\"https:\/\/www.facebook.com\/timurince\" \/>\n<meta property=\"article:published_time\" content=\"2025-12-21T15:37:01+00:00\" \/>\n<meta property=\"article:modified_time\" content=\"2025-12-24T20:49:04+00:00\" \/>\n<meta property=\"og:image\" content=\"https:\/\/malatyareport.com.tr\/wp-content\/uploads\/2025\/12\/DF606046-017E-4684-BF71-241FABC4B0E7.jpeg\" \/>\n<meta name=\"author\" content=\"Timur \u0130nce\" \/>\n<meta name=\"twitter:card\" content=\"summary_large_image\" \/>\n<meta name=\"twitter:creator\" content=\"@timurince11\" \/>\n<meta name=\"twitter:label1\" content=\"Yazan:\" \/>\n\t<meta name=\"twitter:data1\" content=\"Timur \u0130nce\" \/>\n\t<meta name=\"twitter:label2\" content=\"Tahmini okuma s\u00fcresi\" \/>\n\t<meta name=\"twitter:data2\" content=\"7 dakika\" \/>\n<script type=\"application\/ld+json\" class=\"yoast-schema-graph\">{\"@context\":\"https:\\\/\\\/schema.org\",\"@graph\":[{\"@type\":\"Article\",\"@id\":\"https:\\\/\\\/malatyareport.com.tr\\\/index.php\\\/2025\\\/12\\\/21\\\/ali-bakana-konvasiyonel-saldiri-nedenleri\\\/#article\",\"isPartOf\":{\"@id\":\"https:\\\/\\\/malatyareport.com.tr\\\/index.php\\\/2025\\\/12\\\/21\\\/ali-bakana-konvasiyonel-saldiri-nedenleri\\\/\"},\"author\":{\"name\":\"Timur \u0130nce\",\"@id\":\"https:\\\/\\\/malatyareport.com.tr\\\/#\\\/schema\\\/person\\\/93146d94af76b792b58ac78050cc6da7\"},\"headline\":\"AL\u0130 BAKAN\u2019a KONVAS\u0130YONEL SALDIRI NEDENLER\u0130\",\"datePublished\":\"2025-12-21T15:37:01+00:00\",\"dateModified\":\"2025-12-24T20:49:04+00:00\",\"mainEntityOfPage\":{\"@id\":\"https:\\\/\\\/malatyareport.com.tr\\\/index.php\\\/2025\\\/12\\\/21\\\/ali-bakana-konvasiyonel-saldiri-nedenleri\\\/\"},\"wordCount\":1447,\"commentCount\":0,\"image\":{\"@id\":\"https:\\\/\\\/malatyareport.com.tr\\\/index.php\\\/2025\\\/12\\\/21\\\/ali-bakana-konvasiyonel-saldiri-nedenleri\\\/#primaryimage\"},\"thumbnailUrl\":\"https:\\\/\\\/malatyareport.com.tr\\\/wp-content\\\/uploads\\\/2025\\\/12\\\/DF606046-017E-4684-BF71-241FABC4B0E7.jpeg\",\"articleSection\":[\"K\u00f6\u015fe Yaz\u0131lar\u0131\"],\"inLanguage\":\"tr\",\"potentialAction\":[{\"@type\":\"CommentAction\",\"name\":\"Comment\",\"target\":[\"https:\\\/\\\/malatyareport.com.tr\\\/index.php\\\/2025\\\/12\\\/21\\\/ali-bakana-konvasiyonel-saldiri-nedenleri\\\/#respond\"]}]},{\"@type\":\"WebPage\",\"@id\":\"https:\\\/\\\/malatyareport.com.tr\\\/index.php\\\/2025\\\/12\\\/21\\\/ali-bakana-konvasiyonel-saldiri-nedenleri\\\/\",\"url\":\"https:\\\/\\\/malatyareport.com.tr\\\/index.php\\\/2025\\\/12\\\/21\\\/ali-bakana-konvasiyonel-saldiri-nedenleri\\\/\",\"name\":\"AL\u0130 BAKAN\u2019a KONVAS\u0130YONEL SALDIRI NEDENLER\u0130 - Malatya Report\",\"isPartOf\":{\"@id\":\"https:\\\/\\\/malatyareport.com.tr\\\/#website\"},\"primaryImageOfPage\":{\"@id\":\"https:\\\/\\\/malatyareport.com.tr\\\/index.php\\\/2025\\\/12\\\/21\\\/ali-bakana-konvasiyonel-saldiri-nedenleri\\\/#primaryimage\"},\"image\":{\"@id\":\"https:\\\/\\\/malatyareport.com.tr\\\/index.php\\\/2025\\\/12\\\/21\\\/ali-bakana-konvasiyonel-saldiri-nedenleri\\\/#primaryimage\"},\"thumbnailUrl\":\"https:\\\/\\\/malatyareport.com.tr\\\/wp-content\\\/uploads\\\/2025\\\/12\\\/DF606046-017E-4684-BF71-241FABC4B0E7.jpeg\",\"datePublished\":\"2025-12-21T15:37:01+00:00\",\"dateModified\":\"2025-12-24T20:49:04+00:00\",\"author\":{\"@id\":\"https:\\\/\\\/malatyareport.com.tr\\\/#\\\/schema\\\/person\\\/93146d94af76b792b58ac78050cc6da7\"},\"breadcrumb\":{\"@id\":\"https:\\\/\\\/malatyareport.com.tr\\\/index.php\\\/2025\\\/12\\\/21\\\/ali-bakana-konvasiyonel-saldiri-nedenleri\\\/#breadcrumb\"},\"inLanguage\":\"tr\",\"potentialAction\":[{\"@type\":\"ReadAction\",\"target\":[\"https:\\\/\\\/malatyareport.com.tr\\\/index.php\\\/2025\\\/12\\\/21\\\/ali-bakana-konvasiyonel-saldiri-nedenleri\\\/\"]}]},{\"@type\":\"ImageObject\",\"inLanguage\":\"tr\",\"@id\":\"https:\\\/\\\/malatyareport.com.tr\\\/index.php\\\/2025\\\/12\\\/21\\\/ali-bakana-konvasiyonel-saldiri-nedenleri\\\/#primaryimage\",\"url\":\"https:\\\/\\\/i0.wp.com\\\/malatyareport.com.tr\\\/wp-content\\\/uploads\\\/2025\\\/12\\\/DF606046-017E-4684-BF71-241FABC4B0E7.jpeg?fit=807%2C875&ssl=1\",\"contentUrl\":\"https:\\\/\\\/i0.wp.com\\\/malatyareport.com.tr\\\/wp-content\\\/uploads\\\/2025\\\/12\\\/DF606046-017E-4684-BF71-241FABC4B0E7.jpeg?fit=807%2C875&ssl=1\",\"width\":807,\"height\":875},{\"@type\":\"BreadcrumbList\",\"@id\":\"https:\\\/\\\/malatyareport.com.tr\\\/index.php\\\/2025\\\/12\\\/21\\\/ali-bakana-konvasiyonel-saldiri-nedenleri\\\/#breadcrumb\",\"itemListElement\":[{\"@type\":\"ListItem\",\"position\":1,\"name\":\"Anasayfa\",\"item\":\"https:\\\/\\\/malatyareport.com.tr\\\/\"},{\"@type\":\"ListItem\",\"position\":2,\"name\":\"AL\u0130 BAKAN\u2019a KONVAS\u0130YONEL SALDIRI NEDENLER\u0130\"}]},{\"@type\":\"WebSite\",\"@id\":\"https:\\\/\\\/malatyareport.com.tr\\\/#website\",\"url\":\"https:\\\/\\\/malatyareport.com.tr\\\/\",\"name\":\"Malatya Report\",\"description\":\"\",\"potentialAction\":[{\"@type\":\"SearchAction\",\"target\":{\"@type\":\"EntryPoint\",\"urlTemplate\":\"https:\\\/\\\/malatyareport.com.tr\\\/?s={search_term_string}\"},\"query-input\":{\"@type\":\"PropertyValueSpecification\",\"valueRequired\":true,\"valueName\":\"search_term_string\"}}],\"inLanguage\":\"tr\"},{\"@type\":\"Person\",\"@id\":\"https:\\\/\\\/malatyareport.com.tr\\\/#\\\/schema\\\/person\\\/93146d94af76b792b58ac78050cc6da7\",\"name\":\"Timur \u0130nce\",\"image\":{\"@type\":\"ImageObject\",\"inLanguage\":\"tr\",\"@id\":\"https:\\\/\\\/secure.gravatar.com\\\/avatar\\\/e5ce118bd86e5549ff544e7c5b614da198ecaa7f8e9398b55d27ae1f117511d8?s=96&d=mm&r=g\",\"url\":\"https:\\\/\\\/secure.gravatar.com\\\/avatar\\\/e5ce118bd86e5549ff544e7c5b614da198ecaa7f8e9398b55d27ae1f117511d8?s=96&d=mm&r=g\",\"contentUrl\":\"https:\\\/\\\/secure.gravatar.com\\\/avatar\\\/e5ce118bd86e5549ff544e7c5b614da198ecaa7f8e9398b55d27ae1f117511d8?s=96&d=mm&r=g\",\"caption\":\"Timur \u0130nce\"},\"description\":\"Zaman\u0131n ruhunda bir damla m\u00fcrekkep olmay\u0131 isterdim. Bir damla m\u00fcrekkep bir ulusun kaderini yazmaya yeterlidir.\",\"sameAs\":[\"https:\\\/\\\/malatyareport.com.tr\",\"https:\\\/\\\/www.facebook.com\\\/timurince\",\"@timur_ince_t5_\",\"https:\\\/\\\/x.com\\\/@timurince11\"],\"url\":\"https:\\\/\\\/malatyareport.com.tr\\\/index.php\\\/author\\\/admin_6i9yniox\\\/\"}]}<\/script>\n<!-- \/ Yoast SEO plugin. -->","yoast_head_json":{"title":"AL\u0130 BAKAN\u2019a KONVAS\u0130YONEL SALDIRI NEDENLER\u0130 - Malatya Report","robots":{"index":"index","follow":"follow","max-snippet":"max-snippet:-1","max-image-preview":"max-image-preview:large","max-video-preview":"max-video-preview:-1"},"canonical":"https:\/\/malatyareport.com.tr\/index.php\/2025\/12\/21\/ali-bakana-konvasiyonel-saldiri-nedenleri\/","og_locale":"tr_TR","og_type":"article","og_title":"AL\u0130 BAKAN\u2019a KONVAS\u0130YONEL SALDIRI NEDENLER\u0130 - Malatya Report","og_description":"Ali Bakan, AK Parti Malatya il ba\u015fkan\u0131. Yani Malatya\u2019da ki siyasi Vali. Recep Tayyip Erdo\u011fan\u2019\u0131n il\u2019deki en yetkili temsilcisi. Mevcut \u015fartlarda siyasette tamamen en yetkili&#8230;","og_url":"https:\/\/malatyareport.com.tr\/index.php\/2025\/12\/21\/ali-bakana-konvasiyonel-saldiri-nedenleri\/","og_site_name":"Malatya Report","article_author":"https:\/\/www.facebook.com\/timurince","article_published_time":"2025-12-21T15:37:01+00:00","article_modified_time":"2025-12-24T20:49:04+00:00","og_image":[{"url":"https:\/\/malatyareport.com.tr\/wp-content\/uploads\/2025\/12\/DF606046-017E-4684-BF71-241FABC4B0E7.jpeg","type":"","width":"","height":""}],"author":"Timur \u0130nce","twitter_card":"summary_large_image","twitter_creator":"@timurince11","twitter_misc":{"Yazan:":"Timur \u0130nce","Tahmini okuma s\u00fcresi":"7 dakika"},"schema":{"@context":"https:\/\/schema.org","@graph":[{"@type":"Article","@id":"https:\/\/malatyareport.com.tr\/index.php\/2025\/12\/21\/ali-bakana-konvasiyonel-saldiri-nedenleri\/#article","isPartOf":{"@id":"https:\/\/malatyareport.com.tr\/index.php\/2025\/12\/21\/ali-bakana-konvasiyonel-saldiri-nedenleri\/"},"author":{"name":"Timur \u0130nce","@id":"https:\/\/malatyareport.com.tr\/#\/schema\/person\/93146d94af76b792b58ac78050cc6da7"},"headline":"AL\u0130 BAKAN\u2019a KONVAS\u0130YONEL SALDIRI NEDENLER\u0130","datePublished":"2025-12-21T15:37:01+00:00","dateModified":"2025-12-24T20:49:04+00:00","mainEntityOfPage":{"@id":"https:\/\/malatyareport.com.tr\/index.php\/2025\/12\/21\/ali-bakana-konvasiyonel-saldiri-nedenleri\/"},"wordCount":1447,"commentCount":0,"image":{"@id":"https:\/\/malatyareport.com.tr\/index.php\/2025\/12\/21\/ali-bakana-konvasiyonel-saldiri-nedenleri\/#primaryimage"},"thumbnailUrl":"https:\/\/malatyareport.com.tr\/wp-content\/uploads\/2025\/12\/DF606046-017E-4684-BF71-241FABC4B0E7.jpeg","articleSection":["K\u00f6\u015fe Yaz\u0131lar\u0131"],"inLanguage":"tr","potentialAction":[{"@type":"CommentAction","name":"Comment","target":["https:\/\/malatyareport.com.tr\/index.php\/2025\/12\/21\/ali-bakana-konvasiyonel-saldiri-nedenleri\/#respond"]}]},{"@type":"WebPage","@id":"https:\/\/malatyareport.com.tr\/index.php\/2025\/12\/21\/ali-bakana-konvasiyonel-saldiri-nedenleri\/","url":"https:\/\/malatyareport.com.tr\/index.php\/2025\/12\/21\/ali-bakana-konvasiyonel-saldiri-nedenleri\/","name":"AL\u0130 BAKAN\u2019a KONVAS\u0130YONEL SALDIRI NEDENLER\u0130 - Malatya Report","isPartOf":{"@id":"https:\/\/malatyareport.com.tr\/#website"},"primaryImageOfPage":{"@id":"https:\/\/malatyareport.com.tr\/index.php\/2025\/12\/21\/ali-bakana-konvasiyonel-saldiri-nedenleri\/#primaryimage"},"image":{"@id":"https:\/\/malatyareport.com.tr\/index.php\/2025\/12\/21\/ali-bakana-konvasiyonel-saldiri-nedenleri\/#primaryimage"},"thumbnailUrl":"https:\/\/malatyareport.com.tr\/wp-content\/uploads\/2025\/12\/DF606046-017E-4684-BF71-241FABC4B0E7.jpeg","datePublished":"2025-12-21T15:37:01+00:00","dateModified":"2025-12-24T20:49:04+00:00","author":{"@id":"https:\/\/malatyareport.com.tr\/#\/schema\/person\/93146d94af76b792b58ac78050cc6da7"},"breadcrumb":{"@id":"https:\/\/malatyareport.com.tr\/index.php\/2025\/12\/21\/ali-bakana-konvasiyonel-saldiri-nedenleri\/#breadcrumb"},"inLanguage":"tr","potentialAction":[{"@type":"ReadAction","target":["https:\/\/malatyareport.com.tr\/index.php\/2025\/12\/21\/ali-bakana-konvasiyonel-saldiri-nedenleri\/"]}]},{"@type":"ImageObject","inLanguage":"tr","@id":"https:\/\/malatyareport.com.tr\/index.php\/2025\/12\/21\/ali-bakana-konvasiyonel-saldiri-nedenleri\/#primaryimage","url":"https:\/\/i0.wp.com\/malatyareport.com.tr\/wp-content\/uploads\/2025\/12\/DF606046-017E-4684-BF71-241FABC4B0E7.jpeg?fit=807%2C875&ssl=1","contentUrl":"https:\/\/i0.wp.com\/malatyareport.com.tr\/wp-content\/uploads\/2025\/12\/DF606046-017E-4684-BF71-241FABC4B0E7.jpeg?fit=807%2C875&ssl=1","width":807,"height":875},{"@type":"BreadcrumbList","@id":"https:\/\/malatyareport.com.tr\/index.php\/2025\/12\/21\/ali-bakana-konvasiyonel-saldiri-nedenleri\/#breadcrumb","itemListElement":[{"@type":"ListItem","position":1,"name":"Anasayfa","item":"https:\/\/malatyareport.com.tr\/"},{"@type":"ListItem","position":2,"name":"AL\u0130 BAKAN\u2019a KONVAS\u0130YONEL SALDIRI NEDENLER\u0130"}]},{"@type":"WebSite","@id":"https:\/\/malatyareport.com.tr\/#website","url":"https:\/\/malatyareport.com.tr\/","name":"Malatya Report","description":"","potentialAction":[{"@type":"SearchAction","target":{"@type":"EntryPoint","urlTemplate":"https:\/\/malatyareport.com.tr\/?s={search_term_string}"},"query-input":{"@type":"PropertyValueSpecification","valueRequired":true,"valueName":"search_term_string"}}],"inLanguage":"tr"},{"@type":"Person","@id":"https:\/\/malatyareport.com.tr\/#\/schema\/person\/93146d94af76b792b58ac78050cc6da7","name":"Timur \u0130nce","image":{"@type":"ImageObject","inLanguage":"tr","@id":"https:\/\/secure.gravatar.com\/avatar\/e5ce118bd86e5549ff544e7c5b614da198ecaa7f8e9398b55d27ae1f117511d8?s=96&d=mm&r=g","url":"https:\/\/secure.gravatar.com\/avatar\/e5ce118bd86e5549ff544e7c5b614da198ecaa7f8e9398b55d27ae1f117511d8?s=96&d=mm&r=g","contentUrl":"https:\/\/secure.gravatar.com\/avatar\/e5ce118bd86e5549ff544e7c5b614da198ecaa7f8e9398b55d27ae1f117511d8?s=96&d=mm&r=g","caption":"Timur \u0130nce"},"description":"Zaman\u0131n ruhunda bir damla m\u00fcrekkep olmay\u0131 isterdim. Bir damla m\u00fcrekkep bir ulusun kaderini yazmaya yeterlidir.","sameAs":["https:\/\/malatyareport.com.tr","https:\/\/www.facebook.com\/timurince","@timur_ince_t5_","https:\/\/x.com\/@timurince11"],"url":"https:\/\/malatyareport.com.tr\/index.php\/author\/admin_6i9yniox\/"}]}},"jetpack_featured_media_url":"","jetpack_sharing_enabled":true,"_links":{"self":[{"href":"https:\/\/malatyareport.com.tr\/index.php\/wp-json\/wp\/v2\/posts\/606","targetHints":{"allow":["GET"]}}],"collection":[{"href":"https:\/\/malatyareport.com.tr\/index.php\/wp-json\/wp\/v2\/posts"}],"about":[{"href":"https:\/\/malatyareport.com.tr\/index.php\/wp-json\/wp\/v2\/types\/post"}],"author":[{"embeddable":true,"href":"https:\/\/malatyareport.com.tr\/index.php\/wp-json\/wp\/v2\/users\/1"}],"replies":[{"embeddable":true,"href":"https:\/\/malatyareport.com.tr\/index.php\/wp-json\/wp\/v2\/comments?post=606"}],"version-history":[{"count":5,"href":"https:\/\/malatyareport.com.tr\/index.php\/wp-json\/wp\/v2\/posts\/606\/revisions"}],"predecessor-version":[{"id":616,"href":"https:\/\/malatyareport.com.tr\/index.php\/wp-json\/wp\/v2\/posts\/606\/revisions\/616"}],"wp:attachment":[{"href":"https:\/\/malatyareport.com.tr\/index.php\/wp-json\/wp\/v2\/media?parent=606"}],"wp:term":[{"taxonomy":"category","embeddable":true,"href":"https:\/\/malatyareport.com.tr\/index.php\/wp-json\/wp\/v2\/categories?post=606"},{"taxonomy":"post_tag","embeddable":true,"href":"https:\/\/malatyareport.com.tr\/index.php\/wp-json\/wp\/v2\/tags?post=606"}],"curies":[{"name":"wp","href":"https:\/\/api.w.org\/{rel}","templated":true}]}}