{"id":617,"date":"2025-12-24T20:53:37","date_gmt":"2025-12-24T20:53:37","guid":{"rendered":"https:\/\/malatyareport.com.tr\/?p=617"},"modified":"2025-12-25T08:19:00","modified_gmt":"2025-12-25T08:19:00","slug":"recep-tayyip-erdogan-hata-yapti","status":"publish","type":"post","link":"https:\/\/malatyareport.com.tr\/index.php\/2025\/12\/24\/recep-tayyip-erdogan-hata-yapti\/","title":{"rendered":"Recep Tayyip Erdo\u011fan H\u00e2t\u00e2 Yapt\u0131!"},"content":{"rendered":"\n<figure class=\"wp-block-image size-full\"><img data-recalc-dims=\"1\" loading=\"lazy\" decoding=\"async\" width=\"790\" height=\"892\" src=\"https:\/\/i0.wp.com\/malatyareport.com.tr\/wp-content\/uploads\/2025\/12\/11ADD611-1BD8-4765-9778-1D55CB2A74D8.jpeg?resize=790%2C892&#038;ssl=1\" alt=\"\" class=\"wp-image-618\" srcset=\"https:\/\/i0.wp.com\/malatyareport.com.tr\/wp-content\/uploads\/2025\/12\/11ADD611-1BD8-4765-9778-1D55CB2A74D8.jpeg?w=790&amp;ssl=1 790w, https:\/\/i0.wp.com\/malatyareport.com.tr\/wp-content\/uploads\/2025\/12\/11ADD611-1BD8-4765-9778-1D55CB2A74D8.jpeg?resize=266%2C300&amp;ssl=1 266w, https:\/\/i0.wp.com\/malatyareport.com.tr\/wp-content\/uploads\/2025\/12\/11ADD611-1BD8-4765-9778-1D55CB2A74D8.jpeg?resize=768%2C867&amp;ssl=1 768w\" sizes=\"auto, (max-width: 790px) 100vw, 790px\" \/><\/figure>\n\n\n\n<p class=\"wp-block-paragraph\">Cumhurba\u015fkan\u0131 <strong>Recep Tayyip Erdo\u011fan<\/strong> h\u00e2t\u00e2 yapar m\u0131, yapt\u0131. Bence en b\u00fcy\u00fck h\u00e2tas\u0131 <strong>Sami Er<\/strong>\u2019i Malatya\u2019ya transfer etmekle oldu. Hikaye&nbsp;&nbsp;ba\u015flamadan heba oldu. Hele o bas\u0131n birimi tam bir rezalet. Payla\u015f\u0131lan videolar, k\u0131s\u0131r bir kafa ile yaz\u0131lm\u0131\u015f metinleri bir Malatya B\u00fcy\u00fck\u015fehir belediyesine yak\u0131\u015f\u0131yor mu d\u00f6n\u00fcn bir bak\u0131n derim.&nbsp;<\/p>\n\n\n\n<p class=\"wp-block-paragraph\">Peki; <strong>Sami Er<\/strong> neden ba\u015far\u0131s\u0131z oldu sorusunu tam burada paragraf\u0131n ba\u015f\u0131na yap\u0131\u015ft\u0131ral\u0131m:<\/p>\n\n\n\n<p class=\"wp-block-paragraph\">Sizde taktir edersiniz ki siyasette g\u00f6r\u00fcn\u00fcr olmak yetmez, \u00e7ok video atarak fenomenli\u011fe oynamak asla bir yer tutmaz. \u201c<strong>G\u00fcven<\/strong>\u201d denilen \u015feyi in\u015fa etmek laz\u0131m en ba\u015f\u0131nda. E\u011fer ki g\u00fcven yoksa film orda kopmu\u015ftur. Bu tez t\u00fcm siyasiler i\u00e7in halen en kritik bir teminatt\u0131r. Bug\u00fcn&nbsp;&nbsp;insanlar hala bu \u015fehirde <strong>Mehmet Ya\u015far \u00c7er\u00e7i <\/strong>ad\u0131n\u0131 sayg\u0131yla a\u011fz\u0131ndan d\u00fc\u015f\u00fcrm\u00fcyorsa i\u015fte o g\u00fcven in\u015fa edildi\u011fi i\u00e7in olmas\u0131n.&nbsp;<\/p>\n\n\n\n<p class=\"wp-block-paragraph\">Siyasette \u201c<strong>ba\u015far\u0131<\/strong>\u201d denilen kavram ; yaln\u0131zca bir koltu\u011fa oturmakla, bir unvan ta\u015f\u0131makla ya da merkezden gelen destekle sa\u011flanmaz. \u201c<strong>Ben eski Toki\u2019ciyim\u201d <\/strong>demekle hi\u00e7 olmaz. Ba\u015far\u0131, halk\u0131n zihninde ve kalbinde kar\u015f\u0131l\u0131k bulmakla \u00f6l\u00e7\u00fcl\u00fcr. Sami Er \u00f6rne\u011fi ise tam da bu noktada, siyasi me\u015fruiyet ile fiil\u00ee performans aras\u0131ndaki fark\u0131 a\u00e7\u0131k\u00e7a ortaya koyan bir vakad\u0131r.<\/p>\n\n\n\n<p class=\"wp-block-paragraph\">Di\u011fer yandan konu\u015fma aksan\u0131, v\u00fccut dili, kelime da\u011farc\u0131\u011f\u0131 hepsi Sami Er\u2019in vahim bir paradoksu durumunda. Nerdeyse <strong>2<\/strong> y\u0131l dolmak \u00fczere, <strong>2<\/strong> ay bir diksiyon e\u011fitimi al\u0131nsayd\u0131 toplum kar\u015f\u0131s\u0131na \u00e7\u0131kt\u0131\u011f\u0131nda daha derli-d\u00fczenli, samimi bir \u00fcslupla kendini ifade edebilirdi kanaatindeyim.&nbsp;<\/p>\n\n\n\n<p class=\"wp-block-paragraph\"><strong>Peki sahaya inemeyen siyaset\u00e7i profili\u2019ni \u015fu \u015fartlarda nereye koymam\u0131z gerekecek?&nbsp;<\/strong><\/p>\n\n\n\n<p class=\"wp-block-paragraph\">Biliyorum \u015fimdi diyeceksiniz sahaya iniyor. Sahaya \u00f6yle inilmez. Halk\u0131 tahlil etmedikten sonra istedi\u011fin kadar sokakta boy g\u00f6ster.&nbsp;<\/p>\n\n\n\n<p class=\"wp-block-paragraph\">Sami Er\u2019in en b\u00fcy\u00fck handikap\u0131, sahadan kopuk bir siyaset dili kullanmas\u0131d\u0131r. Yerel sorunlar\u0131 yerinde dinlemek, kriz anlar\u0131nda halk\u0131n yan\u0131nda g\u00f6r\u00fcnmek ve g\u00fcndelik hayat\u0131n i\u00e7ine temas etmek yerine; masa ba\u015f\u0131, b\u00fcrokratik ve so\u011fuk bir profil \u00e7izmektedir. Bu durum, se\u00e7men nezdinde \u201c<strong>ula\u015f\u0131lamaz<\/strong>\u201d ve \u201c<strong>uzak<\/strong>\u201d bir siyaset\u00e7i alg\u0131s\u0131na yol a\u00e7t\u0131\u011f\u0131n\u0131 da belirtelim. \u00d6rnek ge\u00e7en P\u00fct\u00fcrge ziyaretinde. Klasik siyaset\u00e7i turu ile g\u00f6rev tamamland\u0131. P\u00fct\u00fcrge sadece \u00e7ar\u015f\u0131 ve \u00fc\u00e7 be\u015f esnaftan ibaret de\u011fil ki! Mesela bir k\u00f6ye, (ki 86 adet k\u00f6y\u00fcm\u00fcz var!) Bir k\u00f6yl\u00fcn\u00fcn de eline s\u0131kmak ak\u0131llar\u0131na gelmedi. \u00c7\u00fcnk\u00fc Sami ba\u015fkan kendini kal\u0131c\u0131 \u015fekilde bu \u015fehrin atmosferine konumland\u0131rmad\u0131.&nbsp;<\/p>\n\n\n\n<p class=\"wp-block-paragraph\">Halk, sorun ya\u015fad\u0131\u011f\u0131nda yan\u0131nda g\u00f6rmek ister; a\u00e7\u0131klama yapan de\u011fil, \u00e7\u00f6z\u00fcm \u00fcreten akt\u00f6r arar de\u011fil mi? Bende bir s\u00fcr\u00fc yaz\u0131 yaz\u0131yorum. O vakit insanlar\u0131n bana daha \u00e7ok sayg\u0131 duymas\u0131 laz\u0131m. Demek ki yapt\u0131klar\u0131n yapacaklar\u0131n\u0131 tamamlayabilmeli.&nbsp;<\/p>\n\n\n\n<p class=\"wp-block-paragraph\"><strong>Di\u011fer bir \u015fey; evet nerdeyse iki y\u0131l s\u00fcre dolmak \u00fczere Sami Er bu \u015fehre geldi\u011fi g\u00fcnden beri net bir siyasi kimlik olu\u015fturamad\u0131. <\/strong>\u00dcz\u00fclerek s\u00f6yl\u00fcyorum ki Sami Er\u2019in siyasal duru\u015fu, uzun s\u00fcre boyunca netle\u015fmemi\u015ftir. Ne g\u00fc\u00e7l\u00fc bir reformcu, ne sert bir muhalif, ne de kapsay\u0131c\u0131 bir birle\u015ftirici profil ortaya koyabilmi\u015ftir. Standart bir Ak Partili vizyonu da ortaya koyamad\u0131. Bu belirsizlik, destek\u00e7ileri i\u00e7in bile savunulmas\u0131 zor bir tablo yaratt\u0131\u011f\u0131 apa\u00e7\u0131k ortada. O y\u00fczden kafa kar\u0131\u015f\u0131kl\u0131klar\u0131 artt\u0131. Buras\u0131 Malatya, k\u00fc\u00e7\u00fck yer ve insanlar\u0131 \u00e7ok zeki. Her \u015feyi net g\u00f6r\u00fcr, analiz ederler. Bunlar\u0131n kar\u015f\u0131s\u0131na \u00e7\u0131kaca\u011f\u0131n\u0131 nas\u0131l hesap edemez. Asl\u0131nda siyaset ac\u0131mas\u0131z bir sekt\u00f6r. Sizler de kabul edersiniz ki siyasette gri alanlar de\u011fil, net pozisyonlar kazan\u0131r. Grilik kaybettirir.&nbsp;&nbsp;Sami Er\u2019de gri alandan \u00e7\u0131kmak nedir bilmedi bir t\u00fcrl\u00fc.&nbsp;<\/p>\n\n\n\n<p class=\"wp-block-paragraph\">\u0130lk paragrafta bir nevi \u201c<strong>not<\/strong>\u201d diye d\u00fc\u015ft\u00fc\u011f\u00fcm -bas\u0131n birimi- meziyetsizli\u011fini ise bu b\u00f6l\u00fcmde a\u00e7aca\u011f\u0131m. Ciddi bir ileti\u015fim zaaf\u0131 var. Bas\u0131n birimi de i\u015fini iyi yapamay\u0131nca \u00e7ar\u015f\u0131 iyice kar\u0131\u015f\u0131yor. \u00c7\u00fcnk\u00fc kamuoyunu okuyam\u0131yorlar.&nbsp;<\/p>\n\n\n\n<p class=\"wp-block-paragraph\">Modern siyaset ileti\u015fimle y\u00fcr\u00fcr. Sami Er\u2019in kamuoyuyla kurdu\u011fu ili\u015fki, tek y\u00f6nl\u00fc ve zay\u0131f kald\u0131. Bundan elbet bas\u0131n biriminin de katk\u0131s\u0131n\u0131 g\u00f6z ard\u0131 edemeyiz. Bir yanl\u0131\u015f oluyor <strong>2<\/strong> adet yanl\u0131\u015f. Ele\u015ftirileri duymakta ge\u00e7 kalm\u0131\u015f, sosyal refleksleri do\u011fru okuyamam\u0131\u015f, toplumsal hassasiyetleri zaman\u0131nda fark edememi\u015f bir anti-k\u00fclt\u00fcrden \u00e7ok fazla bir \u015fey beklemek hatalar kayna\u011f\u0131n\u0131 daha da katlamaktad\u0131r.&nbsp;<\/p>\n\n\n\n<p class=\"wp-block-paragraph\">Hal b\u00f6yle olunca bu durum onu s\u00fcrekli g\u00fcndemin gerisinde kalan bir fig\u00fcre d\u00f6n\u00fc\u015ft\u00fcrd\u00fc\u011f\u00fcn\u00fc saklayamay\u0131z.&nbsp;<\/p>\n\n\n\n<p class=\"wp-block-paragraph\">\u015eimdi gelelim alt\u0131n vuru\u015fa. <strong>Ekip, kadro!<\/strong> Bu iki ba\u015fl\u0131k belediyecili\u011fin ana lokomotifidir. Kalbidir, beynidir. \u015eayet fiili anlamda koca bir \u015fehri de\u011fil y\u00f6netmek kaosa s\u00fcr\u00fcklemekten \u00f6teye yol gitmez.&nbsp;<\/p>\n\n\n\n<p class=\"wp-block-paragraph\">Sami Er ne yaz\u0131k, (<strong>ne yaz\u0131k diyorum)<\/strong> g\u00fc\u00e7l\u00fc bir kadro, dirayetli bir ekip kuramad\u0131. Halen kuramam\u0131\u015f. En b\u00fcy\u00fck hatas\u0131 <strong>Nurhan Demir <\/strong>gibi bir akt\u00f6r\u00fc elinden ka\u00e7\u0131rmas\u0131 oldu. Soka\u011f\u0131n sevdi\u011fi-bildi\u011fi bir isimden istifade etmeyi dahi ak\u0131l edemedi. <strong>Maski\u2019<\/strong>nin hali ortada. \u0130\u00e7ler ac\u0131s\u0131 bir durum. Daha d\u00fcn Maski g\u00f6revini yapmad\u0131\u011f\u0131 i\u00e7in bir otomobil kazas\u0131nda bir vatanda\u015f\u0131m\u0131z hayat\u0131n\u0131 kaybetti. \u201c<strong>Vebal<\/strong>\u201d diye bir vurguyu dai burada hat\u0131rlatmak istiyorum.&nbsp;<\/p>\n\n\n\n<p class=\"wp-block-paragraph\">\u00c7\u00fcnk\u00fc ba\u015far\u0131l\u0131 siyaset\u00e7iler, kendilerinden g\u00fc\u00e7l\u00fc insanlarla \u00e7al\u0131\u015fmaktan \u00e7ekinmez. Sami Er\u2019in \u00e7evresinde ise \u00e7o\u011funlukla onaylayan ama katk\u0131 sunamayan bir ekip kamp kurmu\u015ftur. Ele\u015ftiren, uyaran, yol g\u00f6steren bir kadro yerine; stat\u00fckoyu koruyan koltu\u011funu sa\u011flama alan bir \u00e7evre, ba\u015far\u0131s\u0131zl\u0131\u011f\u0131 git gide h\u0131zland\u0131rd\u0131\u011f\u0131n\u0131 biliyoruz. Deprem olmu\u015f bir \u015fehirde halen oturmu\u015f bir ekip yoksa ba\u015f\u0131n\u0131 iki eli aras\u0131na al\u0131p bir d\u00fc\u015f\u00fcnmesi gerekmez mi?<\/p>\n\n\n\n<p class=\"wp-block-paragraph\">Hul\u00e2sa Malatya \u015fehri halen bir krizle cebelle\u015fiyor. Hem de b\u00fcy\u00fck bir kriz. Laf \u00e7ok, icraat yok. B\u00f6yle mi olacakt\u0131! \u0130nsanlar bunun i\u00e7in mi Ak Partiye dolayl\u0131 olarak size oy verdiler? Krizde ki bir \u015fehirde krizi y\u00f6nteminde yetersizlik had safhaya ula\u015ft\u0131.&nbsp;<\/p>\n\n\n\n<p class=\"wp-block-paragraph\">Siyaset\u00e7inin ger\u00e7ek s\u0131nav\u0131 kriz zamanlar\u0131nda verilir. Sami Er, kar\u015f\u0131la\u015ft\u0131\u011f\u0131 siyasi ve toplumsal krizlerde ya ge\u00e7 reaksiyon g\u00f6stermi\u015f ya da etkisiz a\u00e7\u0131klamalarla s\u00fcreci ge\u00e7i\u015ftirmeyi tercih etmi\u015ftir. Bu da liderlik vasf\u0131n\u0131 tart\u0131\u015fmal\u0131 hale getirmi\u015ftir. Do\u011fal olarak bu yaz\u0131lar bu minvalde ortaya \u00e7\u0131k\u0131yor.&nbsp;<\/p>\n\n\n\n<p class=\"wp-block-paragraph\">Bir \u015fark\u0131da \u201c<strong>Hayat k\u0131sa \u00f6m\u00fcr az. \u00c7ekilmiyor fazla naz\u2026\u201d<\/strong> diye devam eder. Sami Er\u2019in ba\u015far\u0131s\u0131zl\u0131\u011f\u0131 tek bir nedene ba\u011flanamaz. Bu tablo; ileti\u015fim eksikli\u011fi, sahadan kopukluk, vizyon zay\u0131fl\u0131\u011f\u0131 ve liderlik bo\u015flu\u011funun birle\u015fiminden hepsi bir araya geldi\u011fi muhakkak. Siyaset, yaln\u0131zca niyetle de\u011fil; irade, cesaret ve halkla kurulan samimi ba\u011fla y\u00fcr\u00fcd\u00fc\u011f\u00fcn\u00fc de unutmayal\u0131m.&nbsp;<\/p>\n\n\n\n<p class=\"wp-block-paragraph\"><strong>Aksi halde, isimler ge\u00e7er; ama iz b\u0131rakmaz. Yani bir Mehmet Ya\u015far \u00c7er\u00e7i olamama bahts\u0131zl\u0131\u011f\u0131 ya\u015fan\u0131r.&nbsp;<\/strong><\/p>\n\n\n\n<p class=\"wp-block-paragraph\">\u015eimdi <strong>Recep Tayyip Erdo\u011fan\u2019\u0131n<\/strong> neden h\u00e2t\u00e2 yapt\u0131\u011f\u0131n\u0131 anlad\u0131n\u0131z m\u0131? Yukar\u0131da ki makalem de t\u00fcm gerek\u00e7eleri okunur salt bir dil ile s\u0131ralad\u0131m. \u0130\u015fte bu y\u00fczden h\u00e2t\u00e2 yapt\u0131. Sami Er\u2019i Malatya\u2019ya g\u00f6ndermekle. Sami Er\u2019in kendi ifadeside vard\u0131r; Sami erin belediye ba\u015fkanl\u0131\u011f\u0131 adayl\u0131\u011f\u0131 a\u00e7\u0131kland\u0131\u011f\u0131nda haf\u0131zalara kaz\u0131nan say\u0131n cumhurba\u015fkan\u0131m\u0131z Recep Tayyip Erdo\u011fan&#8217;\u0131n Sami erin kula\u011f\u0131na bir \u015feyler s\u00f6ylemesi\u2026. Bence Erdo\u011fan\u0131 tan\u0131yanlar bilir; Sami Er kula\u011f\u0131na e\u011filerek ricac\u0131 olacak de\u011fil herhalde. \u015e\u00f6yle demi\u015f olmas\u0131n; \u201c<strong>G\u00f6revini iyi yap, yoksa g\u00f6z\u00fcn ya\u015f\u0131na bakmam, seni g\u00f6revden al\u0131r\u0131m! Ona g\u00f6re!\u201d<\/strong> dedi\u011fini. Erdo\u011fan bu! \u015eakas\u0131 yok.\u00a0<\/p>\n\n\n\n<p class=\"wp-block-paragraph\"><\/p>\n","protected":false},"excerpt":{"rendered":"<p>Cumhurba\u015fkan\u0131 Recep Tayyip Erdo\u011fan h\u00e2t\u00e2 yapar m\u0131, yapt\u0131. Bence en b\u00fcy\u00fck h\u00e2tas\u0131 Sami Er\u2019i Malatya\u2019ya transfer etmekle oldu. Hikaye&nbsp;&nbsp;ba\u015flamadan heba oldu. Hele o bas\u0131n birimi&#8230;<\/p>\n<div class=\"more-link-wrapper\"><a class=\"more-link\" href=\"https:\/\/malatyareport.com.tr\/index.php\/2025\/12\/24\/recep-tayyip-erdogan-hata-yapti\/\">Devam\u0131n\u0131 okuyun<span class=\"screen-reader-text\">Recep Tayyip Erdo\u011fan H\u00e2t\u00e2 Yapt\u0131!<\/span><\/a><\/div>\n","protected":false},"author":1,"featured_media":0,"comment_status":"open","ping_status":"open","sticky":false,"template":"","format":"standard","meta":{"_jetpack_memberships_contains_paid_content":false,"footnotes":""},"categories":[5],"tags":[],"class_list":["post-617","post","type-post","status-publish","format-standard","hentry","category-kose-yazilari","entry"],"yoast_head":"<!-- This site is optimized with the Yoast SEO plugin v28.2 - https:\/\/yoast.com\/product\/yoast-seo-wordpress\/ -->\n<title>Recep Tayyip Erdo\u011fan H\u00e2t\u00e2 Yapt\u0131! - Malatya Report<\/title>\n<meta name=\"robots\" content=\"index, follow, max-snippet:-1, max-image-preview:large, max-video-preview:-1\" \/>\n<link rel=\"canonical\" href=\"https:\/\/malatyareport.com.tr\/index.php\/2025\/12\/24\/recep-tayyip-erdogan-hata-yapti\/\" \/>\n<meta property=\"og:locale\" content=\"tr_TR\" \/>\n<meta property=\"og:type\" content=\"article\" \/>\n<meta property=\"og:title\" content=\"Recep Tayyip Erdo\u011fan H\u00e2t\u00e2 Yapt\u0131! - Malatya Report\" \/>\n<meta property=\"og:description\" content=\"Cumhurba\u015fkan\u0131 Recep Tayyip Erdo\u011fan h\u00e2t\u00e2 yapar m\u0131, yapt\u0131. Bence en b\u00fcy\u00fck h\u00e2tas\u0131 Sami Er\u2019i Malatya\u2019ya transfer etmekle oldu. Hikaye&nbsp;&nbsp;ba\u015flamadan heba oldu. Hele o bas\u0131n birimi&#8230;\" \/>\n<meta property=\"og:url\" content=\"https:\/\/malatyareport.com.tr\/index.php\/2025\/12\/24\/recep-tayyip-erdogan-hata-yapti\/\" \/>\n<meta property=\"og:site_name\" content=\"Malatya Report\" \/>\n<meta property=\"article:author\" content=\"https:\/\/www.facebook.com\/timurince\" \/>\n<meta property=\"article:published_time\" content=\"2025-12-24T20:53:37+00:00\" \/>\n<meta property=\"article:modified_time\" content=\"2025-12-25T08:19:00+00:00\" \/>\n<meta property=\"og:image\" content=\"https:\/\/malatyareport.com.tr\/wp-content\/uploads\/2025\/12\/11ADD611-1BD8-4765-9778-1D55CB2A74D8.jpeg\" \/>\n<meta name=\"author\" content=\"Timur \u0130nce\" \/>\n<meta name=\"twitter:card\" content=\"summary_large_image\" \/>\n<meta name=\"twitter:creator\" content=\"@timurince11\" \/>\n<meta name=\"twitter:label1\" content=\"Yazan:\" \/>\n\t<meta name=\"twitter:data1\" content=\"Timur \u0130nce\" \/>\n\t<meta name=\"twitter:label2\" content=\"Tahmini okuma s\u00fcresi\" \/>\n\t<meta name=\"twitter:data2\" content=\"7 dakika\" \/>\n<script type=\"application\/ld+json\" class=\"yoast-schema-graph\">{\"@context\":\"https:\\\/\\\/schema.org\",\"@graph\":[{\"@type\":\"Article\",\"@id\":\"https:\\\/\\\/malatyareport.com.tr\\\/index.php\\\/2025\\\/12\\\/24\\\/recep-tayyip-erdogan-hata-yapti\\\/#article\",\"isPartOf\":{\"@id\":\"https:\\\/\\\/malatyareport.com.tr\\\/index.php\\\/2025\\\/12\\\/24\\\/recep-tayyip-erdogan-hata-yapti\\\/\"},\"author\":{\"name\":\"Timur \u0130nce\",\"@id\":\"https:\\\/\\\/malatyareport.com.tr\\\/#\\\/schema\\\/person\\\/93146d94af76b792b58ac78050cc6da7\"},\"headline\":\"Recep Tayyip Erdo\u011fan H\u00e2t\u00e2 Yapt\u0131!\",\"datePublished\":\"2025-12-24T20:53:37+00:00\",\"dateModified\":\"2025-12-25T08:19:00+00:00\",\"mainEntityOfPage\":{\"@id\":\"https:\\\/\\\/malatyareport.com.tr\\\/index.php\\\/2025\\\/12\\\/24\\\/recep-tayyip-erdogan-hata-yapti\\\/\"},\"wordCount\":1379,\"commentCount\":1,\"image\":{\"@id\":\"https:\\\/\\\/malatyareport.com.tr\\\/index.php\\\/2025\\\/12\\\/24\\\/recep-tayyip-erdogan-hata-yapti\\\/#primaryimage\"},\"thumbnailUrl\":\"https:\\\/\\\/malatyareport.com.tr\\\/wp-content\\\/uploads\\\/2025\\\/12\\\/11ADD611-1BD8-4765-9778-1D55CB2A74D8.jpeg\",\"articleSection\":[\"K\u00f6\u015fe Yaz\u0131lar\u0131\"],\"inLanguage\":\"tr\",\"potentialAction\":[{\"@type\":\"CommentAction\",\"name\":\"Comment\",\"target\":[\"https:\\\/\\\/malatyareport.com.tr\\\/index.php\\\/2025\\\/12\\\/24\\\/recep-tayyip-erdogan-hata-yapti\\\/#respond\"]}]},{\"@type\":\"WebPage\",\"@id\":\"https:\\\/\\\/malatyareport.com.tr\\\/index.php\\\/2025\\\/12\\\/24\\\/recep-tayyip-erdogan-hata-yapti\\\/\",\"url\":\"https:\\\/\\\/malatyareport.com.tr\\\/index.php\\\/2025\\\/12\\\/24\\\/recep-tayyip-erdogan-hata-yapti\\\/\",\"name\":\"Recep Tayyip Erdo\u011fan H\u00e2t\u00e2 Yapt\u0131! - Malatya Report\",\"isPartOf\":{\"@id\":\"https:\\\/\\\/malatyareport.com.tr\\\/#website\"},\"primaryImageOfPage\":{\"@id\":\"https:\\\/\\\/malatyareport.com.tr\\\/index.php\\\/2025\\\/12\\\/24\\\/recep-tayyip-erdogan-hata-yapti\\\/#primaryimage\"},\"image\":{\"@id\":\"https:\\\/\\\/malatyareport.com.tr\\\/index.php\\\/2025\\\/12\\\/24\\\/recep-tayyip-erdogan-hata-yapti\\\/#primaryimage\"},\"thumbnailUrl\":\"https:\\\/\\\/malatyareport.com.tr\\\/wp-content\\\/uploads\\\/2025\\\/12\\\/11ADD611-1BD8-4765-9778-1D55CB2A74D8.jpeg\",\"datePublished\":\"2025-12-24T20:53:37+00:00\",\"dateModified\":\"2025-12-25T08:19:00+00:00\",\"author\":{\"@id\":\"https:\\\/\\\/malatyareport.com.tr\\\/#\\\/schema\\\/person\\\/93146d94af76b792b58ac78050cc6da7\"},\"breadcrumb\":{\"@id\":\"https:\\\/\\\/malatyareport.com.tr\\\/index.php\\\/2025\\\/12\\\/24\\\/recep-tayyip-erdogan-hata-yapti\\\/#breadcrumb\"},\"inLanguage\":\"tr\",\"potentialAction\":[{\"@type\":\"ReadAction\",\"target\":[\"https:\\\/\\\/malatyareport.com.tr\\\/index.php\\\/2025\\\/12\\\/24\\\/recep-tayyip-erdogan-hata-yapti\\\/\"]}]},{\"@type\":\"ImageObject\",\"inLanguage\":\"tr\",\"@id\":\"https:\\\/\\\/malatyareport.com.tr\\\/index.php\\\/2025\\\/12\\\/24\\\/recep-tayyip-erdogan-hata-yapti\\\/#primaryimage\",\"url\":\"https:\\\/\\\/i0.wp.com\\\/malatyareport.com.tr\\\/wp-content\\\/uploads\\\/2025\\\/12\\\/11ADD611-1BD8-4765-9778-1D55CB2A74D8.jpeg?fit=790%2C892&ssl=1\",\"contentUrl\":\"https:\\\/\\\/i0.wp.com\\\/malatyareport.com.tr\\\/wp-content\\\/uploads\\\/2025\\\/12\\\/11ADD611-1BD8-4765-9778-1D55CB2A74D8.jpeg?fit=790%2C892&ssl=1\",\"width\":790,\"height\":892},{\"@type\":\"BreadcrumbList\",\"@id\":\"https:\\\/\\\/malatyareport.com.tr\\\/index.php\\\/2025\\\/12\\\/24\\\/recep-tayyip-erdogan-hata-yapti\\\/#breadcrumb\",\"itemListElement\":[{\"@type\":\"ListItem\",\"position\":1,\"name\":\"Anasayfa\",\"item\":\"https:\\\/\\\/malatyareport.com.tr\\\/\"},{\"@type\":\"ListItem\",\"position\":2,\"name\":\"Recep Tayyip Erdo\u011fan H\u00e2t\u00e2 Yapt\u0131!\"}]},{\"@type\":\"WebSite\",\"@id\":\"https:\\\/\\\/malatyareport.com.tr\\\/#website\",\"url\":\"https:\\\/\\\/malatyareport.com.tr\\\/\",\"name\":\"Malatya Report\",\"description\":\"\",\"potentialAction\":[{\"@type\":\"SearchAction\",\"target\":{\"@type\":\"EntryPoint\",\"urlTemplate\":\"https:\\\/\\\/malatyareport.com.tr\\\/?s={search_term_string}\"},\"query-input\":{\"@type\":\"PropertyValueSpecification\",\"valueRequired\":true,\"valueName\":\"search_term_string\"}}],\"inLanguage\":\"tr\"},{\"@type\":\"Person\",\"@id\":\"https:\\\/\\\/malatyareport.com.tr\\\/#\\\/schema\\\/person\\\/93146d94af76b792b58ac78050cc6da7\",\"name\":\"Timur \u0130nce\",\"image\":{\"@type\":\"ImageObject\",\"inLanguage\":\"tr\",\"@id\":\"https:\\\/\\\/secure.gravatar.com\\\/avatar\\\/e5ce118bd86e5549ff544e7c5b614da198ecaa7f8e9398b55d27ae1f117511d8?s=96&d=mm&r=g\",\"url\":\"https:\\\/\\\/secure.gravatar.com\\\/avatar\\\/e5ce118bd86e5549ff544e7c5b614da198ecaa7f8e9398b55d27ae1f117511d8?s=96&d=mm&r=g\",\"contentUrl\":\"https:\\\/\\\/secure.gravatar.com\\\/avatar\\\/e5ce118bd86e5549ff544e7c5b614da198ecaa7f8e9398b55d27ae1f117511d8?s=96&d=mm&r=g\",\"caption\":\"Timur \u0130nce\"},\"description\":\"Zaman\u0131n ruhunda bir damla m\u00fcrekkep olmay\u0131 isterdim. Bir damla m\u00fcrekkep bir ulusun kaderini yazmaya yeterlidir.\",\"sameAs\":[\"https:\\\/\\\/malatyareport.com.tr\",\"https:\\\/\\\/www.facebook.com\\\/timurince\",\"@timur_ince_t5_\",\"https:\\\/\\\/x.com\\\/@timurince11\"],\"url\":\"https:\\\/\\\/malatyareport.com.tr\\\/index.php\\\/author\\\/admin_6i9yniox\\\/\"}]}<\/script>\n<!-- \/ Yoast SEO plugin. -->","yoast_head_json":{"title":"Recep Tayyip Erdo\u011fan H\u00e2t\u00e2 Yapt\u0131! - Malatya Report","robots":{"index":"index","follow":"follow","max-snippet":"max-snippet:-1","max-image-preview":"max-image-preview:large","max-video-preview":"max-video-preview:-1"},"canonical":"https:\/\/malatyareport.com.tr\/index.php\/2025\/12\/24\/recep-tayyip-erdogan-hata-yapti\/","og_locale":"tr_TR","og_type":"article","og_title":"Recep Tayyip Erdo\u011fan H\u00e2t\u00e2 Yapt\u0131! - Malatya Report","og_description":"Cumhurba\u015fkan\u0131 Recep Tayyip Erdo\u011fan h\u00e2t\u00e2 yapar m\u0131, yapt\u0131. Bence en b\u00fcy\u00fck h\u00e2tas\u0131 Sami Er\u2019i Malatya\u2019ya transfer etmekle oldu. Hikaye&nbsp;&nbsp;ba\u015flamadan heba oldu. Hele o bas\u0131n birimi&#8230;","og_url":"https:\/\/malatyareport.com.tr\/index.php\/2025\/12\/24\/recep-tayyip-erdogan-hata-yapti\/","og_site_name":"Malatya Report","article_author":"https:\/\/www.facebook.com\/timurince","article_published_time":"2025-12-24T20:53:37+00:00","article_modified_time":"2025-12-25T08:19:00+00:00","og_image":[{"url":"https:\/\/malatyareport.com.tr\/wp-content\/uploads\/2025\/12\/11ADD611-1BD8-4765-9778-1D55CB2A74D8.jpeg","type":"","width":"","height":""}],"author":"Timur \u0130nce","twitter_card":"summary_large_image","twitter_creator":"@timurince11","twitter_misc":{"Yazan:":"Timur \u0130nce","Tahmini okuma s\u00fcresi":"7 dakika"},"schema":{"@context":"https:\/\/schema.org","@graph":[{"@type":"Article","@id":"https:\/\/malatyareport.com.tr\/index.php\/2025\/12\/24\/recep-tayyip-erdogan-hata-yapti\/#article","isPartOf":{"@id":"https:\/\/malatyareport.com.tr\/index.php\/2025\/12\/24\/recep-tayyip-erdogan-hata-yapti\/"},"author":{"name":"Timur \u0130nce","@id":"https:\/\/malatyareport.com.tr\/#\/schema\/person\/93146d94af76b792b58ac78050cc6da7"},"headline":"Recep Tayyip Erdo\u011fan H\u00e2t\u00e2 Yapt\u0131!","datePublished":"2025-12-24T20:53:37+00:00","dateModified":"2025-12-25T08:19:00+00:00","mainEntityOfPage":{"@id":"https:\/\/malatyareport.com.tr\/index.php\/2025\/12\/24\/recep-tayyip-erdogan-hata-yapti\/"},"wordCount":1379,"commentCount":1,"image":{"@id":"https:\/\/malatyareport.com.tr\/index.php\/2025\/12\/24\/recep-tayyip-erdogan-hata-yapti\/#primaryimage"},"thumbnailUrl":"https:\/\/malatyareport.com.tr\/wp-content\/uploads\/2025\/12\/11ADD611-1BD8-4765-9778-1D55CB2A74D8.jpeg","articleSection":["K\u00f6\u015fe Yaz\u0131lar\u0131"],"inLanguage":"tr","potentialAction":[{"@type":"CommentAction","name":"Comment","target":["https:\/\/malatyareport.com.tr\/index.php\/2025\/12\/24\/recep-tayyip-erdogan-hata-yapti\/#respond"]}]},{"@type":"WebPage","@id":"https:\/\/malatyareport.com.tr\/index.php\/2025\/12\/24\/recep-tayyip-erdogan-hata-yapti\/","url":"https:\/\/malatyareport.com.tr\/index.php\/2025\/12\/24\/recep-tayyip-erdogan-hata-yapti\/","name":"Recep Tayyip Erdo\u011fan H\u00e2t\u00e2 Yapt\u0131! - Malatya Report","isPartOf":{"@id":"https:\/\/malatyareport.com.tr\/#website"},"primaryImageOfPage":{"@id":"https:\/\/malatyareport.com.tr\/index.php\/2025\/12\/24\/recep-tayyip-erdogan-hata-yapti\/#primaryimage"},"image":{"@id":"https:\/\/malatyareport.com.tr\/index.php\/2025\/12\/24\/recep-tayyip-erdogan-hata-yapti\/#primaryimage"},"thumbnailUrl":"https:\/\/malatyareport.com.tr\/wp-content\/uploads\/2025\/12\/11ADD611-1BD8-4765-9778-1D55CB2A74D8.jpeg","datePublished":"2025-12-24T20:53:37+00:00","dateModified":"2025-12-25T08:19:00+00:00","author":{"@id":"https:\/\/malatyareport.com.tr\/#\/schema\/person\/93146d94af76b792b58ac78050cc6da7"},"breadcrumb":{"@id":"https:\/\/malatyareport.com.tr\/index.php\/2025\/12\/24\/recep-tayyip-erdogan-hata-yapti\/#breadcrumb"},"inLanguage":"tr","potentialAction":[{"@type":"ReadAction","target":["https:\/\/malatyareport.com.tr\/index.php\/2025\/12\/24\/recep-tayyip-erdogan-hata-yapti\/"]}]},{"@type":"ImageObject","inLanguage":"tr","@id":"https:\/\/malatyareport.com.tr\/index.php\/2025\/12\/24\/recep-tayyip-erdogan-hata-yapti\/#primaryimage","url":"https:\/\/i0.wp.com\/malatyareport.com.tr\/wp-content\/uploads\/2025\/12\/11ADD611-1BD8-4765-9778-1D55CB2A74D8.jpeg?fit=790%2C892&ssl=1","contentUrl":"https:\/\/i0.wp.com\/malatyareport.com.tr\/wp-content\/uploads\/2025\/12\/11ADD611-1BD8-4765-9778-1D55CB2A74D8.jpeg?fit=790%2C892&ssl=1","width":790,"height":892},{"@type":"BreadcrumbList","@id":"https:\/\/malatyareport.com.tr\/index.php\/2025\/12\/24\/recep-tayyip-erdogan-hata-yapti\/#breadcrumb","itemListElement":[{"@type":"ListItem","position":1,"name":"Anasayfa","item":"https:\/\/malatyareport.com.tr\/"},{"@type":"ListItem","position":2,"name":"Recep Tayyip Erdo\u011fan H\u00e2t\u00e2 Yapt\u0131!"}]},{"@type":"WebSite","@id":"https:\/\/malatyareport.com.tr\/#website","url":"https:\/\/malatyareport.com.tr\/","name":"Malatya Report","description":"","potentialAction":[{"@type":"SearchAction","target":{"@type":"EntryPoint","urlTemplate":"https:\/\/malatyareport.com.tr\/?s={search_term_string}"},"query-input":{"@type":"PropertyValueSpecification","valueRequired":true,"valueName":"search_term_string"}}],"inLanguage":"tr"},{"@type":"Person","@id":"https:\/\/malatyareport.com.tr\/#\/schema\/person\/93146d94af76b792b58ac78050cc6da7","name":"Timur \u0130nce","image":{"@type":"ImageObject","inLanguage":"tr","@id":"https:\/\/secure.gravatar.com\/avatar\/e5ce118bd86e5549ff544e7c5b614da198ecaa7f8e9398b55d27ae1f117511d8?s=96&d=mm&r=g","url":"https:\/\/secure.gravatar.com\/avatar\/e5ce118bd86e5549ff544e7c5b614da198ecaa7f8e9398b55d27ae1f117511d8?s=96&d=mm&r=g","contentUrl":"https:\/\/secure.gravatar.com\/avatar\/e5ce118bd86e5549ff544e7c5b614da198ecaa7f8e9398b55d27ae1f117511d8?s=96&d=mm&r=g","caption":"Timur \u0130nce"},"description":"Zaman\u0131n ruhunda bir damla m\u00fcrekkep olmay\u0131 isterdim. Bir damla m\u00fcrekkep bir ulusun kaderini yazmaya yeterlidir.","sameAs":["https:\/\/malatyareport.com.tr","https:\/\/www.facebook.com\/timurince","@timur_ince_t5_","https:\/\/x.com\/@timurince11"],"url":"https:\/\/malatyareport.com.tr\/index.php\/author\/admin_6i9yniox\/"}]}},"jetpack_featured_media_url":"","jetpack_sharing_enabled":true,"_links":{"self":[{"href":"https:\/\/malatyareport.com.tr\/index.php\/wp-json\/wp\/v2\/posts\/617","targetHints":{"allow":["GET"]}}],"collection":[{"href":"https:\/\/malatyareport.com.tr\/index.php\/wp-json\/wp\/v2\/posts"}],"about":[{"href":"https:\/\/malatyareport.com.tr\/index.php\/wp-json\/wp\/v2\/types\/post"}],"author":[{"embeddable":true,"href":"https:\/\/malatyareport.com.tr\/index.php\/wp-json\/wp\/v2\/users\/1"}],"replies":[{"embeddable":true,"href":"https:\/\/malatyareport.com.tr\/index.php\/wp-json\/wp\/v2\/comments?post=617"}],"version-history":[{"count":8,"href":"https:\/\/malatyareport.com.tr\/index.php\/wp-json\/wp\/v2\/posts\/617\/revisions"}],"predecessor-version":[{"id":631,"href":"https:\/\/malatyareport.com.tr\/index.php\/wp-json\/wp\/v2\/posts\/617\/revisions\/631"}],"wp:attachment":[{"href":"https:\/\/malatyareport.com.tr\/index.php\/wp-json\/wp\/v2\/media?parent=617"}],"wp:term":[{"taxonomy":"category","embeddable":true,"href":"https:\/\/malatyareport.com.tr\/index.php\/wp-json\/wp\/v2\/categories?post=617"},{"taxonomy":"post_tag","embeddable":true,"href":"https:\/\/malatyareport.com.tr\/index.php\/wp-json\/wp\/v2\/tags?post=617"}],"curies":[{"name":"wp","href":"https:\/\/api.w.org\/{rel}","templated":true}]}}