{"id":632,"date":"2025-12-27T20:37:39","date_gmt":"2025-12-27T20:37:39","guid":{"rendered":"https:\/\/malatyareport.com.tr\/?p=632"},"modified":"2025-12-30T05:02:30","modified_gmt":"2025-12-30T05:02:30","slug":"doganyola-yol-mu-yapiliyor-rant-tezgahi-mi-kuruluyor","status":"publish","type":"post","link":"https:\/\/malatyareport.com.tr\/index.php\/2025\/12\/27\/doganyola-yol-mu-yapiliyor-rant-tezgahi-mi-kuruluyor\/","title":{"rendered":"Do\u011fanyol\u2019a Yol mu yap\u0131l\u0131yor, Rant tezgah\u0131 m\u0131 Kuruluyor?"},"content":{"rendered":"\n<div class=\"wp-block-media-text is-stacked-on-mobile\"><figure class=\"wp-block-media-text__media\"><img data-recalc-dims=\"1\" loading=\"lazy\" decoding=\"async\" width=\"805\" height=\"874\" src=\"https:\/\/i0.wp.com\/malatyareport.com.tr\/wp-content\/uploads\/2025\/12\/39C8BE6D-2960-4ACB-A0BA-4B16A76CB1E4.jpeg?resize=805%2C874&#038;ssl=1\" alt=\"\" class=\"wp-image-659 size-full\" srcset=\"https:\/\/i0.wp.com\/malatyareport.com.tr\/wp-content\/uploads\/2025\/12\/39C8BE6D-2960-4ACB-A0BA-4B16A76CB1E4.jpeg?w=805&amp;ssl=1 805w, https:\/\/i0.wp.com\/malatyareport.com.tr\/wp-content\/uploads\/2025\/12\/39C8BE6D-2960-4ACB-A0BA-4B16A76CB1E4.jpeg?resize=276%2C300&amp;ssl=1 276w, https:\/\/i0.wp.com\/malatyareport.com.tr\/wp-content\/uploads\/2025\/12\/39C8BE6D-2960-4ACB-A0BA-4B16A76CB1E4.jpeg?resize=768%2C834&amp;ssl=1 768w\" sizes=\"auto, (max-width: 805px) 100vw, 805px\" \/><\/figure><div class=\"wp-block-media-text__content\">\n<p class=\"wp-block-paragraph\"><\/p>\n<\/div><\/div>\n\n\n\n<p class=\"wp-block-paragraph\"><strong>P\u00fct\u00fcrge<\/strong> ve <strong>Do\u011fanyol<\/strong> iki il\u00e7eden olu\u015fan tek bir b\u00f6lge asl\u0131nda. <strong>1991\u2019<\/strong>de Merhum <strong>\u00d6za<\/strong>l\u2019\u0131n <strong>Do\u011fanyol<\/strong> ziyareti esnas\u0131nda ilk olarak il\u00e7e olmas\u0131 g\u00fcndem gelmi\u015f, akabinde nahiye iken il\u00e7e vasf\u0131n\u0131 o tarihle kazanm\u0131\u015ft\u0131r.&nbsp;<\/p>\n\n\n\n<p class=\"wp-block-paragraph\">P\u00fct\u00fcrge ve Do\u011fanyol\u2019un en b\u00fcy\u00fck sorunu \u201c<strong>yol\u2019u<\/strong>\u201d y\u0131llardan beri kap\u0131 gibi kar\u015f\u0131m\u0131zda durmaktad\u0131r. Ne b\u00f6lge sakinleri yol sorununu adam ak\u0131ll\u0131 dile getirebildi ne de mevcut b\u00fcrokrasi halk\u0131n bu talebini ajandas\u0131na ta\u015f\u0131d\u0131. <\/p>\n\n\n\n<p class=\"wp-block-paragraph\">O y\u00fczden b\u00f6lgenin halk\u0131 sans\u00fcrl\u00fc bir hayat\u0131 mecburen s\u00fcrd\u00fcrmeyi adet edinmi\u015f oldu\u011fu g\u00fcn gibi ortada.&nbsp;<\/p>\n\n\n\n<p class=\"wp-block-paragraph\"><strong>2008<\/strong>&#8211; <strong>2010<\/strong> y\u0131llar\u0131nda <strong>\u015eal deresinin<\/strong> revize edilmesi ve <strong>Kubbe da\u011f<\/strong>\u0131 ge\u00e7it b\u00f6lgesinde yakla\u015f\u0131k <strong>30<\/strong> metrelik indirme yap\u0131larak k\u0131smen ne\u015fter vurulmu\u015f, en az\u0131ndan Kubbe da\u011f\u0131 zirvesi daha d\u00fczg\u00fcn bir hale b\u00fcr\u00fcnd\u00fcr\u00fclm\u00fc\u015ft\u00fc.&nbsp;<\/p>\n\n\n\n<p class=\"wp-block-paragraph\">Fakat <strong>Halikan<\/strong> rampas\u0131 \u201c<strong>S<\/strong>\u201d viraj\u0131ndan Yayg\u0131n g\u00f6l\u00fcne kadar olan <strong>11<\/strong> km\u2019lik mesafe halen <strong>1990<\/strong>\u2019larda yap\u0131lm\u0131\u015f ilkel yol oldu\u011funu hat\u0131rlatmak isterim. Oraya nedense hi\u00e7 bir \u015fekil m\u00fcdahale edilme gere\u011fi duyulmad\u0131.&nbsp;<\/p>\n\n\n\n<p class=\"wp-block-paragraph\">\u0130lk olarak <strong>1949<\/strong>\u2019da yap\u0131lan P\u00fct\u00fcrge ara\u00e7 yolu kazma k\u00fcreklerle o d\u00f6nem daha \u00e7ok vergi borcu olanlara, devlete borcu kar\u015f\u0131l\u0131\u011f\u0131nda yapt\u0131r\u0131lm\u0131\u015ft\u0131. \u0130lkin <strong>Vali \u00e7e\u015fmesi<\/strong> y\u00f6n\u00fcnden, <strong>Ha\u015f\u015fa\u015f\u2019\u0131n ba\u011f\u0131<\/strong> \u00fczerinden, <strong>Posk\u0131ran<\/strong> k\u00f6y\u00fc <strong>Zomo<\/strong>\u2019lar mahallesi arkas\u0131ndan, <strong>\u015eangel<\/strong> a\u011fac\u0131 yan\u0131ndan <strong>\u011earpon<\/strong> mahallesi arkas\u0131na, ordan keskin bir viraj yaparak bug\u00fcnk\u00fc <strong>Tepehan<\/strong> yol ay\u0131r\u0131m\u0131ndan \u00e7\u0131karak P\u00fct\u00fcrge ve Do\u011fanyol y\u00f6n\u00fcne ayn\u0131 g\u00fczergahtan devam ederdi.&nbsp;<\/p>\n\n\n\n<p class=\"wp-block-paragraph\"><strong>Hor\u00e7<\/strong> marka bir kamyon <strong>1950<\/strong>\u2019de <strong>P\u00fct\u00fcrge\u2019<\/strong>ye ilk turunu ger\u00e7ekle\u015ftiriyor. P\u00fct\u00fcrge ahalisi b\u00fcy\u00fck bir tezah\u00fcratla kar\u015f\u0131l\u0131yor gelen bu yeni makineyi. Halk aras\u0131nda \u201c<strong>tomofil<\/strong>\u201d diyorlar. O y\u00fczden o g\u00fcnlerde kara me\u015felikteten ge\u00e7en kazma k\u00fcreklerle yap\u0131lm\u0131\u015f Do\u011fanyol yoluna \u201c<strong>tomofil yolu\u201d <\/strong>denilir\u2026<\/p>\n\n\n\n<p class=\"wp-block-paragraph\"><strong>1951<\/strong>\u2019de Kaymakaml\u0131k makam\u0131na <strong>Willys<\/strong> Jeep tahsis edilir, Do\u011fanyol\u2019dan <strong>\u00d6ks\u00fczler<\/strong> nihayet ilk kamyonu istanbul\u2019dan getirir b\u00f6lgeye. Pe\u015finden <strong>G\u00f6k\u00e7e<\/strong> (A\u011fvan) e\u015fraf\u0131ndan <strong>S\u0131mo \u0130smet<\/strong> ilk <strong>Magirus<\/strong> kamyonu, ikinci olarak <strong>Bak\u0131ml\u0131<\/strong> (H\u0131raba) e\u015fraf\u0131ndan Geyik Osman <strong>Alman Krup<\/strong> marka kamyonuyla ilk ula\u015f\u0131m hat\u0131nda yolcu ta\u015f\u0131mac\u0131l\u0131\u011f\u0131n\u0131 yaparlar.<\/p>\n\n\n\n<p class=\"wp-block-paragraph\">Mevcut kazma k\u00fcrekle yap\u0131lm\u0131\u015f yolun a\u015f\u0131r\u0131 ya\u011fmur ve kar ya\u011f\u0131\u015f\u0131ndan dolay\u0131 s\u00fcrekli \u00e7amur olan yoldan ara\u00e7lar i\u015flemez hale gelince <strong>1962\u2019<\/strong>de bug\u00fcnk\u00fc kullan\u0131lan g\u00fczergah; lokantalar\u0131n oldu\u011fu, \u015eal deresi y\u00f6n\u00fcne yol verildi.&nbsp;<\/p>\n\n\n\n<p class=\"wp-block-paragraph\">Verildi fakat bu kez \u015eal deresi gibi \u00e7ok riskli, tehlikeli, her an heyelan ya\u015famaya m\u00fcsait dar ve keskin bir dere yolu ge\u00e7ilmez k\u0131l\u0131yordu.&nbsp;<\/p>\n\n\n\n<p class=\"wp-block-paragraph\">\u015eal deresini ge\u00e7mek kolay de\u011fildi elbet. Yolun oturmas\u0131 y\u0131llar\u0131 alacakt\u0131. B\u00f6lge halk\u0131 ise \u201c<strong>yeterki yolumuz olsun sorun de\u011fil\u201d<\/strong> minvalinde konuyu kendi i\u00e7erisinde b\u00f6yle ele al\u0131yor, de\u011ferlendiriyordu.&nbsp;<\/p>\n\n\n\n<p class=\"wp-block-paragraph\">\u00d6zelikle k\u0131\u015f aylar\u0131nda <strong>30<\/strong> g\u00fcne varan yol kapanmalar\u0131, say\u0131s\u0131z kaza, hastaneye yeti\u015ftirilemedikleri i\u00e7in hayat\u0131n\u0131 kaybeden hastalar ve <strong>1954<\/strong> y\u0131ll\u0131nda Karakol olarak kullan\u0131lan bug\u00fcnk\u00fc <strong>Bak\u0131mevi<\/strong>\u2019nde a\u015f\u0131r\u0131 kar ya\u011f\u0131\u015f\u0131 ve tipiden dolay\u0131 donarak hayat\u0131n\u0131 kaybeden <strong>11<\/strong> er ile <strong>1<\/strong> y\u00fczba\u015f\u0131 vakalar\u0131n\u0131 bu minvalde pas ge\u00e7iyoruz.&nbsp;<\/p>\n\n\n\n<p class=\"wp-block-paragraph\"><strong>\u00c7\u00fcnk\u00fc literat\u00fcrlere tez olacak benzer hikayeler her P\u00fct\u00fcrge ve Do\u011fanyol\u2019lunun kaderinin bir par\u00e7as\u0131yd\u0131.&nbsp;<\/strong><\/p>\n\n\n\n<p class=\"wp-block-paragraph\"><strong>2016<\/strong> y\u0131ll\u0131na geldi\u011fimizde P\u00fct\u00fcrge yol ay\u0131r\u0131m\u0131 ile Do\u011fanyol aras\u0131 <strong>27<\/strong> km\u2019lik yol silba\u015ftan yap\u0131lacak haberi \u00e7abucak b\u00f6lge aras\u0131nda yay\u0131ld\u0131. Yola hasret b\u00f6lge insan bu haber sonras\u0131 b\u00fcy\u00fck umutlara kap\u0131ld\u0131. \u00d6zelikle yollara \u00f6nem veren <strong>Ak Parti<\/strong> h\u00fck\u00fcmetinden b\u00f6lge halk\u0131 \u00e7ok kullan\u0131\u015fl\u0131 bir yol beklentisine d\u00fc\u015ft\u00fckleri do\u011fru.&nbsp;<\/p>\n\n\n\n<p class=\"wp-block-paragraph\">Hele de Do\u011fanyol yolu harabe bir \u015fekildeydi ve art\u0131k kullan\u0131lmaz bir hale gelmi\u015fti.&nbsp;<\/p>\n\n\n\n<p class=\"wp-block-paragraph\">Hatta b\u00f6lgeyi d\u0131\u015far\u0131dan ziyaret eden insanlar \u201c<strong>iki milletvekiliniz var, bir yolunuzu yapt\u0131ramad\u0131n\u0131z<\/strong>\u201d paradoksal mahfuz sitemleriyle de kar\u015f\u0131la\u015fm\u0131yor de\u011fildik.&nbsp;<\/p>\n\n\n\n<p class=\"wp-block-paragraph\">Do\u011fanyol yolunu kullanan P\u00fct\u00fcrge\u2019ye ait <strong>3<\/strong> k\u00f6y\u00fcn insanlar\u0131 da bu haberden payda\u015f olarak sevin\u00e7lerini saklayam\u0131yor ve yeni yolu d\u00f6rt g\u00f6zle bekler oldular.&nbsp;<\/p>\n\n\n\n<p class=\"wp-block-paragraph\">\u0130hale <strong>GEN\u00c7-BAY<\/strong> \u015firketine verilmi\u015fti. <strong>GEN\u00c7-BAY <\/strong>\u00e7ok ge\u00e7meden <strong>Bur\u00e7<\/strong> k\u00f6pr\u00fcs\u00fc yan\u0131na \u015fantiyesini kurmu\u015f ve ilk kazma Do\u011fanyol y\u00f6n\u00fcnden vurulmu\u015ftu.<\/p>\n\n\n\n<p class=\"wp-block-paragraph\"> <strong>2016<\/strong>&#8211;<strong>2025<\/strong> y\u0131llar\u0131 aras\u0131nda Bur\u00e7 k\u00f6pr\u00fcs\u00fcne kadar ki b\u00f6l\u00fcm ancak bitirildi. Standart bir program olarak Do\u011fanyol taraf\u0131ndan yap\u0131larak yol ay\u0131r\u0131m\u0131na ba\u011flanmas\u0131 beklenirken; bir g\u00fcn eskovat\u00f6rler, kep\u00e7eler, kamyonlar y\u00fcklenmi\u015f firma yetkilileri; benim de k\u00f6y\u00fcm olan <strong>\u00c7engelli<\/strong> s\u0131n\u0131rlar\u0131 i\u00e7inde <strong>\u015eiro<\/strong> \u00e7ay\u0131 rampas\u0131 alan\u0131nda yeni bir \u00e7al\u0131\u015fma ba\u015flatt\u0131.&nbsp;<\/p>\n\n\n\n<p class=\"wp-block-paragraph\">Yani Bur\u00e7 k\u00f6pr\u00fcs\u00fc ile \u00c7engelli aras\u0131nda ki <strong>10<\/strong> km\u2019lik alan sonraya b\u0131rak\u0131l\u0131yordu.&nbsp;<\/p>\n\n\n\n<p class=\"wp-block-paragraph\">Ondan \u00f6ncesi ise halk aras\u0131nda projeler hava da u\u00e7u\u015fuyordu. Halk yeni yol projesi hakk\u0131nda bilgi sahibi olmad\u0131\u011f\u0131ndan kulaktan dolma bilgilerle bo\u015flu\u011fu doldurmaya \u00e7al\u0131\u015ft\u0131klar\u0131 bir s\u00fcre\u00e7 devreye girdi. Kar\u015f\u0131ya direk viyad\u00fck at\u0131lacak diyen de oldu, kal\u0131n bir menfezle yine kar\u015f\u0131ya ba\u011flant\u0131 yap\u0131lacak diyen de\u2026 Aradan ge\u00e7en keskin ve dar bentli <strong>Tali\u015f \u00e7ay\u0131<\/strong> yeni proje ile pas ge\u00e7ilecek denildi daha \u00e7ok\u2026<\/p>\n\n\n\n<p class=\"wp-block-paragraph\">Ki beklenti de \u00f6yleydi.&nbsp;<\/p>\n\n\n\n<p class=\"wp-block-paragraph\">Asl\u0131nda halk\u0131n odakland\u0131\u011f\u0131 ana nokta; <strong>Tali\u015f \u00c7ay<\/strong>\u0131 \u00fczerinden direk kar\u015f\u0131ya at\u0131lacak bir k\u00f6pr\u00fcyd\u00fc. B\u00f6ylece y\u0131llarca bo\u011fu\u015ftuklar\u0131 keskin dirsek virajlarla, rampalardan kurtulacaklard\u0131. \u00d6yle inan\u0131yor, \u00f6yle bekleniyordu. Zaten aksi bir \u00e7al\u0131\u015fmada rand\u0131man vermeyece\u011fi kabul edilmekteydi. <\/p>\n\n\n\n<figure class=\"wp-block-image size-full\"><img data-recalc-dims=\"1\" loading=\"lazy\" decoding=\"async\" width=\"828\" height=\"691\" src=\"https:\/\/i0.wp.com\/malatyareport.com.tr\/wp-content\/uploads\/2025\/12\/5D423A5C-2732-406B-979C-751BFBBE7513.jpeg?resize=828%2C691&#038;ssl=1\" alt=\"\" class=\"wp-image-662\" srcset=\"https:\/\/i0.wp.com\/malatyareport.com.tr\/wp-content\/uploads\/2025\/12\/5D423A5C-2732-406B-979C-751BFBBE7513.jpeg?w=828&amp;ssl=1 828w, https:\/\/i0.wp.com\/malatyareport.com.tr\/wp-content\/uploads\/2025\/12\/5D423A5C-2732-406B-979C-751BFBBE7513.jpeg?resize=300%2C250&amp;ssl=1 300w, https:\/\/i0.wp.com\/malatyareport.com.tr\/wp-content\/uploads\/2025\/12\/5D423A5C-2732-406B-979C-751BFBBE7513.jpeg?resize=768%2C641&amp;ssl=1 768w\" sizes=\"auto, (max-width: 828px) 100vw, 828px\" \/><\/figure>\n\n\n\n<p class=\"wp-block-paragraph\">Hul\u00e2sa \u00e7ay\u0131n her iki yakas\u0131n\u0131 olu\u015fturan dar ve keskin virajlara sahip rampalar ara\u00e7 s\u00fcr\u00fcc\u00fcleri a\u00e7\u0131s\u0131nda y\u0131llardan beri tehdit olu\u015fturduklar\u0131 a\u015fikar.&nbsp;<\/p>\n\n\n\n<p class=\"wp-block-paragraph\">S\u0131rf \u015eiro \u00e7ay\u0131 \u00fczerinde ki keskin (Candar) virajda (<strong><em>farkl\u0131 tarihlerde) <\/em><\/strong>meydana gelen kazalarda <strong>10<\/strong> ki\u015fi hayat\u0131n\u0131 kaybetti\u011fini de paragraf aras\u0131ndan hat\u0131rlatal\u0131m.&nbsp;<\/p>\n\n\n\n<p class=\"wp-block-paragraph\">Firma yetkilileri ise galiba s\u0131rt\u0131n\u0131 devlete dayam\u0131\u015f olduklar\u0131ndan, dokunulmazl\u0131k z\u0131rh\u0131 sa\u011flanm\u0131\u015f olmal\u0131 ki b\u00f6lge sakinlerine&nbsp;&nbsp;kaile alm\u0131yor, yol hakk\u0131nda hi\u00e7 bir bilgi vermeme psikolojisi b\u00fcy\u00fck bir handikap olu\u015fturuyordu. Projeyi \u00fcstlenmi\u015f <strong>GEN\u00c7-BAY<\/strong> firmas\u0131 yetkilileri de devlet s\u0131rr\u0131ym\u0131\u015f gibi proje asl\u0131n\u0131 sakl\u0131yor, merak edip soran b\u00f6lge insanlar\u0131n\u0131 muhatap alm\u0131yor, ge\u00e7i\u015ftirmeli, net-sa\u011fl\u0131kl\u0131 cevaplar vermiyordu bir t\u00fcrl\u00fc.&nbsp;<\/p>\n\n\n\n<p class=\"wp-block-paragraph\">Bizzat \u00e7al\u0131\u015fma alan\u0131nda kendim de durmu\u015f, nas\u0131l bir \u00e7al\u0131\u015fma yap\u0131ld\u0131\u011f\u0131n\u0131 orda haz\u0131r buldu\u011fum \u00e7al\u0131\u015fanlara sordu\u011fumda: \u201c<strong>biz bilgi veremeyiz\u201d <\/strong>denilerek ensemizi ka\u015f\u0131yarak u\u011furlanm\u0131\u015ft\u0131k oradan.&nbsp;<\/p>\n\n\n\n<p class=\"wp-block-paragraph\">Taki <strong>MHP<\/strong> P\u00fct\u00fcrge il\u00e7e ba\u015fkan\u0131 <strong>K\u00fcr\u015fat Ayayd\u0131n<\/strong>\u2019\u0131n \u00e7ekti\u011fi bir videoya kadar&#8230;&nbsp;<\/p>\n\n\n\n<p class=\"wp-block-paragraph\">Video elime ge\u00e7er ge\u00e7mez sosyal medya sayfamda derhal payla\u015ft\u0131m. Zaten sitem dolu olan b\u00f6lge halk\u0131 video alt\u0131na \u00e7ok\u00e7a \u00e7e\u015fitli yorumlar yapmaya ba\u015flad\u0131.&nbsp;<\/p>\n\n\n\n<p class=\"wp-block-paragraph\">Daha \u00e7ok teredd\u00fctlerini dile getiriyorlard\u0131.&nbsp;<\/p>\n\n\n\n<p class=\"wp-block-paragraph\">Video hakk\u0131nda sosyal medyada \u00e7ok\u00e7a yorumlar yap\u0131l\u0131nca herhangi bir yanl\u0131\u015f anla\u015fmaya mahal verilmesin diye geri \u00e7ekilmi\u015f, dolay\u0131s\u0131yla  yol \u00e7al\u0131\u015fmas\u0131 hakk\u0131nda vatanda\u015fa art\u0131k bir bilgi verilmesinin mecburi bir gereklilik oldu\u011fu san\u0131r\u0131m yetkililerce g\u00f6r\u00fclmeye ba\u015fland\u0131.<\/p>\n\n\n\n<p class=\"wp-block-paragraph\"><strong>Elaz\u0131\u011f<\/strong> karayollar\u0131 b\u00f6lge m\u00fcd\u00fcr\u00fc <strong>Yusuf G\u00fcne\u015f\u2019<\/strong>inde aralar\u0131nda oldu\u011fu bir heyet <strong>Eyl\u00fcl<\/strong> ay\u0131 ortalar\u0131nda durumu de\u011ferlendirmek \u00fczere Do\u011fanyol\u2019a bir ziyaret ger\u00e7ekle\u015ftireceklerini; Do\u011fanyol belediye Ba\u015fkan\u0131 <strong>Hakan Bay<\/strong>\u2019\u0131n \u015fahs\u0131m\u0131 arayarak bu toplant\u0131da yer almam hususunda telkinlerini bildirince ayn\u0131 g\u00fcn bende toplant\u0131ya m\u00fcdahil oldum.&nbsp;<\/p>\n\n\n\n<p class=\"wp-block-paragraph\">Do\u011fanyol belediye ba\u015fkan\u0131 Hakan Bay\u2019\u0131n ev sahipli\u011finde ger\u00e7ekle\u015ftirilen toplant\u0131ya yol yap\u0131m\u0131n\u0131n y\u00fcklenici Gen\u00e7-Bay firma yetkilileri, Do\u011fanyol muhtarlar\u0131, P\u00fct\u00fcrge MHP il\u00e7e ba\u015fkan\u0131 ve Do\u011fanyol meclis \u00fcyeleri ile yol hakk\u0131nda bilgi almak isteyen baz\u0131 vatanda\u015flar kat\u0131ld\u0131.&nbsp;<\/p>\n\n\n\n<p class=\"wp-block-paragraph\">Elaz\u0131\u011f Karayollar\u0131 b\u00f6lge m\u00fcd\u00fcr\u00fcn\u00fcn a\u00e7\u0131klamalar\u0131n\u0131n baz\u0131lar\u0131n not ald\u0131m toplant\u0131da. \u0130hale bedeli hakk\u0131nda bilgiler yan\u0131 s\u0131ra b\u00f6lgenin zor oldu\u011funa defaatle de\u011finmi\u015f, \u00f6zelikle b\u00f6lge insanlar\u0131n\u0131n arazileri hakk\u0131nda r\u0131za g\u00f6stermemelerine dert yak\u0131nm\u0131\u015f, konu hakk\u0131nda&nbsp;&nbsp;firma yetkililerinden belli ba\u015fl\u0131 baz\u0131 bilgiler isteyerek bize iletmi\u015fti.&nbsp;<\/p>\n\n\n\n<p class=\"wp-block-paragraph\">Kafama tak\u0131lan c\u00fcmle ise o g\u00fcn b\u00f6lge m\u00fcd\u00fcr\u00fcn\u00fcn \u201c<strong><em>proje onayland\u0131, bu saatten sonra yap\u0131lacak bir \u015fey yok!\u201d<\/em><\/strong> demesi olmu\u015ftu.&nbsp;<\/p>\n\n\n\n<p class=\"wp-block-paragraph\"><strong>Do\u011fru<\/strong>!<\/p>\n\n\n\n<p class=\"wp-block-paragraph\">Toplant\u0131 tarihi esnas\u0131nda \u00c7engelli k\u00f6y\u00fc \u015eiro \u00e7ay\u0131 alan\u0131nda yap\u0131lan \u00e7al\u0131\u015fama <strong>% 50 <\/strong>safhalar\u0131ndayd\u0131 \u00e7\u00fcnk\u00fc.&nbsp;<\/p>\n\n\n\n<figure class=\"wp-block-image size-large\"><img data-recalc-dims=\"1\" loading=\"lazy\" decoding=\"async\" width=\"768\" height=\"1024\" src=\"https:\/\/i0.wp.com\/malatyareport.com.tr\/wp-content\/uploads\/2025\/12\/E60DC3DA-270D-49B3-96BF-D5A710AF677A.jpeg?resize=768%2C1024&#038;ssl=1\" alt=\"\" class=\"wp-image-665\" srcset=\"https:\/\/i0.wp.com\/malatyareport.com.tr\/wp-content\/uploads\/2025\/12\/E60DC3DA-270D-49B3-96BF-D5A710AF677A-scaled.jpeg?resize=768%2C1024&amp;ssl=1 768w, https:\/\/i0.wp.com\/malatyareport.com.tr\/wp-content\/uploads\/2025\/12\/E60DC3DA-270D-49B3-96BF-D5A710AF677A-scaled.jpeg?resize=225%2C300&amp;ssl=1 225w, https:\/\/i0.wp.com\/malatyareport.com.tr\/wp-content\/uploads\/2025\/12\/E60DC3DA-270D-49B3-96BF-D5A710AF677A-scaled.jpeg?resize=1152%2C1536&amp;ssl=1 1152w, https:\/\/i0.wp.com\/malatyareport.com.tr\/wp-content\/uploads\/2025\/12\/E60DC3DA-270D-49B3-96BF-D5A710AF677A-scaled.jpeg?resize=1536%2C2048&amp;ssl=1 1536w, https:\/\/i0.wp.com\/malatyareport.com.tr\/wp-content\/uploads\/2025\/12\/E60DC3DA-270D-49B3-96BF-D5A710AF677A-scaled.jpeg?w=1920&amp;ssl=1 1920w\" sizes=\"auto, (max-width: 768px) 100vw, 768px\" \/><\/figure>\n\n\n\n<p class=\"wp-block-paragraph\">Bizlerde bunca \u00e7al\u0131\u015fma sonras\u0131 bir geri ad\u0131m at\u0131lmayaca\u011f\u0131n\u0131n fark\u0131ndayd\u0131k. Daha \u00e7ok b\u00f6lge halk\u0131n\u0131n gaz\u0131n\u0131 almaya y\u00f6nelik bir toplant\u0131 olarak alg\u0131lam\u0131\u015ft\u0131k. <\/p>\n\n\n\n<p class=\"wp-block-paragraph\">Baz\u0131 muhtarlar\u0131n itirazlar\u0131 sonras\u0131 \u201c<strong>neden kar\u015f\u0131ya direk viyad\u00fck at\u0131lm\u0131yor?\u201d<\/strong> serzeni\u015flerine istinaden; B\u00f6lge m\u00fcd\u00fcr\u00fc Yusuf G\u00fcne\u015f \u201c<strong>b\u00fct\u00e7e yeterli de\u011fil. Viyad\u00fck kurtarmaz, \u00e7ok maliyetli olur<\/strong>\u201d cevab\u0131n\u0131 vermi\u015fti.&nbsp;<\/p>\n\n\n\n<p class=\"wp-block-paragraph\">Baz\u0131 sa\u011fl\u0131k sorunlar\u0131m nedeniyle ses tonum k\u0131s\u0131k oldu\u011fundan \u201c<strong>Yusufeli\u2019ne 50 civar\u0131 t\u00fcnel yap\u0131lmas\u0131 kurtar\u0131yor fakat bize bir viyad\u00fck kurtarm\u0131yor<\/strong>\u201d demek istedimse de s\u00f6yleyemedim. Olmad\u0131. <\/p>\n\n\n\n<p class=\"wp-block-paragraph\"><strong>Buraya kadar her \u015fey tamam!<\/strong><\/p>\n\n\n\n<p class=\"wp-block-paragraph\">Bu yaz\u0131y\u0131 yazma tarihini g\u00f6z \u00f6n\u00fcnde bulundurursak elbette i\u015fe yaramayaca\u011f\u0131 ku\u015fkusuz. Olan olmu\u015f biten bitmi\u015f. Milyarlarca liran\u0131n harcand\u0131\u011f\u0131 bir projenin ortas\u0131nda yaz\u0131m\u0131n maksad\u0131n\u0131n tutars\u0131z oldu\u011funu da net s\u00f6zc\u00fcklerle kabul ediyorum.<\/p>\n\n\n\n<p class=\"wp-block-paragraph\">Neden \u015fimdi bu yaz\u0131m\u0131n meydana geldi\u011finin sebebine gelince; <strong>GEN\u00c7-BAY<\/strong> firmas\u0131 yetkilileri ge\u00e7enlerde bir ortamda \u201c<strong>bu yol biterse bu kez Kale yoluna ba\u015flayaca\u011f\u0131z!\u201d<\/strong>&nbsp;<\/p>\n\n\n\n<p class=\"wp-block-paragraph\">Kale yolundan kas\u0131t, <strong>Aktarla<\/strong>, <strong>H\u00fcs\u00fcku\u015fa\u011f\u0131<\/strong> \u00fczerinden, <strong>Alu\u00e7lu<\/strong> k\u00f6ylerine m\u00fcteakiben devam eden alternatif yolumuz\u2026<\/p>\n\n\n\n<p class=\"wp-block-paragraph\">A\u00e7\u0131k\u00e7as\u0131 bu s\u00f6ylem az biraz kafam\u0131 kar\u0131\u015ft\u0131rd\u0131. Evet yolumuz yap\u0131l\u0131yor do\u011fru, katk\u0131s\u0131 olan her bireyden kendi ad\u0131ma te\u015fekk\u00fcr ederim. Asl\u0131na bakarsan\u0131z yolumuz yap\u0131lm\u0131yor. Sadece geni\u015fletiliyor. Hatta <strong>173<\/strong> m daha uzat\u0131lm\u0131\u015f halde&#8230; Bir tepe kald\u0131r\u0131ld\u0131, \u015eiro \u00e7ay\u0131 yamac\u0131na ta\u015f\u0131nd\u0131. Binlerce kamyon hafriyat \u00e7\u0131kar\u0131ld\u0131 ordan. Bunlar hepsi devlet s\u0131rt\u0131na k\u00fclfet. Sonucunda tepenin ortas\u0131ndan yapay bir t\u00fcnel ortaya \u00e7\u0131kar\u0131ld\u0131 . T\u00fcnelin sa\u011f\u0131na soluna menfez duvarlar\u0131\u2026Yine ayn\u0131 rampalar, ayn\u0131 virajlar makyajlanm\u0131\u015f halde bize sunulacak.&nbsp;<\/p>\n\n\n\n<p class=\"wp-block-paragraph\"><strong>Eyvallah\u2026<\/strong><\/p>\n\n\n\n<p class=\"wp-block-paragraph\">Eski yolu sabah g\u00fcne\u015fi g\u00f6r\u00fcyordu. Yeni yap\u0131lan yolu g\u00fcne\u015f dahi u\u011framayacak. Yani k\u0131\u015f mevsimlerinde don tehlikesi daha y\u00fcksek olaca\u011f\u0131 a\u015fikar. Yine b\u00fct\u00fcn virajlar oldu\u011fu haliyle kar\u015f\u0131layacak bizleri. Madem eski rampan\u0131n bir m\u00fcdavimi yap\u0131lacakt\u0131, o halde eski rampam\u0131z\u0131 geni\u015fletseydiniz ya! Derler ya o zaman ne anlad\u0131k bu i\u015ften. Hakkaten ne anlad\u0131k biz bu i\u015ften.&nbsp;<\/p>\n\n\n\n<p class=\"wp-block-paragraph\">Saf k\u00f6yl\u00fc, hi\u00e7 bir m\u00fchendislik bilgisi olmayan, yol yap\u0131m\u0131ndan anlamayan, teknik bilgisi olmayan vatanda\u015f bile huzursuz bu durumdan, haliyle. mant\u0131k y\u00fcr\u00fct\u00fcyor. Diyor ki: \u201c<strong>madem bu kadar hafriyat \u00e7\u0131kar\u0131lacakt\u0131, madem \u00fcstelik eski Tali\u015f k\u00f6pr\u00fcs\u00fc yan\u0131na yeni bir k\u00f6pr\u00fc de yap\u0131lacak, direk neden kar\u015f\u0131ya k\u00f6pr\u00fc at\u0131lmad\u0131? Hem bunca masrafta olmazd\u0131.<\/strong>\u201dVatanda\u015f masraf\u0131n daha \u00e7ok olaca\u011f\u0131n\u0131n fark\u0131nda ve do\u011fal olarak tart\u0131\u015f\u0131yor, dile getiriyor bunu.&nbsp;<\/p>\n\n\n\n<p class=\"wp-block-paragraph\">\u015eimdi kafa m\u0131 kar\u0131\u015ft\u0131ran b\u00f6l\u00fcme gelince; Kale taraf\u0131ndan devam eden alternatif yol yap\u0131m\u0131 s\u00f6z konusu ise e\u011fer bu firma nas\u0131l garantili bu yollar\u0131 al\u0131yor b\u00f6yle? Arkas\u0131nda hangi g\u00fc\u00e7 var? Hen\u00fcz elinde ki i\u015f bitmeden; Kale yoluna g\u00f6z dikmeleri ilgin\u00e7 ve tutars\u0131z de\u011fil mi? Dahas\u0131 Kale yolu ihalesi nas\u0131l ne zaman yap\u0131ld\u0131? Yap\u0131lmad\u0131\u011f\u0131n\u0131 biliyoruz. O halde nas\u0131l \u015fimdiden Kale yolunu yapacaklar\u0131n\u0131 ortaya atabiliyorlar? Demek ki el alt\u0131ndan baz\u0131 s\u00f6zler tavizler verilmi\u015f. Veyahut neden bu b\u00f6lgeden \u00e7\u0131km\u0131yor GEN\u00c7-BAY? Hay\u0131r; yani bu b\u00f6lge ihaleleri bu firmaya madem garanti edilmi\u015fse, bir nevi pe\u015fke\u015f mi \u00e7ekilmi\u015f anlam\u0131na gelmiyor mu? Halka hi\u00e7 bir bilgi vermeyecek kadar c\u00fcret eden firma bu g\u00fcc\u00fc nerden al\u0131yor peki? E\u011fer ihale kanunu i\u015fler durumda ise bu \u00fclke de bir firma \u00f6nceden nas\u0131l kesin yeni ihale alaca\u011f\u0131n\u0131n tan\u0131s\u0131n\u0131 koyabiliyor\u2026<\/p>\n\n\n\n<p class=\"wp-block-paragraph\">kafam\u0131z\u0131 kar\u0131\u015ft\u0131ran, t\u00fcrl\u00fc sorularla dolduran b\u00f6l\u00fcm buras\u0131. <\/p>\n\n\n\n<p class=\"wp-block-paragraph\"><strong>27<\/strong> km\u2019lik yol yap\u0131m\u0131 ihale bedeli <strong>1,5 milyar<\/strong> TL ise <strong>83<\/strong> km\u2019lik Kale yolunu d\u00fc\u015f\u00fcnemiyoruz.&nbsp;<\/p>\n\n\n\n<p class=\"wp-block-paragraph\">Herkesin dedi\u011fi \u015fey \u015fu; yol yap\u0131lm\u0131yor, rant tezgah\u0131 kurulmu\u015f. Yetkili firman\u0131n ortaya koydu\u011fu tav\u0131ra bak\u0131l\u0131rsa <strong>VATANDA\u015e SONUNA KADAR HAKLI<\/strong>!<\/p>\n\n\n\n<p class=\"wp-block-paragraph\"><\/p>\n","protected":false},"excerpt":{"rendered":"<p>P\u00fct\u00fcrge ve Do\u011fanyol iki il\u00e7eden olu\u015fan tek bir b\u00f6lge asl\u0131nda. 1991\u2019de Merhum \u00d6zal\u2019\u0131n Do\u011fanyol ziyareti esnas\u0131nda ilk olarak il\u00e7e olmas\u0131 g\u00fcndem gelmi\u015f, akabinde nahiye iken&#8230;<\/p>\n<div class=\"more-link-wrapper\"><a class=\"more-link\" href=\"https:\/\/malatyareport.com.tr\/index.php\/2025\/12\/27\/doganyola-yol-mu-yapiliyor-rant-tezgahi-mi-kuruluyor\/\">Devam\u0131n\u0131 okuyun<span class=\"screen-reader-text\">Do\u011fanyol\u2019a Yol mu yap\u0131l\u0131yor, Rant tezgah\u0131 m\u0131 Kuruluyor?<\/span><\/a><\/div>\n","protected":false},"author":1,"featured_media":0,"comment_status":"open","ping_status":"open","sticky":false,"template":"","format":"standard","meta":{"_jetpack_memberships_contains_paid_content":false,"footnotes":""},"categories":[5],"tags":[],"class_list":["post-632","post","type-post","status-publish","format-standard","hentry","category-kose-yazilari","entry"],"yoast_head":"<!-- This site is optimized with the Yoast SEO plugin v28.2 - https:\/\/yoast.com\/product\/yoast-seo-wordpress\/ -->\n<title>Do\u011fanyol\u2019a Yol mu yap\u0131l\u0131yor, Rant tezgah\u0131 m\u0131 Kuruluyor? - Malatya Report<\/title>\n<meta name=\"robots\" content=\"index, follow, max-snippet:-1, max-image-preview:large, max-video-preview:-1\" \/>\n<link rel=\"canonical\" href=\"https:\/\/malatyareport.com.tr\/index.php\/2025\/12\/27\/doganyola-yol-mu-yapiliyor-rant-tezgahi-mi-kuruluyor\/\" \/>\n<meta property=\"og:locale\" content=\"tr_TR\" \/>\n<meta property=\"og:type\" content=\"article\" \/>\n<meta property=\"og:title\" content=\"Do\u011fanyol\u2019a Yol mu yap\u0131l\u0131yor, Rant tezgah\u0131 m\u0131 Kuruluyor? - Malatya Report\" \/>\n<meta property=\"og:description\" content=\"P\u00fct\u00fcrge ve Do\u011fanyol iki il\u00e7eden olu\u015fan tek bir b\u00f6lge asl\u0131nda. 1991\u2019de Merhum \u00d6zal\u2019\u0131n Do\u011fanyol ziyareti esnas\u0131nda ilk olarak il\u00e7e olmas\u0131 g\u00fcndem gelmi\u015f, akabinde nahiye iken&#8230;\" \/>\n<meta property=\"og:url\" content=\"https:\/\/malatyareport.com.tr\/index.php\/2025\/12\/27\/doganyola-yol-mu-yapiliyor-rant-tezgahi-mi-kuruluyor\/\" \/>\n<meta property=\"og:site_name\" content=\"Malatya Report\" \/>\n<meta property=\"article:author\" content=\"https:\/\/www.facebook.com\/timurince\" \/>\n<meta property=\"article:published_time\" content=\"2025-12-27T20:37:39+00:00\" \/>\n<meta property=\"article:modified_time\" content=\"2025-12-30T05:02:30+00:00\" \/>\n<meta property=\"og:image\" content=\"https:\/\/malatyareport.com.tr\/wp-content\/uploads\/2025\/12\/39C8BE6D-2960-4ACB-A0BA-4B16A76CB1E4.jpeg\" \/>\n<meta name=\"author\" content=\"Timur \u0130nce\" \/>\n<meta name=\"twitter:card\" content=\"summary_large_image\" \/>\n<meta name=\"twitter:creator\" content=\"@timurince11\" \/>\n<meta name=\"twitter:label1\" content=\"Yazan:\" \/>\n\t<meta name=\"twitter:data1\" content=\"Timur \u0130nce\" \/>\n\t<meta name=\"twitter:label2\" content=\"Tahmini okuma s\u00fcresi\" \/>\n\t<meta name=\"twitter:data2\" content=\"10 dakika\" \/>\n<script type=\"application\/ld+json\" class=\"yoast-schema-graph\">{\"@context\":\"https:\\\/\\\/schema.org\",\"@graph\":[{\"@type\":\"Article\",\"@id\":\"https:\\\/\\\/malatyareport.com.tr\\\/index.php\\\/2025\\\/12\\\/27\\\/doganyola-yol-mu-yapiliyor-rant-tezgahi-mi-kuruluyor\\\/#article\",\"isPartOf\":{\"@id\":\"https:\\\/\\\/malatyareport.com.tr\\\/index.php\\\/2025\\\/12\\\/27\\\/doganyola-yol-mu-yapiliyor-rant-tezgahi-mi-kuruluyor\\\/\"},\"author\":{\"name\":\"Timur \u0130nce\",\"@id\":\"https:\\\/\\\/malatyareport.com.tr\\\/#\\\/schema\\\/person\\\/93146d94af76b792b58ac78050cc6da7\"},\"headline\":\"Do\u011fanyol\u2019a Yol mu yap\u0131l\u0131yor, Rant tezgah\u0131 m\u0131 Kuruluyor?\",\"datePublished\":\"2025-12-27T20:37:39+00:00\",\"dateModified\":\"2025-12-30T05:02:30+00:00\",\"mainEntityOfPage\":{\"@id\":\"https:\\\/\\\/malatyareport.com.tr\\\/index.php\\\/2025\\\/12\\\/27\\\/doganyola-yol-mu-yapiliyor-rant-tezgahi-mi-kuruluyor\\\/\"},\"wordCount\":2244,\"commentCount\":0,\"image\":{\"@id\":\"https:\\\/\\\/malatyareport.com.tr\\\/index.php\\\/2025\\\/12\\\/27\\\/doganyola-yol-mu-yapiliyor-rant-tezgahi-mi-kuruluyor\\\/#primaryimage\"},\"thumbnailUrl\":\"https:\\\/\\\/malatyareport.com.tr\\\/wp-content\\\/uploads\\\/2025\\\/12\\\/39C8BE6D-2960-4ACB-A0BA-4B16A76CB1E4.jpeg\",\"articleSection\":[\"K\u00f6\u015fe Yaz\u0131lar\u0131\"],\"inLanguage\":\"tr\",\"potentialAction\":[{\"@type\":\"CommentAction\",\"name\":\"Comment\",\"target\":[\"https:\\\/\\\/malatyareport.com.tr\\\/index.php\\\/2025\\\/12\\\/27\\\/doganyola-yol-mu-yapiliyor-rant-tezgahi-mi-kuruluyor\\\/#respond\"]}]},{\"@type\":\"WebPage\",\"@id\":\"https:\\\/\\\/malatyareport.com.tr\\\/index.php\\\/2025\\\/12\\\/27\\\/doganyola-yol-mu-yapiliyor-rant-tezgahi-mi-kuruluyor\\\/\",\"url\":\"https:\\\/\\\/malatyareport.com.tr\\\/index.php\\\/2025\\\/12\\\/27\\\/doganyola-yol-mu-yapiliyor-rant-tezgahi-mi-kuruluyor\\\/\",\"name\":\"Do\u011fanyol\u2019a Yol mu yap\u0131l\u0131yor, Rant tezgah\u0131 m\u0131 Kuruluyor? - Malatya Report\",\"isPartOf\":{\"@id\":\"https:\\\/\\\/malatyareport.com.tr\\\/#website\"},\"primaryImageOfPage\":{\"@id\":\"https:\\\/\\\/malatyareport.com.tr\\\/index.php\\\/2025\\\/12\\\/27\\\/doganyola-yol-mu-yapiliyor-rant-tezgahi-mi-kuruluyor\\\/#primaryimage\"},\"image\":{\"@id\":\"https:\\\/\\\/malatyareport.com.tr\\\/index.php\\\/2025\\\/12\\\/27\\\/doganyola-yol-mu-yapiliyor-rant-tezgahi-mi-kuruluyor\\\/#primaryimage\"},\"thumbnailUrl\":\"https:\\\/\\\/malatyareport.com.tr\\\/wp-content\\\/uploads\\\/2025\\\/12\\\/39C8BE6D-2960-4ACB-A0BA-4B16A76CB1E4.jpeg\",\"datePublished\":\"2025-12-27T20:37:39+00:00\",\"dateModified\":\"2025-12-30T05:02:30+00:00\",\"author\":{\"@id\":\"https:\\\/\\\/malatyareport.com.tr\\\/#\\\/schema\\\/person\\\/93146d94af76b792b58ac78050cc6da7\"},\"breadcrumb\":{\"@id\":\"https:\\\/\\\/malatyareport.com.tr\\\/index.php\\\/2025\\\/12\\\/27\\\/doganyola-yol-mu-yapiliyor-rant-tezgahi-mi-kuruluyor\\\/#breadcrumb\"},\"inLanguage\":\"tr\",\"potentialAction\":[{\"@type\":\"ReadAction\",\"target\":[\"https:\\\/\\\/malatyareport.com.tr\\\/index.php\\\/2025\\\/12\\\/27\\\/doganyola-yol-mu-yapiliyor-rant-tezgahi-mi-kuruluyor\\\/\"]}]},{\"@type\":\"ImageObject\",\"inLanguage\":\"tr\",\"@id\":\"https:\\\/\\\/malatyareport.com.tr\\\/index.php\\\/2025\\\/12\\\/27\\\/doganyola-yol-mu-yapiliyor-rant-tezgahi-mi-kuruluyor\\\/#primaryimage\",\"url\":\"https:\\\/\\\/i0.wp.com\\\/malatyareport.com.tr\\\/wp-content\\\/uploads\\\/2025\\\/12\\\/39C8BE6D-2960-4ACB-A0BA-4B16A76CB1E4.jpeg?fit=805%2C874&ssl=1\",\"contentUrl\":\"https:\\\/\\\/i0.wp.com\\\/malatyareport.com.tr\\\/wp-content\\\/uploads\\\/2025\\\/12\\\/39C8BE6D-2960-4ACB-A0BA-4B16A76CB1E4.jpeg?fit=805%2C874&ssl=1\",\"width\":805,\"height\":874},{\"@type\":\"BreadcrumbList\",\"@id\":\"https:\\\/\\\/malatyareport.com.tr\\\/index.php\\\/2025\\\/12\\\/27\\\/doganyola-yol-mu-yapiliyor-rant-tezgahi-mi-kuruluyor\\\/#breadcrumb\",\"itemListElement\":[{\"@type\":\"ListItem\",\"position\":1,\"name\":\"Anasayfa\",\"item\":\"https:\\\/\\\/malatyareport.com.tr\\\/\"},{\"@type\":\"ListItem\",\"position\":2,\"name\":\"Do\u011fanyol\u2019a Yol mu yap\u0131l\u0131yor, Rant tezgah\u0131 m\u0131 Kuruluyor?\"}]},{\"@type\":\"WebSite\",\"@id\":\"https:\\\/\\\/malatyareport.com.tr\\\/#website\",\"url\":\"https:\\\/\\\/malatyareport.com.tr\\\/\",\"name\":\"Malatya Report\",\"description\":\"\",\"potentialAction\":[{\"@type\":\"SearchAction\",\"target\":{\"@type\":\"EntryPoint\",\"urlTemplate\":\"https:\\\/\\\/malatyareport.com.tr\\\/?s={search_term_string}\"},\"query-input\":{\"@type\":\"PropertyValueSpecification\",\"valueRequired\":true,\"valueName\":\"search_term_string\"}}],\"inLanguage\":\"tr\"},{\"@type\":\"Person\",\"@id\":\"https:\\\/\\\/malatyareport.com.tr\\\/#\\\/schema\\\/person\\\/93146d94af76b792b58ac78050cc6da7\",\"name\":\"Timur \u0130nce\",\"image\":{\"@type\":\"ImageObject\",\"inLanguage\":\"tr\",\"@id\":\"https:\\\/\\\/secure.gravatar.com\\\/avatar\\\/e5ce118bd86e5549ff544e7c5b614da198ecaa7f8e9398b55d27ae1f117511d8?s=96&d=mm&r=g\",\"url\":\"https:\\\/\\\/secure.gravatar.com\\\/avatar\\\/e5ce118bd86e5549ff544e7c5b614da198ecaa7f8e9398b55d27ae1f117511d8?s=96&d=mm&r=g\",\"contentUrl\":\"https:\\\/\\\/secure.gravatar.com\\\/avatar\\\/e5ce118bd86e5549ff544e7c5b614da198ecaa7f8e9398b55d27ae1f117511d8?s=96&d=mm&r=g\",\"caption\":\"Timur \u0130nce\"},\"description\":\"Zaman\u0131n ruhunda bir damla m\u00fcrekkep olmay\u0131 isterdim. Bir damla m\u00fcrekkep bir ulusun kaderini yazmaya yeterlidir.\",\"sameAs\":[\"https:\\\/\\\/malatyareport.com.tr\",\"https:\\\/\\\/www.facebook.com\\\/timurince\",\"@timur_ince_t5_\",\"https:\\\/\\\/x.com\\\/@timurince11\"],\"url\":\"https:\\\/\\\/malatyareport.com.tr\\\/index.php\\\/author\\\/admin_6i9yniox\\\/\"}]}<\/script>\n<!-- \/ Yoast SEO plugin. -->","yoast_head_json":{"title":"Do\u011fanyol\u2019a Yol mu yap\u0131l\u0131yor, Rant tezgah\u0131 m\u0131 Kuruluyor? - Malatya Report","robots":{"index":"index","follow":"follow","max-snippet":"max-snippet:-1","max-image-preview":"max-image-preview:large","max-video-preview":"max-video-preview:-1"},"canonical":"https:\/\/malatyareport.com.tr\/index.php\/2025\/12\/27\/doganyola-yol-mu-yapiliyor-rant-tezgahi-mi-kuruluyor\/","og_locale":"tr_TR","og_type":"article","og_title":"Do\u011fanyol\u2019a Yol mu yap\u0131l\u0131yor, Rant tezgah\u0131 m\u0131 Kuruluyor? - Malatya Report","og_description":"P\u00fct\u00fcrge ve Do\u011fanyol iki il\u00e7eden olu\u015fan tek bir b\u00f6lge asl\u0131nda. 1991\u2019de Merhum \u00d6zal\u2019\u0131n Do\u011fanyol ziyareti esnas\u0131nda ilk olarak il\u00e7e olmas\u0131 g\u00fcndem gelmi\u015f, akabinde nahiye iken&#8230;","og_url":"https:\/\/malatyareport.com.tr\/index.php\/2025\/12\/27\/doganyola-yol-mu-yapiliyor-rant-tezgahi-mi-kuruluyor\/","og_site_name":"Malatya Report","article_author":"https:\/\/www.facebook.com\/timurince","article_published_time":"2025-12-27T20:37:39+00:00","article_modified_time":"2025-12-30T05:02:30+00:00","og_image":[{"url":"https:\/\/malatyareport.com.tr\/wp-content\/uploads\/2025\/12\/39C8BE6D-2960-4ACB-A0BA-4B16A76CB1E4.jpeg","type":"","width":"","height":""}],"author":"Timur \u0130nce","twitter_card":"summary_large_image","twitter_creator":"@timurince11","twitter_misc":{"Yazan:":"Timur \u0130nce","Tahmini okuma s\u00fcresi":"10 dakika"},"schema":{"@context":"https:\/\/schema.org","@graph":[{"@type":"Article","@id":"https:\/\/malatyareport.com.tr\/index.php\/2025\/12\/27\/doganyola-yol-mu-yapiliyor-rant-tezgahi-mi-kuruluyor\/#article","isPartOf":{"@id":"https:\/\/malatyareport.com.tr\/index.php\/2025\/12\/27\/doganyola-yol-mu-yapiliyor-rant-tezgahi-mi-kuruluyor\/"},"author":{"name":"Timur \u0130nce","@id":"https:\/\/malatyareport.com.tr\/#\/schema\/person\/93146d94af76b792b58ac78050cc6da7"},"headline":"Do\u011fanyol\u2019a Yol mu yap\u0131l\u0131yor, Rant tezgah\u0131 m\u0131 Kuruluyor?","datePublished":"2025-12-27T20:37:39+00:00","dateModified":"2025-12-30T05:02:30+00:00","mainEntityOfPage":{"@id":"https:\/\/malatyareport.com.tr\/index.php\/2025\/12\/27\/doganyola-yol-mu-yapiliyor-rant-tezgahi-mi-kuruluyor\/"},"wordCount":2244,"commentCount":0,"image":{"@id":"https:\/\/malatyareport.com.tr\/index.php\/2025\/12\/27\/doganyola-yol-mu-yapiliyor-rant-tezgahi-mi-kuruluyor\/#primaryimage"},"thumbnailUrl":"https:\/\/malatyareport.com.tr\/wp-content\/uploads\/2025\/12\/39C8BE6D-2960-4ACB-A0BA-4B16A76CB1E4.jpeg","articleSection":["K\u00f6\u015fe Yaz\u0131lar\u0131"],"inLanguage":"tr","potentialAction":[{"@type":"CommentAction","name":"Comment","target":["https:\/\/malatyareport.com.tr\/index.php\/2025\/12\/27\/doganyola-yol-mu-yapiliyor-rant-tezgahi-mi-kuruluyor\/#respond"]}]},{"@type":"WebPage","@id":"https:\/\/malatyareport.com.tr\/index.php\/2025\/12\/27\/doganyola-yol-mu-yapiliyor-rant-tezgahi-mi-kuruluyor\/","url":"https:\/\/malatyareport.com.tr\/index.php\/2025\/12\/27\/doganyola-yol-mu-yapiliyor-rant-tezgahi-mi-kuruluyor\/","name":"Do\u011fanyol\u2019a Yol mu yap\u0131l\u0131yor, Rant tezgah\u0131 m\u0131 Kuruluyor? - Malatya Report","isPartOf":{"@id":"https:\/\/malatyareport.com.tr\/#website"},"primaryImageOfPage":{"@id":"https:\/\/malatyareport.com.tr\/index.php\/2025\/12\/27\/doganyola-yol-mu-yapiliyor-rant-tezgahi-mi-kuruluyor\/#primaryimage"},"image":{"@id":"https:\/\/malatyareport.com.tr\/index.php\/2025\/12\/27\/doganyola-yol-mu-yapiliyor-rant-tezgahi-mi-kuruluyor\/#primaryimage"},"thumbnailUrl":"https:\/\/malatyareport.com.tr\/wp-content\/uploads\/2025\/12\/39C8BE6D-2960-4ACB-A0BA-4B16A76CB1E4.jpeg","datePublished":"2025-12-27T20:37:39+00:00","dateModified":"2025-12-30T05:02:30+00:00","author":{"@id":"https:\/\/malatyareport.com.tr\/#\/schema\/person\/93146d94af76b792b58ac78050cc6da7"},"breadcrumb":{"@id":"https:\/\/malatyareport.com.tr\/index.php\/2025\/12\/27\/doganyola-yol-mu-yapiliyor-rant-tezgahi-mi-kuruluyor\/#breadcrumb"},"inLanguage":"tr","potentialAction":[{"@type":"ReadAction","target":["https:\/\/malatyareport.com.tr\/index.php\/2025\/12\/27\/doganyola-yol-mu-yapiliyor-rant-tezgahi-mi-kuruluyor\/"]}]},{"@type":"ImageObject","inLanguage":"tr","@id":"https:\/\/malatyareport.com.tr\/index.php\/2025\/12\/27\/doganyola-yol-mu-yapiliyor-rant-tezgahi-mi-kuruluyor\/#primaryimage","url":"https:\/\/i0.wp.com\/malatyareport.com.tr\/wp-content\/uploads\/2025\/12\/39C8BE6D-2960-4ACB-A0BA-4B16A76CB1E4.jpeg?fit=805%2C874&ssl=1","contentUrl":"https:\/\/i0.wp.com\/malatyareport.com.tr\/wp-content\/uploads\/2025\/12\/39C8BE6D-2960-4ACB-A0BA-4B16A76CB1E4.jpeg?fit=805%2C874&ssl=1","width":805,"height":874},{"@type":"BreadcrumbList","@id":"https:\/\/malatyareport.com.tr\/index.php\/2025\/12\/27\/doganyola-yol-mu-yapiliyor-rant-tezgahi-mi-kuruluyor\/#breadcrumb","itemListElement":[{"@type":"ListItem","position":1,"name":"Anasayfa","item":"https:\/\/malatyareport.com.tr\/"},{"@type":"ListItem","position":2,"name":"Do\u011fanyol\u2019a Yol mu yap\u0131l\u0131yor, Rant tezgah\u0131 m\u0131 Kuruluyor?"}]},{"@type":"WebSite","@id":"https:\/\/malatyareport.com.tr\/#website","url":"https:\/\/malatyareport.com.tr\/","name":"Malatya Report","description":"","potentialAction":[{"@type":"SearchAction","target":{"@type":"EntryPoint","urlTemplate":"https:\/\/malatyareport.com.tr\/?s={search_term_string}"},"query-input":{"@type":"PropertyValueSpecification","valueRequired":true,"valueName":"search_term_string"}}],"inLanguage":"tr"},{"@type":"Person","@id":"https:\/\/malatyareport.com.tr\/#\/schema\/person\/93146d94af76b792b58ac78050cc6da7","name":"Timur \u0130nce","image":{"@type":"ImageObject","inLanguage":"tr","@id":"https:\/\/secure.gravatar.com\/avatar\/e5ce118bd86e5549ff544e7c5b614da198ecaa7f8e9398b55d27ae1f117511d8?s=96&d=mm&r=g","url":"https:\/\/secure.gravatar.com\/avatar\/e5ce118bd86e5549ff544e7c5b614da198ecaa7f8e9398b55d27ae1f117511d8?s=96&d=mm&r=g","contentUrl":"https:\/\/secure.gravatar.com\/avatar\/e5ce118bd86e5549ff544e7c5b614da198ecaa7f8e9398b55d27ae1f117511d8?s=96&d=mm&r=g","caption":"Timur \u0130nce"},"description":"Zaman\u0131n ruhunda bir damla m\u00fcrekkep olmay\u0131 isterdim. Bir damla m\u00fcrekkep bir ulusun kaderini yazmaya yeterlidir.","sameAs":["https:\/\/malatyareport.com.tr","https:\/\/www.facebook.com\/timurince","@timur_ince_t5_","https:\/\/x.com\/@timurince11"],"url":"https:\/\/malatyareport.com.tr\/index.php\/author\/admin_6i9yniox\/"}]}},"jetpack_featured_media_url":"","jetpack_sharing_enabled":true,"_links":{"self":[{"href":"https:\/\/malatyareport.com.tr\/index.php\/wp-json\/wp\/v2\/posts\/632","targetHints":{"allow":["GET"]}}],"collection":[{"href":"https:\/\/malatyareport.com.tr\/index.php\/wp-json\/wp\/v2\/posts"}],"about":[{"href":"https:\/\/malatyareport.com.tr\/index.php\/wp-json\/wp\/v2\/types\/post"}],"author":[{"embeddable":true,"href":"https:\/\/malatyareport.com.tr\/index.php\/wp-json\/wp\/v2\/users\/1"}],"replies":[{"embeddable":true,"href":"https:\/\/malatyareport.com.tr\/index.php\/wp-json\/wp\/v2\/comments?post=632"}],"version-history":[{"count":19,"href":"https:\/\/malatyareport.com.tr\/index.php\/wp-json\/wp\/v2\/posts\/632\/revisions"}],"predecessor-version":[{"id":669,"href":"https:\/\/malatyareport.com.tr\/index.php\/wp-json\/wp\/v2\/posts\/632\/revisions\/669"}],"wp:attachment":[{"href":"https:\/\/malatyareport.com.tr\/index.php\/wp-json\/wp\/v2\/media?parent=632"}],"wp:term":[{"taxonomy":"category","embeddable":true,"href":"https:\/\/malatyareport.com.tr\/index.php\/wp-json\/wp\/v2\/categories?post=632"},{"taxonomy":"post_tag","embeddable":true,"href":"https:\/\/malatyareport.com.tr\/index.php\/wp-json\/wp\/v2\/tags?post=632"}],"curies":[{"name":"wp","href":"https:\/\/api.w.org\/{rel}","templated":true}]}}