{"id":67,"date":"2025-05-07T19:18:01","date_gmt":"2025-05-07T19:18:01","guid":{"rendered":"https:\/\/malatyareport.com.tr\/?p=67"},"modified":"2025-05-08T17:06:23","modified_gmt":"2025-05-08T17:06:23","slug":"alt-akillar-zaaflar-halkin-kandirilma-siniri","status":"publish","type":"post","link":"https:\/\/malatyareport.com.tr\/index.php\/2025\/05\/07\/alt-akillar-zaaflar-halkin-kandirilma-siniri\/","title":{"rendered":"ALT AKILLAR, ZAAFLAR, HALKIN KANDIRILMA SINIRI"},"content":{"rendered":"\n<figure class=\"wp-block-image size-full\"><img data-recalc-dims=\"1\" loading=\"lazy\" decoding=\"async\" width=\"679\" height=\"452\" src=\"https:\/\/i0.wp.com\/malatyareport.com.tr\/wp-content\/uploads\/2025\/05\/2E9B85C8-ED61-44A5-B316-32BEE884FF4D.jpeg?resize=679%2C452&#038;ssl=1\" alt=\"\" class=\"wp-image-69\" srcset=\"https:\/\/i0.wp.com\/malatyareport.com.tr\/wp-content\/uploads\/2025\/05\/2E9B85C8-ED61-44A5-B316-32BEE884FF4D.jpeg?w=679&amp;ssl=1 679w, https:\/\/i0.wp.com\/malatyareport.com.tr\/wp-content\/uploads\/2025\/05\/2E9B85C8-ED61-44A5-B316-32BEE884FF4D.jpeg?resize=300%2C200&amp;ssl=1 300w\" sizes=\"auto, (max-width: 679px) 100vw, 679px\" \/><\/figure>\n\n\n\n<p class=\"wp-block-paragraph\">Malatya\u2019da uzun s\u00fcren iktidar eksenli bir y\u00f6netim var, \u00f6yle ki \u2018art\u0131k bizden ba\u015fkas\u0131 olmaz\u2019 al\u0131\u015fkanl\u0131\u011f\u0131na d\u00f6n\u00fc\u015fen g\u00fc\u00e7 zehirlenmesi beraberinde ciddi yanl\u0131\u015flar\u0131 ve varl\u0131k gerek\u00e7elerini kaybetme dokusu olu\u015fturdu.&nbsp;<\/p>\n\n\n\n<p class=\"wp-block-paragraph\">Nitekim hikayenin \u00f6z\u00fcnde insan olmal\u0131. \u0130nsan da birbirine dayal\u0131 vefa, sevgi, sayg\u0131 duygular\u0131n\u0131 kapsar. \u0130nsan\u0131n oldu\u011fu yerde do\u011frular kadar yanl\u0131\u015f\u0131n da var oldu\u011funu eklersek y\u00f6neticilerin rasyonel prosed\u00fcr\u00fc kendi duygu, d\u00fc\u015f\u00fcnce d\u00fcnyalar\u0131yla s\u0131n\u0131rl\u0131 bir tablo \u00e7izmeye yeltenmeleri olas\u0131 hatalar y\u0131\u011f\u0131na\u011f\u0131n\u0131 katlamal\u0131 hale getiriyor.\u00a0<\/p>\n\n\n\n<p class=\"wp-block-paragraph\">Azmedip ustala\u015ft\u0131k\u00e7a toplumdan daha da kopuk bir tarz ortaya koyan y\u00f6neticilerimiz bak\u0131yoruz halen \u015fehrin i\u00e7inde bulundu\u011fu batakl\u0131\u011f\u0131n-tozlu girdab\u0131n fark\u0131nda de\u011filler.&nbsp;<\/p>\n\n\n\n<p class=\"wp-block-paragraph\">Hal b\u00f6yle olunca a\u015f\u0131k Veysel\u2019in bir par\u00e7as\u0131nda dile getirdi\u011fi gibi \u201cuzun ince bir yolday\u0131m\u201d yan\u0131lg\u0131s\u0131na kap\u0131l\u0131r. \u0130nce uzun yolun sonunun gelmeyece\u011fi kan\u0131s\u0131, k\u0131sa vadeli bir heves olarak belirse de; geni\u015f vadede ince uzun yolun sonunun saplanaca\u011f\u0131 pi\u015fmanl\u0131k tarlas\u0131 ile birlikte, beceriksizlik ve k\u00f6t\u00fc huylu y\u00f6neticilik eklendi\u011finde niyet maksad\u0131n\u0131 a\u015fm\u0131\u015f olmuyor mu?&nbsp;<\/p>\n\n\n\n<p class=\"wp-block-paragraph\"><strong><mark style=\"background-color:rgba(0, 0, 0, 0)\" class=\"has-inline-color has-vivid-cyan-blue-color\">Malatya<\/mark> <mark style=\"background-color:rgba(0, 0, 0, 0)\" class=\"has-inline-color has-vivid-cyan-blue-color\">nas\u0131l kand\u0131r\u0131l\u0131yor?<\/mark><\/strong><\/p>\n\n\n\n<p class=\"wp-block-paragraph\">Y\u00f6neticiler g\u00fcn\u00fc birlik programlar, \u00e7e\u015fitli vasat g\u00fcndemler, i\u00e7 ziyaretler, t\u00f6renler, ger\u00e7e\u011fe dayal\u0131 olmayan y\u00f6netim politikalar\u0131 \u015fehrin reel de\u011ferlerini yaln\u0131zla\u015ft\u0131r\u0131yor. Yaln\u0131zla\u015ft\u0131rmak yetmedi\u011fi gibi halk\u0131n depremden beri -pik- yapm\u0131\u015f beklenti ser\u00fcvenine s\u00fcrekli ka\u00e7amak, \u00fcst\u00fc kapal\u0131, \u00f6rt\u00fcl\u00fc cevaplarla veya asl\u0131ndan uzak kand\u0131rma temal\u0131 roller \u00fcstlenildi\u011fi belirginlik kazand\u0131 art\u0131k.&nbsp;<\/p>\n\n\n\n<p class=\"wp-block-paragraph\">\u00d6yle ki \u0130ktidar\u0131n g\u00fcc\u00fcn\u00fc yerele aktar\u0131lmas\u0131 hususunun pas ge\u00e7ildi\u011fi bu ser\u00fcven boyunca kadrolar\u0131n i\u015flerli\u011fini bask\u0131layan-k\u0131s\u0131tlayan tekt\u00fczelik durumu beraberinde tekelle\u015fmeyi tamaml\u0131yor. Bu kez ortaya ba\u015fka bir sorun \u00e7\u0131k\u0131yor. M\u00fccadele kendi i\u00e7ine d\u00f6nd\u00fck\u00e7e, y\u00f6neticiler kendisini topluma kabul ettirmede farkl\u0131 y\u00f6ntemlere ba\u015f vurmakta, bu da g\u00fc\u00e7l\u00fc s\u00f6ylemler ile yeni arg\u00fcmanlar \u00fcretme yetene\u011fini k\u0131s\u0131rla\u015ft\u0131rmaktad\u0131r.&nbsp;&nbsp;<\/p>\n\n\n\n<p class=\"wp-block-paragraph\"><strong><mark style=\"background-color:rgba(0, 0, 0, 0)\" class=\"has-inline-color has-vivid-cyan-blue-color\">Gelelim belediyeyi ele ge\u00e7iren alt ak\u0131llara<\/mark>&nbsp;<\/strong><\/p>\n\n\n\n<p class=\"wp-block-paragraph\">Asl\u0131nda B\u00fcy\u00fck\u015fehir belediyesinde hiyerar\u015fik yap\u0131lanmas\u0131n\u0131n defolu hale geldi\u011fi iddias\u0131 baya\u011f\u0131 zamand\u0131r dile d\u00fc\u015fm\u00fc\u015ft\u00fc. Ba\u015fkan\u0131n elindeki g\u00fcc\u00fcn garantisinin fark\u0131nda olmad\u0131\u011f\u0131ndan olsa gerek; dipten t\u0131rmanan ego mekanizmalar\u0131 i\u015fi en u\u00e7 boyutlara ta\u015f\u0131d\u0131. Ba\u015fkan Sami Er\u2019in g\u00fcler y\u00fczl\u00fc, yumu\u015fak karakterli, ee tabiki bir de \u015fehre yabanc\u0131 olma bo\u015flu\u011funu kolektif f\u0131rsata \u00e7eviren ve belediyeyi ba\u015fkan\u0131n\u0131n kula\u011f\u0131na sufleler \u00fcfleyerek y\u00f6neten <a href=\"https:\/\/malatyareport.com.tr\/index.php\/2025\/04\/30\/malatya-siyasetinde-kalitesizlik-donemi\/\" target=\"_blank\" rel=\"noreferrer noopener\">iki isimle tan\u0131\u015ft\u0131raca\u011f\u0131m\u0131 \u00f6nceki yaz\u0131mda<\/a> not d\u00fc\u015fm\u00fc\u015ft\u00fcm. Malatya\u2019n\u0131n kand\u0131r\u0131lmas\u0131n\u0131n adisyonuna i\u015fleyen ekstralar say\u0131lan bu (paralel) ortakl\u0131k \u00e7oktan y\u00f6netimi pay etme saf\u0131na ge\u00e7mi\u015flerdi bile<\/p>\n\n\n\n<p class=\"wp-block-paragraph\"><strong><mark style=\"color:#0693e3;background-color:rgba(0, 0, 0, 0)\" class=\"has-inline-color has-vivid-cyan-blue-color\">Peki kim yeni ortaklar?&nbsp;<\/mark><\/strong><\/p>\n\n\n\n<p class=\"wp-block-paragraph\"><strong><em>1<\/em><\/strong>&#8211;<strong><em>Sabri Baya<\/em><\/strong>t: Bayat as\u0131l beldeyeyi y\u00f6neten ki\u015fi. Maski&#8217;nin emekli, \u015fuan dan\u0131\u015fman kartvizitine sahip. Her an Sami ba\u015fkan\u0131n g\u00f6lgesi gibi yan\u0131nda, kimseyi yakla\u015ft\u0131rm\u0131yor yan\u0131na. Randevu taleplerini ge\u00e7i\u015ftiriyor, yani Sami bey ile g\u00f6r\u00fc\u015fmek isteseniz ilk Sabri beyin radar\u0131ndan ge\u00e7eceksiniz. Uygun bulmazsa, ho\u015funa gitmezseniz, kafas\u0131na yatmazsa kap\u0131 orada. Belediyeyi dizayn ediyor, herkese korku iklimi a\u015f\u0131lam\u0131s, ihale pe\u015finde ko\u015fan, dost ve akrabalar\u0131na ihale ald\u0131rmak gibi olduk\u00e7a ba\u015far\u0131l\u0131 bir yetene\u011fi etkin. Akrabalar\u0131n\u0131 Malatya&#8217;ya i\u015fe yerle\u015ftirmek amac\u0131yla \u00e7a\u011f\u0131r\u0131yor, Sami beyin \u00f6zel idare genel sekreteri oldu\u011fu d\u00f6nemden beri yan\u0131nda. E\u011fitim derecesi lise mezunu, \u00fcniversite de\u011fil. Sabri bey ayr\u0131ca Esenlik y\u00f6netim kurulu \u00fcyeli\u011finden ek \u00fccret almaktad\u0131r.&nbsp;(90 bin ald\u0131\u011f\u0131 iddia ediliyor, ama teyit ettiremedim.)<\/p>\n\n\n\n<p class=\"wp-block-paragraph\"><strong><em>2-Erol Kartal: <\/em><\/strong>Sami ba\u015fkan\u0131n protokol m\u00fcd\u00fcr\u00fc. Ye\u015filyurt belediyesinde \u00e7al\u0131\u015f\u0131yor, en az\u0131ndan kadrosu hala orda. Erol ba\u015fkan bu Sabri kadar olmasa da belediyede ikinci en etkili isim. Ya ortaokul yada l\u0131se mezunu, Sami ba\u015fkan\u0131 \u00f6zel idareden tan\u0131yor, Erol Kartal&#8217;da Belsos y\u00f6netim kurulu \u00fcyel\u0131g\u0131nden ayn\u0131 ek \u00fccreti almaktad\u0131r.&nbsp;(Belsos\u2019tan ayn\u0131 \u00fccreti al\u0131yor.)<\/p>\n\n\n\n<p class=\"wp-block-paragraph\">Bu iki stratejik isim adeta belediye Sami ba\u015fkanla birlikte paralel y\u00f6netmeleri yan\u0131nda, sa\u011f ve sol kollar\u0131 gibi her an Sami beyin yan\u0131nda bulunurlar. Nefes ald\u0131rmaz, kimseyi yan\u0131na yakla\u015ft\u0131rmazlar. Olurda biri ba\u015f\u0131n\u0131 kald\u0131r\u0131rsa bu iki isim taraf\u0131ndan&nbsp;&nbsp;derhal deport edilir.&nbsp;<\/p>\n\n\n\n<p class=\"wp-block-paragraph\">Sami beye ula\u015fmas\u0131 gereken herhangi b\u0131r \u015fikayet ve muhalefet olu\u015fumunu hemen bertaraf etme gibi gizli \u00f6znel g\u00f6revleri de var. Bu sebeplen t\u00fcm belediye personeli bu iki \u015fah\u0131stan korkarlar. Birinin talebi olursa ilk iki isimden birine arz-\u0131 endam etmesi gerekir. Anlayaca\u011f\u0131n\u0131z belediyi bir ki\u015fi de\u011fil \u00fc\u00e7 ki\u015fi tara\u011f\u0131ndan itina ile y\u00f6netiliyor. Kimsenin akl\u0131 geride kalmas\u0131n. Vs vs daha bir \u00e7ok \u015fey daha. (<em>Yaz\u0131m\u0131z uzamas\u0131n diye \u00f6zet ge\u00e7iyorum)&nbsp;<\/em><\/p>\n\n\n\n<p class=\"wp-block-paragraph\"><strong><mark style=\"background-color:rgba(0, 0, 0, 0)\" class=\"has-inline-color has-vivid-cyan-blue-color\">Zaaflar\u0131n do\u011furdu\u011fu yeni zaaflar<\/mark><\/strong><\/p>\n\n\n\n<p class=\"wp-block-paragraph\">Yerelde elbette iktidar g\u00fc\u00e7s\u00fcz de\u011fil. Mensuplar\u0131 g\u00fc\u00e7s\u00fcz. Denetimsiz bir iktidar ile \u00e7aplar\u0131 belirsiz paradigma birle\u015fti\u011finde zaaf sorunu ciddi bir kompleks olarak kar\u015f\u0131m\u0131za \u00e7\u0131kmakta. Yerelde iktidar mensuplar\u0131n\u0131n g\u00fc\u00e7s\u00fcz olu\u015fu sahibinin de ba\u015f\u0131na bel\u00e2. Kald\u0131ramayaca\u011f\u0131, ta\u015f\u0131yamayaca\u011f\u0131 bir g\u00fcc\u00fcn, kendi g\u00fcc\u00fcn\u00fcn alt\u0131nda ezilmeye ve iktidar olarak varolu\u015f sebebini kaybetmeye ba\u015flayaca\u011f\u0131 aleni bir durum.<\/p>\n\n\n\n<p class=\"wp-block-paragraph\">Her se\u00e7imde iktidar partisine silme oy veren Malatyal\u0131 se\u00e7men fiili ba\u015fkan hakimiyetine dayanan yeni y\u00f6netimde beklediklerinin hepsini buraya yazmaya gerek yok.Hayal k\u0131r\u0131kl\u0131\u011f\u0131na d\u00f6n\u00fc\u015fen yeni d\u00f6nem ve yeni s\u00fcre\u00e7 iyi olan-bir \u015feyler yapmaya \u00e7al\u0131\u015fan\u0131 da perdeliyor. Demek ki davul dengi dengine \u00e7alarm\u0131\u015f. Ha \u015fehrin yeniden kurulumunda g\u00f6sterilen zaafiyet ve toplum taleplerine uzak bir metodun \u00e7\u00f6z\u00fcm diye dikte edilmesi ha&nbsp;&nbsp;geri taraftan deprem felaketini ikinci bir yerel se\u00e7ime s\u00fcr\u00fckleyerek yeniden oy silah\u0131 olarak kullan\u0131lmak \u00fczere yeni bir stratejinin belirlenmesi. Hepsi politika a\u00e7\u0131s\u0131ndan cazip gelse de tarih d\u0131\u015f\u0131 bir anlay\u0131\u015f \u015feklinde yorumlayabiliriz.&nbsp;<\/p>\n\n\n\n<p class=\"wp-block-paragraph\"><strong><mark style=\"background-color:rgba(0, 0, 0, 0)\" class=\"has-inline-color has-vivid-cyan-blue-color\">Ali Bakan\u2019a ge\u00e7mi\u015f olsun<\/mark><\/strong><\/p>\n\n\n\n<p class=\"wp-block-paragraph\">Yerelde bu d\u00fczenin ba\u015f\u0131bo\u015flu\u011fu a\u00e7\u0131s\u0131ndan tart\u0131\u015fmal\u0131 ve sorunlu hale getiren y\u00f6netici tayfas\u0131n\u0131n; B\u00fcy\u00fck\u015fehir belediye ba\u015fkanl\u0131\u011f\u0131n\u0131 hizmet makam\u0131 yerine bir aristokrasi cennetine \u00e7evirme suretinin alt\u0131nda yatan saf ve s\u0131\u011f bir beceriksizlik hali olarak tan\u0131mlamal\u0131y\u0131z. Hal b\u00f6yle olunca kabak san\u0131r\u0131m Ali Bakan ba\u015f\u0131na patlad\u0131. Mevcut y\u00f6netici ve siyasilerin i\u015f y\u00fcr\u00fctememe hali tekelle\u015ftik\u00e7e, bu t\u00fcr y\u00f6netim d\u0131\u015f\u0131 if\u015faatlar\u0131n elbet bir faturas\u0131 olacakt\u0131. Yeni tedav\u00fcle konulan Ali Bakan \u00e7er\u00e7evenin i\u00e7inde kendine bir zemin bulamad\u0131. Ama kar\u015f\u0131s\u0131ndaki partida\u015flar\u0131n\u0131 da \u015fikayet edemedi. Y\u00f6neticilik hakk\u0131n\u0131n kayna\u011f\u0131 olan toplumsal hizmeti yerine getirme ba\u015f\u0131 bozuklu\u011fu kar\u015f\u0131s\u0131nda ve aristokrasiye ayak uyduramaman\u0131n sonucunun sa\u011fl\u0131\u011f\u0131na sirayet etmesine kadar vard\u0131 i\u015f. Bakan hastane de sa\u011fl\u0131\u011f\u0131 ile cebelle\u015firken arka fond\u2019a kim yeni ba\u015fkan olacak kulislerinin y\u00fcr\u00fct\u00fclmesi kadar vefas\u0131z, ac\u0131mas\u0131z ve haindir Malatya siyaseti. \u0130smi Y\u2026 ile ba\u015flayan bir ki\u015fi \u00fczerinde mutab\u0131k kal\u0131nd\u0131 bile duyumlar\u0131 da pas ge\u00e7ilemez elbet. Ge\u00e7mi\u015f olsun Ali ba\u015fkan.&nbsp;<\/p>\n\n\n\n<p class=\"wp-block-paragraph\"><mark style=\"background-color:rgba(0, 0, 0, 0)\" class=\"has-inline-color has-vivid-cyan-blue-color\"><strong>Ali Bakan\u2019\u0131n d\u00f6n\u00fc\u015f\u00fc muhte\u015fem olacak m\u0131?<\/strong><\/mark><\/p>\n\n\n\n<p class=\"wp-block-paragraph\">Bir \u015fehirde, kasaba da yada b\u00f6lge de bir siyasi hareketin lideri olmak, mesul oldu\u011fu toplumun t\u00fcm gen yap\u0131s\u0131n\u0131 tan\u0131maktan ge\u00e7er.&nbsp;&nbsp;E\u011fer toplumun taleplerini tespit etmi\u015f, ona g\u00f6re \u00e7\u00f6z\u00fcmler \u00fcretmeyi ilke edinmi\u015fseniz do\u011fru bir g\u00fczergahtas\u0131n\u0131z demektir. \u015eu an \u015fehrin siyasi lideri konumunda ki Ali Bakan\u2019\u0131n ya\u015fad\u0131\u011f\u0131 bir dizi sa\u011fl\u0131k sorunu arifesinde sahaya nas\u0131l giri\u015f yapaca\u011f\u0131 konusu \u00fczerinde duraca\u011f\u0131z. \u201cBiat m\u0131, istifa m\u0131, itibar m\u0131?\u201d \u00fc\u00e7lemesinden hangisine at\u0131fla ortaya koyaca\u011f\u0131 refleks \u00e7ok \u00f6nemli. \u0130\u015fte bug\u00fcnlerde toplumun b\u00fcy\u00fck bir arzuyla istedi\u011fi y\u00f6neticilerin itibar tabirin i\u00e7inin nas\u0131l doldurulaca\u011f\u0131n\u0131 ve nelerin kastedildi\u011fini \u00e7ok iyi biliyor. Bu tabir s\u00fcrekli Malatya halk\u0131n\u0131n g\u00f6z\u00fcnden ka\u00e7\u0131\u015ft\u0131r\u0131lm\u0131\u015f, sanal otokratik malzemeyle s\u00fcslenmi\u015f, vakti zaman\u0131nda hep b\u00f6yle kabul ettirilmi\u015f fakat Ali Bakan\u2019\u0131n t\u00fcm bu kirli, ba\u015far\u0131s\u0131z, zaaflarla dolu ortamda mutlak itaattan ar\u0131nm\u0131\u015f, istifay\u0131 hi\u00e7 d\u00fc\u015f\u00fcnmeden sadece itibar\u0131n\u0131 \u00f6n tabela yapaca\u011f\u0131 bir \u00e7\u0131k\u0131\u015fla sahaya d\u00f6nece\u011fini duyum al\u0131yoruz.&nbsp;<\/p>\n","protected":false},"excerpt":{"rendered":"<p>Malatya\u2019da uzun s\u00fcren iktidar eksenli bir y\u00f6netim var, \u00f6yle ki \u2018art\u0131k bizden ba\u015fkas\u0131 olmaz\u2019 al\u0131\u015fkanl\u0131\u011f\u0131na d\u00f6n\u00fc\u015fen g\u00fc\u00e7 zehirlenmesi beraberinde ciddi yanl\u0131\u015flar\u0131 ve varl\u0131k gerek\u00e7elerini kaybetme&#8230;<\/p>\n<div class=\"more-link-wrapper\"><a class=\"more-link\" href=\"https:\/\/malatyareport.com.tr\/index.php\/2025\/05\/07\/alt-akillar-zaaflar-halkin-kandirilma-siniri\/\">Devam\u0131n\u0131 okuyun<span class=\"screen-reader-text\">ALT AKILLAR, ZAAFLAR, HALKIN KANDIRILMA SINIRI<\/span><\/a><\/div>\n","protected":false},"author":1,"featured_media":0,"comment_status":"open","ping_status":"open","sticky":false,"template":"","format":"standard","meta":{"_jetpack_memberships_contains_paid_content":false,"footnotes":""},"categories":[5],"tags":[8],"class_list":["post-67","post","type-post","status-publish","format-standard","hentry","category-kose-yazilari","tag-malatya-siyaset-timurince","entry"],"yoast_head":"<!-- This site is optimized with the Yoast SEO plugin v28.2 - https:\/\/yoast.com\/product\/yoast-seo-wordpress\/ -->\n<title>ALT AKILLAR, ZAAFLAR, HALKIN KANDIRILMA SINIRI - Malatya Report<\/title>\n<meta name=\"robots\" content=\"index, follow, max-snippet:-1, max-image-preview:large, max-video-preview:-1\" \/>\n<link rel=\"canonical\" href=\"https:\/\/malatyareport.com.tr\/index.php\/2025\/05\/07\/alt-akillar-zaaflar-halkin-kandirilma-siniri\/\" \/>\n<meta property=\"og:locale\" content=\"tr_TR\" \/>\n<meta property=\"og:type\" content=\"article\" \/>\n<meta property=\"og:title\" content=\"ALT AKILLAR, ZAAFLAR, HALKIN KANDIRILMA SINIRI - Malatya Report\" \/>\n<meta property=\"og:description\" content=\"Malatya\u2019da uzun s\u00fcren iktidar eksenli bir y\u00f6netim var, \u00f6yle ki \u2018art\u0131k bizden ba\u015fkas\u0131 olmaz\u2019 al\u0131\u015fkanl\u0131\u011f\u0131na d\u00f6n\u00fc\u015fen g\u00fc\u00e7 zehirlenmesi beraberinde ciddi yanl\u0131\u015flar\u0131 ve varl\u0131k gerek\u00e7elerini kaybetme&#8230;\" \/>\n<meta property=\"og:url\" content=\"https:\/\/malatyareport.com.tr\/index.php\/2025\/05\/07\/alt-akillar-zaaflar-halkin-kandirilma-siniri\/\" \/>\n<meta property=\"og:site_name\" content=\"Malatya Report\" \/>\n<meta property=\"article:author\" content=\"https:\/\/www.facebook.com\/timurince\" \/>\n<meta property=\"article:published_time\" content=\"2025-05-07T19:18:01+00:00\" \/>\n<meta property=\"article:modified_time\" content=\"2025-05-08T17:06:23+00:00\" \/>\n<meta property=\"og:image\" content=\"https:\/\/malatyareport.com.tr\/wp-content\/uploads\/2025\/05\/2E9B85C8-ED61-44A5-B316-32BEE884FF4D.jpeg\" \/>\n<meta name=\"author\" content=\"Timur \u0130nce\" \/>\n<meta name=\"twitter:card\" content=\"summary_large_image\" \/>\n<meta name=\"twitter:creator\" content=\"@timurince11\" \/>\n<meta name=\"twitter:label1\" content=\"Yazan:\" \/>\n\t<meta name=\"twitter:data1\" content=\"Timur \u0130nce\" \/>\n\t<meta name=\"twitter:label2\" content=\"Tahmini okuma s\u00fcresi\" \/>\n\t<meta name=\"twitter:data2\" content=\"7 dakika\" \/>\n<script type=\"application\/ld+json\" class=\"yoast-schema-graph\">{\"@context\":\"https:\\\/\\\/schema.org\",\"@graph\":[{\"@type\":\"Article\",\"@id\":\"https:\\\/\\\/malatyareport.com.tr\\\/index.php\\\/2025\\\/05\\\/07\\\/alt-akillar-zaaflar-halkin-kandirilma-siniri\\\/#article\",\"isPartOf\":{\"@id\":\"https:\\\/\\\/malatyareport.com.tr\\\/index.php\\\/2025\\\/05\\\/07\\\/alt-akillar-zaaflar-halkin-kandirilma-siniri\\\/\"},\"author\":{\"name\":\"Timur \u0130nce\",\"@id\":\"https:\\\/\\\/malatyareport.com.tr\\\/#\\\/schema\\\/person\\\/93146d94af76b792b58ac78050cc6da7\"},\"headline\":\"ALT AKILLAR, ZAAFLAR, HALKIN KANDIRILMA SINIRI\",\"datePublished\":\"2025-05-07T19:18:01+00:00\",\"dateModified\":\"2025-05-08T17:06:23+00:00\",\"mainEntityOfPage\":{\"@id\":\"https:\\\/\\\/malatyareport.com.tr\\\/index.php\\\/2025\\\/05\\\/07\\\/alt-akillar-zaaflar-halkin-kandirilma-siniri\\\/\"},\"wordCount\":1485,\"commentCount\":2,\"image\":{\"@id\":\"https:\\\/\\\/malatyareport.com.tr\\\/index.php\\\/2025\\\/05\\\/07\\\/alt-akillar-zaaflar-halkin-kandirilma-siniri\\\/#primaryimage\"},\"thumbnailUrl\":\"https:\\\/\\\/malatyareport.com.tr\\\/wp-content\\\/uploads\\\/2025\\\/05\\\/2E9B85C8-ED61-44A5-B316-32BEE884FF4D.jpeg\",\"keywords\":[\"#malatya #siyaset #timurince\"],\"articleSection\":[\"K\u00f6\u015fe Yaz\u0131lar\u0131\"],\"inLanguage\":\"tr\",\"potentialAction\":[{\"@type\":\"CommentAction\",\"name\":\"Comment\",\"target\":[\"https:\\\/\\\/malatyareport.com.tr\\\/index.php\\\/2025\\\/05\\\/07\\\/alt-akillar-zaaflar-halkin-kandirilma-siniri\\\/#respond\"]}]},{\"@type\":\"WebPage\",\"@id\":\"https:\\\/\\\/malatyareport.com.tr\\\/index.php\\\/2025\\\/05\\\/07\\\/alt-akillar-zaaflar-halkin-kandirilma-siniri\\\/\",\"url\":\"https:\\\/\\\/malatyareport.com.tr\\\/index.php\\\/2025\\\/05\\\/07\\\/alt-akillar-zaaflar-halkin-kandirilma-siniri\\\/\",\"name\":\"ALT AKILLAR, ZAAFLAR, HALKIN KANDIRILMA SINIRI - Malatya Report\",\"isPartOf\":{\"@id\":\"https:\\\/\\\/malatyareport.com.tr\\\/#website\"},\"primaryImageOfPage\":{\"@id\":\"https:\\\/\\\/malatyareport.com.tr\\\/index.php\\\/2025\\\/05\\\/07\\\/alt-akillar-zaaflar-halkin-kandirilma-siniri\\\/#primaryimage\"},\"image\":{\"@id\":\"https:\\\/\\\/malatyareport.com.tr\\\/index.php\\\/2025\\\/05\\\/07\\\/alt-akillar-zaaflar-halkin-kandirilma-siniri\\\/#primaryimage\"},\"thumbnailUrl\":\"https:\\\/\\\/malatyareport.com.tr\\\/wp-content\\\/uploads\\\/2025\\\/05\\\/2E9B85C8-ED61-44A5-B316-32BEE884FF4D.jpeg\",\"datePublished\":\"2025-05-07T19:18:01+00:00\",\"dateModified\":\"2025-05-08T17:06:23+00:00\",\"author\":{\"@id\":\"https:\\\/\\\/malatyareport.com.tr\\\/#\\\/schema\\\/person\\\/93146d94af76b792b58ac78050cc6da7\"},\"breadcrumb\":{\"@id\":\"https:\\\/\\\/malatyareport.com.tr\\\/index.php\\\/2025\\\/05\\\/07\\\/alt-akillar-zaaflar-halkin-kandirilma-siniri\\\/#breadcrumb\"},\"inLanguage\":\"tr\",\"potentialAction\":[{\"@type\":\"ReadAction\",\"target\":[\"https:\\\/\\\/malatyareport.com.tr\\\/index.php\\\/2025\\\/05\\\/07\\\/alt-akillar-zaaflar-halkin-kandirilma-siniri\\\/\"]}]},{\"@type\":\"ImageObject\",\"inLanguage\":\"tr\",\"@id\":\"https:\\\/\\\/malatyareport.com.tr\\\/index.php\\\/2025\\\/05\\\/07\\\/alt-akillar-zaaflar-halkin-kandirilma-siniri\\\/#primaryimage\",\"url\":\"https:\\\/\\\/i0.wp.com\\\/malatyareport.com.tr\\\/wp-content\\\/uploads\\\/2025\\\/05\\\/2E9B85C8-ED61-44A5-B316-32BEE884FF4D.jpeg?fit=679%2C452&ssl=1\",\"contentUrl\":\"https:\\\/\\\/i0.wp.com\\\/malatyareport.com.tr\\\/wp-content\\\/uploads\\\/2025\\\/05\\\/2E9B85C8-ED61-44A5-B316-32BEE884FF4D.jpeg?fit=679%2C452&ssl=1\",\"width\":679,\"height\":452},{\"@type\":\"BreadcrumbList\",\"@id\":\"https:\\\/\\\/malatyareport.com.tr\\\/index.php\\\/2025\\\/05\\\/07\\\/alt-akillar-zaaflar-halkin-kandirilma-siniri\\\/#breadcrumb\",\"itemListElement\":[{\"@type\":\"ListItem\",\"position\":1,\"name\":\"Anasayfa\",\"item\":\"https:\\\/\\\/malatyareport.com.tr\\\/\"},{\"@type\":\"ListItem\",\"position\":2,\"name\":\"ALT AKILLAR, ZAAFLAR, HALKIN KANDIRILMA SINIRI\"}]},{\"@type\":\"WebSite\",\"@id\":\"https:\\\/\\\/malatyareport.com.tr\\\/#website\",\"url\":\"https:\\\/\\\/malatyareport.com.tr\\\/\",\"name\":\"Malatya Report\",\"description\":\"\",\"potentialAction\":[{\"@type\":\"SearchAction\",\"target\":{\"@type\":\"EntryPoint\",\"urlTemplate\":\"https:\\\/\\\/malatyareport.com.tr\\\/?s={search_term_string}\"},\"query-input\":{\"@type\":\"PropertyValueSpecification\",\"valueRequired\":true,\"valueName\":\"search_term_string\"}}],\"inLanguage\":\"tr\"},{\"@type\":\"Person\",\"@id\":\"https:\\\/\\\/malatyareport.com.tr\\\/#\\\/schema\\\/person\\\/93146d94af76b792b58ac78050cc6da7\",\"name\":\"Timur \u0130nce\",\"image\":{\"@type\":\"ImageObject\",\"inLanguage\":\"tr\",\"@id\":\"https:\\\/\\\/secure.gravatar.com\\\/avatar\\\/e5ce118bd86e5549ff544e7c5b614da198ecaa7f8e9398b55d27ae1f117511d8?s=96&d=mm&r=g\",\"url\":\"https:\\\/\\\/secure.gravatar.com\\\/avatar\\\/e5ce118bd86e5549ff544e7c5b614da198ecaa7f8e9398b55d27ae1f117511d8?s=96&d=mm&r=g\",\"contentUrl\":\"https:\\\/\\\/secure.gravatar.com\\\/avatar\\\/e5ce118bd86e5549ff544e7c5b614da198ecaa7f8e9398b55d27ae1f117511d8?s=96&d=mm&r=g\",\"caption\":\"Timur \u0130nce\"},\"description\":\"Zaman\u0131n ruhunda bir damla m\u00fcrekkep olmay\u0131 isterdim. Bir damla m\u00fcrekkep bir ulusun kaderini yazmaya yeterlidir.\",\"sameAs\":[\"https:\\\/\\\/malatyareport.com.tr\",\"https:\\\/\\\/www.facebook.com\\\/timurince\",\"@timur_ince_t5_\",\"https:\\\/\\\/x.com\\\/@timurince11\"],\"url\":\"https:\\\/\\\/malatyareport.com.tr\\\/index.php\\\/author\\\/admin_6i9yniox\\\/\"}]}<\/script>\n<!-- \/ Yoast SEO plugin. -->","yoast_head_json":{"title":"ALT AKILLAR, ZAAFLAR, HALKIN KANDIRILMA SINIRI - Malatya Report","robots":{"index":"index","follow":"follow","max-snippet":"max-snippet:-1","max-image-preview":"max-image-preview:large","max-video-preview":"max-video-preview:-1"},"canonical":"https:\/\/malatyareport.com.tr\/index.php\/2025\/05\/07\/alt-akillar-zaaflar-halkin-kandirilma-siniri\/","og_locale":"tr_TR","og_type":"article","og_title":"ALT AKILLAR, ZAAFLAR, HALKIN KANDIRILMA SINIRI - Malatya Report","og_description":"Malatya\u2019da uzun s\u00fcren iktidar eksenli bir y\u00f6netim var, \u00f6yle ki \u2018art\u0131k bizden ba\u015fkas\u0131 olmaz\u2019 al\u0131\u015fkanl\u0131\u011f\u0131na d\u00f6n\u00fc\u015fen g\u00fc\u00e7 zehirlenmesi beraberinde ciddi yanl\u0131\u015flar\u0131 ve varl\u0131k gerek\u00e7elerini kaybetme&#8230;","og_url":"https:\/\/malatyareport.com.tr\/index.php\/2025\/05\/07\/alt-akillar-zaaflar-halkin-kandirilma-siniri\/","og_site_name":"Malatya Report","article_author":"https:\/\/www.facebook.com\/timurince","article_published_time":"2025-05-07T19:18:01+00:00","article_modified_time":"2025-05-08T17:06:23+00:00","og_image":[{"url":"https:\/\/malatyareport.com.tr\/wp-content\/uploads\/2025\/05\/2E9B85C8-ED61-44A5-B316-32BEE884FF4D.jpeg","type":"","width":"","height":""}],"author":"Timur \u0130nce","twitter_card":"summary_large_image","twitter_creator":"@timurince11","twitter_misc":{"Yazan:":"Timur \u0130nce","Tahmini okuma s\u00fcresi":"7 dakika"},"schema":{"@context":"https:\/\/schema.org","@graph":[{"@type":"Article","@id":"https:\/\/malatyareport.com.tr\/index.php\/2025\/05\/07\/alt-akillar-zaaflar-halkin-kandirilma-siniri\/#article","isPartOf":{"@id":"https:\/\/malatyareport.com.tr\/index.php\/2025\/05\/07\/alt-akillar-zaaflar-halkin-kandirilma-siniri\/"},"author":{"name":"Timur \u0130nce","@id":"https:\/\/malatyareport.com.tr\/#\/schema\/person\/93146d94af76b792b58ac78050cc6da7"},"headline":"ALT AKILLAR, ZAAFLAR, HALKIN KANDIRILMA SINIRI","datePublished":"2025-05-07T19:18:01+00:00","dateModified":"2025-05-08T17:06:23+00:00","mainEntityOfPage":{"@id":"https:\/\/malatyareport.com.tr\/index.php\/2025\/05\/07\/alt-akillar-zaaflar-halkin-kandirilma-siniri\/"},"wordCount":1485,"commentCount":2,"image":{"@id":"https:\/\/malatyareport.com.tr\/index.php\/2025\/05\/07\/alt-akillar-zaaflar-halkin-kandirilma-siniri\/#primaryimage"},"thumbnailUrl":"https:\/\/malatyareport.com.tr\/wp-content\/uploads\/2025\/05\/2E9B85C8-ED61-44A5-B316-32BEE884FF4D.jpeg","keywords":["#malatya #siyaset #timurince"],"articleSection":["K\u00f6\u015fe Yaz\u0131lar\u0131"],"inLanguage":"tr","potentialAction":[{"@type":"CommentAction","name":"Comment","target":["https:\/\/malatyareport.com.tr\/index.php\/2025\/05\/07\/alt-akillar-zaaflar-halkin-kandirilma-siniri\/#respond"]}]},{"@type":"WebPage","@id":"https:\/\/malatyareport.com.tr\/index.php\/2025\/05\/07\/alt-akillar-zaaflar-halkin-kandirilma-siniri\/","url":"https:\/\/malatyareport.com.tr\/index.php\/2025\/05\/07\/alt-akillar-zaaflar-halkin-kandirilma-siniri\/","name":"ALT AKILLAR, ZAAFLAR, HALKIN KANDIRILMA SINIRI - Malatya Report","isPartOf":{"@id":"https:\/\/malatyareport.com.tr\/#website"},"primaryImageOfPage":{"@id":"https:\/\/malatyareport.com.tr\/index.php\/2025\/05\/07\/alt-akillar-zaaflar-halkin-kandirilma-siniri\/#primaryimage"},"image":{"@id":"https:\/\/malatyareport.com.tr\/index.php\/2025\/05\/07\/alt-akillar-zaaflar-halkin-kandirilma-siniri\/#primaryimage"},"thumbnailUrl":"https:\/\/malatyareport.com.tr\/wp-content\/uploads\/2025\/05\/2E9B85C8-ED61-44A5-B316-32BEE884FF4D.jpeg","datePublished":"2025-05-07T19:18:01+00:00","dateModified":"2025-05-08T17:06:23+00:00","author":{"@id":"https:\/\/malatyareport.com.tr\/#\/schema\/person\/93146d94af76b792b58ac78050cc6da7"},"breadcrumb":{"@id":"https:\/\/malatyareport.com.tr\/index.php\/2025\/05\/07\/alt-akillar-zaaflar-halkin-kandirilma-siniri\/#breadcrumb"},"inLanguage":"tr","potentialAction":[{"@type":"ReadAction","target":["https:\/\/malatyareport.com.tr\/index.php\/2025\/05\/07\/alt-akillar-zaaflar-halkin-kandirilma-siniri\/"]}]},{"@type":"ImageObject","inLanguage":"tr","@id":"https:\/\/malatyareport.com.tr\/index.php\/2025\/05\/07\/alt-akillar-zaaflar-halkin-kandirilma-siniri\/#primaryimage","url":"https:\/\/i0.wp.com\/malatyareport.com.tr\/wp-content\/uploads\/2025\/05\/2E9B85C8-ED61-44A5-B316-32BEE884FF4D.jpeg?fit=679%2C452&ssl=1","contentUrl":"https:\/\/i0.wp.com\/malatyareport.com.tr\/wp-content\/uploads\/2025\/05\/2E9B85C8-ED61-44A5-B316-32BEE884FF4D.jpeg?fit=679%2C452&ssl=1","width":679,"height":452},{"@type":"BreadcrumbList","@id":"https:\/\/malatyareport.com.tr\/index.php\/2025\/05\/07\/alt-akillar-zaaflar-halkin-kandirilma-siniri\/#breadcrumb","itemListElement":[{"@type":"ListItem","position":1,"name":"Anasayfa","item":"https:\/\/malatyareport.com.tr\/"},{"@type":"ListItem","position":2,"name":"ALT AKILLAR, ZAAFLAR, HALKIN KANDIRILMA SINIRI"}]},{"@type":"WebSite","@id":"https:\/\/malatyareport.com.tr\/#website","url":"https:\/\/malatyareport.com.tr\/","name":"Malatya Report","description":"","potentialAction":[{"@type":"SearchAction","target":{"@type":"EntryPoint","urlTemplate":"https:\/\/malatyareport.com.tr\/?s={search_term_string}"},"query-input":{"@type":"PropertyValueSpecification","valueRequired":true,"valueName":"search_term_string"}}],"inLanguage":"tr"},{"@type":"Person","@id":"https:\/\/malatyareport.com.tr\/#\/schema\/person\/93146d94af76b792b58ac78050cc6da7","name":"Timur \u0130nce","image":{"@type":"ImageObject","inLanguage":"tr","@id":"https:\/\/secure.gravatar.com\/avatar\/e5ce118bd86e5549ff544e7c5b614da198ecaa7f8e9398b55d27ae1f117511d8?s=96&d=mm&r=g","url":"https:\/\/secure.gravatar.com\/avatar\/e5ce118bd86e5549ff544e7c5b614da198ecaa7f8e9398b55d27ae1f117511d8?s=96&d=mm&r=g","contentUrl":"https:\/\/secure.gravatar.com\/avatar\/e5ce118bd86e5549ff544e7c5b614da198ecaa7f8e9398b55d27ae1f117511d8?s=96&d=mm&r=g","caption":"Timur \u0130nce"},"description":"Zaman\u0131n ruhunda bir damla m\u00fcrekkep olmay\u0131 isterdim. Bir damla m\u00fcrekkep bir ulusun kaderini yazmaya yeterlidir.","sameAs":["https:\/\/malatyareport.com.tr","https:\/\/www.facebook.com\/timurince","@timur_ince_t5_","https:\/\/x.com\/@timurince11"],"url":"https:\/\/malatyareport.com.tr\/index.php\/author\/admin_6i9yniox\/"}]}},"jetpack_featured_media_url":"","jetpack_sharing_enabled":true,"_links":{"self":[{"href":"https:\/\/malatyareport.com.tr\/index.php\/wp-json\/wp\/v2\/posts\/67","targetHints":{"allow":["GET"]}}],"collection":[{"href":"https:\/\/malatyareport.com.tr\/index.php\/wp-json\/wp\/v2\/posts"}],"about":[{"href":"https:\/\/malatyareport.com.tr\/index.php\/wp-json\/wp\/v2\/types\/post"}],"author":[{"embeddable":true,"href":"https:\/\/malatyareport.com.tr\/index.php\/wp-json\/wp\/v2\/users\/1"}],"replies":[{"embeddable":true,"href":"https:\/\/malatyareport.com.tr\/index.php\/wp-json\/wp\/v2\/comments?post=67"}],"version-history":[{"count":10,"href":"https:\/\/malatyareport.com.tr\/index.php\/wp-json\/wp\/v2\/posts\/67\/revisions"}],"predecessor-version":[{"id":86,"href":"https:\/\/malatyareport.com.tr\/index.php\/wp-json\/wp\/v2\/posts\/67\/revisions\/86"}],"wp:attachment":[{"href":"https:\/\/malatyareport.com.tr\/index.php\/wp-json\/wp\/v2\/media?parent=67"}],"wp:term":[{"taxonomy":"category","embeddable":true,"href":"https:\/\/malatyareport.com.tr\/index.php\/wp-json\/wp\/v2\/categories?post=67"},{"taxonomy":"post_tag","embeddable":true,"href":"https:\/\/malatyareport.com.tr\/index.php\/wp-json\/wp\/v2\/tags?post=67"}],"curies":[{"name":"wp","href":"https:\/\/api.w.org\/{rel}","templated":true}]}}