{"id":670,"date":"2026-01-03T09:45:03","date_gmt":"2026-01-03T09:45:03","guid":{"rendered":"https:\/\/malatyareport.com.tr\/?p=670"},"modified":"2026-01-03T11:46:04","modified_gmt":"2026-01-03T11:46:04","slug":"helal-ikinci-kez-turkiyeye-rezil-olduk","status":"publish","type":"post","link":"https:\/\/malatyareport.com.tr\/index.php\/2026\/01\/03\/helal-ikinci-kez-turkiyeye-rezil-olduk\/","title":{"rendered":"Hel\u00e2l! \u0130kinci Kez T\u00fcrkiye\u2019ye Rezil Olduk"},"content":{"rendered":"\n<figure class=\"wp-block-image size-full\"><img data-recalc-dims=\"1\" loading=\"lazy\" decoding=\"async\" width=\"797\" height=\"888\" src=\"https:\/\/i0.wp.com\/malatyareport.com.tr\/wp-content\/uploads\/2026\/01\/4F5745F4-177D-4CD6-8E27-F7F40B1DBA5A.jpeg?resize=797%2C888&#038;ssl=1\" alt=\"\" class=\"wp-image-671\" srcset=\"https:\/\/i0.wp.com\/malatyareport.com.tr\/wp-content\/uploads\/2026\/01\/4F5745F4-177D-4CD6-8E27-F7F40B1DBA5A.jpeg?w=797&amp;ssl=1 797w, https:\/\/i0.wp.com\/malatyareport.com.tr\/wp-content\/uploads\/2026\/01\/4F5745F4-177D-4CD6-8E27-F7F40B1DBA5A.jpeg?resize=269%2C300&amp;ssl=1 269w, https:\/\/i0.wp.com\/malatyareport.com.tr\/wp-content\/uploads\/2026\/01\/4F5745F4-177D-4CD6-8E27-F7F40B1DBA5A.jpeg?resize=768%2C856&amp;ssl=1 768w\" sizes=\"auto, (max-width: 797px) 100vw, 797px\" \/><\/figure>\n\n\n\n<p class=\"wp-block-paragraph\">Gazeteci <strong><a href=\"https:\/\/x.com\/mahirtemur\/status\/2007090975341187570?s=46\">Mahir Temur<\/a><\/strong>\u2019\u00fcn d\u00fcn itibari ile Malatya\u2019da Zab\u0131tan\u0131n karda kalm\u0131\u015f ara\u00e7 kurtar\u0131yor gibi kurgusal payla\u015f\u0131m\u0131n\u0131 T\u00fcrkiye konu\u015fuyor. Konu ulusal medya\u2019da da geni\u015f \u015fekilde yer buldu.<\/p>\n\n\n\n<p class=\"wp-block-paragraph\">Maalesef t\u00fcm T\u00fcrkiye\u2019ye bir daha rezil olduk.&nbsp;<\/p>\n\n\n\n<p class=\"wp-block-paragraph\">Fark\u0131ndaysan\u0131z son y\u0131llarda prestij grafiklerimiz h\u0131zla a\u015fa\u011f\u0131lara do\u011fru e\u011filim g\u00f6stermeye ba\u015flad\u0131. Eskiden; e\u011fitim, bilim, sanat, siyaset, i\u015f insan\u0131, ticari tecr\u00fcbe, yeti\u015fmi\u015f insanlar\u0131m\u0131z konu\u015fulurdu. Bug\u00fcn asparagas olaylar, d\u00fc\u015f\u00fck kategorili vakalar, acite dramlarla Malatya ismi&nbsp;&nbsp;an\u0131l\u0131r oldu.&nbsp;<\/p>\n\n\n\n<p class=\"wp-block-paragraph\">En son <strong>21 Aral\u0131k 2021<\/strong>\u2019de <strong>Amerikan<\/strong> Dolar\u2019\u0131n\u0131n sert d\u00fc\u015f\u00fc\u015f\u00fc sonras\u0131 baz\u0131 ki\u015filerin bu d\u00fc\u015f\u00fc\u015f\u00fc&nbsp;davul zurna e\u015fli\u011finde halay \u00e7ekerek kutlamas\u0131 uzun s\u00fcre \u00fclke genelinde yine konu\u015fulur olmu\u015ftu. \u201c<strong>Halay ekibi<\/strong>\u201d olarak literat\u00fcrlere ge\u00e7en olaydan sonra ikincisi de d\u00fcn meydana geldi. Zab\u0131ta\u2019n\u0131n karda ara\u00e7 kurtar\u0131yor gibi yapmas\u0131 senaryo-kurgu ile ikinci bir fiyasko daha y\u00fcz\u00fcm\u00fcze- g\u00f6z\u00fcm\u00fcze \u00e7arp\u0131ld\u0131. \u015eahsen ben \u00e7ok utand\u0131m. Malatya gen\u00e7lerinin kendilerini bu hale koymalar\u0131 kar\u015f\u0131s\u0131nda diyecek s\u00f6z bulamad\u0131m!<\/p>\n\n\n\n<p class=\"wp-block-paragraph\">B\u00f6ylelikle Malatya\u2019n\u0131n ad\u0131 ikinci kez T\u00fcrkiye\u2019de ucuz bir sansansiyonelle not d\u00fc\u015fm\u00fc\u015f oldu.<\/p>\n\n\n\n<p class=\"wp-block-paragraph\">Peki ne olmu\u015ftu?&nbsp;<\/p>\n\n\n\n<p class=\"wp-block-paragraph\"><strong>Malatya\u2019da zab\u0131ta ekipleri karda kalm\u0131\u015f bir araca yard\u0131mc\u0131 oluyorlar \u015feklinde bir prod\u00fcksiyon haz\u0131rlad\u0131klar\u0131 g\u00f6r\u00fcl\u00fcyor.&nbsp;<\/strong><\/p>\n\n\n\n<figure class=\"wp-block-image size-large\"><img data-recalc-dims=\"1\" loading=\"lazy\" decoding=\"async\" width=\"573\" height=\"1024\" src=\"https:\/\/i0.wp.com\/malatyareport.com.tr\/wp-content\/uploads\/2026\/01\/110334A2-24CC-43A3-B793-F8A14BB923CE.jpeg?resize=573%2C1024&#038;ssl=1\" alt=\"\" class=\"wp-image-676\" srcset=\"https:\/\/i0.wp.com\/malatyareport.com.tr\/wp-content\/uploads\/2026\/01\/110334A2-24CC-43A3-B793-F8A14BB923CE.jpeg?resize=573%2C1024&amp;ssl=1 573w, https:\/\/i0.wp.com\/malatyareport.com.tr\/wp-content\/uploads\/2026\/01\/110334A2-24CC-43A3-B793-F8A14BB923CE.jpeg?resize=168%2C300&amp;ssl=1 168w, https:\/\/i0.wp.com\/malatyareport.com.tr\/wp-content\/uploads\/2026\/01\/110334A2-24CC-43A3-B793-F8A14BB923CE.jpeg?resize=768%2C1372&amp;ssl=1 768w, https:\/\/i0.wp.com\/malatyareport.com.tr\/wp-content\/uploads\/2026\/01\/110334A2-24CC-43A3-B793-F8A14BB923CE.jpeg?w=828&amp;ssl=1 828w\" sizes=\"auto, (max-width: 573px) 100vw, 573px\" \/><\/figure>\n\n\n\n<p class=\"wp-block-paragraph\">Yani kurtar\u0131lmas\u0131 gereken bir ara\u00e7 yok ama s\u0131rf video \u00e7ekmek, sosyal medyada payla\u015fmak, zab\u0131tan\u0131n asl\u0131nda \u00e7ok i\u015flevsel oldu\u011funu kan\u0131tlamak, hani biraz da zab\u0131ta yatm\u0131yor-\u00e7al\u0131\u015f\u0131yor ve insani y\u00f6nleride de var, hatta zab\u0131ta d\u00f6rt d\u00f6rtl\u00fck dedirtmek i\u00e7in k\u00fc\u00e7\u00fck bir tiyatro, film, klip seti haz\u0131rlanm\u0131\u015f.&nbsp;<\/p>\n\n\n\n<p class=\"wp-block-paragraph\">Muhtemelen kar ya\u011fd\u0131\u011f\u0131 g\u00fcn canlar\u0131 s\u0131k\u0131lan Zab\u0131ta beyleri masa ba\u015f\u0131nda otura otura, ki; \u00e7ay-kahve, <strong>3\u2019\u00fc bir arada<\/strong> neskafe\u2019lerde bir yere kadar. Maa\u015flar yatm\u0131\u015f, keyfler yolunda, bir me\u015fgale bulmal\u0131y\u0131z demi\u015fler kendi aralar\u0131nda. Yald\u0131zlar yan\u0131p s\u00f6nm\u00fc\u015f kafatas\u0131 i\u00e7inde. Bizim sivri zekal\u0131&nbsp;&nbsp;birinin akl\u0131na birden bu filmi \u00e7ekmek geliyor. Devletin arac\u0131yla, nas\u0131l olsa mazot bedava. Muhtemelen bir de kankas\u0131 olduklar\u0131 bir taksiciyi ayarlam\u0131\u015flard\u0131r. \u201c<strong>Alo kaptan senin araba laz\u0131m bize bir video \u00e7ekece\u011fizde, hani sanki karda kalm\u0131\u015f bir arabay\u0131 kurtar\u0131yoruz gibisinden<\/strong>\u2026\u201d Tamam olur eyvallah. Nerde bulu\u015fal\u0131m? Orda\u2026<\/p>\n\n\n\n<p class=\"wp-block-paragraph\">\u0130\u015f yok-g\u00fc\u00e7 yok, denetleme de olmay\u0131nca adamlar bir \u015fey yapmas\u0131n m\u0131? Ani \u015f\u00f6hrete ta\u015f\u0131yacak karar sonras\u0131 film platosunda buluyorlar kendilerini. Yer: oras\u0131, <strong>Holly-Wood<\/strong> sokaklar\u0131. Ba\u015frolde <strong>Sylvester Stallone<\/strong>, <strong>Tom Hanks<\/strong>, y\u00f6netmen ise kamera arkas\u0131nda. Kurtar\u0131lmay\u0131 bekleyen taksici <strong>Clio<\/strong> g\u00f6r\u00fcn\u00fcml\u00fc bir Amerikan <strong>Camaron<\/strong> asl\u0131nda. Karlar&nbsp;&nbsp;adam boyu ya\u011fm\u0131\u015f, da\u011flardan durmadan \u00e7\u0131\u011flar d\u00fc\u015f\u00fcyor, ara\u00e7lar kay\u0131yor buz pistlerinde, \u015fehirler donmu\u015f, kazalar oluyor, insan ba\u011f\u0131rt\u0131lar\u0131, imdat-yard\u0131m edin diyenler\u2026 karda kalm\u0131\u015f ara\u00e7lar ilerlemek i\u00e7in adeta can \u00e7eki\u015fiyor.&nbsp;<\/p>\n\n\n\n<p class=\"wp-block-paragraph\">Film gere\u011fi tam o esnada bizim zab\u0131talar ortaya \u00e7\u0131kacak, S\u0131rt\u0131nda ve g\u00f6\u011fs\u00fcnde <strong>Z<\/strong> yaz\u0131l\u0131, larcivert giysili, k\u0131rm\u0131z\u0131 palerinli \u00e7akma S\u00fcpermen gibi kahramanlar t\u00fcm ara\u00e7lar\u0131 kurtaracak. \u00d6yle de oluyor. Tek hesap etmedikleri plato\u2019da film \u00e7ekilirken kar\u015f\u0131 balkona konaklam\u0131\u015f bir a\u00e7\u0131kg\u00f6z\u00fcn korsan \u00e7ekim yapmas\u0131. Nerden \u00e7\u0131kt\u0131 bu velet dedirtecek t\u00fcrden. Bir s\u00fcr\u00fc eme\u011fi hepsini \u00e7\u00f6p etti. \u00dcstelik \u00fclkeye maskara olduk. Ve \u00e7ekti\u011fi videoyu <strong>Mahir Temur\u2019<\/strong>a ula\u015ft\u0131rd\u0131ktan sonra olanlar\u2026<\/p>\n\n\n\n<p class=\"wp-block-paragraph\">Resmen k\u0131yamet kopuyor. Binlerce yorum, isyan eden, k\u0131nayan, hakaretlerle, sitemler s\u0131raland\u0131k\u00e7a s\u0131raland\u0131.&nbsp;<\/p>\n\n\n\n<p class=\"wp-block-paragraph\">Art\u0131k i\u015fler b\u00f6yle y\u00fcr\u00fcyor ne yaz\u0131k. Amigoluk yapmasan, sosyal medya endeksli, \u015fov malzemesi vermesen, fenomen ve g\u00f6r\u00fcn\u00fcr olmazsan olmuyor. Geri planda ne olmu\u015f bitmi\u015f kimsenin ilgi alan\u0131nda de\u011fil. \u00d6nemli olan kadrajda olanlar. Instagram\u2019da ald\u0131\u011f\u0131n Network. Facebook\u2019ta be\u011feni kasmak. Ka\u00e7 like, ka\u00e7 payla\u015f\u0131m, ka\u00e7 takip\u00e7i vs. getirisi. \u00c7o\u011fu zaman \u00e7o\u011fu&nbsp;&nbsp;yerde bunlar hunharca kar\u015f\u0131m\u0131za \u00e7\u0131kmaktad\u0131r. Alg\u0131yla ve \u00e7o\u011fu da yalanla\u2026. Kamuoyunu yan\u0131ltmak \u00fczerine olu\u015fturulan alg\u0131n\u0131n if\u015fas\u0131 sonras\u0131 Alg\u0131 Belediyecili\u011finin ne denli tehlikeli oldu\u011fu hali haz\u0131rda b\u00f6ylece ortaya \u00e7\u0131km\u0131yor mu?<\/p>\n\n\n\n<div class=\"wp-block-cover\"><img data-recalc-dims=\"1\" loading=\"lazy\" decoding=\"async\" width=\"473\" height=\"1024\" class=\"wp-block-cover__image-background wp-image-677\" alt=\"\" src=\"https:\/\/i0.wp.com\/malatyareport.com.tr\/wp-content\/uploads\/2026\/01\/8424A6AD-036C-4BDC-B5EE-09B06A5C2E74.jpeg?resize=473%2C1024&#038;ssl=1\" data-object-fit=\"cover\" srcset=\"https:\/\/i0.wp.com\/malatyareport.com.tr\/wp-content\/uploads\/2026\/01\/8424A6AD-036C-4BDC-B5EE-09B06A5C2E74.jpeg?w=473&amp;ssl=1 473w, https:\/\/i0.wp.com\/malatyareport.com.tr\/wp-content\/uploads\/2026\/01\/8424A6AD-036C-4BDC-B5EE-09B06A5C2E74.jpeg?resize=139%2C300&amp;ssl=1 139w\" sizes=\"auto, (max-width: 473px) 100vw, 473px\" \/><span aria-hidden=\"true\" class=\"wp-block-cover__background has-background-dim\"><\/span><div class=\"wp-block-cover__inner-container is-layout-flow wp-block-cover-is-layout-flow\">\n<p class=\"has-text-align-center has-large-font-size wp-block-paragraph\">zab\u0131tan\u0131n kendi payla\u015f\u0131m\u0131 <\/p>\n<\/div><\/div>\n\n\n\n<p class=\"wp-block-paragraph\">Kimse g\u00f6revini tamam\u0131yla yapm\u0131yor. \u00c7\u00fcnk\u00fc kurumlara yerle\u015fen kadronun her biri torpille oraya girdi\u011finden arkas\u0131nda bir koruyucu mele\u011fi, tabiri caizse &#8211;<strong>day\u0131s\u0131<\/strong>&#8211; oldu\u011fundan kimsenin ger\u00e7ek sorumlulu\u011fu kar\u015f\u0131s\u0131nda mecburiyet hissetmedi\u011fi a\u00e7\u0131k. Bu hiyerar\u015fik \u00e7\u00f6k\u00fc\u015f dipten tepeye, tepeden diplere yay\u0131lmaktad\u0131r. T\u0131pk\u0131 kanserli bir h\u00fccrenin t\u00fcm&nbsp;&nbsp;v\u00fccut anatomisini \u00e7\u00f6kertti\u011fi ger\u00e7e\u011fi gibi.&nbsp;<\/p>\n\n\n\n<p class=\"wp-block-paragraph\">Ayr\u0131ca bu y\u0131pranm\u0131\u015f belediyecilik alg\u0131s\u0131 hakk\u0131nda sayfalarca yaz\u0131 yazabilirim. K\u0131sadan hisseye \u015fehri \u0130stanbul\u2019dan y\u00f6netmenin geldi\u011fi halin faturas\u0131 bu ucuz reaksiyonlard\u0131r.&nbsp;<\/p>\n\n\n\n<p class=\"wp-block-paragraph\">Bal\u0131k ba\u015ftan kokar. Videosu \u00e7ekilen zab\u0131talar\u0131n sadece bir prototip. Bin\u2019de bir denk gelmi\u015f, videoya al\u0131narak ortaya \u00e7\u0131kar\u0131lm\u0131\u015flar o kadar. Emin olun her taraf b\u00f6yle. Tas kay\u0131p misali ciddi bir \u00e7\u00fcr\u00fcme alm\u0131\u015f ba\u015f\u0131n\u0131 gidiyor. Herkes rant\u0131n pe\u015finde. K\u0131sa yoldan k\u00f6\u015feyi k\u0131rman\u0131n\u2026 Belediye ba\u015fkan\u0131 da ayn\u0131s\u0131, daire Ba\u015fkan\u0131 da, amirlerde. Zab\u0131talar da onlardan esinlendikleri belli. Madem amirimiz yap\u0131yor bizde yapar\u0131z demi\u015flerdir. Bir \u00e7ok kurum da benzer g\u00f6r\u00fcnt\u00fcler var. Herkes elinde kamera ile dola\u015fmad\u0131\u011f\u0131na g\u00f6re haberdar olmad\u0131\u011f\u0131m\u0131z benzer di\u011fer hadiseler emin olun say\u0131lar\u0131 had safhalardad\u0131r.\u00a0<\/p>\n\n\n\n<p class=\"wp-block-paragraph\">\u00c7\u00fcnk\u00fc biz bu toplumu kaybettik. Elimizden ne var ne yok hepsi u\u00e7tu gitti. Geri d\u00f6n\u00fc\u015f\u00fc yok art\u0131k.&nbsp;<\/p>\n\n\n\n<p class=\"wp-block-paragraph\">\u00c7\u00fcnk\u00fc liyakat diye bir \u015fey kalmad\u0131, vicdan hi\u00e7 kimse de yok, ahlak dersen \u00e7\u00f6p oldu, insani de\u011ferler hepsi s\u0131f\u0131rland\u0131, denetleme mekanizmas\u0131n\u0131n hele hi\u00e7 i\u015fi olmaz, ee bir de bunlar\u0131n arkalar\u0131nda ki a\u011f babalar\u0131 olunca yapay g\u00fcndemlerle, bu t\u00fcr g\u00f6r\u00fcnt\u00fclerle, k\u0131sa vadede g\u00f6z doldurmay\u0131 planlamalar\u0131n\u0131 da normal kar\u015f\u0131lamal\u0131y\u0131z.&nbsp;..<\/p>\n\n\n\n<p class=\"wp-block-paragraph\">Varsa yoksa rant, menfaat, \u015fov, alg\u0131, bir de slogan atmak. Ba\u015fka bir \u015fey var m\u0131? Sorar\u0131m.  <\/p>\n\n\n\n<p class=\"wp-block-paragraph\">Do\u011frusu yeni y\u0131l <strong>2026<\/strong>\u2019ya b\u00f6yle d\u00fc\u015f\u00fck kalite bir fragmanla girmek istemezdik. Malatya tarih\u00e7esinde iz b\u0131rakacak bu talihsiz vaka hikayenin bitti\u011fini bize anlat\u0131yor asl\u0131nda. Ama bizler \u0131srarla g\u00f6rmek, anlamak istemiyoruz. \u201c<strong>Hay\u0131r, ya biz b\u00f6yle iyiyiyiz, devam edin arkada\u015flar<\/strong>\u201d diyerek hal\u0131 alt\u0131na s\u00fcp\u00fcrmeye devam. Ke\u015fke hal\u0131 alt\u0131na s\u00fcp\u00fcrmek \u00e7\u00f6z\u00fcm olsayd\u0131\u2026<\/p>\n\n\n\n<p class=\"wp-block-paragraph\">Fenomen olmak isterlerken t\u00fcm Malatya \u015fehrinin hikayesini rezil r\u00fcsva etmekle biten k\u0131yt\u0131r\u0131k bir meseleyle daha g\u00fcn sona erdi.<\/p>\n\n\n\n<p class=\"wp-block-paragraph\">Her zaman ki gibi biri bir yerden bir \u00e7aps\u0131zl\u0131k yapacak. <\/p>\n\n\n\n<p class=\"wp-block-paragraph\">Nedeni Belediye dersen belediye yok, amir dersen amir yok. Halk dersen tepki g\u00f6stermesini bilmiyor. Hangi siyasiyi g\u00f6r\u00fcrlerse \u201c<strong>\u015fak \u015fak \u015fak!\u201d<\/strong> Olaca\u011f\u0131 buydu. <\/p>\n\n\n\n<p class=\"wp-block-paragraph\">Biz b\u00f6yle de\u011fildik ama ne sayarsan\u0131z say\u0131n. Olduk bir kere. Ayr\u0131ca biz bu zab\u0131ta memurlar\u0131n\u0131n ad\u0131n\u0131 da \u00f6\u011frendik. Kimsenin ekme\u011finin d\u00fc\u015fman\u0131 de\u011filiz. \u0130sim verirsek ki\u015file\u015ftirmi\u015f oluruz. Onlar\u0131 kendi vicdanlar\u0131yla ba\u015f ba\u015fa b\u0131rak\u0131yoruz. Zaten adamlar yolunda. Filmin sonunda ortaya \u00e7\u0131kan tablo \u015funu bize hat\u0131rlat\u0131yor: <strong>liyakat, liyakat, liyakat. Vicdan, vicdan, vicdan. Ahlak, ahlak, ahlak.&nbsp;<\/strong><\/p>\n\n\n\n<p class=\"wp-block-paragraph\"><\/p>\n","protected":false},"excerpt":{"rendered":"<p>Gazeteci Mahir Temur\u2019\u00fcn d\u00fcn itibari ile Malatya\u2019da Zab\u0131tan\u0131n karda kalm\u0131\u015f ara\u00e7 kurtar\u0131yor gibi kurgusal payla\u015f\u0131m\u0131n\u0131 T\u00fcrkiye konu\u015fuyor. Konu ulusal medya\u2019da da geni\u015f \u015fekilde yer buldu.&#8230;<\/p>\n<div class=\"more-link-wrapper\"><a class=\"more-link\" href=\"https:\/\/malatyareport.com.tr\/index.php\/2026\/01\/03\/helal-ikinci-kez-turkiyeye-rezil-olduk\/\">Devam\u0131n\u0131 okuyun<span class=\"screen-reader-text\">Hel\u00e2l! \u0130kinci Kez T\u00fcrkiye\u2019ye Rezil Olduk<\/span><\/a><\/div>\n","protected":false},"author":1,"featured_media":0,"comment_status":"open","ping_status":"open","sticky":false,"template":"","format":"standard","meta":{"_jetpack_memberships_contains_paid_content":false,"footnotes":""},"categories":[5],"tags":[],"class_list":["post-670","post","type-post","status-publish","format-standard","hentry","category-kose-yazilari","entry"],"yoast_head":"<!-- This site is optimized with the Yoast SEO plugin v28.2 - https:\/\/yoast.com\/product\/yoast-seo-wordpress\/ -->\n<title>Hel\u00e2l! \u0130kinci Kez T\u00fcrkiye\u2019ye Rezil Olduk - Malatya Report<\/title>\n<meta name=\"robots\" content=\"index, follow, max-snippet:-1, max-image-preview:large, max-video-preview:-1\" \/>\n<link rel=\"canonical\" href=\"https:\/\/malatyareport.com.tr\/index.php\/2026\/01\/03\/helal-ikinci-kez-turkiyeye-rezil-olduk\/\" \/>\n<meta property=\"og:locale\" content=\"tr_TR\" \/>\n<meta property=\"og:type\" content=\"article\" \/>\n<meta property=\"og:title\" content=\"Hel\u00e2l! \u0130kinci Kez T\u00fcrkiye\u2019ye Rezil Olduk - Malatya Report\" \/>\n<meta property=\"og:description\" content=\"Gazeteci Mahir Temur\u2019\u00fcn d\u00fcn itibari ile Malatya\u2019da Zab\u0131tan\u0131n karda kalm\u0131\u015f ara\u00e7 kurtar\u0131yor gibi kurgusal payla\u015f\u0131m\u0131n\u0131 T\u00fcrkiye konu\u015fuyor. Konu ulusal medya\u2019da da geni\u015f \u015fekilde yer buldu.&#8230;\" \/>\n<meta property=\"og:url\" content=\"https:\/\/malatyareport.com.tr\/index.php\/2026\/01\/03\/helal-ikinci-kez-turkiyeye-rezil-olduk\/\" \/>\n<meta property=\"og:site_name\" content=\"Malatya Report\" \/>\n<meta property=\"article:author\" content=\"https:\/\/www.facebook.com\/timurince\" \/>\n<meta property=\"article:published_time\" content=\"2026-01-03T09:45:03+00:00\" \/>\n<meta property=\"article:modified_time\" content=\"2026-01-03T11:46:04+00:00\" \/>\n<meta property=\"og:image\" content=\"https:\/\/malatyareport.com.tr\/wp-content\/uploads\/2026\/01\/4F5745F4-177D-4CD6-8E27-F7F40B1DBA5A.jpeg\" \/>\n<meta name=\"author\" content=\"Timur \u0130nce\" \/>\n<meta name=\"twitter:card\" content=\"summary_large_image\" \/>\n<meta name=\"twitter:creator\" content=\"@timurince11\" \/>\n<meta name=\"twitter:label1\" content=\"Yazan:\" \/>\n\t<meta name=\"twitter:data1\" content=\"Timur \u0130nce\" \/>\n\t<meta name=\"twitter:label2\" content=\"Tahmini okuma s\u00fcresi\" \/>\n\t<meta name=\"twitter:data2\" content=\"7 dakika\" \/>\n<script type=\"application\/ld+json\" class=\"yoast-schema-graph\">{\"@context\":\"https:\\\/\\\/schema.org\",\"@graph\":[{\"@type\":\"Article\",\"@id\":\"https:\\\/\\\/malatyareport.com.tr\\\/index.php\\\/2026\\\/01\\\/03\\\/helal-ikinci-kez-turkiyeye-rezil-olduk\\\/#article\",\"isPartOf\":{\"@id\":\"https:\\\/\\\/malatyareport.com.tr\\\/index.php\\\/2026\\\/01\\\/03\\\/helal-ikinci-kez-turkiyeye-rezil-olduk\\\/\"},\"author\":{\"name\":\"Timur \u0130nce\",\"@id\":\"https:\\\/\\\/malatyareport.com.tr\\\/#\\\/schema\\\/person\\\/93146d94af76b792b58ac78050cc6da7\"},\"headline\":\"Hel\u00e2l! \u0130kinci Kez T\u00fcrkiye\u2019ye Rezil Olduk\",\"datePublished\":\"2026-01-03T09:45:03+00:00\",\"dateModified\":\"2026-01-03T11:46:04+00:00\",\"mainEntityOfPage\":{\"@id\":\"https:\\\/\\\/malatyareport.com.tr\\\/index.php\\\/2026\\\/01\\\/03\\\/helal-ikinci-kez-turkiyeye-rezil-olduk\\\/\"},\"wordCount\":1289,\"commentCount\":2,\"image\":{\"@id\":\"https:\\\/\\\/malatyareport.com.tr\\\/index.php\\\/2026\\\/01\\\/03\\\/helal-ikinci-kez-turkiyeye-rezil-olduk\\\/#primaryimage\"},\"thumbnailUrl\":\"https:\\\/\\\/malatyareport.com.tr\\\/wp-content\\\/uploads\\\/2026\\\/01\\\/4F5745F4-177D-4CD6-8E27-F7F40B1DBA5A.jpeg\",\"articleSection\":[\"K\u00f6\u015fe Yaz\u0131lar\u0131\"],\"inLanguage\":\"tr\",\"potentialAction\":[{\"@type\":\"CommentAction\",\"name\":\"Comment\",\"target\":[\"https:\\\/\\\/malatyareport.com.tr\\\/index.php\\\/2026\\\/01\\\/03\\\/helal-ikinci-kez-turkiyeye-rezil-olduk\\\/#respond\"]}]},{\"@type\":\"WebPage\",\"@id\":\"https:\\\/\\\/malatyareport.com.tr\\\/index.php\\\/2026\\\/01\\\/03\\\/helal-ikinci-kez-turkiyeye-rezil-olduk\\\/\",\"url\":\"https:\\\/\\\/malatyareport.com.tr\\\/index.php\\\/2026\\\/01\\\/03\\\/helal-ikinci-kez-turkiyeye-rezil-olduk\\\/\",\"name\":\"Hel\u00e2l! \u0130kinci Kez T\u00fcrkiye\u2019ye Rezil Olduk - Malatya Report\",\"isPartOf\":{\"@id\":\"https:\\\/\\\/malatyareport.com.tr\\\/#website\"},\"primaryImageOfPage\":{\"@id\":\"https:\\\/\\\/malatyareport.com.tr\\\/index.php\\\/2026\\\/01\\\/03\\\/helal-ikinci-kez-turkiyeye-rezil-olduk\\\/#primaryimage\"},\"image\":{\"@id\":\"https:\\\/\\\/malatyareport.com.tr\\\/index.php\\\/2026\\\/01\\\/03\\\/helal-ikinci-kez-turkiyeye-rezil-olduk\\\/#primaryimage\"},\"thumbnailUrl\":\"https:\\\/\\\/malatyareport.com.tr\\\/wp-content\\\/uploads\\\/2026\\\/01\\\/4F5745F4-177D-4CD6-8E27-F7F40B1DBA5A.jpeg\",\"datePublished\":\"2026-01-03T09:45:03+00:00\",\"dateModified\":\"2026-01-03T11:46:04+00:00\",\"author\":{\"@id\":\"https:\\\/\\\/malatyareport.com.tr\\\/#\\\/schema\\\/person\\\/93146d94af76b792b58ac78050cc6da7\"},\"breadcrumb\":{\"@id\":\"https:\\\/\\\/malatyareport.com.tr\\\/index.php\\\/2026\\\/01\\\/03\\\/helal-ikinci-kez-turkiyeye-rezil-olduk\\\/#breadcrumb\"},\"inLanguage\":\"tr\",\"potentialAction\":[{\"@type\":\"ReadAction\",\"target\":[\"https:\\\/\\\/malatyareport.com.tr\\\/index.php\\\/2026\\\/01\\\/03\\\/helal-ikinci-kez-turkiyeye-rezil-olduk\\\/\"]}]},{\"@type\":\"ImageObject\",\"inLanguage\":\"tr\",\"@id\":\"https:\\\/\\\/malatyareport.com.tr\\\/index.php\\\/2026\\\/01\\\/03\\\/helal-ikinci-kez-turkiyeye-rezil-olduk\\\/#primaryimage\",\"url\":\"https:\\\/\\\/i0.wp.com\\\/malatyareport.com.tr\\\/wp-content\\\/uploads\\\/2026\\\/01\\\/4F5745F4-177D-4CD6-8E27-F7F40B1DBA5A.jpeg?fit=797%2C888&ssl=1\",\"contentUrl\":\"https:\\\/\\\/i0.wp.com\\\/malatyareport.com.tr\\\/wp-content\\\/uploads\\\/2026\\\/01\\\/4F5745F4-177D-4CD6-8E27-F7F40B1DBA5A.jpeg?fit=797%2C888&ssl=1\",\"width\":797,\"height\":888},{\"@type\":\"BreadcrumbList\",\"@id\":\"https:\\\/\\\/malatyareport.com.tr\\\/index.php\\\/2026\\\/01\\\/03\\\/helal-ikinci-kez-turkiyeye-rezil-olduk\\\/#breadcrumb\",\"itemListElement\":[{\"@type\":\"ListItem\",\"position\":1,\"name\":\"Anasayfa\",\"item\":\"https:\\\/\\\/malatyareport.com.tr\\\/\"},{\"@type\":\"ListItem\",\"position\":2,\"name\":\"Hel\u00e2l! \u0130kinci Kez T\u00fcrkiye\u2019ye Rezil Olduk\"}]},{\"@type\":\"WebSite\",\"@id\":\"https:\\\/\\\/malatyareport.com.tr\\\/#website\",\"url\":\"https:\\\/\\\/malatyareport.com.tr\\\/\",\"name\":\"Malatya Report\",\"description\":\"\",\"potentialAction\":[{\"@type\":\"SearchAction\",\"target\":{\"@type\":\"EntryPoint\",\"urlTemplate\":\"https:\\\/\\\/malatyareport.com.tr\\\/?s={search_term_string}\"},\"query-input\":{\"@type\":\"PropertyValueSpecification\",\"valueRequired\":true,\"valueName\":\"search_term_string\"}}],\"inLanguage\":\"tr\"},{\"@type\":\"Person\",\"@id\":\"https:\\\/\\\/malatyareport.com.tr\\\/#\\\/schema\\\/person\\\/93146d94af76b792b58ac78050cc6da7\",\"name\":\"Timur \u0130nce\",\"image\":{\"@type\":\"ImageObject\",\"inLanguage\":\"tr\",\"@id\":\"https:\\\/\\\/secure.gravatar.com\\\/avatar\\\/e5ce118bd86e5549ff544e7c5b614da198ecaa7f8e9398b55d27ae1f117511d8?s=96&d=mm&r=g\",\"url\":\"https:\\\/\\\/secure.gravatar.com\\\/avatar\\\/e5ce118bd86e5549ff544e7c5b614da198ecaa7f8e9398b55d27ae1f117511d8?s=96&d=mm&r=g\",\"contentUrl\":\"https:\\\/\\\/secure.gravatar.com\\\/avatar\\\/e5ce118bd86e5549ff544e7c5b614da198ecaa7f8e9398b55d27ae1f117511d8?s=96&d=mm&r=g\",\"caption\":\"Timur \u0130nce\"},\"description\":\"Zaman\u0131n ruhunda bir damla m\u00fcrekkep olmay\u0131 isterdim. Bir damla m\u00fcrekkep bir ulusun kaderini yazmaya yeterlidir.\",\"sameAs\":[\"https:\\\/\\\/malatyareport.com.tr\",\"https:\\\/\\\/www.facebook.com\\\/timurince\",\"@timur_ince_t5_\",\"https:\\\/\\\/x.com\\\/@timurince11\"],\"url\":\"https:\\\/\\\/malatyareport.com.tr\\\/index.php\\\/author\\\/admin_6i9yniox\\\/\"}]}<\/script>\n<!-- \/ Yoast SEO plugin. -->","yoast_head_json":{"title":"Hel\u00e2l! \u0130kinci Kez T\u00fcrkiye\u2019ye Rezil Olduk - Malatya Report","robots":{"index":"index","follow":"follow","max-snippet":"max-snippet:-1","max-image-preview":"max-image-preview:large","max-video-preview":"max-video-preview:-1"},"canonical":"https:\/\/malatyareport.com.tr\/index.php\/2026\/01\/03\/helal-ikinci-kez-turkiyeye-rezil-olduk\/","og_locale":"tr_TR","og_type":"article","og_title":"Hel\u00e2l! \u0130kinci Kez T\u00fcrkiye\u2019ye Rezil Olduk - Malatya Report","og_description":"Gazeteci Mahir Temur\u2019\u00fcn d\u00fcn itibari ile Malatya\u2019da Zab\u0131tan\u0131n karda kalm\u0131\u015f ara\u00e7 kurtar\u0131yor gibi kurgusal payla\u015f\u0131m\u0131n\u0131 T\u00fcrkiye konu\u015fuyor. Konu ulusal medya\u2019da da geni\u015f \u015fekilde yer buldu.&#8230;","og_url":"https:\/\/malatyareport.com.tr\/index.php\/2026\/01\/03\/helal-ikinci-kez-turkiyeye-rezil-olduk\/","og_site_name":"Malatya Report","article_author":"https:\/\/www.facebook.com\/timurince","article_published_time":"2026-01-03T09:45:03+00:00","article_modified_time":"2026-01-03T11:46:04+00:00","og_image":[{"url":"https:\/\/malatyareport.com.tr\/wp-content\/uploads\/2026\/01\/4F5745F4-177D-4CD6-8E27-F7F40B1DBA5A.jpeg","type":"","width":"","height":""}],"author":"Timur \u0130nce","twitter_card":"summary_large_image","twitter_creator":"@timurince11","twitter_misc":{"Yazan:":"Timur \u0130nce","Tahmini okuma s\u00fcresi":"7 dakika"},"schema":{"@context":"https:\/\/schema.org","@graph":[{"@type":"Article","@id":"https:\/\/malatyareport.com.tr\/index.php\/2026\/01\/03\/helal-ikinci-kez-turkiyeye-rezil-olduk\/#article","isPartOf":{"@id":"https:\/\/malatyareport.com.tr\/index.php\/2026\/01\/03\/helal-ikinci-kez-turkiyeye-rezil-olduk\/"},"author":{"name":"Timur \u0130nce","@id":"https:\/\/malatyareport.com.tr\/#\/schema\/person\/93146d94af76b792b58ac78050cc6da7"},"headline":"Hel\u00e2l! \u0130kinci Kez T\u00fcrkiye\u2019ye Rezil Olduk","datePublished":"2026-01-03T09:45:03+00:00","dateModified":"2026-01-03T11:46:04+00:00","mainEntityOfPage":{"@id":"https:\/\/malatyareport.com.tr\/index.php\/2026\/01\/03\/helal-ikinci-kez-turkiyeye-rezil-olduk\/"},"wordCount":1289,"commentCount":2,"image":{"@id":"https:\/\/malatyareport.com.tr\/index.php\/2026\/01\/03\/helal-ikinci-kez-turkiyeye-rezil-olduk\/#primaryimage"},"thumbnailUrl":"https:\/\/malatyareport.com.tr\/wp-content\/uploads\/2026\/01\/4F5745F4-177D-4CD6-8E27-F7F40B1DBA5A.jpeg","articleSection":["K\u00f6\u015fe Yaz\u0131lar\u0131"],"inLanguage":"tr","potentialAction":[{"@type":"CommentAction","name":"Comment","target":["https:\/\/malatyareport.com.tr\/index.php\/2026\/01\/03\/helal-ikinci-kez-turkiyeye-rezil-olduk\/#respond"]}]},{"@type":"WebPage","@id":"https:\/\/malatyareport.com.tr\/index.php\/2026\/01\/03\/helal-ikinci-kez-turkiyeye-rezil-olduk\/","url":"https:\/\/malatyareport.com.tr\/index.php\/2026\/01\/03\/helal-ikinci-kez-turkiyeye-rezil-olduk\/","name":"Hel\u00e2l! \u0130kinci Kez T\u00fcrkiye\u2019ye Rezil Olduk - Malatya Report","isPartOf":{"@id":"https:\/\/malatyareport.com.tr\/#website"},"primaryImageOfPage":{"@id":"https:\/\/malatyareport.com.tr\/index.php\/2026\/01\/03\/helal-ikinci-kez-turkiyeye-rezil-olduk\/#primaryimage"},"image":{"@id":"https:\/\/malatyareport.com.tr\/index.php\/2026\/01\/03\/helal-ikinci-kez-turkiyeye-rezil-olduk\/#primaryimage"},"thumbnailUrl":"https:\/\/malatyareport.com.tr\/wp-content\/uploads\/2026\/01\/4F5745F4-177D-4CD6-8E27-F7F40B1DBA5A.jpeg","datePublished":"2026-01-03T09:45:03+00:00","dateModified":"2026-01-03T11:46:04+00:00","author":{"@id":"https:\/\/malatyareport.com.tr\/#\/schema\/person\/93146d94af76b792b58ac78050cc6da7"},"breadcrumb":{"@id":"https:\/\/malatyareport.com.tr\/index.php\/2026\/01\/03\/helal-ikinci-kez-turkiyeye-rezil-olduk\/#breadcrumb"},"inLanguage":"tr","potentialAction":[{"@type":"ReadAction","target":["https:\/\/malatyareport.com.tr\/index.php\/2026\/01\/03\/helal-ikinci-kez-turkiyeye-rezil-olduk\/"]}]},{"@type":"ImageObject","inLanguage":"tr","@id":"https:\/\/malatyareport.com.tr\/index.php\/2026\/01\/03\/helal-ikinci-kez-turkiyeye-rezil-olduk\/#primaryimage","url":"https:\/\/i0.wp.com\/malatyareport.com.tr\/wp-content\/uploads\/2026\/01\/4F5745F4-177D-4CD6-8E27-F7F40B1DBA5A.jpeg?fit=797%2C888&ssl=1","contentUrl":"https:\/\/i0.wp.com\/malatyareport.com.tr\/wp-content\/uploads\/2026\/01\/4F5745F4-177D-4CD6-8E27-F7F40B1DBA5A.jpeg?fit=797%2C888&ssl=1","width":797,"height":888},{"@type":"BreadcrumbList","@id":"https:\/\/malatyareport.com.tr\/index.php\/2026\/01\/03\/helal-ikinci-kez-turkiyeye-rezil-olduk\/#breadcrumb","itemListElement":[{"@type":"ListItem","position":1,"name":"Anasayfa","item":"https:\/\/malatyareport.com.tr\/"},{"@type":"ListItem","position":2,"name":"Hel\u00e2l! \u0130kinci Kez T\u00fcrkiye\u2019ye Rezil Olduk"}]},{"@type":"WebSite","@id":"https:\/\/malatyareport.com.tr\/#website","url":"https:\/\/malatyareport.com.tr\/","name":"Malatya Report","description":"","potentialAction":[{"@type":"SearchAction","target":{"@type":"EntryPoint","urlTemplate":"https:\/\/malatyareport.com.tr\/?s={search_term_string}"},"query-input":{"@type":"PropertyValueSpecification","valueRequired":true,"valueName":"search_term_string"}}],"inLanguage":"tr"},{"@type":"Person","@id":"https:\/\/malatyareport.com.tr\/#\/schema\/person\/93146d94af76b792b58ac78050cc6da7","name":"Timur \u0130nce","image":{"@type":"ImageObject","inLanguage":"tr","@id":"https:\/\/secure.gravatar.com\/avatar\/e5ce118bd86e5549ff544e7c5b614da198ecaa7f8e9398b55d27ae1f117511d8?s=96&d=mm&r=g","url":"https:\/\/secure.gravatar.com\/avatar\/e5ce118bd86e5549ff544e7c5b614da198ecaa7f8e9398b55d27ae1f117511d8?s=96&d=mm&r=g","contentUrl":"https:\/\/secure.gravatar.com\/avatar\/e5ce118bd86e5549ff544e7c5b614da198ecaa7f8e9398b55d27ae1f117511d8?s=96&d=mm&r=g","caption":"Timur \u0130nce"},"description":"Zaman\u0131n ruhunda bir damla m\u00fcrekkep olmay\u0131 isterdim. Bir damla m\u00fcrekkep bir ulusun kaderini yazmaya yeterlidir.","sameAs":["https:\/\/malatyareport.com.tr","https:\/\/www.facebook.com\/timurince","@timur_ince_t5_","https:\/\/x.com\/@timurince11"],"url":"https:\/\/malatyareport.com.tr\/index.php\/author\/admin_6i9yniox\/"}]}},"jetpack_featured_media_url":"","jetpack_sharing_enabled":true,"_links":{"self":[{"href":"https:\/\/malatyareport.com.tr\/index.php\/wp-json\/wp\/v2\/posts\/670","targetHints":{"allow":["GET"]}}],"collection":[{"href":"https:\/\/malatyareport.com.tr\/index.php\/wp-json\/wp\/v2\/posts"}],"about":[{"href":"https:\/\/malatyareport.com.tr\/index.php\/wp-json\/wp\/v2\/types\/post"}],"author":[{"embeddable":true,"href":"https:\/\/malatyareport.com.tr\/index.php\/wp-json\/wp\/v2\/users\/1"}],"replies":[{"embeddable":true,"href":"https:\/\/malatyareport.com.tr\/index.php\/wp-json\/wp\/v2\/comments?post=670"}],"version-history":[{"count":6,"href":"https:\/\/malatyareport.com.tr\/index.php\/wp-json\/wp\/v2\/posts\/670\/revisions"}],"predecessor-version":[{"id":684,"href":"https:\/\/malatyareport.com.tr\/index.php\/wp-json\/wp\/v2\/posts\/670\/revisions\/684"}],"wp:attachment":[{"href":"https:\/\/malatyareport.com.tr\/index.php\/wp-json\/wp\/v2\/media?parent=670"}],"wp:term":[{"taxonomy":"category","embeddable":true,"href":"https:\/\/malatyareport.com.tr\/index.php\/wp-json\/wp\/v2\/categories?post=670"},{"taxonomy":"post_tag","embeddable":true,"href":"https:\/\/malatyareport.com.tr\/index.php\/wp-json\/wp\/v2\/tags?post=670"}],"curies":[{"name":"wp","href":"https:\/\/api.w.org\/{rel}","templated":true}]}}