{"id":687,"date":"2026-01-06T17:36:46","date_gmt":"2026-01-06T17:36:46","guid":{"rendered":"https:\/\/malatyareport.com.tr\/?p=687"},"modified":"2026-01-09T20:11:56","modified_gmt":"2026-01-09T20:11:56","slug":"malatyanin-onundeki-engel-muhalefet-partileri","status":"publish","type":"post","link":"https:\/\/malatyareport.com.tr\/index.php\/2026\/01\/06\/malatyanin-onundeki-engel-muhalefet-partileri\/","title":{"rendered":"MALATYA\u2019NIN \u00d6N\u00dcNDEK\u0130 ENGEL: \u2018MUHALEFET\u2019 PART\u0130LER\u0130"},"content":{"rendered":"\n<figure class=\"wp-block-image size-full\"><img data-recalc-dims=\"1\" loading=\"lazy\" decoding=\"async\" width=\"801\" height=\"889\" src=\"https:\/\/i0.wp.com\/malatyareport.com.tr\/wp-content\/uploads\/2026\/01\/94B2CC7C-A353-4FF5-84A5-E78E008E2AD7.jpeg?resize=801%2C889&#038;ssl=1\" alt=\"\" class=\"wp-image-688\" srcset=\"https:\/\/i0.wp.com\/malatyareport.com.tr\/wp-content\/uploads\/2026\/01\/94B2CC7C-A353-4FF5-84A5-E78E008E2AD7.jpeg?w=801&amp;ssl=1 801w, https:\/\/i0.wp.com\/malatyareport.com.tr\/wp-content\/uploads\/2026\/01\/94B2CC7C-A353-4FF5-84A5-E78E008E2AD7.jpeg?resize=270%2C300&amp;ssl=1 270w, https:\/\/i0.wp.com\/malatyareport.com.tr\/wp-content\/uploads\/2026\/01\/94B2CC7C-A353-4FF5-84A5-E78E008E2AD7.jpeg?resize=768%2C852&amp;ssl=1 768w\" sizes=\"auto, (max-width: 801px) 100vw, 801px\" \/><\/figure>\n\n\n\n<p class=\"wp-block-paragraph\">Malatya \u015fehri \u00f6n\u00fcnde iki ciddi engelden s\u00f6z edebiliriz.&nbsp;<\/p>\n\n\n\n<p class=\"wp-block-paragraph\"><mark style=\"background-color:rgba(0, 0, 0, 0)\" class=\"has-inline-color has-vivid-cyan-blue-color\"><strong>Birincisi<\/strong><\/mark>: <strong>yerel siyasetin t\u0131kanan kanallar\u0131!&nbsp;<\/strong><\/p>\n\n\n\n<p class=\"wp-block-paragraph\"><strong><mark style=\"background-color:rgba(0, 0, 0, 0)\" class=\"has-inline-color has-vivid-cyan-blue-color\">\u0130kincisi<\/mark><\/strong>: <strong>muhalefetin eksikli\u011finden \u00e7ok bakiyesizli\u011fi.&nbsp;<\/strong><\/p>\n\n\n\n<p class=\"wp-block-paragraph\">Arzu ederseniz birincisinden ba\u015flay\u0131p sonras\u0131yla biraz a\u00e7mak istiyorum:<\/p>\n\n\n\n<p class=\"wp-block-paragraph\">Malatya, uzun s\u00fcredir siyasi istikrar g\u00f6r\u00fcnt\u00fcs\u00fc veren ancak bu istikrar\u0131 kalk\u0131nmaya d\u00f6n\u00fc\u015ft\u00fcremeyen \u015fehirlerin ba\u015f\u0131nda gelmektedir. Toplumla siyaset aras\u0131nda ciddi bir kopukluk var. Ger\u00e7ek sorunlar g\u00fcndeme ta\u015f\u0131nm\u0131yor. Evet sand\u0131k sonu\u00e7lar\u0131 de\u011fi\u015fmesede \u015fehir yerinde saymakta; sorunlar git gide kronikle\u015fmektedir. Bu durum, Malatya\u2019daki temel engelin muhalefetsizlikle birlikte, iktidar\u0131n denetlenememesi oldu\u011funu da g\u00f6stermektedir.<\/p>\n\n\n\n<p class=\"wp-block-paragraph\"><strong>Nedenini tek sesli siyaset ve siyasilerin vazge\u00e7medi\u011fi konfor olarak tarif edebiliriz.&nbsp;<\/strong><\/p>\n\n\n\n<p class=\"wp-block-paragraph\">\u00d6yle bir safhaya gelindiki; Malatya\u2019da yerel ve genel siyaseti uzun y\u0131llard\u0131r ayn\u0131 siyasi \u00e7izgide ilerlemek \u00fczerine \u015fekillendi. Ayn\u0131 \u00e7izgiden ziyade ayn\u0131 isimler aras\u0131nda top d\u00f6nderildi. Bu durum, y\u00f6neticiler i\u00e7in bir konfor alan\u0131 olu\u015fturmu\u015f; varl\u0131k edinmek \u00f6tesine ge\u00e7medi. Haliyle rekabetin yoklu\u011fu performans\u0131 d\u00fc\u015f\u00fck bir alana ta\u015f\u0131d\u0131. Alternatif fikirler ve projeler ortaya \u00e7\u0131kmad\u0131, vizyoner isimler ya \u00f6ne ge\u00e7emedi ya da yol verilmedi. Bu durum sonras\u0131 kastla\u015fan siyaset\u00e7ilerin hesap verme zorunlulu\u011funu tamamen ortadan kald\u0131rm\u0131\u015ft\u0131r. \u201c<strong>Sand\u0131k garantili<\/strong>\u201d isimler, hizmet motivasyonunun \u00f6n\u00fcne ge\u00e7ti\u011fi bir red\u00fcksiyon olu\u015ftu.&nbsp;<\/p>\n\n\n\n<p class=\"wp-block-paragraph\">Yani yerelde kastla\u015fan akt\u00f6rler elindeki g\u00fcc\u00fc koruma i\u00e7 g\u00fcd\u00fclerini sonuna kadar muhafaza ettiklerini g\u00f6r\u00fcyoruz.&nbsp;<\/p>\n\n\n\n<p class=\"wp-block-paragraph\"><strong>\u00dc\u00e7<\/strong> d\u00f6nem, <strong>d\u00f6rt<\/strong> ve siyasetin di\u011fer alanlar\u0131nda var olmak \u00fczere konumlanma belirlendi. Bu handikap ise <strong>Ankara-Malatya <\/strong>hatt\u0131nda ciddi bir deforme meydana getirdi\u011fi apa\u00e7\u0131k.&nbsp;<\/p>\n\n\n\n<p class=\"wp-block-paragraph\">\u00d6yle ki Malatya se\u00e7ilmi\u015fleri merdiven ba\u015flar\u0131nda, ayak \u00fcst\u00fc, bir iki dakika s\u00fcrelerde derdini cumhurba\u015fkan\u0131na anlat\u0131r olmaya kadar \u00e7\u0131ta d\u00fc\u015ft\u00fc.&nbsp;<\/p>\n\n\n\n<p class=\"wp-block-paragraph\">Bu y\u00fczden Malatya\u2019n\u0131n Ankara\u2019daki temsil g\u00fcc\u00fc nicelik olarak y\u00fcksek g\u00f6r\u00fcnse de nitelik olarak zay\u0131f kald\u0131\u011f\u0131n\u0131 biliyoruz\u2026<\/p>\n\n\n\n<p class=\"wp-block-paragraph\">Milletvekilleri \u00e7o\u011fu zaman \u015fehir ad\u0131na kolektif bir g\u00fc\u00e7 olu\u015fturmak yerine bireysel pozisyonlar\u0131n\u0131 koruma refleksiyle hareket ettikleri bir program se\u00e7tiler. Bu da Malatya\u2019n\u0131n b\u00fcy\u00fck yat\u0131r\u0131mlar ve stratejik projelerde geri planda kalmas\u0131na yol a\u00e7makta.&nbsp;<\/p>\n\n\n\n<p class=\"wp-block-paragraph\">E\u011fer <strong>Toki<\/strong> \u015fehri in\u015fa etti derseniz bu s\u00fcre\u00e7te; o, yerel siyasetin bask\u0131s\u0131yla de\u011fil bir devlet politikas\u0131n\u0131n t\u00fcm \u00fclkeye yayd\u0131\u011f\u0131 genel bir program\u0131d\u0131r\u2026<\/p>\n\n\n\n<p class=\"wp-block-paragraph\">Bakan <strong>Murat Kurum<\/strong>\u2019un hakk\u0131n\u0131 burada kendilerine iade etmek isteriz. <\/p>\n\n\n\n<p class=\"wp-block-paragraph\"><strong>Ankara<\/strong>\u2019da b\u00f6yle bir pozisyon olu\u015fagelirken yerelde i\u015fler \u00e7ok farkl\u0131 de\u011fildi.&nbsp;<\/p>\n\n\n\n<p class=\"wp-block-paragraph\">Hal b\u00f6yle olunca yerel y\u00f6netimlerde kritik diyebilece\u011fimiz liyakat sorunu g\u00f6zler \u00f6n\u00fcne geldi. Elbette yerel akt\u00f6rler \u0131srarla bu sorunu g\u00f6rmeme e\u011filimleri i\u015fleri \u015fehirde git gide daha da zorla\u015ft\u0131rd\u0131.&nbsp;<\/p>\n\n\n\n<p class=\"wp-block-paragraph\">Bak\u0131yoruz Belediyelerde ve ba\u011fl\u0131 kurumlarda liyakat yerine sadakat esasl\u0131 kadrola\u015fma, y\u00f6netim kapasitesini zay\u0131flatt\u0131\u011f\u0131 a\u015fina halde g\u00f6ze \u00e7arpar oldu. Teknik bilgi ve \u015fehircilik vizyonu olmayan kadrolar, deprem sonras\u0131 gibi kriz anlar\u0131nda s\u00fcreci y\u00f6netememi\u015f; bu durum halkta ciddi bir g\u00fcven erozyonuna neden oldu\u011fu&#8230; Tabi halk\u0131n insiyatifi hi\u00e7 bir zaman yerel y\u00f6neticilerle kaile al\u0131nmad\u0131\u011f\u0131 ise ayr\u0131 bir yaz\u0131 konusu olmal\u0131. \u201c<strong>Yapt\u0131k, iyi gidiyoruz<\/strong>\u201d minvalinde kli\u015fe s\u00f6ylemlerin dalga dalga yay\u0131lmas\u0131 harici geriye d\u00f6n\u00fcp bakt\u0131\u011f\u0131m\u0131z da i\u00e7i doldurulmu\u015f hi\u00e7 bir somut \u00fcr\u00fcn kar\u015f\u0131m\u0131za \u00e7\u0131km\u0131yor ne yaz\u0131k.&nbsp;<\/p>\n\n\n\n<p class=\"wp-block-paragraph\"><strong>\u0130kincisi<\/strong>: Burada en b\u00fcy\u00fck su\u00e7 kimde diye bir sual gelse &#8211;<strong>muhalefet eksikli\u011fi<\/strong>&#8211; veya <strong>muhalefetin zay\u0131fl\u0131\u011f\u0131<\/strong> ciddi bir yetki &#8211;<em>ba\u011flams\u0131zl\u0131\u011f\u0131<\/em>&#8211; olu\u015fturdu\u011funa dair onlarca \u00f6rnek saymam\u0131z m\u00fcmk\u00fcn.&nbsp;<\/p>\n\n\n\n<p class=\"wp-block-paragraph\"><strong>Hatta muhalefet \u015fehirde hi\u00e7 bir bakiyesi yok. <\/strong>Bak\u0131yoruz muhalefet da\u011f\u0131n\u0131k, da\u011f\u0131lm\u0131\u015f bir muhalefet \u015fehrin hikayesini zora soktu\u011fu, kendi muhalefet partileri ad\u0131na s\u00f6ylem geli\u015ftiremeyen akt\u00f6rler sessizli\u011fe oynayarak bir nevi \u015fehre ihanet ettikleri hakikatinin alt\u0131n\u0131 \u00e7izmek isteriz\u2026<\/p>\n\n\n\n<p class=\"wp-block-paragraph\"><strong>\u00d6rnek<\/strong>: <strong>Anahtar Parti<\/strong>, yeni bir parti, kendini kan\u0131tlamas\u0131 laz\u0131m, (<strong><em>galiba<\/em><\/strong>) bir il ba\u015fkan\u0131 da var bu \u015fehirde de\u011fil mi? Bir g\u00fcn bir muhalif \u00e7\u0131k\u0131\u015f\u0131na rastland\u0131n\u0131z m\u0131 hi\u00e7? Halk\u0131n bir sorununa kulak kabartt\u0131 m\u0131? Bir \u015feyler yolunda gitmiyor diyebildimi? Hay\u0131r! Bunlar muhalif diye ge\u00e7inen fakat geri planda yerel y\u00f6netimlere alt\u0131n tepside serbestlik sunan bir psikoloji i\u00e7indeler.&nbsp;<\/p>\n\n\n\n<p class=\"wp-block-paragraph\">Malatya\u2019da muhalefet partileri, hi\u00e7 biri; iktidar\u0131 zorlayacak g\u00fc\u00e7l\u00fc bir s\u00f6ylem ve saha \u00e7al\u0131\u015fmas\u0131 ortaya koyamayacak isimlere teslim edildi. Kendi d\u00fcnyalar\u0131nda, kendi i\u00e7 \u00e7eki\u015fmelerine s\u0131k\u0131\u015fan muhalefet, halk\u0131n g\u00fcndeminde yer alam\u0131yor, vatanda\u015f\u0131n taleplerine ula\u015f\u0131p onlara dokunamamak \u00e7aresizli\u011fi konuyu ba\u015fka bir y\u00f6ne sapt\u0131rmaktad\u0131r.&nbsp;<\/p>\n\n\n\n<p class=\"wp-block-paragraph\">T\u00fcm bu realite eksikli\u011fi siyasi denge mekanizmas\u0131n\u0131n tamamen i\u015flemez hale gelmesine neden oldu\u011fu a\u011f\u0131r bir siyasi girdap olu\u015fturdu. \u0130ktidar destekli y\u00f6neticiler meydan\u0131 bo\u015f g\u00f6r\u00fcnce ister istemesi \u00e7izgiden d\u0131\u015far\u0131 ta\u015fmalar\u0131 ko\u015fulsuz bir hale gelmektedir.&nbsp;<\/p>\n\n\n\n<p class=\"wp-block-paragraph\">T\u00fcm bu veriler \u0131\u015f\u0131\u011f\u0131nda h\u0131zla geli\u015fen b\u00fcrokratik vesayet, muhalefet erezyonu ve stat\u00fcs\u00fcn\u00fcn korunma alt\u0131na al\u0131nmas\u0131 meselesini pas ge\u00e7emeyiz. \u015eehrin hikayesi burada kronik bir hastal\u0131\u011fa teslim oldu\u011fu yeni bir \u201c<strong>bitkisel hayat\u201d<\/strong> safhas\u0131 a\u00e7\u0131l\u0131yor.&nbsp;<\/p>\n\n\n\n<p class=\"wp-block-paragraph\">Sizlerde taktir edersiniz ki; yerel b\u00fcrokraside de\u011fi\u015fime direnen bir yap\u0131 h\u00e2kimdir. Ayn\u0131 isimler, ayn\u0131 y\u00f6ntemlerle y\u0131llard\u0131r kritik noktalardan g\u00f6rev almaktad\u0131r. Muhalefette bu doktrini besliyor, destekliyor. Bu stat\u00fcko, yenilik\u00e7i projelerin \u00f6n\u00fcn\u00fc kesip bitiriyor. \u015eehrin dinamikleri durmadan t\u00f6rp\u00fclenmektedir. B\u00fcrokrasi, \u00e7\u00f6z\u00fcm \u00fcreten de\u011fil, s\u00fcreci yava\u015flatan bir akt\u00f6re d\u00f6n\u00fc\u015fm\u00fc\u015fse e\u011fer oturup bir d\u00fc\u015f\u00fcnmeliyiz&nbsp;<\/p>\n\n\n\n<p class=\"wp-block-paragraph\">Hele de deprem sonras\u0131 muhalefetin eksikli\u011fini net \u015fekilde tahlil ettik. Muhalefeti \u015fehirde parmak say\u0131s\u0131n\u0131 ge\u00e7meyen bir ka\u00e7 gazeteci yap\u0131yor. Onlarda hepsi siyasi partilerin hedef oda\u011f\u0131 konumundalar. Marjinal g\u00f6zle bak\u0131l\u0131yor. Siyasetin imtihan\u0131nda muhalefet s\u0131n\u0131fta kald\u0131, hatta s\u0131n\u0131ftan d\u0131\u015far\u0131 at\u0131ld\u0131. \u015eimdi olas\u0131 bir se\u00e7imde bunlar \u00e7\u0131k\u0131p hangi ak\u0131lla vatanda\u015fa gidip oy isteyecekler merak ediyoruz. <\/p>\n\n\n\n<p class=\"wp-block-paragraph\">Deprem, Malatya siyaseti i\u00e7in bir turnusol k\u00e2\u011f\u0131d\u0131 olmu\u015ftur. Ak ile Kara\u2019y\u0131 g\u00fcn y\u00fcz\u00fcne \u00e7\u0131kard\u0131. Hele de muhalefet a\u00e7\u0131s\u0131ndan i\u015fler i\u00e7ler ac\u0131s\u0131. Ancak bu s\u0131nav yeterince ge\u00e7ilememi\u015ftir. S\u00fcrecin \u015feffaf y\u00fcr\u00fct\u00fclmemesine hi\u00e7 bir katk\u0131 sunmad\u0131lar, vatanda\u015fla sa\u011fl\u0131kl\u0131 ileti\u015fim kurulmas\u0131na \u00f6n ayak olmad\u0131lar ve bu plans\u0131z uygulamalar, siyasi maliyeti her ge\u00e7en g\u00fcn art\u0131rd\u0131\u011f\u0131 bamba\u015fka bir s\u00fcreci kar\u015f\u0131m\u0131za \u00e7\u0131kard\u0131.&nbsp;<\/p>\n\n\n\n<p class=\"wp-block-paragraph\">\u0130ktidar yetkilileri d\u00f6rt-d\u00f6rtl\u00fckt\u00fcr demiyoruz ama muhalefet g\u00fcven diye bir \u015fey b\u0131rakmad\u0131. Retori\u011fi darma duman ettiler.\u00a0<\/p>\n\n\n\n<p class=\"wp-block-paragraph\">\u00d6yle bir siyasi y\u00f6ntem olu\u015ftu ki halk ile siyaset aras\u0131nda ki kopu\u015fun yegane temsilcileri olmaya talip duru\u015flar\u0131nda; vatanda\u015f\u0131n giderek umutsuzlu\u011fa s\u00fcrd\u00fckleri aleni bir durum. Yukar\u0131da <strong>Anahtar Partiyi<\/strong> \u00f6rnek verdim, <strong>CHP<\/strong>\u2019de ayn\u0131s\u0131 <strong>\u0130Y\u0130 part<\/strong>i\u2019de di\u011ferleride\u2026<\/p>\n\n\n\n<p class=\"wp-block-paragraph\">\u015eehirde muhalefet yoksunlu\u011fundan cesareti depre\u015fen iktidar yetkilileri vatanda\u015f a\u00e7\u0131s\u0131ndan; siyasetle ba\u011f\u0131n\u0131 giderek kaybetmesine neden oldu. Taleplerin kar\u015f\u0131l\u0131k bulmad\u0131\u011f\u0131, ele\u015ftiri dikkate al\u0131nmad\u0131\u011f\u0131 bir ortamda siyaset, halk i\u00e7in uzak ve anlams\u0131z bir mecraya d\u00f6n\u00fc\u015ft\u00fc\u011f\u00fcn\u00fc daha ka\u00e7 kez s\u00f6yleyece\u011fiz bu k\u00f6\u015feden. <\/p>\n\n\n\n<p class=\"wp-block-paragraph\">\u015e\u00f6yle bir sonu\u00e7 kendisinden beliriyor: bu kopu\u015f, muhalefeti ilk se\u00e7imde sans\u00fcrleyecek, sand\u0131\u011fa kat\u0131l\u0131m\u0131 azaltacak, ister kabul edin ister etmeyin \u015fehri y\u00f6netenlerle \u015fehirde ya\u015fayanlar aras\u0131nda derin bir u\u00e7urum olu\u015fturacak.\u00a0<\/p>\n\n\n\n<p class=\"wp-block-paragraph\">Malatya\u2019n\u0131n \u00f6n\u00fcndeki as\u0131l engel ki\u015filerden ziyade, dip bulmu\u015f yerle\u015fik muhalif siyasi k\u00fclt\u00fcrd\u00fcr. Kendini her \u015feyden soyutlam\u0131\u015f, kenara \u00e7ekilip \u00fcrkek\u00e7e bekleyen, ele\u015ftiriden ka\u00e7an, de\u011fi\u015fime kapal\u0131 bu yap\u0131larla bir ad\u0131m ileri atmam\u0131z \u00e7ok <strong>ZOR<\/strong>! Sorar\u0131m bu reflekslere sahip bir muhalefete kim oy vermek ister? Oysa Malatya potansiyelini a\u00e7\u0131\u011fa \u00e7\u0131karmay\u0131 deneseler, \u00e7\u00f6z\u00fcm aray\u0131\u015f\u0131na girseler, yaln\u0131zca iktidar\u0131n de\u011fil; muhalefetin, sivil toplumun ve se\u00e7menin de d\u00f6n\u00fc\u015f\u00fcm ge\u00e7irmesinde entegrasyonuna giri\u015fseler i\u015fin rengi de\u011fi\u015fecek.<\/p>\n\n\n\n<p class=\"wp-block-paragraph\">Malatya\u2019n\u0131n \u00f6n\u00fcn\u00fc a\u00e7acak olan \u015fey yeni isimler kadar, yeni g\u00fc\u00e7l\u00fc bir muhalif siyaset anlay\u0131\u015f\u0131d\u0131r. Aksi taktirde iktidardan kimsenin \u015fikayet etmesine hakk\u0131 yoktur.\u00a0Muhalefeti \u015fikayet edin bence. G\u00f6rd\u00fc\u011f\u00fcn\u00fcz yerde yap\u0131\u015ft\u0131r\u0131n \u201c<strong>en az\u0131ndan siz nas\u0131l muhalefetsiniz<\/strong>\u201d diyebilirsiniz. <\/p>\n\n\n\n<p class=\"wp-block-paragraph\"><\/p>\n","protected":false},"excerpt":{"rendered":"<p>Malatya \u015fehri \u00f6n\u00fcnde iki ciddi engelden s\u00f6z edebiliriz.&nbsp; Birincisi: yerel siyasetin t\u0131kanan kanallar\u0131!&nbsp; \u0130kincisi: muhalefetin eksikli\u011finden \u00e7ok bakiyesizli\u011fi.&nbsp; Arzu ederseniz birincisinden ba\u015flay\u0131p sonras\u0131yla biraz a\u00e7mak&#8230;<\/p>\n<div class=\"more-link-wrapper\"><a class=\"more-link\" href=\"https:\/\/malatyareport.com.tr\/index.php\/2026\/01\/06\/malatyanin-onundeki-engel-muhalefet-partileri\/\">Devam\u0131n\u0131 okuyun<span class=\"screen-reader-text\">MALATYA\u2019NIN \u00d6N\u00dcNDEK\u0130 ENGEL: \u2018MUHALEFET\u2019 PART\u0130LER\u0130<\/span><\/a><\/div>\n","protected":false},"author":1,"featured_media":0,"comment_status":"open","ping_status":"open","sticky":false,"template":"","format":"standard","meta":{"_jetpack_memberships_contains_paid_content":false,"footnotes":""},"categories":[5],"tags":[],"class_list":["post-687","post","type-post","status-publish","format-standard","hentry","category-kose-yazilari","entry"],"yoast_head":"<!-- This site is optimized with the Yoast SEO plugin v28.2 - https:\/\/yoast.com\/product\/yoast-seo-wordpress\/ -->\n<title>MALATYA\u2019NIN \u00d6N\u00dcNDEK\u0130 ENGEL: \u2018MUHALEFET\u2019 PART\u0130LER\u0130 - Malatya Report<\/title>\n<meta name=\"robots\" content=\"index, follow, max-snippet:-1, max-image-preview:large, max-video-preview:-1\" \/>\n<link rel=\"canonical\" href=\"https:\/\/malatyareport.com.tr\/index.php\/2026\/01\/06\/malatyanin-onundeki-engel-muhalefet-partileri\/\" \/>\n<meta property=\"og:locale\" content=\"tr_TR\" \/>\n<meta property=\"og:type\" content=\"article\" \/>\n<meta property=\"og:title\" content=\"MALATYA\u2019NIN \u00d6N\u00dcNDEK\u0130 ENGEL: \u2018MUHALEFET\u2019 PART\u0130LER\u0130 - Malatya Report\" \/>\n<meta property=\"og:description\" content=\"Malatya \u015fehri \u00f6n\u00fcnde iki ciddi engelden s\u00f6z edebiliriz.&nbsp; Birincisi: yerel siyasetin t\u0131kanan kanallar\u0131!&nbsp; \u0130kincisi: muhalefetin eksikli\u011finden \u00e7ok bakiyesizli\u011fi.&nbsp; Arzu ederseniz birincisinden ba\u015flay\u0131p sonras\u0131yla biraz a\u00e7mak&#8230;\" \/>\n<meta property=\"og:url\" content=\"https:\/\/malatyareport.com.tr\/index.php\/2026\/01\/06\/malatyanin-onundeki-engel-muhalefet-partileri\/\" \/>\n<meta property=\"og:site_name\" content=\"Malatya Report\" \/>\n<meta property=\"article:author\" content=\"https:\/\/www.facebook.com\/timurince\" \/>\n<meta property=\"article:published_time\" content=\"2026-01-06T17:36:46+00:00\" \/>\n<meta property=\"article:modified_time\" content=\"2026-01-09T20:11:56+00:00\" \/>\n<meta property=\"og:image\" content=\"https:\/\/malatyareport.com.tr\/wp-content\/uploads\/2026\/01\/94B2CC7C-A353-4FF5-84A5-E78E008E2AD7.jpeg\" \/>\n<meta name=\"author\" content=\"Timur \u0130nce\" \/>\n<meta name=\"twitter:card\" content=\"summary_large_image\" \/>\n<meta name=\"twitter:creator\" content=\"@timurince11\" \/>\n<meta name=\"twitter:label1\" content=\"Yazan:\" \/>\n\t<meta name=\"twitter:data1\" content=\"Timur \u0130nce\" \/>\n\t<meta name=\"twitter:label2\" content=\"Tahmini okuma s\u00fcresi\" \/>\n\t<meta name=\"twitter:data2\" content=\"7 dakika\" \/>\n<script type=\"application\/ld+json\" class=\"yoast-schema-graph\">{\"@context\":\"https:\\\/\\\/schema.org\",\"@graph\":[{\"@type\":\"Article\",\"@id\":\"https:\\\/\\\/malatyareport.com.tr\\\/index.php\\\/2026\\\/01\\\/06\\\/malatyanin-onundeki-engel-muhalefet-partileri\\\/#article\",\"isPartOf\":{\"@id\":\"https:\\\/\\\/malatyareport.com.tr\\\/index.php\\\/2026\\\/01\\\/06\\\/malatyanin-onundeki-engel-muhalefet-partileri\\\/\"},\"author\":{\"name\":\"Timur \u0130nce\",\"@id\":\"https:\\\/\\\/malatyareport.com.tr\\\/#\\\/schema\\\/person\\\/93146d94af76b792b58ac78050cc6da7\"},\"headline\":\"MALATYA\u2019NIN \u00d6N\u00dcNDEK\u0130 ENGEL: \u2018MUHALEFET\u2019 PART\u0130LER\u0130\",\"datePublished\":\"2026-01-06T17:36:46+00:00\",\"dateModified\":\"2026-01-09T20:11:56+00:00\",\"mainEntityOfPage\":{\"@id\":\"https:\\\/\\\/malatyareport.com.tr\\\/index.php\\\/2026\\\/01\\\/06\\\/malatyanin-onundeki-engel-muhalefet-partileri\\\/\"},\"wordCount\":1462,\"commentCount\":0,\"image\":{\"@id\":\"https:\\\/\\\/malatyareport.com.tr\\\/index.php\\\/2026\\\/01\\\/06\\\/malatyanin-onundeki-engel-muhalefet-partileri\\\/#primaryimage\"},\"thumbnailUrl\":\"https:\\\/\\\/malatyareport.com.tr\\\/wp-content\\\/uploads\\\/2026\\\/01\\\/94B2CC7C-A353-4FF5-84A5-E78E008E2AD7.jpeg\",\"articleSection\":[\"K\u00f6\u015fe Yaz\u0131lar\u0131\"],\"inLanguage\":\"tr\",\"potentialAction\":[{\"@type\":\"CommentAction\",\"name\":\"Comment\",\"target\":[\"https:\\\/\\\/malatyareport.com.tr\\\/index.php\\\/2026\\\/01\\\/06\\\/malatyanin-onundeki-engel-muhalefet-partileri\\\/#respond\"]}]},{\"@type\":\"WebPage\",\"@id\":\"https:\\\/\\\/malatyareport.com.tr\\\/index.php\\\/2026\\\/01\\\/06\\\/malatyanin-onundeki-engel-muhalefet-partileri\\\/\",\"url\":\"https:\\\/\\\/malatyareport.com.tr\\\/index.php\\\/2026\\\/01\\\/06\\\/malatyanin-onundeki-engel-muhalefet-partileri\\\/\",\"name\":\"MALATYA\u2019NIN \u00d6N\u00dcNDEK\u0130 ENGEL: \u2018MUHALEFET\u2019 PART\u0130LER\u0130 - Malatya Report\",\"isPartOf\":{\"@id\":\"https:\\\/\\\/malatyareport.com.tr\\\/#website\"},\"primaryImageOfPage\":{\"@id\":\"https:\\\/\\\/malatyareport.com.tr\\\/index.php\\\/2026\\\/01\\\/06\\\/malatyanin-onundeki-engel-muhalefet-partileri\\\/#primaryimage\"},\"image\":{\"@id\":\"https:\\\/\\\/malatyareport.com.tr\\\/index.php\\\/2026\\\/01\\\/06\\\/malatyanin-onundeki-engel-muhalefet-partileri\\\/#primaryimage\"},\"thumbnailUrl\":\"https:\\\/\\\/malatyareport.com.tr\\\/wp-content\\\/uploads\\\/2026\\\/01\\\/94B2CC7C-A353-4FF5-84A5-E78E008E2AD7.jpeg\",\"datePublished\":\"2026-01-06T17:36:46+00:00\",\"dateModified\":\"2026-01-09T20:11:56+00:00\",\"author\":{\"@id\":\"https:\\\/\\\/malatyareport.com.tr\\\/#\\\/schema\\\/person\\\/93146d94af76b792b58ac78050cc6da7\"},\"breadcrumb\":{\"@id\":\"https:\\\/\\\/malatyareport.com.tr\\\/index.php\\\/2026\\\/01\\\/06\\\/malatyanin-onundeki-engel-muhalefet-partileri\\\/#breadcrumb\"},\"inLanguage\":\"tr\",\"potentialAction\":[{\"@type\":\"ReadAction\",\"target\":[\"https:\\\/\\\/malatyareport.com.tr\\\/index.php\\\/2026\\\/01\\\/06\\\/malatyanin-onundeki-engel-muhalefet-partileri\\\/\"]}]},{\"@type\":\"ImageObject\",\"inLanguage\":\"tr\",\"@id\":\"https:\\\/\\\/malatyareport.com.tr\\\/index.php\\\/2026\\\/01\\\/06\\\/malatyanin-onundeki-engel-muhalefet-partileri\\\/#primaryimage\",\"url\":\"https:\\\/\\\/i0.wp.com\\\/malatyareport.com.tr\\\/wp-content\\\/uploads\\\/2026\\\/01\\\/94B2CC7C-A353-4FF5-84A5-E78E008E2AD7.jpeg?fit=801%2C889&ssl=1\",\"contentUrl\":\"https:\\\/\\\/i0.wp.com\\\/malatyareport.com.tr\\\/wp-content\\\/uploads\\\/2026\\\/01\\\/94B2CC7C-A353-4FF5-84A5-E78E008E2AD7.jpeg?fit=801%2C889&ssl=1\",\"width\":801,\"height\":889},{\"@type\":\"BreadcrumbList\",\"@id\":\"https:\\\/\\\/malatyareport.com.tr\\\/index.php\\\/2026\\\/01\\\/06\\\/malatyanin-onundeki-engel-muhalefet-partileri\\\/#breadcrumb\",\"itemListElement\":[{\"@type\":\"ListItem\",\"position\":1,\"name\":\"Anasayfa\",\"item\":\"https:\\\/\\\/malatyareport.com.tr\\\/\"},{\"@type\":\"ListItem\",\"position\":2,\"name\":\"MALATYA\u2019NIN \u00d6N\u00dcNDEK\u0130 ENGEL: \u2018MUHALEFET\u2019 PART\u0130LER\u0130\"}]},{\"@type\":\"WebSite\",\"@id\":\"https:\\\/\\\/malatyareport.com.tr\\\/#website\",\"url\":\"https:\\\/\\\/malatyareport.com.tr\\\/\",\"name\":\"Malatya Report\",\"description\":\"\",\"potentialAction\":[{\"@type\":\"SearchAction\",\"target\":{\"@type\":\"EntryPoint\",\"urlTemplate\":\"https:\\\/\\\/malatyareport.com.tr\\\/?s={search_term_string}\"},\"query-input\":{\"@type\":\"PropertyValueSpecification\",\"valueRequired\":true,\"valueName\":\"search_term_string\"}}],\"inLanguage\":\"tr\"},{\"@type\":\"Person\",\"@id\":\"https:\\\/\\\/malatyareport.com.tr\\\/#\\\/schema\\\/person\\\/93146d94af76b792b58ac78050cc6da7\",\"name\":\"Timur \u0130nce\",\"image\":{\"@type\":\"ImageObject\",\"inLanguage\":\"tr\",\"@id\":\"https:\\\/\\\/secure.gravatar.com\\\/avatar\\\/e5ce118bd86e5549ff544e7c5b614da198ecaa7f8e9398b55d27ae1f117511d8?s=96&d=mm&r=g\",\"url\":\"https:\\\/\\\/secure.gravatar.com\\\/avatar\\\/e5ce118bd86e5549ff544e7c5b614da198ecaa7f8e9398b55d27ae1f117511d8?s=96&d=mm&r=g\",\"contentUrl\":\"https:\\\/\\\/secure.gravatar.com\\\/avatar\\\/e5ce118bd86e5549ff544e7c5b614da198ecaa7f8e9398b55d27ae1f117511d8?s=96&d=mm&r=g\",\"caption\":\"Timur \u0130nce\"},\"description\":\"Zaman\u0131n ruhunda bir damla m\u00fcrekkep olmay\u0131 isterdim. Bir damla m\u00fcrekkep bir ulusun kaderini yazmaya yeterlidir.\",\"sameAs\":[\"https:\\\/\\\/malatyareport.com.tr\",\"https:\\\/\\\/www.facebook.com\\\/timurince\",\"@timur_ince_t5_\",\"https:\\\/\\\/x.com\\\/@timurince11\"],\"url\":\"https:\\\/\\\/malatyareport.com.tr\\\/index.php\\\/author\\\/admin_6i9yniox\\\/\"}]}<\/script>\n<!-- \/ Yoast SEO plugin. -->","yoast_head_json":{"title":"MALATYA\u2019NIN \u00d6N\u00dcNDEK\u0130 ENGEL: \u2018MUHALEFET\u2019 PART\u0130LER\u0130 - Malatya Report","robots":{"index":"index","follow":"follow","max-snippet":"max-snippet:-1","max-image-preview":"max-image-preview:large","max-video-preview":"max-video-preview:-1"},"canonical":"https:\/\/malatyareport.com.tr\/index.php\/2026\/01\/06\/malatyanin-onundeki-engel-muhalefet-partileri\/","og_locale":"tr_TR","og_type":"article","og_title":"MALATYA\u2019NIN \u00d6N\u00dcNDEK\u0130 ENGEL: \u2018MUHALEFET\u2019 PART\u0130LER\u0130 - Malatya Report","og_description":"Malatya \u015fehri \u00f6n\u00fcnde iki ciddi engelden s\u00f6z edebiliriz.&nbsp; Birincisi: yerel siyasetin t\u0131kanan kanallar\u0131!&nbsp; \u0130kincisi: muhalefetin eksikli\u011finden \u00e7ok bakiyesizli\u011fi.&nbsp; Arzu ederseniz birincisinden ba\u015flay\u0131p sonras\u0131yla biraz a\u00e7mak&#8230;","og_url":"https:\/\/malatyareport.com.tr\/index.php\/2026\/01\/06\/malatyanin-onundeki-engel-muhalefet-partileri\/","og_site_name":"Malatya Report","article_author":"https:\/\/www.facebook.com\/timurince","article_published_time":"2026-01-06T17:36:46+00:00","article_modified_time":"2026-01-09T20:11:56+00:00","og_image":[{"url":"https:\/\/malatyareport.com.tr\/wp-content\/uploads\/2026\/01\/94B2CC7C-A353-4FF5-84A5-E78E008E2AD7.jpeg","type":"","width":"","height":""}],"author":"Timur \u0130nce","twitter_card":"summary_large_image","twitter_creator":"@timurince11","twitter_misc":{"Yazan:":"Timur \u0130nce","Tahmini okuma s\u00fcresi":"7 dakika"},"schema":{"@context":"https:\/\/schema.org","@graph":[{"@type":"Article","@id":"https:\/\/malatyareport.com.tr\/index.php\/2026\/01\/06\/malatyanin-onundeki-engel-muhalefet-partileri\/#article","isPartOf":{"@id":"https:\/\/malatyareport.com.tr\/index.php\/2026\/01\/06\/malatyanin-onundeki-engel-muhalefet-partileri\/"},"author":{"name":"Timur \u0130nce","@id":"https:\/\/malatyareport.com.tr\/#\/schema\/person\/93146d94af76b792b58ac78050cc6da7"},"headline":"MALATYA\u2019NIN \u00d6N\u00dcNDEK\u0130 ENGEL: \u2018MUHALEFET\u2019 PART\u0130LER\u0130","datePublished":"2026-01-06T17:36:46+00:00","dateModified":"2026-01-09T20:11:56+00:00","mainEntityOfPage":{"@id":"https:\/\/malatyareport.com.tr\/index.php\/2026\/01\/06\/malatyanin-onundeki-engel-muhalefet-partileri\/"},"wordCount":1462,"commentCount":0,"image":{"@id":"https:\/\/malatyareport.com.tr\/index.php\/2026\/01\/06\/malatyanin-onundeki-engel-muhalefet-partileri\/#primaryimage"},"thumbnailUrl":"https:\/\/malatyareport.com.tr\/wp-content\/uploads\/2026\/01\/94B2CC7C-A353-4FF5-84A5-E78E008E2AD7.jpeg","articleSection":["K\u00f6\u015fe Yaz\u0131lar\u0131"],"inLanguage":"tr","potentialAction":[{"@type":"CommentAction","name":"Comment","target":["https:\/\/malatyareport.com.tr\/index.php\/2026\/01\/06\/malatyanin-onundeki-engel-muhalefet-partileri\/#respond"]}]},{"@type":"WebPage","@id":"https:\/\/malatyareport.com.tr\/index.php\/2026\/01\/06\/malatyanin-onundeki-engel-muhalefet-partileri\/","url":"https:\/\/malatyareport.com.tr\/index.php\/2026\/01\/06\/malatyanin-onundeki-engel-muhalefet-partileri\/","name":"MALATYA\u2019NIN \u00d6N\u00dcNDEK\u0130 ENGEL: \u2018MUHALEFET\u2019 PART\u0130LER\u0130 - Malatya Report","isPartOf":{"@id":"https:\/\/malatyareport.com.tr\/#website"},"primaryImageOfPage":{"@id":"https:\/\/malatyareport.com.tr\/index.php\/2026\/01\/06\/malatyanin-onundeki-engel-muhalefet-partileri\/#primaryimage"},"image":{"@id":"https:\/\/malatyareport.com.tr\/index.php\/2026\/01\/06\/malatyanin-onundeki-engel-muhalefet-partileri\/#primaryimage"},"thumbnailUrl":"https:\/\/malatyareport.com.tr\/wp-content\/uploads\/2026\/01\/94B2CC7C-A353-4FF5-84A5-E78E008E2AD7.jpeg","datePublished":"2026-01-06T17:36:46+00:00","dateModified":"2026-01-09T20:11:56+00:00","author":{"@id":"https:\/\/malatyareport.com.tr\/#\/schema\/person\/93146d94af76b792b58ac78050cc6da7"},"breadcrumb":{"@id":"https:\/\/malatyareport.com.tr\/index.php\/2026\/01\/06\/malatyanin-onundeki-engel-muhalefet-partileri\/#breadcrumb"},"inLanguage":"tr","potentialAction":[{"@type":"ReadAction","target":["https:\/\/malatyareport.com.tr\/index.php\/2026\/01\/06\/malatyanin-onundeki-engel-muhalefet-partileri\/"]}]},{"@type":"ImageObject","inLanguage":"tr","@id":"https:\/\/malatyareport.com.tr\/index.php\/2026\/01\/06\/malatyanin-onundeki-engel-muhalefet-partileri\/#primaryimage","url":"https:\/\/i0.wp.com\/malatyareport.com.tr\/wp-content\/uploads\/2026\/01\/94B2CC7C-A353-4FF5-84A5-E78E008E2AD7.jpeg?fit=801%2C889&ssl=1","contentUrl":"https:\/\/i0.wp.com\/malatyareport.com.tr\/wp-content\/uploads\/2026\/01\/94B2CC7C-A353-4FF5-84A5-E78E008E2AD7.jpeg?fit=801%2C889&ssl=1","width":801,"height":889},{"@type":"BreadcrumbList","@id":"https:\/\/malatyareport.com.tr\/index.php\/2026\/01\/06\/malatyanin-onundeki-engel-muhalefet-partileri\/#breadcrumb","itemListElement":[{"@type":"ListItem","position":1,"name":"Anasayfa","item":"https:\/\/malatyareport.com.tr\/"},{"@type":"ListItem","position":2,"name":"MALATYA\u2019NIN \u00d6N\u00dcNDEK\u0130 ENGEL: \u2018MUHALEFET\u2019 PART\u0130LER\u0130"}]},{"@type":"WebSite","@id":"https:\/\/malatyareport.com.tr\/#website","url":"https:\/\/malatyareport.com.tr\/","name":"Malatya Report","description":"","potentialAction":[{"@type":"SearchAction","target":{"@type":"EntryPoint","urlTemplate":"https:\/\/malatyareport.com.tr\/?s={search_term_string}"},"query-input":{"@type":"PropertyValueSpecification","valueRequired":true,"valueName":"search_term_string"}}],"inLanguage":"tr"},{"@type":"Person","@id":"https:\/\/malatyareport.com.tr\/#\/schema\/person\/93146d94af76b792b58ac78050cc6da7","name":"Timur \u0130nce","image":{"@type":"ImageObject","inLanguage":"tr","@id":"https:\/\/secure.gravatar.com\/avatar\/e5ce118bd86e5549ff544e7c5b614da198ecaa7f8e9398b55d27ae1f117511d8?s=96&d=mm&r=g","url":"https:\/\/secure.gravatar.com\/avatar\/e5ce118bd86e5549ff544e7c5b614da198ecaa7f8e9398b55d27ae1f117511d8?s=96&d=mm&r=g","contentUrl":"https:\/\/secure.gravatar.com\/avatar\/e5ce118bd86e5549ff544e7c5b614da198ecaa7f8e9398b55d27ae1f117511d8?s=96&d=mm&r=g","caption":"Timur \u0130nce"},"description":"Zaman\u0131n ruhunda bir damla m\u00fcrekkep olmay\u0131 isterdim. Bir damla m\u00fcrekkep bir ulusun kaderini yazmaya yeterlidir.","sameAs":["https:\/\/malatyareport.com.tr","https:\/\/www.facebook.com\/timurince","@timur_ince_t5_","https:\/\/x.com\/@timurince11"],"url":"https:\/\/malatyareport.com.tr\/index.php\/author\/admin_6i9yniox\/"}]}},"jetpack_featured_media_url":"","jetpack_sharing_enabled":true,"_links":{"self":[{"href":"https:\/\/malatyareport.com.tr\/index.php\/wp-json\/wp\/v2\/posts\/687","targetHints":{"allow":["GET"]}}],"collection":[{"href":"https:\/\/malatyareport.com.tr\/index.php\/wp-json\/wp\/v2\/posts"}],"about":[{"href":"https:\/\/malatyareport.com.tr\/index.php\/wp-json\/wp\/v2\/types\/post"}],"author":[{"embeddable":true,"href":"https:\/\/malatyareport.com.tr\/index.php\/wp-json\/wp\/v2\/users\/1"}],"replies":[{"embeddable":true,"href":"https:\/\/malatyareport.com.tr\/index.php\/wp-json\/wp\/v2\/comments?post=687"}],"version-history":[{"count":6,"href":"https:\/\/malatyareport.com.tr\/index.php\/wp-json\/wp\/v2\/posts\/687\/revisions"}],"predecessor-version":[{"id":700,"href":"https:\/\/malatyareport.com.tr\/index.php\/wp-json\/wp\/v2\/posts\/687\/revisions\/700"}],"wp:attachment":[{"href":"https:\/\/malatyareport.com.tr\/index.php\/wp-json\/wp\/v2\/media?parent=687"}],"wp:term":[{"taxonomy":"category","embeddable":true,"href":"https:\/\/malatyareport.com.tr\/index.php\/wp-json\/wp\/v2\/categories?post=687"},{"taxonomy":"post_tag","embeddable":true,"href":"https:\/\/malatyareport.com.tr\/index.php\/wp-json\/wp\/v2\/tags?post=687"}],"curies":[{"name":"wp","href":"https:\/\/api.w.org\/{rel}","templated":true}]}}