{"id":84,"date":"2025-05-08T15:37:32","date_gmt":"2025-05-08T15:37:32","guid":{"rendered":"https:\/\/malatyareport.com.tr\/?p=84"},"modified":"2025-05-08T15:37:34","modified_gmt":"2025-05-08T15:37:34","slug":"sucumu-bilmek-istiyorum","status":"publish","type":"post","link":"https:\/\/malatyareport.com.tr\/index.php\/2025\/05\/08\/sucumu-bilmek-istiyorum\/","title":{"rendered":"Su\u00e7umu bilmek \u0130stiyorum"},"content":{"rendered":"\n<p class=\"wp-block-paragraph\">Avucumda bir tutam yitirilmi\u015f \u00f6m\u00fcr<br>S\u00f6zlerimi neden kopard\u0131n\u0131z di\u015flerim aras\u0131ndan<br>Kan\u0131ma i\u015flemi\u015f zaman\u0131n eskimi\u015f yas\u0131<br>Bir so\u011fukta do\u011fdum, \u00fc\u015f\u00fcyerek gidiyorum<br>Evimizi bark\u0131m\u0131z\u0131 y\u0131k\u0131p k\u00fcl edenlere s\u00f6z\u00fcm<br>Su\u00e7lu kim tan\u0131mak istiyorum<\/p>\n\n\n\n<p class=\"wp-block-paragraph\">Bir otob\u00fcs d\u00fc\u015fer yollara zang\u0131rdayarak<br>Yolculuk mu s\u00fcrg\u00fcn m\u00fc belli de\u011fil<br>Diyarlar, ovalar, da\u011flar\u0131 a\u015ft\u0131m yetim duygularla<br>G\u00f6\u011fs\u00fcmde en derin izleri bu y\u00fczden sakl\u0131yorum<br>\u0130sa\u2019dan Musa\u2019dan, asadan, denizden<br>Kelepir fiyat\u0131na d\u00fc\u015flerimi y\u0131\u011fd\u0131m pazarlara<br>Tefeci al\u0131c\u0131lar kim bilmek istiyorum.<\/p>\n\n\n\n<p class=\"wp-block-paragraph\">Korkmad\u0131m d\u00fc\u015fmandan dosttan korktu\u011fum kadar<br>Hele akrabalar sessizce sokulan y\u0131landan beter<br>Ceplerim solmu\u015f ihanet resimleriyle dolu<br>Zihnimdeki bu b\u00fcy\u00fck terk edili\u015fler<br>Katran renginde geceleri bekledim susarak<br>Sol yan\u0131ma topra\u011fa emanet etti\u011fimden beri<br>G\u00f6ky\u00fcz\u00fcne bakmamaya t\u00f6vbe etmek istiyorum.<\/p>\n\n\n\n<p class=\"wp-block-paragraph\">\u00c7ok g\u00f6rd\u00fcm menfaat \u00e7\u0131kar avc\u0131lar\u0131n\u0131n hikayelerini<br>Onlar\u0131n rengini kokusunu y\u00fcz metreden tan\u0131r\u0131m<br>An\u0131lar\u0131mda \u00e7ocukluk g\u00fcl\u00fc\u015flerim hari\u00e7<br>T\u00fcm ge\u00e7mi\u015fe perde \u00e7ektim b\u00fcy\u00fcd\u00fc\u011f\u00fcm sand\u0131\u011f\u0131mdan beri<br>T\u00fct\u00fcn\u00fcm bitti\u011finde t\u00fct\u00fcn tarlalar\u0131 ektim<br>Can\u0131m da\u011flar\u0131 \u00e7ekti\u011finde zirvelere g\u00f6z\u00fcm\u00fc diktim<br>Su\u00e7 i\u015flemeden idama mahkum edildim<br>\u0130pimi \u00e7eken cellatlar\u0131n g\u00f6zlerine bakmak isterim.<\/p>\n\n\n\n<p class=\"wp-block-paragraph\">T\/\u0130<\/p>\n","protected":false},"excerpt":{"rendered":"<p>Avucumda bir tutam yitirilmi\u015f \u00f6m\u00fcrS\u00f6zlerimi neden kopard\u0131n\u0131z di\u015flerim aras\u0131ndanKan\u0131ma i\u015flemi\u015f zaman\u0131n eskimi\u015f yas\u0131Bir so\u011fukta do\u011fdum, \u00fc\u015f\u00fcyerek gidiyorumEvimizi bark\u0131m\u0131z\u0131 y\u0131k\u0131p k\u00fcl edenlere s\u00f6z\u00fcmSu\u00e7lu kim tan\u0131mak istiyorum&#8230;<\/p>\n<div class=\"more-link-wrapper\"><a class=\"more-link\" href=\"https:\/\/malatyareport.com.tr\/index.php\/2025\/05\/08\/sucumu-bilmek-istiyorum\/\">Devam\u0131n\u0131 okuyun<span class=\"screen-reader-text\">Su\u00e7umu bilmek \u0130stiyorum<\/span><\/a><\/div>\n","protected":false},"author":1,"featured_media":0,"comment_status":"open","ping_status":"open","sticky":false,"template":"","format":"standard","meta":{"_jetpack_memberships_contains_paid_content":false,"footnotes":""},"categories":[6],"tags":[],"class_list":["post-84","post","type-post","status-publish","format-standard","hentry","category-siirlerim","entry"],"yoast_head":"<!-- This site is optimized with the Yoast SEO plugin v28.2 - https:\/\/yoast.com\/product\/yoast-seo-wordpress\/ -->\n<title>Su\u00e7umu bilmek \u0130stiyorum - Malatya Report<\/title>\n<meta name=\"robots\" content=\"index, follow, max-snippet:-1, max-image-preview:large, max-video-preview:-1\" \/>\n<link rel=\"canonical\" href=\"https:\/\/malatyareport.com.tr\/index.php\/2025\/05\/08\/sucumu-bilmek-istiyorum\/\" \/>\n<meta property=\"og:locale\" content=\"tr_TR\" \/>\n<meta property=\"og:type\" content=\"article\" \/>\n<meta property=\"og:title\" content=\"Su\u00e7umu bilmek \u0130stiyorum - Malatya Report\" \/>\n<meta property=\"og:description\" content=\"Avucumda bir tutam yitirilmi\u015f \u00f6m\u00fcrS\u00f6zlerimi neden kopard\u0131n\u0131z di\u015flerim aras\u0131ndanKan\u0131ma i\u015flemi\u015f zaman\u0131n eskimi\u015f yas\u0131Bir so\u011fukta do\u011fdum, \u00fc\u015f\u00fcyerek gidiyorumEvimizi bark\u0131m\u0131z\u0131 y\u0131k\u0131p k\u00fcl edenlere s\u00f6z\u00fcmSu\u00e7lu kim tan\u0131mak istiyorum&#8230;\" \/>\n<meta property=\"og:url\" content=\"https:\/\/malatyareport.com.tr\/index.php\/2025\/05\/08\/sucumu-bilmek-istiyorum\/\" \/>\n<meta property=\"og:site_name\" content=\"Malatya Report\" \/>\n<meta property=\"article:author\" content=\"https:\/\/www.facebook.com\/timurince\" \/>\n<meta property=\"article:published_time\" content=\"2025-05-08T15:37:32+00:00\" \/>\n<meta property=\"article:modified_time\" content=\"2025-05-08T15:37:34+00:00\" \/>\n<meta name=\"author\" content=\"Timur \u0130nce\" \/>\n<meta name=\"twitter:card\" content=\"summary_large_image\" \/>\n<meta name=\"twitter:creator\" content=\"@timurince11\" \/>\n<meta name=\"twitter:label1\" content=\"Yazan:\" \/>\n\t<meta name=\"twitter:data1\" content=\"Timur \u0130nce\" \/>\n\t<meta name=\"twitter:label2\" content=\"Tahmini okuma s\u00fcresi\" \/>\n\t<meta name=\"twitter:data2\" content=\"1 dakika\" \/>\n<script type=\"application\/ld+json\" class=\"yoast-schema-graph\">{\"@context\":\"https:\\\/\\\/schema.org\",\"@graph\":[{\"@type\":\"Article\",\"@id\":\"https:\\\/\\\/malatyareport.com.tr\\\/index.php\\\/2025\\\/05\\\/08\\\/sucumu-bilmek-istiyorum\\\/#article\",\"isPartOf\":{\"@id\":\"https:\\\/\\\/malatyareport.com.tr\\\/index.php\\\/2025\\\/05\\\/08\\\/sucumu-bilmek-istiyorum\\\/\"},\"author\":{\"name\":\"Timur \u0130nce\",\"@id\":\"https:\\\/\\\/malatyareport.com.tr\\\/#\\\/schema\\\/person\\\/93146d94af76b792b58ac78050cc6da7\"},\"headline\":\"Su\u00e7umu bilmek \u0130stiyorum\",\"datePublished\":\"2025-05-08T15:37:32+00:00\",\"dateModified\":\"2025-05-08T15:37:34+00:00\",\"mainEntityOfPage\":{\"@id\":\"https:\\\/\\\/malatyareport.com.tr\\\/index.php\\\/2025\\\/05\\\/08\\\/sucumu-bilmek-istiyorum\\\/\"},\"wordCount\":224,\"commentCount\":0,\"articleSection\":[\"\u015eiirlerim\"],\"inLanguage\":\"tr\",\"potentialAction\":[{\"@type\":\"CommentAction\",\"name\":\"Comment\",\"target\":[\"https:\\\/\\\/malatyareport.com.tr\\\/index.php\\\/2025\\\/05\\\/08\\\/sucumu-bilmek-istiyorum\\\/#respond\"]}]},{\"@type\":\"WebPage\",\"@id\":\"https:\\\/\\\/malatyareport.com.tr\\\/index.php\\\/2025\\\/05\\\/08\\\/sucumu-bilmek-istiyorum\\\/\",\"url\":\"https:\\\/\\\/malatyareport.com.tr\\\/index.php\\\/2025\\\/05\\\/08\\\/sucumu-bilmek-istiyorum\\\/\",\"name\":\"Su\u00e7umu bilmek \u0130stiyorum - Malatya Report\",\"isPartOf\":{\"@id\":\"https:\\\/\\\/malatyareport.com.tr\\\/#website\"},\"datePublished\":\"2025-05-08T15:37:32+00:00\",\"dateModified\":\"2025-05-08T15:37:34+00:00\",\"author\":{\"@id\":\"https:\\\/\\\/malatyareport.com.tr\\\/#\\\/schema\\\/person\\\/93146d94af76b792b58ac78050cc6da7\"},\"breadcrumb\":{\"@id\":\"https:\\\/\\\/malatyareport.com.tr\\\/index.php\\\/2025\\\/05\\\/08\\\/sucumu-bilmek-istiyorum\\\/#breadcrumb\"},\"inLanguage\":\"tr\",\"potentialAction\":[{\"@type\":\"ReadAction\",\"target\":[\"https:\\\/\\\/malatyareport.com.tr\\\/index.php\\\/2025\\\/05\\\/08\\\/sucumu-bilmek-istiyorum\\\/\"]}]},{\"@type\":\"BreadcrumbList\",\"@id\":\"https:\\\/\\\/malatyareport.com.tr\\\/index.php\\\/2025\\\/05\\\/08\\\/sucumu-bilmek-istiyorum\\\/#breadcrumb\",\"itemListElement\":[{\"@type\":\"ListItem\",\"position\":1,\"name\":\"Anasayfa\",\"item\":\"https:\\\/\\\/malatyareport.com.tr\\\/\"},{\"@type\":\"ListItem\",\"position\":2,\"name\":\"Su\u00e7umu bilmek \u0130stiyorum\"}]},{\"@type\":\"WebSite\",\"@id\":\"https:\\\/\\\/malatyareport.com.tr\\\/#website\",\"url\":\"https:\\\/\\\/malatyareport.com.tr\\\/\",\"name\":\"Malatya Report\",\"description\":\"\",\"potentialAction\":[{\"@type\":\"SearchAction\",\"target\":{\"@type\":\"EntryPoint\",\"urlTemplate\":\"https:\\\/\\\/malatyareport.com.tr\\\/?s={search_term_string}\"},\"query-input\":{\"@type\":\"PropertyValueSpecification\",\"valueRequired\":true,\"valueName\":\"search_term_string\"}}],\"inLanguage\":\"tr\"},{\"@type\":\"Person\",\"@id\":\"https:\\\/\\\/malatyareport.com.tr\\\/#\\\/schema\\\/person\\\/93146d94af76b792b58ac78050cc6da7\",\"name\":\"Timur \u0130nce\",\"image\":{\"@type\":\"ImageObject\",\"inLanguage\":\"tr\",\"@id\":\"https:\\\/\\\/secure.gravatar.com\\\/avatar\\\/e5ce118bd86e5549ff544e7c5b614da198ecaa7f8e9398b55d27ae1f117511d8?s=96&d=mm&r=g\",\"url\":\"https:\\\/\\\/secure.gravatar.com\\\/avatar\\\/e5ce118bd86e5549ff544e7c5b614da198ecaa7f8e9398b55d27ae1f117511d8?s=96&d=mm&r=g\",\"contentUrl\":\"https:\\\/\\\/secure.gravatar.com\\\/avatar\\\/e5ce118bd86e5549ff544e7c5b614da198ecaa7f8e9398b55d27ae1f117511d8?s=96&d=mm&r=g\",\"caption\":\"Timur \u0130nce\"},\"description\":\"Zaman\u0131n ruhunda bir damla m\u00fcrekkep olmay\u0131 isterdim. Bir damla m\u00fcrekkep bir ulusun kaderini yazmaya yeterlidir.\",\"sameAs\":[\"https:\\\/\\\/malatyareport.com.tr\",\"https:\\\/\\\/www.facebook.com\\\/timurince\",\"@timur_ince_t5_\",\"https:\\\/\\\/x.com\\\/@timurince11\"],\"url\":\"https:\\\/\\\/malatyareport.com.tr\\\/index.php\\\/author\\\/admin_6i9yniox\\\/\"}]}<\/script>\n<!-- \/ Yoast SEO plugin. -->","yoast_head_json":{"title":"Su\u00e7umu bilmek \u0130stiyorum - Malatya Report","robots":{"index":"index","follow":"follow","max-snippet":"max-snippet:-1","max-image-preview":"max-image-preview:large","max-video-preview":"max-video-preview:-1"},"canonical":"https:\/\/malatyareport.com.tr\/index.php\/2025\/05\/08\/sucumu-bilmek-istiyorum\/","og_locale":"tr_TR","og_type":"article","og_title":"Su\u00e7umu bilmek \u0130stiyorum - Malatya Report","og_description":"Avucumda bir tutam yitirilmi\u015f \u00f6m\u00fcrS\u00f6zlerimi neden kopard\u0131n\u0131z di\u015flerim aras\u0131ndanKan\u0131ma i\u015flemi\u015f zaman\u0131n eskimi\u015f yas\u0131Bir so\u011fukta do\u011fdum, \u00fc\u015f\u00fcyerek gidiyorumEvimizi bark\u0131m\u0131z\u0131 y\u0131k\u0131p k\u00fcl edenlere s\u00f6z\u00fcmSu\u00e7lu kim tan\u0131mak istiyorum&#8230;","og_url":"https:\/\/malatyareport.com.tr\/index.php\/2025\/05\/08\/sucumu-bilmek-istiyorum\/","og_site_name":"Malatya Report","article_author":"https:\/\/www.facebook.com\/timurince","article_published_time":"2025-05-08T15:37:32+00:00","article_modified_time":"2025-05-08T15:37:34+00:00","author":"Timur \u0130nce","twitter_card":"summary_large_image","twitter_creator":"@timurince11","twitter_misc":{"Yazan:":"Timur \u0130nce","Tahmini okuma s\u00fcresi":"1 dakika"},"schema":{"@context":"https:\/\/schema.org","@graph":[{"@type":"Article","@id":"https:\/\/malatyareport.com.tr\/index.php\/2025\/05\/08\/sucumu-bilmek-istiyorum\/#article","isPartOf":{"@id":"https:\/\/malatyareport.com.tr\/index.php\/2025\/05\/08\/sucumu-bilmek-istiyorum\/"},"author":{"name":"Timur \u0130nce","@id":"https:\/\/malatyareport.com.tr\/#\/schema\/person\/93146d94af76b792b58ac78050cc6da7"},"headline":"Su\u00e7umu bilmek \u0130stiyorum","datePublished":"2025-05-08T15:37:32+00:00","dateModified":"2025-05-08T15:37:34+00:00","mainEntityOfPage":{"@id":"https:\/\/malatyareport.com.tr\/index.php\/2025\/05\/08\/sucumu-bilmek-istiyorum\/"},"wordCount":224,"commentCount":0,"articleSection":["\u015eiirlerim"],"inLanguage":"tr","potentialAction":[{"@type":"CommentAction","name":"Comment","target":["https:\/\/malatyareport.com.tr\/index.php\/2025\/05\/08\/sucumu-bilmek-istiyorum\/#respond"]}]},{"@type":"WebPage","@id":"https:\/\/malatyareport.com.tr\/index.php\/2025\/05\/08\/sucumu-bilmek-istiyorum\/","url":"https:\/\/malatyareport.com.tr\/index.php\/2025\/05\/08\/sucumu-bilmek-istiyorum\/","name":"Su\u00e7umu bilmek \u0130stiyorum - Malatya Report","isPartOf":{"@id":"https:\/\/malatyareport.com.tr\/#website"},"datePublished":"2025-05-08T15:37:32+00:00","dateModified":"2025-05-08T15:37:34+00:00","author":{"@id":"https:\/\/malatyareport.com.tr\/#\/schema\/person\/93146d94af76b792b58ac78050cc6da7"},"breadcrumb":{"@id":"https:\/\/malatyareport.com.tr\/index.php\/2025\/05\/08\/sucumu-bilmek-istiyorum\/#breadcrumb"},"inLanguage":"tr","potentialAction":[{"@type":"ReadAction","target":["https:\/\/malatyareport.com.tr\/index.php\/2025\/05\/08\/sucumu-bilmek-istiyorum\/"]}]},{"@type":"BreadcrumbList","@id":"https:\/\/malatyareport.com.tr\/index.php\/2025\/05\/08\/sucumu-bilmek-istiyorum\/#breadcrumb","itemListElement":[{"@type":"ListItem","position":1,"name":"Anasayfa","item":"https:\/\/malatyareport.com.tr\/"},{"@type":"ListItem","position":2,"name":"Su\u00e7umu bilmek \u0130stiyorum"}]},{"@type":"WebSite","@id":"https:\/\/malatyareport.com.tr\/#website","url":"https:\/\/malatyareport.com.tr\/","name":"Malatya Report","description":"","potentialAction":[{"@type":"SearchAction","target":{"@type":"EntryPoint","urlTemplate":"https:\/\/malatyareport.com.tr\/?s={search_term_string}"},"query-input":{"@type":"PropertyValueSpecification","valueRequired":true,"valueName":"search_term_string"}}],"inLanguage":"tr"},{"@type":"Person","@id":"https:\/\/malatyareport.com.tr\/#\/schema\/person\/93146d94af76b792b58ac78050cc6da7","name":"Timur \u0130nce","image":{"@type":"ImageObject","inLanguage":"tr","@id":"https:\/\/secure.gravatar.com\/avatar\/e5ce118bd86e5549ff544e7c5b614da198ecaa7f8e9398b55d27ae1f117511d8?s=96&d=mm&r=g","url":"https:\/\/secure.gravatar.com\/avatar\/e5ce118bd86e5549ff544e7c5b614da198ecaa7f8e9398b55d27ae1f117511d8?s=96&d=mm&r=g","contentUrl":"https:\/\/secure.gravatar.com\/avatar\/e5ce118bd86e5549ff544e7c5b614da198ecaa7f8e9398b55d27ae1f117511d8?s=96&d=mm&r=g","caption":"Timur \u0130nce"},"description":"Zaman\u0131n ruhunda bir damla m\u00fcrekkep olmay\u0131 isterdim. Bir damla m\u00fcrekkep bir ulusun kaderini yazmaya yeterlidir.","sameAs":["https:\/\/malatyareport.com.tr","https:\/\/www.facebook.com\/timurince","@timur_ince_t5_","https:\/\/x.com\/@timurince11"],"url":"https:\/\/malatyareport.com.tr\/index.php\/author\/admin_6i9yniox\/"}]}},"jetpack_featured_media_url":"","jetpack_sharing_enabled":true,"_links":{"self":[{"href":"https:\/\/malatyareport.com.tr\/index.php\/wp-json\/wp\/v2\/posts\/84","targetHints":{"allow":["GET"]}}],"collection":[{"href":"https:\/\/malatyareport.com.tr\/index.php\/wp-json\/wp\/v2\/posts"}],"about":[{"href":"https:\/\/malatyareport.com.tr\/index.php\/wp-json\/wp\/v2\/types\/post"}],"author":[{"embeddable":true,"href":"https:\/\/malatyareport.com.tr\/index.php\/wp-json\/wp\/v2\/users\/1"}],"replies":[{"embeddable":true,"href":"https:\/\/malatyareport.com.tr\/index.php\/wp-json\/wp\/v2\/comments?post=84"}],"version-history":[{"count":1,"href":"https:\/\/malatyareport.com.tr\/index.php\/wp-json\/wp\/v2\/posts\/84\/revisions"}],"predecessor-version":[{"id":85,"href":"https:\/\/malatyareport.com.tr\/index.php\/wp-json\/wp\/v2\/posts\/84\/revisions\/85"}],"wp:attachment":[{"href":"https:\/\/malatyareport.com.tr\/index.php\/wp-json\/wp\/v2\/media?parent=84"}],"wp:term":[{"taxonomy":"category","embeddable":true,"href":"https:\/\/malatyareport.com.tr\/index.php\/wp-json\/wp\/v2\/categories?post=84"},{"taxonomy":"post_tag","embeddable":true,"href":"https:\/\/malatyareport.com.tr\/index.php\/wp-json\/wp\/v2\/tags?post=84"}],"curies":[{"name":"wp","href":"https:\/\/api.w.org\/{rel}","templated":true}]}}