{"id":87,"date":"2025-05-10T18:25:55","date_gmt":"2025-05-10T18:25:55","guid":{"rendered":"https:\/\/malatyareport.com.tr\/?p=87"},"modified":"2025-05-11T06:50:51","modified_gmt":"2025-05-11T06:50:51","slug":"derneklerimiz-elin-degneki-mi","status":"publish","type":"post","link":"https:\/\/malatyareport.com.tr\/index.php\/2025\/05\/10\/derneklerimiz-elin-degneki-mi\/","title":{"rendered":"DERNEK\u2019LER\u0130M\u0130Z EL\u0130N DE\u011eNEK\u2019i M\u0130?\u00a0"},"content":{"rendered":"\n<figure class=\"wp-block-image size-full\"><img data-recalc-dims=\"1\" loading=\"lazy\" decoding=\"async\" width=\"739\" height=\"415\" src=\"https:\/\/i0.wp.com\/malatyareport.com.tr\/wp-content\/uploads\/2025\/05\/EA1D8EBD-B628-4DC5-84DA-55408B8BDCCD.jpeg?resize=739%2C415&#038;ssl=1\" alt=\"\" class=\"wp-image-88\" srcset=\"https:\/\/i0.wp.com\/malatyareport.com.tr\/wp-content\/uploads\/2025\/05\/EA1D8EBD-B628-4DC5-84DA-55408B8BDCCD.jpeg?w=739&amp;ssl=1 739w, https:\/\/i0.wp.com\/malatyareport.com.tr\/wp-content\/uploads\/2025\/05\/EA1D8EBD-B628-4DC5-84DA-55408B8BDCCD.jpeg?resize=300%2C168&amp;ssl=1 300w\" sizes=\"auto, (max-width: 739px) 100vw, 739px\" \/><\/figure>\n\n\n\n<p class=\"wp-block-paragraph\">P\u00fct\u00fcrge il\u00e7emizde \u00c7engelli ve \u015eiro Taraksu k\u00f6yleri harici toplam da 63 k\u00f6y derne\u011fi ile Do\u011fanyol\u2019da Koldere k\u00f6y\u00fc harici hemen hemen her k\u00f6y\u00fcn derne\u011fi ve bunlar\u0131n ba\u011fl\u0131 bulundu\u011fu 12 federasyon,&nbsp;&nbsp;bu 12 federasyonun ba\u011fl\u0131 bulundu\u011fu Malatya komfendarasyonu (MAKON) ve t\u00fcm bunlar\u0131n toplam\u0131n\u0131 b\u00fcnyesinde bar\u0131nd\u0131rd\u0131\u011f\u0131n\u0131 iddia eden \u00e7at\u0131 kurulu\u015f MAST\u00d6B ad\u0131yla sivil toplum \u00f6rg\u00fctleri birli\u011fi entegrasyonumlar\u0131m\u0131x mevcut.&nbsp;<\/p>\n\n\n\n<p class=\"wp-block-paragraph\">K\u00f6y derneklerini bir kenarda tutal\u0131m. En az\u0131ndan taziye, d\u00fc\u011f\u00fcn, birle\u015fme, kayna\u015fma, baz\u0131 sosyal etkinliklik format\u0131nda faydal\u0131 faal durumuna tan\u0131k olmaktay\u0131z.<\/p>\n\n\n\n<p class=\"wp-block-paragraph\">As\u0131l bizi ilgilendiren federasyon-konfederasyon ve Birlik limitli derneklerimiz. Bunlar ne i\u015fe yarar, ne yapar, as\u0131l ama\u00e7lar\u0131-maksatlar\u0131-paradigmalar\u0131 nelerdir? Sosyo\u2019\u2019k\u00fclt\u00fcrel y\u00f6nden topluma ne t\u00fcr bir katk\u0131lar\u0131 var, oldu yada olas\u0131 beklenen ihtimal ba\u015fl\u0131klar\u0131n\u0131 gelin hep birlikte tart\u0131\u015fmaya a\u00e7al\u0131m.&nbsp;<\/p>\n\n\n\n<p class=\"wp-block-paragraph\">\u00d6ncelikle al\u0131nma, g\u00fccenme, dar\u0131lma olmas\u0131n. Baz\u0131 temel ger\u00e7eklerimizi konu\u015fur, bo\u015fluklar\u0131 tez elden doldurursak eylemlerimize daha kestirme yoldan ula\u015fabiliriz. \u00c7\u00fcnk\u00fc \u201cdost ac\u0131 s\u00f6yler her zaman\u201d atas\u00f6z\u00fcn\u00fc de ez c\u00fcmle sonuna ekledikten sonra \u201ckervan yolda d\u00fcz\u00fcl\u00fcr\u201d diyecekseniz e\u011fer ona bir \u015fey diyemem. Ger\u00e7i olursa da, bir \u015fey diyeceksiniz de, k\u0131zacaksan\u0131z da, kalkar yahu bu adam d\u00f6nen tekerimize \u00e7omak sokuyor, bak bak bizim gibi \u00fcstadl\u0131\u011fa oynayan patronlar\u0131 ele\u015ftiriyor derseniz de deyin, \u00e7ok ta m\u00fchim de\u011fil. Elbette bir sak\u0131ncas\u0131 yok, buraday\u0131z. Her kelimemizin de arkas\u0131nday\u0131z tabiki!<\/p>\n\n\n\n<p class=\"wp-block-paragraph\">Sadece Malatya co\u011frafyas\u0131 \u00fcst\u00fcnde ya\u015fayan her bireyin kimliksel n\u00fcfuz hakk\u0131n\u0131 kullanarak metropollerde siyaset kovalamak adisyonuna d\u00f6n\u00fc\u015fm\u00fc\u015f STK ad\u0131 alt\u0131nda kendilerini tan\u0131mlayan \u00f6rg\u00fctl\u00fc \u00e7eyrek siyaset merkezleri harici ben ba\u015fka bir \u015fey g\u00f6remiyorum.&nbsp;<\/p>\n\n\n\n<p class=\"wp-block-paragraph\">Halk tabiriyle siyasi partilerin arka bah\u00e7esi, arsas\u0131\u2026<\/p>\n\n\n\n<p class=\"wp-block-paragraph\">&#8211;<strong><em>Deprem olur en geri planda dururlar<\/em><\/strong>.&nbsp;<\/p>\n\n\n\n<p class=\"wp-block-paragraph\">&#8211;<em><strong>Kay\u0131s\u0131 yanar, milletin y\u0131ll\u0131k has\u0131lat\u0131 yok olmu\u015ftur, bir tek kelime etmeyi tenezz\u00fcl edilmez.&nbsp;<\/strong><\/em><\/p>\n\n\n\n<p class=\"wp-block-paragraph\">&#8211;<em><strong>\u015eehrin yeniden kurulumunda hi\u00e7 bir de\u011fer g\u00f6zetmezler.&nbsp;<\/strong><\/em><\/p>\n\n\n\n<p class=\"wp-block-paragraph\">&#8211;<em><strong>\u0130l\u00e7eye dair ve sair tonlarca sorun asla konu\u015fulmaz<\/strong><\/em>.&nbsp;<\/p>\n\n\n\n<p class=\"wp-block-paragraph\">&#8211;<em><strong>Do\u011fru d\u00fcr\u00fcst \u00f6\u011frencilerimize, fakirlerimize, hikayemize sahiplik edilmez.&nbsp;<\/strong><\/em><\/p>\n\n\n\n<p class=\"wp-block-paragraph\"><strong><em>-Ramazan gelir bir iftar vermek, fakir fukaraya ramazanda bir el uzat\u0131lmaz.&nbsp;<\/em><\/strong><\/p>\n\n\n\n<p class=\"wp-block-paragraph\"><strong><em>-Kubbe da\u011f\u0131n\u0131n hali ortada, Artvin\u2019e 50 t\u00fcnel yapan siyaset sistemine; yahu bizim yolumuz&nbsp;&nbsp;yok, do\u011fru d\u00fczg\u00fcn bir yol istiyoruz demekten her daim imtina ederler.&nbsp;<\/em><\/strong><\/p>\n\n\n\n<p class=\"wp-block-paragraph\">\u00c7\u00fcnk\u00fc; \u015fayet, bunlar\u0131 dile getirdikleri taktirde -muhalif- damgas\u0131 yeme korkusu t\u00fcm sorunsal\u0131klara s\u0131rt\u0131n\u0131 d\u00f6nmeyi me\u015fru bir hale getiriyor.&nbsp;Muhalif damgas\u0131 yedi\u011fi zaman da koltuk gidecek, o vakit gelsin g\u00fczelim tavizler\u2026<\/p>\n\n\n\n<p class=\"wp-block-paragraph\">( <em>Saym\u0131\u015f oldu\u011fum \u015f\u0131klar\u0131n say\u0131s\u0131n\u0131 en az 50\u2019ye kadar y\u00fckseltebilirim.&nbsp;<\/em>)<\/p>\n\n\n\n<p class=\"wp-block-paragraph\">S\u00f6ylemem o ki;  federasyonlar, Konfederasyon, Birlik PATENTL\u0130 STK\u2019lar hem il\u00e7emizin hem de Malatya\u2019n\u0131n ad\u0131n\u0131 her platformda f\u00fctursuzca, c\u00fcretkarca, hunharca isim telif hakk\u0131n\u0131 kullanmaktan neden geri kalmazlar? Bu hem insani, hem etik, hem de profesyonelli\u011fe ayk\u0131r\u0131 de\u011fil mi?&nbsp;<\/p>\n\n\n\n<p class=\"wp-block-paragraph\">Ya toplanan aidatlar nereye boca ediliyor sorusu\u2026<\/p>\n\n\n\n<p class=\"wp-block-paragraph\">Madem \u015fehirle, toplumla, sorunla, \u00f6z ile, sosyoloji ile, co\u011frafyan\u0131n mahsup kaderi ile alakan\u0131z yok, insanlar\u0131m\u0131z\u0131n as\u0131l bam teline dokunmuyorsan\u0131z, kadim de\u011ferlere hassasiyet g\u00f6stermiyorsan\u0131z; peki, ne diye bunca tantana, aidatlar, markac\u0131l\u0131k oynamak provalar\u0131, l\u00fcks avamlarda toplant\u0131larla&nbsp;&nbsp;boy g\u00f6sterme t\u00fcrb\u00fclans\u0131ndan savrulmak i\u00e7in zorluyorsunuz kart vizitinizi?<\/p>\n\n\n\n<p class=\"wp-block-paragraph\">Ha diyeceksiniz biz Holiday inn\u2019de kahvalt\u0131lar veriyoruz, Pera Palas\u2019ta toplant\u0131lar d\u00fczenliyoruz, Florya sosyal tesislerde kampa giriyoruz, Karadenizli abilere baston g\u00f6revi g\u00f6r\u00fcyoruz, aleni yapmasak bile el alt\u0131ndan-perde arkas\u0131ndan siyasete k\u0131l\u0131\u00e7 sal\u0131yoruz. G\u00fcc\u00fcm\u00fcz yok, pek bran\u015f\u0131m\u0131z de\u011fil, ba\u015faram\u0131yoruz ama kafam\u0131z\u0131n arkas\u0131nda niyetimiz meclis \u00fcyesi, vb gibi bir \u015fey olmak. Ona da bir \u015fey diyemem. O vakit Malatya\u2019n\u0131n t\u00fcm regresyonunun sizin tapulu mal\u0131n\u0131zm\u0131\u015f gibi s\u00fcresiz imtiyazlar\u0131n\u0131 \u00e7ek-in etme gayretine nas\u0131l bir isim koymal\u0131y\u0131z ki?&nbsp;<\/p>\n\n\n\n<p class=\"wp-block-paragraph\">Var\u0131n siyasi bir partiye \u00fcye olun, bunca g\u00fcc\u00fcn\u00fcz-\u00e7evreniz, ger\u00e7ekten t\u00fczel bir yetkiniz, marka de\u011feriniz var ise&nbsp;&nbsp;buyrun, bireysel tahakk\u00fcm\u00fcn\u00fcz\u00fc orda istedi\u011finiz gibi tepe tepe kullan\u0131n. Bizde hem\u015feriniz olarak size destek olaca\u011f\u0131m\u0131z\u0131n s\u00f6z\u00fcn\u00fc verelim buradan.&nbsp;&nbsp;<\/p>\n\n\n\n<p class=\"wp-block-paragraph\">Ama Malatya hafs\u0131n\u0131 \u00f6n\u00fcn\u00fcze siper ederek, arkas\u0131na da kadetralist subliminal bir \u015fekilde siyaset mecras\u0131nda fig\u00fcr olmak fikrinizi saklayarak, a\u00e7\u0131ktan s\u00f6ylemeye korkarak&nbsp;&nbsp;ilerlemeye-yol almaya \u00e7al\u0131\u015fmak ve bunu da \u201cMalatya i\u00e7in topland\u0131k-buraday\u0131z\u201d&nbsp;&nbsp;ambiyans\u0131 \u00fczerinden \u00f6rg\u00fctledi\u011finiz gariban, d\u00fcr\u00fcst, iyi niyetli hem\u015ferilerimizi ipotek g\u00f6sterip Karadenizli abilerimizi sevindirmekten ileriye gitmiyorsa \u0131srar etmenin anlam\u0131 olmamal\u0131. \u00c7ar\u015f\u0131 kar\u0131\u015fmadan kepenkler \u00e7ekmek daha mant\u0131kl\u0131 olmaz m\u0131? D\u00fckkan i\u015f yapm\u0131yorsa kapatal\u0131m o vakit.&nbsp;<\/p>\n\n\n\n<p class=\"wp-block-paragraph\">Art\u0131k kimsenin umrunda olmayan sadece \u015fu bu \u00e7at\u0131 teras kat, baca isimleri hepsi \u00e7\u00f6p olmu\u015ftur.&nbsp;<\/p>\n\n\n\n<p class=\"wp-block-paragraph\">Toplumun nazar\u0131nda stk diye ge\u00e7inen sivil tekelle\u015fmelere pencereler de\u011fil kap\u0131lar da kapat\u0131lm\u0131\u015ft\u0131r bu saatten sonra.&nbsp;<\/p>\n\n\n\n<p class=\"wp-block-paragraph\">Kabul etseniz de, etmeseniz de halk\u0131n g\u00f6z\u00fcnde i\u00e7i bo\u015falt\u0131lm\u0131\u015f, hi\u00e7 bir gayesi olmayan, ba\u015fkanlar\u0131n sadece ve sadece kendi vesayetlerini dikte ederek; referans g\u00f6sterdikleri resmi bilan\u00e7oda var olan fakat kimsenin de pek ciddiye almad\u0131\u011f\u0131 organizasyonlar olmaktan \u00f6teye de\u011fil hi\u00e7 bir \u015fey.\u00a0<\/p>\n\n\n\n<p class=\"wp-block-paragraph\">D\u00fc\u015f\u00fcnsenize d\u00fczenlenen (s\u00f6zde) o me\u015fhur \u201cMalatya g\u00fcnleri\u201dni dahi ayak alt\u0131 ettiniz. Hele de d\u00f6nen filimler\u2026. Depremzedelere yard\u0131m diye \u0130BB\u2019nin bedava tahsis etmi\u015f oldu\u011fu standlar\u0131 esnafa para kar\u015f\u0131l\u0131\u011f\u0131nda kiraya verdiniz, sonra toplad\u0131\u011f\u0131n\u0131z paralar\u0131 kendi aran\u0131zda pay etmek gibi \u00e7ok vahim bir hataya d\u00fc\u015ft\u00fcn\u00fcz. Vah vah\u2026 Do\u011fan\u015fehir dernekler bilmem neyi konfederasyon olmad\u0131\u011f\u0131 halde pay ald\u0131. Bu mu sizin halk\u0131 d\u00fc\u015f\u00fcnme tiraj\u0131n\u0131z? Aslan pay\u0131n\u0131 almakla m\u0131 d\u00f6n\u00fcyor bu i\u015fler? Ve o ayn\u0131 g\u00fcne denk getirdi\u011finiz fobisist etkinlikleriniz, bey efendileri i\u00e7ten i\u00e7e bir de birbiriyle \u00e7eki\u015fiyorlarm\u0131\u015f. Ayn\u0131 b\u00f6lgenin ad\u0131n\u0131 ta\u015f\u0131yan STK\u2019lar\u0131 olacaks\u0131n ve gurbette birbirine \u00e7emkireceksin \u00fcstelik, \u00f6yle mi? Ger\u00e7i bunlar harici ortada ba\u015fka hi\u00e7 bir \u015fey yok. Var m\u0131? Vallahi billahi rezillik diz boyu.\u00a0<\/p>\n\n\n\n<p class=\"wp-block-paragraph\">Di\u011fer bir konu; yeni Malatya spor ba\u015fkan\u0131 Adil Gevrek deprem nedeniyle bir d\u00f6nem daha T\u00fcrkiye futbol federasyonundan izin talebinde bulunuyor. Bize bir y\u0131l izin verin toparlanal\u0131m diyor. Futbol federasyonu ba\u015fkan\u0131 Gevrek\u2019e hangi cevab\u0131 veriyor biliyor musunuz? \u201cBir daha kar\u015f\u0131ma \u00e7\u0131kma, yoksa\u2026\u201d yoksa kelimesiniz i\u00e7ini art\u0131k siz doldurun. \u201cYoksa\u2019n\u0131n\u201d kar\u015f\u0131l\u0131\u011f\u0131 t\u00fcm Malatya\u2019n\u0131n haysiyetini ilgilendiriyor i\u015fte. 12 federasyon, 1 konfederasyon ve Mast\u00f6b\u2019ten biri ortaya f\u0131rlay\u0131p \u201chay\u0131rd\u0131r birader\u201d diyebildi mi? Her bir tabeladan 3 ki\u015fi toplansayd\u0131 ortalama 40 ki\u015fi ediyor. K\u0131rk ki\u015fiyi arkana al\u0131p bir bas\u0131n a\u00e7\u0131klamas\u0131 yapt\u0131\u011f\u0131nda T\u00fcrkiye Malatya\u2019n\u0131n birlik beraberli\u011fini hissedecekti. Ama yok, ne o milliyet\u00e7ilik var ne de sorumluluk.\u00a0<\/p>\n\n\n\n<p class=\"wp-block-paragraph\">Bana g\u00f6re Mast\u00f6b\u2019\u00fcn ba\u015fkan\u0131 bile yok. Mahkeme karar\u0131 ile ba\u015fkan \u00e7oktan devre d\u0131\u015f\u0131 b\u0131rak\u0131lm\u0131\u015f, kayy\u0131m atanm\u0131\u015f hatta. Merhum Ahmet Karaaslan taraf\u0131ndan kurulan Mast\u00f6b Hikmet Tanr\u0131verdi, Celal Karahan ve merhum Bekir Aky\u00fcz zamanlar\u0131n da yine k\u0131smen iyi bir yerdeydi. \u015eu an tamamen \u00e7ukurda, \u00e7ukurunda en \u00e7ukuru&#8230;\u00a0<\/p>\n\n\n\n<p class=\"wp-block-paragraph\">\u0130sim vermiyorum, herhangi bir yeri i\u015faret g\u00f6stermiyorum, \u015fu iyi-di\u011feri k\u00f6t\u00fc-bu ba\u015far\u0131l\u0131 \u015feklinde ay\u0131rt etmiyorum. Toplumsal trajediye ve ac\u0131nas\u0131 bir hale d\u00fc\u015fm\u00fc\u015f STK rol\u00fcnde hareket eden \u00f6rg\u00fctlenme bi\u00e7imleri Malatya\u2019m\u0131z\u0131n kimliksel prestijini art\u0131k ta\u015f\u0131yamad\u0131\u011f\u0131 gibi var olan imaj\u0131n\u0131 da heba etmeye y\u00f6nelik bir alanda dibe vurduklar\u0131n\u0131 l\u00fctfen kabul edelim l\u00fctfen. <\/p>\n\n\n\n<p class=\"wp-block-paragraph\">Bu yaz\u0131y\u0131 da kamuoyundan gelen y\u00fcksek oktavl\u0131 itirazlar-telkinler, hul\u00e2sa isyanlar sonras\u0131 ve olurda kendilerine bir \u00e7eki d\u00fczen verme konusunda bir uyar\u0131ya dair yazd\u0131m.\u00a0<\/p>\n\n\n\n<p class=\"wp-block-paragraph\">\u201cFederasyon, Konfederasyon, Birlik\u201d s\u00f6zc\u00fckleri evet kula\u011fa ho\u015f geliyor. Kelime da\u011farc\u0131\u011f\u0131 a\u011fz\u0131 dolduran ve psikolojiyi etkiyecek t\u00fcrden termonolijiler. Elbette iyi niyetinizi sorgulam\u0131yorum. \u0130yi niyetli, samimi ba\u015fkanlar\u0131 da tenzi ederim. Hepimizin bu memleketin \u00e7ocuklar\u0131y\u0131z sonu\u00e7ta. \u0130yi, en iyisi olmal\u0131y\u0131z. \u00c7\u00fcnk\u00fc bizim kimli\u011fimizde \u201cMalatya\u201d yaz\u0131yor. T\u00fcrkiye\u2019de ka\u00e7 ki\u015finin kimli\u011finde Malatya yazar ki?  Mesele siyasete yarand\u0131\u011f\u0131 kadar toplumdan kopmu\u015f-gitmi\u015f STK\u2019lar\u0131m\u0131z\u0131n ba\u015fka anlamlara, evrelere b\u00fcr\u00fcnmesinin derhal \u00f6n\u00fcne ge\u00e7ilmesi \u00e7a\u011fr\u0131s\u0131 olarak kabul edebilirsiniz bu yaz\u0131m\u0131z\u0131. .&nbsp;<\/p>\n\n\n\n<p class=\"wp-block-paragraph\">En ba\u015fta s\u00f6yledim. Dar\u0131lmaca, k\u0131zmaca, ki\u015file\u015ftirme olmas\u0131n. En basiti deprem\u2019le birlikte % 80 gibi korkun\u00e7 bir oranda y\u0131k\u0131lm\u0131\u015f \u015fehrin hikayesine hitaben; b\u0131rak\u0131n fikir \u00fcretmeyi, \u00e7\u00f6z\u00fcm sunmay\u0131, planlama da rota tayini yapmay\u0131, fikir bab\u0131nda tek kelime etmeye aciz uzun uzun isimlere sahip STK\u2019lar var olsa ne olacak,  olmazsa ne olacak.&nbsp;<\/p>\n\n\n","protected":false},"excerpt":{"rendered":"<p>P\u00fct\u00fcrge il\u00e7emizde \u00c7engelli ve \u015eiro Taraksu k\u00f6yleri harici toplam da 63 k\u00f6y derne\u011fi ile Do\u011fanyol\u2019da Koldere k\u00f6y\u00fc harici hemen hemen her k\u00f6y\u00fcn derne\u011fi ve bunlar\u0131n&#8230;<\/p>\n<div class=\"more-link-wrapper\"><a class=\"more-link\" href=\"https:\/\/malatyareport.com.tr\/index.php\/2025\/05\/10\/derneklerimiz-elin-degneki-mi\/\">Devam\u0131n\u0131 okuyun<span class=\"screen-reader-text\">DERNEK\u2019LER\u0130M\u0130Z EL\u0130N DE\u011eNEK\u2019i M\u0130?\u00a0<\/span><\/a><\/div>\n","protected":false},"author":1,"featured_media":0,"comment_status":"open","ping_status":"open","sticky":false,"template":"","format":"standard","meta":{"_jetpack_memberships_contains_paid_content":false,"footnotes":""},"categories":[5],"tags":[],"class_list":["post-87","post","type-post","status-publish","format-standard","hentry","category-kose-yazilari","entry"],"yoast_head":"<!-- This site is optimized with the Yoast SEO plugin v28.2 - https:\/\/yoast.com\/product\/yoast-seo-wordpress\/ -->\n<title>DERNEK\u2019LER\u0130M\u0130Z EL\u0130N DE\u011eNEK\u2019i M\u0130?\u00a0 - Malatya Report<\/title>\n<meta name=\"robots\" content=\"index, follow, max-snippet:-1, max-image-preview:large, max-video-preview:-1\" \/>\n<link rel=\"canonical\" href=\"https:\/\/malatyareport.com.tr\/index.php\/2025\/05\/10\/derneklerimiz-elin-degneki-mi\/\" \/>\n<meta property=\"og:locale\" content=\"tr_TR\" \/>\n<meta property=\"og:type\" content=\"article\" \/>\n<meta property=\"og:title\" content=\"DERNEK\u2019LER\u0130M\u0130Z EL\u0130N DE\u011eNEK\u2019i M\u0130?\u00a0 - Malatya Report\" \/>\n<meta property=\"og:description\" content=\"P\u00fct\u00fcrge il\u00e7emizde \u00c7engelli ve \u015eiro Taraksu k\u00f6yleri harici toplam da 63 k\u00f6y derne\u011fi ile Do\u011fanyol\u2019da Koldere k\u00f6y\u00fc harici hemen hemen her k\u00f6y\u00fcn derne\u011fi ve bunlar\u0131n&#8230;\" \/>\n<meta property=\"og:url\" content=\"https:\/\/malatyareport.com.tr\/index.php\/2025\/05\/10\/derneklerimiz-elin-degneki-mi\/\" \/>\n<meta property=\"og:site_name\" content=\"Malatya Report\" \/>\n<meta property=\"article:author\" content=\"https:\/\/www.facebook.com\/timurince\" \/>\n<meta property=\"article:published_time\" content=\"2025-05-10T18:25:55+00:00\" \/>\n<meta property=\"article:modified_time\" content=\"2025-05-11T06:50:51+00:00\" \/>\n<meta property=\"og:image\" content=\"https:\/\/malatyareport.com.tr\/wp-content\/uploads\/2025\/05\/EA1D8EBD-B628-4DC5-84DA-55408B8BDCCD.jpeg\" \/>\n<meta name=\"author\" content=\"Timur \u0130nce\" \/>\n<meta name=\"twitter:card\" content=\"summary_large_image\" \/>\n<meta name=\"twitter:creator\" content=\"@timurince11\" \/>\n<meta name=\"twitter:label1\" content=\"Yazan:\" \/>\n\t<meta name=\"twitter:data1\" content=\"Timur \u0130nce\" \/>\n\t<meta name=\"twitter:label2\" content=\"Tahmini okuma s\u00fcresi\" \/>\n\t<meta name=\"twitter:data2\" content=\"8 dakika\" \/>\n<script type=\"application\/ld+json\" class=\"yoast-schema-graph\">{\"@context\":\"https:\\\/\\\/schema.org\",\"@graph\":[{\"@type\":\"Article\",\"@id\":\"https:\\\/\\\/malatyareport.com.tr\\\/index.php\\\/2025\\\/05\\\/10\\\/derneklerimiz-elin-degneki-mi\\\/#article\",\"isPartOf\":{\"@id\":\"https:\\\/\\\/malatyareport.com.tr\\\/index.php\\\/2025\\\/05\\\/10\\\/derneklerimiz-elin-degneki-mi\\\/\"},\"author\":{\"name\":\"Timur \u0130nce\",\"@id\":\"https:\\\/\\\/malatyareport.com.tr\\\/#\\\/schema\\\/person\\\/93146d94af76b792b58ac78050cc6da7\"},\"headline\":\"DERNEK\u2019LER\u0130M\u0130Z EL\u0130N DE\u011eNEK\u2019i M\u0130?\u00a0\",\"datePublished\":\"2025-05-10T18:25:55+00:00\",\"dateModified\":\"2025-05-11T06:50:51+00:00\",\"mainEntityOfPage\":{\"@id\":\"https:\\\/\\\/malatyareport.com.tr\\\/index.php\\\/2025\\\/05\\\/10\\\/derneklerimiz-elin-degneki-mi\\\/\"},\"wordCount\":1580,\"commentCount\":0,\"image\":{\"@id\":\"https:\\\/\\\/malatyareport.com.tr\\\/index.php\\\/2025\\\/05\\\/10\\\/derneklerimiz-elin-degneki-mi\\\/#primaryimage\"},\"thumbnailUrl\":\"https:\\\/\\\/malatyareport.com.tr\\\/wp-content\\\/uploads\\\/2025\\\/05\\\/EA1D8EBD-B628-4DC5-84DA-55408B8BDCCD.jpeg\",\"articleSection\":[\"K\u00f6\u015fe Yaz\u0131lar\u0131\"],\"inLanguage\":\"tr\",\"potentialAction\":[{\"@type\":\"CommentAction\",\"name\":\"Comment\",\"target\":[\"https:\\\/\\\/malatyareport.com.tr\\\/index.php\\\/2025\\\/05\\\/10\\\/derneklerimiz-elin-degneki-mi\\\/#respond\"]}]},{\"@type\":\"WebPage\",\"@id\":\"https:\\\/\\\/malatyareport.com.tr\\\/index.php\\\/2025\\\/05\\\/10\\\/derneklerimiz-elin-degneki-mi\\\/\",\"url\":\"https:\\\/\\\/malatyareport.com.tr\\\/index.php\\\/2025\\\/05\\\/10\\\/derneklerimiz-elin-degneki-mi\\\/\",\"name\":\"DERNEK\u2019LER\u0130M\u0130Z EL\u0130N DE\u011eNEK\u2019i M\u0130?\u00a0 - Malatya Report\",\"isPartOf\":{\"@id\":\"https:\\\/\\\/malatyareport.com.tr\\\/#website\"},\"primaryImageOfPage\":{\"@id\":\"https:\\\/\\\/malatyareport.com.tr\\\/index.php\\\/2025\\\/05\\\/10\\\/derneklerimiz-elin-degneki-mi\\\/#primaryimage\"},\"image\":{\"@id\":\"https:\\\/\\\/malatyareport.com.tr\\\/index.php\\\/2025\\\/05\\\/10\\\/derneklerimiz-elin-degneki-mi\\\/#primaryimage\"},\"thumbnailUrl\":\"https:\\\/\\\/malatyareport.com.tr\\\/wp-content\\\/uploads\\\/2025\\\/05\\\/EA1D8EBD-B628-4DC5-84DA-55408B8BDCCD.jpeg\",\"datePublished\":\"2025-05-10T18:25:55+00:00\",\"dateModified\":\"2025-05-11T06:50:51+00:00\",\"author\":{\"@id\":\"https:\\\/\\\/malatyareport.com.tr\\\/#\\\/schema\\\/person\\\/93146d94af76b792b58ac78050cc6da7\"},\"breadcrumb\":{\"@id\":\"https:\\\/\\\/malatyareport.com.tr\\\/index.php\\\/2025\\\/05\\\/10\\\/derneklerimiz-elin-degneki-mi\\\/#breadcrumb\"},\"inLanguage\":\"tr\",\"potentialAction\":[{\"@type\":\"ReadAction\",\"target\":[\"https:\\\/\\\/malatyareport.com.tr\\\/index.php\\\/2025\\\/05\\\/10\\\/derneklerimiz-elin-degneki-mi\\\/\"]}]},{\"@type\":\"ImageObject\",\"inLanguage\":\"tr\",\"@id\":\"https:\\\/\\\/malatyareport.com.tr\\\/index.php\\\/2025\\\/05\\\/10\\\/derneklerimiz-elin-degneki-mi\\\/#primaryimage\",\"url\":\"https:\\\/\\\/i0.wp.com\\\/malatyareport.com.tr\\\/wp-content\\\/uploads\\\/2025\\\/05\\\/EA1D8EBD-B628-4DC5-84DA-55408B8BDCCD.jpeg?fit=739%2C415&ssl=1\",\"contentUrl\":\"https:\\\/\\\/i0.wp.com\\\/malatyareport.com.tr\\\/wp-content\\\/uploads\\\/2025\\\/05\\\/EA1D8EBD-B628-4DC5-84DA-55408B8BDCCD.jpeg?fit=739%2C415&ssl=1\",\"width\":739,\"height\":415},{\"@type\":\"BreadcrumbList\",\"@id\":\"https:\\\/\\\/malatyareport.com.tr\\\/index.php\\\/2025\\\/05\\\/10\\\/derneklerimiz-elin-degneki-mi\\\/#breadcrumb\",\"itemListElement\":[{\"@type\":\"ListItem\",\"position\":1,\"name\":\"Anasayfa\",\"item\":\"https:\\\/\\\/malatyareport.com.tr\\\/\"},{\"@type\":\"ListItem\",\"position\":2,\"name\":\"DERNEK\u2019LER\u0130M\u0130Z EL\u0130N DE\u011eNEK\u2019i M\u0130?\u00a0\"}]},{\"@type\":\"WebSite\",\"@id\":\"https:\\\/\\\/malatyareport.com.tr\\\/#website\",\"url\":\"https:\\\/\\\/malatyareport.com.tr\\\/\",\"name\":\"Malatya Report\",\"description\":\"\",\"potentialAction\":[{\"@type\":\"SearchAction\",\"target\":{\"@type\":\"EntryPoint\",\"urlTemplate\":\"https:\\\/\\\/malatyareport.com.tr\\\/?s={search_term_string}\"},\"query-input\":{\"@type\":\"PropertyValueSpecification\",\"valueRequired\":true,\"valueName\":\"search_term_string\"}}],\"inLanguage\":\"tr\"},{\"@type\":\"Person\",\"@id\":\"https:\\\/\\\/malatyareport.com.tr\\\/#\\\/schema\\\/person\\\/93146d94af76b792b58ac78050cc6da7\",\"name\":\"Timur \u0130nce\",\"image\":{\"@type\":\"ImageObject\",\"inLanguage\":\"tr\",\"@id\":\"https:\\\/\\\/secure.gravatar.com\\\/avatar\\\/e5ce118bd86e5549ff544e7c5b614da198ecaa7f8e9398b55d27ae1f117511d8?s=96&d=mm&r=g\",\"url\":\"https:\\\/\\\/secure.gravatar.com\\\/avatar\\\/e5ce118bd86e5549ff544e7c5b614da198ecaa7f8e9398b55d27ae1f117511d8?s=96&d=mm&r=g\",\"contentUrl\":\"https:\\\/\\\/secure.gravatar.com\\\/avatar\\\/e5ce118bd86e5549ff544e7c5b614da198ecaa7f8e9398b55d27ae1f117511d8?s=96&d=mm&r=g\",\"caption\":\"Timur \u0130nce\"},\"description\":\"Zaman\u0131n ruhunda bir damla m\u00fcrekkep olmay\u0131 isterdim. Bir damla m\u00fcrekkep bir ulusun kaderini yazmaya yeterlidir.\",\"sameAs\":[\"https:\\\/\\\/malatyareport.com.tr\",\"https:\\\/\\\/www.facebook.com\\\/timurince\",\"@timur_ince_t5_\",\"https:\\\/\\\/x.com\\\/@timurince11\"],\"url\":\"https:\\\/\\\/malatyareport.com.tr\\\/index.php\\\/author\\\/admin_6i9yniox\\\/\"}]}<\/script>\n<!-- \/ Yoast SEO plugin. -->","yoast_head_json":{"title":"DERNEK\u2019LER\u0130M\u0130Z EL\u0130N DE\u011eNEK\u2019i M\u0130?\u00a0 - Malatya Report","robots":{"index":"index","follow":"follow","max-snippet":"max-snippet:-1","max-image-preview":"max-image-preview:large","max-video-preview":"max-video-preview:-1"},"canonical":"https:\/\/malatyareport.com.tr\/index.php\/2025\/05\/10\/derneklerimiz-elin-degneki-mi\/","og_locale":"tr_TR","og_type":"article","og_title":"DERNEK\u2019LER\u0130M\u0130Z EL\u0130N DE\u011eNEK\u2019i M\u0130?\u00a0 - Malatya Report","og_description":"P\u00fct\u00fcrge il\u00e7emizde \u00c7engelli ve \u015eiro Taraksu k\u00f6yleri harici toplam da 63 k\u00f6y derne\u011fi ile Do\u011fanyol\u2019da Koldere k\u00f6y\u00fc harici hemen hemen her k\u00f6y\u00fcn derne\u011fi ve bunlar\u0131n&#8230;","og_url":"https:\/\/malatyareport.com.tr\/index.php\/2025\/05\/10\/derneklerimiz-elin-degneki-mi\/","og_site_name":"Malatya Report","article_author":"https:\/\/www.facebook.com\/timurince","article_published_time":"2025-05-10T18:25:55+00:00","article_modified_time":"2025-05-11T06:50:51+00:00","og_image":[{"url":"https:\/\/malatyareport.com.tr\/wp-content\/uploads\/2025\/05\/EA1D8EBD-B628-4DC5-84DA-55408B8BDCCD.jpeg","type":"","width":"","height":""}],"author":"Timur \u0130nce","twitter_card":"summary_large_image","twitter_creator":"@timurince11","twitter_misc":{"Yazan:":"Timur \u0130nce","Tahmini okuma s\u00fcresi":"8 dakika"},"schema":{"@context":"https:\/\/schema.org","@graph":[{"@type":"Article","@id":"https:\/\/malatyareport.com.tr\/index.php\/2025\/05\/10\/derneklerimiz-elin-degneki-mi\/#article","isPartOf":{"@id":"https:\/\/malatyareport.com.tr\/index.php\/2025\/05\/10\/derneklerimiz-elin-degneki-mi\/"},"author":{"name":"Timur \u0130nce","@id":"https:\/\/malatyareport.com.tr\/#\/schema\/person\/93146d94af76b792b58ac78050cc6da7"},"headline":"DERNEK\u2019LER\u0130M\u0130Z EL\u0130N DE\u011eNEK\u2019i M\u0130?\u00a0","datePublished":"2025-05-10T18:25:55+00:00","dateModified":"2025-05-11T06:50:51+00:00","mainEntityOfPage":{"@id":"https:\/\/malatyareport.com.tr\/index.php\/2025\/05\/10\/derneklerimiz-elin-degneki-mi\/"},"wordCount":1580,"commentCount":0,"image":{"@id":"https:\/\/malatyareport.com.tr\/index.php\/2025\/05\/10\/derneklerimiz-elin-degneki-mi\/#primaryimage"},"thumbnailUrl":"https:\/\/malatyareport.com.tr\/wp-content\/uploads\/2025\/05\/EA1D8EBD-B628-4DC5-84DA-55408B8BDCCD.jpeg","articleSection":["K\u00f6\u015fe Yaz\u0131lar\u0131"],"inLanguage":"tr","potentialAction":[{"@type":"CommentAction","name":"Comment","target":["https:\/\/malatyareport.com.tr\/index.php\/2025\/05\/10\/derneklerimiz-elin-degneki-mi\/#respond"]}]},{"@type":"WebPage","@id":"https:\/\/malatyareport.com.tr\/index.php\/2025\/05\/10\/derneklerimiz-elin-degneki-mi\/","url":"https:\/\/malatyareport.com.tr\/index.php\/2025\/05\/10\/derneklerimiz-elin-degneki-mi\/","name":"DERNEK\u2019LER\u0130M\u0130Z EL\u0130N DE\u011eNEK\u2019i M\u0130?\u00a0 - Malatya Report","isPartOf":{"@id":"https:\/\/malatyareport.com.tr\/#website"},"primaryImageOfPage":{"@id":"https:\/\/malatyareport.com.tr\/index.php\/2025\/05\/10\/derneklerimiz-elin-degneki-mi\/#primaryimage"},"image":{"@id":"https:\/\/malatyareport.com.tr\/index.php\/2025\/05\/10\/derneklerimiz-elin-degneki-mi\/#primaryimage"},"thumbnailUrl":"https:\/\/malatyareport.com.tr\/wp-content\/uploads\/2025\/05\/EA1D8EBD-B628-4DC5-84DA-55408B8BDCCD.jpeg","datePublished":"2025-05-10T18:25:55+00:00","dateModified":"2025-05-11T06:50:51+00:00","author":{"@id":"https:\/\/malatyareport.com.tr\/#\/schema\/person\/93146d94af76b792b58ac78050cc6da7"},"breadcrumb":{"@id":"https:\/\/malatyareport.com.tr\/index.php\/2025\/05\/10\/derneklerimiz-elin-degneki-mi\/#breadcrumb"},"inLanguage":"tr","potentialAction":[{"@type":"ReadAction","target":["https:\/\/malatyareport.com.tr\/index.php\/2025\/05\/10\/derneklerimiz-elin-degneki-mi\/"]}]},{"@type":"ImageObject","inLanguage":"tr","@id":"https:\/\/malatyareport.com.tr\/index.php\/2025\/05\/10\/derneklerimiz-elin-degneki-mi\/#primaryimage","url":"https:\/\/i0.wp.com\/malatyareport.com.tr\/wp-content\/uploads\/2025\/05\/EA1D8EBD-B628-4DC5-84DA-55408B8BDCCD.jpeg?fit=739%2C415&ssl=1","contentUrl":"https:\/\/i0.wp.com\/malatyareport.com.tr\/wp-content\/uploads\/2025\/05\/EA1D8EBD-B628-4DC5-84DA-55408B8BDCCD.jpeg?fit=739%2C415&ssl=1","width":739,"height":415},{"@type":"BreadcrumbList","@id":"https:\/\/malatyareport.com.tr\/index.php\/2025\/05\/10\/derneklerimiz-elin-degneki-mi\/#breadcrumb","itemListElement":[{"@type":"ListItem","position":1,"name":"Anasayfa","item":"https:\/\/malatyareport.com.tr\/"},{"@type":"ListItem","position":2,"name":"DERNEK\u2019LER\u0130M\u0130Z EL\u0130N DE\u011eNEK\u2019i M\u0130?\u00a0"}]},{"@type":"WebSite","@id":"https:\/\/malatyareport.com.tr\/#website","url":"https:\/\/malatyareport.com.tr\/","name":"Malatya Report","description":"","potentialAction":[{"@type":"SearchAction","target":{"@type":"EntryPoint","urlTemplate":"https:\/\/malatyareport.com.tr\/?s={search_term_string}"},"query-input":{"@type":"PropertyValueSpecification","valueRequired":true,"valueName":"search_term_string"}}],"inLanguage":"tr"},{"@type":"Person","@id":"https:\/\/malatyareport.com.tr\/#\/schema\/person\/93146d94af76b792b58ac78050cc6da7","name":"Timur \u0130nce","image":{"@type":"ImageObject","inLanguage":"tr","@id":"https:\/\/secure.gravatar.com\/avatar\/e5ce118bd86e5549ff544e7c5b614da198ecaa7f8e9398b55d27ae1f117511d8?s=96&d=mm&r=g","url":"https:\/\/secure.gravatar.com\/avatar\/e5ce118bd86e5549ff544e7c5b614da198ecaa7f8e9398b55d27ae1f117511d8?s=96&d=mm&r=g","contentUrl":"https:\/\/secure.gravatar.com\/avatar\/e5ce118bd86e5549ff544e7c5b614da198ecaa7f8e9398b55d27ae1f117511d8?s=96&d=mm&r=g","caption":"Timur \u0130nce"},"description":"Zaman\u0131n ruhunda bir damla m\u00fcrekkep olmay\u0131 isterdim. Bir damla m\u00fcrekkep bir ulusun kaderini yazmaya yeterlidir.","sameAs":["https:\/\/malatyareport.com.tr","https:\/\/www.facebook.com\/timurince","@timur_ince_t5_","https:\/\/x.com\/@timurince11"],"url":"https:\/\/malatyareport.com.tr\/index.php\/author\/admin_6i9yniox\/"}]}},"jetpack_featured_media_url":"","jetpack_sharing_enabled":true,"_links":{"self":[{"href":"https:\/\/malatyareport.com.tr\/index.php\/wp-json\/wp\/v2\/posts\/87","targetHints":{"allow":["GET"]}}],"collection":[{"href":"https:\/\/malatyareport.com.tr\/index.php\/wp-json\/wp\/v2\/posts"}],"about":[{"href":"https:\/\/malatyareport.com.tr\/index.php\/wp-json\/wp\/v2\/types\/post"}],"author":[{"embeddable":true,"href":"https:\/\/malatyareport.com.tr\/index.php\/wp-json\/wp\/v2\/users\/1"}],"replies":[{"embeddable":true,"href":"https:\/\/malatyareport.com.tr\/index.php\/wp-json\/wp\/v2\/comments?post=87"}],"version-history":[{"count":9,"href":"https:\/\/malatyareport.com.tr\/index.php\/wp-json\/wp\/v2\/posts\/87\/revisions"}],"predecessor-version":[{"id":105,"href":"https:\/\/malatyareport.com.tr\/index.php\/wp-json\/wp\/v2\/posts\/87\/revisions\/105"}],"wp:attachment":[{"href":"https:\/\/malatyareport.com.tr\/index.php\/wp-json\/wp\/v2\/media?parent=87"}],"wp:term":[{"taxonomy":"category","embeddable":true,"href":"https:\/\/malatyareport.com.tr\/index.php\/wp-json\/wp\/v2\/categories?post=87"},{"taxonomy":"post_tag","embeddable":true,"href":"https:\/\/malatyareport.com.tr\/index.php\/wp-json\/wp\/v2\/tags?post=87"}],"curies":[{"name":"wp","href":"https:\/\/api.w.org\/{rel}","templated":true}]}}