{"id":940,"date":"2026-03-17T10:54:52","date_gmt":"2026-03-17T10:54:52","guid":{"rendered":"https:\/\/malatyareport.com.tr\/?p=940"},"modified":"2026-03-17T11:13:55","modified_gmt":"2026-03-17T11:13:55","slug":"ogretmen-dovmenin-siyasette-ki-karsiligi-yok","status":"publish","type":"post","link":"https:\/\/malatyareport.com.tr\/index.php\/2026\/03\/17\/ogretmen-dovmenin-siyasette-ki-karsiligi-yok\/","title":{"rendered":"\u00d6\u011fretmen D\u00f6vmenin Siyasette ki Kar\u015f\u0131l\u0131\u011f\u0131 Yok!"},"content":{"rendered":"\n<figure class=\"wp-block-image size-full\"><img data-recalc-dims=\"1\" loading=\"lazy\" decoding=\"async\" width=\"796\" height=\"874\" src=\"https:\/\/i0.wp.com\/malatyareport.com.tr\/wp-content\/uploads\/2026\/03\/4D8A9732-05D1-4EA3-9617-751A6BBF6A01.jpeg?resize=796%2C874&#038;ssl=1\" alt=\"\" class=\"wp-image-941\" srcset=\"https:\/\/i0.wp.com\/malatyareport.com.tr\/wp-content\/uploads\/2026\/03\/4D8A9732-05D1-4EA3-9617-751A6BBF6A01.jpeg?w=796&amp;ssl=1 796w, https:\/\/i0.wp.com\/malatyareport.com.tr\/wp-content\/uploads\/2026\/03\/4D8A9732-05D1-4EA3-9617-751A6BBF6A01.jpeg?resize=273%2C300&amp;ssl=1 273w, https:\/\/i0.wp.com\/malatyareport.com.tr\/wp-content\/uploads\/2026\/03\/4D8A9732-05D1-4EA3-9617-751A6BBF6A01.jpeg?resize=768%2C843&amp;ssl=1 768w\" sizes=\"auto, (max-width: 796px) 100vw, 796px\" \/><\/figure>\n\n\n\n<p class=\"wp-block-paragraph\">Ku\u015fkusuz Malatya Kanguru okullar\u0131nda Esenlik genel M\u00fcd\u00fcr\u00fc Veysel Tay\u2019\u0131n e\u015finin okul i\u00e7erisinde bir kad\u0131n \u00f6\u011fretmene kameralar \u00f6n\u00fcnde uygulad\u0131\u011f\u0131 \u015fiddetti t\u00fcm T\u00fcrkiye bir hafta boyunca konu\u015ftu.&nbsp;<\/p>\n\n\n\n<p class=\"wp-block-paragraph\">\u201cBir hafta\u201d diyorum \u00e7\u00fcnk\u00fc y\u00f6neticiler ve yetkililer \u00fc\u00e7 maymunu oynay\u0131nca hem konu g\u00fcndemde uzun s\u00fcre kald\u0131 hem de siyasi ve y\u00f6neticilerin ger\u00e7ek y\u00fcz\u00fcn\u00fc yerli yerinde g\u00f6rm\u00fc\u015f olduk.&nbsp;<\/p>\n\n\n\n<p class=\"wp-block-paragraph\">Malatya Valisi Seddar Yavuz\u2019un \u201cara\u015ft\u0131r\u0131yoruz\u201d bas\u0131n a\u00e7\u0131klamas\u0131 \u00e7ok az g\u00f6n\u00fcllere su serpmi\u015f olsa da yeterli de\u011fildi. Kamuoyu meydana gelen bu infialin bir an \u00f6nce hesab\u0131n\u0131n sorulmas\u0131n\u0131 istiyordu. \u00d6zellikle e\u011fitim camias\u0131n\u0131n derinden rahats\u0131z eden -darp mevzusu- hele siyasilerden ciddi bir tepki g\u00f6sterdiklerini g\u00f6rmeye elbette haklar\u0131 vard\u0131.&nbsp;<\/p>\n\n\n\n<p class=\"wp-block-paragraph\">\u00c7ok yak\u0131n zamanda \u00f6ld\u00fcr\u00fclm\u00fc\u015f bir kad\u0131n \u00f6\u011fretmenin ac\u0131s\u0131 hen\u00fcz taze iken ya\u015fanan bu menf\u00fb hadiseyi es ge\u00e7mek kabul edilemez bir ger\u00e7eklikti. <\/p>\n\n\n\n<p class=\"wp-block-paragraph\">Ne olursa olsun ortada ciddi bir darp meselesi meydana gelmi\u015f, kameralar olan biteni oldu\u011fu salt haliyle \u00e7ekmi\u015f, g\u00f6r\u00fcnt\u00fcler bas\u0131na d\u00fc\u015f\u00fcnce de akabinde kamuoyu do\u011fal bir tepki g\u00f6stermesine neden olmu\u015ftu.&nbsp;<\/p>\n\n\n\n<p class=\"wp-block-paragraph\">Bu durumda \u015fehrin emirinin yapmas\u0131 gereken ilk ve tek \u015fey; m\u00fcd\u00fcr\u00fcn ba\u015f\u0131nda bulundu\u011fu Esenlik i\u015ftirak \u015firketinin konuyla ili\u015fkisi \u00fczerinden kurumu y\u0131prattt\u0131\u011f\u0131n\u0131 g\u00f6ze alarak Veysel Tay\u2019\u0131 uzakla\u015ft\u0131rmas\u0131 gerekiyordu.&nbsp;&nbsp;Yapmad\u0131, yapamad\u0131. B\u00fcy\u00fck\u015fehir bir-s\u0131f\u0131r yenik ba\u015flad\u0131 toplumda hassas g\u00f6zetilen \u00f6nemli bir konuya.&nbsp;<\/p>\n\n\n\n<p class=\"wp-block-paragraph\">Sonu\u00e7ta bu adam g\u00f6kten zembille inmemi\u015f, m\u00fcdavimleri yok diyebilece\u011fimiz bir isim de\u011fil. S\u0131radan bir m\u00fcd\u00fcr. Al\u0131rs\u0131n yerine ba\u015fkas\u0131n\u0131 koyars\u0131n, bu kadar basit. Bir de \u00e7\u0131kar insani bir a\u00e7\u0131klama yapars\u0131n, konu kapan\u0131r, gider. Gerisine yarg\u0131 karar verir.&nbsp;&nbsp;Kald\u0131ki ka\u00e7 daire ba\u015fkan\u0131 de\u011fi\u015ftirdin?&nbsp;<\/p>\n\n\n\n<p class=\"wp-block-paragraph\">B\u00f6ylece dile-aya\u011fa d\u00fc\u015fm\u00fc\u015f kurumun marka de\u011ferini de g\u00fcvence alt\u0131na alm\u0131\u015f olursun.&nbsp;<\/p>\n\n\n\n<p class=\"wp-block-paragraph\">B\u00fcy\u00fck\u015fehir\u2019in sessizli\u011fi ile olay\u0131 kilitledi, katti suretle duyars\u0131zl\u0131\u011f\u0131n\u0131 \u015f\u00f6yle okuyorduk biz! \u201c\u00f6\u011fretmen han\u0131m dayak yemi\u015fse yemi\u015f ne olmu\u015f yani, Esenlik ad\u0131na halel gelmesin ne olursa olsun, ben m\u00fcd\u00fcr\u00fcm\u00fcn arkas\u0131nday\u0131m\u201d fiili d\u00fc\u015f\u00fcncesini savundu durdu b\u00f6ylece. Taki sosyal medya bask\u0131s\u0131 sonras\u0131 m\u00fcd\u00fcr \u201chem su\u00e7lu hem g\u00fc\u00e7l\u00fc\u201d a\u00e7\u0131klamas\u0131 ile kendisi istifa edene kadar\u2026<\/p>\n\n\n\n<p class=\"wp-block-paragraph\">\u0130ki il\u00e7enin Battalgazi ve Ye\u015filyurt il\u00e7e ba\u015fkanlar\u0131nda da ya\u015fanan bu tats\u0131z konuya hi\u00e7 bir tepki g\u00f6sterilmedi.&nbsp;<\/p>\n\n\n\n<p class=\"wp-block-paragraph\">\u015eimdi diyeceksinizki il\u00e7e belediye ba\u015fkanlar\u0131 kar\u0131\u015facak konumda de\u011filler, \u00fczerine ne vazife? Hay\u0131r tam da \u00fczerine vazifedir efendiler. \u0130nsan olmak farkl\u0131 bir \u015fey, yetkisi \u00e7er\u00e7evesinde kalmak ba\u015fka bir \u015fey. Sonu\u00e7ta hepimiz bu \u015fehirde ya\u015f\u0131yoruz bu g\u00fcn sana yar\u0131n bana\u2026&nbsp;<\/p>\n\n\n\n<p class=\"wp-block-paragraph\">Ortada d\u00f6nen bir yanl\u0131\u015fl\u0131k var, insani bir a\u00e7\u0131klama yap\u0131labilirdi. <\/p>\n\n\n\n<p class=\"wp-block-paragraph\">E\u011fitim k\u00f6kenli STK\u2019lar tamamen konuyu uzaktan izlemekle yetindi.&nbsp;<\/p>\n\n\n\n<p class=\"wp-block-paragraph\">Mv. B\u00fclent T\u00fcfenk\u00e7i\u2019den hen\u00fcz ses seda yok. San\u0131r\u0131m milletvekili g\u00f6revi s\u00fcrd\u00fcrd\u00fc\u011f\u00fc \u015fehirde duymad\u0131, g\u00f6rmedi.&nbsp;<\/p>\n\n\n\n<p class=\"wp-block-paragraph\">\u0130hsan Koca dersen Allah\u2019a emanet zaten.&nbsp;&nbsp;<\/p>\n\n\n\n<p class=\"wp-block-paragraph\">Mv. Abdurahman Babacan \u201cdostlar pazarda g\u00f6rs\u00fcn\u201d minvalinde olay iyice yat\u0131\u015ft\u0131ktan sonra k\u00fc\u00e7\u00fck c\u0131l\u0131z bir a\u00e7\u0131klamas\u0131 geldi.&nbsp;<\/p>\n\n\n\n<p class=\"wp-block-paragraph\">Baz\u0131 STK\u2019lar, siyasi parti yetkilileri ise Esenlik \u015firketi konu edildi\u011fi i\u00e7in a\u00e7\u0131k\u00e7as\u0131 k\u0131zg\u0131nd\u0131lar. Biz Esenlik arkas\u0131nda duruyoruz \u00e7er\u00e7eveli a\u00e7\u0131klamalar\u0131 \u00f6ne s\u00fcrmekten \u00e7ekinmediler. \u00d6\u011fretmen han\u0131m \u00f6nemli de\u011fil ama Esenlik kurumu haklar\u0131 zedelenirse i\u015fte o zaman bomba.&nbsp;<\/p>\n\n\n\n<p class=\"wp-block-paragraph\">B\u00fcy\u00fck\u015fehirin finans etti\u011fi, B\u00fcy\u00fck\u015fehir\u2019in d\u00fc\u015ft\u00fc\u011f\u00fc \u00e7ukurlardan aklamak i\u00e7in ara ara kulland\u0131\u011f\u0131 bir tiktok\u00e7u\u2019ya ise \u00e7ok ge\u00e7meden \u201chedef Sami Er\u2019di, bunu da 3-5 ki\u015fi yap\u0131yor, se\u00e7imlere kadar Sami Ba\u015fkan\u0131 y\u0131pratmak istiyorlar\u201d diye tiktok videosu \u00e7ektirdiler. B\u00fcy\u00fck\u015fehir\u2019i aklad\u0131\u011f\u0131n\u0131 var sayarak\u2026<\/p>\n\n\n\n<p class=\"wp-block-paragraph\">Videoyu \u00e7ektirmeyi ak\u0131l edenler nedense a\u00e7\u0131klama yapmay\u0131 d\u00fc\u015f\u00fcnemiyordu.&nbsp;<\/p>\n\n\n\n<p class=\"wp-block-paragraph\">Ayn\u0131 tiktok\u00e7u zab\u0131talar\u0131n ara\u00e7 kurtarma gibi yapma f\u0131kralar\u0131nda da ba\u015froldeydi.&nbsp;<\/p>\n\n\n\n<p class=\"wp-block-paragraph\">Yine \u00f6\u011fretmen han\u0131m\u0131n yedi\u011fi dayaklar, bay\u0131lmas\u0131, hastaneye kald\u0131r\u0131lmas\u0131, ailesi, onuru bunlar kimsenin umrunda olmad\u0131\u011f\u0131n\u0131 g\u00f6rd\u00fck.&nbsp;<\/p>\n\n\n\n<p class=\"wp-block-paragraph\">Var yok Esenlik, bilmeyende bir Aplle\u2019den, Samsung\u2019 Mercedes\u2019ten bahsediliyor sanacak. Kaz\u0131k fiyatlar\u0131yla, bayat \u00fcr\u00fcnler satan, m\u00fcdavimlerine g\u00f6re fiyatlar\u0131n y\u00fcksek oldu\u011fu, boykot \u00fcr\u00fcnler listesinden yer alan Fanta hediyesine ramazan pidesi veren yerel bir market i\u00e7in herkes nas\u0131lda harekete ge\u00e7ti ama kad\u0131n \u00f6\u011fretmenim g\u00f6nl\u00fcn\u00fc alal\u0131m diyen eden yine yoktu bilhassa.&nbsp;<\/p>\n\n\n\n<p class=\"wp-block-paragraph\">Siyasetin paradoksunu, \u00e7eli\u015fkilerini, ayars\u0131zl\u0131\u011f\u0131n\u0131, halk\u2019la olan diyalog bi\u00e7imini g\u00f6zler \u00f6n\u00fcne seriyordu bu karma\u015falar y\u0131\u011f\u0131n\u0131. <\/p>\n\n\n\n<p class=\"wp-block-paragraph\">\u0130l ba\u015fkanl\u0131\u011f\u0131 makam\u0131 zaten bo\u015f, var m\u0131 yok mu belli de\u011fil.&nbsp;<\/p>\n\n\n\n<p class=\"wp-block-paragraph\">Vay anas\u0131na vay\u2026 Ne halk\u0131, ne hakk\u0131, onlar birileri i\u00e7in devreye girerdi sadece.&nbsp;&nbsp;<\/p>\n\n\n\n<p class=\"wp-block-paragraph\">Veli A\u011fbaba\u2019n\u0131n ya\u015fanan konuyu ilaveten \u0130lkg\u00fcn k\u0131nay\u0131c\u0131 sa\u011flam bir twiti derken\u2026<\/p>\n\n\n\n<p class=\"wp-block-paragraph\">As\u0131l destek Mv. \u0130nan\u00e7 Sira\u00e7 Kara \u00d6lmeztoprak\u2019tan geldi. A\u00e7\u0131k\u00e7as\u0131 ma\u011fdur olan bir kad\u0131n \u00f6\u011fretmen neden kad\u0131n vekil olarak sahip \u00e7\u0131kmaz-yan\u0131nda de\u011fil diye tam d\u00fc\u015f\u00fcn\u00fcrken ak\u015fam saatlerinde bekledi\u011fim o payla\u015f\u0131m \u00f6n\u00fcme d\u00fc\u015ft\u00fc. Tarz\u0131n\u0131n d\u0131\u015f\u0131nda uzun bir a\u00e7\u0131klama ile\u2026 Ve hemen al\u0131nt\u0131layarak \u015funu dedim bende \u201cvekil han\u0131m\u0131n bu ziyareti bir duru\u015f ve ders niteli\u011fi ta\u015f\u0131yor!\u201d<\/p>\n\n\n\n<p class=\"wp-block-paragraph\">\u015eimdi soru \u015fu olsun; siyaset ni\u00e7in vard\u0131? \u0130hale kapatmak, rant ko\u015fturmak, iftar yemekleri d\u00fczenlemek, foto\u011fraf \u00e7ektirmek, ziyaretler ger\u00e7ekle\u015ftirmek i\u00e7in mi? \u00d6zelikle se\u00e7imlerde s\u0131k s\u0131k dile getirilen \u201cbiz halk i\u00e7in var\u0131z!\u201d bir t\u0131k daha \u00f6tesi \u201cbiz halk\u0131m\u0131z\u0131n hizmetk\u00e2r\u0131y\u0131z\u201d s\u00f6zlerinin alt\u0131 bo\u015f hatta sa\u00e7ma-\u00e7\u0131\u0131r\u0131l\u00e7\u0131plak bir yalan oldu\u011funu cereyan eden darp mevzusundan sonra iyice ikna olduk. Daha d\u00fcn bir \u00f6\u011fretmen katledildi, t\u00fcm T\u00fcrkiye aya\u011fa kalkt\u0131, \u00fcz\u00fcld\u00fc, kahroldu. Burada da \u00f6\u011fretmen han\u0131m\u0131n kafas\u0131ndan ald\u0131\u011f\u0131 bir darbe sonras\u0131 benzer bir sonu\u00e7la (Allah korusun) kar\u015f\u0131la\u015fabilirken; siyasilerin fantastik Esenlik kurumunu savunmaya kalk\u0131\u015fmalar\u0131 do\u011frusu iki y\u00fczl\u00fcl\u00fckt\u00fcr.&nbsp;<\/p>\n\n\n\n<p class=\"wp-block-paragraph\">\u015eunu anl\u0131yoruz ki; insan hayatlar\u0131n\u0131n siyasette bir kar\u015f\u0131l\u0131\u011f\u0131 yoktu. Hele basit bir dayak yemek i\u00e7in konu\u015fmak gereksiz ve anlams\u0131zd\u0131. Mesele tam olarak b\u00f6yle de\u011fil mi? Olan, biten, ya\u015fan\u0131lanlar\u0131n par\u00e7alar\u0131n\u0131 bir araya getirdi\u011fimizde ortaya \u00e7\u0131kan sonu\u00e7 tam olarak koca bir duyars\u0131zl\u0131k duvar\u0131. Her \u015fey net ve ortada. Yoksa bu kadar mekanik, uzak, konuya Frans\u0131z kal\u0131nmas\u0131 bir tesad\u00fcf olamaz. <\/p>\n\n\n\n<p class=\"wp-block-paragraph\">\u00dcz\u00fcld\u00fc\u011f\u00fcm \u015fey ilk se\u00e7imde \u201cbiz halk\u0131n hizmetk\u00e2r\u0131y\u0131z\u201d diyerek yine sahneye \u00e7\u0131kacaklar\u0131. Tabi as\u0131l ger\u00e7ek y\u00fczlerini bizler de unutmu\u015f olarak.&nbsp;<\/p>\n","protected":false},"excerpt":{"rendered":"<p>Ku\u015fkusuz Malatya Kanguru okullar\u0131nda Esenlik genel M\u00fcd\u00fcr\u00fc Veysel Tay\u2019\u0131n e\u015finin okul i\u00e7erisinde bir kad\u0131n \u00f6\u011fretmene kameralar \u00f6n\u00fcnde uygulad\u0131\u011f\u0131 \u015fiddetti t\u00fcm T\u00fcrkiye bir hafta boyunca konu\u015ftu.&nbsp;&#8230;<\/p>\n<div class=\"more-link-wrapper\"><a class=\"more-link\" href=\"https:\/\/malatyareport.com.tr\/index.php\/2026\/03\/17\/ogretmen-dovmenin-siyasette-ki-karsiligi-yok\/\">Devam\u0131n\u0131 okuyun<span class=\"screen-reader-text\">\u00d6\u011fretmen D\u00f6vmenin Siyasette ki Kar\u015f\u0131l\u0131\u011f\u0131 Yok!<\/span><\/a><\/div>\n","protected":false},"author":1,"featured_media":0,"comment_status":"open","ping_status":"open","sticky":false,"template":"","format":"standard","meta":{"_jetpack_memberships_contains_paid_content":false,"footnotes":""},"categories":[5],"tags":[],"class_list":["post-940","post","type-post","status-publish","format-standard","hentry","category-kose-yazilari","entry"],"yoast_head":"<!-- This site is optimized with the Yoast SEO plugin v28.2 - https:\/\/yoast.com\/product\/yoast-seo-wordpress\/ -->\n<title>\u00d6\u011fretmen D\u00f6vmenin Siyasette ki Kar\u015f\u0131l\u0131\u011f\u0131 Yok! - Malatya Report<\/title>\n<meta name=\"robots\" content=\"index, follow, max-snippet:-1, max-image-preview:large, max-video-preview:-1\" \/>\n<link rel=\"canonical\" href=\"https:\/\/malatyareport.com.tr\/index.php\/2026\/03\/17\/ogretmen-dovmenin-siyasette-ki-karsiligi-yok\/\" \/>\n<meta property=\"og:locale\" content=\"tr_TR\" \/>\n<meta property=\"og:type\" content=\"article\" \/>\n<meta property=\"og:title\" content=\"\u00d6\u011fretmen D\u00f6vmenin Siyasette ki Kar\u015f\u0131l\u0131\u011f\u0131 Yok! - Malatya Report\" \/>\n<meta property=\"og:description\" content=\"Ku\u015fkusuz Malatya Kanguru okullar\u0131nda Esenlik genel M\u00fcd\u00fcr\u00fc Veysel Tay\u2019\u0131n e\u015finin okul i\u00e7erisinde bir kad\u0131n \u00f6\u011fretmene kameralar \u00f6n\u00fcnde uygulad\u0131\u011f\u0131 \u015fiddetti t\u00fcm T\u00fcrkiye bir hafta boyunca konu\u015ftu.&nbsp;&#8230;\" \/>\n<meta property=\"og:url\" content=\"https:\/\/malatyareport.com.tr\/index.php\/2026\/03\/17\/ogretmen-dovmenin-siyasette-ki-karsiligi-yok\/\" \/>\n<meta property=\"og:site_name\" content=\"Malatya Report\" \/>\n<meta property=\"article:author\" content=\"https:\/\/www.facebook.com\/timurince\" \/>\n<meta property=\"article:published_time\" content=\"2026-03-17T10:54:52+00:00\" \/>\n<meta property=\"article:modified_time\" content=\"2026-03-17T11:13:55+00:00\" \/>\n<meta property=\"og:image\" content=\"https:\/\/malatyareport.com.tr\/wp-content\/uploads\/2026\/03\/4D8A9732-05D1-4EA3-9617-751A6BBF6A01.jpeg\" \/>\n<meta name=\"author\" content=\"Timur \u0130nce\" \/>\n<meta name=\"twitter:card\" content=\"summary_large_image\" \/>\n<meta name=\"twitter:creator\" content=\"@timurince11\" \/>\n<meta name=\"twitter:label1\" content=\"Yazan:\" \/>\n\t<meta name=\"twitter:data1\" content=\"Timur \u0130nce\" \/>\n\t<meta name=\"twitter:label2\" content=\"Tahmini okuma s\u00fcresi\" \/>\n\t<meta name=\"twitter:data2\" content=\"6 dakika\" \/>\n<script type=\"application\/ld+json\" class=\"yoast-schema-graph\">{\"@context\":\"https:\\\/\\\/schema.org\",\"@graph\":[{\"@type\":\"Article\",\"@id\":\"https:\\\/\\\/malatyareport.com.tr\\\/index.php\\\/2026\\\/03\\\/17\\\/ogretmen-dovmenin-siyasette-ki-karsiligi-yok\\\/#article\",\"isPartOf\":{\"@id\":\"https:\\\/\\\/malatyareport.com.tr\\\/index.php\\\/2026\\\/03\\\/17\\\/ogretmen-dovmenin-siyasette-ki-karsiligi-yok\\\/\"},\"author\":{\"name\":\"Timur \u0130nce\",\"@id\":\"https:\\\/\\\/malatyareport.com.tr\\\/#\\\/schema\\\/person\\\/93146d94af76b792b58ac78050cc6da7\"},\"headline\":\"\u00d6\u011fretmen D\u00f6vmenin Siyasette ki Kar\u015f\u0131l\u0131\u011f\u0131 Yok!\",\"datePublished\":\"2026-03-17T10:54:52+00:00\",\"dateModified\":\"2026-03-17T11:13:55+00:00\",\"mainEntityOfPage\":{\"@id\":\"https:\\\/\\\/malatyareport.com.tr\\\/index.php\\\/2026\\\/03\\\/17\\\/ogretmen-dovmenin-siyasette-ki-karsiligi-yok\\\/\"},\"wordCount\":1217,\"commentCount\":0,\"image\":{\"@id\":\"https:\\\/\\\/malatyareport.com.tr\\\/index.php\\\/2026\\\/03\\\/17\\\/ogretmen-dovmenin-siyasette-ki-karsiligi-yok\\\/#primaryimage\"},\"thumbnailUrl\":\"https:\\\/\\\/malatyareport.com.tr\\\/wp-content\\\/uploads\\\/2026\\\/03\\\/4D8A9732-05D1-4EA3-9617-751A6BBF6A01.jpeg\",\"articleSection\":[\"K\u00f6\u015fe Yaz\u0131lar\u0131\"],\"inLanguage\":\"tr\",\"potentialAction\":[{\"@type\":\"CommentAction\",\"name\":\"Comment\",\"target\":[\"https:\\\/\\\/malatyareport.com.tr\\\/index.php\\\/2026\\\/03\\\/17\\\/ogretmen-dovmenin-siyasette-ki-karsiligi-yok\\\/#respond\"]}]},{\"@type\":\"WebPage\",\"@id\":\"https:\\\/\\\/malatyareport.com.tr\\\/index.php\\\/2026\\\/03\\\/17\\\/ogretmen-dovmenin-siyasette-ki-karsiligi-yok\\\/\",\"url\":\"https:\\\/\\\/malatyareport.com.tr\\\/index.php\\\/2026\\\/03\\\/17\\\/ogretmen-dovmenin-siyasette-ki-karsiligi-yok\\\/\",\"name\":\"\u00d6\u011fretmen D\u00f6vmenin Siyasette ki Kar\u015f\u0131l\u0131\u011f\u0131 Yok! - Malatya Report\",\"isPartOf\":{\"@id\":\"https:\\\/\\\/malatyareport.com.tr\\\/#website\"},\"primaryImageOfPage\":{\"@id\":\"https:\\\/\\\/malatyareport.com.tr\\\/index.php\\\/2026\\\/03\\\/17\\\/ogretmen-dovmenin-siyasette-ki-karsiligi-yok\\\/#primaryimage\"},\"image\":{\"@id\":\"https:\\\/\\\/malatyareport.com.tr\\\/index.php\\\/2026\\\/03\\\/17\\\/ogretmen-dovmenin-siyasette-ki-karsiligi-yok\\\/#primaryimage\"},\"thumbnailUrl\":\"https:\\\/\\\/malatyareport.com.tr\\\/wp-content\\\/uploads\\\/2026\\\/03\\\/4D8A9732-05D1-4EA3-9617-751A6BBF6A01.jpeg\",\"datePublished\":\"2026-03-17T10:54:52+00:00\",\"dateModified\":\"2026-03-17T11:13:55+00:00\",\"author\":{\"@id\":\"https:\\\/\\\/malatyareport.com.tr\\\/#\\\/schema\\\/person\\\/93146d94af76b792b58ac78050cc6da7\"},\"breadcrumb\":{\"@id\":\"https:\\\/\\\/malatyareport.com.tr\\\/index.php\\\/2026\\\/03\\\/17\\\/ogretmen-dovmenin-siyasette-ki-karsiligi-yok\\\/#breadcrumb\"},\"inLanguage\":\"tr\",\"potentialAction\":[{\"@type\":\"ReadAction\",\"target\":[\"https:\\\/\\\/malatyareport.com.tr\\\/index.php\\\/2026\\\/03\\\/17\\\/ogretmen-dovmenin-siyasette-ki-karsiligi-yok\\\/\"]}]},{\"@type\":\"ImageObject\",\"inLanguage\":\"tr\",\"@id\":\"https:\\\/\\\/malatyareport.com.tr\\\/index.php\\\/2026\\\/03\\\/17\\\/ogretmen-dovmenin-siyasette-ki-karsiligi-yok\\\/#primaryimage\",\"url\":\"https:\\\/\\\/i0.wp.com\\\/malatyareport.com.tr\\\/wp-content\\\/uploads\\\/2026\\\/03\\\/4D8A9732-05D1-4EA3-9617-751A6BBF6A01.jpeg?fit=796%2C874&ssl=1\",\"contentUrl\":\"https:\\\/\\\/i0.wp.com\\\/malatyareport.com.tr\\\/wp-content\\\/uploads\\\/2026\\\/03\\\/4D8A9732-05D1-4EA3-9617-751A6BBF6A01.jpeg?fit=796%2C874&ssl=1\",\"width\":796,\"height\":874},{\"@type\":\"BreadcrumbList\",\"@id\":\"https:\\\/\\\/malatyareport.com.tr\\\/index.php\\\/2026\\\/03\\\/17\\\/ogretmen-dovmenin-siyasette-ki-karsiligi-yok\\\/#breadcrumb\",\"itemListElement\":[{\"@type\":\"ListItem\",\"position\":1,\"name\":\"Anasayfa\",\"item\":\"https:\\\/\\\/malatyareport.com.tr\\\/\"},{\"@type\":\"ListItem\",\"position\":2,\"name\":\"\u00d6\u011fretmen D\u00f6vmenin Siyasette ki Kar\u015f\u0131l\u0131\u011f\u0131 Yok!\"}]},{\"@type\":\"WebSite\",\"@id\":\"https:\\\/\\\/malatyareport.com.tr\\\/#website\",\"url\":\"https:\\\/\\\/malatyareport.com.tr\\\/\",\"name\":\"Malatya Report\",\"description\":\"\",\"potentialAction\":[{\"@type\":\"SearchAction\",\"target\":{\"@type\":\"EntryPoint\",\"urlTemplate\":\"https:\\\/\\\/malatyareport.com.tr\\\/?s={search_term_string}\"},\"query-input\":{\"@type\":\"PropertyValueSpecification\",\"valueRequired\":true,\"valueName\":\"search_term_string\"}}],\"inLanguage\":\"tr\"},{\"@type\":\"Person\",\"@id\":\"https:\\\/\\\/malatyareport.com.tr\\\/#\\\/schema\\\/person\\\/93146d94af76b792b58ac78050cc6da7\",\"name\":\"Timur \u0130nce\",\"image\":{\"@type\":\"ImageObject\",\"inLanguage\":\"tr\",\"@id\":\"https:\\\/\\\/secure.gravatar.com\\\/avatar\\\/e5ce118bd86e5549ff544e7c5b614da198ecaa7f8e9398b55d27ae1f117511d8?s=96&d=mm&r=g\",\"url\":\"https:\\\/\\\/secure.gravatar.com\\\/avatar\\\/e5ce118bd86e5549ff544e7c5b614da198ecaa7f8e9398b55d27ae1f117511d8?s=96&d=mm&r=g\",\"contentUrl\":\"https:\\\/\\\/secure.gravatar.com\\\/avatar\\\/e5ce118bd86e5549ff544e7c5b614da198ecaa7f8e9398b55d27ae1f117511d8?s=96&d=mm&r=g\",\"caption\":\"Timur \u0130nce\"},\"description\":\"Zaman\u0131n ruhunda bir damla m\u00fcrekkep olmay\u0131 isterdim. Bir damla m\u00fcrekkep bir ulusun kaderini yazmaya yeterlidir.\",\"sameAs\":[\"https:\\\/\\\/malatyareport.com.tr\",\"https:\\\/\\\/www.facebook.com\\\/timurince\",\"@timur_ince_t5_\",\"https:\\\/\\\/x.com\\\/@timurince11\"],\"url\":\"https:\\\/\\\/malatyareport.com.tr\\\/index.php\\\/author\\\/admin_6i9yniox\\\/\"}]}<\/script>\n<!-- \/ Yoast SEO plugin. -->","yoast_head_json":{"title":"\u00d6\u011fretmen D\u00f6vmenin Siyasette ki Kar\u015f\u0131l\u0131\u011f\u0131 Yok! - Malatya Report","robots":{"index":"index","follow":"follow","max-snippet":"max-snippet:-1","max-image-preview":"max-image-preview:large","max-video-preview":"max-video-preview:-1"},"canonical":"https:\/\/malatyareport.com.tr\/index.php\/2026\/03\/17\/ogretmen-dovmenin-siyasette-ki-karsiligi-yok\/","og_locale":"tr_TR","og_type":"article","og_title":"\u00d6\u011fretmen D\u00f6vmenin Siyasette ki Kar\u015f\u0131l\u0131\u011f\u0131 Yok! - Malatya Report","og_description":"Ku\u015fkusuz Malatya Kanguru okullar\u0131nda Esenlik genel M\u00fcd\u00fcr\u00fc Veysel Tay\u2019\u0131n e\u015finin okul i\u00e7erisinde bir kad\u0131n \u00f6\u011fretmene kameralar \u00f6n\u00fcnde uygulad\u0131\u011f\u0131 \u015fiddetti t\u00fcm T\u00fcrkiye bir hafta boyunca konu\u015ftu.&nbsp;&#8230;","og_url":"https:\/\/malatyareport.com.tr\/index.php\/2026\/03\/17\/ogretmen-dovmenin-siyasette-ki-karsiligi-yok\/","og_site_name":"Malatya Report","article_author":"https:\/\/www.facebook.com\/timurince","article_published_time":"2026-03-17T10:54:52+00:00","article_modified_time":"2026-03-17T11:13:55+00:00","og_image":[{"url":"https:\/\/malatyareport.com.tr\/wp-content\/uploads\/2026\/03\/4D8A9732-05D1-4EA3-9617-751A6BBF6A01.jpeg","type":"","width":"","height":""}],"author":"Timur \u0130nce","twitter_card":"summary_large_image","twitter_creator":"@timurince11","twitter_misc":{"Yazan:":"Timur \u0130nce","Tahmini okuma s\u00fcresi":"6 dakika"},"schema":{"@context":"https:\/\/schema.org","@graph":[{"@type":"Article","@id":"https:\/\/malatyareport.com.tr\/index.php\/2026\/03\/17\/ogretmen-dovmenin-siyasette-ki-karsiligi-yok\/#article","isPartOf":{"@id":"https:\/\/malatyareport.com.tr\/index.php\/2026\/03\/17\/ogretmen-dovmenin-siyasette-ki-karsiligi-yok\/"},"author":{"name":"Timur \u0130nce","@id":"https:\/\/malatyareport.com.tr\/#\/schema\/person\/93146d94af76b792b58ac78050cc6da7"},"headline":"\u00d6\u011fretmen D\u00f6vmenin Siyasette ki Kar\u015f\u0131l\u0131\u011f\u0131 Yok!","datePublished":"2026-03-17T10:54:52+00:00","dateModified":"2026-03-17T11:13:55+00:00","mainEntityOfPage":{"@id":"https:\/\/malatyareport.com.tr\/index.php\/2026\/03\/17\/ogretmen-dovmenin-siyasette-ki-karsiligi-yok\/"},"wordCount":1217,"commentCount":0,"image":{"@id":"https:\/\/malatyareport.com.tr\/index.php\/2026\/03\/17\/ogretmen-dovmenin-siyasette-ki-karsiligi-yok\/#primaryimage"},"thumbnailUrl":"https:\/\/malatyareport.com.tr\/wp-content\/uploads\/2026\/03\/4D8A9732-05D1-4EA3-9617-751A6BBF6A01.jpeg","articleSection":["K\u00f6\u015fe Yaz\u0131lar\u0131"],"inLanguage":"tr","potentialAction":[{"@type":"CommentAction","name":"Comment","target":["https:\/\/malatyareport.com.tr\/index.php\/2026\/03\/17\/ogretmen-dovmenin-siyasette-ki-karsiligi-yok\/#respond"]}]},{"@type":"WebPage","@id":"https:\/\/malatyareport.com.tr\/index.php\/2026\/03\/17\/ogretmen-dovmenin-siyasette-ki-karsiligi-yok\/","url":"https:\/\/malatyareport.com.tr\/index.php\/2026\/03\/17\/ogretmen-dovmenin-siyasette-ki-karsiligi-yok\/","name":"\u00d6\u011fretmen D\u00f6vmenin Siyasette ki Kar\u015f\u0131l\u0131\u011f\u0131 Yok! - Malatya Report","isPartOf":{"@id":"https:\/\/malatyareport.com.tr\/#website"},"primaryImageOfPage":{"@id":"https:\/\/malatyareport.com.tr\/index.php\/2026\/03\/17\/ogretmen-dovmenin-siyasette-ki-karsiligi-yok\/#primaryimage"},"image":{"@id":"https:\/\/malatyareport.com.tr\/index.php\/2026\/03\/17\/ogretmen-dovmenin-siyasette-ki-karsiligi-yok\/#primaryimage"},"thumbnailUrl":"https:\/\/malatyareport.com.tr\/wp-content\/uploads\/2026\/03\/4D8A9732-05D1-4EA3-9617-751A6BBF6A01.jpeg","datePublished":"2026-03-17T10:54:52+00:00","dateModified":"2026-03-17T11:13:55+00:00","author":{"@id":"https:\/\/malatyareport.com.tr\/#\/schema\/person\/93146d94af76b792b58ac78050cc6da7"},"breadcrumb":{"@id":"https:\/\/malatyareport.com.tr\/index.php\/2026\/03\/17\/ogretmen-dovmenin-siyasette-ki-karsiligi-yok\/#breadcrumb"},"inLanguage":"tr","potentialAction":[{"@type":"ReadAction","target":["https:\/\/malatyareport.com.tr\/index.php\/2026\/03\/17\/ogretmen-dovmenin-siyasette-ki-karsiligi-yok\/"]}]},{"@type":"ImageObject","inLanguage":"tr","@id":"https:\/\/malatyareport.com.tr\/index.php\/2026\/03\/17\/ogretmen-dovmenin-siyasette-ki-karsiligi-yok\/#primaryimage","url":"https:\/\/i0.wp.com\/malatyareport.com.tr\/wp-content\/uploads\/2026\/03\/4D8A9732-05D1-4EA3-9617-751A6BBF6A01.jpeg?fit=796%2C874&ssl=1","contentUrl":"https:\/\/i0.wp.com\/malatyareport.com.tr\/wp-content\/uploads\/2026\/03\/4D8A9732-05D1-4EA3-9617-751A6BBF6A01.jpeg?fit=796%2C874&ssl=1","width":796,"height":874},{"@type":"BreadcrumbList","@id":"https:\/\/malatyareport.com.tr\/index.php\/2026\/03\/17\/ogretmen-dovmenin-siyasette-ki-karsiligi-yok\/#breadcrumb","itemListElement":[{"@type":"ListItem","position":1,"name":"Anasayfa","item":"https:\/\/malatyareport.com.tr\/"},{"@type":"ListItem","position":2,"name":"\u00d6\u011fretmen D\u00f6vmenin Siyasette ki Kar\u015f\u0131l\u0131\u011f\u0131 Yok!"}]},{"@type":"WebSite","@id":"https:\/\/malatyareport.com.tr\/#website","url":"https:\/\/malatyareport.com.tr\/","name":"Malatya Report","description":"","potentialAction":[{"@type":"SearchAction","target":{"@type":"EntryPoint","urlTemplate":"https:\/\/malatyareport.com.tr\/?s={search_term_string}"},"query-input":{"@type":"PropertyValueSpecification","valueRequired":true,"valueName":"search_term_string"}}],"inLanguage":"tr"},{"@type":"Person","@id":"https:\/\/malatyareport.com.tr\/#\/schema\/person\/93146d94af76b792b58ac78050cc6da7","name":"Timur \u0130nce","image":{"@type":"ImageObject","inLanguage":"tr","@id":"https:\/\/secure.gravatar.com\/avatar\/e5ce118bd86e5549ff544e7c5b614da198ecaa7f8e9398b55d27ae1f117511d8?s=96&d=mm&r=g","url":"https:\/\/secure.gravatar.com\/avatar\/e5ce118bd86e5549ff544e7c5b614da198ecaa7f8e9398b55d27ae1f117511d8?s=96&d=mm&r=g","contentUrl":"https:\/\/secure.gravatar.com\/avatar\/e5ce118bd86e5549ff544e7c5b614da198ecaa7f8e9398b55d27ae1f117511d8?s=96&d=mm&r=g","caption":"Timur \u0130nce"},"description":"Zaman\u0131n ruhunda bir damla m\u00fcrekkep olmay\u0131 isterdim. Bir damla m\u00fcrekkep bir ulusun kaderini yazmaya yeterlidir.","sameAs":["https:\/\/malatyareport.com.tr","https:\/\/www.facebook.com\/timurince","@timur_ince_t5_","https:\/\/x.com\/@timurince11"],"url":"https:\/\/malatyareport.com.tr\/index.php\/author\/admin_6i9yniox\/"}]}},"jetpack_featured_media_url":"","jetpack_sharing_enabled":true,"_links":{"self":[{"href":"https:\/\/malatyareport.com.tr\/index.php\/wp-json\/wp\/v2\/posts\/940","targetHints":{"allow":["GET"]}}],"collection":[{"href":"https:\/\/malatyareport.com.tr\/index.php\/wp-json\/wp\/v2\/posts"}],"about":[{"href":"https:\/\/malatyareport.com.tr\/index.php\/wp-json\/wp\/v2\/types\/post"}],"author":[{"embeddable":true,"href":"https:\/\/malatyareport.com.tr\/index.php\/wp-json\/wp\/v2\/users\/1"}],"replies":[{"embeddable":true,"href":"https:\/\/malatyareport.com.tr\/index.php\/wp-json\/wp\/v2\/comments?post=940"}],"version-history":[{"count":8,"href":"https:\/\/malatyareport.com.tr\/index.php\/wp-json\/wp\/v2\/posts\/940\/revisions"}],"predecessor-version":[{"id":954,"href":"https:\/\/malatyareport.com.tr\/index.php\/wp-json\/wp\/v2\/posts\/940\/revisions\/954"}],"wp:attachment":[{"href":"https:\/\/malatyareport.com.tr\/index.php\/wp-json\/wp\/v2\/media?parent=940"}],"wp:term":[{"taxonomy":"category","embeddable":true,"href":"https:\/\/malatyareport.com.tr\/index.php\/wp-json\/wp\/v2\/categories?post=940"},{"taxonomy":"post_tag","embeddable":true,"href":"https:\/\/malatyareport.com.tr\/index.php\/wp-json\/wp\/v2\/tags?post=940"}],"curies":[{"name":"wp","href":"https:\/\/api.w.org\/{rel}","templated":true}]}}